{"id":4028,"date":"2026-02-18T10:50:43","date_gmt":"2026-02-18T07:50:43","guid":{"rendered":"https:\/\/www.cigdemguven.com\/?p=4028"},"modified":"2026-02-24T00:53:38","modified_gmt":"2026-02-23T21:53:38","slug":"enerji-artik-bir-sektor-degil-stratejik-guctur","status":"publish","type":"post","link":"https:\/\/www.cigdemguven.com\/tr\/yazilar\/enerji-artik-bir-sektor-degil-stratejik-guctur\/","title":{"rendered":"Enerji Art\u0131k Bir Sekt\u00f6r De\u011fil, Stratejik G\u00fc\u00e7t\u00fcr"},"content":{"rendered":"<p>{&#8220;main-title&#8221;:{&#8220;component&#8221;:&#8221;hc_title&#8221;,&#8221;id&#8221;:&#8221;main-title&#8221;,&#8221;title&#8221;:&#8221;&#8221;,&#8221;subtitle&#8221;:&#8221;&#8221;,&#8221;title_content&#8221;:{&#8220;component&#8221;:&#8221;hc_title_empty&#8221;,&#8221;id&#8221;:&#8221;title-empty&#8221;}},&#8221;section_QvNqz&#8221;:{&#8220;component&#8221;:&#8221;hc_section&#8221;,&#8221;id&#8221;:&#8221;section_QvNqz&#8221;,&#8221;section_width&#8221;:&#8221;&#8221;,&#8221;animation&#8221;:&#8221;&#8221;,&#8221;animation_time&#8221;:&#8221;&#8221;,&#8221;timeline_animation&#8221;:&#8221;&#8221;,&#8221;timeline_delay&#8221;:&#8221;&#8221;,&#8221;timeline_order&#8221;:&#8221;&#8221;,&#8221;vertical_row&#8221;:&#8221;&#8221;,&#8221;css_classes&#8221;:&#8221;section-color no-padding-bottom no-padding-top &#8220;,&#8221;custom_css_classes&#8221;:&#8221;containerblog&#8221;,&#8221;custom_css_styles&#8221;:&#8221;&#8221;,&#8221;section_content&#8221;:[{&#8220;component&#8221;:&#8221;hc_column&#8221;,&#8221;id&#8221;:&#8221;P1FCZ&#8221;,&#8221;column_width&#8221;:&#8221;col-md-12&#8243;,&#8221;animation&#8221;:&#8221;&#8221;,&#8221;animation_time&#8221;:&#8221;&#8221;,&#8221;timeline_animation&#8221;:&#8221;&#8221;,&#8221;timeline_delay&#8221;:&#8221;&#8221;,&#8221;timeline_order&#8221;:&#8221;&#8221;,&#8221;css_classes&#8221;:&#8221;boxed-area align-items-center &#8220;,&#8221;custom_css_classes&#8221;:&#8221;&#8221;,&#8221;custom_css_styles&#8221;:&#8221;&#8221;,&#8221;main_content&#8221;:[{&#8220;component&#8221;:&#8221;hc_title_tag&#8221;,&#8221;id&#8221;:&#8221;5ZtkF&#8221;,&#8221;css_classes&#8221;:&#8221;&#8221;,&#8221;custom_css_classes&#8221;:&#8221;&#8221;,&#8221;custom_css_styles&#8221;:&#8221;&#8221;,&#8221;text&#8221;:&#8221;Enerji Art\u0131k Bir Sekt\u00f6r De\u011fil, Stratejik G\u00fc\u00e7t\u00fcr&#8221;,&#8221;tag&#8221;:&#8221;h1&#8243;},{&#8220;component&#8221;:&#8221;hc_image_box&#8221;,&#8221;id&#8221;:&#8221;P92Nk&#8221;,&#8221;css_classes&#8221;:&#8221;&#8221;,&#8221;custom_css_classes&#8221;:&#8221;&#8221;,&#8221;custom_css_styles&#8221;:&#8221;&#8221;,&#8221;image&#8221;:&#8221;https:\/\/www.cigdemguven.com\/medias\/2026\/02\/cigdem-guven-enerji-sektoru.jpg|712|1024|4029&#8243;,&#8221;link_type&#8221;:&#8221;lightbox&#8221;,&#8221;lightbox_animation&#8221;:&#8221;&#8221;,&#8221;caption&#8221;:&#8221;Enerji Art\u0131k Bir Sekt\u00f6r De\u011fil, Stratejik G\u00fc\u00e7t\u00fcr&#8221;,&#8221;inner_caption&#8221;:false,&#8221;new_window&#8221;:false,&#8221;link&#8221;:&#8221;https:\/\/www.cigdemguven.com\/medias\/2026\/02\/cigdem-guven-enerji-sektoru.jpg&#8221;,&#8221;link_content&#8221;:[],&#8221;lightbox_size&#8221;:&#8221;&#8221;,&#8221;scrollbox&#8221;:false,&#8221;icon&#8221;:&#8221;&#8221;,&#8221;image_animation&#8221;:&#8221;&#8221;,&#8221;icon_animation&#8221;:&#8221;&#8221;,&#8221;thumb_size&#8221;:&#8221;full&#8221;,&#8221;icon_hidden&#8221;:true,&#8221;caption_img_box&#8221;:&#8221;&#8221;,&#8221;alt&#8221;:&#8221;&#8221;}]}],&#8221;section_settings&#8221;:&#8221;&#8221;},&#8221;section_aSGAU&#8221;:{&#8220;component&#8221;:&#8221;hc_section&#8221;,&#8221;id&#8221;:&#8221;section_aSGAU&#8221;,&#8221;section_width&#8221;:&#8221;&#8221;,&#8221;animation&#8221;:&#8221;&#8221;,&#8221;animation_time&#8221;:&#8221;&#8221;,&#8221;timeline_animation&#8221;:&#8221;&#8221;,&#8221;timeline_delay&#8221;:&#8221;&#8221;,&#8221;timeline_order&#8221;:&#8221;&#8221;,&#8221;vertical_row&#8221;:&#8221;&#8221;,&#8221;css_classes&#8221;:&#8221;no-padding-bottom no-padding-top &#8220;,&#8221;custom_css_classes&#8221;:&#8221;blogtext&#8221;,&#8221;custom_css_styles&#8221;:&#8221;&#8221;,&#8221;section_content&#8221;:[{&#8220;component&#8221;:&#8221;hc_column&#8221;,&#8221;id&#8221;:&#8221;column_0qrhK&#8221;,&#8221;column_width&#8221;:&#8221;col-md-12&#8243;,&#8221;animation&#8221;:&#8221;&#8221;,&#8221;animation_time&#8221;:&#8221;&#8221;,&#8221;timeline_animation&#8221;:&#8221;&#8221;,&#8221;timeline_delay&#8221;:&#8221;&#8221;,&#8221;timeline_order&#8221;:&#8221;&#8221;,&#8221;css_classes&#8221;:&#8221;&#8221;,&#8221;custom_css_classes&#8221;:&#8221;&#8221;,&#8221;custom_css_styles&#8221;:&#8221;&#8221;,&#8221;main_content&#8221;:[{&#8220;component&#8221;:&#8221;hc_wp_editor&#8221;,&#8221;id&#8221;:&#8221;gE6EW&#8221;,&#8221;css_classes&#8221;:&#8221;&#8221;,&#8221;custom_css_classes&#8221;:&#8221;&#8221;,&#8221;custom_css_styles&#8221;:&#8221;&#8221;,&#8221;editor_content&#8221;:&#8221;Enerji sekt\u00f6r\u00fc 2025 itibar\u0131yla T\u00fcrkiye ekonomisinin en stratejik alanlar\u0131ndan biri olmaya devam ediyor. Artan elektrik talebi, b\u00fcy\u00fcyen ekonomi, elektrifikasyon s\u00fcreci ve k\u00fcresel enerji d\u00f6n\u00fc\u015f\u00fcm\u00fc bu sekt\u00f6r\u00fc sadece bir \u00fcretim alan\u0131 olmaktan \u00e7\u0131kar\u0131p makro ekonomik denge unsuru haline getiriyor.\\n\\n2025 y\u0131l\u0131 \u00f6nc\u00fc g\u00f6stergeleri \u0131\u015f\u0131\u011f\u0131nda T\u00fcrkiye\u2019nin d\u0131\u015f ticaret verileri de bu tabloyu destekliyor. \u0130hracat bir \u00f6nceki y\u0131la g\u00f6re artarak 273 milyar 361 milyon dolar seviyesine ula\u015f\u0131rken, ithalat 365 milyar 370 milyon dolar olarak ger\u00e7ekle\u015fti. Yakla\u015f\u0131k 92 milyar dolar band\u0131ndaki d\u0131\u015f ticaret a\u00e7\u0131\u011f\u0131n\u0131n en \u00f6nemli bile\u015fenlerinden biri enerji ithalat\u0131 olmaya devam ediyor. Bu nedenle enerji alan\u0131nda at\u0131lan her yerli \u00fcretim ve yenilenebilir kapasite ad\u0131m\u0131, yaln\u0131zca sekt\u00f6rel de\u011fil makro ekonomik bir iyile\u015ftirme anlam\u0131 ta\u015f\u0131yor. Enerji yat\u0131r\u0131m\u0131 ayn\u0131 zamanda cari a\u00e7\u0131k y\u00f6netimi arac\u0131d\u0131r.\\n\\nFosil yak\u0131tlar h\u00e2l\u00e2 sistemin s\u00fcreklili\u011fini sa\u011flayan temel kaynak konumunda. Do\u011falgaz ve di\u011fer fosil yak\u0131tlar, ge\u00e7i\u015f s\u00fcrecinde enerji arz g\u00fcvenli\u011finin teminat\u0131 olarak varl\u0131\u011f\u0131n\u0131 s\u00fcrd\u00fcr\u00fcyor. Bu nedenle \u201cge\u00e7i\u015f d\u00f6nemi enerjisi\u201d olarak ge\u00e7erliliklerini koruyorlar. Ancak bir\u00e7ok fosil yak\u0131t \u00fcreticisi \u015firket faaliyet k\u00e2rl\u0131l\u0131\u011f\u0131nda zorlan\u0131yor; maliyet bask\u0131s\u0131 ve finansmana eri\u015fim ko\u015fullar\u0131 k\u00e2rl\u0131l\u0131\u011f\u0131 s\u0131n\u0131rl\u0131yor. Bankalar s\u00fcrd\u00fcr\u00fclebilirlik kriterleri \u00e7er\u00e7evesinde fosil yak\u0131t projelerine daha se\u00e7ici yakla\u015fsa da, arz g\u00fcvenli\u011fi nedeniyle bu alan tamamen d\u0131\u015flanm\u0131\u015f de\u011fil. Ge\u00e7i\u015f s\u00fcreci boyunca fosil yak\u0131tlar desteklenmeye devam edecek, ancak finansal ve \u00e7evresel disiplinle y\u00f6netilmek zorunda.\\n\\nYenilenebilir enerji taraf\u0131nda ise T\u00fcrkiye g\u00fc\u00e7l\u00fc bir konumda. Elektrik \u00fcretiminin yakla\u015f\u0131k %43\u201346\u2019s\u0131 yenilenebilir kaynaklardan kar\u015f\u0131lan\u0131yor; bu oran d\u00fcnya ortalamas\u0131n\u0131n \u00fczerinde. R\u00fczg\u00e2r ve g\u00fcne\u015f enerjisi yat\u0131r\u0131mlar\u0131 h\u0131zla art\u0131yor. G\u00fcne\u015f enerjisinde mevcut kapasitenin orta vadede \u00e7ok daha yukar\u0131 seviyelere ta\u015f\u0131nmas\u0131 hedefleniyor. Do\u011falgaza k\u0131yasla yakla\u015f\u0131k %30\u2019a varan maliyet avantaj\u0131, yenilenebilir projeleri finansal a\u00e7\u0131dan cazip hale getiriyor. Bankalar yenilenebilir enerji finansman\u0131nda olduk\u00e7a istekli; s\u00fcrd\u00fcr\u00fclebilirlik kriterleri \u00e7er\u00e7evesinde kaynak \u00f6nceliklendirmesi yap\u0131l\u0131yor. Bu durum sekt\u00f6r\u00fcn \u00f6n\u00fcn\u00fc a\u00e7an en \u00f6nemli finansal kald\u0131ra\u00e7lardan biri.\\n\\nAncak yenilenebilir enerjide temel sorun s\u00fcreklilik. R\u00fczg\u00e2r ve g\u00fcne\u015f do\u011fas\u0131 gere\u011fi kesintili \u00fcretim yap\u0131yor. Depolama altyap\u0131s\u0131 hen\u00fcz yeterli de\u011fil. B\u00fcy\u00fck \u00f6l\u00e7ekli batarya yat\u0131r\u0131mlar\u0131n\u0131n h\u0131zlanmas\u0131, hem mevcut hem de yeni lisans paketlerinde depolama \u015fart\u0131n\u0131n sistematik \u015fekilde yer almas\u0131 gerekiyor. Hibrit sistemlerin yayg\u0131nla\u015fmas\u0131 \u00fcretim s\u00fcreklili\u011fi a\u00e7\u0131s\u0131ndan kritik. Aksi halde artan kapasite, \u015febeke \u00fczerinde dengesizlik riski yaratabilir. Enerji d\u00f6n\u00fc\u015f\u00fcm\u00fc yaln\u0131zca kapasite art\u0131r\u0131m\u0131 de\u011fil, sistem mimarisi tasar\u0131m\u0131d\u0131r.\\n\\n\u0130zin s\u00fcre\u00e7leri ve \u015febeke ba\u011flant\u0131 onaylar\u0131 sekt\u00f6r\u00fcn en \u00f6nemli darbo\u011fazlar\u0131ndan biri. 4\u20136 y\u0131l\u0131 bulan ba\u011flant\u0131 izinleri yat\u0131r\u0131m planlamas\u0131n\u0131 zorla\u015ft\u0131r\u0131yor. 2036\u2019ya kadar planlanan s\u00fcre\u00e7lerde daha erken vade yap\u0131land\u0131rmalar\u0131 yap\u0131lmas\u0131, sekt\u00f6r\u00fcn finansman aya\u011f\u0131n\u0131 ciddi \u00f6l\u00e7\u00fcde rahatlatacakt\u0131r. Yap-i\u015flet-devret modellerinde kredi vade uyumsuzlu\u011fu da y\u00f6netilmesi gereken temel konulardan biridir. Enerji projelerinde finansal mimari do\u011fru kurulmad\u0131\u011f\u0131nda, yat\u0131r\u0131m\u0131n s\u00fcrd\u00fcr\u00fclebilirli\u011fi risk alt\u0131na girer. Bu sekt\u00f6r iyi y\u00f6netiliyor; ancak iyi y\u00f6netim, do\u011fru vade planlamas\u0131 ve risk da\u011f\u0131l\u0131m\u0131 ile kal\u0131c\u0131 hale gelir.\\n\\nElektrifikasyon s\u00fcreci talep taraf\u0131nda g\u00fc\u00e7l\u00fc bir d\u00f6n\u00fc\u015f\u00fcm yarat\u0131yor. Ge\u00e7mi\u015fte enerji talebi a\u011f\u0131rl\u0131kl\u0131 olarak \u00e7imento ve demir-\u00e7elik gibi a\u011f\u0131r sanayi kaynakl\u0131yken, bug\u00fcn tablo de\u011fi\u015fiyor. Elektrikli ara\u00e7lar, iklim de\u011fi\u015fikli\u011fi nedeniyle artan so\u011futma ihtiyac\u0131, veri merkezleri ve dijital altyap\u0131lar yeni talep alanlar\u0131 olarak \u00f6ne \u00e7\u0131k\u0131yor. D\u00fcnyada elektrifikasyon oran\u0131 yakla\u015f\u0131k %32 seviyesindeyken T\u00fcrkiye\u2019de bu oran %43 civar\u0131nda. Bu, T\u00fcrkiye\u2019nin enerji d\u00f6n\u00fc\u015f\u00fcm\u00fcnde talep taraf\u0131nda da g\u00fc\u00e7l\u00fc bir dinamizm ta\u015f\u0131d\u0131\u011f\u0131n\u0131 g\u00f6steriyor.\\n\\n\u0130klim Yasas\u0131\u2019n\u0131n y\u00fcr\u00fcrl\u00fc\u011fe girmesiyle birlikte \u015firketler finansal olarak yeni bir d\u00f6neme girdi. Karbon maliyetleri, emisyon y\u00fck\u00fcml\u00fcl\u00fckleri ve s\u00fcrd\u00fcr\u00fclebilirlik kriterleri \u015firket de\u011ferlemelerinde belirleyici olacak. \u015eirketler art\u0131k yaln\u0131zca bilan\u00e7o performans\u0131yla de\u011fil, karbon ayak izi ve d\u00f6n\u00fc\u015f\u00fcm planlar\u0131yla da \u00f6l\u00e7\u00fclecek. Finansman maliyetleri, s\u00fcrd\u00fcr\u00fclebilirlik skorlar\u0131yla do\u011frudan ba\u011flant\u0131l\u0131 hale geliyor.\\n\\nEnerji sekt\u00f6r\u00fc T\u00fcrkiye a\u00e7\u0131s\u0131ndan yaln\u0131zca ithalat kalemi de\u011fil; ayn\u0131 zamanda g\u00fc\u00e7l\u00fc bir ihracat potansiyelidir. Yenilenebilir enerji ekipman \u00fcretimi, m\u00fchendislik hizmetleri, proje geli\u015ftirme kabiliyeti ve m\u00fcteahhitlik deneyimi T\u00fcrkiye\u2019yi b\u00f6lgesel bir oyuncu konumuna ta\u015f\u0131yor. R\u00fczg\u00e2r t\u00fcrbini komponentleri, g\u00fcne\u015f paneli \u00fcretimi ve enerji altyap\u0131 m\u00fchendisli\u011fi alan\u0131nda ihracat art\u0131\u015f potansiyeli y\u00fcksek. Ayr\u0131ca s\u0131n\u0131r \u00f6tesi elektrik ticareti ve b\u00f6lgesel enerji entegrasyonu T\u00fcrkiye\u2019yi enerji koridoru rol\u00fcne yakla\u015ft\u0131r\u0131yor. Yenilenebilir kapasitenin artmas\u0131, uzun vadede elektrik ihracat\u0131 ve ye\u015fil sertifika ticareti \u00fczerinden d\u00f6viz kazand\u0131r\u0131c\u0131 bir model olu\u015fturabilir. Bu y\u00f6n\u00fcyle enerji sekt\u00f6r\u00fc, sadece cari a\u00e7\u0131\u011f\u0131 azaltan de\u011fil, ihracat kompozisyonunu d\u00f6n\u00fc\u015ft\u00fcren bir stratejik ara\u00e7t\u0131r.\\n\\nElektrik iletim ve da\u011f\u0131t\u0131m \u015febekesinde yat\u0131r\u0131m ihtiyac\u0131 olduk\u00e7a y\u00fcksek. Artan \u00fcretim kapasitesi ve talep art\u0131\u015f\u0131, altyap\u0131 modernizasyonunu zorunlu k\u0131l\u0131yor. Enerji art\u0131k yaln\u0131zca \u00fcretim yat\u0131r\u0131m\u0131 de\u011fil; iletim, depolama, dijital \u015febeke ve veri altyap\u0131s\u0131 yat\u0131r\u0131m\u0131 demek.\\n\\nBug\u00fcn geldi\u011fimiz noktada T\u00fcrkiye enerji sekt\u00f6r\u00fcnde g\u00fc\u00e7l\u00fc bir performans sergiliyor. Finansman eri\u015fimi mevcut, bankalar istekli, reg\u00fclasyon altyap\u0131s\u0131 sa\u011flam, yat\u0131r\u0131m i\u015ftah\u0131 y\u00fcksek. Ancak bu bir d\u00f6n\u00fc\u015f\u00fcm de\u011fil; bir ge\u00e7i\u015f s\u00fcreci. Fosil yak\u0131tlar tamamen devreden \u00e7\u0131km\u0131\u015f de\u011fil, yenilenebilir enerji ise agresif b\u00fcy\u00fcyor ama s\u00fcreklilik ve depolama ihtiyac\u0131 devam ediyor. Stratejik olan, bu ge\u00e7i\u015fi finansal disiplin, teknolojik yat\u0131r\u0131m ve altyap\u0131 planlamas\u0131yla dengeli bi\u00e7imde y\u00f6netebilmek.\\n\\nEnerji art\u0131k yaln\u0131zca bir sekt\u00f6r de\u011fildir. Enerji; b\u00fcy\u00fcmenin finansman\u0131, cari a\u00e7\u0131\u011f\u0131n y\u00f6netimi, ihracat kapasitesinin d\u00f6n\u00fc\u015f\u00fcm\u00fc ve jeopolitik g\u00fcc\u00fcn yeniden tan\u0131mlanmas\u0131d\u0131r. Do\u011fru finansman yap\u0131s\u0131, g\u00fc\u00e7l\u00fc reg\u00fclasyon ve teknoloji yat\u0131r\u0131m\u0131 ile T\u00fcrkiye, enerji alan\u0131nda b\u00f6lgesel bir \u00fcretim ve ihracat \u00fcss\u00fc olabilir. Bu s\u00fcreci do\u011fru y\u00f6netenler, yaln\u0131zca enerji \u00fcretmeyecek; ekonomik istikrar\u0131 ve rekabet avantaj\u0131n\u0131 da in\u015fa edecek.&#8221;}]},{&#8220;component&#8221;:&#8221;hc_column&#8221;,&#8221;id&#8221;:&#8221;column_7aIP1&#8243;,&#8221;column_width&#8221;:&#8221;col-md-12&#8243;,&#8221;animation&#8221;:&#8221;&#8221;,&#8221;animation_time&#8221;:&#8221;&#8221;,&#8221;timeline_animation&#8221;:&#8221;&#8221;,&#8221;timeline_delay&#8221;:&#8221;&#8221;,&#8221;timeline_order&#8221;:&#8221;&#8221;,&#8221;css_classes&#8221;:&#8221;&#8221;,&#8221;custom_css_classes&#8221;:&#8221;socialbox&#8221;,&#8221;custom_css_styles&#8221;:&#8221;&#8221;,&#8221;main_content&#8221;:[{&#8220;component&#8221;:&#8221;hc_space&#8221;,&#8221;id&#8221;:&#8221;Hdg76&#8243;,&#8221;css_classes&#8221;:&#8221;&#8221;,&#8221;custom_css_classes&#8221;:&#8221;&#8221;,&#8221;custom_css_styles&#8221;:&#8221;&#8221;,&#8221;size&#8221;:&#8221;space-sm&#8221;,&#8221;height&#8221;:&#8221;&#8221;},{&#8220;component&#8221;:&#8221;hc_text_block&#8221;,&#8221;id&#8221;:&#8221;zmr0F&#8221;,&#8221;css_classes&#8221;:&#8221;&#8221;,&#8221;custom_css_classes&#8221;:&#8221;&#8221;,&#8221;custom_css_styles&#8221;:&#8221;&#8221;,&#8221;content&#8221;:&#8221;Payla\u015f:&#8221;},{&#8220;component&#8221;:&#8221;hc_social_share_buttons&#8221;,&#8221;id&#8221;:&#8221;P7L30&#8243;,&#8221;css_classes&#8221;:&#8221;&#8221;,&#8221;custom_css_classes&#8221;:&#8221;&#8221;,&#8221;custom_css_styles&#8221;:&#8221;&#8221;,&#8221;style&#8221;:&#8221;icon-links-button&#8221;,&#8221;size&#8221;:&#8221;&#8221;,&#8221;alignment&#8221;:&#8221;&#8221;,&#8221;type&#8221;:&#8221;&#8221;,&#8221;social_colors&#8221;:true,&#8221;fb&#8221;:true,&#8221;fb_link&#8221;:&#8221;&#8221;,&#8221;tw&#8221;:true,&#8221;tw_link&#8221;:&#8221;&#8221;,&#8221;pi&#8221;:true,&#8221;pi_link&#8221;:&#8221;&#8221;,&#8221;li&#8221;:true,&#8221;li_link&#8221;:&#8221;&#8221;}]}],&#8221;section_settings&#8221;:&#8221;&#8221;},&#8221;section_dDpN7&#8243;:{&#8220;component&#8221;:&#8221;hc_section&#8221;,&#8221;id&#8221;:&#8221;section_dDpN7&#8243;,&#8221;section_width&#8221;:&#8221;&#8221;,&#8221;animation&#8221;:&#8221;&#8221;,&#8221;animation_time&#8221;:&#8221;&#8221;,&#8221;timeline_animation&#8221;:&#8221;&#8221;,&#8221;timeline_delay&#8221;:&#8221;&#8221;,&#8221;timeline_order&#8221;:&#8221;&#8221;,&#8221;vertical_row&#8221;:&#8221;&#8221;,&#8221;css_classes&#8221;:&#8221;section-color &#8220;,&#8221;custom_css_classes&#8221;:&#8221;&#8221;,&#8221;custom_css_styles&#8221;:&#8221;&#8221;,&#8221;section_content&#8221;:[{&#8220;component&#8221;:&#8221;hc_column&#8221;,&#8221;id&#8221;:&#8221;XLZ44&#8243;,&#8221;column_width&#8221;:&#8221;col-md-12&#8243;,&#8221;animation&#8221;:&#8221;&#8221;,&#8221;animation_time&#8221;:&#8221;&#8221;,&#8221;timeline_animation&#8221;:&#8221;&#8221;,&#8221;timeline_delay&#8221;:&#8221;&#8221;,&#8221;timeline_order&#8221;:&#8221;&#8221;,&#8221;css_classes&#8221;:&#8221;&#8221;,&#8221;custom_css_classes&#8221;:&#8221;&#8221;,&#8221;custom_css_styles&#8221;:&#8221;&#8221;,&#8221;main_content&#8221;:[{&#8220;component&#8221;:&#8221;hc_title_tag&#8221;,&#8221;id&#8221;:&#8221;4AoyD&#8221;,&#8221;css_classes&#8221;:&#8221;&#8221;,&#8221;custom_css_classes&#8221;:&#8221;&#8221;,&#8221;custom_css_styles&#8221;:&#8221;&#8221;,&#8221;text&#8221;:&#8221;Son Yaz\u0131lar&#8221;,&#8221;tag&#8221;:&#8221;h2&#8243;},{&#8220;component&#8221;:&#8221;hc_space&#8221;,&#8221;id&#8221;:&#8221;TsAHd&#8221;,&#8221;css_classes&#8221;:&#8221;&#8221;,&#8221;custom_css_classes&#8221;:&#8221;&#8221;,&#8221;custom_css_styles&#8221;:&#8221;&#8221;,&#8221;size&#8221;:&#8221;space&#8221;,&#8221;height&#8221;:&#8221;&#8221;},{&#8220;component&#8221;:&#8221;hc_pt_grid_list&#8221;,&#8221;id&#8221;:&#8221;J9IEW&#8221;,&#8221;css_classes&#8221;:&#8221;&#8221;,&#8221;custom_css_classes&#8221;:&#8221;&#8221;,&#8221;custom_css_styles&#8221;:&#8221;&#8221;,&#8221;post_type_slug&#8221;:&#8221;post&#8221;,&#8221;post_type_category&#8221;:&#8221;yazilar&#8221;,&#8221;column&#8221;:&#8221;2&#8243;,&#8221;column_lg&#8221;:&#8221;2&#8243;,&#8221;column_md&#8221;:&#8221;2&#8243;,&#8221;column_sm&#8221;:&#8221;1&#8243;,&#8221;column_xs&#8221;:&#8221;1&#8243;,&#8221;margins&#8221;:&#8221;&#8221;,&#8221;pag_type&#8221;:&#8221;load_more&#8221;,&#8221;pag_items&#8221;:&#8221;2&#8243;,&#8221;pag_size&#8221;:&#8221;&#8221;,&#8221;pag_animation&#8221;:&#8221;fade-top&#8221;,&#8221;pag_scroll_top&#8221;:false,&#8221;pag_position&#8221;:&#8221;align-center&#8221;,&#8221;pag_button_prev&#8221;:&#8221;&#8221;,&#8221;pag_button_next&#8221;:&#8221;&#8221;,&#8221;lm_lazy&#8221;:false,&#8221;lm_button_text&#8221;:&#8221;Daha Fazla&#8221;,&#8221;box&#8221;:&#8221;blog_top&#8221;,&#8221;boxed&#8221;:true,&#8221;extra&#8221;:false,&#8221;content&#8221;:&#8221;&#8221;,&#8221;title_length&#8221;:&#8221;36&#8243;,&#8221;excerpt_length&#8221;:&#8221;75&#8243;,&#8221;title_size&#8221;:&#8221;text-md&#8221;,&#8221;custom_css&#8221;:&#8221;&#8221;,&#8221;button_text&#8221;:&#8221;&#8221;,&#8221;button_style&#8221;:&#8221;square&#8221;,&#8221;button_dimensions&#8221;:&#8221;btn-lg&#8221;,&#8221;button_animation&#8221;:false,&#8221;button_icon&#8221;:&#8221;&#8221;}]}],&#8221;section_settings&#8221;:&#8221;&#8221;},&#8221;scripts&#8221;:{&#8220;lightbox&#8221;:&#8221;magnific-popup.min.js&#8221;,&#8221;pagination&#8221;:&#8221;pagination.min.js&#8221;},&#8221;css&#8221;:{&#8220;lightbox&#8221;:&#8221;css\/magnific-popup.css&#8221;,&#8221;content_box&#8221;:&#8221;css\/content-box.css&#8221;,&#8221;media_box&#8221;:&#8221;css\/media-box.css&#8221;},&#8221;css_page&#8221;:&#8221;&#8221;,&#8221;template_setting&#8221;:{},&#8221;template_setting_top&#8221;:{},&#8221;page_setting&#8221;:{&#8220;settings&#8221;:[&#8220;lock-mode-off&#8221;]},&#8221;post_type_setting&#8221;:{&#8220;settings&#8221;:{&#8220;image&#8221;:&#8221;https:\/\/www.cigdemguven.com\/medias\/2026\/02\/cigdem-guven-enerji-sektoru.jpg|712|1024|4029&#8243;,&#8221;excerpt&#8221;:&#8221;Enerji sekt\u00f6r\u00fc 2025 itibar\u0131yla T\u00fcrkiye ekonomisinin en stratejik alanlar\u0131ndan biri olmaya devam ediyor. Artan elektrik talebi, b\u00fcy\u00fcyen ekonomi, elektrifikasyon s\u00fcreci ve k\u00fcresel enerji d\u00f6n\u00fc\u015f\u00fcm\u00fc bu sekt\u00f6r\u00fc sadece bir \u00fcretim alan\u0131 olmaktan \u00e7\u0131kar\u0131p makro ekonomik denge unsuru haline getiriyor.\u00a0&#8220;,&#8221;extra_1&#8243;:&#8221;Yaz\u0131&#8221;,&#8221;extra_2&#8243;:&#8221;&#8221;,&#8221;icon&#8221;:{&#8220;icon&#8221;:&#8221;&#8221;,&#8221;icon_style&#8221;:&#8221;&#8221;,&#8221;icon_image&#8221;:&#8221;&#8221;}}}}<\/p>\n","protected":false},"excerpt":{"rendered":"<p>Enerji sekt\u00f6r\u00fc 2025 itibar\u0131yla T\u00fcrkiye ekonomisinin en stratejik alanlar\u0131ndan biri olmaya devam ediyor. Artan elektrik talebi, b\u00fcy\u00fcyen ekonomi, elektrifikasyon s\u00fcreci ve k\u00fcresel enerji d\u00f6n\u00fc\u015f\u00fcm\u00fc bu sekt\u00f6r\u00fc sadece bir \u00fcretim alan\u0131 olmaktan \u00e7\u0131kar\u0131p makro ekonomik denge unsuru haline getiriyor.\u00a0<\/p>\n","protected":false},"author":1,"featured_media":4029,"comment_status":"closed","ping_status":"open","sticky":false,"template":"","format":"standard","meta":{"footnotes":""},"categories":[12,19],"tags":[],"class_list":["post-4028","post","type-post","status-publish","format-standard","has-post-thumbnail","hentry","category-genel","category-yazilar"],"yoast_head":"\n<title>Enerji Art\u0131k Bir Sekt\u00f6r De\u011fil, Stratejik G\u00fc\u00e7t\u00fcr | \u00c7i\u011fdem G\u00fcven Management Consulting &amp; Coaching &amp; Mentoring Services<\/title>\n<meta name=\"robots\" content=\"index, follow, max-snippet:-1, max-image-preview:large, max-video-preview:-1\" \/>\n<link rel=\"canonical\" href=\"https:\/\/www.cigdemguven.com\/tr\/yazilar\/enerji-artik-bir-sektor-degil-stratejik-guctur\/\" \/>\n<meta property=\"og:locale\" content=\"tr_TR\" \/>\n<meta property=\"og:type\" content=\"article\" \/>\n<meta property=\"og:title\" content=\"Enerji Art\u0131k Bir Sekt\u00f6r De\u011fil, Stratejik G\u00fc\u00e7t\u00fcr | \u00c7i\u011fdem G\u00fcven Management Consulting &amp; Coaching &amp; Mentoring Services\" \/>\n<meta property=\"og:description\" content=\"Enerji sekt\u00f6r\u00fc 2025 itibar\u0131yla T\u00fcrkiye ekonomisinin en stratejik alanlar\u0131ndan biri olmaya devam ediyor. Artan elektrik talebi, b\u00fcy\u00fcyen ekonomi, elektrifikasyon s\u00fcreci ve k\u00fcresel enerji d\u00f6n\u00fc\u015f\u00fcm\u00fc bu sekt\u00f6r\u00fc sadece bir \u00fcretim alan\u0131 olmaktan \u00e7\u0131kar\u0131p makro ekonomik denge unsuru haline getiriyor.\u00a0\" \/>\n<meta property=\"og:url\" content=\"https:\/\/www.cigdemguven.com\/tr\/yazilar\/enerji-artik-bir-sektor-degil-stratejik-guctur\/\" \/>\n<meta property=\"og:site_name\" content=\"\u00c7i\u011fdem G\u00fcven Management Consulting &amp; Coaching &amp; Mentoring Services\" \/>\n<meta property=\"article:publisher\" content=\"https:\/\/www.facebook.com\/cigdemguvendanisman\" \/>\n<meta property=\"article:published_time\" content=\"2026-02-18T07:50:43+00:00\" \/>\n<meta property=\"article:modified_time\" content=\"2026-02-23T21:53:38+00:00\" \/>\n<meta property=\"og:image\" content=\"https:\/\/www.cigdemguven.com\/medias\/2026\/02\/cigdem-guven-enerji-sektoru.jpg\" \/>\n\t<meta property=\"og:image:width\" content=\"1024\" \/>\n\t<meta property=\"og:image:height\" content=\"712\" \/>\n\t<meta property=\"og:image:type\" content=\"image\/jpeg\" \/>\n<meta name=\"author\" content=\"\u00c7i\u011fdem G\u00fcven\" \/>\n<meta name=\"twitter:card\" content=\"summary_large_image\" \/>\n<meta name=\"twitter:creator\" content=\"@cigdemguvencom\" \/>\n<meta name=\"twitter:site\" content=\"@cigdemguvencom\" \/>\n<meta name=\"twitter:label1\" content=\"Yazan:\" \/>\n\t<meta name=\"twitter:data1\" content=\"\u00c7i\u011fdem G\u00fcven\" \/>\n\t<meta name=\"twitter:label2\" content=\"Tahmini okuma s\u00fcresi\" \/>\n\t<meta name=\"twitter:data2\" content=\"9 dakika\" \/>\n<script type=\"application\/ld+json\" class=\"yoast-schema-graph\">{\"@context\":\"https:\/\/schema.org\",\"@graph\":[{\"@type\":\"Article\",\"@id\":\"https:\/\/www.cigdemguven.com\/tr\/yazilar\/enerji-artik-bir-sektor-degil-stratejik-guctur\/#article\",\"isPartOf\":{\"@id\":\"https:\/\/www.cigdemguven.com\/tr\/yazilar\/enerji-artik-bir-sektor-degil-stratejik-guctur\/\"},\"author\":{\"name\":\"\u00c7i\u011fdem G\u00fcven\",\"@id\":\"https:\/\/www.cigdemguven.com\/tr\/#\/schema\/person\/abd506d3b37ae4dd04e7393ca6ac5921\"},\"headline\":\"Enerji Art\u0131k Bir Sekt\u00f6r De\u011fil, Stratejik G\u00fc\u00e7t\u00fcr\",\"datePublished\":\"2026-02-18T07:50:43+00:00\",\"dateModified\":\"2026-02-23T21:53:38+00:00\",\"mainEntityOfPage\":{\"@id\":\"https:\/\/www.cigdemguven.com\/tr\/yazilar\/enerji-artik-bir-sektor-degil-stratejik-guctur\/\"},\"wordCount\":1847,\"publisher\":{\"@id\":\"https:\/\/www.cigdemguven.com\/tr\/#organization\"},\"articleSection\":{\"1\":\"Yaz\u0131lar\"},\"inLanguage\":\"tr\"},{\"@type\":\"WebPage\",\"@id\":\"https:\/\/www.cigdemguven.com\/tr\/yazilar\/enerji-artik-bir-sektor-degil-stratejik-guctur\/\",\"url\":\"https:\/\/www.cigdemguven.com\/tr\/yazilar\/enerji-artik-bir-sektor-degil-stratejik-guctur\/\",\"name\":\"Enerji Art\u0131k Bir Sekt\u00f6r De\u011fil, Stratejik G\u00fc\u00e7t\u00fcr | \u00c7i\u011fdem G\u00fcven Management Consulting &amp; Coaching &amp; Mentoring Services\",\"isPartOf\":{\"@id\":\"https:\/\/www.cigdemguven.com\/tr\/#website\"},\"datePublished\":\"2026-02-18T07:50:43+00:00\",\"dateModified\":\"2026-02-23T21:53:38+00:00\",\"breadcrumb\":{\"@id\":\"https:\/\/www.cigdemguven.com\/tr\/yazilar\/enerji-artik-bir-sektor-degil-stratejik-guctur\/#breadcrumb\"},\"inLanguage\":\"tr\",\"potentialAction\":[{\"@type\":\"ReadAction\",\"target\":[\"https:\/\/www.cigdemguven.com\/tr\/yazilar\/enerji-artik-bir-sektor-degil-stratejik-guctur\/\"]}]},{\"@type\":\"BreadcrumbList\",\"@id\":\"https:\/\/www.cigdemguven.com\/tr\/yazilar\/enerji-artik-bir-sektor-degil-stratejik-guctur\/#breadcrumb\",\"itemListElement\":[{\"@type\":\"ListItem\",\"position\":1,\"name\":\"Home\",\"item\":\"https:\/\/www.cigdemguven.com\/tr\/\"},{\"@type\":\"ListItem\",\"position\":2,\"name\":\"Enerji Art\u0131k Bir Sekt\u00f6r De\u011fil, Stratejik G\u00fc\u00e7t\u00fcr\"}]},{\"@type\":\"WebSite\",\"@id\":\"https:\/\/www.cigdemguven.com\/tr\/#website\",\"url\":\"https:\/\/www.cigdemguven.com\/tr\/\",\"name\":\"\u00c7i\u011fdem G\u00fcven Management Consulting &amp; Coaching &amp; Mentoring Services\",\"description\":\"Management Consulting &amp; Coaching &amp; Mentoring Services\",\"publisher\":{\"@id\":\"https:\/\/www.cigdemguven.com\/tr\/#organization\"},\"potentialAction\":[{\"@type\":\"SearchAction\",\"target\":{\"@type\":\"EntryPoint\",\"urlTemplate\":\"https:\/\/www.cigdemguven.com\/tr\/?s={search_term_string}\"},\"query-input\":\"required name=search_term_string\"}],\"inLanguage\":\"tr\"},{\"@type\":\"Organization\",\"@id\":\"https:\/\/www.cigdemguven.com\/tr\/#organization\",\"name\":\"\u00c7i\u011fdem G\u00fcven Management Consulting & Coaching & Mentoring Services\",\"url\":\"https:\/\/www.cigdemguven.com\/tr\/\",\"logo\":{\"@type\":\"ImageObject\",\"inLanguage\":\"tr\",\"@id\":\"https:\/\/www.cigdemguven.com\/tr\/#\/schema\/logo\/image\/\",\"url\":\"https:\/\/www.cigdemguven.com\/medias\/2021\/12\/cigdem-guven-logo.svg\",\"contentUrl\":\"https:\/\/www.cigdemguven.com\/medias\/2021\/12\/cigdem-guven-logo.svg\",\"width\":1,\"height\":1,\"caption\":\"\u00c7i\u011fdem G\u00fcven Management Consulting & Coaching & Mentoring Services\"},\"image\":{\"@id\":\"https:\/\/www.cigdemguven.com\/tr\/#\/schema\/logo\/image\/\"},\"sameAs\":[\"https:\/\/www.facebook.com\/cigdemguvendanisman\",\"https:\/\/twitter.com\/cigdemguvencom\",\"https:\/\/www.instagram.com\/cigdemguvendanismanlik\/\",\"https:\/\/www.linkedin.com\/in\/cigdemguvendanismanlik\/\"]},{\"@type\":\"Person\",\"@id\":\"https:\/\/www.cigdemguven.com\/tr\/#\/schema\/person\/abd506d3b37ae4dd04e7393ca6ac5921\",\"name\":\"\u00c7i\u011fdem G\u00fcven\",\"sameAs\":[\"https:\/\/www.cigdemguven.com\"],\"url\":\"https:\/\/www.cigdemguven.com\/tr\/author\/cigdemguven\/\"}]}<\/script>\n","yoast_head_json":{"title":"Enerji Art\u0131k Bir Sekt\u00f6r De\u011fil, Stratejik G\u00fc\u00e7t\u00fcr | \u00c7i\u011fdem G\u00fcven Management Consulting &amp; Coaching &amp; Mentoring Services","robots":{"index":"index","follow":"follow","max-snippet":"max-snippet:-1","max-image-preview":"max-image-preview:large","max-video-preview":"max-video-preview:-1"},"canonical":"https:\/\/www.cigdemguven.com\/tr\/yazilar\/enerji-artik-bir-sektor-degil-stratejik-guctur\/","og_locale":"tr_TR","og_type":"article","og_title":"Enerji Art\u0131k Bir Sekt\u00f6r De\u011fil, Stratejik G\u00fc\u00e7t\u00fcr | \u00c7i\u011fdem G\u00fcven Management Consulting &amp; Coaching &amp; Mentoring Services","og_description":"Enerji sekt\u00f6r\u00fc 2025 itibar\u0131yla T\u00fcrkiye ekonomisinin en stratejik alanlar\u0131ndan biri olmaya devam ediyor. Artan elektrik talebi, b\u00fcy\u00fcyen ekonomi, elektrifikasyon s\u00fcreci ve k\u00fcresel enerji d\u00f6n\u00fc\u015f\u00fcm\u00fc bu sekt\u00f6r\u00fc sadece bir \u00fcretim alan\u0131 olmaktan \u00e7\u0131kar\u0131p makro ekonomik denge unsuru haline getiriyor.\u00a0","og_url":"https:\/\/www.cigdemguven.com\/tr\/yazilar\/enerji-artik-bir-sektor-degil-stratejik-guctur\/","og_site_name":"\u00c7i\u011fdem G\u00fcven Management Consulting &amp; Coaching &amp; Mentoring Services","article_publisher":"https:\/\/www.facebook.com\/cigdemguvendanisman","article_published_time":"2026-02-18T07:50:43+00:00","article_modified_time":"2026-02-23T21:53:38+00:00","og_image":[{"width":1024,"height":712,"url":"https:\/\/www.cigdemguven.com\/medias\/2026\/02\/cigdem-guven-enerji-sektoru.jpg","type":"image\/jpeg"}],"author":"\u00c7i\u011fdem G\u00fcven","twitter_card":"summary_large_image","twitter_creator":"@cigdemguvencom","twitter_site":"@cigdemguvencom","twitter_misc":{"Yazan:":"\u00c7i\u011fdem G\u00fcven","Tahmini okuma s\u00fcresi":"9 dakika"},"schema":{"@context":"https:\/\/schema.org","@graph":[{"@type":"Article","@id":"https:\/\/www.cigdemguven.com\/tr\/yazilar\/enerji-artik-bir-sektor-degil-stratejik-guctur\/#article","isPartOf":{"@id":"https:\/\/www.cigdemguven.com\/tr\/yazilar\/enerji-artik-bir-sektor-degil-stratejik-guctur\/"},"author":{"name":"\u00c7i\u011fdem G\u00fcven","@id":"https:\/\/www.cigdemguven.com\/tr\/#\/schema\/person\/abd506d3b37ae4dd04e7393ca6ac5921"},"headline":"Enerji Art\u0131k Bir Sekt\u00f6r De\u011fil, Stratejik G\u00fc\u00e7t\u00fcr","datePublished":"2026-02-18T07:50:43+00:00","dateModified":"2026-02-23T21:53:38+00:00","mainEntityOfPage":{"@id":"https:\/\/www.cigdemguven.com\/tr\/yazilar\/enerji-artik-bir-sektor-degil-stratejik-guctur\/"},"wordCount":1847,"publisher":{"@id":"https:\/\/www.cigdemguven.com\/tr\/#organization"},"articleSection":{"1":"Yaz\u0131lar"},"inLanguage":"tr"},{"@type":"WebPage","@id":"https:\/\/www.cigdemguven.com\/tr\/yazilar\/enerji-artik-bir-sektor-degil-stratejik-guctur\/","url":"https:\/\/www.cigdemguven.com\/tr\/yazilar\/enerji-artik-bir-sektor-degil-stratejik-guctur\/","name":"Enerji Art\u0131k Bir Sekt\u00f6r De\u011fil, Stratejik G\u00fc\u00e7t\u00fcr | \u00c7i\u011fdem G\u00fcven Management Consulting &amp; Coaching &amp; Mentoring Services","isPartOf":{"@id":"https:\/\/www.cigdemguven.com\/tr\/#website"},"datePublished":"2026-02-18T07:50:43+00:00","dateModified":"2026-02-23T21:53:38+00:00","breadcrumb":{"@id":"https:\/\/www.cigdemguven.com\/tr\/yazilar\/enerji-artik-bir-sektor-degil-stratejik-guctur\/#breadcrumb"},"inLanguage":"tr","potentialAction":[{"@type":"ReadAction","target":["https:\/\/www.cigdemguven.com\/tr\/yazilar\/enerji-artik-bir-sektor-degil-stratejik-guctur\/"]}]},{"@type":"BreadcrumbList","@id":"https:\/\/www.cigdemguven.com\/tr\/yazilar\/enerji-artik-bir-sektor-degil-stratejik-guctur\/#breadcrumb","itemListElement":[{"@type":"ListItem","position":1,"name":"Home","item":"https:\/\/www.cigdemguven.com\/tr\/"},{"@type":"ListItem","position":2,"name":"Enerji Art\u0131k Bir Sekt\u00f6r De\u011fil, Stratejik G\u00fc\u00e7t\u00fcr"}]},{"@type":"WebSite","@id":"https:\/\/www.cigdemguven.com\/tr\/#website","url":"https:\/\/www.cigdemguven.com\/tr\/","name":"\u00c7i\u011fdem G\u00fcven Management Consulting &amp; Coaching &amp; Mentoring Services","description":"Management Consulting &amp; Coaching &amp; Mentoring Services","publisher":{"@id":"https:\/\/www.cigdemguven.com\/tr\/#organization"},"potentialAction":[{"@type":"SearchAction","target":{"@type":"EntryPoint","urlTemplate":"https:\/\/www.cigdemguven.com\/tr\/?s={search_term_string}"},"query-input":"required name=search_term_string"}],"inLanguage":"tr"},{"@type":"Organization","@id":"https:\/\/www.cigdemguven.com\/tr\/#organization","name":"\u00c7i\u011fdem G\u00fcven Management Consulting & Coaching & Mentoring Services","url":"https:\/\/www.cigdemguven.com\/tr\/","logo":{"@type":"ImageObject","inLanguage":"tr","@id":"https:\/\/www.cigdemguven.com\/tr\/#\/schema\/logo\/image\/","url":"https:\/\/www.cigdemguven.com\/medias\/2021\/12\/cigdem-guven-logo.svg","contentUrl":"https:\/\/www.cigdemguven.com\/medias\/2021\/12\/cigdem-guven-logo.svg","width":1,"height":1,"caption":"\u00c7i\u011fdem G\u00fcven Management Consulting & Coaching & Mentoring Services"},"image":{"@id":"https:\/\/www.cigdemguven.com\/tr\/#\/schema\/logo\/image\/"},"sameAs":["https:\/\/www.facebook.com\/cigdemguvendanisman","https:\/\/twitter.com\/cigdemguvencom","https:\/\/www.instagram.com\/cigdemguvendanismanlik\/","https:\/\/www.linkedin.com\/in\/cigdemguvendanismanlik\/"]},{"@type":"Person","@id":"https:\/\/www.cigdemguven.com\/tr\/#\/schema\/person\/abd506d3b37ae4dd04e7393ca6ac5921","name":"\u00c7i\u011fdem G\u00fcven","sameAs":["https:\/\/www.cigdemguven.com"],"url":"https:\/\/www.cigdemguven.com\/tr\/author\/cigdemguven\/"}]}},"_links":{"self":[{"href":"https:\/\/www.cigdemguven.com\/tr\/wp-json\/wp\/v2\/posts\/4028","targetHints":{"allow":["GET"]}}],"collection":[{"href":"https:\/\/www.cigdemguven.com\/tr\/wp-json\/wp\/v2\/posts"}],"about":[{"href":"https:\/\/www.cigdemguven.com\/tr\/wp-json\/wp\/v2\/types\/post"}],"author":[{"embeddable":true,"href":"https:\/\/www.cigdemguven.com\/tr\/wp-json\/wp\/v2\/users\/1"}],"replies":[{"embeddable":true,"href":"https:\/\/www.cigdemguven.com\/tr\/wp-json\/wp\/v2\/comments?post=4028"}],"version-history":[{"count":1,"href":"https:\/\/www.cigdemguven.com\/tr\/wp-json\/wp\/v2\/posts\/4028\/revisions"}],"predecessor-version":[{"id":4032,"href":"https:\/\/www.cigdemguven.com\/tr\/wp-json\/wp\/v2\/posts\/4028\/revisions\/4032"}],"wp:featuredmedia":[{"embeddable":true,"href":"https:\/\/www.cigdemguven.com\/tr\/wp-json\/wp\/v2\/media\/4029"}],"wp:attachment":[{"href":"https:\/\/www.cigdemguven.com\/tr\/wp-json\/wp\/v2\/media?parent=4028"}],"wp:term":[{"taxonomy":"category","embeddable":true,"href":"https:\/\/www.cigdemguven.com\/tr\/wp-json\/wp\/v2\/categories?post=4028"},{"taxonomy":"post_tag","embeddable":true,"href":"https:\/\/www.cigdemguven.com\/tr\/wp-json\/wp\/v2\/tags?post=4028"}],"curies":[{"name":"wp","href":"https:\/\/api.w.org\/{rel}","templated":true}]}}