{"id":3922,"date":"2025-10-04T10:21:30","date_gmt":"2025-10-04T07:21:30","guid":{"rendered":"https:\/\/www.cigdemguven.com\/?p=3922"},"modified":"2025-10-06T02:29:49","modified_gmt":"2025-10-05T23:29:49","slug":"liderlik","status":"publish","type":"post","link":"https:\/\/www.cigdemguven.com\/tr\/yazilar\/liderlik\/","title":{"rendered":"Liderlik"},"content":{"rendered":"<p>{&#8220;main-title&#8221;:{&#8220;component&#8221;:&#8221;hc_title&#8221;,&#8221;id&#8221;:&#8221;main-title&#8221;,&#8221;title&#8221;:&#8221;&#8221;,&#8221;subtitle&#8221;:&#8221;&#8221;,&#8221;title_content&#8221;:{&#8220;component&#8221;:&#8221;hc_title_empty&#8221;,&#8221;id&#8221;:&#8221;title-empty&#8221;}},&#8221;section_QvNqz&#8221;:{&#8220;component&#8221;:&#8221;hc_section&#8221;,&#8221;id&#8221;:&#8221;section_QvNqz&#8221;,&#8221;section_width&#8221;:&#8221;&#8221;,&#8221;animation&#8221;:&#8221;&#8221;,&#8221;animation_time&#8221;:&#8221;&#8221;,&#8221;timeline_animation&#8221;:&#8221;&#8221;,&#8221;timeline_delay&#8221;:&#8221;&#8221;,&#8221;timeline_order&#8221;:&#8221;&#8221;,&#8221;vertical_row&#8221;:&#8221;&#8221;,&#8221;css_classes&#8221;:&#8221;section-color no-padding-bottom no-padding-top &#8220;,&#8221;custom_css_classes&#8221;:&#8221;containerblog&#8221;,&#8221;custom_css_styles&#8221;:&#8221;&#8221;,&#8221;section_content&#8221;:[{&#8220;component&#8221;:&#8221;hc_column&#8221;,&#8221;id&#8221;:&#8221;P1FCZ&#8221;,&#8221;column_width&#8221;:&#8221;col-md-12&#8243;,&#8221;animation&#8221;:&#8221;&#8221;,&#8221;animation_time&#8221;:&#8221;&#8221;,&#8221;timeline_animation&#8221;:&#8221;&#8221;,&#8221;timeline_delay&#8221;:&#8221;&#8221;,&#8221;timeline_order&#8221;:&#8221;&#8221;,&#8221;css_classes&#8221;:&#8221;boxed-area align-items-center &#8220;,&#8221;custom_css_classes&#8221;:&#8221;&#8221;,&#8221;custom_css_styles&#8221;:&#8221;&#8221;,&#8221;main_content&#8221;:[{&#8220;component&#8221;:&#8221;hc_title_tag&#8221;,&#8221;id&#8221;:&#8221;5ZtkF&#8221;,&#8221;css_classes&#8221;:&#8221;&#8221;,&#8221;custom_css_classes&#8221;:&#8221;&#8221;,&#8221;custom_css_styles&#8221;:&#8221;&#8221;,&#8221;text&#8221;:&#8221;Liderlik&#8221;,&#8221;tag&#8221;:&#8221;h1&#8243;},{&#8220;component&#8221;:&#8221;hc_image_box&#8221;,&#8221;id&#8221;:&#8221;P92Nk&#8221;,&#8221;css_classes&#8221;:&#8221;&#8221;,&#8221;custom_css_classes&#8221;:&#8221;&#8221;,&#8221;custom_css_styles&#8221;:&#8221;&#8221;,&#8221;image&#8221;:&#8221;https:\/\/www.cigdemguven.com\/medias\/2025\/10\/cigdem-guven-liderlik.jpg|714|1024|3923&#8243;,&#8221;link_type&#8221;:&#8221;lightbox&#8221;,&#8221;lightbox_animation&#8221;:&#8221;&#8221;,&#8221;caption&#8221;:&#8221;Liderlik&#8221;,&#8221;inner_caption&#8221;:false,&#8221;new_window&#8221;:false,&#8221;link&#8221;:&#8221;https:\/\/www.cigdemguven.com\/medias\/2025\/10\/cigdem-guven-liderlik.jpg&#8221;,&#8221;link_content&#8221;:[],&#8221;lightbox_size&#8221;:&#8221;&#8221;,&#8221;scrollbox&#8221;:false,&#8221;icon&#8221;:&#8221;&#8221;,&#8221;image_animation&#8221;:&#8221;&#8221;,&#8221;icon_animation&#8221;:&#8221;&#8221;,&#8221;thumb_size&#8221;:&#8221;full&#8221;,&#8221;icon_hidden&#8221;:true,&#8221;caption_img_box&#8221;:&#8221;&#8221;,&#8221;alt&#8221;:&#8221;&#8221;}]}],&#8221;section_settings&#8221;:&#8221;&#8221;},&#8221;section_aSGAU&#8221;:{&#8220;component&#8221;:&#8221;hc_section&#8221;,&#8221;id&#8221;:&#8221;section_aSGAU&#8221;,&#8221;section_width&#8221;:&#8221;&#8221;,&#8221;animation&#8221;:&#8221;&#8221;,&#8221;animation_time&#8221;:&#8221;&#8221;,&#8221;timeline_animation&#8221;:&#8221;&#8221;,&#8221;timeline_delay&#8221;:&#8221;&#8221;,&#8221;timeline_order&#8221;:&#8221;&#8221;,&#8221;vertical_row&#8221;:&#8221;&#8221;,&#8221;css_classes&#8221;:&#8221;no-padding-bottom no-padding-top &#8220;,&#8221;custom_css_classes&#8221;:&#8221;blogtext&#8221;,&#8221;custom_css_styles&#8221;:&#8221;&#8221;,&#8221;section_content&#8221;:[{&#8220;component&#8221;:&#8221;hc_column&#8221;,&#8221;id&#8221;:&#8221;column_0qrhK&#8221;,&#8221;column_width&#8221;:&#8221;col-md-12&#8243;,&#8221;animation&#8221;:&#8221;&#8221;,&#8221;animation_time&#8221;:&#8221;&#8221;,&#8221;timeline_animation&#8221;:&#8221;&#8221;,&#8221;timeline_delay&#8221;:&#8221;&#8221;,&#8221;timeline_order&#8221;:&#8221;&#8221;,&#8221;css_classes&#8221;:&#8221;&#8221;,&#8221;custom_css_classes&#8221;:&#8221;&#8221;,&#8221;custom_css_styles&#8221;:&#8221;&#8221;,&#8221;main_content&#8221;:[{&#8220;component&#8221;:&#8221;hc_wp_editor&#8221;,&#8221;id&#8221;:&#8221;gE6EW&#8221;,&#8221;css_classes&#8221;:&#8221;&#8221;,&#8221;custom_css_classes&#8221;:&#8221;&#8221;,&#8221;custom_css_styles&#8221;:&#8221;&#8221;,&#8221;editor_content&#8221;:&#8221;<strong>Ya\u015fam Deneyimi: Liderli\u011fin Ham Maddesi<\/strong>\\n\\n\u00c7ocuklukta al\u0131nan destek, sevgi ve g\u00fcven; bireyin \u00f6zg\u00fcvenini, cesaretini ve risk alabilme becerisini besler. Gen\u00e7likte kar\u015f\u0131la\u015f\u0131lan zorluklar, krizlerle ba\u015f etme yetene\u011fini ve dayan\u0131kl\u0131l\u0131\u011f\u0131 geli\u015ftirir. Aileden \u00f6\u011frenilen de\u011ferler \u2014 adalet, d\u00fcr\u00fcstl\u00fck, payla\u015fma \u2014 ileride etik y\u00f6netimin yap\u0131 ta\u015flar\u0131na d\u00f6n\u00fc\u015f\u00fcr. Bir\u00e7ok liderin hik\u00e2yesine bakt\u0131\u011f\u0131m\u0131zda, k\u00fc\u00e7\u00fck ya\u015fta ya\u015fad\u0131\u011f\u0131 bir olay\u0131n veya ald\u0131\u011f\u0131 bir sorumlulu\u011fun, ilerideki y\u00f6netim tarz\u0131na nas\u0131l y\u00f6n verdi\u011fini g\u00f6rebiliriz. \u00c7ocuk ya\u015fta ailesine destek olmak zorunda kalan birinin yeti\u015fkinli\u011finde daha disiplinli, sorumluluk sahibi ve azimli bir lider olmas\u0131 tesad\u00fcf de\u011fildir.\\n\\nAma burada \u00f6nemli bir nokta var: Bu deneyimler \u201cham madde\u201ddir. E\u011fer i\u015flenmezse, bazen ki\u015fiyi ileri ta\u015f\u0131mak yerine s\u0131n\u0131rlay\u0131c\u0131 da olabilir. \u00d6rne\u011fin, \u00e7ocuklukta s\u00fcrekli ele\u015ftirilen bir birey, ileride risk almaktan ka\u00e7\u0131nabilir ya da m\u00fckemmeliyet\u00e7ili\u011fin alt\u0131nda ezilebilir.\\n\\n&nbsp;\\n\\n<strong>E\u011fitim ve Fark\u0131ndal\u0131k: Deneyimi D\u00f6n\u00fc\u015ft\u00fcren G\u00fc\u00e7<\/strong>\\n\\n\u0130\u015fte bu noktada e\u011fitim, fark\u0131ndal\u0131k \u00e7al\u0131\u015fmalar\u0131 ve ko\u00e7luk devreye girer. Deneyimlerin tek ba\u015f\u0131na sundu\u011fu i\u00e7g\u00f6r\u00fc, e\u011fitimle birle\u015fti\u011finde bilin\u00e7li liderli\u011fe d\u00f6n\u00fc\u015f\u00fcr.\\n\\n\u2022 E\u011fitim, tecr\u00fcbeleri kuramsal bir \u00e7er\u00e7eveye oturtur. Lider, ya\u015fad\u0131\u011f\u0131 bir zorlu\u011fu sadece \u201ctesad\u00fcfi bir olay\u201d olarak de\u011fil; \u201cdayan\u0131kl\u0131l\u0131k\u201d kavram\u0131n\u0131n bir \u00f6rne\u011fi olarak g\u00f6rmeye ba\u015flar.\\n\\n\u2022 Fark\u0131ndal\u0131k, bireyin kendine kritik sorular sormas\u0131n\u0131 sa\u011flar: \u201cBen neden b\u00f6yle davran\u0131yorum?\u201d, \u201cBu tepkiyi hangi ge\u00e7mi\u015f deneyimimden getiriyorum?\u201d\\n\\n\u2022 Ko\u00e7luk ve grup \u00e7al\u0131\u015fmalar\u0131, liderin hem kendisiyle hem de ba\u015fkalar\u0131yla kurdu\u011fu ili\u015fkilere ayna tutar. G\u00fc\u00e7l\u00fc yanlar\u0131n\u0131 fark etmesine, s\u0131n\u0131rlay\u0131c\u0131 inan\u00e7lar\u0131n\u0131 d\u00f6n\u00fc\u015ft\u00fcrmesine yard\u0131mc\u0131 olur.\\n\\nB\u00f6ylece deneyimler sadece ya\u015fanm\u0131\u015fl\u0131k olarak kalmaz; liderin bilin\u00e7li tercih ve davran\u0131\u015flar\u0131na y\u00f6n veren bir bilgelik kayna\u011f\u0131na d\u00f6n\u00fc\u015f\u00fcr.\\n\\n&nbsp;\\n\\n<strong>Deneyim + E\u011fitim Dengesi<\/strong>\\n\\n\u2022 Deneyimsiz e\u011fitim: Kitaplarda kal\u0131r, hayata dokunmaz.\\n\\n\u2022 E\u011fitimsiz deneyim: Tekrar eden kal\u0131plara d\u00f6n\u00fc\u015f\u00fcr, fark\u0131ndal\u0131k getirmez.\\n\\n\u2022 Deneyim + e\u011fitim birlikte: Bilge, esnek ve s\u00fcrd\u00fcr\u00fclebilir liderlik yarat\u0131r.\\n\\nKendi deneyimlerimden biliyorum: Liderlik ko\u00e7lu\u011fu yapt\u0131\u011f\u0131m ki\u015filer aras\u0131nda, \u00e7ocuklukta ald\u0131\u011f\u0131 sorumlulu\u011fu \u201cy\u00fck\u201d olarak g\u00f6ren liderler oldu. Fark\u0131ndal\u0131k \u00e7al\u0131\u015fmalar\u0131yla bu y\u00fck\u00fc yeniden yorumlad\u0131klar\u0131nda, bunun asl\u0131nda liderlik potansiyelini besleyen bir f\u0131rsat oldu\u011funu g\u00f6rd\u00fcler. \u0130\u015fte tam bu noktada liderlik d\u00f6n\u00fc\u015f\u00fcyor: Ge\u00e7mi\u015fteki deneyimler, bug\u00fcn\u00fcn bilin\u00e7li se\u00e7imlerine g\u00fc\u00e7 veriyor.\\n\\n&nbsp;\\n\\n<strong>Liderlik Yolculu\u011funda \u0130ki Katman\\n<\/strong>\\n1. K\u00f6kler (\u00c7ocukluk ve Gen\u00e7lik): \u00d6zg\u00fcven, dayan\u0131kl\u0131l\u0131k, de\u011ferler ve sosyal beceriler burada \u015fekillenir.\\n\\n2. Su ve G\u00fcne\u015f (E\u011fitim ve Fark\u0131ndal\u0131k): Bu k\u00f6kleri besler, b\u00fcy\u00fct\u00fcr ve meyveye d\u00f6n\u00fc\u015ft\u00fcr\u00fcr.\\n\\nBir lider, k\u00f6ks\u00fcz b\u00fcy\u00fcyemez. Ama k\u00f6kler ne kadar g\u00fc\u00e7l\u00fc olursa olsun, su ve g\u00fcne\u015f olmadan da meyve veremez. Liderli\u011fin s\u0131rr\u0131 bu dengeyi kurabilmektir. \u00c7ocukluk ve gen\u00e7lik y\u0131llar\u0131, liderli\u011fin tohumlar\u0131n\u0131n at\u0131ld\u0131\u011f\u0131 d\u00f6nemdir. E\u011fitim ve fark\u0131ndal\u0131k ise bu tohumlar\u0131 besleyip d\u00f6n\u00fc\u015ft\u00fcren unsurlard\u0131r. Tek ba\u015f\u0131na deneyimle ilerlemek, tek boyutlu bir yolculuk yarat\u0131r; yaln\u0131zca e\u011fitimle ilerlemek ise hayat\u0131n ger\u00e7ekli\u011finden kopar\u0131r.\\n\\nGer\u00e7ek liderlik, ya\u015fam deneyimlerinin e\u011fitim ve fark\u0131ndal\u0131\u011f\u0131n \u0131\u015f\u0131\u011f\u0131nda i\u015flenmesiyle ortaya \u00e7\u0131kar.\\n\\nKendi yolculu\u011fumda hem liderlik yapan bir y\u00f6netici, hem de liderlere e\u015flik eden bir ko\u00e7 olarak g\u00f6rd\u00fcm ki; g\u00fc\u00e7l\u00fc liderler ge\u00e7mi\u015flerinin fark\u0131ndal\u0131\u011f\u0131n\u0131 ta\u015f\u0131r, deneyimlerini d\u00f6n\u00fc\u015ft\u00fcr\u00fcr ve \u00f6\u011frenmeyi asla b\u0131rakmaz.&#8221;}]},{&#8220;component&#8221;:&#8221;hc_column&#8221;,&#8221;id&#8221;:&#8221;column_7aIP1&#8243;,&#8221;column_width&#8221;:&#8221;col-md-12&#8243;,&#8221;animation&#8221;:&#8221;&#8221;,&#8221;animation_time&#8221;:&#8221;&#8221;,&#8221;timeline_animation&#8221;:&#8221;&#8221;,&#8221;timeline_delay&#8221;:&#8221;&#8221;,&#8221;timeline_order&#8221;:&#8221;&#8221;,&#8221;css_classes&#8221;:&#8221;&#8221;,&#8221;custom_css_classes&#8221;:&#8221;socialbox&#8221;,&#8221;custom_css_styles&#8221;:&#8221;&#8221;,&#8221;main_content&#8221;:[{&#8220;component&#8221;:&#8221;hc_space&#8221;,&#8221;id&#8221;:&#8221;Hdg76&#8243;,&#8221;css_classes&#8221;:&#8221;&#8221;,&#8221;custom_css_classes&#8221;:&#8221;&#8221;,&#8221;custom_css_styles&#8221;:&#8221;&#8221;,&#8221;size&#8221;:&#8221;space-sm&#8221;,&#8221;height&#8221;:&#8221;&#8221;},{&#8220;component&#8221;:&#8221;hc_text_block&#8221;,&#8221;id&#8221;:&#8221;zmr0F&#8221;,&#8221;css_classes&#8221;:&#8221;&#8221;,&#8221;custom_css_classes&#8221;:&#8221;&#8221;,&#8221;custom_css_styles&#8221;:&#8221;&#8221;,&#8221;content&#8221;:&#8221;Payla\u015f:&#8221;},{&#8220;component&#8221;:&#8221;hc_social_share_buttons&#8221;,&#8221;id&#8221;:&#8221;P7L30&#8243;,&#8221;css_classes&#8221;:&#8221;&#8221;,&#8221;custom_css_classes&#8221;:&#8221;&#8221;,&#8221;custom_css_styles&#8221;:&#8221;&#8221;,&#8221;style&#8221;:&#8221;icon-links-button&#8221;,&#8221;size&#8221;:&#8221;&#8221;,&#8221;alignment&#8221;:&#8221;&#8221;,&#8221;type&#8221;:&#8221;&#8221;,&#8221;social_colors&#8221;:true,&#8221;fb&#8221;:true,&#8221;fb_link&#8221;:&#8221;&#8221;,&#8221;tw&#8221;:true,&#8221;tw_link&#8221;:&#8221;&#8221;,&#8221;pi&#8221;:true,&#8221;pi_link&#8221;:&#8221;&#8221;,&#8221;li&#8221;:true,&#8221;li_link&#8221;:&#8221;&#8221;}]}],&#8221;section_settings&#8221;:&#8221;&#8221;},&#8221;section_dDpN7&#8243;:{&#8220;component&#8221;:&#8221;hc_section&#8221;,&#8221;id&#8221;:&#8221;section_dDpN7&#8243;,&#8221;section_width&#8221;:&#8221;&#8221;,&#8221;animation&#8221;:&#8221;&#8221;,&#8221;animation_time&#8221;:&#8221;&#8221;,&#8221;timeline_animation&#8221;:&#8221;&#8221;,&#8221;timeline_delay&#8221;:&#8221;&#8221;,&#8221;timeline_order&#8221;:&#8221;&#8221;,&#8221;vertical_row&#8221;:&#8221;&#8221;,&#8221;css_classes&#8221;:&#8221;section-color &#8220;,&#8221;custom_css_classes&#8221;:&#8221;&#8221;,&#8221;custom_css_styles&#8221;:&#8221;&#8221;,&#8221;section_content&#8221;:[{&#8220;component&#8221;:&#8221;hc_column&#8221;,&#8221;id&#8221;:&#8221;XLZ44&#8243;,&#8221;column_width&#8221;:&#8221;col-md-12&#8243;,&#8221;animation&#8221;:&#8221;&#8221;,&#8221;animation_time&#8221;:&#8221;&#8221;,&#8221;timeline_animation&#8221;:&#8221;&#8221;,&#8221;timeline_delay&#8221;:&#8221;&#8221;,&#8221;timeline_order&#8221;:&#8221;&#8221;,&#8221;css_classes&#8221;:&#8221;&#8221;,&#8221;custom_css_classes&#8221;:&#8221;&#8221;,&#8221;custom_css_styles&#8221;:&#8221;&#8221;,&#8221;main_content&#8221;:[{&#8220;component&#8221;:&#8221;hc_title_tag&#8221;,&#8221;id&#8221;:&#8221;4AoyD&#8221;,&#8221;css_classes&#8221;:&#8221;&#8221;,&#8221;custom_css_classes&#8221;:&#8221;&#8221;,&#8221;custom_css_styles&#8221;:&#8221;&#8221;,&#8221;text&#8221;:&#8221;Son Yaz\u0131lar&#8221;,&#8221;tag&#8221;:&#8221;h2&#8243;},{&#8220;component&#8221;:&#8221;hc_space&#8221;,&#8221;id&#8221;:&#8221;TsAHd&#8221;,&#8221;css_classes&#8221;:&#8221;&#8221;,&#8221;custom_css_classes&#8221;:&#8221;&#8221;,&#8221;custom_css_styles&#8221;:&#8221;&#8221;,&#8221;size&#8221;:&#8221;space&#8221;,&#8221;height&#8221;:&#8221;&#8221;},{&#8220;component&#8221;:&#8221;hc_pt_grid_list&#8221;,&#8221;id&#8221;:&#8221;J9IEW&#8221;,&#8221;css_classes&#8221;:&#8221;&#8221;,&#8221;custom_css_classes&#8221;:&#8221;&#8221;,&#8221;custom_css_styles&#8221;:&#8221;&#8221;,&#8221;post_type_slug&#8221;:&#8221;post&#8221;,&#8221;post_type_category&#8221;:&#8221;yazilar&#8221;,&#8221;column&#8221;:&#8221;2&#8243;,&#8221;column_lg&#8221;:&#8221;2&#8243;,&#8221;column_md&#8221;:&#8221;2&#8243;,&#8221;column_sm&#8221;:&#8221;1&#8243;,&#8221;column_xs&#8221;:&#8221;1&#8243;,&#8221;margins&#8221;:&#8221;&#8221;,&#8221;pag_type&#8221;:&#8221;load_more&#8221;,&#8221;pag_items&#8221;:&#8221;2&#8243;,&#8221;pag_size&#8221;:&#8221;&#8221;,&#8221;pag_animation&#8221;:&#8221;fade-top&#8221;,&#8221;pag_scroll_top&#8221;:false,&#8221;pag_position&#8221;:&#8221;align-center&#8221;,&#8221;pag_button_prev&#8221;:&#8221;&#8221;,&#8221;pag_button_next&#8221;:&#8221;&#8221;,&#8221;lm_lazy&#8221;:false,&#8221;lm_button_text&#8221;:&#8221;Daha Fazla&#8221;,&#8221;box&#8221;:&#8221;blog_top&#8221;,&#8221;boxed&#8221;:true,&#8221;extra&#8221;:false,&#8221;content&#8221;:&#8221;&#8221;,&#8221;title_length&#8221;:&#8221;36&#8243;,&#8221;excerpt_length&#8221;:&#8221;75&#8243;,&#8221;title_size&#8221;:&#8221;text-md&#8221;,&#8221;custom_css&#8221;:&#8221;&#8221;,&#8221;button_text&#8221;:&#8221;&#8221;,&#8221;button_style&#8221;:&#8221;square&#8221;,&#8221;button_dimensions&#8221;:&#8221;btn-lg&#8221;,&#8221;button_animation&#8221;:false,&#8221;button_icon&#8221;:&#8221;&#8221;}]}],&#8221;section_settings&#8221;:&#8221;&#8221;},&#8221;scripts&#8221;:{&#8220;lightbox&#8221;:&#8221;magnific-popup.min.js&#8221;,&#8221;pagination&#8221;:&#8221;pagination.min.js&#8221;},&#8221;css&#8221;:{&#8220;lightbox&#8221;:&#8221;css\/magnific-popup.css&#8221;,&#8221;content_box&#8221;:&#8221;css\/content-box.css&#8221;,&#8221;media_box&#8221;:&#8221;css\/media-box.css&#8221;},&#8221;css_page&#8221;:&#8221;&#8221;,&#8221;template_setting&#8221;:{},&#8221;template_setting_top&#8221;:{},&#8221;page_setting&#8221;:{&#8220;settings&#8221;:[&#8220;lock-mode-off&#8221;]},&#8221;post_type_setting&#8221;:{&#8220;settings&#8221;:{&#8220;image&#8221;:&#8221;https:\/\/www.cigdemguven.com\/medias\/2025\/10\/cigdem-guven-liderlik.jpg|714|1024|3923&#8243;,&#8221;excerpt&#8221;:&#8221;\u00c7ocuklukta al\u0131nan destek, sevgi ve g\u00fcven; bireyin \u00f6zg\u00fcvenini, cesaretini ve risk alabilme becerisini besler. Gen\u00e7likte kar\u015f\u0131la\u015f\u0131lan zorluklar, krizlerle ba\u015f etme\\nyetene\u011fini ve dayan\u0131kl\u0131l\u0131\u011f\u0131 geli\u015ftirir. Aileden \u00f6\u011frenilen de\u011ferler \u2014 adalet, d\u00fcr\u00fcstl\u00fck, payla\u015fma \u2014 ileride etik y\u00f6netimin yap\u0131 ta\u015flar\u0131na d\u00f6n\u00fc\u015f\u00fcr. Bir\u00e7ok liderin hik\u00e2yesine bakt\u0131\u011f\u0131m\u0131zda, k\u00fc\u00e7\u00fck ya\u015fta ya\u015fad\u0131\u011f\u0131 bir olay\u0131n veya ald\u0131\u011f\u0131 bir sorumlulu\u011fun, ilerideki y\u00f6netim tarz\u0131na nas\u0131l y\u00f6n verdi\u011fini g\u00f6rebiliriz. \u00c7ocuk\\nya\u015fta ailesine destek olmak zorunda kalan birinin yeti\u015fkinli\u011finde daha disiplinli, sorumluluk sahibi ve azimli bir lider olmas\u0131 tesad\u00fcf de\u011fildir.&#8221;,&#8221;extra_1&#8243;:&#8221;Yaz\u0131&#8221;,&#8221;extra_2&#8243;:&#8221;&#8221;,&#8221;icon&#8221;:{&#8220;icon&#8221;:&#8221;&#8221;,&#8221;icon_style&#8221;:&#8221;&#8221;,&#8221;icon_image&#8221;:&#8221;&#8221;}}}}<\/p>\n","protected":false},"excerpt":{"rendered":"<p>\u00c7ocuklukta al\u0131nan destek, sevgi ve g\u00fcven; bireyin \u00f6zg\u00fcvenini, cesaretini ve risk alabilme becerisini besler. Gen\u00e7likte kar\u015f\u0131la\u015f\u0131lan zorluklar, krizlerle ba\u015f etme<br \/>\nyetene\u011fini ve dayan\u0131kl\u0131l\u0131\u011f\u0131 geli\u015ftirir. Aileden \u00f6\u011frenilen de\u011ferler \u2014 adalet, d\u00fcr\u00fcstl\u00fck, payla\u015fma \u2014 ileride etik y\u00f6netimin yap\u0131 ta\u015flar\u0131na d\u00f6n\u00fc\u015f\u00fcr. Bir\u00e7ok liderin hik\u00e2yesine bakt\u0131\u011f\u0131m\u0131zda, k\u00fc\u00e7\u00fck ya\u015fta ya\u015fad\u0131\u011f\u0131 bir olay\u0131n veya ald\u0131\u011f\u0131 bir sorumlulu\u011fun, ilerideki y\u00f6netim tarz\u0131na nas\u0131l y\u00f6n verdi\u011fini g\u00f6rebiliriz. \u00c7ocuk<br \/>\nya\u015fta ailesine destek olmak zorunda kalan birinin yeti\u015fkinli\u011finde daha disiplinli, sorumluluk sahibi ve azimli bir lider olmas\u0131 tesad\u00fcf de\u011fildir.<\/p>\n","protected":false},"author":1,"featured_media":3923,"comment_status":"closed","ping_status":"open","sticky":false,"template":"","format":"standard","meta":{"footnotes":""},"categories":[12,19],"tags":[],"class_list":["post-3922","post","type-post","status-publish","format-standard","has-post-thumbnail","hentry","category-genel","category-yazilar"],"yoast_head":"\n<title>Liderlik | \u00c7i\u011fdem G\u00fcven Management Consulting &amp; Coaching &amp; Mentoring Services<\/title>\n<meta name=\"robots\" content=\"index, follow, max-snippet:-1, max-image-preview:large, max-video-preview:-1\" \/>\n<link rel=\"canonical\" href=\"https:\/\/www.cigdemguven.com\/tr\/yazilar\/liderlik\/\" \/>\n<meta property=\"og:locale\" content=\"tr_TR\" \/>\n<meta property=\"og:type\" content=\"article\" \/>\n<meta property=\"og:title\" content=\"Liderlik | \u00c7i\u011fdem G\u00fcven Management Consulting &amp; Coaching &amp; Mentoring Services\" \/>\n<meta property=\"og:description\" content=\"\u00c7ocuklukta al\u0131nan destek, sevgi ve g\u00fcven; bireyin \u00f6zg\u00fcvenini, cesaretini ve risk alabilme becerisini besler. Gen\u00e7likte kar\u015f\u0131la\u015f\u0131lan zorluklar, krizlerle ba\u015f etme yetene\u011fini ve dayan\u0131kl\u0131l\u0131\u011f\u0131 geli\u015ftirir. Aileden \u00f6\u011frenilen de\u011ferler \u2014 adalet, d\u00fcr\u00fcstl\u00fck, payla\u015fma \u2014 ileride etik y\u00f6netimin yap\u0131 ta\u015flar\u0131na d\u00f6n\u00fc\u015f\u00fcr. Bir\u00e7ok liderin hik\u00e2yesine bakt\u0131\u011f\u0131m\u0131zda, k\u00fc\u00e7\u00fck ya\u015fta ya\u015fad\u0131\u011f\u0131 bir olay\u0131n veya ald\u0131\u011f\u0131 bir sorumlulu\u011fun, ilerideki y\u00f6netim tarz\u0131na nas\u0131l y\u00f6n verdi\u011fini g\u00f6rebiliriz. \u00c7ocuk ya\u015fta ailesine destek olmak zorunda kalan birinin yeti\u015fkinli\u011finde daha disiplinli, sorumluluk sahibi ve azimli bir lider olmas\u0131 tesad\u00fcf de\u011fildir.\" \/>\n<meta property=\"og:url\" content=\"https:\/\/www.cigdemguven.com\/tr\/yazilar\/liderlik\/\" \/>\n<meta property=\"og:site_name\" content=\"\u00c7i\u011fdem G\u00fcven Management Consulting &amp; Coaching &amp; Mentoring Services\" \/>\n<meta property=\"article:publisher\" content=\"https:\/\/www.facebook.com\/cigdemguvendanisman\" \/>\n<meta property=\"article:published_time\" content=\"2025-10-04T07:21:30+00:00\" \/>\n<meta property=\"article:modified_time\" content=\"2025-10-05T23:29:49+00:00\" \/>\n<meta property=\"og:image\" content=\"https:\/\/www.cigdemguven.com\/medias\/2025\/10\/cigdem-guven-liderlik.jpg\" \/>\n\t<meta property=\"og:image:width\" content=\"1024\" \/>\n\t<meta property=\"og:image:height\" content=\"714\" \/>\n\t<meta property=\"og:image:type\" content=\"image\/jpeg\" \/>\n<meta name=\"author\" content=\"\u00c7i\u011fdem G\u00fcven\" \/>\n<meta name=\"twitter:card\" content=\"summary_large_image\" \/>\n<meta name=\"twitter:creator\" content=\"@cigdemguvencom\" \/>\n<meta name=\"twitter:site\" content=\"@cigdemguvencom\" \/>\n<meta name=\"twitter:label1\" content=\"Yazan:\" \/>\n\t<meta name=\"twitter:data1\" content=\"\u00c7i\u011fdem G\u00fcven\" \/>\n\t<meta name=\"twitter:label2\" content=\"Tahmini okuma s\u00fcresi\" \/>\n\t<meta name=\"twitter:data2\" content=\"7 dakika\" \/>\n<script type=\"application\/ld+json\" class=\"yoast-schema-graph\">{\"@context\":\"https:\/\/schema.org\",\"@graph\":[{\"@type\":\"Article\",\"@id\":\"https:\/\/www.cigdemguven.com\/tr\/yazilar\/liderlik\/#article\",\"isPartOf\":{\"@id\":\"https:\/\/www.cigdemguven.com\/tr\/yazilar\/liderlik\/\"},\"author\":{\"name\":\"\u00c7i\u011fdem G\u00fcven\",\"@id\":\"https:\/\/www.cigdemguven.com\/tr\/#\/schema\/person\/abd506d3b37ae4dd04e7393ca6ac5921\"},\"headline\":\"Liderlik\",\"datePublished\":\"2025-10-04T07:21:30+00:00\",\"dateModified\":\"2025-10-05T23:29:49+00:00\",\"mainEntityOfPage\":{\"@id\":\"https:\/\/www.cigdemguven.com\/tr\/yazilar\/liderlik\/\"},\"wordCount\":1418,\"publisher\":{\"@id\":\"https:\/\/www.cigdemguven.com\/tr\/#organization\"},\"articleSection\":{\"1\":\"Yaz\u0131lar\"},\"inLanguage\":\"tr\"},{\"@type\":\"WebPage\",\"@id\":\"https:\/\/www.cigdemguven.com\/tr\/yazilar\/liderlik\/\",\"url\":\"https:\/\/www.cigdemguven.com\/tr\/yazilar\/liderlik\/\",\"name\":\"Liderlik | \u00c7i\u011fdem G\u00fcven Management Consulting &amp; Coaching &amp; Mentoring Services\",\"isPartOf\":{\"@id\":\"https:\/\/www.cigdemguven.com\/tr\/#website\"},\"datePublished\":\"2025-10-04T07:21:30+00:00\",\"dateModified\":\"2025-10-05T23:29:49+00:00\",\"breadcrumb\":{\"@id\":\"https:\/\/www.cigdemguven.com\/tr\/yazilar\/liderlik\/#breadcrumb\"},\"inLanguage\":\"tr\",\"potentialAction\":[{\"@type\":\"ReadAction\",\"target\":[\"https:\/\/www.cigdemguven.com\/tr\/yazilar\/liderlik\/\"]}]},{\"@type\":\"BreadcrumbList\",\"@id\":\"https:\/\/www.cigdemguven.com\/tr\/yazilar\/liderlik\/#breadcrumb\",\"itemListElement\":[{\"@type\":\"ListItem\",\"position\":1,\"name\":\"Home\",\"item\":\"https:\/\/www.cigdemguven.com\/tr\/\"},{\"@type\":\"ListItem\",\"position\":2,\"name\":\"Liderlik\"}]},{\"@type\":\"WebSite\",\"@id\":\"https:\/\/www.cigdemguven.com\/tr\/#website\",\"url\":\"https:\/\/www.cigdemguven.com\/tr\/\",\"name\":\"\u00c7i\u011fdem G\u00fcven Management Consulting &amp; Coaching &amp; Mentoring Services\",\"description\":\"Management Consulting &amp; Coaching &amp; Mentoring Services\",\"publisher\":{\"@id\":\"https:\/\/www.cigdemguven.com\/tr\/#organization\"},\"potentialAction\":[{\"@type\":\"SearchAction\",\"target\":{\"@type\":\"EntryPoint\",\"urlTemplate\":\"https:\/\/www.cigdemguven.com\/tr\/?s={search_term_string}\"},\"query-input\":\"required name=search_term_string\"}],\"inLanguage\":\"tr\"},{\"@type\":\"Organization\",\"@id\":\"https:\/\/www.cigdemguven.com\/tr\/#organization\",\"name\":\"\u00c7i\u011fdem G\u00fcven Management Consulting & Coaching & Mentoring Services\",\"url\":\"https:\/\/www.cigdemguven.com\/tr\/\",\"logo\":{\"@type\":\"ImageObject\",\"inLanguage\":\"tr\",\"@id\":\"https:\/\/www.cigdemguven.com\/tr\/#\/schema\/logo\/image\/\",\"url\":\"https:\/\/www.cigdemguven.com\/medias\/2021\/12\/cigdem-guven-logo.svg\",\"contentUrl\":\"https:\/\/www.cigdemguven.com\/medias\/2021\/12\/cigdem-guven-logo.svg\",\"width\":1,\"height\":1,\"caption\":\"\u00c7i\u011fdem G\u00fcven Management Consulting & Coaching & Mentoring Services\"},\"image\":{\"@id\":\"https:\/\/www.cigdemguven.com\/tr\/#\/schema\/logo\/image\/\"},\"sameAs\":[\"https:\/\/www.facebook.com\/cigdemguvendanisman\",\"https:\/\/twitter.com\/cigdemguvencom\",\"https:\/\/www.instagram.com\/cigdemguvendanismanlik\/\",\"https:\/\/www.linkedin.com\/in\/cigdemguvendanismanlik\/\"]},{\"@type\":\"Person\",\"@id\":\"https:\/\/www.cigdemguven.com\/tr\/#\/schema\/person\/abd506d3b37ae4dd04e7393ca6ac5921\",\"name\":\"\u00c7i\u011fdem G\u00fcven\",\"sameAs\":[\"https:\/\/www.cigdemguven.com\"],\"url\":\"https:\/\/www.cigdemguven.com\/tr\/author\/cigdemguven\/\"}]}<\/script>\n","yoast_head_json":{"title":"Liderlik | \u00c7i\u011fdem G\u00fcven Management Consulting &amp; Coaching &amp; Mentoring Services","robots":{"index":"index","follow":"follow","max-snippet":"max-snippet:-1","max-image-preview":"max-image-preview:large","max-video-preview":"max-video-preview:-1"},"canonical":"https:\/\/www.cigdemguven.com\/tr\/yazilar\/liderlik\/","og_locale":"tr_TR","og_type":"article","og_title":"Liderlik | \u00c7i\u011fdem G\u00fcven Management Consulting &amp; Coaching &amp; Mentoring Services","og_description":"\u00c7ocuklukta al\u0131nan destek, sevgi ve g\u00fcven; bireyin \u00f6zg\u00fcvenini, cesaretini ve risk alabilme becerisini besler. Gen\u00e7likte kar\u015f\u0131la\u015f\u0131lan zorluklar, krizlerle ba\u015f etme yetene\u011fini ve dayan\u0131kl\u0131l\u0131\u011f\u0131 geli\u015ftirir. Aileden \u00f6\u011frenilen de\u011ferler \u2014 adalet, d\u00fcr\u00fcstl\u00fck, payla\u015fma \u2014 ileride etik y\u00f6netimin yap\u0131 ta\u015flar\u0131na d\u00f6n\u00fc\u015f\u00fcr. Bir\u00e7ok liderin hik\u00e2yesine bakt\u0131\u011f\u0131m\u0131zda, k\u00fc\u00e7\u00fck ya\u015fta ya\u015fad\u0131\u011f\u0131 bir olay\u0131n veya ald\u0131\u011f\u0131 bir sorumlulu\u011fun, ilerideki y\u00f6netim tarz\u0131na nas\u0131l y\u00f6n verdi\u011fini g\u00f6rebiliriz. \u00c7ocuk ya\u015fta ailesine destek olmak zorunda kalan birinin yeti\u015fkinli\u011finde daha disiplinli, sorumluluk sahibi ve azimli bir lider olmas\u0131 tesad\u00fcf de\u011fildir.","og_url":"https:\/\/www.cigdemguven.com\/tr\/yazilar\/liderlik\/","og_site_name":"\u00c7i\u011fdem G\u00fcven Management Consulting &amp; Coaching &amp; Mentoring Services","article_publisher":"https:\/\/www.facebook.com\/cigdemguvendanisman","article_published_time":"2025-10-04T07:21:30+00:00","article_modified_time":"2025-10-05T23:29:49+00:00","og_image":[{"width":1024,"height":714,"url":"https:\/\/www.cigdemguven.com\/medias\/2025\/10\/cigdem-guven-liderlik.jpg","type":"image\/jpeg"}],"author":"\u00c7i\u011fdem G\u00fcven","twitter_card":"summary_large_image","twitter_creator":"@cigdemguvencom","twitter_site":"@cigdemguvencom","twitter_misc":{"Yazan:":"\u00c7i\u011fdem G\u00fcven","Tahmini okuma s\u00fcresi":"7 dakika"},"schema":{"@context":"https:\/\/schema.org","@graph":[{"@type":"Article","@id":"https:\/\/www.cigdemguven.com\/tr\/yazilar\/liderlik\/#article","isPartOf":{"@id":"https:\/\/www.cigdemguven.com\/tr\/yazilar\/liderlik\/"},"author":{"name":"\u00c7i\u011fdem G\u00fcven","@id":"https:\/\/www.cigdemguven.com\/tr\/#\/schema\/person\/abd506d3b37ae4dd04e7393ca6ac5921"},"headline":"Liderlik","datePublished":"2025-10-04T07:21:30+00:00","dateModified":"2025-10-05T23:29:49+00:00","mainEntityOfPage":{"@id":"https:\/\/www.cigdemguven.com\/tr\/yazilar\/liderlik\/"},"wordCount":1418,"publisher":{"@id":"https:\/\/www.cigdemguven.com\/tr\/#organization"},"articleSection":{"1":"Yaz\u0131lar"},"inLanguage":"tr"},{"@type":"WebPage","@id":"https:\/\/www.cigdemguven.com\/tr\/yazilar\/liderlik\/","url":"https:\/\/www.cigdemguven.com\/tr\/yazilar\/liderlik\/","name":"Liderlik | \u00c7i\u011fdem G\u00fcven Management Consulting &amp; Coaching &amp; Mentoring Services","isPartOf":{"@id":"https:\/\/www.cigdemguven.com\/tr\/#website"},"datePublished":"2025-10-04T07:21:30+00:00","dateModified":"2025-10-05T23:29:49+00:00","breadcrumb":{"@id":"https:\/\/www.cigdemguven.com\/tr\/yazilar\/liderlik\/#breadcrumb"},"inLanguage":"tr","potentialAction":[{"@type":"ReadAction","target":["https:\/\/www.cigdemguven.com\/tr\/yazilar\/liderlik\/"]}]},{"@type":"BreadcrumbList","@id":"https:\/\/www.cigdemguven.com\/tr\/yazilar\/liderlik\/#breadcrumb","itemListElement":[{"@type":"ListItem","position":1,"name":"Home","item":"https:\/\/www.cigdemguven.com\/tr\/"},{"@type":"ListItem","position":2,"name":"Liderlik"}]},{"@type":"WebSite","@id":"https:\/\/www.cigdemguven.com\/tr\/#website","url":"https:\/\/www.cigdemguven.com\/tr\/","name":"\u00c7i\u011fdem G\u00fcven Management Consulting &amp; Coaching &amp; Mentoring Services","description":"Management Consulting &amp; Coaching &amp; Mentoring Services","publisher":{"@id":"https:\/\/www.cigdemguven.com\/tr\/#organization"},"potentialAction":[{"@type":"SearchAction","target":{"@type":"EntryPoint","urlTemplate":"https:\/\/www.cigdemguven.com\/tr\/?s={search_term_string}"},"query-input":"required name=search_term_string"}],"inLanguage":"tr"},{"@type":"Organization","@id":"https:\/\/www.cigdemguven.com\/tr\/#organization","name":"\u00c7i\u011fdem G\u00fcven Management Consulting & Coaching & Mentoring Services","url":"https:\/\/www.cigdemguven.com\/tr\/","logo":{"@type":"ImageObject","inLanguage":"tr","@id":"https:\/\/www.cigdemguven.com\/tr\/#\/schema\/logo\/image\/","url":"https:\/\/www.cigdemguven.com\/medias\/2021\/12\/cigdem-guven-logo.svg","contentUrl":"https:\/\/www.cigdemguven.com\/medias\/2021\/12\/cigdem-guven-logo.svg","width":1,"height":1,"caption":"\u00c7i\u011fdem G\u00fcven Management Consulting & Coaching & Mentoring Services"},"image":{"@id":"https:\/\/www.cigdemguven.com\/tr\/#\/schema\/logo\/image\/"},"sameAs":["https:\/\/www.facebook.com\/cigdemguvendanisman","https:\/\/twitter.com\/cigdemguvencom","https:\/\/www.instagram.com\/cigdemguvendanismanlik\/","https:\/\/www.linkedin.com\/in\/cigdemguvendanismanlik\/"]},{"@type":"Person","@id":"https:\/\/www.cigdemguven.com\/tr\/#\/schema\/person\/abd506d3b37ae4dd04e7393ca6ac5921","name":"\u00c7i\u011fdem G\u00fcven","sameAs":["https:\/\/www.cigdemguven.com"],"url":"https:\/\/www.cigdemguven.com\/tr\/author\/cigdemguven\/"}]}},"_links":{"self":[{"href":"https:\/\/www.cigdemguven.com\/tr\/wp-json\/wp\/v2\/posts\/3922","targetHints":{"allow":["GET"]}}],"collection":[{"href":"https:\/\/www.cigdemguven.com\/tr\/wp-json\/wp\/v2\/posts"}],"about":[{"href":"https:\/\/www.cigdemguven.com\/tr\/wp-json\/wp\/v2\/types\/post"}],"author":[{"embeddable":true,"href":"https:\/\/www.cigdemguven.com\/tr\/wp-json\/wp\/v2\/users\/1"}],"replies":[{"embeddable":true,"href":"https:\/\/www.cigdemguven.com\/tr\/wp-json\/wp\/v2\/comments?post=3922"}],"version-history":[{"count":3,"href":"https:\/\/www.cigdemguven.com\/tr\/wp-json\/wp\/v2\/posts\/3922\/revisions"}],"predecessor-version":[{"id":3928,"href":"https:\/\/www.cigdemguven.com\/tr\/wp-json\/wp\/v2\/posts\/3922\/revisions\/3928"}],"wp:featuredmedia":[{"embeddable":true,"href":"https:\/\/www.cigdemguven.com\/tr\/wp-json\/wp\/v2\/media\/3923"}],"wp:attachment":[{"href":"https:\/\/www.cigdemguven.com\/tr\/wp-json\/wp\/v2\/media?parent=3922"}],"wp:term":[{"taxonomy":"category","embeddable":true,"href":"https:\/\/www.cigdemguven.com\/tr\/wp-json\/wp\/v2\/categories?post=3922"},{"taxonomy":"post_tag","embeddable":true,"href":"https:\/\/www.cigdemguven.com\/tr\/wp-json\/wp\/v2\/tags?post=3922"}],"curies":[{"name":"wp","href":"https:\/\/api.w.org\/{rel}","templated":true}]}}