{"id":3841,"date":"2025-06-05T11:59:06","date_gmt":"2025-06-05T08:59:06","guid":{"rendered":"https:\/\/www.cigdemguven.com\/?p=3841"},"modified":"2025-08-22T12:27:03","modified_gmt":"2025-08-22T09:27:03","slug":"yeni-nesil-girisimciligin-kadin-yuzu","status":"publish","type":"post","link":"https:\/\/www.cigdemguven.com\/tr\/yazilar\/yeni-nesil-girisimciligin-kadin-yuzu\/","title":{"rendered":"Yeni Nesil Giri\u015fimcili\u011fin Kad\u0131n Y\u00fcz\u00fc"},"content":{"rendered":"<p>{&#8220;main-title&#8221;:{&#8220;component&#8221;:&#8221;hc_title&#8221;,&#8221;id&#8221;:&#8221;main-title&#8221;,&#8221;title&#8221;:&#8221;&#8221;,&#8221;subtitle&#8221;:&#8221;&#8221;,&#8221;title_content&#8221;:{&#8220;component&#8221;:&#8221;hc_title_empty&#8221;,&#8221;id&#8221;:&#8221;title-empty&#8221;}},&#8221;section_QvNqz&#8221;:{&#8220;component&#8221;:&#8221;hc_section&#8221;,&#8221;id&#8221;:&#8221;section_QvNqz&#8221;,&#8221;section_width&#8221;:&#8221;&#8221;,&#8221;animation&#8221;:&#8221;&#8221;,&#8221;animation_time&#8221;:&#8221;&#8221;,&#8221;timeline_animation&#8221;:&#8221;&#8221;,&#8221;timeline_delay&#8221;:&#8221;&#8221;,&#8221;timeline_order&#8221;:&#8221;&#8221;,&#8221;vertical_row&#8221;:&#8221;&#8221;,&#8221;css_classes&#8221;:&#8221;section-color no-padding-bottom no-padding-top &#8220;,&#8221;custom_css_classes&#8221;:&#8221;containerblog&#8221;,&#8221;custom_css_styles&#8221;:&#8221;&#8221;,&#8221;section_content&#8221;:[{&#8220;component&#8221;:&#8221;hc_column&#8221;,&#8221;id&#8221;:&#8221;P1FCZ&#8221;,&#8221;column_width&#8221;:&#8221;col-md-12&#8243;,&#8221;animation&#8221;:&#8221;&#8221;,&#8221;animation_time&#8221;:&#8221;&#8221;,&#8221;timeline_animation&#8221;:&#8221;&#8221;,&#8221;timeline_delay&#8221;:&#8221;&#8221;,&#8221;timeline_order&#8221;:&#8221;&#8221;,&#8221;css_classes&#8221;:&#8221;boxed-area align-items-center &#8220;,&#8221;custom_css_classes&#8221;:&#8221;&#8221;,&#8221;custom_css_styles&#8221;:&#8221;&#8221;,&#8221;main_content&#8221;:[{&#8220;component&#8221;:&#8221;hc_title_tag&#8221;,&#8221;id&#8221;:&#8221;5ZtkF&#8221;,&#8221;css_classes&#8221;:&#8221;&#8221;,&#8221;custom_css_classes&#8221;:&#8221;&#8221;,&#8221;custom_css_styles&#8221;:&#8221;&#8221;,&#8221;text&#8221;:&#8221;Yeni Nesil Giri\u015fimcili\u011fin Kad\u0131n Y\u00fcz\u00fc&#8221;,&#8221;tag&#8221;:&#8221;h1&#8243;},{&#8220;component&#8221;:&#8221;hc_image_box&#8221;,&#8221;id&#8221;:&#8221;P92Nk&#8221;,&#8221;css_classes&#8221;:&#8221;&#8221;,&#8221;custom_css_classes&#8221;:&#8221;&#8221;,&#8221;custom_css_styles&#8221;:&#8221;&#8221;,&#8221;image&#8221;:&#8221;https:\/\/www.cigdemguven.com\/medias\/2025\/08\/cigdem-guven-kadin-girisimci.jpg|714|1024|3842&#8243;,&#8221;link_type&#8221;:&#8221;lightbox&#8221;,&#8221;lightbox_animation&#8221;:&#8221;&#8221;,&#8221;caption&#8221;:&#8221;Yeni Nesil Giri\u015fimcili\u011fin Kad\u0131n Y\u00fcz\u00fc&#8221;,&#8221;inner_caption&#8221;:false,&#8221;new_window&#8221;:false,&#8221;link&#8221;:&#8221;https:\/\/www.cigdemguven.com\/medias\/2025\/08\/cigdem-guven-kadin-girisimci.jpg&#8221;,&#8221;link_content&#8221;:[],&#8221;lightbox_size&#8221;:&#8221;&#8221;,&#8221;scrollbox&#8221;:false,&#8221;icon&#8221;:&#8221;&#8221;,&#8221;image_animation&#8221;:&#8221;&#8221;,&#8221;icon_animation&#8221;:&#8221;&#8221;,&#8221;thumb_size&#8221;:&#8221;full&#8221;,&#8221;icon_hidden&#8221;:true,&#8221;caption_img_box&#8221;:&#8221;&#8221;,&#8221;alt&#8221;:&#8221;&#8221;}]}],&#8221;section_settings&#8221;:&#8221;&#8221;},&#8221;section_aSGAU&#8221;:{&#8220;component&#8221;:&#8221;hc_section&#8221;,&#8221;id&#8221;:&#8221;section_aSGAU&#8221;,&#8221;section_width&#8221;:&#8221;&#8221;,&#8221;animation&#8221;:&#8221;&#8221;,&#8221;animation_time&#8221;:&#8221;&#8221;,&#8221;timeline_animation&#8221;:&#8221;&#8221;,&#8221;timeline_delay&#8221;:&#8221;&#8221;,&#8221;timeline_order&#8221;:&#8221;&#8221;,&#8221;vertical_row&#8221;:&#8221;&#8221;,&#8221;css_classes&#8221;:&#8221;no-padding-bottom no-padding-top &#8220;,&#8221;custom_css_classes&#8221;:&#8221;blogtext&#8221;,&#8221;custom_css_styles&#8221;:&#8221;&#8221;,&#8221;section_content&#8221;:[{&#8220;component&#8221;:&#8221;hc_column&#8221;,&#8221;id&#8221;:&#8221;column_0qrhK&#8221;,&#8221;column_width&#8221;:&#8221;col-md-12&#8243;,&#8221;animation&#8221;:&#8221;&#8221;,&#8221;animation_time&#8221;:&#8221;&#8221;,&#8221;timeline_animation&#8221;:&#8221;&#8221;,&#8221;timeline_delay&#8221;:&#8221;&#8221;,&#8221;timeline_order&#8221;:&#8221;&#8221;,&#8221;css_classes&#8221;:&#8221;&#8221;,&#8221;custom_css_classes&#8221;:&#8221;&#8221;,&#8221;custom_css_styles&#8221;:&#8221;&#8221;,&#8221;main_content&#8221;:[{&#8220;component&#8221;:&#8221;hc_wp_editor&#8221;,&#8221;id&#8221;:&#8221;gE6EW&#8221;,&#8221;css_classes&#8221;:&#8221;&#8221;,&#8221;custom_css_classes&#8221;:&#8221;&#8221;,&#8221;custom_css_styles&#8221;:&#8221;&#8221;,&#8221;editor_content&#8221;:&#8221;<\/p>\n<div>\\n<\/p>\n<div>\\n<\/p>\n<div>\n<article dir='auto'>\\n<\/p>\n<div>\\n<\/p>\n<div>\\n<\/p>\n<div>\\n<\/p>\n<div>\\n<\/p>\n<div>\\n<\/p>\n<div dir='auto'>\\n<\/p>\n<div>\\n<\/p>\n<div>\\n\\nYeni nesil giri\u015fimcilik anlay\u0131\u015f\u0131 art\u0131k sadece k\u00e2r odakl\u0131 de\u011fil; anlam, de\u011fer, s\u00fcrd\u00fcr\u00fclebilirlik ve sosyal etkiyle \u015fekilleniyor. Bu d\u00f6n\u00fc\u015f\u00fcm\u00fcn en dikkat \u00e7ekici akt\u00f6rlerinden biri ise kad\u0131n giri\u015fimciler. Onlar, \u00fcretmenin sadece ekonomik bir faaliyet de\u011fil; ayn\u0131 zamanda topluma katk\u0131 sa\u011flayan bir yolculuk oldu\u011funa inan\u0131yor ve bunu her g\u00fcn yeniden kan\u0131tl\u0131yorlar.\\n\\n2024 y\u0131l\u0131 itibar\u0131yla T\u00fcrkiye\u2019de kad\u0131n giri\u015fimcilerin oran\u0131 %18,2\u2019ye ula\u015ft\u0131. Bu oran ge\u00e7mi\u015f y\u0131llara g\u00f6re art\u0131\u015f g\u00f6sterse de h\u00e2l\u00e2 potansiyelin alt\u0131nda. Buna ra\u011fmen kad\u0131n giri\u015fimcilerin varl\u0131\u011f\u0131 sadece rakamlarla de\u011fil, d\u00f6n\u00fc\u015f\u00fcm g\u00fcc\u00fcyle de hissediliyor. Giri\u015fimlerini kurarken ayn\u0131 zamanda istihdam yarat\u0131yor, topluma fayda sa\u011fl\u0131yor ve dijitalle\u015fme, sosyal etki, \u00e7evre duyarl\u0131l\u0131\u011f\u0131 gibi yeni ku\u015fa\u011f\u0131n \u00f6nceliklerini i\u015f modellerine ta\u015f\u0131yorlar.\\n\\nKad\u0131n giri\u015fimciler art\u0131k b\u00fcy\u00fck \u015fehirlerle s\u0131n\u0131rl\u0131 de\u011fil. Anadolu\u2019nun farkl\u0131 k\u00f6\u015felerinde, mikro \u00f6l\u00e7ekli i\u015fletmelerden global pazarlara a\u00e7\u0131lan markalara kadar geni\u015f bir etki alan\u0131 olu\u015fturuyorlar. Re\u00e7el \u00fcretiminden yaz\u0131l\u0131m ihracat\u0131na, tekstilden s\u00fcrd\u00fcr\u00fclebilir mimariye kadar bir\u00e7ok alanda kad\u0131n eli de\u011fen i\u015fler y\u00fckseli\u015fte.\\n\\nKad\u0131nlar\u0131n i\u015fg\u00fcc\u00fcne kat\u0131l\u0131m oran\u0131 2024 itibar\u0131yla %36,8\u2019e, istihdam oran\u0131 ise %32,5\u2019e y\u00fckseldi. T\u00fcrkiye\u2019nin 12. Kalk\u0131nma Plan\u0131 \u00e7er\u00e7evesinde, bu oranlar\u0131n 2028 y\u0131l\u0131na kadar s\u0131ras\u0131yla %40,1 ve %36,2 seviyelerine \u00e7\u0131kar\u0131lmas\u0131 hedefleniyor. Kad\u0131n giri\u015fimcili\u011fi bu hedeflerin en g\u00fc\u00e7l\u00fc motorlar\u0131ndan biri olabilir.\\n\\nKad\u0131n giri\u015fimcilere 2024 y\u0131l\u0131nda yakla\u015f\u0131k <strong>208 milyar TL<\/strong>&nbsp;kredi kulland\u0131r\u0131ld\u0131. Bu, son y\u0131llarda devletin ve \u00f6zel sekt\u00f6r\u00fcn kad\u0131n odakl\u0131 finansman modellerine g\u00f6sterdi\u011fi ilginin \u00f6nemli bir g\u00f6stergesi. Ancak bu kredilerin b\u00fcy\u00fck bir k\u0131sm\u0131 h\u00e2l\u00e2 mikro \u00f6l\u00e7ekli i\u015fletmelerde yo\u011funla\u015f\u0131yor. Giri\u015fim sermayesi ve melek yat\u0131r\u0131m a\u011flar\u0131nda kad\u0131n odakl\u0131 fonlar\u0131n g\u00fc\u00e7lendirilmesi, y\u00fcksek potansiyelli i\u015f fikirlerinin b\u00fcy\u00fcmesini destekleyecektir.\\n\\n<strong>Kad\u0131n giri\u015fimcili\u011finin desteklenmesi, sadece ekonomik g\u00f6stergeleri de\u011fil, toplumsal refah\u0131 da do\u011frudan etkiliyor. T\u00fcrkiye&#8217;de kad\u0131nlar\u0131n i\u015fg\u00fcc\u00fcne kat\u0131l\u0131m oran\u0131 2024 itibar\u0131yla %36,8; kad\u0131n istihdam oran\u0131 %32,5 d\u00fczeyinde. Kad\u0131n giri\u015fimcili\u011fi %18,2 seviyesine ula\u015fm\u0131\u015f durumda. Bu oranlar\u0131n OECD ortalamalar\u0131na yakla\u015ft\u0131r\u0131lmas\u0131, T\u00fcrkiye ekonomisine 2028\u2019e kadar 200 milyar USD\u2019ye yak\u0131n ilave katk\u0131 sa\u011flayabilir.\\n\\n<\/strong>Kad\u0131nlar\u0131n ekonomik olarak g\u00fc\u00e7lenmesi, ayn\u0131 zamanda \u015fiddet d\u00f6ng\u00fcs\u00fcn\u00fc k\u0131rmada kritik bir rol oynamaktad\u0131r. 2024&#8217;\u00fcn ilk yar\u0131s\u0131nda bas\u0131na yans\u0131yan verilere g\u00f6re <strong>234 kad\u0131n \u00f6ld\u00fcr\u00fcld\u00fc<\/strong>,&nbsp;<strong>182 kad\u0131n ise \u015f\u00fcpheli \u015fekilde hayat\u0131n\u0131 kaybetti<\/strong>. \u015eiddet ma\u011fduru kad\u0131nlar\u0131n b\u00fcy\u00fck k\u0131sm\u0131 ekonomik ba\u011f\u0131ms\u0131zl\u0131ktan yoksun.\\n\\n<\/div>\n<p>\\n<\/p><\/div>\n<p>\\n<\/p><\/div>\n<p>\\n<\/p><\/div>\n<p>\\n<\/p><\/div>\n<p>\\n<\/p><\/div>\n<p>\\n<\/p><\/div>\n<p>\\n<\/p><\/div>\n<p>\\n<\/article>\n<\/div>\n<p>\\n<\/p><\/div>\n<p>\\n<\/p><\/div>\n<p>\\n<\/p>\n<div>\n<article dir='auto'>\\n<\/p>\n<div dir='auto'>\\n\\nBu ger\u00e7ek, kad\u0131n giri\u015fimcili\u011fini sadece ekonomik de\u011fil, ayn\u0131 zamanda <strong>hayat kurtaran bir \u00e7\u00f6z\u00fcm<\/strong>&nbsp;olarak da g\u00f6rmemiz gerekti\u011fini ortaya koyuyor.\\n\\n&nbsp;\\n\\n<\/div>\n<p>\\n<\/article>\n<\/div>\n<p>\\n<\/p>\n<div>\\n<\/p>\n<div>\\n<\/p>\n<div>\n<article dir='auto'>\\n<\/p>\n<div>\\n<\/p>\n<div>\\n<\/p>\n<div>\\n<\/p>\n<div>\\n<\/p>\n<div>\\n<\/p>\n<div dir='auto'>\\n<\/p>\n<div>\\n<\/p>\n<div>\\n\\n<strong><span style='font-size: 16px;'>\u00d6ng\u00f6r\u00fcler:<\/span><\/strong>\\n\\n<\/div>\n<p>\\n<\/p><\/div>\n<p>\\n<\/p><\/div>\n<p>\\n<\/p><\/div>\n<p>\\n<\/p><\/div>\n<p>\\n<\/p><\/div>\n<p>\\n<\/p><\/div>\n<p>\\n<\/p><\/div>\n<p>\\n<\/article>\n<\/div>\n<p>\\n<\/p><\/div>\n<p>\\n<\/p><\/div>\n<p>\\n<\/p>\n<div>\\n<\/p>\n<div>\\n<\/p>\n<div>\n<article dir='auto'>\\n<\/p>\n<div>\\n<\/p>\n<div>\\n<\/p>\n<div>\\n<\/p>\n<div>\\n<\/p>\n<div>\\n<\/p>\n<div dir='auto'>\\n<\/p>\n<div>\\n<\/p>\n<div>\\n<\/p>\n<ul>\\n \\t<\/p>\n<li>Kad\u0131n giri\u015fimcilik oran\u0131 2028\u2019e kadar %25\u2019i a\u015fabilir.<\/li>\n<p>\\n \\t<\/p>\n<li>Giri\u015fimcilik destek programlar\u0131, yerelde kalk\u0131nmay\u0131 ve kad\u0131n istihdam\u0131n\u0131 art\u0131racakt\u0131r.<\/li>\n<p>\\n \\t<\/p>\n<li>Kad\u0131nlar\u0131n g\u00fc\u00e7lenmesiyle birlikte, aile i\u00e7i \u015fiddet oranlar\u0131nda da d\u00fc\u015f\u00fc\u015f sa\u011flanabilir.<\/li>\n<p>\\n \\t<\/p>\n<li>Kad\u0131nlar\u0131n rol model olmas\u0131, gen\u00e7 k\u0131zlar\u0131n kariyer yolculuklar\u0131na y\u00f6n verirken, toplumsal d\u00f6n\u00fc\u015f\u00fcm\u00fcn h\u0131zlanmas\u0131n\u0131 sa\u011flayacakt\u0131r.<\/li>\n<p>\\n<\/ul>\n<p>\\nBug\u00fcn\u00fcn kad\u0131n giri\u015fimcileri sadece ticari ba\u015far\u0131y\u0131 de\u011fil, toplumsal katk\u0131y\u0131 da \u00f6nceliklendiriyor. \u00c7evre duyarl\u0131l\u0131\u011f\u0131, yerel \u00fcretim, kad\u0131n istihdam\u0131, sosyal sorumluluk gibi konular art\u0131k bir\u00e7ok kad\u0131n giri\u015fiminin temel yap\u0131 ta\u015f\u0131. Bu, giri\u015fimcili\u011fi yaln\u0131zca bir meslek de\u011fil, bir de\u011fer \u00fcretim bi\u00e7imi haline getiriyor.\\n\\n<\/p><\/div>\n<p>\\n<\/p><\/div>\n<p>\\n<\/p><\/div>\n<p>\\n<\/p><\/div>\n<p>\\n<\/p><\/div>\n<p>\\n<\/p><\/div>\n<p>\\n<\/p><\/div>\n<p>\\n<\/p><\/div>\n<p>\\n<\/article>\n<\/div>\n<p>\\n<\/p><\/div>\n<p>\\n<\/p><\/div>\n<p>\\n<\/p>\n<div>\n<article dir='auto'>\\n<\/p>\n<div dir='auto'>\\n\\nKad\u0131n giri\u015fimcili\u011fi y\u00fckseldik\u00e7e; daha adil, daha s\u00fcrd\u00fcr\u00fclebilir ve daha yenilik\u00e7i bir ekonomi m\u00fcmk\u00fcn olacak. Yeni nesil giri\u015fimcili\u011fin kad\u0131n y\u00fcz\u00fc; g\u00fc\u00e7l\u00fc, diren\u00e7li ve d\u00f6n\u00fc\u015ft\u00fcr\u00fcc\u00fc. Bu y\u00fcz sadece bug\u00fcn\u00fc de\u011fil, gelece\u011fi de \u015fekillendiriyor.\\n\\n<\/div>\n<p>\\n<\/article>\n<\/div>\n<p>&#8220;}]},{&#8220;component&#8221;:&#8221;hc_column&#8221;,&#8221;id&#8221;:&#8221;column_7aIP1&#8243;,&#8221;column_width&#8221;:&#8221;col-md-12&#8243;,&#8221;animation&#8221;:&#8221;&#8221;,&#8221;animation_time&#8221;:&#8221;&#8221;,&#8221;timeline_animation&#8221;:&#8221;&#8221;,&#8221;timeline_delay&#8221;:&#8221;&#8221;,&#8221;timeline_order&#8221;:&#8221;&#8221;,&#8221;css_classes&#8221;:&#8221;&#8221;,&#8221;custom_css_classes&#8221;:&#8221;socialbox&#8221;,&#8221;custom_css_styles&#8221;:&#8221;&#8221;,&#8221;main_content&#8221;:[{&#8220;component&#8221;:&#8221;hc_space&#8221;,&#8221;id&#8221;:&#8221;Hdg76&#8243;,&#8221;css_classes&#8221;:&#8221;&#8221;,&#8221;custom_css_classes&#8221;:&#8221;&#8221;,&#8221;custom_css_styles&#8221;:&#8221;&#8221;,&#8221;size&#8221;:&#8221;space-sm&#8221;,&#8221;height&#8221;:&#8221;&#8221;},{&#8220;component&#8221;:&#8221;hc_text_block&#8221;,&#8221;id&#8221;:&#8221;zmr0F&#8221;,&#8221;css_classes&#8221;:&#8221;&#8221;,&#8221;custom_css_classes&#8221;:&#8221;&#8221;,&#8221;custom_css_styles&#8221;:&#8221;&#8221;,&#8221;content&#8221;:&#8221;Payla\u015f:&#8221;},{&#8220;component&#8221;:&#8221;hc_social_share_buttons&#8221;,&#8221;id&#8221;:&#8221;P7L30&#8243;,&#8221;css_classes&#8221;:&#8221;&#8221;,&#8221;custom_css_classes&#8221;:&#8221;&#8221;,&#8221;custom_css_styles&#8221;:&#8221;&#8221;,&#8221;style&#8221;:&#8221;icon-links-button&#8221;,&#8221;size&#8221;:&#8221;&#8221;,&#8221;alignment&#8221;:&#8221;&#8221;,&#8221;type&#8221;:&#8221;&#8221;,&#8221;social_colors&#8221;:true,&#8221;fb&#8221;:true,&#8221;fb_link&#8221;:&#8221;&#8221;,&#8221;tw&#8221;:true,&#8221;tw_link&#8221;:&#8221;&#8221;,&#8221;pi&#8221;:true,&#8221;pi_link&#8221;:&#8221;&#8221;,&#8221;li&#8221;:true,&#8221;li_link&#8221;:&#8221;&#8221;}]}],&#8221;section_settings&#8221;:&#8221;&#8221;},&#8221;section_dDpN7&#8243;:{&#8220;component&#8221;:&#8221;hc_section&#8221;,&#8221;id&#8221;:&#8221;section_dDpN7&#8243;,&#8221;section_width&#8221;:&#8221;&#8221;,&#8221;animation&#8221;:&#8221;&#8221;,&#8221;animation_time&#8221;:&#8221;&#8221;,&#8221;timeline_animation&#8221;:&#8221;&#8221;,&#8221;timeline_delay&#8221;:&#8221;&#8221;,&#8221;timeline_order&#8221;:&#8221;&#8221;,&#8221;vertical_row&#8221;:&#8221;&#8221;,&#8221;css_classes&#8221;:&#8221;section-color &#8220;,&#8221;custom_css_classes&#8221;:&#8221;&#8221;,&#8221;custom_css_styles&#8221;:&#8221;&#8221;,&#8221;section_content&#8221;:[{&#8220;component&#8221;:&#8221;hc_column&#8221;,&#8221;id&#8221;:&#8221;XLZ44&#8243;,&#8221;column_width&#8221;:&#8221;col-md-12&#8243;,&#8221;animation&#8221;:&#8221;&#8221;,&#8221;animation_time&#8221;:&#8221;&#8221;,&#8221;timeline_animation&#8221;:&#8221;&#8221;,&#8221;timeline_delay&#8221;:&#8221;&#8221;,&#8221;timeline_order&#8221;:&#8221;&#8221;,&#8221;css_classes&#8221;:&#8221;&#8221;,&#8221;custom_css_classes&#8221;:&#8221;&#8221;,&#8221;custom_css_styles&#8221;:&#8221;&#8221;,&#8221;main_content&#8221;:[{&#8220;component&#8221;:&#8221;hc_title_tag&#8221;,&#8221;id&#8221;:&#8221;4AoyD&#8221;,&#8221;css_classes&#8221;:&#8221;&#8221;,&#8221;custom_css_classes&#8221;:&#8221;&#8221;,&#8221;custom_css_styles&#8221;:&#8221;&#8221;,&#8221;text&#8221;:&#8221;Son Yaz\u0131lar&#8221;,&#8221;tag&#8221;:&#8221;h2&#8243;},{&#8220;component&#8221;:&#8221;hc_space&#8221;,&#8221;id&#8221;:&#8221;TsAHd&#8221;,&#8221;css_classes&#8221;:&#8221;&#8221;,&#8221;custom_css_classes&#8221;:&#8221;&#8221;,&#8221;custom_css_styles&#8221;:&#8221;&#8221;,&#8221;size&#8221;:&#8221;space&#8221;,&#8221;height&#8221;:&#8221;&#8221;},{&#8220;component&#8221;:&#8221;hc_pt_grid_list&#8221;,&#8221;id&#8221;:&#8221;J9IEW&#8221;,&#8221;css_classes&#8221;:&#8221;&#8221;,&#8221;custom_css_classes&#8221;:&#8221;&#8221;,&#8221;custom_css_styles&#8221;:&#8221;&#8221;,&#8221;post_type_slug&#8221;:&#8221;post&#8221;,&#8221;post_type_category&#8221;:&#8221;yazilar&#8221;,&#8221;column&#8221;:&#8221;2&#8243;,&#8221;column_lg&#8221;:&#8221;2&#8243;,&#8221;column_md&#8221;:&#8221;2&#8243;,&#8221;column_sm&#8221;:&#8221;1&#8243;,&#8221;column_xs&#8221;:&#8221;1&#8243;,&#8221;margins&#8221;:&#8221;&#8221;,&#8221;pag_type&#8221;:&#8221;load_more&#8221;,&#8221;pag_items&#8221;:&#8221;2&#8243;,&#8221;pag_size&#8221;:&#8221;&#8221;,&#8221;pag_animation&#8221;:&#8221;fade-top&#8221;,&#8221;pag_scroll_top&#8221;:false,&#8221;pag_position&#8221;:&#8221;align-center&#8221;,&#8221;pag_button_prev&#8221;:&#8221;&#8221;,&#8221;pag_button_next&#8221;:&#8221;&#8221;,&#8221;lm_lazy&#8221;:false,&#8221;lm_button_text&#8221;:&#8221;Daha Fazla&#8221;,&#8221;box&#8221;:&#8221;blog_top&#8221;,&#8221;boxed&#8221;:true,&#8221;extra&#8221;:false,&#8221;content&#8221;:&#8221;&#8221;,&#8221;title_length&#8221;:&#8221;36&#8243;,&#8221;excerpt_length&#8221;:&#8221;75&#8243;,&#8221;title_size&#8221;:&#8221;text-md&#8221;,&#8221;custom_css&#8221;:&#8221;&#8221;,&#8221;button_text&#8221;:&#8221;&#8221;,&#8221;button_style&#8221;:&#8221;square&#8221;,&#8221;button_dimensions&#8221;:&#8221;btn-lg&#8221;,&#8221;button_animation&#8221;:false,&#8221;button_icon&#8221;:&#8221;&#8221;}]}],&#8221;section_settings&#8221;:&#8221;&#8221;},&#8221;scripts&#8221;:{&#8220;lightbox&#8221;:&#8221;magnific-popup.min.js&#8221;,&#8221;pagination&#8221;:&#8221;pagination.min.js&#8221;},&#8221;css&#8221;:{&#8220;lightbox&#8221;:&#8221;css\/magnific-popup.css&#8221;,&#8221;content_box&#8221;:&#8221;css\/content-box.css&#8221;,&#8221;media_box&#8221;:&#8221;css\/media-box.css&#8221;},&#8221;css_page&#8221;:&#8221;&#8221;,&#8221;template_setting&#8221;:{},&#8221;template_setting_top&#8221;:{},&#8221;page_setting&#8221;:{&#8220;settings&#8221;:[&#8220;lock-mode-off&#8221;]},&#8221;post_type_setting&#8221;:{&#8220;settings&#8221;:{&#8220;image&#8221;:&#8221;https:\/\/www.cigdemguven.com\/medias\/2025\/08\/cigdem-guven-kadin-girisimci.jpg|714|1024|3842&#8243;,&#8221;excerpt&#8221;:&#8221;Yeni nesil giri\u015fimcilik anlay\u0131\u015f\u0131 art\u0131k sadece k\u00e2r odakl\u0131 de\u011fil; anlam, de\u011fer, s\u00fcrd\u00fcr\u00fclebilirlik ve sosyal etkiyle \u015fekilleniyor. Bu d\u00f6n\u00fc\u015f\u00fcm\u00fcn en dikkat \u00e7ekici akt\u00f6rlerinden biri ise kad\u0131n giri\u015fimciler. Onlar, \u00fcretmenin sadece ekonomik bir faaliyet de\u011fil; ayn\u0131 zamanda topluma katk\u0131 sa\u011flayan bir yolculuk oldu\u011funa inan\u0131yor ve bunu her g\u00fcn yeniden kan\u0131tl\u0131yorlar.&#8221;,&#8221;extra_1&#8243;:&#8221;Yaz\u0131&#8221;,&#8221;extra_2&#8243;:&#8221;&#8221;,&#8221;icon&#8221;:{&#8220;icon&#8221;:&#8221;&#8221;,&#8221;icon_style&#8221;:&#8221;&#8221;,&#8221;icon_image&#8221;:&#8221;&#8221;}}}}<\/p>\n","protected":false},"excerpt":{"rendered":"<p>Yeni nesil giri\u015fimcilik anlay\u0131\u015f\u0131 art\u0131k sadece k\u00e2r odakl\u0131 de\u011fil; anlam, de\u011fer, s\u00fcrd\u00fcr\u00fclebilirlik ve sosyal etkiyle \u015fekilleniyor. Bu d\u00f6n\u00fc\u015f\u00fcm\u00fcn en dikkat \u00e7ekici akt\u00f6rlerinden biri ise kad\u0131n giri\u015fimciler. Onlar, \u00fcretmenin sadece ekonomik bir faaliyet de\u011fil; ayn\u0131 zamanda topluma katk\u0131 sa\u011flayan bir yolculuk oldu\u011funa inan\u0131yor ve bunu her g\u00fcn yeniden kan\u0131tl\u0131yorlar.<\/p>\n","protected":false},"author":1,"featured_media":3842,"comment_status":"closed","ping_status":"open","sticky":false,"template":"","format":"standard","meta":{"footnotes":""},"categories":[12,19],"tags":[],"class_list":["post-3841","post","type-post","status-publish","format-standard","has-post-thumbnail","hentry","category-genel","category-yazilar"],"yoast_head":"\n<title>Yeni Nesil Giri\u015fimcili\u011fin Kad\u0131n Y\u00fcz\u00fc | \u00c7i\u011fdem G\u00fcven Management Consulting &amp; Coaching &amp; Mentoring Services<\/title>\n<meta name=\"robots\" content=\"index, follow, max-snippet:-1, max-image-preview:large, max-video-preview:-1\" \/>\n<link rel=\"canonical\" href=\"https:\/\/www.cigdemguven.com\/tr\/yazilar\/yeni-nesil-girisimciligin-kadin-yuzu\/\" \/>\n<meta property=\"og:locale\" content=\"tr_TR\" \/>\n<meta property=\"og:type\" content=\"article\" \/>\n<meta property=\"og:title\" content=\"Yeni Nesil Giri\u015fimcili\u011fin Kad\u0131n Y\u00fcz\u00fc | \u00c7i\u011fdem G\u00fcven Management Consulting &amp; Coaching &amp; Mentoring Services\" \/>\n<meta property=\"og:description\" content=\"Yeni nesil giri\u015fimcilik anlay\u0131\u015f\u0131 art\u0131k sadece k\u00e2r odakl\u0131 de\u011fil; anlam, de\u011fer, s\u00fcrd\u00fcr\u00fclebilirlik ve sosyal etkiyle \u015fekilleniyor. Bu d\u00f6n\u00fc\u015f\u00fcm\u00fcn en dikkat \u00e7ekici akt\u00f6rlerinden biri ise kad\u0131n giri\u015fimciler. Onlar, \u00fcretmenin sadece ekonomik bir faaliyet de\u011fil; ayn\u0131 zamanda topluma katk\u0131 sa\u011flayan bir yolculuk oldu\u011funa inan\u0131yor ve bunu her g\u00fcn yeniden kan\u0131tl\u0131yorlar.\" \/>\n<meta property=\"og:url\" content=\"https:\/\/www.cigdemguven.com\/tr\/yazilar\/yeni-nesil-girisimciligin-kadin-yuzu\/\" \/>\n<meta property=\"og:site_name\" content=\"\u00c7i\u011fdem G\u00fcven Management Consulting &amp; Coaching &amp; Mentoring Services\" \/>\n<meta property=\"article:publisher\" content=\"https:\/\/www.facebook.com\/cigdemguvendanisman\" \/>\n<meta property=\"article:published_time\" content=\"2025-06-05T08:59:06+00:00\" \/>\n<meta property=\"article:modified_time\" content=\"2025-08-22T09:27:03+00:00\" \/>\n<meta property=\"og:image\" content=\"https:\/\/www.cigdemguven.com\/medias\/2025\/08\/cigdem-guven-kadin-girisimci.jpg\" \/>\n\t<meta property=\"og:image:width\" content=\"1024\" \/>\n\t<meta property=\"og:image:height\" content=\"714\" \/>\n\t<meta property=\"og:image:type\" content=\"image\/jpeg\" \/>\n<meta name=\"author\" content=\"\u00c7i\u011fdem G\u00fcven\" \/>\n<meta name=\"twitter:card\" content=\"summary_large_image\" \/>\n<meta name=\"twitter:creator\" content=\"@cigdemguvencom\" \/>\n<meta name=\"twitter:site\" content=\"@cigdemguvencom\" \/>\n<meta name=\"twitter:label1\" content=\"Yazan:\" \/>\n\t<meta name=\"twitter:data1\" content=\"\u00c7i\u011fdem G\u00fcven\" \/>\n\t<meta name=\"twitter:label2\" content=\"Tahmini okuma s\u00fcresi\" \/>\n\t<meta name=\"twitter:data2\" content=\"7 dakika\" \/>\n<script type=\"application\/ld+json\" class=\"yoast-schema-graph\">{\"@context\":\"https:\/\/schema.org\",\"@graph\":[{\"@type\":\"Article\",\"@id\":\"https:\/\/www.cigdemguven.com\/tr\/yazilar\/yeni-nesil-girisimciligin-kadin-yuzu\/#article\",\"isPartOf\":{\"@id\":\"https:\/\/www.cigdemguven.com\/tr\/yazilar\/yeni-nesil-girisimciligin-kadin-yuzu\/\"},\"author\":{\"name\":\"\u00c7i\u011fdem G\u00fcven\",\"@id\":\"https:\/\/www.cigdemguven.com\/tr\/#\/schema\/person\/abd506d3b37ae4dd04e7393ca6ac5921\"},\"headline\":\"Yeni Nesil Giri\u015fimcili\u011fin Kad\u0131n Y\u00fcz\u00fc\",\"datePublished\":\"2025-06-05T08:59:06+00:00\",\"dateModified\":\"2025-08-22T09:27:03+00:00\",\"mainEntityOfPage\":{\"@id\":\"https:\/\/www.cigdemguven.com\/tr\/yazilar\/yeni-nesil-girisimciligin-kadin-yuzu\/\"},\"wordCount\":1506,\"publisher\":{\"@id\":\"https:\/\/www.cigdemguven.com\/tr\/#organization\"},\"articleSection\":{\"1\":\"Yaz\u0131lar\"},\"inLanguage\":\"tr\"},{\"@type\":\"WebPage\",\"@id\":\"https:\/\/www.cigdemguven.com\/tr\/yazilar\/yeni-nesil-girisimciligin-kadin-yuzu\/\",\"url\":\"https:\/\/www.cigdemguven.com\/tr\/yazilar\/yeni-nesil-girisimciligin-kadin-yuzu\/\",\"name\":\"Yeni Nesil Giri\u015fimcili\u011fin Kad\u0131n Y\u00fcz\u00fc | \u00c7i\u011fdem G\u00fcven Management Consulting &amp; Coaching &amp; Mentoring Services\",\"isPartOf\":{\"@id\":\"https:\/\/www.cigdemguven.com\/tr\/#website\"},\"datePublished\":\"2025-06-05T08:59:06+00:00\",\"dateModified\":\"2025-08-22T09:27:03+00:00\",\"breadcrumb\":{\"@id\":\"https:\/\/www.cigdemguven.com\/tr\/yazilar\/yeni-nesil-girisimciligin-kadin-yuzu\/#breadcrumb\"},\"inLanguage\":\"tr\",\"potentialAction\":[{\"@type\":\"ReadAction\",\"target\":[\"https:\/\/www.cigdemguven.com\/tr\/yazilar\/yeni-nesil-girisimciligin-kadin-yuzu\/\"]}]},{\"@type\":\"BreadcrumbList\",\"@id\":\"https:\/\/www.cigdemguven.com\/tr\/yazilar\/yeni-nesil-girisimciligin-kadin-yuzu\/#breadcrumb\",\"itemListElement\":[{\"@type\":\"ListItem\",\"position\":1,\"name\":\"Home\",\"item\":\"https:\/\/www.cigdemguven.com\/tr\/\"},{\"@type\":\"ListItem\",\"position\":2,\"name\":\"Yeni Nesil Giri\u015fimcili\u011fin Kad\u0131n Y\u00fcz\u00fc\"}]},{\"@type\":\"WebSite\",\"@id\":\"https:\/\/www.cigdemguven.com\/tr\/#website\",\"url\":\"https:\/\/www.cigdemguven.com\/tr\/\",\"name\":\"\u00c7i\u011fdem G\u00fcven Management Consulting &amp; Coaching &amp; Mentoring Services\",\"description\":\"Management Consulting &amp; Coaching &amp; Mentoring Services\",\"publisher\":{\"@id\":\"https:\/\/www.cigdemguven.com\/tr\/#organization\"},\"potentialAction\":[{\"@type\":\"SearchAction\",\"target\":{\"@type\":\"EntryPoint\",\"urlTemplate\":\"https:\/\/www.cigdemguven.com\/tr\/?s={search_term_string}\"},\"query-input\":\"required name=search_term_string\"}],\"inLanguage\":\"tr\"},{\"@type\":\"Organization\",\"@id\":\"https:\/\/www.cigdemguven.com\/tr\/#organization\",\"name\":\"\u00c7i\u011fdem G\u00fcven Management Consulting & Coaching & Mentoring Services\",\"url\":\"https:\/\/www.cigdemguven.com\/tr\/\",\"logo\":{\"@type\":\"ImageObject\",\"inLanguage\":\"tr\",\"@id\":\"https:\/\/www.cigdemguven.com\/tr\/#\/schema\/logo\/image\/\",\"url\":\"https:\/\/www.cigdemguven.com\/medias\/2021\/12\/cigdem-guven-logo.svg\",\"contentUrl\":\"https:\/\/www.cigdemguven.com\/medias\/2021\/12\/cigdem-guven-logo.svg\",\"width\":1,\"height\":1,\"caption\":\"\u00c7i\u011fdem G\u00fcven Management Consulting & Coaching & Mentoring Services\"},\"image\":{\"@id\":\"https:\/\/www.cigdemguven.com\/tr\/#\/schema\/logo\/image\/\"},\"sameAs\":[\"https:\/\/www.facebook.com\/cigdemguvendanisman\",\"https:\/\/twitter.com\/cigdemguvencom\",\"https:\/\/www.instagram.com\/cigdemguvendanismanlik\/\",\"https:\/\/www.linkedin.com\/in\/cigdemguvendanismanlik\/\"]},{\"@type\":\"Person\",\"@id\":\"https:\/\/www.cigdemguven.com\/tr\/#\/schema\/person\/abd506d3b37ae4dd04e7393ca6ac5921\",\"name\":\"\u00c7i\u011fdem G\u00fcven\",\"sameAs\":[\"https:\/\/www.cigdemguven.com\"],\"url\":\"https:\/\/www.cigdemguven.com\/tr\/author\/cigdemguven\/\"}]}<\/script>\n","yoast_head_json":{"title":"Yeni Nesil Giri\u015fimcili\u011fin Kad\u0131n Y\u00fcz\u00fc | \u00c7i\u011fdem G\u00fcven Management Consulting &amp; Coaching &amp; Mentoring Services","robots":{"index":"index","follow":"follow","max-snippet":"max-snippet:-1","max-image-preview":"max-image-preview:large","max-video-preview":"max-video-preview:-1"},"canonical":"https:\/\/www.cigdemguven.com\/tr\/yazilar\/yeni-nesil-girisimciligin-kadin-yuzu\/","og_locale":"tr_TR","og_type":"article","og_title":"Yeni Nesil Giri\u015fimcili\u011fin Kad\u0131n Y\u00fcz\u00fc | \u00c7i\u011fdem G\u00fcven Management Consulting &amp; Coaching &amp; Mentoring Services","og_description":"Yeni nesil giri\u015fimcilik anlay\u0131\u015f\u0131 art\u0131k sadece k\u00e2r odakl\u0131 de\u011fil; anlam, de\u011fer, s\u00fcrd\u00fcr\u00fclebilirlik ve sosyal etkiyle \u015fekilleniyor. Bu d\u00f6n\u00fc\u015f\u00fcm\u00fcn en dikkat \u00e7ekici akt\u00f6rlerinden biri ise kad\u0131n giri\u015fimciler. Onlar, \u00fcretmenin sadece ekonomik bir faaliyet de\u011fil; ayn\u0131 zamanda topluma katk\u0131 sa\u011flayan bir yolculuk oldu\u011funa inan\u0131yor ve bunu her g\u00fcn yeniden kan\u0131tl\u0131yorlar.","og_url":"https:\/\/www.cigdemguven.com\/tr\/yazilar\/yeni-nesil-girisimciligin-kadin-yuzu\/","og_site_name":"\u00c7i\u011fdem G\u00fcven Management Consulting &amp; Coaching &amp; Mentoring Services","article_publisher":"https:\/\/www.facebook.com\/cigdemguvendanisman","article_published_time":"2025-06-05T08:59:06+00:00","article_modified_time":"2025-08-22T09:27:03+00:00","og_image":[{"width":1024,"height":714,"url":"https:\/\/www.cigdemguven.com\/medias\/2025\/08\/cigdem-guven-kadin-girisimci.jpg","type":"image\/jpeg"}],"author":"\u00c7i\u011fdem G\u00fcven","twitter_card":"summary_large_image","twitter_creator":"@cigdemguvencom","twitter_site":"@cigdemguvencom","twitter_misc":{"Yazan:":"\u00c7i\u011fdem G\u00fcven","Tahmini okuma s\u00fcresi":"7 dakika"},"schema":{"@context":"https:\/\/schema.org","@graph":[{"@type":"Article","@id":"https:\/\/www.cigdemguven.com\/tr\/yazilar\/yeni-nesil-girisimciligin-kadin-yuzu\/#article","isPartOf":{"@id":"https:\/\/www.cigdemguven.com\/tr\/yazilar\/yeni-nesil-girisimciligin-kadin-yuzu\/"},"author":{"name":"\u00c7i\u011fdem G\u00fcven","@id":"https:\/\/www.cigdemguven.com\/tr\/#\/schema\/person\/abd506d3b37ae4dd04e7393ca6ac5921"},"headline":"Yeni Nesil Giri\u015fimcili\u011fin Kad\u0131n Y\u00fcz\u00fc","datePublished":"2025-06-05T08:59:06+00:00","dateModified":"2025-08-22T09:27:03+00:00","mainEntityOfPage":{"@id":"https:\/\/www.cigdemguven.com\/tr\/yazilar\/yeni-nesil-girisimciligin-kadin-yuzu\/"},"wordCount":1506,"publisher":{"@id":"https:\/\/www.cigdemguven.com\/tr\/#organization"},"articleSection":{"1":"Yaz\u0131lar"},"inLanguage":"tr"},{"@type":"WebPage","@id":"https:\/\/www.cigdemguven.com\/tr\/yazilar\/yeni-nesil-girisimciligin-kadin-yuzu\/","url":"https:\/\/www.cigdemguven.com\/tr\/yazilar\/yeni-nesil-girisimciligin-kadin-yuzu\/","name":"Yeni Nesil Giri\u015fimcili\u011fin Kad\u0131n Y\u00fcz\u00fc | \u00c7i\u011fdem G\u00fcven Management Consulting &amp; Coaching &amp; Mentoring Services","isPartOf":{"@id":"https:\/\/www.cigdemguven.com\/tr\/#website"},"datePublished":"2025-06-05T08:59:06+00:00","dateModified":"2025-08-22T09:27:03+00:00","breadcrumb":{"@id":"https:\/\/www.cigdemguven.com\/tr\/yazilar\/yeni-nesil-girisimciligin-kadin-yuzu\/#breadcrumb"},"inLanguage":"tr","potentialAction":[{"@type":"ReadAction","target":["https:\/\/www.cigdemguven.com\/tr\/yazilar\/yeni-nesil-girisimciligin-kadin-yuzu\/"]}]},{"@type":"BreadcrumbList","@id":"https:\/\/www.cigdemguven.com\/tr\/yazilar\/yeni-nesil-girisimciligin-kadin-yuzu\/#breadcrumb","itemListElement":[{"@type":"ListItem","position":1,"name":"Home","item":"https:\/\/www.cigdemguven.com\/tr\/"},{"@type":"ListItem","position":2,"name":"Yeni Nesil Giri\u015fimcili\u011fin Kad\u0131n Y\u00fcz\u00fc"}]},{"@type":"WebSite","@id":"https:\/\/www.cigdemguven.com\/tr\/#website","url":"https:\/\/www.cigdemguven.com\/tr\/","name":"\u00c7i\u011fdem G\u00fcven Management Consulting &amp; Coaching &amp; Mentoring Services","description":"Management Consulting &amp; Coaching &amp; Mentoring Services","publisher":{"@id":"https:\/\/www.cigdemguven.com\/tr\/#organization"},"potentialAction":[{"@type":"SearchAction","target":{"@type":"EntryPoint","urlTemplate":"https:\/\/www.cigdemguven.com\/tr\/?s={search_term_string}"},"query-input":"required name=search_term_string"}],"inLanguage":"tr"},{"@type":"Organization","@id":"https:\/\/www.cigdemguven.com\/tr\/#organization","name":"\u00c7i\u011fdem G\u00fcven Management Consulting & Coaching & Mentoring Services","url":"https:\/\/www.cigdemguven.com\/tr\/","logo":{"@type":"ImageObject","inLanguage":"tr","@id":"https:\/\/www.cigdemguven.com\/tr\/#\/schema\/logo\/image\/","url":"https:\/\/www.cigdemguven.com\/medias\/2021\/12\/cigdem-guven-logo.svg","contentUrl":"https:\/\/www.cigdemguven.com\/medias\/2021\/12\/cigdem-guven-logo.svg","width":1,"height":1,"caption":"\u00c7i\u011fdem G\u00fcven Management Consulting & Coaching & Mentoring Services"},"image":{"@id":"https:\/\/www.cigdemguven.com\/tr\/#\/schema\/logo\/image\/"},"sameAs":["https:\/\/www.facebook.com\/cigdemguvendanisman","https:\/\/twitter.com\/cigdemguvencom","https:\/\/www.instagram.com\/cigdemguvendanismanlik\/","https:\/\/www.linkedin.com\/in\/cigdemguvendanismanlik\/"]},{"@type":"Person","@id":"https:\/\/www.cigdemguven.com\/tr\/#\/schema\/person\/abd506d3b37ae4dd04e7393ca6ac5921","name":"\u00c7i\u011fdem G\u00fcven","sameAs":["https:\/\/www.cigdemguven.com"],"url":"https:\/\/www.cigdemguven.com\/tr\/author\/cigdemguven\/"}]}},"_links":{"self":[{"href":"https:\/\/www.cigdemguven.com\/tr\/wp-json\/wp\/v2\/posts\/3841","targetHints":{"allow":["GET"]}}],"collection":[{"href":"https:\/\/www.cigdemguven.com\/tr\/wp-json\/wp\/v2\/posts"}],"about":[{"href":"https:\/\/www.cigdemguven.com\/tr\/wp-json\/wp\/v2\/types\/post"}],"author":[{"embeddable":true,"href":"https:\/\/www.cigdemguven.com\/tr\/wp-json\/wp\/v2\/users\/1"}],"replies":[{"embeddable":true,"href":"https:\/\/www.cigdemguven.com\/tr\/wp-json\/wp\/v2\/comments?post=3841"}],"version-history":[{"count":8,"href":"https:\/\/www.cigdemguven.com\/tr\/wp-json\/wp\/v2\/posts\/3841\/revisions"}],"predecessor-version":[{"id":3852,"href":"https:\/\/www.cigdemguven.com\/tr\/wp-json\/wp\/v2\/posts\/3841\/revisions\/3852"}],"wp:featuredmedia":[{"embeddable":true,"href":"https:\/\/www.cigdemguven.com\/tr\/wp-json\/wp\/v2\/media\/3842"}],"wp:attachment":[{"href":"https:\/\/www.cigdemguven.com\/tr\/wp-json\/wp\/v2\/media?parent=3841"}],"wp:term":[{"taxonomy":"category","embeddable":true,"href":"https:\/\/www.cigdemguven.com\/tr\/wp-json\/wp\/v2\/categories?post=3841"},{"taxonomy":"post_tag","embeddable":true,"href":"https:\/\/www.cigdemguven.com\/tr\/wp-json\/wp\/v2\/tags?post=3841"}],"curies":[{"name":"wp","href":"https:\/\/api.w.org\/{rel}","templated":true}]}}