{"id":3702,"date":"2024-08-16T10:00:56","date_gmt":"2024-08-16T07:00:56","guid":{"rendered":"https:\/\/www.cigdemguven.com\/genel\/digital-transformation-in-conflict-management-new-strategies-with-technology\/"},"modified":"2024-08-18T22:35:46","modified_gmt":"2024-08-18T19:35:46","slug":"digital-transformation-in-conflict-management-new-strategies-with-technology","status":"publish","type":"post","link":"https:\/\/www.cigdemguven.com\/tr\/yazilar\/digital-transformation-in-conflict-management-new-strategies-with-technology\/","title":{"rendered":"\u00c7at\u0131\u015fma Y\u00f6netiminde Dijital D\u00f6n\u00fc\u015f\u00fcm: Teknoloji ile Gelen Yeni Stratejiler"},"content":{"rendered":"<p>{&#8220;main-title&#8221;:{&#8220;component&#8221;:&#8221;hc_title&#8221;,&#8221;id&#8221;:&#8221;main-title&#8221;,&#8221;title&#8221;:&#8221;&#8221;,&#8221;subtitle&#8221;:&#8221;&#8221;,&#8221;title_content&#8221;:{&#8220;component&#8221;:&#8221;hc_title_empty&#8221;,&#8221;id&#8221;:&#8221;title-empty&#8221;}},&#8221;section_QvNqz&#8221;:{&#8220;component&#8221;:&#8221;hc_section&#8221;,&#8221;id&#8221;:&#8221;section_QvNqz&#8221;,&#8221;section_width&#8221;:&#8221;&#8221;,&#8221;animation&#8221;:&#8221;&#8221;,&#8221;animation_time&#8221;:&#8221;&#8221;,&#8221;timeline_animation&#8221;:&#8221;&#8221;,&#8221;timeline_delay&#8221;:&#8221;&#8221;,&#8221;timeline_order&#8221;:&#8221;&#8221;,&#8221;vertical_row&#8221;:&#8221;&#8221;,&#8221;css_classes&#8221;:&#8221;section-color no-padding-bottom no-padding-top &#8220;,&#8221;custom_css_classes&#8221;:&#8221;containerblog&#8221;,&#8221;custom_css_styles&#8221;:&#8221;&#8221;,&#8221;section_content&#8221;:[{&#8220;component&#8221;:&#8221;hc_column&#8221;,&#8221;id&#8221;:&#8221;P1FCZ&#8221;,&#8221;column_width&#8221;:&#8221;col-md-12&#8243;,&#8221;animation&#8221;:&#8221;&#8221;,&#8221;animation_time&#8221;:&#8221;&#8221;,&#8221;timeline_animation&#8221;:&#8221;&#8221;,&#8221;timeline_delay&#8221;:&#8221;&#8221;,&#8221;timeline_order&#8221;:&#8221;&#8221;,&#8221;css_classes&#8221;:&#8221;boxed-area align-items-center &#8220;,&#8221;custom_css_classes&#8221;:&#8221;&#8221;,&#8221;custom_css_styles&#8221;:&#8221;&#8221;,&#8221;main_content&#8221;:[{&#8220;component&#8221;:&#8221;hc_title_tag&#8221;,&#8221;id&#8221;:&#8221;5ZtkF&#8221;,&#8221;css_classes&#8221;:&#8221;&#8221;,&#8221;custom_css_classes&#8221;:&#8221;&#8221;,&#8221;custom_css_styles&#8221;:&#8221;&#8221;,&#8221;text&#8221;:&#8221;\u00c7at\u0131\u015fma Y\u00f6netiminde Dijital D\u00f6n\u00fc\u015f\u00fcm: Teknoloji ile Gelen Yeni Stratejiler&#8221;,&#8221;tag&#8221;:&#8221;h1&#8243;},{&#8220;component&#8221;:&#8221;hc_image_box&#8221;,&#8221;id&#8221;:&#8221;P92Nk&#8221;,&#8221;css_classes&#8221;:&#8221;&#8221;,&#8221;custom_css_classes&#8221;:&#8221;&#8221;,&#8221;custom_css_styles&#8221;:&#8221;&#8221;,&#8221;image&#8221;:&#8221;https:\/\/www.cigdemguven.com\/medias\/2024\/08\/cigdem-guven-digital-transformation.jpg|714|1024|3698&#8243;,&#8221;link_type&#8221;:&#8221;lightbox&#8221;,&#8221;lightbox_animation&#8221;:&#8221;&#8221;,&#8221;caption&#8221;:&#8221;\u00c7at\u0131\u015fma Y\u00f6netiminde Dijital D\u00f6n\u00fc\u015f\u00fcm: Teknoloji ile Gelen Yeni Stratejiler&#8221;,&#8221;inner_caption&#8221;:false,&#8221;new_window&#8221;:false,&#8221;link&#8221;:&#8221;https:\/\/www.cigdemguven.com\/medias\/2024\/08\/cigdem-guven-digital-transformation.jpg&#8221;,&#8221;link_content&#8221;:[],&#8221;lightbox_size&#8221;:&#8221;&#8221;,&#8221;scrollbox&#8221;:false,&#8221;icon&#8221;:&#8221;&#8221;,&#8221;image_animation&#8221;:&#8221;&#8221;,&#8221;icon_animation&#8221;:&#8221;&#8221;,&#8221;thumb_size&#8221;:&#8221;full&#8221;,&#8221;icon_hidden&#8221;:true,&#8221;caption_img_box&#8221;:&#8221;&#8221;,&#8221;alt&#8221;:&#8221;&#8221;}]}],&#8221;section_settings&#8221;:&#8221;&#8221;},&#8221;section_aSGAU&#8221;:{&#8220;component&#8221;:&#8221;hc_section&#8221;,&#8221;id&#8221;:&#8221;section_aSGAU&#8221;,&#8221;section_width&#8221;:&#8221;&#8221;,&#8221;animation&#8221;:&#8221;&#8221;,&#8221;animation_time&#8221;:&#8221;&#8221;,&#8221;timeline_animation&#8221;:&#8221;&#8221;,&#8221;timeline_delay&#8221;:&#8221;&#8221;,&#8221;timeline_order&#8221;:&#8221;&#8221;,&#8221;vertical_row&#8221;:&#8221;&#8221;,&#8221;css_classes&#8221;:&#8221;no-padding-bottom no-padding-top &#8220;,&#8221;custom_css_classes&#8221;:&#8221;blogtext&#8221;,&#8221;custom_css_styles&#8221;:&#8221;&#8221;,&#8221;section_content&#8221;:[{&#8220;component&#8221;:&#8221;hc_column&#8221;,&#8221;id&#8221;:&#8221;column_0qrhK&#8221;,&#8221;column_width&#8221;:&#8221;col-md-12&#8243;,&#8221;animation&#8221;:&#8221;&#8221;,&#8221;animation_time&#8221;:&#8221;&#8221;,&#8221;timeline_animation&#8221;:&#8221;&#8221;,&#8221;timeline_delay&#8221;:&#8221;&#8221;,&#8221;timeline_order&#8221;:&#8221;&#8221;,&#8221;css_classes&#8221;:&#8221;&#8221;,&#8221;custom_css_classes&#8221;:&#8221;&#8221;,&#8221;custom_css_styles&#8221;:&#8221;&#8221;,&#8221;main_content&#8221;:[{&#8220;component&#8221;:&#8221;hc_wp_editor&#8221;,&#8221;id&#8221;:&#8221;gE6EW&#8221;,&#8221;css_classes&#8221;:&#8221;&#8221;,&#8221;custom_css_classes&#8221;:&#8221;&#8221;,&#8221;custom_css_styles&#8221;:&#8221;&#8221;,&#8221;editor_content&#8221;:&#8221;\u00c7at\u0131\u015fma, hayat\u0131m\u0131z\u0131n her alan\u0131nda kar\u015f\u0131la\u015ft\u0131\u011f\u0131m\u0131z bir ger\u00e7ek. \u0130ster evde, ister i\u015fte, isterse de dijital ortamda olsun, anla\u015fmazl\u0131klar ka\u00e7\u0131n\u0131lmazd\u0131r. Ancak g\u00fcn\u00fcm\u00fczde \u00e7at\u0131\u015fma y\u00f6netimi, dijital teknolojilerin etkisiyle k\u00f6kl\u00fc bir de\u011fi\u015fim ge\u00e7iriyor. Art\u0131k \u00e7at\u0131\u015fmalar\u0131 sadece y\u00fcz y\u00fcze de\u011fil, ayn\u0131 zamanda \u00e7evrimi\u00e7i ortamlarda da y\u00f6netmek zorunday\u0131z. Dijital d\u00fcnyada etkili bir \u00e7at\u0131\u015fma y\u00f6netimi, hem ki\u015fisel hem de profesyonel hayat\u0131m\u0131zda ba\u015far\u0131l\u0131 olman\u0131n anahtarlar\u0131ndan biri haline geldi.\\n\\nDijital ileti\u015fim ara\u00e7lar\u0131, \u00e7at\u0131\u015fma y\u00f6netiminde hem f\u0131rsatlar hem de zorluklar sunuyor. Bu nedenle, \u00e7at\u0131\u015fmalar\u0131 y\u00f6netirken dijital perspektiften bakmak ve stratejilerimizi bu do\u011frultuda g\u00fcncellemek gerekiyor. \u0130\u015fte dijital d\u00fcnyada \u00e7at\u0131\u015fma y\u00f6netimi i\u00e7in benim \u00f6nerdi\u011fim baz\u0131 stratejiler:\\n\\n<strong>1. \u00d6nyarg\u0131l\u0131 Adalet Alg\u0131s\u0131n\u0131 Dijitalle\u015fme ile A\u015fmak:<\/strong>&nbsp;\u00c7at\u0131\u015fmalar, dijital ortamda s\u0131kl\u0131kla yanl\u0131\u015f anla\u015f\u0131lmalardan kaynaklan\u0131r. Dijital ileti\u015fimde, tonlama ve beden dili gibi \u00f6nemli ipu\u00e7lar\u0131 eksiktir, bu da benmerkezci adalet alg\u0131s\u0131n\u0131 daha da peki\u015ftirebilir. Yapay zeka destekli ara\u00e7lar, mesajlar\u0131n duygu analizini yaparak, taraflar\u0131n birbirini daha iyi anlamas\u0131na yard\u0131mc\u0131 olabilir. B\u00f6ylece, yanl\u0131\u015f anlamalar\u0131n \u00f6n\u00fcne ge\u00e7ilebilir ve \u00e7at\u0131\u015fmalar daha h\u0131zl\u0131 \u00e7\u00f6z\u00fcl\u00fcr.\\n\\n<strong>2. Tehdit ve K\u0131\u015fk\u0131rt\u0131c\u0131 Hareketlerden Ka\u00e7\u0131nmak:<\/strong>&nbsp;Dijital d\u00fcnyada tehditler ve k\u0131\u015fk\u0131rt\u0131c\u0131 hareketler, sosyal medya ve e-posta \u00fczerinden \u00e7ok daha h\u0131zl\u0131 yay\u0131labilir. Bu durum, \u00e7at\u0131\u015fmay\u0131 b\u00fcy\u00fctebilir ve y\u00f6netilmesini zorla\u015ft\u0131rabilir. Ancak dijital platformlarda kullan\u0131lan izleme ara\u00e7lar\u0131, bu t\u00fcr tehditleri erken a\u015famada tespit edebilir ve m\u00fcdahale edilmesini sa\u011flayabilir. Bunun yan\u0131 s\u0131ra, dijital ortamda yap\u0131lan tehditlerin kal\u0131c\u0131 bir iz b\u0131rakt\u0131\u011f\u0131n\u0131 unutmamak gerekir; bu da uzun vadede ili\u015fkilerin zedelenmesine yol a\u00e7abilir.\\n\\n<strong>3. &#8216;Onlar&#8217; ve &#8216;Biz&#8217; Ayr\u0131m\u0131n\u0131 A\u015fmak:<\/strong>&nbsp;Dijital ileti\u015fim, farkl\u0131 gruplar aras\u0131ndaki ayr\u0131l\u0131klar\u0131 peki\u015ftirebilir. Ancak, bu ayr\u0131l\u0131klar\u0131 a\u015fmak i\u00e7in dijital ara\u00e7lar kullan\u0131labilir. \u00d6rne\u011fin, sanal ger\u00e7eklik (VR) ve art\u0131r\u0131lm\u0131\u015f ger\u00e7eklik (AR) gibi teknolojiler, farkl\u0131 gruplar\u0131n birbirini daha iyi anlamas\u0131na yard\u0131mc\u0131 olabilir. Ortak hedeflerinizi dijital ortamda net bir \u015fekilde belirlemek ve bu hedefleri destekleyen online i\u015fbirli\u011fi ara\u00e7lar\u0131 kullanmak, \u00e7at\u0131\u015fma y\u00f6netiminde etkili olabilir.\\n\\n<strong>4. Derin Sorunlar\u0131n Alt\u0131ndaki Sebepleri Ke\u015ffetmek:<\/strong>&nbsp;Dijital teknolojiler, veri analiti\u011fi ve yapay zeka sayesinde, \u00e7at\u0131\u015fmalar\u0131n alt\u0131ndaki derin nedenleri anlamam\u0131za yard\u0131mc\u0131 olabilir. \u00d6rne\u011fin, \u00e7al\u0131\u015fanlar\u0131n dijital izlerini takip eden yapay zeka sistemleri, i\u015f yerindeki stres kaynaklar\u0131n\u0131 ve potansiyel \u00e7at\u0131\u015fma alanlar\u0131n\u0131 tespit edebilir. Bu veriler, y\u00f6neticilerin proaktif bir \u015fekilde \u00e7at\u0131\u015fmalar\u0131 ele almas\u0131n\u0131 sa\u011flayabilir.\\n\\n<strong>5. Kutsal De\u011ferleri Dijital D\u00fcnyada Tan\u0131mlamak:<\/strong>&nbsp;Dijital ortamda kutsal de\u011ferler, bazen sosyal medya \u00fczerindeki payla\u015f\u0131mlar ve dijital kimlikler \u00fczerinden ifade edilir. Bu de\u011ferlerin do\u011fru tan\u0131mlanmas\u0131 ve anla\u015f\u0131lmas\u0131, dijital \u00e7at\u0131\u015fmalar\u0131n \u00e7\u00f6z\u00fcm\u00fcnde kritik bir rol oynar. \u00d6rne\u011fin, bir \u015firketin kurumsal de\u011ferleri, \u00e7al\u0131\u015fanlar\u0131n sosyal medya payla\u015f\u0131mlar\u0131yla uyumlu olmal\u0131d\u0131r. Aksi takdirde, dijital ortamda ya\u015fanan \u00e7at\u0131\u015fmalar \u015firketin itibar\u0131n\u0131 zedeleyebilir.\\n\\n\u00c7at\u0131\u015fmalar, dijital d\u00fcnyada da ka\u00e7\u0131n\u0131lmaz bir ger\u00e7ek. Ancak, bu \u00e7at\u0131\u015fmalar\u0131 y\u00f6netmek i\u00e7in elimizde g\u00fc\u00e7l\u00fc dijital ara\u00e7lar var. Yap\u0131lan ara\u015ft\u0131rmalar, dijital ortamda \u00e7al\u0131\u015fanlar\u0131n %30&#8217;unun haftada en az bir kez dijital \u00e7at\u0131\u015fma ya\u015fad\u0131\u011f\u0131n\u0131 g\u00f6steriyor. \u00d6zellikle pandemi d\u00f6neminde artan uzaktan \u00e7al\u0131\u015fma modeli, dijital \u00e7at\u0131\u015fmalar\u0131 daha da yayg\u0131n hale getirdi. Bu nedenle, dijital \u00e7at\u0131\u015fma y\u00f6netimi becerileri, g\u00fcn\u00fcm\u00fcz\u00fcn en \u00f6nemli yetkinliklerinden biri haline geldi.\\n\\nBir \u00e7at\u0131\u015fma an\u0131nda, dijital ara\u00e7lar\u0131 etkin bir \u015fekilde kullanarak \u00e7at\u0131\u015fmay\u0131 nas\u0131l y\u00f6netebilirsiniz? \u0130\u015fte birka\u00e7 \u00f6neri:\\n<\/p>\n<ol>\\n \\t<\/p>\n<li><strong>Zaman Kazan\u0131n:<\/strong>&nbsp;Dijital ortamda, \u00f6zellikle sosyal medyada h\u0131zl\u0131 tepki vermek cazip gelebilir. Ancak, aceleyle verilen cevaplar, durumu daha da k\u00f6t\u00fcle\u015ftirebilir. Kendinize biraz zaman tan\u0131y\u0131n ve yan\u0131t\u0131n\u0131z\u0131 dikkatlice d\u00fc\u015f\u00fcn\u00fcn.<\/li>\n<p>\\n \\t<\/p>\n<li><strong>Mola Verin:<\/strong>&nbsp;Dijital \u00e7at\u0131\u015fmalar da y\u00fcz y\u00fcze \u00e7at\u0131\u015fmalar gibi gerilimli olabilir. Gerekirse, bir ara verin ve so\u011fukkanl\u0131 bir \u015fekilde durumu yeniden de\u011ferlendirin.<\/li>\n<p>\\n \\t<\/p>\n<li><strong>E-postalara Hemen Yan\u0131t Vermeyin:<\/strong>&nbsp;Dijital ileti\u015fimde yanl\u0131\u015f anlamalar \u00e7ok yayg\u0131nd\u0131r. E-postalara hemen yan\u0131t vermek yerine, biraz bekleyip durumu yeniden g\u00f6zden ge\u00e7irin.<\/li>\n<p>\\n \\t<\/p>\n<li><strong>Bak\u0131\u015f A\u00e7\u0131n\u0131z\u0131 Dijital Olarak Geni\u015fletin:<\/strong>&nbsp;Dijital ortamda, kar\u015f\u0131 taraf\u0131n perspektifini anlamak zor olabilir. Ancak, empati yapmaya \u00e7al\u0131\u015fmak ve durumu onlar\u0131n g\u00f6z\u00fcnden de\u011ferlendirmek, \u00e7at\u0131\u015fman\u0131n \u00e7\u00f6z\u00fcm\u00fcnde b\u00fcy\u00fck bir fark yaratabilir.<\/li>\n<p>\\n \\t<\/p>\n<li><strong>Mesaj\u0131n\u0131z\u0131 Netle\u015ftirin:<\/strong>&nbsp;Dijital ortamda, ne s\u00f6yleyece\u011finizi \u00f6nceden planlay\u0131n ve mesaj\u0131n\u0131z\u0131 net bir \u015fekilde ifade edin. Yanl\u0131\u015f anla\u015f\u0131lmalardan ka\u00e7\u0131nmak i\u00e7in, mesaj\u0131n\u0131z\u0131 birka\u00e7 kez g\u00f6zden ge\u00e7irin.<\/li>\n<p>\\n \\t<\/p>\n<li><strong>Zaman ve Yer Se\u00e7imine Dikkat Edin:<\/strong>&nbsp;Dijital d\u00fcnyada bile, zamanlama ve ortam \u00f6nemlidir. Mesaj\u0131n\u0131z\u0131 g\u00f6ndermeden \u00f6nce, en uygun zaman ve platformu se\u00e7ti\u011finizden emin olun.<\/li>\n<p>\\n \\t<\/p>\n<li><strong>\u0130\u015f Birli\u011fini Dijital Ortamda Vurgulay\u0131n:<\/strong>&nbsp;Dijital ara\u00e7lar\u0131 kullanarak, i\u015f birli\u011fine dayal\u0131 bir yakla\u015f\u0131m sergileyin. \u00d6rne\u011fin, ortak bir proje y\u00f6netim platformu \u00fczerinden i\u015f birli\u011fi yaparak, \u00e7at\u0131\u015fman\u0131n \u00e7\u00f6z\u00fcm\u00fcne katk\u0131da bulunabilirsiniz.<\/li>\n<p>\\n \\t<\/p>\n<li><strong>Duygular\u0131n\u0131z\u0131 Y\u00f6netin:<\/strong>&nbsp;Dijital ortamda, duygular\u0131n\u0131z\u0131 kontrol etmek daha da \u00f6nemlidir. Yaz\u0131l\u0131 ileti\u015fimde, tonlama ve beden dili eksik oldu\u011fu i\u00e7in, mesaj\u0131n\u0131z\u0131 sakin ve yap\u0131c\u0131 bir \u015fekilde ifade etmeye \u00f6zen g\u00f6sterin.<\/li>\n<p>\\n<\/ol>\n<p>\\nDo\u011fru planlama ve dijital ileti\u015fim ara\u00e7lar\u0131n\u0131n etkin kullan\u0131m\u0131yla, \u00e7at\u0131\u015fmalar\u0131n y\u00f6netimi \u00e7ok daha kolay hale gelir. Dijital d\u00fcnyada ustala\u015fmak, sadece bir beceri de\u011fil, ayn\u0131 zamanda modern i\u015f hayat\u0131n\u0131n bir gereklili\u011fidir. Bu beceriler, sizi hem ba\u015far\u0131l\u0131 bir dijital lider hem de etkili bir i\u015f insan\u0131 yapar.&#8221;}]},{&#8220;component&#8221;:&#8221;hc_column&#8221;,&#8221;id&#8221;:&#8221;column_7aIP1&#8243;,&#8221;column_width&#8221;:&#8221;col-md-12&#8243;,&#8221;animation&#8221;:&#8221;&#8221;,&#8221;animation_time&#8221;:&#8221;&#8221;,&#8221;timeline_animation&#8221;:&#8221;&#8221;,&#8221;timeline_delay&#8221;:&#8221;&#8221;,&#8221;timeline_order&#8221;:&#8221;&#8221;,&#8221;css_classes&#8221;:&#8221;&#8221;,&#8221;custom_css_classes&#8221;:&#8221;socialbox&#8221;,&#8221;custom_css_styles&#8221;:&#8221;&#8221;,&#8221;main_content&#8221;:[{&#8220;component&#8221;:&#8221;hc_space&#8221;,&#8221;id&#8221;:&#8221;Hdg76&#8243;,&#8221;css_classes&#8221;:&#8221;&#8221;,&#8221;custom_css_classes&#8221;:&#8221;&#8221;,&#8221;custom_css_styles&#8221;:&#8221;&#8221;,&#8221;size&#8221;:&#8221;space-sm&#8221;,&#8221;height&#8221;:&#8221;&#8221;},{&#8220;component&#8221;:&#8221;hc_text_block&#8221;,&#8221;id&#8221;:&#8221;zmr0F&#8221;,&#8221;css_classes&#8221;:&#8221;&#8221;,&#8221;custom_css_classes&#8221;:&#8221;&#8221;,&#8221;custom_css_styles&#8221;:&#8221;&#8221;,&#8221;content&#8221;:&#8221;Payla\u015f:&#8221;},{&#8220;component&#8221;:&#8221;hc_social_share_buttons&#8221;,&#8221;id&#8221;:&#8221;P7L30&#8243;,&#8221;css_classes&#8221;:&#8221;&#8221;,&#8221;custom_css_classes&#8221;:&#8221;&#8221;,&#8221;custom_css_styles&#8221;:&#8221;&#8221;,&#8221;style&#8221;:&#8221;icon-links-button&#8221;,&#8221;size&#8221;:&#8221;&#8221;,&#8221;alignment&#8221;:&#8221;&#8221;,&#8221;type&#8221;:&#8221;&#8221;,&#8221;social_colors&#8221;:true,&#8221;fb&#8221;:true,&#8221;fb_link&#8221;:&#8221;&#8221;,&#8221;tw&#8221;:true,&#8221;tw_link&#8221;:&#8221;&#8221;,&#8221;pi&#8221;:true,&#8221;pi_link&#8221;:&#8221;&#8221;,&#8221;li&#8221;:true,&#8221;li_link&#8221;:&#8221;&#8221;}]}],&#8221;section_settings&#8221;:&#8221;&#8221;},&#8221;section_dDpN7&#8243;:{&#8220;component&#8221;:&#8221;hc_section&#8221;,&#8221;id&#8221;:&#8221;section_dDpN7&#8243;,&#8221;section_width&#8221;:&#8221;&#8221;,&#8221;animation&#8221;:&#8221;&#8221;,&#8221;animation_time&#8221;:&#8221;&#8221;,&#8221;timeline_animation&#8221;:&#8221;&#8221;,&#8221;timeline_delay&#8221;:&#8221;&#8221;,&#8221;timeline_order&#8221;:&#8221;&#8221;,&#8221;vertical_row&#8221;:&#8221;&#8221;,&#8221;css_classes&#8221;:&#8221;section-color &#8220;,&#8221;custom_css_classes&#8221;:&#8221;&#8221;,&#8221;custom_css_styles&#8221;:&#8221;&#8221;,&#8221;section_content&#8221;:[{&#8220;component&#8221;:&#8221;hc_column&#8221;,&#8221;id&#8221;:&#8221;XLZ44&#8243;,&#8221;column_width&#8221;:&#8221;col-md-12&#8243;,&#8221;animation&#8221;:&#8221;&#8221;,&#8221;animation_time&#8221;:&#8221;&#8221;,&#8221;timeline_animation&#8221;:&#8221;&#8221;,&#8221;timeline_delay&#8221;:&#8221;&#8221;,&#8221;timeline_order&#8221;:&#8221;&#8221;,&#8221;css_classes&#8221;:&#8221;&#8221;,&#8221;custom_css_classes&#8221;:&#8221;&#8221;,&#8221;custom_css_styles&#8221;:&#8221;&#8221;,&#8221;main_content&#8221;:[{&#8220;component&#8221;:&#8221;hc_title_tag&#8221;,&#8221;id&#8221;:&#8221;4AoyD&#8221;,&#8221;css_classes&#8221;:&#8221;&#8221;,&#8221;custom_css_classes&#8221;:&#8221;&#8221;,&#8221;custom_css_styles&#8221;:&#8221;&#8221;,&#8221;text&#8221;:&#8221;Son Yaz\u0131lar&#8221;,&#8221;tag&#8221;:&#8221;h2&#8243;},{&#8220;component&#8221;:&#8221;hc_space&#8221;,&#8221;id&#8221;:&#8221;TsAHd&#8221;,&#8221;css_classes&#8221;:&#8221;&#8221;,&#8221;custom_css_classes&#8221;:&#8221;&#8221;,&#8221;custom_css_styles&#8221;:&#8221;&#8221;,&#8221;size&#8221;:&#8221;space&#8221;,&#8221;height&#8221;:&#8221;&#8221;},{&#8220;component&#8221;:&#8221;hc_pt_grid_list&#8221;,&#8221;id&#8221;:&#8221;J9IEW&#8221;,&#8221;css_classes&#8221;:&#8221;&#8221;,&#8221;custom_css_classes&#8221;:&#8221;&#8221;,&#8221;custom_css_styles&#8221;:&#8221;&#8221;,&#8221;post_type_slug&#8221;:&#8221;post&#8221;,&#8221;post_type_category&#8221;:&#8221;yazilar&#8221;,&#8221;column&#8221;:&#8221;2&#8243;,&#8221;column_lg&#8221;:&#8221;2&#8243;,&#8221;column_md&#8221;:&#8221;2&#8243;,&#8221;column_sm&#8221;:&#8221;1&#8243;,&#8221;column_xs&#8221;:&#8221;1&#8243;,&#8221;margins&#8221;:&#8221;&#8221;,&#8221;pag_type&#8221;:&#8221;load_more&#8221;,&#8221;pag_items&#8221;:&#8221;2&#8243;,&#8221;pag_size&#8221;:&#8221;&#8221;,&#8221;pag_animation&#8221;:&#8221;fade-top&#8221;,&#8221;pag_scroll_top&#8221;:false,&#8221;pag_position&#8221;:&#8221;align-center&#8221;,&#8221;pag_button_prev&#8221;:&#8221;&#8221;,&#8221;pag_button_next&#8221;:&#8221;&#8221;,&#8221;lm_lazy&#8221;:false,&#8221;lm_button_text&#8221;:&#8221;Daha Fazla&#8221;,&#8221;box&#8221;:&#8221;blog_top&#8221;,&#8221;boxed&#8221;:true,&#8221;extra&#8221;:false,&#8221;content&#8221;:&#8221;&#8221;,&#8221;title_length&#8221;:&#8221;36&#8243;,&#8221;excerpt_length&#8221;:&#8221;75&#8243;,&#8221;title_size&#8221;:&#8221;text-md&#8221;,&#8221;custom_css&#8221;:&#8221;&#8221;,&#8221;button_text&#8221;:&#8221;&#8221;,&#8221;button_style&#8221;:&#8221;square&#8221;,&#8221;button_dimensions&#8221;:&#8221;btn-lg&#8221;,&#8221;button_animation&#8221;:false,&#8221;button_icon&#8221;:&#8221;&#8221;}]}],&#8221;section_settings&#8221;:&#8221;&#8221;},&#8221;scripts&#8221;:{&#8220;lightbox&#8221;:&#8221;magnific-popup.min.js&#8221;,&#8221;pagination&#8221;:&#8221;pagination.min.js&#8221;},&#8221;css&#8221;:{&#8220;lightbox&#8221;:&#8221;css\/magnific-popup.css&#8221;,&#8221;content_box&#8221;:&#8221;css\/content-box.css&#8221;,&#8221;media_box&#8221;:&#8221;css\/media-box.css&#8221;},&#8221;css_page&#8221;:&#8221;&#8221;,&#8221;template_setting&#8221;:{},&#8221;template_setting_top&#8221;:{},&#8221;page_setting&#8221;:{&#8220;settings&#8221;:[&#8220;lock-mode-off&#8221;]},&#8221;post_type_setting&#8221;:{&#8220;settings&#8221;:{&#8220;image&#8221;:&#8221;https:\/\/www.cigdemguven.com\/medias\/2024\/08\/cigdem-guven-digital-transformation.jpg|714|1024|3698&#8243;,&#8221;excerpt&#8221;:&#8221;\u00c7at\u0131\u015fma, hayat\u0131m\u0131z\u0131n her alan\u0131nda kar\u015f\u0131la\u015ft\u0131\u011f\u0131m\u0131z bir ger\u00e7ek. \u0130ster evde, ister i\u015fte, isterse de dijital ortamda olsun, anla\u015fmazl\u0131klar ka\u00e7\u0131n\u0131lmazd\u0131r. Ancak g\u00fcn\u00fcm\u00fczde \u00e7at\u0131\u015fma y\u00f6netimi, dijital teknolojilerin etkisiyle k\u00f6kl\u00fc bir de\u011fi\u015fim ge\u00e7iriyor. Art\u0131k \u00e7at\u0131\u015fmalar\u0131 sadece y\u00fcz y\u00fcze de\u011fil, ayn\u0131 zamanda \u00e7evrimi\u00e7i ortamlarda da y\u00f6netmek zorunday\u0131z. Dijital d\u00fcnyada etkili bir \u00e7at\u0131\u015fma y\u00f6netimi, hem ki\u015fisel hem de profesyonel hayat\u0131m\u0131zda ba\u015far\u0131l\u0131 olman\u0131n anahtarlar\u0131ndan biri haline geldi.&#8221;,&#8221;extra_1&#8243;:&#8221;Yaz\u0131&#8221;,&#8221;extra_2&#8243;:&#8221;&#8221;,&#8221;icon&#8221;:{&#8220;icon&#8221;:&#8221;&#8221;,&#8221;icon_style&#8221;:&#8221;&#8221;,&#8221;icon_image&#8221;:&#8221;&#8221;}}}}<\/p>\n","protected":false},"excerpt":{"rendered":"<p>\u00c7at\u0131\u015fma, hayat\u0131m\u0131z\u0131n her alan\u0131nda kar\u015f\u0131la\u015ft\u0131\u011f\u0131m\u0131z bir ger\u00e7ek. \u0130ster evde, ister i\u015fte, isterse de dijital ortamda olsun, anla\u015fmazl\u0131klar ka\u00e7\u0131n\u0131lmazd\u0131r. Ancak g\u00fcn\u00fcm\u00fczde \u00e7at\u0131\u015fma y\u00f6netimi, dijital teknolojilerin etkisiyle k\u00f6kl\u00fc bir de\u011fi\u015fim ge\u00e7iriyor. Art\u0131k \u00e7at\u0131\u015fmalar\u0131 sadece y\u00fcz y\u00fcze de\u011fil, ayn\u0131 zamanda \u00e7evrimi\u00e7i ortamlarda da y\u00f6netmek zorunday\u0131z. Dijital d\u00fcnyada etkili bir \u00e7at\u0131\u015fma y\u00f6netimi, hem ki\u015fisel hem de profesyonel hayat\u0131m\u0131zda ba\u015far\u0131l\u0131 olman\u0131n anahtarlar\u0131ndan biri haline geldi.<\/p>\n","protected":false},"author":1,"featured_media":3698,"comment_status":"closed","ping_status":"open","sticky":false,"template":"","format":"standard","meta":{"footnotes":""},"categories":[12,19],"tags":[],"class_list":["post-3702","post","type-post","status-publish","format-standard","has-post-thumbnail","hentry","category-genel","category-yazilar"],"yoast_head":"\n<title>\u00c7at\u0131\u015fma Y\u00f6netiminde Dijital D\u00f6n\u00fc\u015f\u00fcm: Teknoloji ile Gelen Yeni Stratejiler | \u00c7i\u011fdem G\u00fcven Management Consulting &amp; Coaching &amp; Mentoring Services<\/title>\n<meta name=\"robots\" content=\"index, follow, max-snippet:-1, max-image-preview:large, max-video-preview:-1\" \/>\n<link rel=\"canonical\" href=\"https:\/\/www.cigdemguven.com\/tr\/yazilar\/digital-transformation-in-conflict-management-new-strategies-with-technology\/\" \/>\n<meta property=\"og:locale\" content=\"tr_TR\" \/>\n<meta property=\"og:type\" content=\"article\" \/>\n<meta property=\"og:title\" content=\"\u00c7at\u0131\u015fma Y\u00f6netiminde Dijital D\u00f6n\u00fc\u015f\u00fcm: Teknoloji ile Gelen Yeni Stratejiler | \u00c7i\u011fdem G\u00fcven Management Consulting &amp; Coaching &amp; Mentoring Services\" \/>\n<meta property=\"og:description\" content=\"\u00c7at\u0131\u015fma, hayat\u0131m\u0131z\u0131n her alan\u0131nda kar\u015f\u0131la\u015ft\u0131\u011f\u0131m\u0131z bir ger\u00e7ek. \u0130ster evde, ister i\u015fte, isterse de dijital ortamda olsun, anla\u015fmazl\u0131klar ka\u00e7\u0131n\u0131lmazd\u0131r. Ancak g\u00fcn\u00fcm\u00fczde \u00e7at\u0131\u015fma y\u00f6netimi, dijital teknolojilerin etkisiyle k\u00f6kl\u00fc bir de\u011fi\u015fim ge\u00e7iriyor. Art\u0131k \u00e7at\u0131\u015fmalar\u0131 sadece y\u00fcz y\u00fcze de\u011fil, ayn\u0131 zamanda \u00e7evrimi\u00e7i ortamlarda da y\u00f6netmek zorunday\u0131z. Dijital d\u00fcnyada etkili bir \u00e7at\u0131\u015fma y\u00f6netimi, hem ki\u015fisel hem de profesyonel hayat\u0131m\u0131zda ba\u015far\u0131l\u0131 olman\u0131n anahtarlar\u0131ndan biri haline geldi.\" \/>\n<meta property=\"og:url\" content=\"https:\/\/www.cigdemguven.com\/tr\/yazilar\/digital-transformation-in-conflict-management-new-strategies-with-technology\/\" \/>\n<meta property=\"og:site_name\" content=\"\u00c7i\u011fdem G\u00fcven Management Consulting &amp; Coaching &amp; Mentoring Services\" \/>\n<meta property=\"article:publisher\" content=\"https:\/\/www.facebook.com\/cigdemguvendanisman\" \/>\n<meta property=\"article:published_time\" content=\"2024-08-16T07:00:56+00:00\" \/>\n<meta property=\"article:modified_time\" content=\"2024-08-18T19:35:46+00:00\" \/>\n<meta property=\"og:image\" content=\"https:\/\/www.cigdemguven.com\/medias\/2024\/08\/cigdem-guven-digital-transformation.jpg\" \/>\n\t<meta property=\"og:image:width\" content=\"1024\" \/>\n\t<meta property=\"og:image:height\" content=\"714\" \/>\n\t<meta property=\"og:image:type\" content=\"image\/jpeg\" \/>\n<meta name=\"author\" content=\"\u00c7i\u011fdem G\u00fcven\" \/>\n<meta name=\"twitter:card\" content=\"summary_large_image\" \/>\n<meta name=\"twitter:creator\" content=\"@cigdemguvencom\" \/>\n<meta name=\"twitter:site\" content=\"@cigdemguvencom\" \/>\n<meta name=\"twitter:label1\" content=\"Yazan:\" \/>\n\t<meta name=\"twitter:data1\" content=\"\u00c7i\u011fdem G\u00fcven\" \/>\n\t<meta name=\"twitter:label2\" content=\"Tahmini okuma s\u00fcresi\" \/>\n\t<meta name=\"twitter:data2\" content=\"9 dakika\" \/>\n<script type=\"application\/ld+json\" class=\"yoast-schema-graph\">{\"@context\":\"https:\/\/schema.org\",\"@graph\":[{\"@type\":\"Article\",\"@id\":\"https:\/\/www.cigdemguven.com\/tr\/yazilar\/digital-transformation-in-conflict-management-new-strategies-with-technology\/#article\",\"isPartOf\":{\"@id\":\"https:\/\/www.cigdemguven.com\/tr\/yazilar\/digital-transformation-in-conflict-management-new-strategies-with-technology\/\"},\"author\":{\"name\":\"\u00c7i\u011fdem G\u00fcven\",\"@id\":\"https:\/\/www.cigdemguven.com\/tr\/#\/schema\/person\/abd506d3b37ae4dd04e7393ca6ac5921\"},\"headline\":\"\u00c7at\u0131\u015fma Y\u00f6netiminde Dijital D\u00f6n\u00fc\u015f\u00fcm: Teknoloji ile Gelen Yeni Stratejiler\",\"datePublished\":\"2024-08-16T07:00:56+00:00\",\"dateModified\":\"2024-08-18T19:35:46+00:00\",\"mainEntityOfPage\":{\"@id\":\"https:\/\/www.cigdemguven.com\/tr\/yazilar\/digital-transformation-in-conflict-management-new-strategies-with-technology\/\"},\"wordCount\":1808,\"publisher\":{\"@id\":\"https:\/\/www.cigdemguven.com\/tr\/#organization\"},\"articleSection\":{\"1\":\"Yaz\u0131lar\"},\"inLanguage\":\"tr\"},{\"@type\":\"WebPage\",\"@id\":\"https:\/\/www.cigdemguven.com\/tr\/yazilar\/digital-transformation-in-conflict-management-new-strategies-with-technology\/\",\"url\":\"https:\/\/www.cigdemguven.com\/tr\/yazilar\/digital-transformation-in-conflict-management-new-strategies-with-technology\/\",\"name\":\"\u00c7at\u0131\u015fma Y\u00f6netiminde Dijital D\u00f6n\u00fc\u015f\u00fcm: Teknoloji ile Gelen Yeni Stratejiler | \u00c7i\u011fdem G\u00fcven Management Consulting &amp; Coaching &amp; Mentoring Services\",\"isPartOf\":{\"@id\":\"https:\/\/www.cigdemguven.com\/tr\/#website\"},\"datePublished\":\"2024-08-16T07:00:56+00:00\",\"dateModified\":\"2024-08-18T19:35:46+00:00\",\"breadcrumb\":{\"@id\":\"https:\/\/www.cigdemguven.com\/tr\/yazilar\/digital-transformation-in-conflict-management-new-strategies-with-technology\/#breadcrumb\"},\"inLanguage\":\"tr\",\"potentialAction\":[{\"@type\":\"ReadAction\",\"target\":[\"https:\/\/www.cigdemguven.com\/tr\/yazilar\/digital-transformation-in-conflict-management-new-strategies-with-technology\/\"]}]},{\"@type\":\"BreadcrumbList\",\"@id\":\"https:\/\/www.cigdemguven.com\/tr\/yazilar\/digital-transformation-in-conflict-management-new-strategies-with-technology\/#breadcrumb\",\"itemListElement\":[{\"@type\":\"ListItem\",\"position\":1,\"name\":\"Home\",\"item\":\"https:\/\/www.cigdemguven.com\/tr\/\"},{\"@type\":\"ListItem\",\"position\":2,\"name\":\"\u00c7at\u0131\u015fma Y\u00f6netiminde Dijital D\u00f6n\u00fc\u015f\u00fcm: Teknoloji ile Gelen Yeni Stratejiler\"}]},{\"@type\":\"WebSite\",\"@id\":\"https:\/\/www.cigdemguven.com\/tr\/#website\",\"url\":\"https:\/\/www.cigdemguven.com\/tr\/\",\"name\":\"\u00c7i\u011fdem G\u00fcven Management Consulting &amp; Coaching &amp; Mentoring Services\",\"description\":\"Management Consulting &amp; Coaching &amp; Mentoring Services\",\"publisher\":{\"@id\":\"https:\/\/www.cigdemguven.com\/tr\/#organization\"},\"potentialAction\":[{\"@type\":\"SearchAction\",\"target\":{\"@type\":\"EntryPoint\",\"urlTemplate\":\"https:\/\/www.cigdemguven.com\/tr\/?s={search_term_string}\"},\"query-input\":\"required name=search_term_string\"}],\"inLanguage\":\"tr\"},{\"@type\":\"Organization\",\"@id\":\"https:\/\/www.cigdemguven.com\/tr\/#organization\",\"name\":\"\u00c7i\u011fdem G\u00fcven Management Consulting & Coaching & Mentoring Services\",\"url\":\"https:\/\/www.cigdemguven.com\/tr\/\",\"logo\":{\"@type\":\"ImageObject\",\"inLanguage\":\"tr\",\"@id\":\"https:\/\/www.cigdemguven.com\/tr\/#\/schema\/logo\/image\/\",\"url\":\"https:\/\/www.cigdemguven.com\/medias\/2021\/12\/cigdem-guven-logo.svg\",\"contentUrl\":\"https:\/\/www.cigdemguven.com\/medias\/2021\/12\/cigdem-guven-logo.svg\",\"width\":1,\"height\":1,\"caption\":\"\u00c7i\u011fdem G\u00fcven Management Consulting & Coaching & Mentoring Services\"},\"image\":{\"@id\":\"https:\/\/www.cigdemguven.com\/tr\/#\/schema\/logo\/image\/\"},\"sameAs\":[\"https:\/\/www.facebook.com\/cigdemguvendanisman\",\"https:\/\/twitter.com\/cigdemguvencom\",\"https:\/\/www.instagram.com\/cigdemguvendanismanlik\/\",\"https:\/\/www.linkedin.com\/in\/cigdemguvendanismanlik\/\"]},{\"@type\":\"Person\",\"@id\":\"https:\/\/www.cigdemguven.com\/tr\/#\/schema\/person\/abd506d3b37ae4dd04e7393ca6ac5921\",\"name\":\"\u00c7i\u011fdem G\u00fcven\",\"sameAs\":[\"https:\/\/www.cigdemguven.com\"],\"url\":\"https:\/\/www.cigdemguven.com\/tr\/author\/cigdemguven\/\"}]}<\/script>\n","yoast_head_json":{"title":"\u00c7at\u0131\u015fma Y\u00f6netiminde Dijital D\u00f6n\u00fc\u015f\u00fcm: Teknoloji ile Gelen Yeni Stratejiler | \u00c7i\u011fdem G\u00fcven Management Consulting &amp; Coaching &amp; Mentoring Services","robots":{"index":"index","follow":"follow","max-snippet":"max-snippet:-1","max-image-preview":"max-image-preview:large","max-video-preview":"max-video-preview:-1"},"canonical":"https:\/\/www.cigdemguven.com\/tr\/yazilar\/digital-transformation-in-conflict-management-new-strategies-with-technology\/","og_locale":"tr_TR","og_type":"article","og_title":"\u00c7at\u0131\u015fma Y\u00f6netiminde Dijital D\u00f6n\u00fc\u015f\u00fcm: Teknoloji ile Gelen Yeni Stratejiler | \u00c7i\u011fdem G\u00fcven Management Consulting &amp; Coaching &amp; Mentoring Services","og_description":"\u00c7at\u0131\u015fma, hayat\u0131m\u0131z\u0131n her alan\u0131nda kar\u015f\u0131la\u015ft\u0131\u011f\u0131m\u0131z bir ger\u00e7ek. \u0130ster evde, ister i\u015fte, isterse de dijital ortamda olsun, anla\u015fmazl\u0131klar ka\u00e7\u0131n\u0131lmazd\u0131r. Ancak g\u00fcn\u00fcm\u00fczde \u00e7at\u0131\u015fma y\u00f6netimi, dijital teknolojilerin etkisiyle k\u00f6kl\u00fc bir de\u011fi\u015fim ge\u00e7iriyor. Art\u0131k \u00e7at\u0131\u015fmalar\u0131 sadece y\u00fcz y\u00fcze de\u011fil, ayn\u0131 zamanda \u00e7evrimi\u00e7i ortamlarda da y\u00f6netmek zorunday\u0131z. Dijital d\u00fcnyada etkili bir \u00e7at\u0131\u015fma y\u00f6netimi, hem ki\u015fisel hem de profesyonel hayat\u0131m\u0131zda ba\u015far\u0131l\u0131 olman\u0131n anahtarlar\u0131ndan biri haline geldi.","og_url":"https:\/\/www.cigdemguven.com\/tr\/yazilar\/digital-transformation-in-conflict-management-new-strategies-with-technology\/","og_site_name":"\u00c7i\u011fdem G\u00fcven Management Consulting &amp; Coaching &amp; Mentoring Services","article_publisher":"https:\/\/www.facebook.com\/cigdemguvendanisman","article_published_time":"2024-08-16T07:00:56+00:00","article_modified_time":"2024-08-18T19:35:46+00:00","og_image":[{"width":1024,"height":714,"url":"https:\/\/www.cigdemguven.com\/medias\/2024\/08\/cigdem-guven-digital-transformation.jpg","type":"image\/jpeg"}],"author":"\u00c7i\u011fdem G\u00fcven","twitter_card":"summary_large_image","twitter_creator":"@cigdemguvencom","twitter_site":"@cigdemguvencom","twitter_misc":{"Yazan:":"\u00c7i\u011fdem G\u00fcven","Tahmini okuma s\u00fcresi":"9 dakika"},"schema":{"@context":"https:\/\/schema.org","@graph":[{"@type":"Article","@id":"https:\/\/www.cigdemguven.com\/tr\/yazilar\/digital-transformation-in-conflict-management-new-strategies-with-technology\/#article","isPartOf":{"@id":"https:\/\/www.cigdemguven.com\/tr\/yazilar\/digital-transformation-in-conflict-management-new-strategies-with-technology\/"},"author":{"name":"\u00c7i\u011fdem G\u00fcven","@id":"https:\/\/www.cigdemguven.com\/tr\/#\/schema\/person\/abd506d3b37ae4dd04e7393ca6ac5921"},"headline":"\u00c7at\u0131\u015fma Y\u00f6netiminde Dijital D\u00f6n\u00fc\u015f\u00fcm: Teknoloji ile Gelen Yeni Stratejiler","datePublished":"2024-08-16T07:00:56+00:00","dateModified":"2024-08-18T19:35:46+00:00","mainEntityOfPage":{"@id":"https:\/\/www.cigdemguven.com\/tr\/yazilar\/digital-transformation-in-conflict-management-new-strategies-with-technology\/"},"wordCount":1808,"publisher":{"@id":"https:\/\/www.cigdemguven.com\/tr\/#organization"},"articleSection":{"1":"Yaz\u0131lar"},"inLanguage":"tr"},{"@type":"WebPage","@id":"https:\/\/www.cigdemguven.com\/tr\/yazilar\/digital-transformation-in-conflict-management-new-strategies-with-technology\/","url":"https:\/\/www.cigdemguven.com\/tr\/yazilar\/digital-transformation-in-conflict-management-new-strategies-with-technology\/","name":"\u00c7at\u0131\u015fma Y\u00f6netiminde Dijital D\u00f6n\u00fc\u015f\u00fcm: Teknoloji ile Gelen Yeni Stratejiler | \u00c7i\u011fdem G\u00fcven Management Consulting &amp; Coaching &amp; Mentoring Services","isPartOf":{"@id":"https:\/\/www.cigdemguven.com\/tr\/#website"},"datePublished":"2024-08-16T07:00:56+00:00","dateModified":"2024-08-18T19:35:46+00:00","breadcrumb":{"@id":"https:\/\/www.cigdemguven.com\/tr\/yazilar\/digital-transformation-in-conflict-management-new-strategies-with-technology\/#breadcrumb"},"inLanguage":"tr","potentialAction":[{"@type":"ReadAction","target":["https:\/\/www.cigdemguven.com\/tr\/yazilar\/digital-transformation-in-conflict-management-new-strategies-with-technology\/"]}]},{"@type":"BreadcrumbList","@id":"https:\/\/www.cigdemguven.com\/tr\/yazilar\/digital-transformation-in-conflict-management-new-strategies-with-technology\/#breadcrumb","itemListElement":[{"@type":"ListItem","position":1,"name":"Home","item":"https:\/\/www.cigdemguven.com\/tr\/"},{"@type":"ListItem","position":2,"name":"\u00c7at\u0131\u015fma Y\u00f6netiminde Dijital D\u00f6n\u00fc\u015f\u00fcm: Teknoloji ile Gelen Yeni Stratejiler"}]},{"@type":"WebSite","@id":"https:\/\/www.cigdemguven.com\/tr\/#website","url":"https:\/\/www.cigdemguven.com\/tr\/","name":"\u00c7i\u011fdem G\u00fcven Management Consulting &amp; Coaching &amp; Mentoring Services","description":"Management Consulting &amp; Coaching &amp; Mentoring Services","publisher":{"@id":"https:\/\/www.cigdemguven.com\/tr\/#organization"},"potentialAction":[{"@type":"SearchAction","target":{"@type":"EntryPoint","urlTemplate":"https:\/\/www.cigdemguven.com\/tr\/?s={search_term_string}"},"query-input":"required name=search_term_string"}],"inLanguage":"tr"},{"@type":"Organization","@id":"https:\/\/www.cigdemguven.com\/tr\/#organization","name":"\u00c7i\u011fdem G\u00fcven Management Consulting & Coaching & Mentoring Services","url":"https:\/\/www.cigdemguven.com\/tr\/","logo":{"@type":"ImageObject","inLanguage":"tr","@id":"https:\/\/www.cigdemguven.com\/tr\/#\/schema\/logo\/image\/","url":"https:\/\/www.cigdemguven.com\/medias\/2021\/12\/cigdem-guven-logo.svg","contentUrl":"https:\/\/www.cigdemguven.com\/medias\/2021\/12\/cigdem-guven-logo.svg","width":1,"height":1,"caption":"\u00c7i\u011fdem G\u00fcven Management Consulting & Coaching & Mentoring Services"},"image":{"@id":"https:\/\/www.cigdemguven.com\/tr\/#\/schema\/logo\/image\/"},"sameAs":["https:\/\/www.facebook.com\/cigdemguvendanisman","https:\/\/twitter.com\/cigdemguvencom","https:\/\/www.instagram.com\/cigdemguvendanismanlik\/","https:\/\/www.linkedin.com\/in\/cigdemguvendanismanlik\/"]},{"@type":"Person","@id":"https:\/\/www.cigdemguven.com\/tr\/#\/schema\/person\/abd506d3b37ae4dd04e7393ca6ac5921","name":"\u00c7i\u011fdem G\u00fcven","sameAs":["https:\/\/www.cigdemguven.com"],"url":"https:\/\/www.cigdemguven.com\/tr\/author\/cigdemguven\/"}]}},"_links":{"self":[{"href":"https:\/\/www.cigdemguven.com\/tr\/wp-json\/wp\/v2\/posts\/3702","targetHints":{"allow":["GET"]}}],"collection":[{"href":"https:\/\/www.cigdemguven.com\/tr\/wp-json\/wp\/v2\/posts"}],"about":[{"href":"https:\/\/www.cigdemguven.com\/tr\/wp-json\/wp\/v2\/types\/post"}],"author":[{"embeddable":true,"href":"https:\/\/www.cigdemguven.com\/tr\/wp-json\/wp\/v2\/users\/1"}],"replies":[{"embeddable":true,"href":"https:\/\/www.cigdemguven.com\/tr\/wp-json\/wp\/v2\/comments?post=3702"}],"version-history":[{"count":3,"href":"https:\/\/www.cigdemguven.com\/tr\/wp-json\/wp\/v2\/posts\/3702\/revisions"}],"predecessor-version":[{"id":3705,"href":"https:\/\/www.cigdemguven.com\/tr\/wp-json\/wp\/v2\/posts\/3702\/revisions\/3705"}],"wp:featuredmedia":[{"embeddable":true,"href":"https:\/\/www.cigdemguven.com\/tr\/wp-json\/wp\/v2\/media\/3698"}],"wp:attachment":[{"href":"https:\/\/www.cigdemguven.com\/tr\/wp-json\/wp\/v2\/media?parent=3702"}],"wp:term":[{"taxonomy":"category","embeddable":true,"href":"https:\/\/www.cigdemguven.com\/tr\/wp-json\/wp\/v2\/categories?post=3702"},{"taxonomy":"post_tag","embeddable":true,"href":"https:\/\/www.cigdemguven.com\/tr\/wp-json\/wp\/v2\/tags?post=3702"}],"curies":[{"name":"wp","href":"https:\/\/api.w.org\/{rel}","templated":true}]}}