{"id":3597,"date":"2024-02-26T12:35:02","date_gmt":"2024-02-26T09:35:02","guid":{"rendered":"https:\/\/www.cigdemguven.com\/genel\/international-banking-in-germany-a-contributing-force-to-the-global-economy\/"},"modified":"2024-03-13T03:41:28","modified_gmt":"2024-03-13T00:41:28","slug":"almanyada-uluslararasi-bankacilik-kuresel-ekonomiye-katkili-bir-kuvvet","status":"publish","type":"post","link":"https:\/\/www.cigdemguven.com\/tr\/yazilar\/almanyada-uluslararasi-bankacilik-kuresel-ekonomiye-katkili-bir-kuvvet\/","title":{"rendered":"Almanya&#8217;da Uluslararas\u0131 Bankac\u0131l\u0131k: K\u00fcresel Ekonomiye Katk\u0131l\u0131 Bir Kuvvet"},"content":{"rendered":"<p>{&#8220;main-title&#8221;:{&#8220;component&#8221;:&#8221;hc_title&#8221;,&#8221;id&#8221;:&#8221;main-title&#8221;,&#8221;title&#8221;:&#8221;&#8221;,&#8221;subtitle&#8221;:&#8221;&#8221;,&#8221;title_content&#8221;:{&#8220;component&#8221;:&#8221;hc_title_empty&#8221;,&#8221;id&#8221;:&#8221;title-empty&#8221;}},&#8221;section_QvNqz&#8221;:{&#8220;component&#8221;:&#8221;hc_section&#8221;,&#8221;id&#8221;:&#8221;section_QvNqz&#8221;,&#8221;section_width&#8221;:&#8221;&#8221;,&#8221;animation&#8221;:&#8221;&#8221;,&#8221;animation_time&#8221;:&#8221;&#8221;,&#8221;timeline_animation&#8221;:&#8221;&#8221;,&#8221;timeline_delay&#8221;:&#8221;&#8221;,&#8221;timeline_order&#8221;:&#8221;&#8221;,&#8221;vertical_row&#8221;:&#8221;&#8221;,&#8221;css_classes&#8221;:&#8221;section-color no-padding-bottom no-padding-top &#8220;,&#8221;custom_css_classes&#8221;:&#8221;containerblog&#8221;,&#8221;custom_css_styles&#8221;:&#8221;&#8221;,&#8221;section_content&#8221;:[{&#8220;component&#8221;:&#8221;hc_column&#8221;,&#8221;id&#8221;:&#8221;P1FCZ&#8221;,&#8221;column_width&#8221;:&#8221;col-md-12&#8243;,&#8221;animation&#8221;:&#8221;&#8221;,&#8221;animation_time&#8221;:&#8221;&#8221;,&#8221;timeline_animation&#8221;:&#8221;&#8221;,&#8221;timeline_delay&#8221;:&#8221;&#8221;,&#8221;timeline_order&#8221;:&#8221;&#8221;,&#8221;css_classes&#8221;:&#8221;boxed-area align-items-center &#8220;,&#8221;custom_css_classes&#8221;:&#8221;&#8221;,&#8221;custom_css_styles&#8221;:&#8221;&#8221;,&#8221;main_content&#8221;:[{&#8220;component&#8221;:&#8221;hc_title_tag&#8221;,&#8221;id&#8221;:&#8221;5ZtkF&#8221;,&#8221;css_classes&#8221;:&#8221;&#8221;,&#8221;custom_css_classes&#8221;:&#8221;&#8221;,&#8221;custom_css_styles&#8221;:&#8221;&#8221;,&#8221;text&#8221;:&#8221;Almanya&#8217;da Uluslararas\u0131 Bankac\u0131l\u0131k: K\u00fcresel Ekonomiye Katk\u0131l\u0131 Bir Kuvvet&#8221;,&#8221;tag&#8221;:&#8221;h1&#8243;},{&#8220;component&#8221;:&#8221;hc_image_box&#8221;,&#8221;id&#8221;:&#8221;P92Nk&#8221;,&#8221;css_classes&#8221;:&#8221;&#8221;,&#8221;custom_css_classes&#8221;:&#8221;&#8221;,&#8221;custom_css_styles&#8221;:&#8221;&#8221;,&#8221;image&#8221;:&#8221;https:\/\/www.cigdemguven.com\/medias\/2024\/03\/cigdem-guven-international-bank-germany-1024&#215;714.jpg|753|1080|3592&#8243;,&#8221;link_type&#8221;:&#8221;lightbox&#8221;,&#8221;lightbox_animation&#8221;:&#8221;&#8221;,&#8221;caption&#8221;:&#8221;Almanya&#8217;da Uluslararas\u0131 Bankac\u0131l\u0131k: K\u00fcresel Ekonomiye Katk\u0131l\u0131 Bir Kuvvet&#8221;,&#8221;inner_caption&#8221;:false,&#8221;new_window&#8221;:false,&#8221;link&#8221;:&#8221;https:\/\/www.cigdemguven.com\/medias\/2024\/03\/cigdem-guven-international-bank-germany-1024&#215;714.jpg&#8221;,&#8221;link_content&#8221;:[],&#8221;lightbox_size&#8221;:&#8221;&#8221;,&#8221;scrollbox&#8221;:false,&#8221;icon&#8221;:&#8221;&#8221;,&#8221;image_animation&#8221;:&#8221;&#8221;,&#8221;icon_animation&#8221;:&#8221;&#8221;,&#8221;thumb_size&#8221;:&#8221;full&#8221;,&#8221;icon_hidden&#8221;:true,&#8221;caption_img_box&#8221;:&#8221;&#8221;,&#8221;alt&#8221;:&#8221;&#8221;}]}],&#8221;section_settings&#8221;:&#8221;&#8221;},&#8221;section_aSGAU&#8221;:{&#8220;component&#8221;:&#8221;hc_section&#8221;,&#8221;id&#8221;:&#8221;section_aSGAU&#8221;,&#8221;section_width&#8221;:&#8221;&#8221;,&#8221;animation&#8221;:&#8221;&#8221;,&#8221;animation_time&#8221;:&#8221;&#8221;,&#8221;timeline_animation&#8221;:&#8221;&#8221;,&#8221;timeline_delay&#8221;:&#8221;&#8221;,&#8221;timeline_order&#8221;:&#8221;&#8221;,&#8221;vertical_row&#8221;:&#8221;&#8221;,&#8221;css_classes&#8221;:&#8221;no-padding-bottom no-padding-top &#8220;,&#8221;custom_css_classes&#8221;:&#8221;blogtext&#8221;,&#8221;custom_css_styles&#8221;:&#8221;&#8221;,&#8221;section_content&#8221;:[{&#8220;component&#8221;:&#8221;hc_column&#8221;,&#8221;id&#8221;:&#8221;column_0qrhK&#8221;,&#8221;column_width&#8221;:&#8221;col-md-12&#8243;,&#8221;animation&#8221;:&#8221;&#8221;,&#8221;animation_time&#8221;:&#8221;&#8221;,&#8221;timeline_animation&#8221;:&#8221;&#8221;,&#8221;timeline_delay&#8221;:&#8221;&#8221;,&#8221;timeline_order&#8221;:&#8221;&#8221;,&#8221;css_classes&#8221;:&#8221;&#8221;,&#8221;custom_css_classes&#8221;:&#8221;&#8221;,&#8221;custom_css_styles&#8221;:&#8221;&#8221;,&#8221;main_content&#8221;:[{&#8220;component&#8221;:&#8221;hc_wp_editor&#8221;,&#8221;id&#8221;:&#8221;gE6EW&#8221;,&#8221;css_classes&#8221;:&#8221;&#8221;,&#8221;custom_css_classes&#8221;:&#8221;&#8221;,&#8221;custom_css_styles&#8221;:&#8221;&#8221;,&#8221;editor_content&#8221;:&#8221;Almanya, g\u00fc\u00e7l\u00fc sanayi yap\u0131s\u0131, y\u00fcksek teknoloji \u00fcr\u00fcnleri ve ihracat odakl\u0131 ekonomisi ile sadece Avrupa&#8217;n\u0131n de\u011fil, ayn\u0131 zamanda d\u00fcnyan\u0131n en b\u00fcy\u00fck ekonomilerinden biri olma \u00f6zelli\u011fini ta\u015f\u0131r. Bu ekonomik g\u00fc\u00e7, Almanya&#8217;y\u0131 uluslararas\u0131 bankac\u0131l\u0131k sekt\u00f6r\u00fc i\u00e7in de cazip bir merkez haline getirmi\u015ftir. \u00d6zellikle Frankfurt am Main \u015fehri, global finans d\u00fcnyas\u0131n\u0131n kalbi olarak kabul edilir ve bu \u015fehirdeki finansal kurumlar, Almanya&#8217;n\u0131n d\u00fcnya ekonomisindeki etkin rol\u00fcn\u00fc peki\u015ftirir.\\n\\nAlman ekonomisi, otomotiv, makineler, kimyasallar ve elektronik \u00fcr\u00fcnler gibi sekt\u00f6rlerde d\u00fcnya lideri konumundad\u0131r. Ekonomik istikrar\u0131n\u0131 disiplinli mali politikalar\u0131 ve g\u00fc\u00e7l\u00fc end\u00fcstriyel altyap\u0131s\u0131 sayesinde koruyan Almanya, global ticarette ya\u015fanan gerilimler ve pandemi gibi zorlay\u0131c\u0131 d\u00f6nemlerde bile h\u0131zla toparlanmay\u0131 ba\u015farm\u0131\u015ft\u0131r. Ancak, global ekonomik dalgalanmalar, uluslararas\u0131 ticaret sava\u015flar\u0131 ve pandemi gibi etkenler, Alman ekonomisini etkilemekte ve bu durum, s\u00fcrekli adaptasyon ve yenilik gerektiren bir ekonomik politika ve strateji ihtiyac\u0131n\u0131 do\u011furmaktad\u0131r.\\n\\nAlmanya, uluslararas\u0131 bankac\u0131l\u0131k alan\u0131nda da geni\u015f bir hizmet yelpazesine sahiptir. Deutsche Bank, Commerzbank ve DZ Bank gibi b\u00fcy\u00fck bankalar\u0131n yan\u0131 s\u0131ra, Barclays Bank, BNP Paribas, Citibank ve daha bir\u00e7ok uluslararas\u0131 banka, Almanya&#8217;daki operasyonlar\u0131yla k\u00fcresel finans piyasalar\u0131nda \u00f6nemli oyunculard\u0131r. Bu bankalar, kurumsal finansmandan \u00f6zel bankac\u0131l\u0131\u011fa, varl\u0131k y\u00f6netiminden yat\u0131r\u0131m bankac\u0131l\u0131\u011f\u0131na kadar \u00e7e\u015fitli hizmetler sunarlar.\\n\\nFrankfurt, Almanya&#8217;n\u0131n finansal kalbi olarak kabul edilir ve \u015fehirde bulunan Frankfurt Borsas\u0131, d\u00fcnyan\u0131n en b\u00fcy\u00fck borsalar\u0131ndan biridir. Ayr\u0131ca, Avrupa Merkez Bankas\u0131&#8217;n\u0131n da Frankfurt&#8217;ta bulunmas\u0131, \u015fehrin finans piyasalar\u0131ndaki \u00f6nemini daha da art\u0131rmaktad\u0131r.\\n\\nAlmanya&#8217;n\u0131n bankac\u0131l\u0131k sekt\u00f6r\u00fc, Federal Finansal Denetim Kurumu (BaFin) gibi kurumlar taraf\u0131ndan s\u0131k\u0131 bir \u015fekilde d\u00fczenlenir ve denetlenir. Bu, sekt\u00f6r\u00fcn sa\u011fl\u0131kl\u0131, \u015feffaf ve istikrarl\u0131 olmas\u0131n\u0131 sa\u011flamaktad\u0131r.\\n\\nAlman bankalar\u0131, geni\u015f uluslararas\u0131 a\u011flar\u0131 ve partnerlikleri sayesinde, k\u00fcresel finans sistemine entegre olmu\u015f durumdad\u0131r. Bu da Almanya&#8217;y\u0131 uluslararas\u0131 i\u015flem yapmak isteyen m\u00fc\u015fteriler i\u00e7in avantajl\u0131 bir merkez haline getirir.\\n\\nAlman bankac\u0131l\u0131k sekt\u00f6r\u00fc, dijital bankac\u0131l\u0131k, fintech giri\u015fimleri ve blok zinciri teknolojisi gibi yeniliklere a\u00e7\u0131kt\u0131r. Bu da sekt\u00f6r\u00fcn s\u00fcrekli geli\u015fimini ve m\u00fc\u015fteri ihtiya\u00e7lar\u0131na uyum sa\u011flamas\u0131n\u0131 te\u015fvik eder.\\n\\nAlmanya&#8217;da faaliyet g\u00f6steren uluslararas\u0131 bankalar, geni\u015f hizmet yelpazeleri, k\u00fcresel eri\u015fimleri ve inovasyon kapasiteleriyle hem Alman ekonomisine hem de global ekonomiye \u00f6nemli katk\u0131larda bulunurlar. K\u00fcresel ticaretin ve yat\u0131r\u0131mlar\u0131n kolayla\u015ft\u0131r\u0131lmas\u0131ndan, finansal teknoloji alan\u0131ndaki yeniliklere kadar bir\u00e7ok alanda \u00f6nc\u00fcl\u00fck ederler.\\n\\nAlmanya&#8217;daki uluslararas\u0131 bankac\u0131l\u0131k sekt\u00f6r\u00fc, geni\u015f hizmet yelpazesi, g\u00fc\u00e7l\u00fc d\u00fczenleyici \u00e7er\u00e7evesi ve k\u00fcresel ba\u011flant\u0131lar\u0131yla dikkat \u00e7eker. Bu \u00f6zellikler, \u00fclkeyi hem yerel hem de uluslararas\u0131 m\u00fc\u015fteriler i\u00e7in cazip bir finans merkezi yapar. K\u00fcresel ekonomideki etkin rol\u00fcyle, Almanya&#8217;n\u0131n finans sekt\u00f6r\u00fc, hem bireysel hem de kurumsal m\u00fc\u015fterilere de\u011ferli finansal \u00e7\u00f6z\u00fcmler sunarak ekonomik b\u00fcy\u00fcme ve istikrara \u00f6nemli katk\u0131larda bulunmaktad\u0131r.&#8221;}]},{&#8220;component&#8221;:&#8221;hc_column&#8221;,&#8221;id&#8221;:&#8221;column_7aIP1&#8243;,&#8221;column_width&#8221;:&#8221;col-md-12&#8243;,&#8221;animation&#8221;:&#8221;&#8221;,&#8221;animation_time&#8221;:&#8221;&#8221;,&#8221;timeline_animation&#8221;:&#8221;&#8221;,&#8221;timeline_delay&#8221;:&#8221;&#8221;,&#8221;timeline_order&#8221;:&#8221;&#8221;,&#8221;css_classes&#8221;:&#8221;&#8221;,&#8221;custom_css_classes&#8221;:&#8221;socialbox&#8221;,&#8221;custom_css_styles&#8221;:&#8221;&#8221;,&#8221;main_content&#8221;:[{&#8220;component&#8221;:&#8221;hc_space&#8221;,&#8221;id&#8221;:&#8221;Hdg76&#8243;,&#8221;css_classes&#8221;:&#8221;&#8221;,&#8221;custom_css_classes&#8221;:&#8221;&#8221;,&#8221;custom_css_styles&#8221;:&#8221;&#8221;,&#8221;size&#8221;:&#8221;space-sm&#8221;,&#8221;height&#8221;:&#8221;&#8221;},{&#8220;component&#8221;:&#8221;hc_text_block&#8221;,&#8221;id&#8221;:&#8221;zmr0F&#8221;,&#8221;css_classes&#8221;:&#8221;&#8221;,&#8221;custom_css_classes&#8221;:&#8221;&#8221;,&#8221;custom_css_styles&#8221;:&#8221;&#8221;,&#8221;content&#8221;:&#8221;Payla\u015f:&#8221;},{&#8220;component&#8221;:&#8221;hc_social_share_buttons&#8221;,&#8221;id&#8221;:&#8221;P7L30&#8243;,&#8221;css_classes&#8221;:&#8221;&#8221;,&#8221;custom_css_classes&#8221;:&#8221;&#8221;,&#8221;custom_css_styles&#8221;:&#8221;&#8221;,&#8221;style&#8221;:&#8221;icon-links-button&#8221;,&#8221;size&#8221;:&#8221;&#8221;,&#8221;alignment&#8221;:&#8221;&#8221;,&#8221;type&#8221;:&#8221;&#8221;,&#8221;social_colors&#8221;:true,&#8221;fb&#8221;:true,&#8221;fb_link&#8221;:&#8221;&#8221;,&#8221;tw&#8221;:true,&#8221;tw_link&#8221;:&#8221;&#8221;,&#8221;pi&#8221;:true,&#8221;pi_link&#8221;:&#8221;&#8221;,&#8221;li&#8221;:true,&#8221;li_link&#8221;:&#8221;&#8221;}]}],&#8221;section_settings&#8221;:&#8221;&#8221;},&#8221;section_dDpN7&#8243;:{&#8220;component&#8221;:&#8221;hc_section&#8221;,&#8221;id&#8221;:&#8221;section_dDpN7&#8243;,&#8221;section_width&#8221;:&#8221;&#8221;,&#8221;animation&#8221;:&#8221;&#8221;,&#8221;animation_time&#8221;:&#8221;&#8221;,&#8221;timeline_animation&#8221;:&#8221;&#8221;,&#8221;timeline_delay&#8221;:&#8221;&#8221;,&#8221;timeline_order&#8221;:&#8221;&#8221;,&#8221;vertical_row&#8221;:&#8221;&#8221;,&#8221;css_classes&#8221;:&#8221;section-color &#8220;,&#8221;custom_css_classes&#8221;:&#8221;&#8221;,&#8221;custom_css_styles&#8221;:&#8221;&#8221;,&#8221;section_content&#8221;:[{&#8220;component&#8221;:&#8221;hc_column&#8221;,&#8221;id&#8221;:&#8221;XLZ44&#8243;,&#8221;column_width&#8221;:&#8221;col-md-12&#8243;,&#8221;animation&#8221;:&#8221;&#8221;,&#8221;animation_time&#8221;:&#8221;&#8221;,&#8221;timeline_animation&#8221;:&#8221;&#8221;,&#8221;timeline_delay&#8221;:&#8221;&#8221;,&#8221;timeline_order&#8221;:&#8221;&#8221;,&#8221;css_classes&#8221;:&#8221;&#8221;,&#8221;custom_css_classes&#8221;:&#8221;&#8221;,&#8221;custom_css_styles&#8221;:&#8221;&#8221;,&#8221;main_content&#8221;:[{&#8220;component&#8221;:&#8221;hc_title_tag&#8221;,&#8221;id&#8221;:&#8221;4AoyD&#8221;,&#8221;css_classes&#8221;:&#8221;&#8221;,&#8221;custom_css_classes&#8221;:&#8221;&#8221;,&#8221;custom_css_styles&#8221;:&#8221;&#8221;,&#8221;text&#8221;:&#8221;Son Yaz\u0131lar&#8221;,&#8221;tag&#8221;:&#8221;h2&#8243;},{&#8220;component&#8221;:&#8221;hc_space&#8221;,&#8221;id&#8221;:&#8221;TsAHd&#8221;,&#8221;css_classes&#8221;:&#8221;&#8221;,&#8221;custom_css_classes&#8221;:&#8221;&#8221;,&#8221;custom_css_styles&#8221;:&#8221;&#8221;,&#8221;size&#8221;:&#8221;space&#8221;,&#8221;height&#8221;:&#8221;&#8221;},{&#8220;component&#8221;:&#8221;hc_pt_grid_list&#8221;,&#8221;id&#8221;:&#8221;J9IEW&#8221;,&#8221;css_classes&#8221;:&#8221;&#8221;,&#8221;custom_css_classes&#8221;:&#8221;&#8221;,&#8221;custom_css_styles&#8221;:&#8221;&#8221;,&#8221;post_type_slug&#8221;:&#8221;post&#8221;,&#8221;post_type_category&#8221;:&#8221;&#8221;,&#8221;column&#8221;:&#8221;2&#8243;,&#8221;column_lg&#8221;:&#8221;2&#8243;,&#8221;column_md&#8221;:&#8221;2&#8243;,&#8221;column_sm&#8221;:&#8221;1&#8243;,&#8221;column_xs&#8221;:&#8221;1&#8243;,&#8221;margins&#8221;:&#8221;&#8221;,&#8221;pag_type&#8221;:&#8221;load_more&#8221;,&#8221;pag_items&#8221;:&#8221;2&#8243;,&#8221;pag_size&#8221;:&#8221;&#8221;,&#8221;pag_animation&#8221;:&#8221;fade-top&#8221;,&#8221;pag_scroll_top&#8221;:false,&#8221;pag_position&#8221;:&#8221;align-center&#8221;,&#8221;pag_button_prev&#8221;:&#8221;&#8221;,&#8221;pag_button_next&#8221;:&#8221;&#8221;,&#8221;lm_lazy&#8221;:false,&#8221;lm_button_text&#8221;:&#8221;Daha Fazla&#8221;,&#8221;box&#8221;:&#8221;blog_top&#8221;,&#8221;boxed&#8221;:true,&#8221;extra&#8221;:false,&#8221;content&#8221;:&#8221;&#8221;,&#8221;title_length&#8221;:&#8221;36&#8243;,&#8221;excerpt_length&#8221;:&#8221;75&#8243;,&#8221;title_size&#8221;:&#8221;text-md&#8221;,&#8221;custom_css&#8221;:&#8221;&#8221;,&#8221;button_text&#8221;:&#8221;&#8221;,&#8221;button_style&#8221;:&#8221;square&#8221;,&#8221;button_dimensions&#8221;:&#8221;btn-lg&#8221;,&#8221;button_animation&#8221;:false,&#8221;button_icon&#8221;:&#8221;&#8221;}]}],&#8221;section_settings&#8221;:&#8221;&#8221;},&#8221;scripts&#8221;:{&#8220;lightbox&#8221;:&#8221;magnific-popup.min.js&#8221;,&#8221;pagination&#8221;:&#8221;pagination.min.js&#8221;},&#8221;css&#8221;:{&#8220;lightbox&#8221;:&#8221;css\/magnific-popup.css&#8221;,&#8221;content_box&#8221;:&#8221;css\/content-box.css&#8221;,&#8221;media_box&#8221;:&#8221;css\/media-box.css&#8221;},&#8221;css_page&#8221;:&#8221;&#8221;,&#8221;template_setting&#8221;:{},&#8221;template_setting_top&#8221;:{},&#8221;page_setting&#8221;:{&#8220;settings&#8221;:[&#8220;lock-mode-off&#8221;]},&#8221;post_type_setting&#8221;:{&#8220;settings&#8221;:{&#8220;image&#8221;:&#8221;https:\/\/www.cigdemguven.com\/medias\/2024\/03\/cigdem-guven-international-bank-germany-1024&#215;714.jpg|753|1080|3593&#8243;,&#8221;excerpt&#8221;:&#8221;Almanya, g\u00fc\u00e7l\u00fc sanayi yap\u0131s\u0131, y\u00fcksek teknoloji \u00fcr\u00fcnleri ve ihracat odakl\u0131 ekonomisi ile sadece Avrupa&#8217;n\u0131n de\u011fil, ayn\u0131 zamanda d\u00fcnyan\u0131n en b\u00fcy\u00fck ekonomilerinden biri olma \u00f6zelli\u011fini ta\u015f\u0131r. Bu ekonomik g\u00fc\u00e7, Almanya&#8217;y\u0131 uluslararas\u0131 bankac\u0131l\u0131k sekt\u00f6r\u00fc i\u00e7in de cazip bir merkez haline getirmi\u015ftir. \u00d6zellikle Frankfurt am Main \u015fehri, global finans d\u00fcnyas\u0131n\u0131n kalbi olarak kabul edilir ve bu \u015fehirdeki finansal kurumlar, Almanya&#8217;n\u0131n d\u00fcnya ekonomisindeki etkin rol\u00fcn\u00fc peki\u015ftirir.&#8221;,&#8221;extra_1&#8243;:&#8221;Yaz\u0131&#8221;,&#8221;extra_2&#8243;:&#8221;&#8221;,&#8221;icon&#8221;:{&#8220;icon&#8221;:&#8221;&#8221;,&#8221;icon_style&#8221;:&#8221;&#8221;,&#8221;icon_image&#8221;:&#8221;&#8221;}}}}<\/p>\n","protected":false},"excerpt":{"rendered":"<p>Almanya, g\u00fc\u00e7l\u00fc sanayi yap\u0131s\u0131, y\u00fcksek teknoloji \u00fcr\u00fcnleri ve ihracat odakl\u0131 ekonomisi ile sadece Avrupa&#8217;n\u0131n de\u011fil, ayn\u0131 zamanda d\u00fcnyan\u0131n en b\u00fcy\u00fck ekonomilerinden biri olma \u00f6zelli\u011fini ta\u015f\u0131r. Bu ekonomik g\u00fc\u00e7, Almanya&#8217;y\u0131 uluslararas\u0131 bankac\u0131l\u0131k sekt\u00f6r\u00fc i\u00e7in de cazip bir merkez haline getirmi\u015ftir. \u00d6zellikle Frankfurt am Main \u015fehri, global finans d\u00fcnyas\u0131n\u0131n kalbi olarak kabul edilir ve bu \u015fehirdeki finansal kurumlar, Almanya&#8217;n\u0131n d\u00fcnya ekonomisindeki etkin rol\u00fcn\u00fc peki\u015ftirir.<\/p>\n","protected":false},"author":1,"featured_media":3592,"comment_status":"closed","ping_status":"open","sticky":false,"template":"","format":"standard","meta":{"footnotes":""},"categories":[12,19],"tags":[],"class_list":["post-3597","post","type-post","status-publish","format-standard","has-post-thumbnail","hentry","category-genel","category-yazilar"],"yoast_head":"\n<title>Almanya&#039;da Uluslararas\u0131 Bankac\u0131l\u0131k: K\u00fcresel Ekonomiye Katk\u0131l\u0131 Bir Kuvvet | \u00c7i\u011fdem G\u00fcven Management Consulting &amp; Coaching &amp; Mentoring Services<\/title>\n<meta name=\"robots\" content=\"index, follow, max-snippet:-1, max-image-preview:large, max-video-preview:-1\" \/>\n<link rel=\"canonical\" href=\"https:\/\/www.cigdemguven.com\/tr\/yazilar\/almanyada-uluslararasi-bankacilik-kuresel-ekonomiye-katkili-bir-kuvvet\/\" \/>\n<meta property=\"og:locale\" content=\"tr_TR\" \/>\n<meta property=\"og:type\" content=\"article\" \/>\n<meta property=\"og:title\" content=\"Almanya&#039;da Uluslararas\u0131 Bankac\u0131l\u0131k: K\u00fcresel Ekonomiye Katk\u0131l\u0131 Bir Kuvvet | \u00c7i\u011fdem G\u00fcven Management Consulting &amp; Coaching &amp; Mentoring Services\" \/>\n<meta property=\"og:description\" content=\"Almanya, g\u00fc\u00e7l\u00fc sanayi yap\u0131s\u0131, y\u00fcksek teknoloji \u00fcr\u00fcnleri ve ihracat odakl\u0131 ekonomisi ile sadece Avrupa&#039;n\u0131n de\u011fil, ayn\u0131 zamanda d\u00fcnyan\u0131n en b\u00fcy\u00fck ekonomilerinden biri olma \u00f6zelli\u011fini ta\u015f\u0131r. Bu ekonomik g\u00fc\u00e7, Almanya&#039;y\u0131 uluslararas\u0131 bankac\u0131l\u0131k sekt\u00f6r\u00fc i\u00e7in de cazip bir merkez haline getirmi\u015ftir. \u00d6zellikle Frankfurt am Main \u015fehri, global finans d\u00fcnyas\u0131n\u0131n kalbi olarak kabul edilir ve bu \u015fehirdeki finansal kurumlar, Almanya&#039;n\u0131n d\u00fcnya ekonomisindeki etkin rol\u00fcn\u00fc peki\u015ftirir.\" \/>\n<meta property=\"og:url\" content=\"https:\/\/www.cigdemguven.com\/tr\/yazilar\/almanyada-uluslararasi-bankacilik-kuresel-ekonomiye-katkili-bir-kuvvet\/\" \/>\n<meta property=\"og:site_name\" content=\"\u00c7i\u011fdem G\u00fcven Management Consulting &amp; Coaching &amp; Mentoring Services\" \/>\n<meta property=\"article:publisher\" content=\"https:\/\/www.facebook.com\/cigdemguvendanisman\" \/>\n<meta property=\"article:published_time\" content=\"2024-02-26T09:35:02+00:00\" \/>\n<meta property=\"article:modified_time\" content=\"2024-03-13T00:41:28+00:00\" \/>\n<meta property=\"og:image\" content=\"https:\/\/www.cigdemguven.com\/medias\/2024\/03\/cigdem-guven-international-bank-germany.jpg\" \/>\n\t<meta property=\"og:image:width\" content=\"1080\" \/>\n\t<meta property=\"og:image:height\" content=\"753\" \/>\n\t<meta property=\"og:image:type\" content=\"image\/jpeg\" \/>\n<meta name=\"author\" content=\"\u00c7i\u011fdem G\u00fcven\" \/>\n<meta name=\"twitter:card\" content=\"summary_large_image\" \/>\n<meta name=\"twitter:creator\" content=\"@cigdemguvencom\" \/>\n<meta name=\"twitter:site\" content=\"@cigdemguvencom\" \/>\n<meta name=\"twitter:label1\" content=\"Yazan:\" \/>\n\t<meta name=\"twitter:data1\" content=\"\u00c7i\u011fdem G\u00fcven\" \/>\n\t<meta name=\"twitter:label2\" content=\"Tahmini okuma s\u00fcresi\" \/>\n\t<meta name=\"twitter:data2\" content=\"6 dakika\" \/>\n<script type=\"application\/ld+json\" class=\"yoast-schema-graph\">{\"@context\":\"https:\/\/schema.org\",\"@graph\":[{\"@type\":\"Article\",\"@id\":\"https:\/\/www.cigdemguven.com\/tr\/yazilar\/almanyada-uluslararasi-bankacilik-kuresel-ekonomiye-katkili-bir-kuvvet\/#article\",\"isPartOf\":{\"@id\":\"https:\/\/www.cigdemguven.com\/tr\/yazilar\/almanyada-uluslararasi-bankacilik-kuresel-ekonomiye-katkili-bir-kuvvet\/\"},\"author\":{\"name\":\"\u00c7i\u011fdem G\u00fcven\",\"@id\":\"https:\/\/www.cigdemguven.com\/tr\/#\/schema\/person\/abd506d3b37ae4dd04e7393ca6ac5921\"},\"headline\":\"Almanya&#8217;da Uluslararas\u0131 Bankac\u0131l\u0131k: K\u00fcresel Ekonomiye Katk\u0131l\u0131 Bir Kuvvet\",\"datePublished\":\"2024-02-26T09:35:02+00:00\",\"dateModified\":\"2024-03-13T00:41:28+00:00\",\"mainEntityOfPage\":{\"@id\":\"https:\/\/www.cigdemguven.com\/tr\/yazilar\/almanyada-uluslararasi-bankacilik-kuresel-ekonomiye-katkili-bir-kuvvet\/\"},\"wordCount\":1268,\"publisher\":{\"@id\":\"https:\/\/www.cigdemguven.com\/tr\/#organization\"},\"articleSection\":{\"1\":\"Yaz\u0131lar\"},\"inLanguage\":\"tr\"},{\"@type\":\"WebPage\",\"@id\":\"https:\/\/www.cigdemguven.com\/tr\/yazilar\/almanyada-uluslararasi-bankacilik-kuresel-ekonomiye-katkili-bir-kuvvet\/\",\"url\":\"https:\/\/www.cigdemguven.com\/tr\/yazilar\/almanyada-uluslararasi-bankacilik-kuresel-ekonomiye-katkili-bir-kuvvet\/\",\"name\":\"Almanya'da Uluslararas\u0131 Bankac\u0131l\u0131k: K\u00fcresel Ekonomiye Katk\u0131l\u0131 Bir Kuvvet | \u00c7i\u011fdem G\u00fcven Management Consulting &amp; Coaching &amp; Mentoring Services\",\"isPartOf\":{\"@id\":\"https:\/\/www.cigdemguven.com\/tr\/#website\"},\"datePublished\":\"2024-02-26T09:35:02+00:00\",\"dateModified\":\"2024-03-13T00:41:28+00:00\",\"breadcrumb\":{\"@id\":\"https:\/\/www.cigdemguven.com\/tr\/yazilar\/almanyada-uluslararasi-bankacilik-kuresel-ekonomiye-katkili-bir-kuvvet\/#breadcrumb\"},\"inLanguage\":\"tr\",\"potentialAction\":[{\"@type\":\"ReadAction\",\"target\":[\"https:\/\/www.cigdemguven.com\/tr\/yazilar\/almanyada-uluslararasi-bankacilik-kuresel-ekonomiye-katkili-bir-kuvvet\/\"]}]},{\"@type\":\"BreadcrumbList\",\"@id\":\"https:\/\/www.cigdemguven.com\/tr\/yazilar\/almanyada-uluslararasi-bankacilik-kuresel-ekonomiye-katkili-bir-kuvvet\/#breadcrumb\",\"itemListElement\":[{\"@type\":\"ListItem\",\"position\":1,\"name\":\"Home\",\"item\":\"https:\/\/www.cigdemguven.com\/tr\/\"},{\"@type\":\"ListItem\",\"position\":2,\"name\":\"Almanya&#8217;da Uluslararas\u0131 Bankac\u0131l\u0131k: K\u00fcresel Ekonomiye Katk\u0131l\u0131 Bir Kuvvet\"}]},{\"@type\":\"WebSite\",\"@id\":\"https:\/\/www.cigdemguven.com\/tr\/#website\",\"url\":\"https:\/\/www.cigdemguven.com\/tr\/\",\"name\":\"\u00c7i\u011fdem G\u00fcven Management Consulting &amp; Coaching &amp; Mentoring Services\",\"description\":\"Management Consulting &amp; Coaching &amp; Mentoring Services\",\"publisher\":{\"@id\":\"https:\/\/www.cigdemguven.com\/tr\/#organization\"},\"potentialAction\":[{\"@type\":\"SearchAction\",\"target\":{\"@type\":\"EntryPoint\",\"urlTemplate\":\"https:\/\/www.cigdemguven.com\/tr\/?s={search_term_string}\"},\"query-input\":\"required name=search_term_string\"}],\"inLanguage\":\"tr\"},{\"@type\":\"Organization\",\"@id\":\"https:\/\/www.cigdemguven.com\/tr\/#organization\",\"name\":\"\u00c7i\u011fdem G\u00fcven Management Consulting & Coaching & Mentoring Services\",\"url\":\"https:\/\/www.cigdemguven.com\/tr\/\",\"logo\":{\"@type\":\"ImageObject\",\"inLanguage\":\"tr\",\"@id\":\"https:\/\/www.cigdemguven.com\/tr\/#\/schema\/logo\/image\/\",\"url\":\"https:\/\/www.cigdemguven.com\/medias\/2021\/12\/cigdem-guven-logo.svg\",\"contentUrl\":\"https:\/\/www.cigdemguven.com\/medias\/2021\/12\/cigdem-guven-logo.svg\",\"width\":1,\"height\":1,\"caption\":\"\u00c7i\u011fdem G\u00fcven Management Consulting & Coaching & Mentoring Services\"},\"image\":{\"@id\":\"https:\/\/www.cigdemguven.com\/tr\/#\/schema\/logo\/image\/\"},\"sameAs\":[\"https:\/\/www.facebook.com\/cigdemguvendanisman\",\"https:\/\/twitter.com\/cigdemguvencom\",\"https:\/\/www.instagram.com\/cigdemguvendanismanlik\/\",\"https:\/\/www.linkedin.com\/in\/cigdemguvendanismanlik\/\"]},{\"@type\":\"Person\",\"@id\":\"https:\/\/www.cigdemguven.com\/tr\/#\/schema\/person\/abd506d3b37ae4dd04e7393ca6ac5921\",\"name\":\"\u00c7i\u011fdem G\u00fcven\",\"sameAs\":[\"https:\/\/www.cigdemguven.com\"],\"url\":\"https:\/\/www.cigdemguven.com\/tr\/author\/cigdemguven\/\"}]}<\/script>\n","yoast_head_json":{"title":"Almanya'da Uluslararas\u0131 Bankac\u0131l\u0131k: K\u00fcresel Ekonomiye Katk\u0131l\u0131 Bir Kuvvet | \u00c7i\u011fdem G\u00fcven Management Consulting &amp; Coaching &amp; Mentoring Services","robots":{"index":"index","follow":"follow","max-snippet":"max-snippet:-1","max-image-preview":"max-image-preview:large","max-video-preview":"max-video-preview:-1"},"canonical":"https:\/\/www.cigdemguven.com\/tr\/yazilar\/almanyada-uluslararasi-bankacilik-kuresel-ekonomiye-katkili-bir-kuvvet\/","og_locale":"tr_TR","og_type":"article","og_title":"Almanya'da Uluslararas\u0131 Bankac\u0131l\u0131k: K\u00fcresel Ekonomiye Katk\u0131l\u0131 Bir Kuvvet | \u00c7i\u011fdem G\u00fcven Management Consulting &amp; Coaching &amp; Mentoring Services","og_description":"Almanya, g\u00fc\u00e7l\u00fc sanayi yap\u0131s\u0131, y\u00fcksek teknoloji \u00fcr\u00fcnleri ve ihracat odakl\u0131 ekonomisi ile sadece Avrupa'n\u0131n de\u011fil, ayn\u0131 zamanda d\u00fcnyan\u0131n en b\u00fcy\u00fck ekonomilerinden biri olma \u00f6zelli\u011fini ta\u015f\u0131r. Bu ekonomik g\u00fc\u00e7, Almanya'y\u0131 uluslararas\u0131 bankac\u0131l\u0131k sekt\u00f6r\u00fc i\u00e7in de cazip bir merkez haline getirmi\u015ftir. \u00d6zellikle Frankfurt am Main \u015fehri, global finans d\u00fcnyas\u0131n\u0131n kalbi olarak kabul edilir ve bu \u015fehirdeki finansal kurumlar, Almanya'n\u0131n d\u00fcnya ekonomisindeki etkin rol\u00fcn\u00fc peki\u015ftirir.","og_url":"https:\/\/www.cigdemguven.com\/tr\/yazilar\/almanyada-uluslararasi-bankacilik-kuresel-ekonomiye-katkili-bir-kuvvet\/","og_site_name":"\u00c7i\u011fdem G\u00fcven Management Consulting &amp; Coaching &amp; Mentoring Services","article_publisher":"https:\/\/www.facebook.com\/cigdemguvendanisman","article_published_time":"2024-02-26T09:35:02+00:00","article_modified_time":"2024-03-13T00:41:28+00:00","og_image":[{"width":1080,"height":753,"url":"https:\/\/www.cigdemguven.com\/medias\/2024\/03\/cigdem-guven-international-bank-germany.jpg","type":"image\/jpeg"}],"author":"\u00c7i\u011fdem G\u00fcven","twitter_card":"summary_large_image","twitter_creator":"@cigdemguvencom","twitter_site":"@cigdemguvencom","twitter_misc":{"Yazan:":"\u00c7i\u011fdem G\u00fcven","Tahmini okuma s\u00fcresi":"6 dakika"},"schema":{"@context":"https:\/\/schema.org","@graph":[{"@type":"Article","@id":"https:\/\/www.cigdemguven.com\/tr\/yazilar\/almanyada-uluslararasi-bankacilik-kuresel-ekonomiye-katkili-bir-kuvvet\/#article","isPartOf":{"@id":"https:\/\/www.cigdemguven.com\/tr\/yazilar\/almanyada-uluslararasi-bankacilik-kuresel-ekonomiye-katkili-bir-kuvvet\/"},"author":{"name":"\u00c7i\u011fdem G\u00fcven","@id":"https:\/\/www.cigdemguven.com\/tr\/#\/schema\/person\/abd506d3b37ae4dd04e7393ca6ac5921"},"headline":"Almanya&#8217;da Uluslararas\u0131 Bankac\u0131l\u0131k: K\u00fcresel Ekonomiye Katk\u0131l\u0131 Bir Kuvvet","datePublished":"2024-02-26T09:35:02+00:00","dateModified":"2024-03-13T00:41:28+00:00","mainEntityOfPage":{"@id":"https:\/\/www.cigdemguven.com\/tr\/yazilar\/almanyada-uluslararasi-bankacilik-kuresel-ekonomiye-katkili-bir-kuvvet\/"},"wordCount":1268,"publisher":{"@id":"https:\/\/www.cigdemguven.com\/tr\/#organization"},"articleSection":{"1":"Yaz\u0131lar"},"inLanguage":"tr"},{"@type":"WebPage","@id":"https:\/\/www.cigdemguven.com\/tr\/yazilar\/almanyada-uluslararasi-bankacilik-kuresel-ekonomiye-katkili-bir-kuvvet\/","url":"https:\/\/www.cigdemguven.com\/tr\/yazilar\/almanyada-uluslararasi-bankacilik-kuresel-ekonomiye-katkili-bir-kuvvet\/","name":"Almanya'da Uluslararas\u0131 Bankac\u0131l\u0131k: K\u00fcresel Ekonomiye Katk\u0131l\u0131 Bir Kuvvet | \u00c7i\u011fdem G\u00fcven Management Consulting &amp; Coaching &amp; Mentoring Services","isPartOf":{"@id":"https:\/\/www.cigdemguven.com\/tr\/#website"},"datePublished":"2024-02-26T09:35:02+00:00","dateModified":"2024-03-13T00:41:28+00:00","breadcrumb":{"@id":"https:\/\/www.cigdemguven.com\/tr\/yazilar\/almanyada-uluslararasi-bankacilik-kuresel-ekonomiye-katkili-bir-kuvvet\/#breadcrumb"},"inLanguage":"tr","potentialAction":[{"@type":"ReadAction","target":["https:\/\/www.cigdemguven.com\/tr\/yazilar\/almanyada-uluslararasi-bankacilik-kuresel-ekonomiye-katkili-bir-kuvvet\/"]}]},{"@type":"BreadcrumbList","@id":"https:\/\/www.cigdemguven.com\/tr\/yazilar\/almanyada-uluslararasi-bankacilik-kuresel-ekonomiye-katkili-bir-kuvvet\/#breadcrumb","itemListElement":[{"@type":"ListItem","position":1,"name":"Home","item":"https:\/\/www.cigdemguven.com\/tr\/"},{"@type":"ListItem","position":2,"name":"Almanya&#8217;da Uluslararas\u0131 Bankac\u0131l\u0131k: K\u00fcresel Ekonomiye Katk\u0131l\u0131 Bir Kuvvet"}]},{"@type":"WebSite","@id":"https:\/\/www.cigdemguven.com\/tr\/#website","url":"https:\/\/www.cigdemguven.com\/tr\/","name":"\u00c7i\u011fdem G\u00fcven Management Consulting &amp; Coaching &amp; Mentoring Services","description":"Management Consulting &amp; Coaching &amp; Mentoring Services","publisher":{"@id":"https:\/\/www.cigdemguven.com\/tr\/#organization"},"potentialAction":[{"@type":"SearchAction","target":{"@type":"EntryPoint","urlTemplate":"https:\/\/www.cigdemguven.com\/tr\/?s={search_term_string}"},"query-input":"required name=search_term_string"}],"inLanguage":"tr"},{"@type":"Organization","@id":"https:\/\/www.cigdemguven.com\/tr\/#organization","name":"\u00c7i\u011fdem G\u00fcven Management Consulting & Coaching & Mentoring Services","url":"https:\/\/www.cigdemguven.com\/tr\/","logo":{"@type":"ImageObject","inLanguage":"tr","@id":"https:\/\/www.cigdemguven.com\/tr\/#\/schema\/logo\/image\/","url":"https:\/\/www.cigdemguven.com\/medias\/2021\/12\/cigdem-guven-logo.svg","contentUrl":"https:\/\/www.cigdemguven.com\/medias\/2021\/12\/cigdem-guven-logo.svg","width":1,"height":1,"caption":"\u00c7i\u011fdem G\u00fcven Management Consulting & Coaching & Mentoring Services"},"image":{"@id":"https:\/\/www.cigdemguven.com\/tr\/#\/schema\/logo\/image\/"},"sameAs":["https:\/\/www.facebook.com\/cigdemguvendanisman","https:\/\/twitter.com\/cigdemguvencom","https:\/\/www.instagram.com\/cigdemguvendanismanlik\/","https:\/\/www.linkedin.com\/in\/cigdemguvendanismanlik\/"]},{"@type":"Person","@id":"https:\/\/www.cigdemguven.com\/tr\/#\/schema\/person\/abd506d3b37ae4dd04e7393ca6ac5921","name":"\u00c7i\u011fdem G\u00fcven","sameAs":["https:\/\/www.cigdemguven.com"],"url":"https:\/\/www.cigdemguven.com\/tr\/author\/cigdemguven\/"}]}},"_links":{"self":[{"href":"https:\/\/www.cigdemguven.com\/tr\/wp-json\/wp\/v2\/posts\/3597","targetHints":{"allow":["GET"]}}],"collection":[{"href":"https:\/\/www.cigdemguven.com\/tr\/wp-json\/wp\/v2\/posts"}],"about":[{"href":"https:\/\/www.cigdemguven.com\/tr\/wp-json\/wp\/v2\/types\/post"}],"author":[{"embeddable":true,"href":"https:\/\/www.cigdemguven.com\/tr\/wp-json\/wp\/v2\/users\/1"}],"replies":[{"embeddable":true,"href":"https:\/\/www.cigdemguven.com\/tr\/wp-json\/wp\/v2\/comments?post=3597"}],"version-history":[{"count":2,"href":"https:\/\/www.cigdemguven.com\/tr\/wp-json\/wp\/v2\/posts\/3597\/revisions"}],"predecessor-version":[{"id":3600,"href":"https:\/\/www.cigdemguven.com\/tr\/wp-json\/wp\/v2\/posts\/3597\/revisions\/3600"}],"wp:featuredmedia":[{"embeddable":true,"href":"https:\/\/www.cigdemguven.com\/tr\/wp-json\/wp\/v2\/media\/3592"}],"wp:attachment":[{"href":"https:\/\/www.cigdemguven.com\/tr\/wp-json\/wp\/v2\/media?parent=3597"}],"wp:term":[{"taxonomy":"category","embeddable":true,"href":"https:\/\/www.cigdemguven.com\/tr\/wp-json\/wp\/v2\/categories?post=3597"},{"taxonomy":"post_tag","embeddable":true,"href":"https:\/\/www.cigdemguven.com\/tr\/wp-json\/wp\/v2\/tags?post=3597"}],"curies":[{"name":"wp","href":"https:\/\/api.w.org\/{rel}","templated":true}]}}