{"id":3081,"date":"2023-04-06T12:04:08","date_gmt":"2023-04-06T09:04:08","guid":{"rendered":"https:\/\/www.cigdemguven.com\/genel\/strategic-communication\/"},"modified":"2023-04-28T04:22:14","modified_gmt":"2023-04-28T01:22:14","slug":"stratejik-iletisim","status":"publish","type":"post","link":"https:\/\/www.cigdemguven.com\/tr\/yazilar\/stratejik-iletisim\/","title":{"rendered":"Stratejik \u0130leti\u015fim"},"content":{"rendered":"<p>{&#8220;main-title&#8221;:{&#8220;component&#8221;:&#8221;hc_title&#8221;,&#8221;id&#8221;:&#8221;main-title&#8221;,&#8221;title&#8221;:&#8221;&#8221;,&#8221;subtitle&#8221;:&#8221;&#8221;,&#8221;title_content&#8221;:{&#8220;component&#8221;:&#8221;hc_title_empty&#8221;,&#8221;id&#8221;:&#8221;title-empty&#8221;}},&#8221;section_QvNqz&#8221;:{&#8220;component&#8221;:&#8221;hc_section&#8221;,&#8221;id&#8221;:&#8221;section_QvNqz&#8221;,&#8221;section_width&#8221;:&#8221;&#8221;,&#8221;animation&#8221;:&#8221;&#8221;,&#8221;animation_time&#8221;:&#8221;&#8221;,&#8221;timeline_animation&#8221;:&#8221;&#8221;,&#8221;timeline_delay&#8221;:&#8221;&#8221;,&#8221;timeline_order&#8221;:&#8221;&#8221;,&#8221;vertical_row&#8221;:&#8221;&#8221;,&#8221;css_classes&#8221;:&#8221;section-color no-padding-bottom no-padding-top &#8220;,&#8221;custom_css_classes&#8221;:&#8221;containerblog&#8221;,&#8221;custom_css_styles&#8221;:&#8221;&#8221;,&#8221;section_content&#8221;:[{&#8220;component&#8221;:&#8221;hc_column&#8221;,&#8221;id&#8221;:&#8221;P1FCZ&#8221;,&#8221;column_width&#8221;:&#8221;col-md-12&#8243;,&#8221;animation&#8221;:&#8221;&#8221;,&#8221;animation_time&#8221;:&#8221;&#8221;,&#8221;timeline_animation&#8221;:&#8221;&#8221;,&#8221;timeline_delay&#8221;:&#8221;&#8221;,&#8221;timeline_order&#8221;:&#8221;&#8221;,&#8221;css_classes&#8221;:&#8221;boxed-area align-items-center &#8220;,&#8221;custom_css_classes&#8221;:&#8221;&#8221;,&#8221;custom_css_styles&#8221;:&#8221;&#8221;,&#8221;main_content&#8221;:[{&#8220;component&#8221;:&#8221;hc_title_tag&#8221;,&#8221;id&#8221;:&#8221;5ZtkF&#8221;,&#8221;css_classes&#8221;:&#8221;&#8221;,&#8221;custom_css_classes&#8221;:&#8221;&#8221;,&#8221;custom_css_styles&#8221;:&#8221;&#8221;,&#8221;text&#8221;:&#8221;Stratejik \u0130leti\u015fim&#8221;,&#8221;tag&#8221;:&#8221;h1&#8243;},{&#8220;component&#8221;:&#8221;hc_image_box&#8221;,&#8221;id&#8221;:&#8221;P92Nk&#8221;,&#8221;css_classes&#8221;:&#8221;&#8221;,&#8221;custom_css_classes&#8221;:&#8221;&#8221;,&#8221;custom_css_styles&#8221;:&#8221;&#8221;,&#8221;image&#8221;:&#8221;https:\/\/www.cigdemguven.com\/medias\/2023\/04\/cigdem-guven-strategic-communication-1024&#215;714.jpg|753|1080|3077&#8243;,&#8221;link_type&#8221;:&#8221;lightbox&#8221;,&#8221;lightbox_animation&#8221;:&#8221;&#8221;,&#8221;caption&#8221;:&#8221;Stratejik \u0130leti\u015fim&#8221;,&#8221;inner_caption&#8221;:false,&#8221;new_window&#8221;:false,&#8221;link&#8221;:&#8221;https:\/\/www.cigdemguven.com\/medias\/2023\/04\/cigdem-guven-strategic-communication.jpg&#8221;,&#8221;link_content&#8221;:[],&#8221;lightbox_size&#8221;:&#8221;&#8221;,&#8221;scrollbox&#8221;:false,&#8221;icon&#8221;:&#8221;&#8221;,&#8221;image_animation&#8221;:&#8221;&#8221;,&#8221;icon_animation&#8221;:&#8221;&#8221;,&#8221;thumb_size&#8221;:&#8221;full&#8221;,&#8221;icon_hidden&#8221;:true,&#8221;caption_img_box&#8221;:&#8221;&#8221;,&#8221;alt&#8221;:&#8221;&#8221;}]}],&#8221;section_settings&#8221;:&#8221;&#8221;},&#8221;section_aSGAU&#8221;:{&#8220;component&#8221;:&#8221;hc_section&#8221;,&#8221;id&#8221;:&#8221;section_aSGAU&#8221;,&#8221;section_width&#8221;:&#8221;&#8221;,&#8221;animation&#8221;:&#8221;&#8221;,&#8221;animation_time&#8221;:&#8221;&#8221;,&#8221;timeline_animation&#8221;:&#8221;&#8221;,&#8221;timeline_delay&#8221;:&#8221;&#8221;,&#8221;timeline_order&#8221;:&#8221;&#8221;,&#8221;vertical_row&#8221;:&#8221;&#8221;,&#8221;css_classes&#8221;:&#8221;no-padding-bottom no-padding-top &#8220;,&#8221;custom_css_classes&#8221;:&#8221;blogtext&#8221;,&#8221;custom_css_styles&#8221;:&#8221;&#8221;,&#8221;section_content&#8221;:[{&#8220;component&#8221;:&#8221;hc_column&#8221;,&#8221;id&#8221;:&#8221;column_0qrhK&#8221;,&#8221;column_width&#8221;:&#8221;col-md-12&#8243;,&#8221;animation&#8221;:&#8221;&#8221;,&#8221;animation_time&#8221;:&#8221;&#8221;,&#8221;timeline_animation&#8221;:&#8221;&#8221;,&#8221;timeline_delay&#8221;:&#8221;&#8221;,&#8221;timeline_order&#8221;:&#8221;&#8221;,&#8221;css_classes&#8221;:&#8221;&#8221;,&#8221;custom_css_classes&#8221;:&#8221;&#8221;,&#8221;custom_css_styles&#8221;:&#8221;&#8221;,&#8221;main_content&#8221;:[{&#8220;component&#8221;:&#8221;hc_wp_editor&#8221;,&#8221;id&#8221;:&#8221;gE6EW&#8221;,&#8221;css_classes&#8221;:&#8221;&#8221;,&#8221;custom_css_classes&#8221;:&#8221;&#8221;,&#8221;custom_css_styles&#8221;:&#8221;&#8221;,&#8221;editor_content&#8221;:&#8221;Stratejik ileti\u015fim, bir organizasyonun ba\u015far\u0131s\u0131 i\u00e7in kritik bir rol oynar. \u0130yi bir stratejik ileti\u015fim plan\u0131, organizasyonun hedeflerine ula\u015fmas\u0131na yard\u0131mc\u0131 olabilir, \u00e7al\u0131\u015fanlar\u0131na, m\u00fc\u015fterilerine ve topluma olumlu bir imaj olu\u015fturabilir ve organizasyonun pazarlama, sat\u0131\u015f ve marka y\u00f6netimi faaliyetlerini destekleyebilir. Stratejik ileti\u015fim, kriz durumlar\u0131nda da son derece \u00f6nemlidir. Organizasyonlar, kriz durumlar\u0131nda h\u0131zl\u0131 ve etkili bir \u015fekilde ileti\u015fim kurarak itibarlar\u0131n\u0131 koruyabilir veya yeniden kazanabilirler.\\n\\nStratejik ileti\u015fim planlamas\u0131, iyi tasarlanm\u0131\u015f bir stratejik ileti\u015fim plan\u0131 ve uygun bir mesajla\u015fma stratejisi ile ba\u015flar. \u0130yi bir stratejik ileti\u015fim plan\u0131, organizasyonun hedeflerine uygun olarak belirlenmi\u015f \u00f6l\u00e7\u00fclebilir hedefler ve ama\u00e7lar i\u00e7ermelidir. Plan, organizasyonun hedeflerine ula\u015fmak i\u00e7in kullanaca\u011f\u0131 kanallar\u0131, hedef kitlesini, mesajlar\u0131 ve i\u00e7eri\u011fi belirlemelidir.\\n\\n\u0130yi bir stratejik ileti\u015fim mesaj\u0131, do\u011fru hedef kitleye, do\u011fru kanalda, do\u011fru zamanda ve do\u011fru bi\u00e7imde iletilmelidir. Mesajlar, hedef kitlelerin ilgisini \u00e7ekecek, onlar\u0131 harekete ge\u00e7irecek, bilgilendirecek veya e\u011fitecek \u015fekilde tasarlanmal\u0131d\u0131r. Mesajlar ayr\u0131ca organizasyonun ama\u00e7lar\u0131na, de\u011ferlerine ve vizyonuna uygun olmal\u0131d\u0131r.\\n\\nStratejik ileti\u015fim planlamas\u0131, organizasyonun hedeflerini ger\u00e7ekle\u015ftirmek i\u00e7in tasarlanm\u0131\u015ft\u0131r. Plan, organizasyonun ama\u00e7lar\u0131na, hedeflerine ve de\u011ferlerine uygun olarak tasarlanmal\u0131d\u0131r. \u0130yi bir plan, organizasyonun hedeflerine ula\u015fmas\u0131 i\u00e7in ihtiya\u00e7 duyulan kaynaklar\u0131 belirlemeli, b\u00fct\u00e7e, personel, zaman vb. konular\u0131 ele almal\u0131d\u0131r. Ayr\u0131ca, plan, organizasyonun faaliyetlerinin \u00f6l\u00e7\u00fclebilir sonu\u00e7lar elde etmesine yard\u0131mc\u0131 olacak performans \u00f6l\u00e7\u00fctlerini belirlemelidir.\\n\\nStratejik ileti\u015fim planlamas\u0131 ve mesajla\u015fma stratejisi haz\u0131rland\u0131ktan sonra, organizasyonun stratejik ileti\u015fim plan\u0131n\u0131 uygulamas\u0131 gerekmektedir. Stratejik ileti\u015fim uygulamalar\u0131, organizasyonun hedef kitlesine mesajlar\u0131n\u0131 iletti\u011fi ileti\u015fim ara\u00e7lar\u0131d\u0131r. Bu ara\u00e7lar, bas\u0131n b\u00fcltenleri, web siteleri, sosyal medya, reklam kampanyalar\u0131, etkinlikler, toplant\u0131lar, seminerler vb. gibi bir\u00e7ok farkl\u0131 kanal\u0131 i\u00e7erebilir.\\n\\nStratejik ileti\u015fim plan\u0131n\u0131n ba\u015far\u0131s\u0131, organizasyonun performans\u0131n\u0131n \u00f6l\u00e7\u00fclebilir sonu\u00e7lar\u0131na g\u00f6re de\u011ferlendirilir. Performans \u00f6l\u00e7\u00fctleri, organizasyonun hedeflerine uygun olarak belirlenir. \u00d6rne\u011fin, bir organizasyon, bir reklam kampanyas\u0131 yoluyla sat\u0131\u015flar\u0131n\u0131 art\u0131rmay\u0131 hedeflerse, sat\u0131\u015flar\u0131n art\u0131\u015f\u0131, performans \u00f6l\u00e7\u00fct\u00fc olarak kullan\u0131labilir.\\n\\n<strong>Ba\u015far\u0131l\u0131 \u00f6rnekler:<\/strong>\\n\\n<strong>\u00bb Nike:<\/strong> Nike, markas\u0131n\u0131 do\u011fru bir \u015fekilde pazarlamak i\u00e7in stratejik ileti\u015fim stratejileri kullanmaktad\u0131r. \u00d6zellikle son y\u0131llarda sosyal medya platformlar\u0131 \u00fczerinden y\u00fcr\u00fctt\u00fc\u011f\u00fc kampanyalar\u0131yla geni\u015f kitlelere ula\u015fmay\u0131 ba\u015farm\u0131\u015ft\u0131r.\\n\\n<strong>\u00bb Coca-Cola:<\/strong> Coca-Cola, d\u00fcnya \u00e7ap\u0131nda tan\u0131nan bir markad\u0131r ve bu ba\u015far\u0131s\u0131n\u0131 do\u011fru bir stratejik ileti\u015fim plan\u0131 ile sa\u011flamaktad\u0131r. Coca-Cola, marka imaj\u0131n\u0131 korumak i\u00e7in m\u00fc\u015fteri geri bildirimlerini dikkate almaktad\u0131r.\\n\\n<strong>\u00bb Apple:<\/strong> Apple, yenilik\u00e7i teknolojik \u00fcr\u00fcnleri ve etkili pazarlama stratejileri sayesinde d\u00fcnya \u00e7ap\u0131nda tan\u0131nan bir marka haline gelmi\u015ftir. Apple, \u00fcr\u00fcn lansmanlar\u0131 ve reklamlar\u0131 i\u00e7in yarat\u0131c\u0131 stratejiler kullanmaktad\u0131r.\\n\\n<strong>Ba\u015far\u0131s\u0131z \u00f6rnekler:<\/strong>\\n\\n<strong>\u00bb United Airlines:<\/strong> United Airlines, 2017 y\u0131l\u0131nda yolculara k\u00f6t\u00fc muamele yapt\u0131\u011f\u0131na dair haberlerle g\u00fcndeme geldi. Bu olay\u0131n ard\u0131ndan, United Airlines&#8217;\u0131n stratejik ileti\u015fim stratejilerinin yetersiz kald\u0131\u011f\u0131 tart\u0131\u015f\u0131ld\u0131.\\n\\n<strong>\u00bb BP:<\/strong> BP, 2010 y\u0131l\u0131nda Meksika K\u00f6rfezi&#8217;nde ger\u00e7ekle\u015fen petrol s\u0131z\u0131nt\u0131s\u0131 skandal\u0131 nedeniyle zorlu bir s\u00fcre\u00e7 ya\u015fad\u0131. BP&#8217;nin kriz y\u00f6netimi ve ileti\u015fim stratejileri ele\u015ftirildi ve organizasyonun itibar\u0131 b\u00fcy\u00fck \u00f6l\u00e7\u00fcde zarar g\u00f6rd\u00fc.\\n\\n<strong>\u00bb Volkswagen:<\/strong> Volkswagen, emisyon testlerinde hile yapmakla su\u00e7land\u0131 ve bu olay\u0131n ard\u0131ndan m\u00fc\u015fteri g\u00fcveni ve marka imaj\u0131 ciddi \u015fekilde zarar g\u00f6rd\u00fc. Volkswagen&#8217;\u0131n stratejik ileti\u015fim stratejileri, m\u00fc\u015fteri g\u00fcvenini kazanmak ve marka imaj\u0131n\u0131 korumak i\u00e7in yetersiz kald\u0131.\\n\\nBu \u00f6rnekler, stratejik ileti\u015fim stratejilerinin organizasyonlar\u0131n ba\u015far\u0131s\u0131 i\u00e7in ne kadar \u00f6nemli oldu\u011funu g\u00f6stermektedir. Ba\u015far\u0131l\u0131 bir stratejik ileti\u015fim plan\u0131 olu\u015fturmak, organizasyonlar\u0131n hedef kitlelerine do\u011fru mesajlar\u0131 ileterek itibarlar\u0131n\u0131 korumalar\u0131na yard\u0131mc\u0131 olabilir.\\n\\nOrganizasyonlar, stratejik ileti\u015fim ara\u00e7lar\u0131n\u0131 kullanarak hedef kitlesine mesajlar\u0131n\u0131 iletmelidir. Stratejik ileti\u015fim ara\u00e7lar\u0131 se\u00e7ilirken, hedef kitlenin demografik \u00f6zellikleri, ilgi alanlar\u0131 ve davran\u0131\u015flar\u0131 gibi fakt\u00f6rler dikkate al\u0131nmal\u0131d\u0131r. \u00d6rne\u011fin, gen\u00e7 bir hedef kitleye ula\u015fmak isteyen bir organizasyon, sosyal medyay\u0131 kullanabilirken, ya\u015fl\u0131 bir hedef kitleye ula\u015fmak isteyen bir organizasyon, geleneksel medyay\u0131 kullanabilir.\\n\\nStratejik ileti\u015fim eksikli\u011fi bir organizasyonun hedeflerine ula\u015fmas\u0131n\u0131 zorla\u015ft\u0131rabilir veya tamamen engelleyebilir. Stratejik ileti\u015fim eksikli\u011fi sonucu ortaya \u00e7\u0131kabilecek baz\u0131 durumlar:\\n\\n<strong>Hedef kitlelerin yanl\u0131\u015f anla\u015f\u0131lmas\u0131:<\/strong> Stratejik ileti\u015fim eksikli\u011fi, hedef kitlelerin ihtiya\u00e7lar\u0131 ve beklentileri hakk\u0131nda yetersiz bilgi sahibi olunmas\u0131na neden olabilir. Bu durum, mesajlar\u0131n yanl\u0131\u015f anla\u015f\u0131lmas\u0131na veya yanl\u0131\u015f yerle\u015ftirilmesine neden olarak hedef kitlelerin organizasyona olan g\u00fcvenini azaltabilir.\\n\\n<strong>\u0130leti\u015fim karma\u015fas\u0131:<\/strong> Stratejik ileti\u015fim eksikli\u011fi, farkl\u0131 departmanlar veya ki\u015filer aras\u0131nda \u00e7eli\u015fkili mesajlar\u0131n g\u00f6nderilmesine neden olabilir. Bu durum, organizasyonun&nbsp; d\u0131\u015far\u0131ya kar\u015f\u0131 tutarl\u0131 bir imaj \u00e7izememesine neden olabilir.\\n\\n<strong>Rekabet avantaj\u0131n\u0131n kayb\u0131:<\/strong> Stratejik ileti\u015fim eksikli\u011fi, organizasyonun rakiplerine kar\u015f\u0131 rekabet avantaj\u0131 sa\u011flayacak mesajlar\u0131n iletilmesini engelleyebilir. Bu durum, organizasyonun pazar pay\u0131n\u0131 kaybetmesine neden olabilir.\\n\\n<strong>Kriz y\u00f6netiminde ba\u015far\u0131s\u0131zl\u0131k:<\/strong> Stratejik ileti\u015fim eksikli\u011fi, kriz durumlar\u0131nda yan\u0131t vermek i\u00e7in do\u011fru mesajlar\u0131n haz\u0131rlanamamas\u0131na neden olabilir. Bu durum, organizasyonun kriz y\u00f6netiminde ba\u015far\u0131s\u0131z olmas\u0131na ve itibar kayb\u0131na neden olabilir. Performans eksikli\u011fi: Stratejik ileti\u015fim eksikli\u011fi, organizasyonun \u00e7al\u0131\u015fanlar\u0131na do\u011fru mesajlar\u0131n iletilmesini engelleyebilir. Bu durum, \u00e7al\u0131\u015fanlar\u0131n performans\u0131n\u0131 etkileyerek organizasyonun hedeflerine ula\u015fmas\u0131n\u0131 zorla\u015ft\u0131rabilir.\\n\\n<strong>\u0130tibar kayb\u0131:<\/strong> Stratejik ileti\u015fim eksikli\u011fi, organizasyonun itibar\u0131n\u0131 zedeleyebilir. Hedef kitlelerin organizasyon hakk\u0131nda yanl\u0131\u015f bilgilendirilmesi veya eksik bilgi sahibi olmalar\u0131, organizasyonun itibar\u0131n\u0131 olumsuz y\u00f6nde etkileyebilir.\\n\\nBu nedenlerden dolay\u0131, organizasyonlar\u0131n stratejik ileti\u015fim stratejileri olu\u015fturarak hedef kitleleri do\u011fru bir \u015fekilde anlamalar\u0131 ve onlarla etkili bir \u015fekilde ileti\u015fim kurmalar\u0131 \u00f6nemlidir.\\n\\nSonu\u00e7 olarak, stratejik ileti\u015fim, organizasyonlar\u0131n ba\u015far\u0131s\u0131 i\u00e7in kritik bir rol oynar. \u0130yi bir stratejik ileti\u015fim plan\u0131, organizasyonun hedeflerine uygun olarak tasarlanmal\u0131 ve uygulanmal\u0131d\u0131r. Organizasyonlar, stratejik ileti\u015fim ara\u00e7lar\u0131n\u0131 se\u00e7erken, hedef kitlenin \u00f6zelliklerini dikkate almal\u0131d\u0131r. Stratejik ileti\u015fim plan\u0131n\u0131n ba\u015far\u0131s\u0131, performans \u00f6l\u00e7\u00fctleri ile \u00f6l\u00e7\u00fclebilir ve organizasyonun stratejik ileti\u015fim plan\u0131n\u0131 de\u011ferlendirmesi i\u00e7in kullan\u0131labilir.&#8221;}]},{&#8220;component&#8221;:&#8221;hc_column&#8221;,&#8221;id&#8221;:&#8221;column_7aIP1&#8243;,&#8221;column_width&#8221;:&#8221;col-md-12&#8243;,&#8221;animation&#8221;:&#8221;&#8221;,&#8221;animation_time&#8221;:&#8221;&#8221;,&#8221;timeline_animation&#8221;:&#8221;&#8221;,&#8221;timeline_delay&#8221;:&#8221;&#8221;,&#8221;timeline_order&#8221;:&#8221;&#8221;,&#8221;css_classes&#8221;:&#8221;&#8221;,&#8221;custom_css_classes&#8221;:&#8221;socialbox&#8221;,&#8221;custom_css_styles&#8221;:&#8221;&#8221;,&#8221;main_content&#8221;:[{&#8220;component&#8221;:&#8221;hc_space&#8221;,&#8221;id&#8221;:&#8221;Hdg76&#8243;,&#8221;css_classes&#8221;:&#8221;&#8221;,&#8221;custom_css_classes&#8221;:&#8221;&#8221;,&#8221;custom_css_styles&#8221;:&#8221;&#8221;,&#8221;size&#8221;:&#8221;space-sm&#8221;,&#8221;height&#8221;:&#8221;&#8221;},{&#8220;component&#8221;:&#8221;hc_text_block&#8221;,&#8221;id&#8221;:&#8221;zmr0F&#8221;,&#8221;css_classes&#8221;:&#8221;&#8221;,&#8221;custom_css_classes&#8221;:&#8221;&#8221;,&#8221;custom_css_styles&#8221;:&#8221;&#8221;,&#8221;content&#8221;:&#8221;Payla\u015f:&#8221;},{&#8220;component&#8221;:&#8221;hc_social_share_buttons&#8221;,&#8221;id&#8221;:&#8221;P7L30&#8243;,&#8221;css_classes&#8221;:&#8221;&#8221;,&#8221;custom_css_classes&#8221;:&#8221;&#8221;,&#8221;custom_css_styles&#8221;:&#8221;&#8221;,&#8221;style&#8221;:&#8221;icon-links-button&#8221;,&#8221;size&#8221;:&#8221;&#8221;,&#8221;alignment&#8221;:&#8221;&#8221;,&#8221;type&#8221;:&#8221;&#8221;,&#8221;social_colors&#8221;:true,&#8221;fb&#8221;:true,&#8221;fb_link&#8221;:&#8221;&#8221;,&#8221;tw&#8221;:true,&#8221;tw_link&#8221;:&#8221;&#8221;,&#8221;pi&#8221;:true,&#8221;pi_link&#8221;:&#8221;&#8221;,&#8221;li&#8221;:true,&#8221;li_link&#8221;:&#8221;&#8221;}]}],&#8221;section_settings&#8221;:&#8221;&#8221;},&#8221;section_dDpN7&#8243;:{&#8220;component&#8221;:&#8221;hc_section&#8221;,&#8221;id&#8221;:&#8221;section_dDpN7&#8243;,&#8221;section_width&#8221;:&#8221;&#8221;,&#8221;animation&#8221;:&#8221;&#8221;,&#8221;animation_time&#8221;:&#8221;&#8221;,&#8221;timeline_animation&#8221;:&#8221;&#8221;,&#8221;timeline_delay&#8221;:&#8221;&#8221;,&#8221;timeline_order&#8221;:&#8221;&#8221;,&#8221;vertical_row&#8221;:&#8221;&#8221;,&#8221;css_classes&#8221;:&#8221;section-color &#8220;,&#8221;custom_css_classes&#8221;:&#8221;&#8221;,&#8221;custom_css_styles&#8221;:&#8221;&#8221;,&#8221;section_content&#8221;:[{&#8220;component&#8221;:&#8221;hc_column&#8221;,&#8221;id&#8221;:&#8221;XLZ44&#8243;,&#8221;column_width&#8221;:&#8221;col-md-12&#8243;,&#8221;animation&#8221;:&#8221;&#8221;,&#8221;animation_time&#8221;:&#8221;&#8221;,&#8221;timeline_animation&#8221;:&#8221;&#8221;,&#8221;timeline_delay&#8221;:&#8221;&#8221;,&#8221;timeline_order&#8221;:&#8221;&#8221;,&#8221;css_classes&#8221;:&#8221;&#8221;,&#8221;custom_css_classes&#8221;:&#8221;&#8221;,&#8221;custom_css_styles&#8221;:&#8221;&#8221;,&#8221;main_content&#8221;:[{&#8220;component&#8221;:&#8221;hc_title_tag&#8221;,&#8221;id&#8221;:&#8221;4AoyD&#8221;,&#8221;css_classes&#8221;:&#8221;&#8221;,&#8221;custom_css_classes&#8221;:&#8221;&#8221;,&#8221;custom_css_styles&#8221;:&#8221;&#8221;,&#8221;text&#8221;:&#8221;Son Yaz\u0131lar&#8221;,&#8221;tag&#8221;:&#8221;h2&#8243;},{&#8220;component&#8221;:&#8221;hc_space&#8221;,&#8221;id&#8221;:&#8221;TsAHd&#8221;,&#8221;css_classes&#8221;:&#8221;&#8221;,&#8221;custom_css_classes&#8221;:&#8221;&#8221;,&#8221;custom_css_styles&#8221;:&#8221;&#8221;,&#8221;size&#8221;:&#8221;space&#8221;,&#8221;height&#8221;:&#8221;&#8221;},{&#8220;component&#8221;:&#8221;hc_pt_grid_list&#8221;,&#8221;id&#8221;:&#8221;J9IEW&#8221;,&#8221;css_classes&#8221;:&#8221;&#8221;,&#8221;custom_css_classes&#8221;:&#8221;&#8221;,&#8221;custom_css_styles&#8221;:&#8221;&#8221;,&#8221;post_type_slug&#8221;:&#8221;post&#8221;,&#8221;post_type_category&#8221;:&#8221;&#8221;,&#8221;column&#8221;:&#8221;2&#8243;,&#8221;column_lg&#8221;:&#8221;2&#8243;,&#8221;column_md&#8221;:&#8221;2&#8243;,&#8221;column_sm&#8221;:&#8221;1&#8243;,&#8221;column_xs&#8221;:&#8221;1&#8243;,&#8221;margins&#8221;:&#8221;&#8221;,&#8221;pag_type&#8221;:&#8221;load_more&#8221;,&#8221;pag_items&#8221;:&#8221;2&#8243;,&#8221;pag_size&#8221;:&#8221;&#8221;,&#8221;pag_animation&#8221;:&#8221;fade-top&#8221;,&#8221;pag_scroll_top&#8221;:false,&#8221;pag_position&#8221;:&#8221;align-center&#8221;,&#8221;pag_button_prev&#8221;:&#8221;&#8221;,&#8221;pag_button_next&#8221;:&#8221;&#8221;,&#8221;lm_lazy&#8221;:false,&#8221;lm_button_text&#8221;:&#8221;Daha Fazla&#8221;,&#8221;box&#8221;:&#8221;blog_top&#8221;,&#8221;boxed&#8221;:true,&#8221;extra&#8221;:false,&#8221;content&#8221;:&#8221;&#8221;,&#8221;title_length&#8221;:&#8221;36&#8243;,&#8221;excerpt_length&#8221;:&#8221;75&#8243;,&#8221;title_size&#8221;:&#8221;text-md&#8221;,&#8221;custom_css&#8221;:&#8221;&#8221;,&#8221;button_text&#8221;:&#8221;&#8221;,&#8221;button_style&#8221;:&#8221;square&#8221;,&#8221;button_dimensions&#8221;:&#8221;btn-lg&#8221;,&#8221;button_animation&#8221;:false,&#8221;button_icon&#8221;:&#8221;&#8221;}]}],&#8221;section_settings&#8221;:&#8221;&#8221;},&#8221;scripts&#8221;:{&#8220;lightbox&#8221;:&#8221;magnific-popup.min.js&#8221;,&#8221;pagination&#8221;:&#8221;pagination.min.js&#8221;},&#8221;css&#8221;:{&#8220;lightbox&#8221;:&#8221;css\/magnific-popup.css&#8221;,&#8221;content_box&#8221;:&#8221;css\/content-box.css&#8221;,&#8221;media_box&#8221;:&#8221;css\/media-box.css&#8221;},&#8221;css_page&#8221;:&#8221;&#8221;,&#8221;template_setting&#8221;:{},&#8221;template_setting_top&#8221;:{},&#8221;page_setting&#8221;:{&#8220;settings&#8221;:[&#8220;lock-mode-off&#8221;]},&#8221;post_type_setting&#8221;:{&#8220;settings&#8221;:{&#8220;image&#8221;:&#8221;https:\/\/www.cigdemguven.com\/medias\/2023\/04\/cigdem-guven-strategic-communication-1024&#215;714.jpg|753|1080|3077&#8243;,&#8221;excerpt&#8221;:&#8221;Stratejik ileti\u015fim planlamas\u0131, iyi tasarlanm\u0131\u015f bir stratejik ileti\u015fim plan\u0131 ve uygun bir mesajla\u015fma stratejisi ile ba\u015flar. \u0130yi bir stratejik ileti\u015fim plan\u0131, organizasyonun hedeflerine uygun olarak belirlenmi\u015f \u00f6l\u00e7\u00fclebilir hedefler ve ama\u00e7lar i\u00e7ermelidir. Plan, organizasyonun hedeflerine ula\u015fmak i\u00e7in kullanaca\u011f\u0131 kanallar\u0131, hedef kitlesini, mesajlar\u0131 ve i\u00e7eri\u011fi belirlemelidir.&#8221;,&#8221;extra_1&#8243;:&#8221;Yaz\u0131&#8221;,&#8221;extra_2&#8243;:&#8221;&#8221;,&#8221;icon&#8221;:{&#8220;icon&#8221;:&#8221;&#8221;,&#8221;icon_style&#8221;:&#8221;&#8221;,&#8221;icon_image&#8221;:&#8221;&#8221;}}}}<\/p>\n","protected":false},"excerpt":{"rendered":"<p>Stratejik ileti\u015fim planlamas\u0131, iyi tasarlanm\u0131\u015f bir stratejik ileti\u015fim plan\u0131 ve uygun bir mesajla\u015fma stratejisi ile ba\u015flar. \u0130yi bir stratejik ileti\u015fim plan\u0131, organizasyonun hedeflerine uygun olarak belirlenmi\u015f \u00f6l\u00e7\u00fclebilir hedefler ve ama\u00e7lar i\u00e7ermelidir. Plan, organizasyonun hedeflerine ula\u015fmak i\u00e7in kullanaca\u011f\u0131 kanallar\u0131, hedef kitlesini, mesajlar\u0131 ve i\u00e7eri\u011fi belirlemelidir.<\/p>\n","protected":false},"author":1,"featured_media":3077,"comment_status":"closed","ping_status":"open","sticky":false,"template":"","format":"standard","meta":{"footnotes":""},"categories":[12,19],"tags":[],"class_list":["post-3081","post","type-post","status-publish","format-standard","has-post-thumbnail","hentry","category-genel","category-yazilar"],"yoast_head":"\n<title>Stratejik \u0130leti\u015fim | \u00c7i\u011fdem G\u00fcven Management Consulting &amp; Coaching &amp; Mentoring Services<\/title>\n<meta name=\"robots\" content=\"index, follow, max-snippet:-1, max-image-preview:large, max-video-preview:-1\" \/>\n<link rel=\"canonical\" href=\"https:\/\/www.cigdemguven.com\/tr\/yazilar\/stratejik-iletisim\/\" \/>\n<meta property=\"og:locale\" content=\"tr_TR\" \/>\n<meta property=\"og:type\" content=\"article\" \/>\n<meta property=\"og:title\" content=\"Stratejik \u0130leti\u015fim | \u00c7i\u011fdem G\u00fcven Management Consulting &amp; Coaching &amp; Mentoring Services\" \/>\n<meta property=\"og:description\" content=\"Stratejik ileti\u015fim planlamas\u0131, iyi tasarlanm\u0131\u015f bir stratejik ileti\u015fim plan\u0131 ve uygun bir mesajla\u015fma stratejisi ile ba\u015flar. \u0130yi bir stratejik ileti\u015fim plan\u0131, organizasyonun hedeflerine uygun olarak belirlenmi\u015f \u00f6l\u00e7\u00fclebilir hedefler ve ama\u00e7lar i\u00e7ermelidir. Plan, organizasyonun hedeflerine ula\u015fmak i\u00e7in kullanaca\u011f\u0131 kanallar\u0131, hedef kitlesini, mesajlar\u0131 ve i\u00e7eri\u011fi belirlemelidir.\" \/>\n<meta property=\"og:url\" content=\"https:\/\/www.cigdemguven.com\/tr\/yazilar\/stratejik-iletisim\/\" \/>\n<meta property=\"og:site_name\" content=\"\u00c7i\u011fdem G\u00fcven Management Consulting &amp; Coaching &amp; Mentoring Services\" \/>\n<meta property=\"article:publisher\" content=\"https:\/\/www.facebook.com\/cigdemguvendanisman\" \/>\n<meta property=\"article:published_time\" content=\"2023-04-06T09:04:08+00:00\" \/>\n<meta property=\"article:modified_time\" content=\"2023-04-28T01:22:14+00:00\" \/>\n<meta property=\"og:image\" content=\"https:\/\/www.cigdemguven.com\/medias\/2023\/04\/cigdem-guven-strategic-communication.jpg\" \/>\n\t<meta property=\"og:image:width\" content=\"1080\" \/>\n\t<meta property=\"og:image:height\" content=\"753\" \/>\n\t<meta property=\"og:image:type\" content=\"image\/jpeg\" \/>\n<meta name=\"author\" content=\"\u00c7i\u011fdem G\u00fcven\" \/>\n<meta name=\"twitter:card\" content=\"summary_large_image\" \/>\n<meta name=\"twitter:creator\" content=\"@cigdemguvencom\" \/>\n<meta name=\"twitter:site\" content=\"@cigdemguvencom\" \/>\n<meta name=\"twitter:label1\" content=\"Yazan:\" \/>\n\t<meta name=\"twitter:data1\" content=\"\u00c7i\u011fdem G\u00fcven\" \/>\n\t<meta name=\"twitter:label2\" content=\"Tahmini okuma s\u00fcresi\" \/>\n\t<meta name=\"twitter:data2\" content=\"9 dakika\" \/>\n<script type=\"application\/ld+json\" class=\"yoast-schema-graph\">{\"@context\":\"https:\/\/schema.org\",\"@graph\":[{\"@type\":\"Article\",\"@id\":\"https:\/\/www.cigdemguven.com\/tr\/yazilar\/stratejik-iletisim\/#article\",\"isPartOf\":{\"@id\":\"https:\/\/www.cigdemguven.com\/tr\/yazilar\/stratejik-iletisim\/\"},\"author\":{\"name\":\"\u00c7i\u011fdem G\u00fcven\",\"@id\":\"https:\/\/www.cigdemguven.com\/tr\/#\/schema\/person\/abd506d3b37ae4dd04e7393ca6ac5921\"},\"headline\":\"Stratejik \u0130leti\u015fim\",\"datePublished\":\"2023-04-06T09:04:08+00:00\",\"dateModified\":\"2023-04-28T01:22:14+00:00\",\"mainEntityOfPage\":{\"@id\":\"https:\/\/www.cigdemguven.com\/tr\/yazilar\/stratejik-iletisim\/\"},\"wordCount\":1787,\"publisher\":{\"@id\":\"https:\/\/www.cigdemguven.com\/tr\/#organization\"},\"articleSection\":{\"1\":\"Yaz\u0131lar\"},\"inLanguage\":\"tr\"},{\"@type\":\"WebPage\",\"@id\":\"https:\/\/www.cigdemguven.com\/tr\/yazilar\/stratejik-iletisim\/\",\"url\":\"https:\/\/www.cigdemguven.com\/tr\/yazilar\/stratejik-iletisim\/\",\"name\":\"Stratejik \u0130leti\u015fim | \u00c7i\u011fdem G\u00fcven Management Consulting &amp; Coaching &amp; Mentoring Services\",\"isPartOf\":{\"@id\":\"https:\/\/www.cigdemguven.com\/tr\/#website\"},\"datePublished\":\"2023-04-06T09:04:08+00:00\",\"dateModified\":\"2023-04-28T01:22:14+00:00\",\"breadcrumb\":{\"@id\":\"https:\/\/www.cigdemguven.com\/tr\/yazilar\/stratejik-iletisim\/#breadcrumb\"},\"inLanguage\":\"tr\",\"potentialAction\":[{\"@type\":\"ReadAction\",\"target\":[\"https:\/\/www.cigdemguven.com\/tr\/yazilar\/stratejik-iletisim\/\"]}]},{\"@type\":\"BreadcrumbList\",\"@id\":\"https:\/\/www.cigdemguven.com\/tr\/yazilar\/stratejik-iletisim\/#breadcrumb\",\"itemListElement\":[{\"@type\":\"ListItem\",\"position\":1,\"name\":\"Home\",\"item\":\"https:\/\/www.cigdemguven.com\/tr\/\"},{\"@type\":\"ListItem\",\"position\":2,\"name\":\"Stratejik \u0130leti\u015fim\"}]},{\"@type\":\"WebSite\",\"@id\":\"https:\/\/www.cigdemguven.com\/tr\/#website\",\"url\":\"https:\/\/www.cigdemguven.com\/tr\/\",\"name\":\"\u00c7i\u011fdem G\u00fcven Management Consulting &amp; Coaching &amp; Mentoring Services\",\"description\":\"Management Consulting &amp; Coaching &amp; Mentoring Services\",\"publisher\":{\"@id\":\"https:\/\/www.cigdemguven.com\/tr\/#organization\"},\"potentialAction\":[{\"@type\":\"SearchAction\",\"target\":{\"@type\":\"EntryPoint\",\"urlTemplate\":\"https:\/\/www.cigdemguven.com\/tr\/?s={search_term_string}\"},\"query-input\":\"required name=search_term_string\"}],\"inLanguage\":\"tr\"},{\"@type\":\"Organization\",\"@id\":\"https:\/\/www.cigdemguven.com\/tr\/#organization\",\"name\":\"\u00c7i\u011fdem G\u00fcven Management Consulting & Coaching & Mentoring Services\",\"url\":\"https:\/\/www.cigdemguven.com\/tr\/\",\"logo\":{\"@type\":\"ImageObject\",\"inLanguage\":\"tr\",\"@id\":\"https:\/\/www.cigdemguven.com\/tr\/#\/schema\/logo\/image\/\",\"url\":\"https:\/\/www.cigdemguven.com\/medias\/2021\/12\/cigdem-guven-logo.svg\",\"contentUrl\":\"https:\/\/www.cigdemguven.com\/medias\/2021\/12\/cigdem-guven-logo.svg\",\"width\":1,\"height\":1,\"caption\":\"\u00c7i\u011fdem G\u00fcven Management Consulting & Coaching & Mentoring Services\"},\"image\":{\"@id\":\"https:\/\/www.cigdemguven.com\/tr\/#\/schema\/logo\/image\/\"},\"sameAs\":[\"https:\/\/www.facebook.com\/cigdemguvendanisman\",\"https:\/\/twitter.com\/cigdemguvencom\",\"https:\/\/www.instagram.com\/cigdemguvendanismanlik\/\",\"https:\/\/www.linkedin.com\/in\/cigdemguvendanismanlik\/\"]},{\"@type\":\"Person\",\"@id\":\"https:\/\/www.cigdemguven.com\/tr\/#\/schema\/person\/abd506d3b37ae4dd04e7393ca6ac5921\",\"name\":\"\u00c7i\u011fdem G\u00fcven\",\"sameAs\":[\"https:\/\/www.cigdemguven.com\"],\"url\":\"https:\/\/www.cigdemguven.com\/tr\/author\/cigdemguven\/\"}]}<\/script>\n","yoast_head_json":{"title":"Stratejik \u0130leti\u015fim | \u00c7i\u011fdem G\u00fcven Management Consulting &amp; Coaching &amp; Mentoring Services","robots":{"index":"index","follow":"follow","max-snippet":"max-snippet:-1","max-image-preview":"max-image-preview:large","max-video-preview":"max-video-preview:-1"},"canonical":"https:\/\/www.cigdemguven.com\/tr\/yazilar\/stratejik-iletisim\/","og_locale":"tr_TR","og_type":"article","og_title":"Stratejik \u0130leti\u015fim | \u00c7i\u011fdem G\u00fcven Management Consulting &amp; Coaching &amp; Mentoring Services","og_description":"Stratejik ileti\u015fim planlamas\u0131, iyi tasarlanm\u0131\u015f bir stratejik ileti\u015fim plan\u0131 ve uygun bir mesajla\u015fma stratejisi ile ba\u015flar. \u0130yi bir stratejik ileti\u015fim plan\u0131, organizasyonun hedeflerine uygun olarak belirlenmi\u015f \u00f6l\u00e7\u00fclebilir hedefler ve ama\u00e7lar i\u00e7ermelidir. Plan, organizasyonun hedeflerine ula\u015fmak i\u00e7in kullanaca\u011f\u0131 kanallar\u0131, hedef kitlesini, mesajlar\u0131 ve i\u00e7eri\u011fi belirlemelidir.","og_url":"https:\/\/www.cigdemguven.com\/tr\/yazilar\/stratejik-iletisim\/","og_site_name":"\u00c7i\u011fdem G\u00fcven Management Consulting &amp; Coaching &amp; Mentoring Services","article_publisher":"https:\/\/www.facebook.com\/cigdemguvendanisman","article_published_time":"2023-04-06T09:04:08+00:00","article_modified_time":"2023-04-28T01:22:14+00:00","og_image":[{"width":1080,"height":753,"url":"https:\/\/www.cigdemguven.com\/medias\/2023\/04\/cigdem-guven-strategic-communication.jpg","type":"image\/jpeg"}],"author":"\u00c7i\u011fdem G\u00fcven","twitter_card":"summary_large_image","twitter_creator":"@cigdemguvencom","twitter_site":"@cigdemguvencom","twitter_misc":{"Yazan:":"\u00c7i\u011fdem G\u00fcven","Tahmini okuma s\u00fcresi":"9 dakika"},"schema":{"@context":"https:\/\/schema.org","@graph":[{"@type":"Article","@id":"https:\/\/www.cigdemguven.com\/tr\/yazilar\/stratejik-iletisim\/#article","isPartOf":{"@id":"https:\/\/www.cigdemguven.com\/tr\/yazilar\/stratejik-iletisim\/"},"author":{"name":"\u00c7i\u011fdem G\u00fcven","@id":"https:\/\/www.cigdemguven.com\/tr\/#\/schema\/person\/abd506d3b37ae4dd04e7393ca6ac5921"},"headline":"Stratejik \u0130leti\u015fim","datePublished":"2023-04-06T09:04:08+00:00","dateModified":"2023-04-28T01:22:14+00:00","mainEntityOfPage":{"@id":"https:\/\/www.cigdemguven.com\/tr\/yazilar\/stratejik-iletisim\/"},"wordCount":1787,"publisher":{"@id":"https:\/\/www.cigdemguven.com\/tr\/#organization"},"articleSection":{"1":"Yaz\u0131lar"},"inLanguage":"tr"},{"@type":"WebPage","@id":"https:\/\/www.cigdemguven.com\/tr\/yazilar\/stratejik-iletisim\/","url":"https:\/\/www.cigdemguven.com\/tr\/yazilar\/stratejik-iletisim\/","name":"Stratejik \u0130leti\u015fim | \u00c7i\u011fdem G\u00fcven Management Consulting &amp; Coaching &amp; Mentoring Services","isPartOf":{"@id":"https:\/\/www.cigdemguven.com\/tr\/#website"},"datePublished":"2023-04-06T09:04:08+00:00","dateModified":"2023-04-28T01:22:14+00:00","breadcrumb":{"@id":"https:\/\/www.cigdemguven.com\/tr\/yazilar\/stratejik-iletisim\/#breadcrumb"},"inLanguage":"tr","potentialAction":[{"@type":"ReadAction","target":["https:\/\/www.cigdemguven.com\/tr\/yazilar\/stratejik-iletisim\/"]}]},{"@type":"BreadcrumbList","@id":"https:\/\/www.cigdemguven.com\/tr\/yazilar\/stratejik-iletisim\/#breadcrumb","itemListElement":[{"@type":"ListItem","position":1,"name":"Home","item":"https:\/\/www.cigdemguven.com\/tr\/"},{"@type":"ListItem","position":2,"name":"Stratejik \u0130leti\u015fim"}]},{"@type":"WebSite","@id":"https:\/\/www.cigdemguven.com\/tr\/#website","url":"https:\/\/www.cigdemguven.com\/tr\/","name":"\u00c7i\u011fdem G\u00fcven Management Consulting &amp; Coaching &amp; Mentoring Services","description":"Management Consulting &amp; Coaching &amp; Mentoring Services","publisher":{"@id":"https:\/\/www.cigdemguven.com\/tr\/#organization"},"potentialAction":[{"@type":"SearchAction","target":{"@type":"EntryPoint","urlTemplate":"https:\/\/www.cigdemguven.com\/tr\/?s={search_term_string}"},"query-input":"required name=search_term_string"}],"inLanguage":"tr"},{"@type":"Organization","@id":"https:\/\/www.cigdemguven.com\/tr\/#organization","name":"\u00c7i\u011fdem G\u00fcven Management Consulting & Coaching & Mentoring Services","url":"https:\/\/www.cigdemguven.com\/tr\/","logo":{"@type":"ImageObject","inLanguage":"tr","@id":"https:\/\/www.cigdemguven.com\/tr\/#\/schema\/logo\/image\/","url":"https:\/\/www.cigdemguven.com\/medias\/2021\/12\/cigdem-guven-logo.svg","contentUrl":"https:\/\/www.cigdemguven.com\/medias\/2021\/12\/cigdem-guven-logo.svg","width":1,"height":1,"caption":"\u00c7i\u011fdem G\u00fcven Management Consulting & Coaching & Mentoring Services"},"image":{"@id":"https:\/\/www.cigdemguven.com\/tr\/#\/schema\/logo\/image\/"},"sameAs":["https:\/\/www.facebook.com\/cigdemguvendanisman","https:\/\/twitter.com\/cigdemguvencom","https:\/\/www.instagram.com\/cigdemguvendanismanlik\/","https:\/\/www.linkedin.com\/in\/cigdemguvendanismanlik\/"]},{"@type":"Person","@id":"https:\/\/www.cigdemguven.com\/tr\/#\/schema\/person\/abd506d3b37ae4dd04e7393ca6ac5921","name":"\u00c7i\u011fdem G\u00fcven","sameAs":["https:\/\/www.cigdemguven.com"],"url":"https:\/\/www.cigdemguven.com\/tr\/author\/cigdemguven\/"}]}},"_links":{"self":[{"href":"https:\/\/www.cigdemguven.com\/tr\/wp-json\/wp\/v2\/posts\/3081","targetHints":{"allow":["GET"]}}],"collection":[{"href":"https:\/\/www.cigdemguven.com\/tr\/wp-json\/wp\/v2\/posts"}],"about":[{"href":"https:\/\/www.cigdemguven.com\/tr\/wp-json\/wp\/v2\/types\/post"}],"author":[{"embeddable":true,"href":"https:\/\/www.cigdemguven.com\/tr\/wp-json\/wp\/v2\/users\/1"}],"replies":[{"embeddable":true,"href":"https:\/\/www.cigdemguven.com\/tr\/wp-json\/wp\/v2\/comments?post=3081"}],"version-history":[{"count":3,"href":"https:\/\/www.cigdemguven.com\/tr\/wp-json\/wp\/v2\/posts\/3081\/revisions"}],"predecessor-version":[{"id":3157,"href":"https:\/\/www.cigdemguven.com\/tr\/wp-json\/wp\/v2\/posts\/3081\/revisions\/3157"}],"wp:featuredmedia":[{"embeddable":true,"href":"https:\/\/www.cigdemguven.com\/tr\/wp-json\/wp\/v2\/media\/3077"}],"wp:attachment":[{"href":"https:\/\/www.cigdemguven.com\/tr\/wp-json\/wp\/v2\/media?parent=3081"}],"wp:term":[{"taxonomy":"category","embeddable":true,"href":"https:\/\/www.cigdemguven.com\/tr\/wp-json\/wp\/v2\/categories?post=3081"},{"taxonomy":"post_tag","embeddable":true,"href":"https:\/\/www.cigdemguven.com\/tr\/wp-json\/wp\/v2\/tags?post=3081"}],"curies":[{"name":"wp","href":"https:\/\/api.w.org\/{rel}","templated":true}]}}