{"id":3072,"date":"2023-03-29T12:40:13","date_gmt":"2023-03-29T09:40:13","guid":{"rendered":"https:\/\/www.cigdemguven.com\/genel\/importance-of-supply-chain\/"},"modified":"2023-04-28T04:22:20","modified_gmt":"2023-04-28T01:22:20","slug":"tedarik-zincirinin-onemi","status":"publish","type":"post","link":"https:\/\/www.cigdemguven.com\/tr\/yazilar\/tedarik-zincirinin-onemi\/","title":{"rendered":"Tedarik Zincirinin \u00d6nemi"},"content":{"rendered":"<p>{&#8220;main-title&#8221;:{&#8220;component&#8221;:&#8221;hc_title&#8221;,&#8221;id&#8221;:&#8221;main-title&#8221;,&#8221;title&#8221;:&#8221;&#8221;,&#8221;subtitle&#8221;:&#8221;&#8221;,&#8221;title_content&#8221;:{&#8220;component&#8221;:&#8221;hc_title_empty&#8221;,&#8221;id&#8221;:&#8221;title-empty&#8221;}},&#8221;section_QvNqz&#8221;:{&#8220;component&#8221;:&#8221;hc_section&#8221;,&#8221;id&#8221;:&#8221;section_QvNqz&#8221;,&#8221;section_width&#8221;:&#8221;&#8221;,&#8221;animation&#8221;:&#8221;&#8221;,&#8221;animation_time&#8221;:&#8221;&#8221;,&#8221;timeline_animation&#8221;:&#8221;&#8221;,&#8221;timeline_delay&#8221;:&#8221;&#8221;,&#8221;timeline_order&#8221;:&#8221;&#8221;,&#8221;vertical_row&#8221;:&#8221;&#8221;,&#8221;css_classes&#8221;:&#8221;section-color no-padding-bottom no-padding-top &#8220;,&#8221;custom_css_classes&#8221;:&#8221;containerblog&#8221;,&#8221;custom_css_styles&#8221;:&#8221;&#8221;,&#8221;section_content&#8221;:[{&#8220;component&#8221;:&#8221;hc_column&#8221;,&#8221;id&#8221;:&#8221;P1FCZ&#8221;,&#8221;column_width&#8221;:&#8221;col-md-12&#8243;,&#8221;animation&#8221;:&#8221;&#8221;,&#8221;animation_time&#8221;:&#8221;&#8221;,&#8221;timeline_animation&#8221;:&#8221;&#8221;,&#8221;timeline_delay&#8221;:&#8221;&#8221;,&#8221;timeline_order&#8221;:&#8221;&#8221;,&#8221;css_classes&#8221;:&#8221;boxed-area align-items-center &#8220;,&#8221;custom_css_classes&#8221;:&#8221;&#8221;,&#8221;custom_css_styles&#8221;:&#8221;&#8221;,&#8221;main_content&#8221;:[{&#8220;component&#8221;:&#8221;hc_title_tag&#8221;,&#8221;id&#8221;:&#8221;5ZtkF&#8221;,&#8221;css_classes&#8221;:&#8221;&#8221;,&#8221;custom_css_classes&#8221;:&#8221;&#8221;,&#8221;custom_css_styles&#8221;:&#8221;&#8221;,&#8221;text&#8221;:&#8221;Tedarik Zincirinin \u00d6nemi&#8221;,&#8221;tag&#8221;:&#8221;h1&#8243;},{&#8220;component&#8221;:&#8221;hc_image_box&#8221;,&#8221;id&#8221;:&#8221;P92Nk&#8221;,&#8221;css_classes&#8221;:&#8221;&#8221;,&#8221;custom_css_classes&#8221;:&#8221;&#8221;,&#8221;custom_css_styles&#8221;:&#8221;&#8221;,&#8221;image&#8221;:&#8221;https:\/\/www.cigdemguven.com\/medias\/2023\/04\/cigdem-guven-supply-chain-1024&#215;714.jpg|753|1080|3067&#8243;,&#8221;link_type&#8221;:&#8221;lightbox&#8221;,&#8221;lightbox_animation&#8221;:&#8221;&#8221;,&#8221;caption&#8221;:&#8221;Tedarik Zincirinin \u00d6nemi&#8221;,&#8221;inner_caption&#8221;:false,&#8221;new_window&#8221;:false,&#8221;link&#8221;:&#8221;https:\/\/www.cigdemguven.com\/medias\/2023\/04\/cigdem-guven-supply-chain.jpg&#8221;,&#8221;link_content&#8221;:[],&#8221;lightbox_size&#8221;:&#8221;&#8221;,&#8221;scrollbox&#8221;:false,&#8221;icon&#8221;:&#8221;&#8221;,&#8221;image_animation&#8221;:&#8221;&#8221;,&#8221;icon_animation&#8221;:&#8221;&#8221;,&#8221;thumb_size&#8221;:&#8221;full&#8221;,&#8221;icon_hidden&#8221;:true,&#8221;caption_img_box&#8221;:&#8221;&#8221;,&#8221;alt&#8221;:&#8221;&#8221;}]}],&#8221;section_settings&#8221;:&#8221;&#8221;},&#8221;section_aSGAU&#8221;:{&#8220;component&#8221;:&#8221;hc_section&#8221;,&#8221;id&#8221;:&#8221;section_aSGAU&#8221;,&#8221;section_width&#8221;:&#8221;&#8221;,&#8221;animation&#8221;:&#8221;&#8221;,&#8221;animation_time&#8221;:&#8221;&#8221;,&#8221;timeline_animation&#8221;:&#8221;&#8221;,&#8221;timeline_delay&#8221;:&#8221;&#8221;,&#8221;timeline_order&#8221;:&#8221;&#8221;,&#8221;vertical_row&#8221;:&#8221;&#8221;,&#8221;css_classes&#8221;:&#8221;no-padding-bottom no-padding-top &#8220;,&#8221;custom_css_classes&#8221;:&#8221;blogtext&#8221;,&#8221;custom_css_styles&#8221;:&#8221;&#8221;,&#8221;section_content&#8221;:[{&#8220;component&#8221;:&#8221;hc_column&#8221;,&#8221;id&#8221;:&#8221;column_0qrhK&#8221;,&#8221;column_width&#8221;:&#8221;col-md-12&#8243;,&#8221;animation&#8221;:&#8221;&#8221;,&#8221;animation_time&#8221;:&#8221;&#8221;,&#8221;timeline_animation&#8221;:&#8221;&#8221;,&#8221;timeline_delay&#8221;:&#8221;&#8221;,&#8221;timeline_order&#8221;:&#8221;&#8221;,&#8221;css_classes&#8221;:&#8221;&#8221;,&#8221;custom_css_classes&#8221;:&#8221;&#8221;,&#8221;custom_css_styles&#8221;:&#8221;&#8221;,&#8221;main_content&#8221;:[{&#8220;component&#8221;:&#8221;hc_wp_editor&#8221;,&#8221;id&#8221;:&#8221;gE6EW&#8221;,&#8221;css_classes&#8221;:&#8221;&#8221;,&#8221;custom_css_classes&#8221;:&#8221;&#8221;,&#8221;custom_css_styles&#8221;:&#8221;&#8221;,&#8221;editor_content&#8221;:&#8221;Tedarik zinciri, bir \u015firketin \u00fcretim ve da\u011f\u0131t\u0131m s\u00fcre\u00e7lerinde temin etti\u011fi malzemelerin ve hizmetlerin ak\u0131\u015f\u0131n\u0131 y\u00f6netti\u011fi kritik bir fakt\u00f6rd\u00fcr. Tedarik zinciri \u015femas\u0131, \u015firketin sekt\u00f6r\u00fcne ve i\u015f modeline g\u00f6re de\u011fi\u015febilir. Genel olarak, tedarik zinciri \u015femas\u0131nda tedarik\u00e7iler, \u00fcreticiler, distrib\u00fct\u00f6rler, lojistik hizmetleri sa\u011flayanlar, perakendeciler ve m\u00fc\u015fteriler gibi \u00e7e\u015fitli unsurlar yer al\u0131r. Tedarik zincirinin her bir halkas\u0131, di\u011fer halkalarla birlikte \u00e7al\u0131\u015farak \u00fcr\u00fcn veya hizmetin m\u00fc\u015fteriye ula\u015fmas\u0131n\u0131 sa\u011flar. Tedarik zincirinin her bir halkas\u0131, di\u011fer halkalarla birlikte \u00e7al\u0131\u015farak \u00fcr\u00fcn veya hizmetin m\u00fc\u015fteriye ula\u015fmas\u0131n\u0131 sa\u011flar.\\n\\n<img class='alignnone wp-image-3062 size-full' src='https:\/\/www.cigdemguven.com\/medias\/2023\/04\/cigdem-guven-tedarik-zincirinin-onemi.png' alt='' width='456' height='475'>\\n\\nTedarik zincirindeki bir zay\u0131f nokta, \u015firketin \u00fcretim kapasitesini ve m\u00fc\u015fteri memnuniyetini olumsuz etkileyebilir. Bu nedenle, tedarik zincirinin korunmas\u0131, kriz d\u00f6nemlerinde \u015firketler i\u00e7in son derece \u00f6nemlidir.\\n\\nKriz d\u00f6nemlerinde tedarik zincirinde \u00e7e\u015fitli sorunlar ya\u015fanabilir. Bunlar aras\u0131nda \u015funlar yer alabilir:\\n\\n1. Tedarik\u00e7i Sorunlar\u0131: Kriz d\u00f6nemlerinde tedarik\u00e7iler de d\u00e2hil olmak \u00fczere i\u015f ortaklar\u0131 da etkilenebilir. Tedarik zincirindeki herhangi bir halkadaki bir aksakl\u0131k, t\u00fcm zinciri etkileyebilir. Tedarik\u00e7i firmalar\u0131n kapanmas\u0131, \u00fcretimde kullan\u0131lan malzemelerin temini veya lojistik hizmetlerinin sa\u011flanmas\u0131nda sorunlar ya\u015fanmas\u0131 gibi nedenler, tedarik zincirinde kesintiye yol a\u00e7abilir.\\n\\n2. Talep De\u011fi\u015fiklikleri: Kriz d\u00f6nemlerinde m\u00fc\u015fteri taleplerinde \u00f6nemli de\u011fi\u015fiklikler ya\u015fanabilir. \u00d6rne\u011fin, pandemi d\u00f6neminde evde kalma \u00f6nlemleri nedeniyle \u00e7evrimi\u00e7i al\u0131\u015fveri\u015fler artarken, fiziksel ma\u011fazalar\u0131n sat\u0131\u015flar\u0131 azalm\u0131\u015ft\u0131r. Bu durum, \u015firketlerin talep tahminlerinde yan\u0131lmalar\u0131na ve tedarik zincirindeki stok y\u00f6netiminde zorluklar ya\u015famas\u0131na neden olabilir.\\n\\n3. \u00dcretim Sorunlar\u0131: Kriz d\u00f6nemlerinde \u00fcretimde sorunlar ya\u015fanabilir. \u00d6rne\u011fin, do\u011fal afetler, teknik ar\u0131zalar veya i\u015fg\u00fcc\u00fc eksikli\u011fi gibi nedenler, \u00fcretimi aksatabilir veya durdurabilir. Bu durum, \u015firketlerin m\u00fc\u015fteri ihtiya\u00e7lar\u0131n\u0131 kar\u015f\u0131lamalar\u0131n\u0131 zorla\u015ft\u0131rabilir.\\n\\n4. Lojistik Sorunlar\u0131: Kriz d\u00f6nemlerinde lojistik hizmetlerde sorunlar ya\u015fanabilir. \u00d6rne\u011fin, seyahat k\u0131s\u0131tlamalar\u0131, s\u0131n\u0131rl\u0131 lojistik imkanlar\u0131 veya g\u00fcmr\u00fck prosed\u00fcrlerinde ya\u015fanan aksakl\u0131klar, malzemelerin veya \u00fcr\u00fcnlerin nakliyesinde sorunlara neden olabilir.\\n\\n5. Maliyet Art\u0131\u015f\u0131: Kriz d\u00f6nemlerinde maliyetler artabilir. \u00d6rne\u011fin, pandemi d\u00f6neminde lojistik maliyetleri, tedarik zincirindeki k\u0131s\u0131tlamalar nedeniyle artm\u0131\u015ft\u0131r. Bu durum, \u015firketlerin kar marjlar\u0131n\u0131 azaltabilir ve finansal a\u00e7\u0131dan zorlu bir d\u00f6nem ya\u015famalar\u0131na neden olabilir.\\n\\nT\u00fcm bu fakt\u00f6rler, kriz d\u00f6nemlerinde \u015firketlerin tedarik zincirini korumak ve krizlerden etkilenmeyi en aza indirmek i\u00e7in \u00f6nlem almalar\u0131n\u0131 gerektirir. \u00d6ncelikle, \u015firketler tedarik zincirlerindeki riskleri belirlemeli ve bu risklere kar\u015f\u0131 haz\u0131rl\u0131kl\u0131 olmal\u0131d\u0131r. Bu, alternatif tedarik kaynaklar\u0131 ara\u015ft\u0131rmak, stok seviyelerini art\u0131rmak, talep tahmini yapmak, tedarik\u00e7ilerle yak\u0131n bir i\u015fbirli\u011fi i\u00e7inde \u00e7al\u0131\u015fmak ve tedarik zinciri y\u00f6netimini s\u00fcrekli olarak takip etmek gibi \u00f6nlemleri i\u00e7erebilir.\\n\\nAyr\u0131ca, \u015firketler tedarik zincirlerindeki riskleri azaltmak i\u00e7in dijital teknolojileri kullanabilirler. \u00d6rne\u011fin, yapay zeka ve IoT cihazlar\u0131 gibi teknolojiler, tedarik zinciri y\u00f6netiminde daha fazla verimlilik ve g\u00fcvenlik sa\u011flayabilir. \u015eirketler tedarik\u00e7ilerini kriz d\u00f6nemlerinde nas\u0131l y\u00f6neteceklerini planlamal\u0131d\u0131r. Bu, tedarik zincirindeki sorunlarla ilgili s\u0131k\u0131 ileti\u015fim kurmak, tedarik\u00e7ilerin durumlar\u0131n\u0131 izlemek, riskli b\u00f6lgelerden malzemelerin nakliyesine dikkat etmek ve tedarik\u00e7ilerle i\u015fbirli\u011fi i\u00e7inde \u00e7\u00f6z\u00fcm odakl\u0131 bir yakla\u015f\u0131m benimsemek gibi \u00f6nlemleri i\u00e7erebilir.\\n\\nT\u00fcm bunlar, \u015firketlerin tedarik zincirlerini korumalar\u0131na ve kriz d\u00f6nemlerinde olumsuz etkileri en aza indirmelerine yard\u0131mc\u0131 olabilir. Ayr\u0131ca, \u015firketler tedarik zincirlerini korumak i\u00e7in bir kriz y\u00f6netimi plan\u0131 haz\u0131rlamal\u0131d\u0131r. Bu plan, tedarik zinciri y\u00f6netimindeki kritik unsurlar\u0131 belirleyerek, kriz d\u00f6nemlerinde nas\u0131l hareket edilece\u011fine dair bir yol haritas\u0131 sunacakt\u0131r. Kriz y\u00f6netimi plan\u0131, tedarik zincirindeki riskleri minimize etmek, tedarik\u00e7ilerle i\u015fbirli\u011fi yapmak, m\u00fc\u015fteri ihtiya\u00e7lar\u0131n\u0131 kar\u015f\u0131lamak ve \u015firketin itibar\u0131n\u0131 korumak i\u00e7in de bir \u00e7er\u00e7eve sa\u011flayabilir. Bunun yan\u0131 s\u0131ra, kriz d\u00f6nemlerinde \u015firketler tedarik zincirlerini korumak i\u00e7in sadece kendi tedarik\u00e7ilerine odaklanmamal\u0131, ayn\u0131 zamanda tedarik zincirindeki di\u011fer taraflar\u0131 da g\u00f6z \u00f6n\u00fcnde bulundurmal\u0131d\u0131r. Bu, tedarik zincirindeki t\u00fcm taraflar\u0131n birbirine ba\u011f\u0131ml\u0131 oldu\u011fu ger\u00e7e\u011finden kaynaklan\u0131r. Tedarik zincirindeki herhangi bir halkan\u0131n zay\u0131f olmas\u0131, tedarik zincirinin t\u00fcm\u00fcn\u00fc etkileyebilir.\\n\\nTedarik zinciri, g\u00fcn\u00fcm\u00fcz i\u015f d\u00fcnyas\u0131nda ba\u015far\u0131n\u0131n anahtar unsurlar\u0131ndan biridir. \u015eirketler, tedarik zincirindeki faaliyetleri y\u00f6neterek, m\u00fc\u015fteri memnuniyetini art\u0131rabilir, maliyetleri d\u00fc\u015f\u00fcrebilir ve gelirlerini art\u0131rabilirler. Ancak, tedarik zincirindeki aksakl\u0131klar, kriz d\u00f6nemlerinde ciddi sorunlara neden olabilir ve \u015firketlerin i\u015f s\u00fcreklili\u011fini tehdit edebilir. \u00d6zellikle pandemi gibi k\u00fcresel bir krizde, tedarik zincirinde ya\u015fanan zorluklar, \u015firketlerin \u00fcretim kapasitelerini, tedarik s\u00fcre\u00e7lerini ve lojistik operasyonlar\u0131n\u0131 etkileyebilir. Bu nedenle, \u015firketlerin, tedarik zincirindeki riskleri ve krizleri \u00f6ng\u00f6rmeleri ve bu krizlere kar\u015f\u0131 etkili bir \u015fekilde m\u00fccadele etmek i\u00e7in stratejiler geli\u015ftirmeleri \u00f6nemlidir. Bu stratejiler aras\u0131nda, tedarik zincirindeki i\u015f ortaklar\u0131yla s\u0131k\u0131 ileti\u015fim, alternatif tedarik\u00e7ilerin belirlenmesi, stok seviyelerinin optimize edilmesi, verimlilik art\u0131r\u0131c\u0131 teknolojilerin kullan\u0131m\u0131 ve kriz y\u00f6netim planlar\u0131n\u0131n haz\u0131rlanmas\u0131 yer alabilir. T\u00fcm bunlar, \u015firketlerin tedarik zincirindeki verimliliklerini korumalar\u0131na ve kriz d\u00f6nemlerinde i\u015f s\u00fcreklili\u011fini sa\u011flamalar\u0131na yard\u0131mc\u0131 olabilir. Kriz d\u00f6nemleri, \u015firketlerin tedarik zinciri stratejilerini yeniden de\u011ferlendirmeleri ve g\u00fcncellemeleri i\u00e7in bir f\u0131rsat sunabilir. Bu d\u00f6nemlerde, \u015firketler, tedarik zincirindeki g\u00fcvenilirli\u011fi art\u0131rmak, esneklik sa\u011flamak ve gelecekteki olas\u0131 krizler i\u00e7in haz\u0131rl\u0131kl\u0131 olmak i\u00e7in yeni i\u015f modelleri, teknolojiler ve s\u00fcre\u00e7ler arayabilirler. Bu, tedarik zincirinin sadece kriz d\u00f6nemlerinde de\u011fil, ayn\u0131 zamanda gelecekteki de\u011fi\u015fen ko\u015fullara uyum sa\u011flamak i\u00e7in s\u00fcrekli bir \u015fekilde geli\u015ftirilmesi gerekti\u011fi anlam\u0131na gelir. Sonu\u00e7 olarak, tedarik zincirinin korunmas\u0131 ve kriz d\u00f6nemlerinde y\u00f6netilmesi, \u015firketlerin i\u015f s\u00fcreklili\u011fini sa\u011flamalar\u0131 ve rekabet avantaj\u0131n\u0131 s\u00fcrd\u00fcrmeleri i\u00e7in hayati \u00f6nem ta\u015f\u0131maktad\u0131r.&#8221;}]},{&#8220;component&#8221;:&#8221;hc_column&#8221;,&#8221;id&#8221;:&#8221;column_7aIP1&#8243;,&#8221;column_width&#8221;:&#8221;col-md-12&#8243;,&#8221;animation&#8221;:&#8221;&#8221;,&#8221;animation_time&#8221;:&#8221;&#8221;,&#8221;timeline_animation&#8221;:&#8221;&#8221;,&#8221;timeline_delay&#8221;:&#8221;&#8221;,&#8221;timeline_order&#8221;:&#8221;&#8221;,&#8221;css_classes&#8221;:&#8221;&#8221;,&#8221;custom_css_classes&#8221;:&#8221;socialbox&#8221;,&#8221;custom_css_styles&#8221;:&#8221;&#8221;,&#8221;main_content&#8221;:[{&#8220;component&#8221;:&#8221;hc_space&#8221;,&#8221;id&#8221;:&#8221;Hdg76&#8243;,&#8221;css_classes&#8221;:&#8221;&#8221;,&#8221;custom_css_classes&#8221;:&#8221;&#8221;,&#8221;custom_css_styles&#8221;:&#8221;&#8221;,&#8221;size&#8221;:&#8221;space-sm&#8221;,&#8221;height&#8221;:&#8221;&#8221;},{&#8220;component&#8221;:&#8221;hc_text_block&#8221;,&#8221;id&#8221;:&#8221;zmr0F&#8221;,&#8221;css_classes&#8221;:&#8221;&#8221;,&#8221;custom_css_classes&#8221;:&#8221;&#8221;,&#8221;custom_css_styles&#8221;:&#8221;&#8221;,&#8221;content&#8221;:&#8221;Payla\u015f:&#8221;},{&#8220;component&#8221;:&#8221;hc_social_share_buttons&#8221;,&#8221;id&#8221;:&#8221;P7L30&#8243;,&#8221;css_classes&#8221;:&#8221;&#8221;,&#8221;custom_css_classes&#8221;:&#8221;&#8221;,&#8221;custom_css_styles&#8221;:&#8221;&#8221;,&#8221;style&#8221;:&#8221;icon-links-button&#8221;,&#8221;size&#8221;:&#8221;&#8221;,&#8221;alignment&#8221;:&#8221;&#8221;,&#8221;type&#8221;:&#8221;&#8221;,&#8221;social_colors&#8221;:true,&#8221;fb&#8221;:true,&#8221;fb_link&#8221;:&#8221;&#8221;,&#8221;tw&#8221;:true,&#8221;tw_link&#8221;:&#8221;&#8221;,&#8221;pi&#8221;:true,&#8221;pi_link&#8221;:&#8221;&#8221;,&#8221;li&#8221;:true,&#8221;li_link&#8221;:&#8221;&#8221;}]}],&#8221;section_settings&#8221;:&#8221;&#8221;},&#8221;section_dDpN7&#8243;:{&#8220;component&#8221;:&#8221;hc_section&#8221;,&#8221;id&#8221;:&#8221;section_dDpN7&#8243;,&#8221;section_width&#8221;:&#8221;&#8221;,&#8221;animation&#8221;:&#8221;&#8221;,&#8221;animation_time&#8221;:&#8221;&#8221;,&#8221;timeline_animation&#8221;:&#8221;&#8221;,&#8221;timeline_delay&#8221;:&#8221;&#8221;,&#8221;timeline_order&#8221;:&#8221;&#8221;,&#8221;vertical_row&#8221;:&#8221;&#8221;,&#8221;css_classes&#8221;:&#8221;section-color &#8220;,&#8221;custom_css_classes&#8221;:&#8221;&#8221;,&#8221;custom_css_styles&#8221;:&#8221;&#8221;,&#8221;section_content&#8221;:[{&#8220;component&#8221;:&#8221;hc_column&#8221;,&#8221;id&#8221;:&#8221;XLZ44&#8243;,&#8221;column_width&#8221;:&#8221;col-md-12&#8243;,&#8221;animation&#8221;:&#8221;&#8221;,&#8221;animation_time&#8221;:&#8221;&#8221;,&#8221;timeline_animation&#8221;:&#8221;&#8221;,&#8221;timeline_delay&#8221;:&#8221;&#8221;,&#8221;timeline_order&#8221;:&#8221;&#8221;,&#8221;css_classes&#8221;:&#8221;&#8221;,&#8221;custom_css_classes&#8221;:&#8221;&#8221;,&#8221;custom_css_styles&#8221;:&#8221;&#8221;,&#8221;main_content&#8221;:[{&#8220;component&#8221;:&#8221;hc_title_tag&#8221;,&#8221;id&#8221;:&#8221;4AoyD&#8221;,&#8221;css_classes&#8221;:&#8221;&#8221;,&#8221;custom_css_classes&#8221;:&#8221;&#8221;,&#8221;custom_css_styles&#8221;:&#8221;&#8221;,&#8221;text&#8221;:&#8221;Son Yaz\u0131lar&#8221;,&#8221;tag&#8221;:&#8221;h2&#8243;},{&#8220;component&#8221;:&#8221;hc_space&#8221;,&#8221;id&#8221;:&#8221;TsAHd&#8221;,&#8221;css_classes&#8221;:&#8221;&#8221;,&#8221;custom_css_classes&#8221;:&#8221;&#8221;,&#8221;custom_css_styles&#8221;:&#8221;&#8221;,&#8221;size&#8221;:&#8221;space&#8221;,&#8221;height&#8221;:&#8221;&#8221;},{&#8220;component&#8221;:&#8221;hc_pt_grid_list&#8221;,&#8221;id&#8221;:&#8221;J9IEW&#8221;,&#8221;css_classes&#8221;:&#8221;&#8221;,&#8221;custom_css_classes&#8221;:&#8221;&#8221;,&#8221;custom_css_styles&#8221;:&#8221;&#8221;,&#8221;post_type_slug&#8221;:&#8221;post&#8221;,&#8221;post_type_category&#8221;:&#8221;&#8221;,&#8221;column&#8221;:&#8221;2&#8243;,&#8221;column_lg&#8221;:&#8221;2&#8243;,&#8221;column_md&#8221;:&#8221;2&#8243;,&#8221;column_sm&#8221;:&#8221;1&#8243;,&#8221;column_xs&#8221;:&#8221;1&#8243;,&#8221;margins&#8221;:&#8221;&#8221;,&#8221;pag_type&#8221;:&#8221;load_more&#8221;,&#8221;pag_items&#8221;:&#8221;2&#8243;,&#8221;pag_size&#8221;:&#8221;&#8221;,&#8221;pag_animation&#8221;:&#8221;fade-top&#8221;,&#8221;pag_scroll_top&#8221;:false,&#8221;pag_position&#8221;:&#8221;align-center&#8221;,&#8221;pag_button_prev&#8221;:&#8221;&#8221;,&#8221;pag_button_next&#8221;:&#8221;&#8221;,&#8221;lm_lazy&#8221;:false,&#8221;lm_button_text&#8221;:&#8221;Daha Fazla&#8221;,&#8221;box&#8221;:&#8221;blog_top&#8221;,&#8221;boxed&#8221;:true,&#8221;extra&#8221;:false,&#8221;content&#8221;:&#8221;&#8221;,&#8221;title_length&#8221;:&#8221;36&#8243;,&#8221;excerpt_length&#8221;:&#8221;75&#8243;,&#8221;title_size&#8221;:&#8221;text-md&#8221;,&#8221;custom_css&#8221;:&#8221;&#8221;,&#8221;button_text&#8221;:&#8221;&#8221;,&#8221;button_style&#8221;:&#8221;square&#8221;,&#8221;button_dimensions&#8221;:&#8221;btn-lg&#8221;,&#8221;button_animation&#8221;:false,&#8221;button_icon&#8221;:&#8221;&#8221;}]}],&#8221;section_settings&#8221;:&#8221;&#8221;},&#8221;scripts&#8221;:{&#8220;lightbox&#8221;:&#8221;magnific-popup.min.js&#8221;,&#8221;pagination&#8221;:&#8221;pagination.min.js&#8221;},&#8221;css&#8221;:{&#8220;lightbox&#8221;:&#8221;css\/magnific-popup.css&#8221;,&#8221;content_box&#8221;:&#8221;css\/content-box.css&#8221;,&#8221;media_box&#8221;:&#8221;css\/media-box.css&#8221;},&#8221;css_page&#8221;:&#8221;&#8221;,&#8221;template_setting&#8221;:{},&#8221;template_setting_top&#8221;:{},&#8221;page_setting&#8221;:{&#8220;settings&#8221;:[&#8220;lock-mode-off&#8221;]},&#8221;post_type_setting&#8221;:{&#8220;settings&#8221;:{&#8220;image&#8221;:&#8221;https:\/\/www.cigdemguven.com\/medias\/2023\/04\/cigdem-guven-supply-chain-1024&#215;714.jpg|753|1080|3067&#8243;,&#8221;excerpt&#8221;:&#8221;Tedarik zinciri, bir \u015firketin \u00fcretim ve da\u011f\u0131t\u0131m s\u00fcre\u00e7lerinde temin etti\u011fi malzemelerin ve hizmetlerin ak\u0131\u015f\u0131n\u0131 y\u00f6netti\u011fi kritik bir fakt\u00f6rd\u00fcr. Tedarik zinciri \u015femas\u0131, \u015firketin sekt\u00f6r\u00fcne ve i\u015f modeline g\u00f6re de\u011fi\u015febilir. Genel olarak, tedarik zinciri \u015femas\u0131nda tedarik\u00e7iler, \u00fcreticiler, distrib\u00fct\u00f6rler, lojistik hizmetleri sa\u011flayanlar, perakendeciler ve m\u00fc\u015fteriler gibi \u00e7e\u015fitli unsurlar yer al\u0131r. &#8220;,&#8221;extra_1&#8243;:&#8221;Yaz\u0131&#8221;,&#8221;extra_2&#8243;:&#8221;&#8221;,&#8221;icon&#8221;:{&#8220;icon&#8221;:&#8221;&#8221;,&#8221;icon_style&#8221;:&#8221;&#8221;,&#8221;icon_image&#8221;:&#8221;&#8221;}}}}<\/p>\n","protected":false},"excerpt":{"rendered":"<p>Tedarik zinciri, bir \u015firketin \u00fcretim ve da\u011f\u0131t\u0131m s\u00fcre\u00e7lerinde temin etti\u011fi malzemelerin ve hizmetlerin ak\u0131\u015f\u0131n\u0131 y\u00f6netti\u011fi kritik bir fakt\u00f6rd\u00fcr. Tedarik zinciri \u015femas\u0131, \u015firketin sekt\u00f6r\u00fcne ve i\u015f modeline g\u00f6re de\u011fi\u015febilir. Genel olarak, tedarik zinciri \u015femas\u0131nda tedarik\u00e7iler, \u00fcreticiler, distrib\u00fct\u00f6rler, lojistik hizmetleri sa\u011flayanlar, perakendeciler ve m\u00fc\u015fteriler gibi \u00e7e\u015fitli unsurlar yer al\u0131r.<\/p>\n","protected":false},"author":1,"featured_media":3069,"comment_status":"closed","ping_status":"open","sticky":false,"template":"","format":"standard","meta":{"footnotes":""},"categories":[12,19],"tags":[],"class_list":["post-3072","post","type-post","status-publish","format-standard","has-post-thumbnail","hentry","category-genel","category-yazilar"],"yoast_head":"\n<title>Tedarik Zincirinin \u00d6nemi | \u00c7i\u011fdem G\u00fcven Management Consulting &amp; Coaching &amp; Mentoring Services<\/title>\n<meta name=\"robots\" content=\"index, follow, max-snippet:-1, max-image-preview:large, max-video-preview:-1\" \/>\n<link rel=\"canonical\" href=\"https:\/\/www.cigdemguven.com\/tr\/yazilar\/tedarik-zincirinin-onemi\/\" \/>\n<meta property=\"og:locale\" content=\"tr_TR\" \/>\n<meta property=\"og:type\" content=\"article\" \/>\n<meta property=\"og:title\" content=\"Tedarik Zincirinin \u00d6nemi | \u00c7i\u011fdem G\u00fcven Management Consulting &amp; Coaching &amp; Mentoring Services\" \/>\n<meta property=\"og:description\" content=\"Tedarik zinciri, bir \u015firketin \u00fcretim ve da\u011f\u0131t\u0131m s\u00fcre\u00e7lerinde temin etti\u011fi malzemelerin ve hizmetlerin ak\u0131\u015f\u0131n\u0131 y\u00f6netti\u011fi kritik bir fakt\u00f6rd\u00fcr. Tedarik zinciri \u015femas\u0131, \u015firketin sekt\u00f6r\u00fcne ve i\u015f modeline g\u00f6re de\u011fi\u015febilir. Genel olarak, tedarik zinciri \u015femas\u0131nda tedarik\u00e7iler, \u00fcreticiler, distrib\u00fct\u00f6rler, lojistik hizmetleri sa\u011flayanlar, perakendeciler ve m\u00fc\u015fteriler gibi \u00e7e\u015fitli unsurlar yer al\u0131r.\" \/>\n<meta property=\"og:url\" content=\"https:\/\/www.cigdemguven.com\/tr\/yazilar\/tedarik-zincirinin-onemi\/\" \/>\n<meta property=\"og:site_name\" content=\"\u00c7i\u011fdem G\u00fcven Management Consulting &amp; Coaching &amp; Mentoring Services\" \/>\n<meta property=\"article:publisher\" content=\"https:\/\/www.facebook.com\/cigdemguvendanisman\" \/>\n<meta property=\"article:published_time\" content=\"2023-03-29T09:40:13+00:00\" \/>\n<meta property=\"article:modified_time\" content=\"2023-04-28T01:22:20+00:00\" \/>\n<meta property=\"og:image\" content=\"https:\/\/www.cigdemguven.com\/medias\/2023\/04\/cigdem-guven-supply-chain.jpg\" \/>\n\t<meta property=\"og:image:width\" content=\"1080\" \/>\n\t<meta property=\"og:image:height\" content=\"753\" \/>\n\t<meta property=\"og:image:type\" content=\"image\/jpeg\" \/>\n<meta name=\"author\" content=\"\u00c7i\u011fdem G\u00fcven\" \/>\n<meta name=\"twitter:card\" content=\"summary_large_image\" \/>\n<meta name=\"twitter:creator\" content=\"@cigdemguvencom\" \/>\n<meta name=\"twitter:site\" content=\"@cigdemguvencom\" \/>\n<meta name=\"twitter:label1\" content=\"Yazan:\" \/>\n\t<meta name=\"twitter:data1\" content=\"\u00c7i\u011fdem G\u00fcven\" \/>\n\t<meta name=\"twitter:label2\" content=\"Tahmini okuma s\u00fcresi\" \/>\n\t<meta name=\"twitter:data2\" content=\"9 dakika\" \/>\n<script type=\"application\/ld+json\" class=\"yoast-schema-graph\">{\"@context\":\"https:\/\/schema.org\",\"@graph\":[{\"@type\":\"Article\",\"@id\":\"https:\/\/www.cigdemguven.com\/tr\/yazilar\/tedarik-zincirinin-onemi\/#article\",\"isPartOf\":{\"@id\":\"https:\/\/www.cigdemguven.com\/tr\/yazilar\/tedarik-zincirinin-onemi\/\"},\"author\":{\"name\":\"\u00c7i\u011fdem G\u00fcven\",\"@id\":\"https:\/\/www.cigdemguven.com\/tr\/#\/schema\/person\/abd506d3b37ae4dd04e7393ca6ac5921\"},\"headline\":\"Tedarik Zincirinin \u00d6nemi\",\"datePublished\":\"2023-03-29T09:40:13+00:00\",\"dateModified\":\"2023-04-28T01:22:20+00:00\",\"mainEntityOfPage\":{\"@id\":\"https:\/\/www.cigdemguven.com\/tr\/yazilar\/tedarik-zincirinin-onemi\/\"},\"wordCount\":1712,\"publisher\":{\"@id\":\"https:\/\/www.cigdemguven.com\/tr\/#organization\"},\"articleSection\":{\"1\":\"Yaz\u0131lar\"},\"inLanguage\":\"tr\"},{\"@type\":\"WebPage\",\"@id\":\"https:\/\/www.cigdemguven.com\/tr\/yazilar\/tedarik-zincirinin-onemi\/\",\"url\":\"https:\/\/www.cigdemguven.com\/tr\/yazilar\/tedarik-zincirinin-onemi\/\",\"name\":\"Tedarik Zincirinin \u00d6nemi | \u00c7i\u011fdem G\u00fcven Management Consulting &amp; Coaching &amp; Mentoring Services\",\"isPartOf\":{\"@id\":\"https:\/\/www.cigdemguven.com\/tr\/#website\"},\"datePublished\":\"2023-03-29T09:40:13+00:00\",\"dateModified\":\"2023-04-28T01:22:20+00:00\",\"breadcrumb\":{\"@id\":\"https:\/\/www.cigdemguven.com\/tr\/yazilar\/tedarik-zincirinin-onemi\/#breadcrumb\"},\"inLanguage\":\"tr\",\"potentialAction\":[{\"@type\":\"ReadAction\",\"target\":[\"https:\/\/www.cigdemguven.com\/tr\/yazilar\/tedarik-zincirinin-onemi\/\"]}]},{\"@type\":\"BreadcrumbList\",\"@id\":\"https:\/\/www.cigdemguven.com\/tr\/yazilar\/tedarik-zincirinin-onemi\/#breadcrumb\",\"itemListElement\":[{\"@type\":\"ListItem\",\"position\":1,\"name\":\"Home\",\"item\":\"https:\/\/www.cigdemguven.com\/tr\/\"},{\"@type\":\"ListItem\",\"position\":2,\"name\":\"Tedarik Zincirinin \u00d6nemi\"}]},{\"@type\":\"WebSite\",\"@id\":\"https:\/\/www.cigdemguven.com\/tr\/#website\",\"url\":\"https:\/\/www.cigdemguven.com\/tr\/\",\"name\":\"\u00c7i\u011fdem G\u00fcven Management Consulting &amp; Coaching &amp; Mentoring Services\",\"description\":\"Management Consulting &amp; Coaching &amp; Mentoring Services\",\"publisher\":{\"@id\":\"https:\/\/www.cigdemguven.com\/tr\/#organization\"},\"potentialAction\":[{\"@type\":\"SearchAction\",\"target\":{\"@type\":\"EntryPoint\",\"urlTemplate\":\"https:\/\/www.cigdemguven.com\/tr\/?s={search_term_string}\"},\"query-input\":\"required name=search_term_string\"}],\"inLanguage\":\"tr\"},{\"@type\":\"Organization\",\"@id\":\"https:\/\/www.cigdemguven.com\/tr\/#organization\",\"name\":\"\u00c7i\u011fdem G\u00fcven Management Consulting & Coaching & Mentoring Services\",\"url\":\"https:\/\/www.cigdemguven.com\/tr\/\",\"logo\":{\"@type\":\"ImageObject\",\"inLanguage\":\"tr\",\"@id\":\"https:\/\/www.cigdemguven.com\/tr\/#\/schema\/logo\/image\/\",\"url\":\"https:\/\/www.cigdemguven.com\/medias\/2021\/12\/cigdem-guven-logo.svg\",\"contentUrl\":\"https:\/\/www.cigdemguven.com\/medias\/2021\/12\/cigdem-guven-logo.svg\",\"width\":1,\"height\":1,\"caption\":\"\u00c7i\u011fdem G\u00fcven Management Consulting & Coaching & Mentoring Services\"},\"image\":{\"@id\":\"https:\/\/www.cigdemguven.com\/tr\/#\/schema\/logo\/image\/\"},\"sameAs\":[\"https:\/\/www.facebook.com\/cigdemguvendanisman\",\"https:\/\/twitter.com\/cigdemguvencom\",\"https:\/\/www.instagram.com\/cigdemguvendanismanlik\/\",\"https:\/\/www.linkedin.com\/in\/cigdemguvendanismanlik\/\"]},{\"@type\":\"Person\",\"@id\":\"https:\/\/www.cigdemguven.com\/tr\/#\/schema\/person\/abd506d3b37ae4dd04e7393ca6ac5921\",\"name\":\"\u00c7i\u011fdem G\u00fcven\",\"sameAs\":[\"https:\/\/www.cigdemguven.com\"],\"url\":\"https:\/\/www.cigdemguven.com\/tr\/author\/cigdemguven\/\"}]}<\/script>\n","yoast_head_json":{"title":"Tedarik Zincirinin \u00d6nemi | \u00c7i\u011fdem G\u00fcven Management Consulting &amp; Coaching &amp; Mentoring Services","robots":{"index":"index","follow":"follow","max-snippet":"max-snippet:-1","max-image-preview":"max-image-preview:large","max-video-preview":"max-video-preview:-1"},"canonical":"https:\/\/www.cigdemguven.com\/tr\/yazilar\/tedarik-zincirinin-onemi\/","og_locale":"tr_TR","og_type":"article","og_title":"Tedarik Zincirinin \u00d6nemi | \u00c7i\u011fdem G\u00fcven Management Consulting &amp; Coaching &amp; Mentoring Services","og_description":"Tedarik zinciri, bir \u015firketin \u00fcretim ve da\u011f\u0131t\u0131m s\u00fcre\u00e7lerinde temin etti\u011fi malzemelerin ve hizmetlerin ak\u0131\u015f\u0131n\u0131 y\u00f6netti\u011fi kritik bir fakt\u00f6rd\u00fcr. Tedarik zinciri \u015femas\u0131, \u015firketin sekt\u00f6r\u00fcne ve i\u015f modeline g\u00f6re de\u011fi\u015febilir. Genel olarak, tedarik zinciri \u015femas\u0131nda tedarik\u00e7iler, \u00fcreticiler, distrib\u00fct\u00f6rler, lojistik hizmetleri sa\u011flayanlar, perakendeciler ve m\u00fc\u015fteriler gibi \u00e7e\u015fitli unsurlar yer al\u0131r.","og_url":"https:\/\/www.cigdemguven.com\/tr\/yazilar\/tedarik-zincirinin-onemi\/","og_site_name":"\u00c7i\u011fdem G\u00fcven Management Consulting &amp; Coaching &amp; Mentoring Services","article_publisher":"https:\/\/www.facebook.com\/cigdemguvendanisman","article_published_time":"2023-03-29T09:40:13+00:00","article_modified_time":"2023-04-28T01:22:20+00:00","og_image":[{"width":1080,"height":753,"url":"https:\/\/www.cigdemguven.com\/medias\/2023\/04\/cigdem-guven-supply-chain.jpg","type":"image\/jpeg"}],"author":"\u00c7i\u011fdem G\u00fcven","twitter_card":"summary_large_image","twitter_creator":"@cigdemguvencom","twitter_site":"@cigdemguvencom","twitter_misc":{"Yazan:":"\u00c7i\u011fdem G\u00fcven","Tahmini okuma s\u00fcresi":"9 dakika"},"schema":{"@context":"https:\/\/schema.org","@graph":[{"@type":"Article","@id":"https:\/\/www.cigdemguven.com\/tr\/yazilar\/tedarik-zincirinin-onemi\/#article","isPartOf":{"@id":"https:\/\/www.cigdemguven.com\/tr\/yazilar\/tedarik-zincirinin-onemi\/"},"author":{"name":"\u00c7i\u011fdem G\u00fcven","@id":"https:\/\/www.cigdemguven.com\/tr\/#\/schema\/person\/abd506d3b37ae4dd04e7393ca6ac5921"},"headline":"Tedarik Zincirinin \u00d6nemi","datePublished":"2023-03-29T09:40:13+00:00","dateModified":"2023-04-28T01:22:20+00:00","mainEntityOfPage":{"@id":"https:\/\/www.cigdemguven.com\/tr\/yazilar\/tedarik-zincirinin-onemi\/"},"wordCount":1712,"publisher":{"@id":"https:\/\/www.cigdemguven.com\/tr\/#organization"},"articleSection":{"1":"Yaz\u0131lar"},"inLanguage":"tr"},{"@type":"WebPage","@id":"https:\/\/www.cigdemguven.com\/tr\/yazilar\/tedarik-zincirinin-onemi\/","url":"https:\/\/www.cigdemguven.com\/tr\/yazilar\/tedarik-zincirinin-onemi\/","name":"Tedarik Zincirinin \u00d6nemi | \u00c7i\u011fdem G\u00fcven Management Consulting &amp; Coaching &amp; Mentoring Services","isPartOf":{"@id":"https:\/\/www.cigdemguven.com\/tr\/#website"},"datePublished":"2023-03-29T09:40:13+00:00","dateModified":"2023-04-28T01:22:20+00:00","breadcrumb":{"@id":"https:\/\/www.cigdemguven.com\/tr\/yazilar\/tedarik-zincirinin-onemi\/#breadcrumb"},"inLanguage":"tr","potentialAction":[{"@type":"ReadAction","target":["https:\/\/www.cigdemguven.com\/tr\/yazilar\/tedarik-zincirinin-onemi\/"]}]},{"@type":"BreadcrumbList","@id":"https:\/\/www.cigdemguven.com\/tr\/yazilar\/tedarik-zincirinin-onemi\/#breadcrumb","itemListElement":[{"@type":"ListItem","position":1,"name":"Home","item":"https:\/\/www.cigdemguven.com\/tr\/"},{"@type":"ListItem","position":2,"name":"Tedarik Zincirinin \u00d6nemi"}]},{"@type":"WebSite","@id":"https:\/\/www.cigdemguven.com\/tr\/#website","url":"https:\/\/www.cigdemguven.com\/tr\/","name":"\u00c7i\u011fdem G\u00fcven Management Consulting &amp; Coaching &amp; Mentoring Services","description":"Management Consulting &amp; Coaching &amp; Mentoring Services","publisher":{"@id":"https:\/\/www.cigdemguven.com\/tr\/#organization"},"potentialAction":[{"@type":"SearchAction","target":{"@type":"EntryPoint","urlTemplate":"https:\/\/www.cigdemguven.com\/tr\/?s={search_term_string}"},"query-input":"required name=search_term_string"}],"inLanguage":"tr"},{"@type":"Organization","@id":"https:\/\/www.cigdemguven.com\/tr\/#organization","name":"\u00c7i\u011fdem G\u00fcven Management Consulting & Coaching & Mentoring Services","url":"https:\/\/www.cigdemguven.com\/tr\/","logo":{"@type":"ImageObject","inLanguage":"tr","@id":"https:\/\/www.cigdemguven.com\/tr\/#\/schema\/logo\/image\/","url":"https:\/\/www.cigdemguven.com\/medias\/2021\/12\/cigdem-guven-logo.svg","contentUrl":"https:\/\/www.cigdemguven.com\/medias\/2021\/12\/cigdem-guven-logo.svg","width":1,"height":1,"caption":"\u00c7i\u011fdem G\u00fcven Management Consulting & Coaching & Mentoring Services"},"image":{"@id":"https:\/\/www.cigdemguven.com\/tr\/#\/schema\/logo\/image\/"},"sameAs":["https:\/\/www.facebook.com\/cigdemguvendanisman","https:\/\/twitter.com\/cigdemguvencom","https:\/\/www.instagram.com\/cigdemguvendanismanlik\/","https:\/\/www.linkedin.com\/in\/cigdemguvendanismanlik\/"]},{"@type":"Person","@id":"https:\/\/www.cigdemguven.com\/tr\/#\/schema\/person\/abd506d3b37ae4dd04e7393ca6ac5921","name":"\u00c7i\u011fdem G\u00fcven","sameAs":["https:\/\/www.cigdemguven.com"],"url":"https:\/\/www.cigdemguven.com\/tr\/author\/cigdemguven\/"}]}},"_links":{"self":[{"href":"https:\/\/www.cigdemguven.com\/tr\/wp-json\/wp\/v2\/posts\/3072","targetHints":{"allow":["GET"]}}],"collection":[{"href":"https:\/\/www.cigdemguven.com\/tr\/wp-json\/wp\/v2\/posts"}],"about":[{"href":"https:\/\/www.cigdemguven.com\/tr\/wp-json\/wp\/v2\/types\/post"}],"author":[{"embeddable":true,"href":"https:\/\/www.cigdemguven.com\/tr\/wp-json\/wp\/v2\/users\/1"}],"replies":[{"embeddable":true,"href":"https:\/\/www.cigdemguven.com\/tr\/wp-json\/wp\/v2\/comments?post=3072"}],"version-history":[{"count":4,"href":"https:\/\/www.cigdemguven.com\/tr\/wp-json\/wp\/v2\/posts\/3072\/revisions"}],"predecessor-version":[{"id":3158,"href":"https:\/\/www.cigdemguven.com\/tr\/wp-json\/wp\/v2\/posts\/3072\/revisions\/3158"}],"wp:featuredmedia":[{"embeddable":true,"href":"https:\/\/www.cigdemguven.com\/tr\/wp-json\/wp\/v2\/media\/3069"}],"wp:attachment":[{"href":"https:\/\/www.cigdemguven.com\/tr\/wp-json\/wp\/v2\/media?parent=3072"}],"wp:term":[{"taxonomy":"category","embeddable":true,"href":"https:\/\/www.cigdemguven.com\/tr\/wp-json\/wp\/v2\/categories?post=3072"},{"taxonomy":"post_tag","embeddable":true,"href":"https:\/\/www.cigdemguven.com\/tr\/wp-json\/wp\/v2\/tags?post=3072"}],"curies":[{"name":"wp","href":"https:\/\/api.w.org\/{rel}","templated":true}]}}