{"id":2986,"date":"2023-02-25T16:57:39","date_gmt":"2023-02-25T13:57:39","guid":{"rendered":"https:\/\/www.cigdemguven.com\/?p=2986"},"modified":"2023-04-28T04:22:39","modified_gmt":"2023-04-28T01:22:39","slug":"deprem-ve-bankalar","status":"publish","type":"post","link":"https:\/\/www.cigdemguven.com\/tr\/yazilar\/deprem-ve-bankalar\/","title":{"rendered":"Deprem ve Bankalar"},"content":{"rendered":"<p>{&#8220;main-title&#8221;:{&#8220;component&#8221;:&#8221;hc_title&#8221;,&#8221;id&#8221;:&#8221;main-title&#8221;,&#8221;title&#8221;:&#8221;&#8221;,&#8221;subtitle&#8221;:&#8221;&#8221;,&#8221;title_content&#8221;:{&#8220;component&#8221;:&#8221;hc_title_empty&#8221;,&#8221;id&#8221;:&#8221;title-empty&#8221;}},&#8221;section_QvNqz&#8221;:{&#8220;component&#8221;:&#8221;hc_section&#8221;,&#8221;id&#8221;:&#8221;section_QvNqz&#8221;,&#8221;section_width&#8221;:&#8221;&#8221;,&#8221;animation&#8221;:&#8221;&#8221;,&#8221;animation_time&#8221;:&#8221;&#8221;,&#8221;timeline_animation&#8221;:&#8221;&#8221;,&#8221;timeline_delay&#8221;:&#8221;&#8221;,&#8221;timeline_order&#8221;:&#8221;&#8221;,&#8221;vertical_row&#8221;:&#8221;&#8221;,&#8221;css_classes&#8221;:&#8221;section-color no-padding-bottom no-padding-top &#8220;,&#8221;custom_css_classes&#8221;:&#8221;containerblog&#8221;,&#8221;custom_css_styles&#8221;:&#8221;&#8221;,&#8221;section_content&#8221;:[{&#8220;component&#8221;:&#8221;hc_column&#8221;,&#8221;id&#8221;:&#8221;P1FCZ&#8221;,&#8221;column_width&#8221;:&#8221;col-md-12&#8243;,&#8221;animation&#8221;:&#8221;&#8221;,&#8221;animation_time&#8221;:&#8221;&#8221;,&#8221;timeline_animation&#8221;:&#8221;&#8221;,&#8221;timeline_delay&#8221;:&#8221;&#8221;,&#8221;timeline_order&#8221;:&#8221;&#8221;,&#8221;css_classes&#8221;:&#8221;boxed-area align-items-center &#8220;,&#8221;custom_css_classes&#8221;:&#8221;&#8221;,&#8221;custom_css_styles&#8221;:&#8221;&#8221;,&#8221;main_content&#8221;:[{&#8220;component&#8221;:&#8221;hc_title_tag&#8221;,&#8221;id&#8221;:&#8221;5ZtkF&#8221;,&#8221;css_classes&#8221;:&#8221;&#8221;,&#8221;custom_css_classes&#8221;:&#8221;&#8221;,&#8221;custom_css_styles&#8221;:&#8221;&#8221;,&#8221;text&#8221;:&#8221;Deprem ve Bankalar&#8221;,&#8221;tag&#8221;:&#8221;h1&#8243;},{&#8220;component&#8221;:&#8221;hc_image_box&#8221;,&#8221;id&#8221;:&#8221;P92Nk&#8221;,&#8221;css_classes&#8221;:&#8221;&#8221;,&#8221;custom_css_classes&#8221;:&#8221;&#8221;,&#8221;custom_css_styles&#8221;:&#8221;&#8221;,&#8221;image&#8221;:&#8221;https:\/\/www.cigdemguven.com\/medias\/2023\/02\/cigdem-guven-deprem-ve-bankalar-1024&#215;714.jpg|753|1080|2992&#8243;,&#8221;link_type&#8221;:&#8221;lightbox&#8221;,&#8221;lightbox_animation&#8221;:&#8221;&#8221;,&#8221;caption&#8221;:&#8221;Ye\u015fil Varl\u0131k Oran\u0131&#8221;,&#8221;inner_caption&#8221;:false,&#8221;new_window&#8221;:false,&#8221;link&#8221;:&#8221;https:\/\/www.cigdemguven.com\/medias\/2023\/02\/cigdem-guven-deprem-ve-bankalar.jpg&#8221;,&#8221;link_content&#8221;:[],&#8221;lightbox_size&#8221;:&#8221;&#8221;,&#8221;scrollbox&#8221;:false,&#8221;icon&#8221;:&#8221;&#8221;,&#8221;image_animation&#8221;:&#8221;&#8221;,&#8221;icon_animation&#8221;:&#8221;&#8221;,&#8221;thumb_size&#8221;:&#8221;full&#8221;,&#8221;icon_hidden&#8221;:true,&#8221;caption_img_box&#8221;:&#8221;&#8221;,&#8221;alt&#8221;:&#8221;&#8221;}]}],&#8221;section_settings&#8221;:&#8221;&#8221;},&#8221;section_aSGAU&#8221;:{&#8220;component&#8221;:&#8221;hc_section&#8221;,&#8221;id&#8221;:&#8221;section_aSGAU&#8221;,&#8221;section_width&#8221;:&#8221;&#8221;,&#8221;animation&#8221;:&#8221;&#8221;,&#8221;animation_time&#8221;:&#8221;&#8221;,&#8221;timeline_animation&#8221;:&#8221;&#8221;,&#8221;timeline_delay&#8221;:&#8221;&#8221;,&#8221;timeline_order&#8221;:&#8221;&#8221;,&#8221;vertical_row&#8221;:&#8221;&#8221;,&#8221;css_classes&#8221;:&#8221;no-padding-bottom no-padding-top &#8220;,&#8221;custom_css_classes&#8221;:&#8221;blogtext&#8221;,&#8221;custom_css_styles&#8221;:&#8221;&#8221;,&#8221;section_content&#8221;:[{&#8220;component&#8221;:&#8221;hc_column&#8221;,&#8221;id&#8221;:&#8221;column_0qrhK&#8221;,&#8221;column_width&#8221;:&#8221;col-md-12&#8243;,&#8221;animation&#8221;:&#8221;&#8221;,&#8221;animation_time&#8221;:&#8221;&#8221;,&#8221;timeline_animation&#8221;:&#8221;&#8221;,&#8221;timeline_delay&#8221;:&#8221;&#8221;,&#8221;timeline_order&#8221;:&#8221;&#8221;,&#8221;css_classes&#8221;:&#8221;&#8221;,&#8221;custom_css_classes&#8221;:&#8221;&#8221;,&#8221;custom_css_styles&#8221;:&#8221;&#8221;,&#8221;main_content&#8221;:[{&#8220;component&#8221;:&#8221;hc_wp_editor&#8221;,&#8221;id&#8221;:&#8221;gE6EW&#8221;,&#8221;css_classes&#8221;:&#8221;&#8221;,&#8221;custom_css_classes&#8221;:&#8221;&#8221;,&#8221;custom_css_styles&#8221;:&#8221;&#8221;,&#8221;editor_content&#8221;:&#8221;T\u00fcrkiye Cumhuriyeti 6 \u015eubatta ger\u00e7ekle\u015fen depremler ile \u00f6nemli \u00f6l\u00e7\u00fcde sars\u0131ld\u0131. Binlerce bina \u00e7\u00f6kerken on binlerce insan hayata g\u00f6zlerini yumdu. Asr\u0131n felaketi olarak T\u00fcrkiye tarihine ge\u00e7en bu elim olay yaln\u0131zca \u00fclke \u00e7ap\u0131nda de\u011fil, global bir boyutta insanlar\u0131 kenetledi. Devletin ve halk\u0131n yapt\u0131\u011f\u0131 yard\u0131mlar yan\u0131 s\u0131ra bir\u00e7ok banka da depremzedeler i\u00e7in \u00e7e\u015fitli desteklerde bulundular.\\n\\n15 \u015eubatta t\u00fcm kanallarda yay\u0131nlanan T\u00fcrkiye Tek Y\u00fcrek kampanyas\u0131nda; Merkez Bankas\u0131 (30 milyar), Ziraat Bankas\u0131 (20 milyar), Vak\u0131fbank (12 milyar) ve Halkbank (7 milyar) toplam 69 milyar lira yard\u0131m a\u00e7\u0131klad\u0131. Ziraat Kat\u0131l\u0131m, Vak\u0131f Kat\u0131l\u0131m ve Emlak Kat\u0131l\u0131m bankalar\u0131 ile Emlak Konut da 1&#8217;er milyar lira ba\u011f\u0131\u015flad\u0131.\\n\\nZiraat Finans Grubu, AFAD\u2019a 21 milyar TL nakdi ba\u011f\u0131\u015f\u0131n yan\u0131 s\u0131ra zarar g\u00f6ren illerdeki m\u00fc\u015fterilerinin bor\u00e7lar\u0131n\u0131 erteleyip, hayat\u0131n\u0131 kaybeden m\u00fc\u015fterilerinin de bor\u00e7lar\u0131n\u0131 silmi\u015ftir. Ayr\u0131ca yap\u0131lacak ba\u011f\u0131\u015flar\u0131 da faizsiz olarak taksitlendirme imkan\u0131 sunmakta. Bununla beraber ihtiya\u00e7 \u00fcr\u00fcnlerini de b\u00f6lgeye ula\u015ft\u0131ran Ziraat Finans Grubu toplamda 35 milyar TL\u2019lik bir yard\u0131m paketi a\u00e7\u0131klad\u0131.\\n\\nVak\u0131fbank Finans Grubu da AFAD\u2019a 12 milyar TL d\u0131\u015f\u0131nda kendi b\u00fcnyesindeki arama kurtarma ekibi VAKUR\u2019u deprem b\u00f6lgesine g\u00f6nderdi. Depremzedelerin bor\u00e7lar\u0131n\u0131 6 ay ile 1 y\u0131l aras\u0131 s\u00fcrelerde erteleyip, vefat eden depremzedelerin de bor\u00e7lar\u0131n\u0131 sildi. Afet b\u00f6lgesinde \u00e7al\u0131\u015fanlar\u0131 ve ailelerini deprem b\u00f6lgesi d\u0131\u015f\u0131na nakilleri sa\u011fland\u0131. Ayr\u0131ca banka, t\u0131rlarla bar\u0131nma, beslenme ve \u0131s\u0131nma malzemeleri g\u00f6nderdi. B\u00f6ylece 12 milyar TL\u2019si nakdi olmak \u00fczere toplam 21 milyar TL katk\u0131 sa\u011flad\u0131.\\n\\nBunlar\u0131n yan\u0131 s\u0131ra; \u0130\u015f Bankas\u0131 Grubu AFAD\u2019a 1 milyar ve in\u015fa edilecek deprem konutlar\u0131 i\u00e7in de 1 milyar 750 milyon TL tutar\u0131nda destek a\u00e7\u0131klad\u0131. Ayr\u0131ca b\u00f6lgede yap\u0131lacak \u00e7al\u0131\u015fmalar i\u00e7in de 10 milyar TL\u2019lik kaynak ay\u0131rd\u0131klar\u0131n\u0131 duyurdu. Ger\u00e7ek ki\u015filer ile KOB\u0130 ve bu \u00f6l\u00e7ekten k\u00fc\u00e7\u00fck olan \u00e7ift\u00e7i ve esnaflar d\u00e2hil olmak \u00fczere t\u00fcm bireysel ve ticari kredileri 31 A\u011fustos 2023 tarihine kadar erteledi\u011fini duyurdu. Depremde hayat\u0131n\u0131 kaybeden m\u00fc\u015fterilerinin ise t\u00fcm bireysel kredi bor\u00e7lar\u0131n\u0131 silme karar\u0131 ald\u0131\u011f\u0131n\u0131 a\u00e7\u0131klad\u0131.\\n\\nHalkbank Finans Grubu da 7 milyar TL\u2019si AFAD\u2019a nakdi olmak \u00fczere toplam 16 milyar TL miktar\u0131nda ba\u011f\u0131\u015f a\u00e7\u0131klad\u0131. Bunun yan\u0131 s\u0131ra kredileri erteleme ve hayat\u0131n\u0131 kaybeden vatanda\u015flar\u0131n bor\u00e7lar\u0131n\u0131 silmek gibi uygulamalar \u00fczerinde de \u00e7al\u0131\u015ft\u0131klar\u0131n\u0131 bildirdiler.\\n\\nGaranti Bankas\u0131 ise 650 milyon TL ba\u011f\u0131\u015f\u0131n yan\u0131 s\u0131ra depremde vefat eden ger\u00e7ek ve t\u00fczel ki\u015filerin bor\u00e7lar\u0131n\u0131 silerken di\u011fer depremzede m\u00fc\u015fterilerinin bor\u00e7lar\u0131n\u0131 erteledi. Yap\u0131lacak ba\u011f\u0131\u015flarda ise 6 taksit imk\u00e2n\u0131 sunmakta. B\u00f6lgeye ihtiya\u00e7 d\u00e2hilinde g\u00f6n\u00fcll\u00fc deste\u011fi ile ihtiya\u00e7 t\u0131rlar\u0131 deste\u011fini de sundu. BBVA grubuna ba\u011fl\u0131 BBVA \u0130spanya ve BBVA Meksika ile k\u00fcresel \u00f6l\u00e7ekte ba\u011f\u0131\u015f kampanyalar\u0131 y\u00fcr\u00fctmektedir. Ayr\u0131ca deprem b\u00f6lgelerine finansman olarak 10 milyar TL ile finansal s\u0131k\u0131nt\u0131lar\u0131 kar\u015f\u0131lamay\u0131 hedeflemektedirler.\\n\\nAkbank da, afet b\u00f6lgesi i\u00e7in bug\u00fcne kadar ger\u00e7ekle\u015ftirdi\u011fi \u00e7al\u0131\u015fmalara ilaveten 650 milyon TL destek verece\u011fini a\u00e7\u0131klad\u0131. Ayr\u0131ca deprem felaketinden etkilenen illerde hesab\u0131 bulunan veyahut bu illerde ya\u015fayan m\u00fc\u015fterilerinin \u00f6demelerini de faizsiz olarak erteleyece\u011fini duyurdu.\\n\\nAyn\u0131 zamanda vadesi gelmi\u015f ya da 6 ay i\u00e7inde vadesi gelecek bor\u00e7lar da 6 aya kadar ertelenebilecek.\\n\\nDeprem ya\u015fand\u0131\u011f\u0131 g\u00fcn itibari ile 1500 ki\u015filik Yap\u0131 Kredi G\u00f6n\u00fcll\u00fcleri ve 120 ki\u015filik kurtarma ekibi YAKUT ile de b\u00f6lgeye hareket eden ve kurtarma \u00e7al\u0131\u015fmalar\u0131na destek sa\u011flayan Yap\u0131 Kredi 580 milyon TL\u2019lik ba\u011f\u0131\u015fla b\u00f6lgenin yeniden in\u015fas\u0131nda ve yaralar\u0131n sar\u0131lmas\u0131nda yer almak istediklerini a\u00e7\u0131klad\u0131.\\n\\nDenizBank ise hissedar\u0131 ENBD ile birlikte 350 milyon TL\u2019lik ba\u011f\u0131\u015f\u0131n\u0131 a\u00e7\u0131klad\u0131.\\n\\nHSBC T\u00fcrkiye de depremin yaralar\u0131n\u0131 sarabilmek ad\u0131na harekete ge\u00e7erek 1 milyon dolarl\u0131k nakdi yard\u0131m deste\u011finde bulundu. ISBC Turkey ise b\u00f6lgeye destek i\u00e7in 1 milyon TL\u2019lik nakdi yard\u0131m a\u00e7\u0131klad\u0131.\\n\\nING grubu da 60 milyon TL yard\u0131m\u0131n yan\u0131 s\u0131ra Kahramanmara\u015f Operasyon Merkezi\u2019ne d\u00fczenli olarak 1500 ki\u015filik bar\u0131nma ve g\u0131da destekleri g\u00f6nderdi. \u00c7al\u0131\u015fan ve depremzedelerin b\u00f6lgeden nakli i\u00e7in gerekli deste\u011fi sa\u011flad\u0131. Ayr\u0131ca b\u00f6lgeye 13 bin adet termal tulum, battaniye, \u0131s\u0131t\u0131c\u0131, yiyecek ve giyecek, ila\u00e7 gibi malzemeleri temin etti. Ayn\u0131 \u015fekilde deprem b\u00f6lgesine 10 adet karavan ve T\u00fcrk K\u0131z\u0131lay\u2019\u0131 arac\u0131l\u0131\u011f\u0131yla 3 t\u0131r i\u00e7me suyunu da b\u00f6lgeye ula\u015ft\u0131rm\u0131\u015ft\u0131r. \u00c7al\u0131\u015fanlar\u0131 ile birlikte de g\u00f6n\u00fcll\u00fc olarak sahada destek verdi.\\n\\nKuveyt T\u00fcrk deprem b\u00f6lgesine g\u00f6nderdi\u011fi 5 t\u0131r\u0131n yan\u0131 s\u0131ra 200 milyon TL ve 10 adet karavanla da deste\u011fini deprem b\u00f6lgesine sa\u011flad\u0131.\\n\\nBurgan Bank bu kapsamda ana hissedar KIPCO Holding ve Burgan Bank Grubu\u2019n 2 milyon dolarl\u0131k ba\u011f\u0131\u015f, banka olarak ise 1 milyon dolarl\u0131k kayna\u011f\u0131 deprem b\u00f6lgelerine aktar\u0131ld\u0131\u011f\u0131n\u0131 bildirdi.\\n\\nTEB bug\u00fcne kadar ula\u015ft\u0131rd\u0131\u011f\u0131 yard\u0131mlar\u0131n yan\u0131 s\u0131ra di\u011fer bankalar gibi m\u00fc\u015fterilere sunulan deste\u011fin yan\u0131nda 200 milyon TL\u2019si nakdi, 50 milyon TL\u2019si afet b\u00f6lgesindeki aileler i\u00e7in projelerde harcanmak i\u00e7in toplam 250 milyon TL ba\u011f\u0131\u015fta bulundu.\\n\\nQNB Finansbank\u2019tan 300 milyon TL\u2019si AFAD\u2019a, 50 milyon TL\u2019si de afet b\u00f6lgesindeki\u00e7ocuklar i\u00e7in harcanmak \u00fczere toplam 350 milyon TL ba\u011f\u0131\u015f a\u00e7\u0131klad\u0131.\\n\\nAnadolubank da AFAD\u2019a 30 milyon TL\u2019lik ba\u011f\u0131\u015f a\u00e7\u0131klad\u0131. Depremzedelerin bor\u00e7lar\u0131n\u0131 ertelerken hayat\u0131n\u0131 kaybeden depremzedeler i\u00e7in de ana para dahil kredi bor\u00e7lar\u0131n\u0131 sildiklerini a\u00e7\u0131klad\u0131.\\n\\nB\u00fct\u00fcn bu ba\u011f\u0131\u015flar\u0131n yan\u0131 s\u0131ra; Odeabank, Albaraka T\u00fcrk, T\u00fcrkiye Finans gibi bankalar ve yukar\u0131da bahsedilen bankalar, b\u00f6lgedeki \u00e7al\u0131\u015fanlar\u0131na nakdi destek ile b\u00f6lgede bulunmayan ve imk\u00e2n\u0131 olan \u00e7al\u0131\u015fanlar\u0131yla da kan ba\u011f\u0131\u015f\u0131n\u0131 devaml\u0131 olarak sa\u011flad\u0131. Halen b\u00f6lgedeki \u00e7al\u0131\u015fmalar ve yeniden in\u015fa i\u00e7in d\u00fczenli olarak yard\u0131mlar a\u00e7\u0131klamaktalar.\\n\\nGenel olarak bankalar\u0131n deprem \u00f6ncesi ve sonras\u0131 yapt\u0131\u011f\u0131 yat\u0131r\u0131m ve \u00e7al\u0131\u015fmalara bakacak olursak;\\n\\nBunlar aras\u0131nda \u015funlar yer almaktad\u0131r:\\n\\n<strong>1. Acil Yard\u0131m Fonlar\u0131<\/strong>\\nBaz\u0131 bankalar, deprem felaketlerinde acil yard\u0131m fonlar\u0131 olu\u015fturarak m\u00fc\u015fterilerine yard\u0131mc\u0131 olmaktad\u0131r. Bu fonlar, deprem sonras\u0131 ma\u011fdur olan insanlara finansal destek sa\u011flamak i\u00e7in kullan\u0131lmaktad\u0131r.\\n\\n<strong>2. Uygun Faizli Krediler<\/strong>\\nDeprem felaketleri sonras\u0131nda, bankalar m\u00fc\u015fterilerine uygun faizli krediler sa\u011flamaktad\u0131r. Bu krediler, evlerini veya i\u015fyerlerini yeniden in\u015fa etmek i\u00e7in finansal kaynak sa\u011flamak isteyen m\u00fc\u015fteriler i\u00e7in faydal\u0131 olmaktad\u0131r.\\n\\n<strong>3. \u00d6deme Erteleme<\/strong>\\nDeprem felaketleri sonras\u0131nda, bankalar m\u00fc\u015fterilerine \u00f6deme erteleme se\u00e7enekleri sunmaktad\u0131r. Bu, m\u00fc\u015fterilerin maddi zorluklarla ba\u015fa \u00e7\u0131kmalar\u0131na yard\u0131mc\u0131 olurken, ayn\u0131 zamanda kredi notlar\u0131n\u0131n zarar g\u00f6rmesini \u00f6nler.\\n\\n<strong>4. Sigorta Hizmetleri<\/strong>\\nBaz\u0131 bankalar, m\u00fc\u015fterilerine deprem sigortas\u0131 gibi sigorta hizmetleri sunmaktad\u0131r. Bu, deprem felaketleri sonras\u0131nda m\u00fc\u015fterilerin zararlar\u0131n\u0131 tazmin etmelerine yard\u0131mc\u0131 olur.\\n\\n<strong>Bankalar\u0131n Ald\u0131\u011f\u0131 \u00d6nlemler<\/strong>\\n\\nT\u00fcrkiye&#8217;deki bankalar, deprem riskini azaltmak i\u00e7in bir\u00e7ok \u00f6nlem almaktad\u0131r. Bunlar aras\u0131nda \u015funlar yer almaktad\u0131r:\\n\\n<strong>1. Afet Planlar\u0131<\/strong>\\nBankalar, deprem felaketlerine haz\u0131rl\u0131kl\u0131 olmak i\u00e7in afet planlar\u0131 olu\u015fturmakta ve bu planlar\u0131 s\u00fcrekli g\u00fcncellemektedir. Bu planlar, m\u00fc\u015fterilerin ma\u011fduriyetlerini en aza indirmek i\u00e7in tasarlanm\u0131\u015ft\u0131r.\\n\\n<strong>2. G\u00fc\u00e7l\u00fc Bina Yap\u0131s\u0131<\/strong>\\nBankalar\u0131n b\u00fcy\u00fck bir k\u0131sm\u0131, g\u00fc\u00e7l\u00fc bina yap\u0131s\u0131 ve dayan\u0131kl\u0131 malzemeler kullanarak depreme kar\u015f\u0131 diren\u00e7li binalar in\u015fa etmektedir. Bu, deprem felaketlerinde binalar\u0131n \u00e7\u00f6kmesini \u00f6nlemeye yard\u0131mc\u0131 olur ve \u00e7al\u0131\u015fanlar\u0131n ve m\u00fc\u015fterilerin can g\u00fcvenli\u011fini sa\u011flar.\\n\\n<strong>3. Acil Durum Ekipmanlar\u0131<\/strong>\\nBankalar, deprem felaketleri s\u0131ras\u0131nda acil durum ekipmanlar\u0131na sahiptir. Bu ekipmanlar aras\u0131nda jenerat\u00f6rler, su kaynaklar\u0131 ve acil ayd\u0131nlatma sistemleri bulunmaktad\u0131r. Bu ekipmanlar, bankalar\u0131n faaliyetlerini kesintiye u\u011framadan s\u00fcrd\u00fcrmelerine yard\u0131mc\u0131 olur.\\n\\n<strong>4. Personel E\u011fitimi<\/strong>\\nBankalar, personel e\u011fitimi ile deprem riski ile ilgili fark\u0131ndal\u0131k yaratmakta ve deprem felaketleri sonras\u0131nda ne yap\u0131lmas\u0131 gerekti\u011fi konusunda personelini e\u011fitmektedir. Bu, m\u00fc\u015fterilerin g\u00fcvenli\u011fini sa\u011flamak i\u00e7in \u00f6nemli bir ad\u0131md\u0131r.\\n\\nSonu\u00e7 olarak T\u00fcrkiye&#8217;deki bankalar, deprem riski ile ilgili bir\u00e7ok \u00f6nlem almaktad\u0131r. Bankalar\u0131n deprem felaketlerinde m\u00fc\u015fterilerine sundu\u011fu yard\u0131mlar ve ald\u0131\u011f\u0131 \u00f6nlemler sayesinde, m\u00fc\u015fterilerin can g\u00fcvenli\u011fi ve finansal kay\u0131plar\u0131n en aza indirgenmesi ama\u00e7lanmaktad\u0131r. Ancak, bireysel olarak da deprem riskine kar\u015f\u0131 tedbirler almak \u00f6nemlidir. Deprem s\u0131ras\u0131nda g\u00fcvenli alanlarda bulunmak, deprem sigortas\u0131 yapt\u0131rmak ve deprem \u00e7antas\u0131 haz\u0131rlamak gibi basit \u00f6nlemlerle deprem felaketlerinde kay\u0131plar azalt\u0131labilir.&#8221;}]},{&#8220;component&#8221;:&#8221;hc_column&#8221;,&#8221;id&#8221;:&#8221;column_7aIP1&#8243;,&#8221;column_width&#8221;:&#8221;col-md-12&#8243;,&#8221;animation&#8221;:&#8221;&#8221;,&#8221;animation_time&#8221;:&#8221;&#8221;,&#8221;timeline_animation&#8221;:&#8221;&#8221;,&#8221;timeline_delay&#8221;:&#8221;&#8221;,&#8221;timeline_order&#8221;:&#8221;&#8221;,&#8221;css_classes&#8221;:&#8221;&#8221;,&#8221;custom_css_classes&#8221;:&#8221;socialbox&#8221;,&#8221;custom_css_styles&#8221;:&#8221;&#8221;,&#8221;main_content&#8221;:[{&#8220;component&#8221;:&#8221;hc_space&#8221;,&#8221;id&#8221;:&#8221;Hdg76&#8243;,&#8221;css_classes&#8221;:&#8221;&#8221;,&#8221;custom_css_classes&#8221;:&#8221;&#8221;,&#8221;custom_css_styles&#8221;:&#8221;&#8221;,&#8221;size&#8221;:&#8221;space-sm&#8221;,&#8221;height&#8221;:&#8221;&#8221;},{&#8220;component&#8221;:&#8221;hc_text_block&#8221;,&#8221;id&#8221;:&#8221;zmr0F&#8221;,&#8221;css_classes&#8221;:&#8221;&#8221;,&#8221;custom_css_classes&#8221;:&#8221;&#8221;,&#8221;custom_css_styles&#8221;:&#8221;&#8221;,&#8221;content&#8221;:&#8221;Share:&#8221;},{&#8220;component&#8221;:&#8221;hc_social_share_buttons&#8221;,&#8221;id&#8221;:&#8221;P7L30&#8243;,&#8221;css_classes&#8221;:&#8221;&#8221;,&#8221;custom_css_classes&#8221;:&#8221;&#8221;,&#8221;custom_css_styles&#8221;:&#8221;&#8221;,&#8221;style&#8221;:&#8221;icon-links-button&#8221;,&#8221;size&#8221;:&#8221;&#8221;,&#8221;alignment&#8221;:&#8221;&#8221;,&#8221;type&#8221;:&#8221;&#8221;,&#8221;social_colors&#8221;:true,&#8221;fb&#8221;:true,&#8221;fb_link&#8221;:&#8221;&#8221;,&#8221;tw&#8221;:true,&#8221;tw_link&#8221;:&#8221;&#8221;,&#8221;pi&#8221;:true,&#8221;pi_link&#8221;:&#8221;&#8221;,&#8221;li&#8221;:true,&#8221;li_link&#8221;:&#8221;&#8221;}]}],&#8221;section_settings&#8221;:&#8221;&#8221;},&#8221;section_dDpN7&#8243;:{&#8220;component&#8221;:&#8221;hc_section&#8221;,&#8221;id&#8221;:&#8221;section_dDpN7&#8243;,&#8221;section_width&#8221;:&#8221;&#8221;,&#8221;animation&#8221;:&#8221;&#8221;,&#8221;animation_time&#8221;:&#8221;&#8221;,&#8221;timeline_animation&#8221;:&#8221;&#8221;,&#8221;timeline_delay&#8221;:&#8221;&#8221;,&#8221;timeline_order&#8221;:&#8221;&#8221;,&#8221;vertical_row&#8221;:&#8221;&#8221;,&#8221;css_classes&#8221;:&#8221;section-color &#8220;,&#8221;custom_css_classes&#8221;:&#8221;&#8221;,&#8221;custom_css_styles&#8221;:&#8221;&#8221;,&#8221;section_content&#8221;:[{&#8220;component&#8221;:&#8221;hc_column&#8221;,&#8221;id&#8221;:&#8221;XLZ44&#8243;,&#8221;column_width&#8221;:&#8221;col-md-12&#8243;,&#8221;animation&#8221;:&#8221;&#8221;,&#8221;animation_time&#8221;:&#8221;&#8221;,&#8221;timeline_animation&#8221;:&#8221;&#8221;,&#8221;timeline_delay&#8221;:&#8221;&#8221;,&#8221;timeline_order&#8221;:&#8221;&#8221;,&#8221;css_classes&#8221;:&#8221;&#8221;,&#8221;custom_css_classes&#8221;:&#8221;&#8221;,&#8221;custom_css_styles&#8221;:&#8221;&#8221;,&#8221;main_content&#8221;:[{&#8220;component&#8221;:&#8221;hc_title_tag&#8221;,&#8221;id&#8221;:&#8221;4AoyD&#8221;,&#8221;css_classes&#8221;:&#8221;&#8221;,&#8221;custom_css_classes&#8221;:&#8221;&#8221;,&#8221;custom_css_styles&#8221;:&#8221;&#8221;,&#8221;text&#8221;:&#8221;Son Yaz\u0131lar&#8221;,&#8221;tag&#8221;:&#8221;h2&#8243;},{&#8220;component&#8221;:&#8221;hc_space&#8221;,&#8221;id&#8221;:&#8221;TsAHd&#8221;,&#8221;css_classes&#8221;:&#8221;&#8221;,&#8221;custom_css_classes&#8221;:&#8221;&#8221;,&#8221;custom_css_styles&#8221;:&#8221;&#8221;,&#8221;size&#8221;:&#8221;space&#8221;,&#8221;height&#8221;:&#8221;&#8221;},{&#8220;component&#8221;:&#8221;hc_pt_grid_list&#8221;,&#8221;id&#8221;:&#8221;J9IEW&#8221;,&#8221;css_classes&#8221;:&#8221;&#8221;,&#8221;custom_css_classes&#8221;:&#8221;&#8221;,&#8221;custom_css_styles&#8221;:&#8221;&#8221;,&#8221;post_type_slug&#8221;:&#8221;post&#8221;,&#8221;post_type_category&#8221;:&#8221;yazilar&#8221;,&#8221;column&#8221;:&#8221;2&#8243;,&#8221;column_lg&#8221;:&#8221;2&#8243;,&#8221;column_md&#8221;:&#8221;2&#8243;,&#8221;column_sm&#8221;:&#8221;1&#8243;,&#8221;column_xs&#8221;:&#8221;1&#8243;,&#8221;margins&#8221;:&#8221;&#8221;,&#8221;pag_type&#8221;:&#8221;load_more&#8221;,&#8221;pag_items&#8221;:&#8221;2&#8243;,&#8221;pag_size&#8221;:&#8221;&#8221;,&#8221;pag_animation&#8221;:&#8221;fade-top&#8221;,&#8221;pag_scroll_top&#8221;:false,&#8221;pag_position&#8221;:&#8221;align-center&#8221;,&#8221;pag_button_prev&#8221;:&#8221;&#8221;,&#8221;pag_button_next&#8221;:&#8221;&#8221;,&#8221;lm_lazy&#8221;:false,&#8221;lm_button_text&#8221;:&#8221;Daha Fazla&#8221;,&#8221;box&#8221;:&#8221;blog_top&#8221;,&#8221;boxed&#8221;:true,&#8221;extra&#8221;:false,&#8221;content&#8221;:&#8221;&#8221;,&#8221;title_length&#8221;:&#8221;36&#8243;,&#8221;excerpt_length&#8221;:&#8221;75&#8243;,&#8221;title_size&#8221;:&#8221;text-md&#8221;,&#8221;custom_css&#8221;:&#8221;&#8221;,&#8221;button_text&#8221;:&#8221;&#8221;,&#8221;button_style&#8221;:&#8221;square&#8221;,&#8221;button_dimensions&#8221;:&#8221;btn-lg&#8221;,&#8221;button_animation&#8221;:false,&#8221;button_icon&#8221;:&#8221;&#8221;}]}],&#8221;section_settings&#8221;:&#8221;&#8221;},&#8221;scripts&#8221;:{&#8220;lightbox&#8221;:&#8221;magnific-popup.min.js&#8221;,&#8221;pagination&#8221;:&#8221;pagination.min.js&#8221;},&#8221;css&#8221;:{&#8220;lightbox&#8221;:&#8221;css\/magnific-popup.css&#8221;,&#8221;content_box&#8221;:&#8221;css\/content-box.css&#8221;,&#8221;media_box&#8221;:&#8221;css\/media-box.css&#8221;},&#8221;css_page&#8221;:&#8221;&#8221;,&#8221;template_setting&#8221;:{},&#8221;template_setting_top&#8221;:{},&#8221;page_setting&#8221;:{&#8220;settings&#8221;:[&#8220;lock-mode-off&#8221;]},&#8221;post_type_setting&#8221;:{&#8220;settings&#8221;:{&#8220;image&#8221;:&#8221;https:\/\/www.cigdemguven.com\/medias\/2023\/02\/cigdem-guven-deprem-ve-bankalar-1024&#215;714.jpg|753|1080|2992&#8243;,&#8221;excerpt&#8221;:&#8221;T\u00fcrkiye Cumhuriyeti 6 \u015eubatta ger\u00e7ekle\u015fen depremler ile \u00f6nemli \u00f6l\u00e7\u00fcde sars\u0131ld\u0131. Binlerce bina \u00e7\u00f6kerken on binlerce insan hayata g\u00f6zlerini yumdu. Asr\u0131n felaketi olarak T\u00fcrkiye tarihine ge\u00e7en bu elim olay yaln\u0131zca \u00fclke \u00e7ap\u0131nda de\u011fil, global bir boyutta insanlar\u0131 kenetledi. Devletin ve halk\u0131n yapt\u0131\u011f\u0131 yard\u0131mlar yan\u0131 s\u0131ra bir\u00e7ok banka da depremzedeler i\u00e7in \u00e7e\u015fitli desteklerde bulundular.&#8221;,&#8221;extra_1&#8243;:&#8221;Yaz\u0131&#8221;,&#8221;extra_2&#8243;:&#8221;&#8221;,&#8221;icon&#8221;:{&#8220;icon&#8221;:&#8221;&#8221;,&#8221;icon_style&#8221;:&#8221;&#8221;,&#8221;icon_image&#8221;:&#8221;&#8221;}}}}<\/p>\n","protected":false},"excerpt":{"rendered":"<p>T\u00fcrkiye Cumhuriyeti 6 \u015eubatta ger\u00e7ekle\u015fen depremler ile \u00f6nemli \u00f6l\u00e7\u00fcde sars\u0131ld\u0131. Binlerce bina \u00e7\u00f6kerken on binlerce insan hayata g\u00f6zlerini yumdu. Asr\u0131n felaketi olarak T\u00fcrkiye tarihine ge\u00e7en bu elim olay yaln\u0131zca \u00fclke \u00e7ap\u0131nda de\u011fil, global bir boyutta insanlar\u0131 kenetledi. Devletin ve halk\u0131n yapt\u0131\u011f\u0131 yard\u0131mlar yan\u0131 s\u0131ra bir\u00e7ok banka da depremzedeler i\u00e7in \u00e7e\u015fitli desteklerde bulundular.<\/p>\n","protected":false},"author":1,"featured_media":2992,"comment_status":"closed","ping_status":"open","sticky":false,"template":"","format":"standard","meta":{"footnotes":""},"categories":[12,19],"tags":[],"class_list":["post-2986","post","type-post","status-publish","format-standard","has-post-thumbnail","hentry","category-genel","category-yazilar"],"yoast_head":"\n<title>Deprem ve Bankalar | \u00c7i\u011fdem G\u00fcven Management Consulting &amp; Coaching &amp; Mentoring Services<\/title>\n<meta name=\"robots\" content=\"index, follow, max-snippet:-1, max-image-preview:large, max-video-preview:-1\" \/>\n<link rel=\"canonical\" href=\"https:\/\/www.cigdemguven.com\/tr\/yazilar\/deprem-ve-bankalar\/\" \/>\n<meta property=\"og:locale\" content=\"tr_TR\" \/>\n<meta property=\"og:type\" content=\"article\" \/>\n<meta property=\"og:title\" content=\"Deprem ve Bankalar | \u00c7i\u011fdem G\u00fcven Management Consulting &amp; Coaching &amp; Mentoring Services\" \/>\n<meta property=\"og:description\" content=\"T\u00fcrkiye Cumhuriyeti 6 \u015eubatta ger\u00e7ekle\u015fen depremler ile \u00f6nemli \u00f6l\u00e7\u00fcde sars\u0131ld\u0131. Binlerce bina \u00e7\u00f6kerken on binlerce insan hayata g\u00f6zlerini yumdu. Asr\u0131n felaketi olarak T\u00fcrkiye tarihine ge\u00e7en bu elim olay yaln\u0131zca \u00fclke \u00e7ap\u0131nda de\u011fil, global bir boyutta insanlar\u0131 kenetledi. Devletin ve halk\u0131n yapt\u0131\u011f\u0131 yard\u0131mlar yan\u0131 s\u0131ra bir\u00e7ok banka da depremzedeler i\u00e7in \u00e7e\u015fitli desteklerde bulundular.\" \/>\n<meta property=\"og:url\" content=\"https:\/\/www.cigdemguven.com\/tr\/yazilar\/deprem-ve-bankalar\/\" \/>\n<meta property=\"og:site_name\" content=\"\u00c7i\u011fdem G\u00fcven Management Consulting &amp; Coaching &amp; Mentoring Services\" \/>\n<meta property=\"article:publisher\" content=\"https:\/\/www.facebook.com\/cigdemguvendanisman\" \/>\n<meta property=\"article:published_time\" content=\"2023-02-25T13:57:39+00:00\" \/>\n<meta property=\"article:modified_time\" content=\"2023-04-28T01:22:39+00:00\" \/>\n<meta property=\"og:image\" content=\"https:\/\/www.cigdemguven.com\/medias\/2023\/02\/cigdem-guven-deprem-ve-bankalar.jpg\" \/>\n\t<meta property=\"og:image:width\" content=\"1080\" \/>\n\t<meta property=\"og:image:height\" content=\"753\" \/>\n\t<meta property=\"og:image:type\" content=\"image\/jpeg\" \/>\n<meta name=\"author\" content=\"\u00c7i\u011fdem G\u00fcven\" \/>\n<meta name=\"twitter:card\" content=\"summary_large_image\" \/>\n<meta name=\"twitter:creator\" content=\"@cigdemguvencom\" \/>\n<meta name=\"twitter:site\" content=\"@cigdemguvencom\" \/>\n<meta name=\"twitter:label1\" content=\"Yazan:\" \/>\n\t<meta name=\"twitter:data1\" content=\"\u00c7i\u011fdem G\u00fcven\" \/>\n\t<meta name=\"twitter:label2\" content=\"Tahmini okuma s\u00fcresi\" \/>\n\t<meta name=\"twitter:data2\" content=\"11 dakika\" \/>\n<script type=\"application\/ld+json\" class=\"yoast-schema-graph\">{\"@context\":\"https:\/\/schema.org\",\"@graph\":[{\"@type\":\"Article\",\"@id\":\"https:\/\/www.cigdemguven.com\/tr\/yazilar\/deprem-ve-bankalar\/#article\",\"isPartOf\":{\"@id\":\"https:\/\/www.cigdemguven.com\/tr\/yazilar\/deprem-ve-bankalar\/\"},\"author\":{\"name\":\"\u00c7i\u011fdem G\u00fcven\",\"@id\":\"https:\/\/www.cigdemguven.com\/tr\/#\/schema\/person\/abd506d3b37ae4dd04e7393ca6ac5921\"},\"headline\":\"Deprem ve Bankalar\",\"datePublished\":\"2023-02-25T13:57:39+00:00\",\"dateModified\":\"2023-04-28T01:22:39+00:00\",\"mainEntityOfPage\":{\"@id\":\"https:\/\/www.cigdemguven.com\/tr\/yazilar\/deprem-ve-bankalar\/\"},\"wordCount\":2204,\"publisher\":{\"@id\":\"https:\/\/www.cigdemguven.com\/tr\/#organization\"},\"articleSection\":{\"1\":\"Yaz\u0131lar\"},\"inLanguage\":\"tr\"},{\"@type\":\"WebPage\",\"@id\":\"https:\/\/www.cigdemguven.com\/tr\/yazilar\/deprem-ve-bankalar\/\",\"url\":\"https:\/\/www.cigdemguven.com\/tr\/yazilar\/deprem-ve-bankalar\/\",\"name\":\"Deprem ve Bankalar | \u00c7i\u011fdem G\u00fcven Management Consulting &amp; Coaching &amp; Mentoring Services\",\"isPartOf\":{\"@id\":\"https:\/\/www.cigdemguven.com\/tr\/#website\"},\"datePublished\":\"2023-02-25T13:57:39+00:00\",\"dateModified\":\"2023-04-28T01:22:39+00:00\",\"breadcrumb\":{\"@id\":\"https:\/\/www.cigdemguven.com\/tr\/yazilar\/deprem-ve-bankalar\/#breadcrumb\"},\"inLanguage\":\"tr\",\"potentialAction\":[{\"@type\":\"ReadAction\",\"target\":[\"https:\/\/www.cigdemguven.com\/tr\/yazilar\/deprem-ve-bankalar\/\"]}]},{\"@type\":\"BreadcrumbList\",\"@id\":\"https:\/\/www.cigdemguven.com\/tr\/yazilar\/deprem-ve-bankalar\/#breadcrumb\",\"itemListElement\":[{\"@type\":\"ListItem\",\"position\":1,\"name\":\"Home\",\"item\":\"https:\/\/www.cigdemguven.com\/tr\/\"},{\"@type\":\"ListItem\",\"position\":2,\"name\":\"Deprem ve Bankalar\"}]},{\"@type\":\"WebSite\",\"@id\":\"https:\/\/www.cigdemguven.com\/tr\/#website\",\"url\":\"https:\/\/www.cigdemguven.com\/tr\/\",\"name\":\"\u00c7i\u011fdem G\u00fcven Management Consulting &amp; Coaching &amp; Mentoring Services\",\"description\":\"Management Consulting &amp; Coaching &amp; Mentoring Services\",\"publisher\":{\"@id\":\"https:\/\/www.cigdemguven.com\/tr\/#organization\"},\"potentialAction\":[{\"@type\":\"SearchAction\",\"target\":{\"@type\":\"EntryPoint\",\"urlTemplate\":\"https:\/\/www.cigdemguven.com\/tr\/?s={search_term_string}\"},\"query-input\":\"required name=search_term_string\"}],\"inLanguage\":\"tr\"},{\"@type\":\"Organization\",\"@id\":\"https:\/\/www.cigdemguven.com\/tr\/#organization\",\"name\":\"\u00c7i\u011fdem G\u00fcven Management Consulting & Coaching & Mentoring Services\",\"url\":\"https:\/\/www.cigdemguven.com\/tr\/\",\"logo\":{\"@type\":\"ImageObject\",\"inLanguage\":\"tr\",\"@id\":\"https:\/\/www.cigdemguven.com\/tr\/#\/schema\/logo\/image\/\",\"url\":\"https:\/\/www.cigdemguven.com\/medias\/2021\/12\/cigdem-guven-logo.svg\",\"contentUrl\":\"https:\/\/www.cigdemguven.com\/medias\/2021\/12\/cigdem-guven-logo.svg\",\"width\":1,\"height\":1,\"caption\":\"\u00c7i\u011fdem G\u00fcven Management Consulting & Coaching & Mentoring Services\"},\"image\":{\"@id\":\"https:\/\/www.cigdemguven.com\/tr\/#\/schema\/logo\/image\/\"},\"sameAs\":[\"https:\/\/www.facebook.com\/cigdemguvendanisman\",\"https:\/\/twitter.com\/cigdemguvencom\",\"https:\/\/www.instagram.com\/cigdemguvendanismanlik\/\",\"https:\/\/www.linkedin.com\/in\/cigdemguvendanismanlik\/\"]},{\"@type\":\"Person\",\"@id\":\"https:\/\/www.cigdemguven.com\/tr\/#\/schema\/person\/abd506d3b37ae4dd04e7393ca6ac5921\",\"name\":\"\u00c7i\u011fdem G\u00fcven\",\"sameAs\":[\"https:\/\/www.cigdemguven.com\"],\"url\":\"https:\/\/www.cigdemguven.com\/tr\/author\/cigdemguven\/\"}]}<\/script>\n","yoast_head_json":{"title":"Deprem ve Bankalar | \u00c7i\u011fdem G\u00fcven Management Consulting &amp; Coaching &amp; Mentoring Services","robots":{"index":"index","follow":"follow","max-snippet":"max-snippet:-1","max-image-preview":"max-image-preview:large","max-video-preview":"max-video-preview:-1"},"canonical":"https:\/\/www.cigdemguven.com\/tr\/yazilar\/deprem-ve-bankalar\/","og_locale":"tr_TR","og_type":"article","og_title":"Deprem ve Bankalar | \u00c7i\u011fdem G\u00fcven Management Consulting &amp; Coaching &amp; Mentoring Services","og_description":"T\u00fcrkiye Cumhuriyeti 6 \u015eubatta ger\u00e7ekle\u015fen depremler ile \u00f6nemli \u00f6l\u00e7\u00fcde sars\u0131ld\u0131. Binlerce bina \u00e7\u00f6kerken on binlerce insan hayata g\u00f6zlerini yumdu. Asr\u0131n felaketi olarak T\u00fcrkiye tarihine ge\u00e7en bu elim olay yaln\u0131zca \u00fclke \u00e7ap\u0131nda de\u011fil, global bir boyutta insanlar\u0131 kenetledi. Devletin ve halk\u0131n yapt\u0131\u011f\u0131 yard\u0131mlar yan\u0131 s\u0131ra bir\u00e7ok banka da depremzedeler i\u00e7in \u00e7e\u015fitli desteklerde bulundular.","og_url":"https:\/\/www.cigdemguven.com\/tr\/yazilar\/deprem-ve-bankalar\/","og_site_name":"\u00c7i\u011fdem G\u00fcven Management Consulting &amp; Coaching &amp; Mentoring Services","article_publisher":"https:\/\/www.facebook.com\/cigdemguvendanisman","article_published_time":"2023-02-25T13:57:39+00:00","article_modified_time":"2023-04-28T01:22:39+00:00","og_image":[{"width":1080,"height":753,"url":"https:\/\/www.cigdemguven.com\/medias\/2023\/02\/cigdem-guven-deprem-ve-bankalar.jpg","type":"image\/jpeg"}],"author":"\u00c7i\u011fdem G\u00fcven","twitter_card":"summary_large_image","twitter_creator":"@cigdemguvencom","twitter_site":"@cigdemguvencom","twitter_misc":{"Yazan:":"\u00c7i\u011fdem G\u00fcven","Tahmini okuma s\u00fcresi":"11 dakika"},"schema":{"@context":"https:\/\/schema.org","@graph":[{"@type":"Article","@id":"https:\/\/www.cigdemguven.com\/tr\/yazilar\/deprem-ve-bankalar\/#article","isPartOf":{"@id":"https:\/\/www.cigdemguven.com\/tr\/yazilar\/deprem-ve-bankalar\/"},"author":{"name":"\u00c7i\u011fdem G\u00fcven","@id":"https:\/\/www.cigdemguven.com\/tr\/#\/schema\/person\/abd506d3b37ae4dd04e7393ca6ac5921"},"headline":"Deprem ve Bankalar","datePublished":"2023-02-25T13:57:39+00:00","dateModified":"2023-04-28T01:22:39+00:00","mainEntityOfPage":{"@id":"https:\/\/www.cigdemguven.com\/tr\/yazilar\/deprem-ve-bankalar\/"},"wordCount":2204,"publisher":{"@id":"https:\/\/www.cigdemguven.com\/tr\/#organization"},"articleSection":{"1":"Yaz\u0131lar"},"inLanguage":"tr"},{"@type":"WebPage","@id":"https:\/\/www.cigdemguven.com\/tr\/yazilar\/deprem-ve-bankalar\/","url":"https:\/\/www.cigdemguven.com\/tr\/yazilar\/deprem-ve-bankalar\/","name":"Deprem ve Bankalar | \u00c7i\u011fdem G\u00fcven Management Consulting &amp; Coaching &amp; Mentoring Services","isPartOf":{"@id":"https:\/\/www.cigdemguven.com\/tr\/#website"},"datePublished":"2023-02-25T13:57:39+00:00","dateModified":"2023-04-28T01:22:39+00:00","breadcrumb":{"@id":"https:\/\/www.cigdemguven.com\/tr\/yazilar\/deprem-ve-bankalar\/#breadcrumb"},"inLanguage":"tr","potentialAction":[{"@type":"ReadAction","target":["https:\/\/www.cigdemguven.com\/tr\/yazilar\/deprem-ve-bankalar\/"]}]},{"@type":"BreadcrumbList","@id":"https:\/\/www.cigdemguven.com\/tr\/yazilar\/deprem-ve-bankalar\/#breadcrumb","itemListElement":[{"@type":"ListItem","position":1,"name":"Home","item":"https:\/\/www.cigdemguven.com\/tr\/"},{"@type":"ListItem","position":2,"name":"Deprem ve Bankalar"}]},{"@type":"WebSite","@id":"https:\/\/www.cigdemguven.com\/tr\/#website","url":"https:\/\/www.cigdemguven.com\/tr\/","name":"\u00c7i\u011fdem G\u00fcven Management Consulting &amp; Coaching &amp; Mentoring Services","description":"Management Consulting &amp; Coaching &amp; Mentoring Services","publisher":{"@id":"https:\/\/www.cigdemguven.com\/tr\/#organization"},"potentialAction":[{"@type":"SearchAction","target":{"@type":"EntryPoint","urlTemplate":"https:\/\/www.cigdemguven.com\/tr\/?s={search_term_string}"},"query-input":"required name=search_term_string"}],"inLanguage":"tr"},{"@type":"Organization","@id":"https:\/\/www.cigdemguven.com\/tr\/#organization","name":"\u00c7i\u011fdem G\u00fcven Management Consulting & Coaching & Mentoring Services","url":"https:\/\/www.cigdemguven.com\/tr\/","logo":{"@type":"ImageObject","inLanguage":"tr","@id":"https:\/\/www.cigdemguven.com\/tr\/#\/schema\/logo\/image\/","url":"https:\/\/www.cigdemguven.com\/medias\/2021\/12\/cigdem-guven-logo.svg","contentUrl":"https:\/\/www.cigdemguven.com\/medias\/2021\/12\/cigdem-guven-logo.svg","width":1,"height":1,"caption":"\u00c7i\u011fdem G\u00fcven Management Consulting & Coaching & Mentoring Services"},"image":{"@id":"https:\/\/www.cigdemguven.com\/tr\/#\/schema\/logo\/image\/"},"sameAs":["https:\/\/www.facebook.com\/cigdemguvendanisman","https:\/\/twitter.com\/cigdemguvencom","https:\/\/www.instagram.com\/cigdemguvendanismanlik\/","https:\/\/www.linkedin.com\/in\/cigdemguvendanismanlik\/"]},{"@type":"Person","@id":"https:\/\/www.cigdemguven.com\/tr\/#\/schema\/person\/abd506d3b37ae4dd04e7393ca6ac5921","name":"\u00c7i\u011fdem G\u00fcven","sameAs":["https:\/\/www.cigdemguven.com"],"url":"https:\/\/www.cigdemguven.com\/tr\/author\/cigdemguven\/"}]}},"_links":{"self":[{"href":"https:\/\/www.cigdemguven.com\/tr\/wp-json\/wp\/v2\/posts\/2986","targetHints":{"allow":["GET"]}}],"collection":[{"href":"https:\/\/www.cigdemguven.com\/tr\/wp-json\/wp\/v2\/posts"}],"about":[{"href":"https:\/\/www.cigdemguven.com\/tr\/wp-json\/wp\/v2\/types\/post"}],"author":[{"embeddable":true,"href":"https:\/\/www.cigdemguven.com\/tr\/wp-json\/wp\/v2\/users\/1"}],"replies":[{"embeddable":true,"href":"https:\/\/www.cigdemguven.com\/tr\/wp-json\/wp\/v2\/comments?post=2986"}],"version-history":[{"count":4,"href":"https:\/\/www.cigdemguven.com\/tr\/wp-json\/wp\/v2\/posts\/2986\/revisions"}],"predecessor-version":[{"id":3161,"href":"https:\/\/www.cigdemguven.com\/tr\/wp-json\/wp\/v2\/posts\/2986\/revisions\/3161"}],"wp:featuredmedia":[{"embeddable":true,"href":"https:\/\/www.cigdemguven.com\/tr\/wp-json\/wp\/v2\/media\/2992"}],"wp:attachment":[{"href":"https:\/\/www.cigdemguven.com\/tr\/wp-json\/wp\/v2\/media?parent=2986"}],"wp:term":[{"taxonomy":"category","embeddable":true,"href":"https:\/\/www.cigdemguven.com\/tr\/wp-json\/wp\/v2\/categories?post=2986"},{"taxonomy":"post_tag","embeddable":true,"href":"https:\/\/www.cigdemguven.com\/tr\/wp-json\/wp\/v2\/tags?post=2986"}],"curies":[{"name":"wp","href":"https:\/\/api.w.org\/{rel}","templated":true}]}}