{"id":2944,"date":"2023-02-05T17:43:00","date_gmt":"2023-02-05T14:43:00","guid":{"rendered":"https:\/\/www.cigdemguven.com\/?p=2944"},"modified":"2023-04-28T04:22:46","modified_gmt":"2023-04-28T01:22:46","slug":"almanya-ile-dis-ticaret-firsatlari-neler-ve-turk-sirketleri-icin-hangi-avrupa-ulkeleri-ile-isbirligi-firsatlari-var","status":"publish","type":"post","link":"https:\/\/www.cigdemguven.com\/tr\/yazilar\/almanya-ile-dis-ticaret-firsatlari-neler-ve-turk-sirketleri-icin-hangi-avrupa-ulkeleri-ile-isbirligi-firsatlari-var\/","title":{"rendered":"Almanya ile d\u0131\u015f ticaret f\u0131rsatlar\u0131 neler ve T\u00fcrk \u015firketleri i\u00e7in hangi Avrupa \u00fclkeleri ile i\u015fbirli\u011fi f\u0131rsatlar\u0131 var?"},"content":{"rendered":"<p>{&#8220;main-title&#8221;:{&#8220;component&#8221;:&#8221;hc_title&#8221;,&#8221;id&#8221;:&#8221;main-title&#8221;,&#8221;title&#8221;:&#8221;&#8221;,&#8221;subtitle&#8221;:&#8221;&#8221;,&#8221;title_content&#8221;:{&#8220;component&#8221;:&#8221;hc_title_empty&#8221;,&#8221;id&#8221;:&#8221;title-empty&#8221;}},&#8221;section_QvNqz&#8221;:{&#8220;component&#8221;:&#8221;hc_section&#8221;,&#8221;id&#8221;:&#8221;section_QvNqz&#8221;,&#8221;section_width&#8221;:&#8221;&#8221;,&#8221;animation&#8221;:&#8221;&#8221;,&#8221;animation_time&#8221;:&#8221;&#8221;,&#8221;timeline_animation&#8221;:&#8221;&#8221;,&#8221;timeline_delay&#8221;:&#8221;&#8221;,&#8221;timeline_order&#8221;:&#8221;&#8221;,&#8221;vertical_row&#8221;:&#8221;&#8221;,&#8221;css_classes&#8221;:&#8221;section-color no-padding-bottom no-padding-top &#8220;,&#8221;custom_css_classes&#8221;:&#8221;containerblog&#8221;,&#8221;custom_css_styles&#8221;:&#8221;&#8221;,&#8221;section_content&#8221;:[{&#8220;component&#8221;:&#8221;hc_column&#8221;,&#8221;id&#8221;:&#8221;P1FCZ&#8221;,&#8221;column_width&#8221;:&#8221;col-md-12&#8243;,&#8221;animation&#8221;:&#8221;&#8221;,&#8221;animation_time&#8221;:&#8221;&#8221;,&#8221;timeline_animation&#8221;:&#8221;&#8221;,&#8221;timeline_delay&#8221;:&#8221;&#8221;,&#8221;timeline_order&#8221;:&#8221;&#8221;,&#8221;css_classes&#8221;:&#8221;boxed-area align-items-center &#8220;,&#8221;custom_css_classes&#8221;:&#8221;&#8221;,&#8221;custom_css_styles&#8221;:&#8221;&#8221;,&#8221;main_content&#8221;:[{&#8220;component&#8221;:&#8221;hc_title_tag&#8221;,&#8221;id&#8221;:&#8221;5ZtkF&#8221;,&#8221;css_classes&#8221;:&#8221;&#8221;,&#8221;custom_css_classes&#8221;:&#8221;&#8221;,&#8221;custom_css_styles&#8221;:&#8221;&#8221;,&#8221;text&#8221;:&#8221;Almanya ile d\u0131\u015f ticaret f\u0131rsatlar\u0131 neler ve T\u00fcrk \u015firketleri i\u00e7in hangi Avrupa \u00fclkeleri ile i\u015fbirli\u011fi f\u0131rsatlar\u0131 var?&#8221;,&#8221;tag&#8221;:&#8221;h1&#8243;},{&#8220;component&#8221;:&#8221;hc_image_box&#8221;,&#8221;id&#8221;:&#8221;P92Nk&#8221;,&#8221;css_classes&#8221;:&#8221;&#8221;,&#8221;custom_css_classes&#8221;:&#8221;&#8221;,&#8221;custom_css_styles&#8221;:&#8221;&#8221;,&#8221;image&#8221;:&#8221;https:\/\/www.cigdemguven.com\/medias\/2022\/12\/cigdem-guven-dis-ticareti-cover-1024&#215;714.jpg|753|1080|2783&#8243;,&#8221;link_type&#8221;:&#8221;lightbox&#8221;,&#8221;lightbox_animation&#8221;:&#8221;&#8221;,&#8221;caption&#8221;:&#8221;Almanya ile d\u0131\u015f ticaret f\u0131rsatlar\u0131 neler ve T\u00fcrk \u015firketleri i\u00e7in hangi Avrupa \u00fclkeleri ile i\u015fbirli\u011fi f\u0131rsatlar\u0131 var?&#8221;,&#8221;inner_caption&#8221;:false,&#8221;new_window&#8221;:false,&#8221;link&#8221;:&#8221;https:\/\/www.cigdemguven.com\/medias\/2022\/12\/cigdem-guven-dis-ticareti-cover.jpg&#8221;,&#8221;link_content&#8221;:[],&#8221;lightbox_size&#8221;:&#8221;&#8221;,&#8221;scrollbox&#8221;:false,&#8221;icon&#8221;:&#8221;&#8221;,&#8221;image_animation&#8221;:&#8221;&#8221;,&#8221;icon_animation&#8221;:&#8221;&#8221;,&#8221;thumb_size&#8221;:&#8221;full&#8221;,&#8221;icon_hidden&#8221;:true,&#8221;caption_img_box&#8221;:&#8221;&#8221;,&#8221;alt&#8221;:&#8221;&#8221;}]}],&#8221;section_settings&#8221;:&#8221;&#8221;},&#8221;section_aSGAU&#8221;:{&#8220;component&#8221;:&#8221;hc_section&#8221;,&#8221;id&#8221;:&#8221;section_aSGAU&#8221;,&#8221;section_width&#8221;:&#8221;&#8221;,&#8221;animation&#8221;:&#8221;&#8221;,&#8221;animation_time&#8221;:&#8221;&#8221;,&#8221;timeline_animation&#8221;:&#8221;&#8221;,&#8221;timeline_delay&#8221;:&#8221;&#8221;,&#8221;timeline_order&#8221;:&#8221;&#8221;,&#8221;vertical_row&#8221;:&#8221;&#8221;,&#8221;css_classes&#8221;:&#8221;no-padding-bottom no-padding-top &#8220;,&#8221;custom_css_classes&#8221;:&#8221;blogtext&#8221;,&#8221;custom_css_styles&#8221;:&#8221;&#8221;,&#8221;section_content&#8221;:[{&#8220;component&#8221;:&#8221;hc_column&#8221;,&#8221;id&#8221;:&#8221;column_0qrhK&#8221;,&#8221;column_width&#8221;:&#8221;col-md-12&#8243;,&#8221;animation&#8221;:&#8221;&#8221;,&#8221;animation_time&#8221;:&#8221;&#8221;,&#8221;timeline_animation&#8221;:&#8221;&#8221;,&#8221;timeline_delay&#8221;:&#8221;&#8221;,&#8221;timeline_order&#8221;:&#8221;&#8221;,&#8221;css_classes&#8221;:&#8221;&#8221;,&#8221;custom_css_classes&#8221;:&#8221;&#8221;,&#8221;custom_css_styles&#8221;:&#8221;&#8221;,&#8221;main_content&#8221;:[{&#8220;component&#8221;:&#8221;hc_wp_editor&#8221;,&#8221;id&#8221;:&#8221;gE6EW&#8221;,&#8221;css_classes&#8221;:&#8221;&#8221;,&#8221;custom_css_classes&#8221;:&#8221;&#8221;,&#8221;custom_css_styles&#8221;:&#8221;&#8221;,&#8221;editor_content&#8221;:&#8221;Yeterli sermaye ve tecr\u00fcbe ile T\u00fcrk \u015firketlerinin b\u00f6lgesel ihtiya\u00e7 ve piyasa ko\u015fullar\u0131n\u0131 analiz etmesiyle k\u00fcreselle\u015fmesi art\u0131k \u00e7ok kolay bir durumdad\u0131r. Hedef olan pazar\u0131 iyi bir \u015fekilde ara\u015ft\u0131rmak, t\u00fcketici tercihlerini bilmek ve gerekli empatiyi yapmak ba\u015far\u0131 i\u00e7in \u00e7ok \u00f6nemli bir kriterdir. Devletlerin verdi\u011fi te\u015fvikler ve vergi imtiyazlar\u0131 da bu s\u00fcre\u00e7te b\u00fcy\u00fck etken olarak bilinmektedir. D\u0131\u015f ticaretimize bakt\u0131\u011f\u0131m\u0131zda ihracat rakamlar\u0131m\u0131z 2021 y\u0131l\u0131n\u0131n Kas\u0131m ay\u0131nda\\nAlmanya ile %8,2 ayn\u0131 ay\u0131n 2022 y\u0131l\u0131ndaki verilerine g\u00f6re ise %8,5\u2019e y\u00fckselmektedir. En b\u00fcy\u00fck ihracat orta\u011f\u0131m\u0131z olan Almanya da bu konuda b\u00fcy\u00fck \u00f6nem arz etmektedir. Brexit sonras\u0131 Frankfurt\u2019un finans merkezi olarak hacmi artmas\u0131, geli\u015fen sanayi ve maden faaliyetleri ile Almanya ekonomisinin kendi i\u00e7inde de g\u00fc\u00e7l\u00fc olarak var olmas\u0131 Almanya\u2019y\u0131 son derece tercih edilebilir ve g\u00fcvenilir bir i\u015f pazar\u0131 olarak g\u00f6stermektedir. Almanya g\u00fc\u00e7l\u00fc yap\u0131s\u0131 nedeniyle yeni gelen yat\u0131r\u0131mc\u0131lara \u00e7ok b\u00fcy\u00fck te\u015fvikler sunmamas\u0131na kar\u015f\u0131n yat\u0131r\u0131mc\u0131lar i\u015flerini ba\u015flatt\u0131ktan sonra verdi\u011fi krediler ve te\u015fvikler ile yat\u0131r\u0131mc\u0131lara \u00e7ok b\u00fcy\u00fck destek ve ba\u015far\u0131ya ula\u015fmalar\u0131 konusunda yard\u0131mc\u0131 olmaktad\u0131r. Almanya gibi g\u00fc\u00e7l\u00fc ekonomisi ve geli\u015fmi\u015f teknolojisi olan bir \u00fclkede e-ticaret yoluyla da m\u00fc\u015fterilere ula\u015fmak son derece uygun bir y\u00f6ntemdir. Almanya\u2019n\u0131n son zamanlardaki en \u00f6nemli g\u00fcndemlerinden olan dijitalle\u015fme, yaz\u0131l\u0131m gibi alanlarda da nitelikli bireyler ve firmalara her zaman kap\u0131s\u0131 a\u00e7\u0131kt\u0131r. Ayr\u0131ca g\u00fcmr\u00fck birli\u011fi sayesinde ATR belgesi ile yap\u0131lan ihracatlarda g\u00fcmr\u00fck vergisi bulunmamaktad\u0131r. \u0130klim ve dijital d\u00f6n\u00fc\u015f\u00fcm alanlar\u0131nda \u00e7al\u0131\u015fan giri\u015fimciler ve \u015firketler i\u00e7in de son derece \u00f6nemli f\u0131rsatlar bulunmaktad\u0131r. Almanya yat\u0131r\u0131mlar\u0131n\u0131 bu alanlarda artt\u0131rmakta ve uzun vadeli planlar yapmaktad\u0131r. Almanya&#8217;ya ger\u00e7ekle\u015ftirilen ihracat \u00f6zelinde de bakt\u0131\u011f\u0131m\u0131zda 2022 ilk 6 ayda 10,6 milyar dolar tutar\u0131nda ger\u00e7ekle\u015fen ihracat bir \u00f6nceki y\u0131l\u0131n ilk 6 ay\u0131na g\u00f6re y\u00fczde 13 artm\u0131\u015f durumdad\u0131r. Almanya&#8217;ya ihracat\u0131m\u0131z %90 oran\u0131nda sanayi mamullerinden yakla\u015f\u0131k %10 oran\u0131nda tar\u0131m ve g\u0131da \u00fcr\u00fcnlerinden olu\u015fmaktad\u0131r. Hollanda gibi g\u00fc\u00e7l\u00fc lojistik ve limanlara sahip olan bir \u00fclkede yat\u0131r\u0131mc\u0131 olmak ve \u0130talya gibi Akdeniz\u2019in ortas\u0131nda var olan ve yine limanlar\u0131yla bilinen bir \u00fclkenin de ticaret alan\u0131nda d\u0131\u015f yat\u0131r\u0131mc\u0131lara te\u015fvikler ve vergi imtiyazlar\u0131 bulunmaktad\u0131r. Pazar\u0131 bilmek, pazar konusunda ara\u015ft\u0131rma yapmak, bu konuda iyi dan\u0131\u015fmanl\u0131k \u015firketlerinden dan\u0131\u015fmanl\u0131k almak \u00f6nemlidir. Biz bu konuda \u00e7al\u0131\u015fmalar yap\u0131yoruz, Almanya ve Avrupa pazar\u0131na girmek isteyen \u015firketlere ihracat dan\u0131\u015fmanl\u0131\u011f\u0131, orada kurulacak ili\u015fkilerde bir araya gelinmesi ve farkl\u0131 pazarlarda i\u015f yapmak gibi konularda dan\u0131\u015fmanl\u0131k hizmeti de veriyoruz.\\n\\n<strong>En \u00e7ok hangi sekt\u00f6rlerden Kobiler hangi \u00fclkede hangi f\u0131rsatlar\u0131 ara\u015ft\u0131rmal\u0131?<\/strong>\\n\\nKOB\u0130\u2019ler \u00f6ncelikle ba\u011fl\u0131 bulunduklar\u0131 odalar\u0131n dernekleri, uluslararas\u0131 \u00f6rg\u00fctleri de\u011ferlendirmeli ve buna g\u00f6re girecekleri sekt\u00f6rlerin m\u00fc\u015fteri profilini tan\u0131mal\u0131lard\u0131r. Duygusal zeka tan\u0131m\u0131na \u00f6nem vererek hedef kitlesi B2B ya da B2C fark etmeksizin kar\u015f\u0131y\u0131 anlayabilmeli ve yetkin empati g\u00fcc\u00fcyle hizmet vermelidir. Bunun d\u0131\u015f\u0131nda en b\u00fcy\u00fck ihracat orta\u011f\u0131m\u0131z olan Almanya KOB\u0130\u2019ler i\u00e7in de\u011ferlendirmeye en a\u00e7\u0131k noktalardan birisidir. Almanya pazar\u0131 b\u00fcy\u00fck bir pazar dolay\u0131s\u0131yla her t\u00fcrl\u00fc sekt\u00f6rde i\u015f yapmak m\u00fcmk\u00fcnd\u00fcr. Sekt\u00f6r bazl\u0131 olarak Almanya\u2019n\u0131n bu kadar geni\u015f ve ticari hacmi b\u00fcy\u00fck sekt\u00f6rlere sahip olmas\u0131 KOB\u0130\u2019ler i\u00e7in daha geni\u015f spektrumlu bir hareket imk\u00e2n\u0131 yaratmaktad\u0131r. D\u00fczenli olarak h\u0131zla geli\u015fen ve Covid-19 sonras\u0131nda da b\u00fcy\u00fck \u00f6nemi artan teknoloji kullan\u0131m\u0131n\u0131n etkisiyle dijitalle\u015fme konusunda yaz\u0131l\u0131m firmalar\u0131na b\u00fcy\u00fck f\u0131rsatlar do\u011fmaktad\u0131r. Bir di\u011fer y\u0131ld\u0131z\u0131 parlayan sekt\u00f6r ise enerji kaynaklar\u0131n\u0131n ve ticarette at\u0131lan karbon ad\u0131mlar\u0131n\u0131n da etkisiyle yenilenebilir enerji kaynaklar\u0131 son derece \u00f6nemli olmaktad\u0131r. Bu enerji kaynaklar\u0131n\u0131n mekanik kurulum, bak\u0131m ve teknolojik geli\u015fmeler \u0131\u015f\u0131\u011f\u0131nda yenilenmesiyle aktif bir sekt\u00f6r olabilece\u011fini s\u00f6yleyebiliriz. Bunun d\u0131\u015f\u0131nda in\u015faatla sekt\u00f6r\u00fcyle ilgili Almanya\u2019da ve bir\u00e7ok Avrupa \u00fclkesinde f\u0131rsatlar do\u011fmaktad\u0131r. Bir di\u011fer f\u0131rsat alan\u0131 ise mikro ihracat ve e-ihracatt\u0131r. Bu alanlarda mevcut hedef \u00fclkelerin ba\u011fl\u0131 platformlar\u0131na \u00fcye olarak, uluslararas\u0131 seminer, toplant\u0131 ve etkinliklerde sat\u0131c\u0131 olarak yer al\u0131nmas\u0131 KOB\u0130\u2019ler i\u00e7in \u00f6nemlidir. Ancak bu alanlarda yap\u0131lan \u00e7al\u0131\u015fmalarda her zaman risk bar\u0131nd\u0131r\u0131r ve pazar ara\u015ft\u0131rmas\u0131 yap\u0131lmas\u0131 gerekir. Bu alanda uzman dan\u0131\u015fmanl\u0131k firmalar\u0131ndan destek almak ve bu \u015fekilde \u00e7al\u0131\u015fmak en g\u00fcvenli yoldur. Gerekli konularda dan\u0131\u015fmanl\u0131k hizmetlerini de sa\u011flamaktay\u0131z.&#8221;}]},{&#8220;component&#8221;:&#8221;hc_column&#8221;,&#8221;id&#8221;:&#8221;column_7aIP1&#8243;,&#8221;column_width&#8221;:&#8221;col-md-12&#8243;,&#8221;animation&#8221;:&#8221;&#8221;,&#8221;animation_time&#8221;:&#8221;&#8221;,&#8221;timeline_animation&#8221;:&#8221;&#8221;,&#8221;timeline_delay&#8221;:&#8221;&#8221;,&#8221;timeline_order&#8221;:&#8221;&#8221;,&#8221;css_classes&#8221;:&#8221;&#8221;,&#8221;custom_css_classes&#8221;:&#8221;socialbox&#8221;,&#8221;custom_css_styles&#8221;:&#8221;&#8221;,&#8221;main_content&#8221;:[{&#8220;component&#8221;:&#8221;hc_space&#8221;,&#8221;id&#8221;:&#8221;Hdg76&#8243;,&#8221;css_classes&#8221;:&#8221;&#8221;,&#8221;custom_css_classes&#8221;:&#8221;&#8221;,&#8221;custom_css_styles&#8221;:&#8221;&#8221;,&#8221;size&#8221;:&#8221;space-sm&#8221;,&#8221;height&#8221;:&#8221;&#8221;},{&#8220;component&#8221;:&#8221;hc_text_block&#8221;,&#8221;id&#8221;:&#8221;zmr0F&#8221;,&#8221;css_classes&#8221;:&#8221;&#8221;,&#8221;custom_css_classes&#8221;:&#8221;&#8221;,&#8221;custom_css_styles&#8221;:&#8221;&#8221;,&#8221;content&#8221;:&#8221;Payla\u015f:&#8221;},{&#8220;component&#8221;:&#8221;hc_social_share_buttons&#8221;,&#8221;id&#8221;:&#8221;P7L30&#8243;,&#8221;css_classes&#8221;:&#8221;&#8221;,&#8221;custom_css_classes&#8221;:&#8221;&#8221;,&#8221;custom_css_styles&#8221;:&#8221;&#8221;,&#8221;style&#8221;:&#8221;icon-links-button&#8221;,&#8221;size&#8221;:&#8221;&#8221;,&#8221;alignment&#8221;:&#8221;&#8221;,&#8221;type&#8221;:&#8221;&#8221;,&#8221;social_colors&#8221;:true,&#8221;fb&#8221;:true,&#8221;fb_link&#8221;:&#8221;&#8221;,&#8221;tw&#8221;:true,&#8221;tw_link&#8221;:&#8221;&#8221;,&#8221;pi&#8221;:true,&#8221;pi_link&#8221;:&#8221;&#8221;,&#8221;li&#8221;:true,&#8221;li_link&#8221;:&#8221;&#8221;}]}],&#8221;section_settings&#8221;:&#8221;&#8221;},&#8221;section_dDpN7&#8243;:{&#8220;component&#8221;:&#8221;hc_section&#8221;,&#8221;id&#8221;:&#8221;section_dDpN7&#8243;,&#8221;section_width&#8221;:&#8221;&#8221;,&#8221;animation&#8221;:&#8221;&#8221;,&#8221;animation_time&#8221;:&#8221;&#8221;,&#8221;timeline_animation&#8221;:&#8221;&#8221;,&#8221;timeline_delay&#8221;:&#8221;&#8221;,&#8221;timeline_order&#8221;:&#8221;&#8221;,&#8221;vertical_row&#8221;:&#8221;&#8221;,&#8221;css_classes&#8221;:&#8221;section-color &#8220;,&#8221;custom_css_classes&#8221;:&#8221;&#8221;,&#8221;custom_css_styles&#8221;:&#8221;&#8221;,&#8221;section_content&#8221;:[{&#8220;component&#8221;:&#8221;hc_column&#8221;,&#8221;id&#8221;:&#8221;XLZ44&#8243;,&#8221;column_width&#8221;:&#8221;col-md-12&#8243;,&#8221;animation&#8221;:&#8221;&#8221;,&#8221;animation_time&#8221;:&#8221;&#8221;,&#8221;timeline_animation&#8221;:&#8221;&#8221;,&#8221;timeline_delay&#8221;:&#8221;&#8221;,&#8221;timeline_order&#8221;:&#8221;&#8221;,&#8221;css_classes&#8221;:&#8221;&#8221;,&#8221;custom_css_classes&#8221;:&#8221;&#8221;,&#8221;custom_css_styles&#8221;:&#8221;&#8221;,&#8221;main_content&#8221;:[{&#8220;component&#8221;:&#8221;hc_title_tag&#8221;,&#8221;id&#8221;:&#8221;4AoyD&#8221;,&#8221;css_classes&#8221;:&#8221;&#8221;,&#8221;custom_css_classes&#8221;:&#8221;&#8221;,&#8221;custom_css_styles&#8221;:&#8221;&#8221;,&#8221;text&#8221;:&#8221;Son Yaz\u0131lar&#8221;,&#8221;tag&#8221;:&#8221;h2&#8243;},{&#8220;component&#8221;:&#8221;hc_space&#8221;,&#8221;id&#8221;:&#8221;TsAHd&#8221;,&#8221;css_classes&#8221;:&#8221;&#8221;,&#8221;custom_css_classes&#8221;:&#8221;&#8221;,&#8221;custom_css_styles&#8221;:&#8221;&#8221;,&#8221;size&#8221;:&#8221;space&#8221;,&#8221;height&#8221;:&#8221;&#8221;},{&#8220;component&#8221;:&#8221;hc_pt_grid_list&#8221;,&#8221;id&#8221;:&#8221;J9IEW&#8221;,&#8221;css_classes&#8221;:&#8221;&#8221;,&#8221;custom_css_classes&#8221;:&#8221;&#8221;,&#8221;custom_css_styles&#8221;:&#8221;&#8221;,&#8221;post_type_slug&#8221;:&#8221;post&#8221;,&#8221;post_type_category&#8221;:&#8221;yazilar&#8221;,&#8221;column&#8221;:&#8221;2&#8243;,&#8221;column_lg&#8221;:&#8221;2&#8243;,&#8221;column_md&#8221;:&#8221;2&#8243;,&#8221;column_sm&#8221;:&#8221;1&#8243;,&#8221;column_xs&#8221;:&#8221;1&#8243;,&#8221;margins&#8221;:&#8221;&#8221;,&#8221;pag_type&#8221;:&#8221;load_more&#8221;,&#8221;pag_items&#8221;:&#8221;2&#8243;,&#8221;pag_size&#8221;:&#8221;&#8221;,&#8221;pag_animation&#8221;:&#8221;fade-top&#8221;,&#8221;pag_scroll_top&#8221;:false,&#8221;pag_position&#8221;:&#8221;align-center&#8221;,&#8221;pag_button_prev&#8221;:&#8221;&#8221;,&#8221;pag_button_next&#8221;:&#8221;&#8221;,&#8221;lm_lazy&#8221;:false,&#8221;lm_button_text&#8221;:&#8221;Daha Fazla&#8221;,&#8221;box&#8221;:&#8221;blog_top&#8221;,&#8221;boxed&#8221;:true,&#8221;extra&#8221;:false,&#8221;content&#8221;:&#8221;&#8221;,&#8221;title_length&#8221;:&#8221;36&#8243;,&#8221;excerpt_length&#8221;:&#8221;75&#8243;,&#8221;title_size&#8221;:&#8221;text-md&#8221;,&#8221;custom_css&#8221;:&#8221;&#8221;,&#8221;button_text&#8221;:&#8221;&#8221;,&#8221;button_style&#8221;:&#8221;square&#8221;,&#8221;button_dimensions&#8221;:&#8221;btn-lg&#8221;,&#8221;button_animation&#8221;:false,&#8221;button_icon&#8221;:&#8221;&#8221;}]}],&#8221;section_settings&#8221;:&#8221;&#8221;},&#8221;scripts&#8221;:{&#8220;lightbox&#8221;:&#8221;magnific-popup.min.js&#8221;,&#8221;pagination&#8221;:&#8221;pagination.min.js&#8221;},&#8221;css&#8221;:{&#8220;lightbox&#8221;:&#8221;css\/magnific-popup.css&#8221;,&#8221;content_box&#8221;:&#8221;css\/content-box.css&#8221;,&#8221;media_box&#8221;:&#8221;css\/media-box.css&#8221;},&#8221;css_page&#8221;:&#8221;&#8221;,&#8221;template_setting&#8221;:{},&#8221;template_setting_top&#8221;:{},&#8221;page_setting&#8221;:{&#8220;settings&#8221;:[&#8220;lock-mode-off&#8221;]},&#8221;post_type_setting&#8221;:{&#8220;settings&#8221;:{&#8220;image&#8221;:&#8221;https:\/\/www.cigdemguven.com\/medias\/2022\/12\/cigdem-guven-dis-ticareti-cover-1024&#215;714.jpg|753|1080|2783&#8243;,&#8221;excerpt&#8221;:&#8221;Yeterli sermaye ve tecr\u00fcbe ile T\u00fcrk \u015firketlerinin b\u00f6lgesel ihtiya\u00e7 ve piyasa ko\u015fullar\u0131n\u0131 analiz etmesiyle k\u00fcreselle\u015fmesi art\u0131k \u00e7ok kolay bir durumdad\u0131r. Hedef olan pazar\u0131 iyi bir \u015fekilde ara\u015ft\u0131rmak, t\u00fcketici tercihlerini bilmek ve gerekli empatiyi yapmak ba\u015far\u0131 i\u00e7in \u00e7ok \u00f6nemli bir kriterdir. Devletlerin verdi\u011fi te\u015fvikler ve vergi imtiyazlar\u0131 da bu s\u00fcre\u00e7te b\u00fcy\u00fck etken olarak bilinmektedir. &#8220;,&#8221;extra_1&#8243;:&#8221;Yaz\u0131&#8221;,&#8221;extra_2&#8243;:&#8221;&#8221;,&#8221;icon&#8221;:{&#8220;icon&#8221;:&#8221;&#8221;,&#8221;icon_style&#8221;:&#8221;&#8221;,&#8221;icon_image&#8221;:&#8221;&#8221;}}}}<\/p>\n","protected":false},"excerpt":{"rendered":"<p>Yeterli sermaye ve tecr\u00fcbe ile T\u00fcrk \u015firketlerinin b\u00f6lgesel ihtiya\u00e7 ve piyasa ko\u015fullar\u0131n\u0131 analiz etmesiyle k\u00fcreselle\u015fmesi art\u0131k \u00e7ok kolay bir durumdad\u0131r. Hedef olan pazar\u0131 iyi bir \u015fekilde ara\u015ft\u0131rmak, t\u00fcketici tercihlerini bilmek ve gerekli empatiyi yapmak ba\u015far\u0131 i\u00e7in \u00e7ok \u00f6nemli bir kriterdir. Devletlerin verdi\u011fi te\u015fvikler ve vergi imtiyazlar\u0131 da bu s\u00fcre\u00e7te b\u00fcy\u00fck etken olarak bilinmektedir. <\/p>\n","protected":false},"author":1,"featured_media":2783,"comment_status":"closed","ping_status":"open","sticky":false,"template":"","format":"standard","meta":{"footnotes":""},"categories":[12,19],"tags":[],"class_list":["post-2944","post","type-post","status-publish","format-standard","has-post-thumbnail","hentry","category-genel","category-yazilar"],"yoast_head":"\n<title>Almanya ile d\u0131\u015f ticaret f\u0131rsatlar\u0131 neler ve T\u00fcrk \u015firketleri i\u00e7in hangi Avrupa \u00fclkeleri ile i\u015fbirli\u011fi f\u0131rsatlar\u0131 var? | \u00c7i\u011fdem G\u00fcven Management Consulting &amp; Coaching &amp; Mentoring Services<\/title>\n<meta name=\"robots\" content=\"index, follow, max-snippet:-1, max-image-preview:large, max-video-preview:-1\" \/>\n<link rel=\"canonical\" href=\"https:\/\/www.cigdemguven.com\/tr\/yazilar\/almanya-ile-dis-ticaret-firsatlari-neler-ve-turk-sirketleri-icin-hangi-avrupa-ulkeleri-ile-isbirligi-firsatlari-var\/\" \/>\n<meta property=\"og:locale\" content=\"tr_TR\" \/>\n<meta property=\"og:type\" content=\"article\" \/>\n<meta property=\"og:title\" content=\"Almanya ile d\u0131\u015f ticaret f\u0131rsatlar\u0131 neler ve T\u00fcrk \u015firketleri i\u00e7in hangi Avrupa \u00fclkeleri ile i\u015fbirli\u011fi f\u0131rsatlar\u0131 var? | \u00c7i\u011fdem G\u00fcven Management Consulting &amp; Coaching &amp; Mentoring Services\" \/>\n<meta property=\"og:description\" content=\"Yeterli sermaye ve tecr\u00fcbe ile T\u00fcrk \u015firketlerinin b\u00f6lgesel ihtiya\u00e7 ve piyasa ko\u015fullar\u0131n\u0131 analiz etmesiyle k\u00fcreselle\u015fmesi art\u0131k \u00e7ok kolay bir durumdad\u0131r. Hedef olan pazar\u0131 iyi bir \u015fekilde ara\u015ft\u0131rmak, t\u00fcketici tercihlerini bilmek ve gerekli empatiyi yapmak ba\u015far\u0131 i\u00e7in \u00e7ok \u00f6nemli bir kriterdir. Devletlerin verdi\u011fi te\u015fvikler ve vergi imtiyazlar\u0131 da bu s\u00fcre\u00e7te b\u00fcy\u00fck etken olarak bilinmektedir.\" \/>\n<meta property=\"og:url\" content=\"https:\/\/www.cigdemguven.com\/tr\/yazilar\/almanya-ile-dis-ticaret-firsatlari-neler-ve-turk-sirketleri-icin-hangi-avrupa-ulkeleri-ile-isbirligi-firsatlari-var\/\" \/>\n<meta property=\"og:site_name\" content=\"\u00c7i\u011fdem G\u00fcven Management Consulting &amp; Coaching &amp; Mentoring Services\" \/>\n<meta property=\"article:publisher\" content=\"https:\/\/www.facebook.com\/cigdemguvendanisman\" \/>\n<meta property=\"article:published_time\" content=\"2023-02-05T14:43:00+00:00\" \/>\n<meta property=\"article:modified_time\" content=\"2023-04-28T01:22:46+00:00\" \/>\n<meta property=\"og:image\" content=\"https:\/\/www.cigdemguven.com\/medias\/2022\/12\/cigdem-guven-dis-ticareti-cover.jpg\" \/>\n\t<meta property=\"og:image:width\" content=\"1080\" \/>\n\t<meta property=\"og:image:height\" content=\"753\" \/>\n\t<meta property=\"og:image:type\" content=\"image\/jpeg\" \/>\n<meta name=\"author\" content=\"\u00c7i\u011fdem G\u00fcven\" \/>\n<meta name=\"twitter:card\" content=\"summary_large_image\" \/>\n<meta name=\"twitter:creator\" content=\"@cigdemguvencom\" \/>\n<meta name=\"twitter:site\" content=\"@cigdemguvencom\" \/>\n<meta name=\"twitter:label1\" content=\"Yazan:\" \/>\n\t<meta name=\"twitter:data1\" content=\"\u00c7i\u011fdem G\u00fcven\" \/>\n\t<meta name=\"twitter:label2\" content=\"Tahmini okuma s\u00fcresi\" \/>\n\t<meta name=\"twitter:data2\" content=\"8 dakika\" \/>\n<script type=\"application\/ld+json\" class=\"yoast-schema-graph\">{\"@context\":\"https:\/\/schema.org\",\"@graph\":[{\"@type\":\"Article\",\"@id\":\"https:\/\/www.cigdemguven.com\/tr\/yazilar\/almanya-ile-dis-ticaret-firsatlari-neler-ve-turk-sirketleri-icin-hangi-avrupa-ulkeleri-ile-isbirligi-firsatlari-var\/#article\",\"isPartOf\":{\"@id\":\"https:\/\/www.cigdemguven.com\/tr\/yazilar\/almanya-ile-dis-ticaret-firsatlari-neler-ve-turk-sirketleri-icin-hangi-avrupa-ulkeleri-ile-isbirligi-firsatlari-var\/\"},\"author\":{\"name\":\"\u00c7i\u011fdem G\u00fcven\",\"@id\":\"https:\/\/www.cigdemguven.com\/tr\/#\/schema\/person\/abd506d3b37ae4dd04e7393ca6ac5921\"},\"headline\":\"Almanya ile d\u0131\u015f ticaret f\u0131rsatlar\u0131 neler ve T\u00fcrk \u015firketleri i\u00e7in hangi Avrupa \u00fclkeleri ile i\u015fbirli\u011fi f\u0131rsatlar\u0131 var?\",\"datePublished\":\"2023-02-05T14:43:00+00:00\",\"dateModified\":\"2023-04-28T01:22:46+00:00\",\"mainEntityOfPage\":{\"@id\":\"https:\/\/www.cigdemguven.com\/tr\/yazilar\/almanya-ile-dis-ticaret-firsatlari-neler-ve-turk-sirketleri-icin-hangi-avrupa-ulkeleri-ile-isbirligi-firsatlari-var\/\"},\"wordCount\":1600,\"publisher\":{\"@id\":\"https:\/\/www.cigdemguven.com\/tr\/#organization\"},\"articleSection\":{\"1\":\"Yaz\u0131lar\"},\"inLanguage\":\"tr\"},{\"@type\":\"WebPage\",\"@id\":\"https:\/\/www.cigdemguven.com\/tr\/yazilar\/almanya-ile-dis-ticaret-firsatlari-neler-ve-turk-sirketleri-icin-hangi-avrupa-ulkeleri-ile-isbirligi-firsatlari-var\/\",\"url\":\"https:\/\/www.cigdemguven.com\/tr\/yazilar\/almanya-ile-dis-ticaret-firsatlari-neler-ve-turk-sirketleri-icin-hangi-avrupa-ulkeleri-ile-isbirligi-firsatlari-var\/\",\"name\":\"Almanya ile d\u0131\u015f ticaret f\u0131rsatlar\u0131 neler ve T\u00fcrk \u015firketleri i\u00e7in hangi Avrupa \u00fclkeleri ile i\u015fbirli\u011fi f\u0131rsatlar\u0131 var? | \u00c7i\u011fdem G\u00fcven Management Consulting &amp; Coaching &amp; Mentoring Services\",\"isPartOf\":{\"@id\":\"https:\/\/www.cigdemguven.com\/tr\/#website\"},\"datePublished\":\"2023-02-05T14:43:00+00:00\",\"dateModified\":\"2023-04-28T01:22:46+00:00\",\"breadcrumb\":{\"@id\":\"https:\/\/www.cigdemguven.com\/tr\/yazilar\/almanya-ile-dis-ticaret-firsatlari-neler-ve-turk-sirketleri-icin-hangi-avrupa-ulkeleri-ile-isbirligi-firsatlari-var\/#breadcrumb\"},\"inLanguage\":\"tr\",\"potentialAction\":[{\"@type\":\"ReadAction\",\"target\":[\"https:\/\/www.cigdemguven.com\/tr\/yazilar\/almanya-ile-dis-ticaret-firsatlari-neler-ve-turk-sirketleri-icin-hangi-avrupa-ulkeleri-ile-isbirligi-firsatlari-var\/\"]}]},{\"@type\":\"BreadcrumbList\",\"@id\":\"https:\/\/www.cigdemguven.com\/tr\/yazilar\/almanya-ile-dis-ticaret-firsatlari-neler-ve-turk-sirketleri-icin-hangi-avrupa-ulkeleri-ile-isbirligi-firsatlari-var\/#breadcrumb\",\"itemListElement\":[{\"@type\":\"ListItem\",\"position\":1,\"name\":\"Home\",\"item\":\"https:\/\/www.cigdemguven.com\/tr\/\"},{\"@type\":\"ListItem\",\"position\":2,\"name\":\"Almanya ile d\u0131\u015f ticaret f\u0131rsatlar\u0131 neler ve T\u00fcrk \u015firketleri i\u00e7in hangi Avrupa \u00fclkeleri ile i\u015fbirli\u011fi f\u0131rsatlar\u0131 var?\"}]},{\"@type\":\"WebSite\",\"@id\":\"https:\/\/www.cigdemguven.com\/tr\/#website\",\"url\":\"https:\/\/www.cigdemguven.com\/tr\/\",\"name\":\"\u00c7i\u011fdem G\u00fcven Management Consulting &amp; Coaching &amp; Mentoring Services\",\"description\":\"Management Consulting &amp; Coaching &amp; Mentoring Services\",\"publisher\":{\"@id\":\"https:\/\/www.cigdemguven.com\/tr\/#organization\"},\"potentialAction\":[{\"@type\":\"SearchAction\",\"target\":{\"@type\":\"EntryPoint\",\"urlTemplate\":\"https:\/\/www.cigdemguven.com\/tr\/?s={search_term_string}\"},\"query-input\":\"required name=search_term_string\"}],\"inLanguage\":\"tr\"},{\"@type\":\"Organization\",\"@id\":\"https:\/\/www.cigdemguven.com\/tr\/#organization\",\"name\":\"\u00c7i\u011fdem G\u00fcven Management Consulting & Coaching & Mentoring Services\",\"url\":\"https:\/\/www.cigdemguven.com\/tr\/\",\"logo\":{\"@type\":\"ImageObject\",\"inLanguage\":\"tr\",\"@id\":\"https:\/\/www.cigdemguven.com\/tr\/#\/schema\/logo\/image\/\",\"url\":\"https:\/\/www.cigdemguven.com\/medias\/2021\/12\/cigdem-guven-logo.svg\",\"contentUrl\":\"https:\/\/www.cigdemguven.com\/medias\/2021\/12\/cigdem-guven-logo.svg\",\"width\":1,\"height\":1,\"caption\":\"\u00c7i\u011fdem G\u00fcven Management Consulting & Coaching & Mentoring Services\"},\"image\":{\"@id\":\"https:\/\/www.cigdemguven.com\/tr\/#\/schema\/logo\/image\/\"},\"sameAs\":[\"https:\/\/www.facebook.com\/cigdemguvendanisman\",\"https:\/\/twitter.com\/cigdemguvencom\",\"https:\/\/www.instagram.com\/cigdemguvendanismanlik\/\",\"https:\/\/www.linkedin.com\/in\/cigdemguvendanismanlik\/\"]},{\"@type\":\"Person\",\"@id\":\"https:\/\/www.cigdemguven.com\/tr\/#\/schema\/person\/abd506d3b37ae4dd04e7393ca6ac5921\",\"name\":\"\u00c7i\u011fdem G\u00fcven\",\"sameAs\":[\"https:\/\/www.cigdemguven.com\"],\"url\":\"https:\/\/www.cigdemguven.com\/tr\/author\/cigdemguven\/\"}]}<\/script>\n","yoast_head_json":{"title":"Almanya ile d\u0131\u015f ticaret f\u0131rsatlar\u0131 neler ve T\u00fcrk \u015firketleri i\u00e7in hangi Avrupa \u00fclkeleri ile i\u015fbirli\u011fi f\u0131rsatlar\u0131 var? | \u00c7i\u011fdem G\u00fcven Management Consulting &amp; Coaching &amp; Mentoring Services","robots":{"index":"index","follow":"follow","max-snippet":"max-snippet:-1","max-image-preview":"max-image-preview:large","max-video-preview":"max-video-preview:-1"},"canonical":"https:\/\/www.cigdemguven.com\/tr\/yazilar\/almanya-ile-dis-ticaret-firsatlari-neler-ve-turk-sirketleri-icin-hangi-avrupa-ulkeleri-ile-isbirligi-firsatlari-var\/","og_locale":"tr_TR","og_type":"article","og_title":"Almanya ile d\u0131\u015f ticaret f\u0131rsatlar\u0131 neler ve T\u00fcrk \u015firketleri i\u00e7in hangi Avrupa \u00fclkeleri ile i\u015fbirli\u011fi f\u0131rsatlar\u0131 var? | \u00c7i\u011fdem G\u00fcven Management Consulting &amp; Coaching &amp; Mentoring Services","og_description":"Yeterli sermaye ve tecr\u00fcbe ile T\u00fcrk \u015firketlerinin b\u00f6lgesel ihtiya\u00e7 ve piyasa ko\u015fullar\u0131n\u0131 analiz etmesiyle k\u00fcreselle\u015fmesi art\u0131k \u00e7ok kolay bir durumdad\u0131r. Hedef olan pazar\u0131 iyi bir \u015fekilde ara\u015ft\u0131rmak, t\u00fcketici tercihlerini bilmek ve gerekli empatiyi yapmak ba\u015far\u0131 i\u00e7in \u00e7ok \u00f6nemli bir kriterdir. Devletlerin verdi\u011fi te\u015fvikler ve vergi imtiyazlar\u0131 da bu s\u00fcre\u00e7te b\u00fcy\u00fck etken olarak bilinmektedir.","og_url":"https:\/\/www.cigdemguven.com\/tr\/yazilar\/almanya-ile-dis-ticaret-firsatlari-neler-ve-turk-sirketleri-icin-hangi-avrupa-ulkeleri-ile-isbirligi-firsatlari-var\/","og_site_name":"\u00c7i\u011fdem G\u00fcven Management Consulting &amp; Coaching &amp; Mentoring Services","article_publisher":"https:\/\/www.facebook.com\/cigdemguvendanisman","article_published_time":"2023-02-05T14:43:00+00:00","article_modified_time":"2023-04-28T01:22:46+00:00","og_image":[{"width":1080,"height":753,"url":"https:\/\/www.cigdemguven.com\/medias\/2022\/12\/cigdem-guven-dis-ticareti-cover.jpg","type":"image\/jpeg"}],"author":"\u00c7i\u011fdem G\u00fcven","twitter_card":"summary_large_image","twitter_creator":"@cigdemguvencom","twitter_site":"@cigdemguvencom","twitter_misc":{"Yazan:":"\u00c7i\u011fdem G\u00fcven","Tahmini okuma s\u00fcresi":"8 dakika"},"schema":{"@context":"https:\/\/schema.org","@graph":[{"@type":"Article","@id":"https:\/\/www.cigdemguven.com\/tr\/yazilar\/almanya-ile-dis-ticaret-firsatlari-neler-ve-turk-sirketleri-icin-hangi-avrupa-ulkeleri-ile-isbirligi-firsatlari-var\/#article","isPartOf":{"@id":"https:\/\/www.cigdemguven.com\/tr\/yazilar\/almanya-ile-dis-ticaret-firsatlari-neler-ve-turk-sirketleri-icin-hangi-avrupa-ulkeleri-ile-isbirligi-firsatlari-var\/"},"author":{"name":"\u00c7i\u011fdem G\u00fcven","@id":"https:\/\/www.cigdemguven.com\/tr\/#\/schema\/person\/abd506d3b37ae4dd04e7393ca6ac5921"},"headline":"Almanya ile d\u0131\u015f ticaret f\u0131rsatlar\u0131 neler ve T\u00fcrk \u015firketleri i\u00e7in hangi Avrupa \u00fclkeleri ile i\u015fbirli\u011fi f\u0131rsatlar\u0131 var?","datePublished":"2023-02-05T14:43:00+00:00","dateModified":"2023-04-28T01:22:46+00:00","mainEntityOfPage":{"@id":"https:\/\/www.cigdemguven.com\/tr\/yazilar\/almanya-ile-dis-ticaret-firsatlari-neler-ve-turk-sirketleri-icin-hangi-avrupa-ulkeleri-ile-isbirligi-firsatlari-var\/"},"wordCount":1600,"publisher":{"@id":"https:\/\/www.cigdemguven.com\/tr\/#organization"},"articleSection":{"1":"Yaz\u0131lar"},"inLanguage":"tr"},{"@type":"WebPage","@id":"https:\/\/www.cigdemguven.com\/tr\/yazilar\/almanya-ile-dis-ticaret-firsatlari-neler-ve-turk-sirketleri-icin-hangi-avrupa-ulkeleri-ile-isbirligi-firsatlari-var\/","url":"https:\/\/www.cigdemguven.com\/tr\/yazilar\/almanya-ile-dis-ticaret-firsatlari-neler-ve-turk-sirketleri-icin-hangi-avrupa-ulkeleri-ile-isbirligi-firsatlari-var\/","name":"Almanya ile d\u0131\u015f ticaret f\u0131rsatlar\u0131 neler ve T\u00fcrk \u015firketleri i\u00e7in hangi Avrupa \u00fclkeleri ile i\u015fbirli\u011fi f\u0131rsatlar\u0131 var? | \u00c7i\u011fdem G\u00fcven Management Consulting &amp; Coaching &amp; Mentoring Services","isPartOf":{"@id":"https:\/\/www.cigdemguven.com\/tr\/#website"},"datePublished":"2023-02-05T14:43:00+00:00","dateModified":"2023-04-28T01:22:46+00:00","breadcrumb":{"@id":"https:\/\/www.cigdemguven.com\/tr\/yazilar\/almanya-ile-dis-ticaret-firsatlari-neler-ve-turk-sirketleri-icin-hangi-avrupa-ulkeleri-ile-isbirligi-firsatlari-var\/#breadcrumb"},"inLanguage":"tr","potentialAction":[{"@type":"ReadAction","target":["https:\/\/www.cigdemguven.com\/tr\/yazilar\/almanya-ile-dis-ticaret-firsatlari-neler-ve-turk-sirketleri-icin-hangi-avrupa-ulkeleri-ile-isbirligi-firsatlari-var\/"]}]},{"@type":"BreadcrumbList","@id":"https:\/\/www.cigdemguven.com\/tr\/yazilar\/almanya-ile-dis-ticaret-firsatlari-neler-ve-turk-sirketleri-icin-hangi-avrupa-ulkeleri-ile-isbirligi-firsatlari-var\/#breadcrumb","itemListElement":[{"@type":"ListItem","position":1,"name":"Home","item":"https:\/\/www.cigdemguven.com\/tr\/"},{"@type":"ListItem","position":2,"name":"Almanya ile d\u0131\u015f ticaret f\u0131rsatlar\u0131 neler ve T\u00fcrk \u015firketleri i\u00e7in hangi Avrupa \u00fclkeleri ile i\u015fbirli\u011fi f\u0131rsatlar\u0131 var?"}]},{"@type":"WebSite","@id":"https:\/\/www.cigdemguven.com\/tr\/#website","url":"https:\/\/www.cigdemguven.com\/tr\/","name":"\u00c7i\u011fdem G\u00fcven Management Consulting &amp; Coaching &amp; Mentoring Services","description":"Management Consulting &amp; Coaching &amp; Mentoring Services","publisher":{"@id":"https:\/\/www.cigdemguven.com\/tr\/#organization"},"potentialAction":[{"@type":"SearchAction","target":{"@type":"EntryPoint","urlTemplate":"https:\/\/www.cigdemguven.com\/tr\/?s={search_term_string}"},"query-input":"required name=search_term_string"}],"inLanguage":"tr"},{"@type":"Organization","@id":"https:\/\/www.cigdemguven.com\/tr\/#organization","name":"\u00c7i\u011fdem G\u00fcven Management Consulting & Coaching & Mentoring Services","url":"https:\/\/www.cigdemguven.com\/tr\/","logo":{"@type":"ImageObject","inLanguage":"tr","@id":"https:\/\/www.cigdemguven.com\/tr\/#\/schema\/logo\/image\/","url":"https:\/\/www.cigdemguven.com\/medias\/2021\/12\/cigdem-guven-logo.svg","contentUrl":"https:\/\/www.cigdemguven.com\/medias\/2021\/12\/cigdem-guven-logo.svg","width":1,"height":1,"caption":"\u00c7i\u011fdem G\u00fcven Management Consulting & Coaching & Mentoring Services"},"image":{"@id":"https:\/\/www.cigdemguven.com\/tr\/#\/schema\/logo\/image\/"},"sameAs":["https:\/\/www.facebook.com\/cigdemguvendanisman","https:\/\/twitter.com\/cigdemguvencom","https:\/\/www.instagram.com\/cigdemguvendanismanlik\/","https:\/\/www.linkedin.com\/in\/cigdemguvendanismanlik\/"]},{"@type":"Person","@id":"https:\/\/www.cigdemguven.com\/tr\/#\/schema\/person\/abd506d3b37ae4dd04e7393ca6ac5921","name":"\u00c7i\u011fdem G\u00fcven","sameAs":["https:\/\/www.cigdemguven.com"],"url":"https:\/\/www.cigdemguven.com\/tr\/author\/cigdemguven\/"}]}},"_links":{"self":[{"href":"https:\/\/www.cigdemguven.com\/tr\/wp-json\/wp\/v2\/posts\/2944","targetHints":{"allow":["GET"]}}],"collection":[{"href":"https:\/\/www.cigdemguven.com\/tr\/wp-json\/wp\/v2\/posts"}],"about":[{"href":"https:\/\/www.cigdemguven.com\/tr\/wp-json\/wp\/v2\/types\/post"}],"author":[{"embeddable":true,"href":"https:\/\/www.cigdemguven.com\/tr\/wp-json\/wp\/v2\/users\/1"}],"replies":[{"embeddable":true,"href":"https:\/\/www.cigdemguven.com\/tr\/wp-json\/wp\/v2\/comments?post=2944"}],"version-history":[{"count":3,"href":"https:\/\/www.cigdemguven.com\/tr\/wp-json\/wp\/v2\/posts\/2944\/revisions"}],"predecessor-version":[{"id":3162,"href":"https:\/\/www.cigdemguven.com\/tr\/wp-json\/wp\/v2\/posts\/2944\/revisions\/3162"}],"wp:featuredmedia":[{"embeddable":true,"href":"https:\/\/www.cigdemguven.com\/tr\/wp-json\/wp\/v2\/media\/2783"}],"wp:attachment":[{"href":"https:\/\/www.cigdemguven.com\/tr\/wp-json\/wp\/v2\/media?parent=2944"}],"wp:term":[{"taxonomy":"category","embeddable":true,"href":"https:\/\/www.cigdemguven.com\/tr\/wp-json\/wp\/v2\/categories?post=2944"},{"taxonomy":"post_tag","embeddable":true,"href":"https:\/\/www.cigdemguven.com\/tr\/wp-json\/wp\/v2\/tags?post=2944"}],"curies":[{"name":"wp","href":"https:\/\/api.w.org\/{rel}","templated":true}]}}