{"id":2819,"date":"2022-12-26T16:54:37","date_gmt":"2022-12-26T13:54:37","guid":{"rendered":"https:\/\/www.cigdemguven.com\/?p=2819"},"modified":"2023-04-28T04:23:58","modified_gmt":"2023-04-28T01:23:58","slug":"almanyadaki-sektorel-bilgiler","status":"publish","type":"post","link":"https:\/\/www.cigdemguven.com\/tr\/genel\/almanyadaki-sektorel-bilgiler\/","title":{"rendered":"Almanya\u2019daki Sekt\u00f6rel Bilgiler"},"content":{"rendered":"<p>{&#8220;main-title&#8221;:{&#8220;component&#8221;:&#8221;hc_title&#8221;,&#8221;id&#8221;:&#8221;main-title&#8221;,&#8221;title&#8221;:&#8221;&#8221;,&#8221;subtitle&#8221;:&#8221;&#8221;,&#8221;title_content&#8221;:{&#8220;component&#8221;:&#8221;hc_title_empty&#8221;,&#8221;id&#8221;:&#8221;title-empty&#8221;}},&#8221;section_QvNqz&#8221;:{&#8220;component&#8221;:&#8221;hc_section&#8221;,&#8221;id&#8221;:&#8221;section_QvNqz&#8221;,&#8221;section_width&#8221;:&#8221;&#8221;,&#8221;animation&#8221;:&#8221;&#8221;,&#8221;animation_time&#8221;:&#8221;&#8221;,&#8221;timeline_animation&#8221;:&#8221;&#8221;,&#8221;timeline_delay&#8221;:&#8221;&#8221;,&#8221;timeline_order&#8221;:&#8221;&#8221;,&#8221;vertical_row&#8221;:&#8221;&#8221;,&#8221;css_classes&#8221;:&#8221;section-color no-padding-bottom no-padding-top &#8220;,&#8221;custom_css_classes&#8221;:&#8221;containerblog&#8221;,&#8221;custom_css_styles&#8221;:&#8221;&#8221;,&#8221;section_content&#8221;:[{&#8220;component&#8221;:&#8221;hc_column&#8221;,&#8221;id&#8221;:&#8221;P1FCZ&#8221;,&#8221;column_width&#8221;:&#8221;col-md-12&#8243;,&#8221;animation&#8221;:&#8221;&#8221;,&#8221;animation_time&#8221;:&#8221;&#8221;,&#8221;timeline_animation&#8221;:&#8221;&#8221;,&#8221;timeline_delay&#8221;:&#8221;&#8221;,&#8221;timeline_order&#8221;:&#8221;&#8221;,&#8221;css_classes&#8221;:&#8221;boxed-area align-items-center &#8220;,&#8221;custom_css_classes&#8221;:&#8221;&#8221;,&#8221;custom_css_styles&#8221;:&#8221;&#8221;,&#8221;main_content&#8221;:[{&#8220;component&#8221;:&#8221;hc_title_tag&#8221;,&#8221;id&#8221;:&#8221;5ZtkF&#8221;,&#8221;css_classes&#8221;:&#8221;&#8221;,&#8221;custom_css_classes&#8221;:&#8221;&#8221;,&#8221;custom_css_styles&#8221;:&#8221;&#8221;,&#8221;text&#8221;:&#8221;Almanya\u2019daki Sekt\u00f6rel Bilgiler&#8221;,&#8221;tag&#8221;:&#8221;h1&#8243;},{&#8220;component&#8221;:&#8221;hc_image_box&#8221;,&#8221;id&#8221;:&#8221;P92Nk&#8221;,&#8221;css_classes&#8221;:&#8221;&#8221;,&#8221;custom_css_classes&#8221;:&#8221;&#8221;,&#8221;custom_css_styles&#8221;:&#8221;&#8221;,&#8221;image&#8221;:&#8221;https:\/\/www.cigdemguven.com\/medias\/2022\/12\/cigdem-guven-sektorel-bilgiler-cover-1024&#215;714.jpg|753|1080|2820&#8243;,&#8221;link_type&#8221;:&#8221;lightbox&#8221;,&#8221;lightbox_animation&#8221;:&#8221;&#8221;,&#8221;caption&#8221;:&#8221;Almanya\u2019daki Sekt\u00f6rel Bilgiler&#8221;,&#8221;inner_caption&#8221;:false,&#8221;new_window&#8221;:false,&#8221;link&#8221;:&#8221;https:\/\/www.cigdemguven.com\/medias\/2022\/12\/cigdem-guven-sektorel-bilgiler-cover.jpg&#8221;,&#8221;link_content&#8221;:[],&#8221;lightbox_size&#8221;:&#8221;&#8221;,&#8221;scrollbox&#8221;:false,&#8221;icon&#8221;:&#8221;&#8221;,&#8221;image_animation&#8221;:&#8221;&#8221;,&#8221;icon_animation&#8221;:&#8221;&#8221;,&#8221;thumb_size&#8221;:&#8221;full&#8221;,&#8221;icon_hidden&#8221;:true,&#8221;caption_img_box&#8221;:&#8221;&#8221;,&#8221;alt&#8221;:&#8221;&#8221;}]}],&#8221;section_settings&#8221;:&#8221;&#8221;},&#8221;section_aSGAU&#8221;:{&#8220;component&#8221;:&#8221;hc_section&#8221;,&#8221;id&#8221;:&#8221;section_aSGAU&#8221;,&#8221;section_width&#8221;:&#8221;&#8221;,&#8221;animation&#8221;:&#8221;&#8221;,&#8221;animation_time&#8221;:&#8221;&#8221;,&#8221;timeline_animation&#8221;:&#8221;&#8221;,&#8221;timeline_delay&#8221;:&#8221;&#8221;,&#8221;timeline_order&#8221;:&#8221;&#8221;,&#8221;vertical_row&#8221;:&#8221;&#8221;,&#8221;css_classes&#8221;:&#8221;no-padding-bottom no-padding-top &#8220;,&#8221;custom_css_classes&#8221;:&#8221;blogtext&#8221;,&#8221;custom_css_styles&#8221;:&#8221;&#8221;,&#8221;section_content&#8221;:[{&#8220;component&#8221;:&#8221;hc_column&#8221;,&#8221;id&#8221;:&#8221;column_0qrhK&#8221;,&#8221;column_width&#8221;:&#8221;col-md-12&#8243;,&#8221;animation&#8221;:&#8221;&#8221;,&#8221;animation_time&#8221;:&#8221;&#8221;,&#8221;timeline_animation&#8221;:&#8221;&#8221;,&#8221;timeline_delay&#8221;:&#8221;&#8221;,&#8221;timeline_order&#8221;:&#8221;&#8221;,&#8221;css_classes&#8221;:&#8221;&#8221;,&#8221;custom_css_classes&#8221;:&#8221;&#8221;,&#8221;custom_css_styles&#8221;:&#8221;&#8221;,&#8221;main_content&#8221;:[{&#8220;component&#8221;:&#8221;hc_wp_editor&#8221;,&#8221;id&#8221;:&#8221;gE6EW&#8221;,&#8221;css_classes&#8221;:&#8221;&#8221;,&#8221;custom_css_classes&#8221;:&#8221;&#8221;,&#8221;custom_css_styles&#8221;:&#8221;&#8221;,&#8221;editor_content&#8221;:&#8221;<img class='size-full wp-image-2827 aligncenter' src='https:\/\/www.cigdemguven.com\/medias\/2022\/12\/cigdem-guven-sektorel-bilgiler-01.png' alt='' width='768' height='329'>\\n\\nAlman ekonomisinin uzun y\u0131llard\u0131r itici g\u00fcc\u00fc olan imalat sanayiinin en geli\u015fmi\u015f sekt\u00f6rleri aras\u0131nda sanayi makinalar\u0131, otomotiv ve kimya end\u00fcstrisi yer almaktad\u0131r. Son y\u0131llarda bu sekt\u00f6rlerin yan\u0131 s\u0131ra artan k\u00fcresel teknoloji yat\u0131r\u0131mlar\u0131n\u0131 takiben Almanya da telekom\u00fcnikasyon ve bilgi teknolojileri alanlar\u0131na verdi\u011fi \u00f6nemi art\u0131rm\u0131\u015ft\u0131r. Bu ge\u00e7i\u015fin en \u00f6nemli \u00f6rne\u011fini \u00fcretim firmas\u0131 olmaktan \u00e7\u0131k\u0131p gelece\u011fin hareketlilik hizmet sa\u011flay\u0131c\u0131s\u0131 olma hedefiyle 2023 y\u0131l\u0131na kadar 30 milyar Euro yat\u0131r\u0131m karar\u0131 alan Alman otomobil devi Volkswagen g\u00f6stermi\u015ftir.\\n\\nT\u00fcrkiye\u2019den Almanya\u2019ya yap\u0131lan ihracat\u0131n yar\u0131s\u0131n\u0131 olu\u015fturan en \u00f6nemli ilk \u00fc\u00e7 sekt\u00f6r aras\u0131nda otomotiv ve aksesuarlar\u0131, makine ve tekstil yer almaktad\u0131r. Otomotiv sekt\u00f6r\u00fcndeki ihracat\u0131m\u0131z 2017-2021 y\u0131llar\u0131 aras\u0131nda y\u0131ll\u0131k ortalama %5 b\u00fcy\u00fcrken, bu \u00fc\u00e7 sekt\u00f6r aras\u0131ndan makine ve mekanik par\u00e7alar y\u0131ll\u0131k %4,7 oranla en h\u0131zl\u0131 b\u00fcy\u00fcyen sekt\u00f6r olmu\u015ftur. T\u00fcm sekt\u00f6rlere bak\u0131ld\u0131\u011f\u0131nda ise, 2017-2021 y\u0131llar\u0131 aras\u0131nda %65 ile en y\u00fcksek ihracat b\u00fcy\u00fcmesi sanat eserleri ve antika e\u015fyalar sekt\u00f6r\u00fcnde ya\u015fanm\u0131\u015ft\u0131r.\\n\\nAlmanya end\u00fcstrisindeki ve ekonomisindeki dijitalle\u015fmenin, \u00fclkenin t\u00fcm sekt\u00f6rlerini etkilemesi ve i\u015f modelleri, \u00fcretim s\u00fcre\u00e7leri, dijital pazarlar ve tedarik zincirleri ile ilgili yeni f\u0131rsatlar geli\u015ftirmesi \u00f6ng\u00f6r\u00fclmektedir.\\n\\nAlmanya y\u00fcksek performansl\u0131 bir k\u00fc\u00e7\u00fck ve orta \u00f6l\u00e7ekli i\u015fletme (KOB\u0130) sekt\u00f6r\u00fcne sahiptir. Bu \u015firketler kendi alanlar\u0131nda d\u00fcnya lideridir, ancak genellikle dijitalle\u015fmenin zorluklar\u0131 konusunda deste\u011fe ihtiya\u00e7 duyarlar. T\u00fcrkiye ise bilgisayar m\u00fchendisli\u011fi, bili\u015fim teknolojileri ve yaz\u0131l\u0131m alanlar\u0131nda her y\u0131l 5.000\u2019in \u00fczerinde yeni mezun vermektedir. T\u00fcrkiye\u2019nin bili\u015fim alan\u0131ndaki insan g\u00fcc\u00fc potansiyeli ile Alman KOB\u0130\u2019lerinin dijitalle\u015fme deste\u011fi ihtiyac\u0131n\u0131n, ortak kurumsal aray\u00fcz projeleri ve e\u015fle\u015ftirme programlar\u0131 vas\u0131tas\u0131yla, uygun ortamlarda bir araya getirilmesi iki \u00fclke aras\u0131ndaki bir di\u011fer f\u0131rsata i\u015faret etmektedir.\\n\\n1996\u2019da al\u0131nan G\u00fcmr\u00fck Birli\u011fi kararlar\u0131na istinaden T\u00fcrkiye ile Avrupa Birli\u011fi \u00fcyesi \u00fclkeler aras\u0131nda sanayi \u00fcr\u00fcnleri ve baz\u0131 istisnalar d\u0131\u015f\u0131ndaki tar\u0131m \u00fcr\u00fcnleri ticaretinde g\u00fcmr\u00fck vergileri kald\u0131r\u0131lm\u0131\u015f ve T\u00fcrkiye \u00fc\u00e7\u00fcnc\u00fc \u00fclkelere kar\u015f\u0131 AB\u2019nin de uygulad\u0131\u011f\u0131 Ortak G\u00fcmr\u00fck Tarifesini uygulamaya ba\u015flam\u0131\u015ft\u0131r.\\n\\nG\u00fcn\u00fcm\u00fczde de y\u00fcr\u00fcrl\u00fckte olan bu karar Almanya ile T\u00fcrkiye aras\u0131ndaki ticaret ve yat\u0131r\u0131m\u0131n b\u00fcy\u00fcmesini desteklemi\u015f, T\u00fcrkiye ekonomisinin Avrupa ekonomisi ile uyumunu art\u0131rm\u0131\u015ft\u0131r.\\n\\nAlmanya&#8217;da standart KDV oran\u0131 %19&#8217;dur. Haz\u0131r \u00fcr\u00fcnler ve g\u00fcnl\u00fck hizmetlerde ise bu oran %7 olarak uygulanmaktad\u0131r. Bankac\u0131l\u0131k, sa\u011fl\u0131k ve kar amac\u0131 g\u00fctmeyen i\u015fler d\u00e2hil olmak \u00fczere baz\u0131 hizmetler KDV&#8217;den muaft\u0131r.\\n\\n<strong>Tar\u0131m Sekt\u00f6r\u00fc<\/strong>\\n\\n<img class='alignnone size-full wp-image-2830' src='https:\/\/www.cigdemguven.com\/medias\/2022\/12\/cigdem-guven-sektorel-bilgiler-02.png' alt='' width='822' height='220'>\\n\\n<strong>Hayvanc\u0131l\u0131k Sekt\u00f6r\u00fc<\/strong>\\n\\n<img class='alignnone size-full wp-image-2833' src='https:\/\/www.cigdemguven.com\/medias\/2022\/12\/cigdem-guven-sektorel-bilgiler-03.png' alt='' width='822' height='218'>\\n\\n<strong>Sanayi Sekt\u00f6r\u00fc<\/strong>\\n\\n<img class='alignnone size-full wp-image-2836' src='https:\/\/www.cigdemguven.com\/medias\/2022\/12\/cigdem-guven-sektorel-bilgiler-04.png' alt='' width='821' height='217'>\\n\\nB\u00fcy\u00fcmenin yeterince ger\u00e7ekle\u015fememesinin nedenleri:\\n<\/p>\n<ul>\\n \\t<\/p>\n<li>Tedarik zincirlerindeki aksakl\u0131klar<\/li>\n<p>\\n \\t<\/p>\n<li>Hammadde azl\u0131\u011f\u0131<\/li>\n<p>\\n \\t<\/p>\n<li>D\u00f6rd\u00fcnc\u00fc Covid-19 dalgas\u0131 ve sonras\u0131nda getirilen k\u0131s\u0131tlamalar<\/li>\n<p>\\n \\t<\/p>\n<li>Artan \u015firket maliyetleri ve nitelikli i\u015f\u00e7i say\u0131s\u0131n\u0131n d\u00fc\u015fmesi<\/li>\n<p>\\n<\/ul>\n<p>\\n<strong>Madencilik Sekt\u00f6r\u00fc<\/strong>\\n\\n<img class='alignnone size-full wp-image-2839' src='https:\/\/www.cigdemguven.com\/medias\/2022\/12\/cigdem-guven-sektorel-bilgiler-05.png' alt='' width='573' height='199'>\\n\\n<strong>Otomotiv Sekt\u00f6r\u00fc<\/strong>\\n\\n<img class='alignnone size-full wp-image-2842' src='https:\/\/www.cigdemguven.com\/medias\/2022\/12\/cigdem-guven-sektorel-bilgiler-06.png' alt='' width='572' height='204'>\\n\\nAlmanya\u2019n\u0131n en fazla ihracat ger\u00e7ekle\u015ftiren sekt\u00f6r\u00fcd\u00fcr\\n\\n\u2022 Sekt\u00f6r genellikle KOB\u0130\u2019lerden olu\u015fmaktad\u0131r\\n\u2022 Katma de\u011ferin %70\u2019i tedarik\u00e7iler taraf\u0131ndan \u00fcretilmektedir\\n\u2022 Alman otomobil markalar\u0131 marka de\u011feri 201,8 milyar $ (Brand Finance Global 500, 2021)\\n\u2022 Almanya\u2019da, 2021 y\u0131l\u0131nda 3,1 milyon ara\u00e7 \u00fcretilmi\u015ftir.\\n\\n<strong>Havac\u0131l\u0131k ve Uzay Sekt\u00f6r\u00fc<\/strong>\\n\\n<img class='alignnone size-full wp-image-2845' src='https:\/\/www.cigdemguven.com\/medias\/2022\/12\/cigdem-guven-sektorel-bilgiler-07.png' alt='' width='800' height='245'>\\n\\n<strong>Hizmet Sekt\u00f6r\u00fc<\/strong>\\n\\n<img class='alignnone size-full wp-image-2848' src='https:\/\/www.cigdemguven.com\/medias\/2022\/12\/cigdem-guven-sektorel-bilgiler-08.png' alt='' width='563' height='241'>\\n\\n<strong>Enerji Sekt\u00f6r\u00fc<\/strong>\\n\\n<img class='alignnone size-full wp-image-2852' src='https:\/\/www.cigdemguven.com\/medias\/2022\/12\/cigdem-guven-sektorel-bilgiler-09.png' alt='' width='810' height='283'>\\n\\n\u2022 2025 y\u0131l\u0131 enerji hedefi:\\nEnerji t\u00fcketimi %40-45 oran\u0131nda yenilenebilir enerji kaynaklar\u0131ndan sa\u011flanmas\u0131\\n\u2022 23 n\u00fckleer g\u00fc\u00e7 reakt\u00f6r\u00fcn\u00fcn 2022 y\u0131l\u0131 sonuna kadar kapat\u0131lmas\u0131 planlanmaktad\u0131r\\n\u2022 2050 y\u0131l\u0131 enerji arz hedefi: Enerji %60 oran\u0131nda yenilenebilir enerji, Elektrik %80 oran\u0131nda yenilenebilir enerji\\n\u2022 Paris Anla\u015fmas\u0131 ve Kyoto Protokol\u00fc \u015fartlar\u0131n\u0131 yerine getirmek i\u00e7in k\u00fcresel sera gaz\u0131 emisyon oranlar\u0131n\u0131 d\u00fc\u015f\u00fcrmeyi planlamaktad\u0131r.\\n\\n<strong>Lojistik Sekt\u00f6r\u00fc<\/strong>\\n\\n<img class='size-full wp-image-2855 aligncenter' src='https:\/\/www.cigdemguven.com\/medias\/2022\/12\/cigdem-guven-sektorel-bilgiler-10.png' alt='' width='798' height='279'>\\n\\n<strong>Turizm Sekt\u00f6r\u00fc<\/strong>\\n\\n<img class='alignnone size-full wp-image-2858' src='https:\/\/www.cigdemguven.com\/medias\/2022\/12\/cigdem-guven-sektorel-bilgiler-11.png' alt='' width='556' height='278'>\\n\\n<strong>Bili\u015fim ve Yaz\u0131l\u0131m Sekt\u00f6r\u00fc<\/strong>\\n\\n<img class='alignnone size-full wp-image-2861' src='https:\/\/www.cigdemguven.com\/medias\/2022\/12\/cigdem-guven-sektorel-bilgiler-12.png' alt='' width='791' height='278'>\\n\\n<strong>Sigorta Sekt\u00f6r\u00fc<\/strong>\\n\\n<img class='alignnone size-full wp-image-2864' src='https:\/\/www.cigdemguven.com\/medias\/2022\/12\/cigdem-guven-sektorel-bilgiler-13.png' alt='' width='789' height='279'>\\n\\n<strong>\u0130n\u015faat Sekt\u00f6r\u00fc<\/strong>\\n\\n<img class='alignnone size-full wp-image-2867' src='https:\/\/www.cigdemguven.com\/medias\/2022\/12\/cigdem-guven-sektorel-bilgiler-14.png' alt='' width='790' height='281'>\\n\\n<strong>\u0130n\u015faat Sekt\u00f6r\u00fc ve KOB\u0130 Ekosistemi<\/strong>\\n\\n\u2022 Ana in\u015faat sekt\u00f6r\u00fc KOB\u0130\u2019lerden olu\u015fmaktad\u0131r.\\n\u2022 \u015eirketlerin %88\u2019inde 20 ki\u015fiden daha az \u00e7al\u0131\u015fan bulunmaktad\u0131r.\\n\u2022 KOB\u0130\u2019ler toplam cironun %29,2\u2019sini ger\u00e7ekle\u015ftirmektedirler, a\u011f\u0131rl\u0131kl\u0131 olarak konut yap\u0131m\u0131 ile ilgilenirler.\\n\u2022 B\u00fcy\u00fck cirolar %10\u2019luk dilimdeki b\u00fcy\u00fck firmalar taraf\u0131ndan yap\u0131lmaktad\u0131r.\\n\u2022 \u015eirketlerin b\u00fcy\u00fckl\u00fc\u011f\u00fc artt\u0131k\u00e7a, konut yap\u0131m\u0131na olan ilgi de azalmaktad\u0131r.\\n\u2022 Ticari in\u015faat faaliyetlerinin %27,5\u2019i ve kamu in\u015faatlar\u0131n\u0131n %25,9\u2019u, 200\u2019den fazla \u00e7al\u0131\u015fan\u0131 bulunan firmalar taraf\u0131ndan ger\u00e7ekle\u015ftirilir.\\n\\n<strong>Sa\u011fl\u0131k Sekt\u00f6r\u00fc<\/strong>\\n\\n<img class='alignnone size-full wp-image-2870' src='https:\/\/www.cigdemguven.com\/medias\/2022\/12\/cigdem-guven-sektorel-bilgiler-15.png' alt='' width='789' height='505'>\\n\\n<strong>Finans Sekt\u00f6r\u00fc<\/strong>\\n\\n<img class='alignnone size-full wp-image-2873' src='https:\/\/www.cigdemguven.com\/medias\/2022\/12\/cigdem-guven-sektorel-bilgiler-16.png' alt='' width='795' height='400'>\\n\\n\u2022 K\u00fcresel \u00f6l\u00e7ekte hisse senedi piyasas\u0131 pay oran\u0131:\\nABD %55,9 \u0130ngiltere %4,1 Fransa %2,9 Almanya %2,6\u2019d\u0131r.\\n\u2022 Brexit \u00f6ncesinde AB pazar\u0131na Londra \u00fczerinden eri\u015fim sa\u011flan\u0131yordu.\\n\u2022 Brexit sonras\u0131nda: ABD ve Asya bankalar\u0131 Almanya\u2019ya y\u00f6neldi.\\n\u2022 Finansal kurumlar 13.928 milyar dolarl\u0131k bir pazara do\u011frudan eri\u015fim imk\u00e2n\u0131 sa\u011flamaktad\u0131r.\\n\u2022 Avrupa Merkez Bankas\u0131\u2019n\u0131n para politikas\u0131: Negatif faiz &#8211; Y\u00fcksek likidite\\n\\n<strong>Almanya\u2019n\u0131n En \u00d6nemli Sekt\u00f6rleri ve F\u0131rsatlar\u0131<\/strong>\\n\\n\u2022 Otomotiv sekt\u00f6r\u00fc\\nAlman otomotiv sekt\u00f6r\u00fc \u00fcreticileri ve tedarik\u00e7ilerinin, 2022-2026 y\u0131llar\u0131 aras\u0131nda elektromobiliteye (batarya teknolojisi, dijitalle\u015fme ve di\u011fer ara\u015ft\u0131rma alanlar\u0131 d\u00e2hil) 220 milyar avrodan fazla yat\u0131r\u0131m yapmas\u0131 beklenmektedir\\n\\n\u2022 Sanayi Sekt\u00f6r\u00fc\\nOrtak G\u00fcmr\u00fck Tarifesini (OGT) uygulamaktad\u0131r. OGT ile T\u00fcrkiye ile AB aras\u0131nda sanayi \u00fcr\u00fcnleri ticaretinde g\u00fcmr\u00fck vergileri s\u0131f\u0131rlanm\u0131\u015ft\u0131r.\\n\\n\u2022 Tar\u0131m Sekt\u00f6r\u00fc\\nOrtak G\u00fcmr\u00fck Tarifesini (OGT) uygulamaktad\u0131r. T\u00fcrkiye-AB G\u00fcmr\u00fck Birli\u011fi, sadece sanayi \u00fcr\u00fcnlerini ve i\u015flenmi\u015f tar\u0131m \u00fcr\u00fcnlerini kapsamaktad\u0131r. Geleneksel tar\u0131m \u00fcr\u00fcnleri OGT kapsam\u0131 d\u0131\u015f\u0131ndad\u0131r.\\n\\n\u0130\u015flenmi\u015f tar\u0131m \u00fcr\u00fcnlerinde g\u00fcmr\u00fck vergisi belirlenirken tar\u0131m pay\u0131 ile sanayi pay\u0131 ayr\u0131l\u0131r sadece sanayi pay\u0131 vergi muafiyetine tabi tutulur.\\n\\n\u2022 Dijitalle\u015fme\\nDijital d\u00f6n\u00fc\u015f\u00fcm ve iklimle ilgili altyap\u0131 projelerine destek i\u00e7in, 2021&#8217;den 2024&#8217;e kadar kamu sekt\u00f6r\u00fc yat\u0131r\u0131mlar\u0131 artacakt\u0131r, dijital d\u00f6n\u00fc\u015f\u00fcm ve ye\u015fil d\u00f6n\u00fc\u015f\u00fcm alanlar\u0131nda \u00e7al\u0131\u015fan \u015firketler ve giri\u015fimciler i\u00e7in \u00f6nemlidir.&#8221;}]},{&#8220;component&#8221;:&#8221;hc_column&#8221;,&#8221;id&#8221;:&#8221;column_7aIP1&#8243;,&#8221;column_width&#8221;:&#8221;col-md-12&#8243;,&#8221;animation&#8221;:&#8221;&#8221;,&#8221;animation_time&#8221;:&#8221;&#8221;,&#8221;timeline_animation&#8221;:&#8221;&#8221;,&#8221;timeline_delay&#8221;:&#8221;&#8221;,&#8221;timeline_order&#8221;:&#8221;&#8221;,&#8221;css_classes&#8221;:&#8221;&#8221;,&#8221;custom_css_classes&#8221;:&#8221;socialbox&#8221;,&#8221;custom_css_styles&#8221;:&#8221;&#8221;,&#8221;main_content&#8221;:[{&#8220;component&#8221;:&#8221;hc_space&#8221;,&#8221;id&#8221;:&#8221;Hdg76&#8243;,&#8221;css_classes&#8221;:&#8221;&#8221;,&#8221;custom_css_classes&#8221;:&#8221;&#8221;,&#8221;custom_css_styles&#8221;:&#8221;&#8221;,&#8221;size&#8221;:&#8221;space-sm&#8221;,&#8221;height&#8221;:&#8221;&#8221;},{&#8220;component&#8221;:&#8221;hc_text_block&#8221;,&#8221;id&#8221;:&#8221;zmr0F&#8221;,&#8221;css_classes&#8221;:&#8221;&#8221;,&#8221;custom_css_classes&#8221;:&#8221;&#8221;,&#8221;custom_css_styles&#8221;:&#8221;&#8221;,&#8221;content&#8221;:&#8221;Payla\u015f:&#8221;},{&#8220;component&#8221;:&#8221;hc_social_share_buttons&#8221;,&#8221;id&#8221;:&#8221;P7L30&#8243;,&#8221;css_classes&#8221;:&#8221;&#8221;,&#8221;custom_css_classes&#8221;:&#8221;&#8221;,&#8221;custom_css_styles&#8221;:&#8221;&#8221;,&#8221;style&#8221;:&#8221;icon-links-button&#8221;,&#8221;size&#8221;:&#8221;&#8221;,&#8221;alignment&#8221;:&#8221;&#8221;,&#8221;type&#8221;:&#8221;&#8221;,&#8221;social_colors&#8221;:true,&#8221;fb&#8221;:true,&#8221;fb_link&#8221;:&#8221;&#8221;,&#8221;tw&#8221;:true,&#8221;tw_link&#8221;:&#8221;&#8221;,&#8221;pi&#8221;:true,&#8221;pi_link&#8221;:&#8221;&#8221;,&#8221;li&#8221;:true,&#8221;li_link&#8221;:&#8221;&#8221;}]}],&#8221;section_settings&#8221;:&#8221;&#8221;},&#8221;section_dDpN7&#8243;:{&#8220;component&#8221;:&#8221;hc_section&#8221;,&#8221;id&#8221;:&#8221;section_dDpN7&#8243;,&#8221;section_width&#8221;:&#8221;&#8221;,&#8221;animation&#8221;:&#8221;&#8221;,&#8221;animation_time&#8221;:&#8221;&#8221;,&#8221;timeline_animation&#8221;:&#8221;&#8221;,&#8221;timeline_delay&#8221;:&#8221;&#8221;,&#8221;timeline_order&#8221;:&#8221;&#8221;,&#8221;vertical_row&#8221;:&#8221;&#8221;,&#8221;css_classes&#8221;:&#8221;section-color &#8220;,&#8221;custom_css_classes&#8221;:&#8221;&#8221;,&#8221;custom_css_styles&#8221;:&#8221;&#8221;,&#8221;section_content&#8221;:[{&#8220;component&#8221;:&#8221;hc_column&#8221;,&#8221;id&#8221;:&#8221;XLZ44&#8243;,&#8221;column_width&#8221;:&#8221;col-md-12&#8243;,&#8221;animation&#8221;:&#8221;&#8221;,&#8221;animation_time&#8221;:&#8221;&#8221;,&#8221;timeline_animation&#8221;:&#8221;&#8221;,&#8221;timeline_delay&#8221;:&#8221;&#8221;,&#8221;timeline_order&#8221;:&#8221;&#8221;,&#8221;css_classes&#8221;:&#8221;&#8221;,&#8221;custom_css_classes&#8221;:&#8221;&#8221;,&#8221;custom_css_styles&#8221;:&#8221;&#8221;,&#8221;main_content&#8221;:[{&#8220;component&#8221;:&#8221;hc_title_tag&#8221;,&#8221;id&#8221;:&#8221;4AoyD&#8221;,&#8221;css_classes&#8221;:&#8221;&#8221;,&#8221;custom_css_classes&#8221;:&#8221;&#8221;,&#8221;custom_css_styles&#8221;:&#8221;&#8221;,&#8221;text&#8221;:&#8221;Son Yaz\u0131lar&#8221;,&#8221;tag&#8221;:&#8221;h2&#8243;},{&#8220;component&#8221;:&#8221;hc_space&#8221;,&#8221;id&#8221;:&#8221;TsAHd&#8221;,&#8221;css_classes&#8221;:&#8221;&#8221;,&#8221;custom_css_classes&#8221;:&#8221;&#8221;,&#8221;custom_css_styles&#8221;:&#8221;&#8221;,&#8221;size&#8221;:&#8221;space&#8221;,&#8221;height&#8221;:&#8221;&#8221;},{&#8220;component&#8221;:&#8221;hc_pt_grid_list&#8221;,&#8221;id&#8221;:&#8221;J9IEW&#8221;,&#8221;css_classes&#8221;:&#8221;&#8221;,&#8221;custom_css_classes&#8221;:&#8221;&#8221;,&#8221;custom_css_styles&#8221;:&#8221;&#8221;,&#8221;post_type_slug&#8221;:&#8221;post&#8221;,&#8221;post_type_category&#8221;:&#8221;yazilar&#8221;,&#8221;column&#8221;:&#8221;2&#8243;,&#8221;column_lg&#8221;:&#8221;2&#8243;,&#8221;column_md&#8221;:&#8221;2&#8243;,&#8221;column_sm&#8221;:&#8221;1&#8243;,&#8221;column_xs&#8221;:&#8221;1&#8243;,&#8221;margins&#8221;:&#8221;&#8221;,&#8221;pag_type&#8221;:&#8221;load_more&#8221;,&#8221;pag_items&#8221;:&#8221;2&#8243;,&#8221;pag_size&#8221;:&#8221;&#8221;,&#8221;pag_animation&#8221;:&#8221;fade-top&#8221;,&#8221;pag_scroll_top&#8221;:false,&#8221;pag_position&#8221;:&#8221;align-center&#8221;,&#8221;pag_button_prev&#8221;:&#8221;&#8221;,&#8221;pag_button_next&#8221;:&#8221;&#8221;,&#8221;lm_lazy&#8221;:false,&#8221;lm_button_text&#8221;:&#8221;Daha Fazla&#8221;,&#8221;box&#8221;:&#8221;blog_top&#8221;,&#8221;boxed&#8221;:true,&#8221;extra&#8221;:false,&#8221;content&#8221;:&#8221;&#8221;,&#8221;title_length&#8221;:&#8221;36&#8243;,&#8221;excerpt_length&#8221;:&#8221;75&#8243;,&#8221;title_size&#8221;:&#8221;text-md&#8221;,&#8221;custom_css&#8221;:&#8221;&#8221;,&#8221;button_text&#8221;:&#8221;&#8221;,&#8221;button_style&#8221;:&#8221;square&#8221;,&#8221;button_dimensions&#8221;:&#8221;btn-lg&#8221;,&#8221;button_animation&#8221;:false,&#8221;button_icon&#8221;:&#8221;&#8221;}]}],&#8221;section_settings&#8221;:&#8221;&#8221;},&#8221;scripts&#8221;:{&#8220;lightbox&#8221;:&#8221;magnific-popup.min.js&#8221;,&#8221;pagination&#8221;:&#8221;pagination.min.js&#8221;},&#8221;css&#8221;:{&#8220;lightbox&#8221;:&#8221;css\/magnific-popup.css&#8221;,&#8221;content_box&#8221;:&#8221;css\/content-box.css&#8221;,&#8221;media_box&#8221;:&#8221;css\/media-box.css&#8221;},&#8221;css_page&#8221;:&#8221;&#8221;,&#8221;template_setting&#8221;:{},&#8221;template_setting_top&#8221;:{},&#8221;page_setting&#8221;:{&#8220;settings&#8221;:[&#8220;lock-mode-off&#8221;]},&#8221;post_type_setting&#8221;:{&#8220;settings&#8221;:{&#8220;image&#8221;:&#8221;https:\/\/www.cigdemguven.com\/medias\/2022\/12\/cigdem-guven-sektorel-bilgiler-cover-1024&#215;714.jpg|753|1080|2820&#8243;,&#8221;excerpt&#8221;:&#8221;Alman ekonomisinin uzun y\u0131llard\u0131r itici g\u00fcc\u00fc olan imalat sanayiinin en geli\u015fmi\u015f sekt\u00f6rleri aras\u0131nda sanayi makinalar\u0131, otomotiv ve kimya end\u00fcstrisi yer almaktad\u0131r. Son y\u0131llarda bu sekt\u00f6rlerin yan\u0131 s\u0131ra artan k\u00fcresel teknoloji yat\u0131r\u0131mlar\u0131n\u0131 takiben Almanya da telekom\u00fcnikasyon ve bilgi teknolojileri alanlar\u0131na verdi\u011fi \u00f6nemi art\u0131rm\u0131\u015ft\u0131r.&#8221;,&#8221;extra_1&#8243;:&#8221;Yaz\u0131&#8221;,&#8221;extra_2&#8243;:&#8221;&#8221;,&#8221;icon&#8221;:{&#8220;icon&#8221;:&#8221;&#8221;,&#8221;icon_style&#8221;:&#8221;&#8221;,&#8221;icon_image&#8221;:&#8221;&#8221;}}}}<\/p>\n","protected":false},"excerpt":{"rendered":"<p>Alman ekonomisinin uzun y\u0131llard\u0131r itici g\u00fcc\u00fc olan imalat sanayiinin en geli\u015fmi\u015f sekt\u00f6rleri aras\u0131nda sanayi makinalar\u0131, otomotiv ve kimya end\u00fcstrisi yer almaktad\u0131r. Son y\u0131llarda bu sekt\u00f6rlerin yan\u0131 s\u0131ra artan k\u00fcresel teknoloji yat\u0131r\u0131mlar\u0131n\u0131 takiben Almanya da telekom\u00fcnikasyon ve bilgi teknolojileri alanlar\u0131na verdi\u011fi \u00f6nemi art\u0131rm\u0131\u015ft\u0131r.<\/p>\n","protected":false},"author":1,"featured_media":2820,"comment_status":"closed","ping_status":"open","sticky":false,"template":"","format":"standard","meta":{"footnotes":""},"categories":[12,19],"tags":[],"class_list":["post-2819","post","type-post","status-publish","format-standard","has-post-thumbnail","hentry","category-genel","category-yazilar"],"yoast_head":"\n<title>Almanya\u2019daki Sekt\u00f6rel Bilgiler | \u00c7i\u011fdem G\u00fcven Management Consulting &amp; Coaching &amp; Mentoring Services<\/title>\n<meta name=\"robots\" content=\"index, follow, max-snippet:-1, max-image-preview:large, max-video-preview:-1\" \/>\n<link rel=\"canonical\" href=\"https:\/\/www.cigdemguven.com\/tr\/genel\/almanyadaki-sektorel-bilgiler\/\" \/>\n<meta property=\"og:locale\" content=\"tr_TR\" \/>\n<meta property=\"og:type\" content=\"article\" \/>\n<meta property=\"og:title\" content=\"Almanya\u2019daki Sekt\u00f6rel Bilgiler | \u00c7i\u011fdem G\u00fcven Management Consulting &amp; Coaching &amp; Mentoring Services\" \/>\n<meta property=\"og:description\" content=\"Alman ekonomisinin uzun y\u0131llard\u0131r itici g\u00fcc\u00fc olan imalat sanayiinin en geli\u015fmi\u015f sekt\u00f6rleri aras\u0131nda sanayi makinalar\u0131, otomotiv ve kimya end\u00fcstrisi yer almaktad\u0131r. Son y\u0131llarda bu sekt\u00f6rlerin yan\u0131 s\u0131ra artan k\u00fcresel teknoloji yat\u0131r\u0131mlar\u0131n\u0131 takiben Almanya da telekom\u00fcnikasyon ve bilgi teknolojileri alanlar\u0131na verdi\u011fi \u00f6nemi art\u0131rm\u0131\u015ft\u0131r.\" \/>\n<meta property=\"og:url\" content=\"https:\/\/www.cigdemguven.com\/tr\/genel\/almanyadaki-sektorel-bilgiler\/\" \/>\n<meta property=\"og:site_name\" content=\"\u00c7i\u011fdem G\u00fcven Management Consulting &amp; Coaching &amp; Mentoring Services\" \/>\n<meta property=\"article:publisher\" content=\"https:\/\/www.facebook.com\/cigdemguvendanisman\" \/>\n<meta property=\"article:published_time\" content=\"2022-12-26T13:54:37+00:00\" \/>\n<meta property=\"article:modified_time\" content=\"2023-04-28T01:23:58+00:00\" \/>\n<meta property=\"og:image\" content=\"https:\/\/www.cigdemguven.com\/medias\/2022\/12\/cigdem-guven-sektorel-bilgiler-cover.jpg\" \/>\n\t<meta property=\"og:image:width\" content=\"1080\" \/>\n\t<meta property=\"og:image:height\" content=\"753\" \/>\n\t<meta property=\"og:image:type\" content=\"image\/jpeg\" \/>\n<meta name=\"author\" content=\"\u00c7i\u011fdem G\u00fcven\" \/>\n<meta name=\"twitter:card\" content=\"summary_large_image\" \/>\n<meta name=\"twitter:creator\" content=\"@cigdemguvencom\" \/>\n<meta name=\"twitter:site\" content=\"@cigdemguvencom\" \/>\n<meta name=\"twitter:label1\" content=\"Yazan:\" \/>\n\t<meta name=\"twitter:data1\" content=\"\u00c7i\u011fdem G\u00fcven\" \/>\n\t<meta name=\"twitter:label2\" content=\"Tahmini okuma s\u00fcresi\" \/>\n\t<meta name=\"twitter:data2\" content=\"9 dakika\" \/>\n<script type=\"application\/ld+json\" class=\"yoast-schema-graph\">{\"@context\":\"https:\/\/schema.org\",\"@graph\":[{\"@type\":\"Article\",\"@id\":\"https:\/\/www.cigdemguven.com\/tr\/genel\/almanyadaki-sektorel-bilgiler\/#article\",\"isPartOf\":{\"@id\":\"https:\/\/www.cigdemguven.com\/tr\/genel\/almanyadaki-sektorel-bilgiler\/\"},\"author\":{\"name\":\"\u00c7i\u011fdem G\u00fcven\",\"@id\":\"https:\/\/www.cigdemguven.com\/tr\/#\/schema\/person\/abd506d3b37ae4dd04e7393ca6ac5921\"},\"headline\":\"Almanya\u2019daki Sekt\u00f6rel Bilgiler\",\"datePublished\":\"2022-12-26T13:54:37+00:00\",\"dateModified\":\"2023-04-28T01:23:58+00:00\",\"mainEntityOfPage\":{\"@id\":\"https:\/\/www.cigdemguven.com\/tr\/genel\/almanyadaki-sektorel-bilgiler\/\"},\"wordCount\":1853,\"publisher\":{\"@id\":\"https:\/\/www.cigdemguven.com\/tr\/#organization\"},\"articleSection\":{\"1\":\"Yaz\u0131lar\"},\"inLanguage\":\"tr\"},{\"@type\":\"WebPage\",\"@id\":\"https:\/\/www.cigdemguven.com\/tr\/genel\/almanyadaki-sektorel-bilgiler\/\",\"url\":\"https:\/\/www.cigdemguven.com\/tr\/genel\/almanyadaki-sektorel-bilgiler\/\",\"name\":\"Almanya\u2019daki Sekt\u00f6rel Bilgiler | \u00c7i\u011fdem G\u00fcven Management Consulting &amp; Coaching &amp; Mentoring Services\",\"isPartOf\":{\"@id\":\"https:\/\/www.cigdemguven.com\/tr\/#website\"},\"datePublished\":\"2022-12-26T13:54:37+00:00\",\"dateModified\":\"2023-04-28T01:23:58+00:00\",\"breadcrumb\":{\"@id\":\"https:\/\/www.cigdemguven.com\/tr\/genel\/almanyadaki-sektorel-bilgiler\/#breadcrumb\"},\"inLanguage\":\"tr\",\"potentialAction\":[{\"@type\":\"ReadAction\",\"target\":[\"https:\/\/www.cigdemguven.com\/tr\/genel\/almanyadaki-sektorel-bilgiler\/\"]}]},{\"@type\":\"BreadcrumbList\",\"@id\":\"https:\/\/www.cigdemguven.com\/tr\/genel\/almanyadaki-sektorel-bilgiler\/#breadcrumb\",\"itemListElement\":[{\"@type\":\"ListItem\",\"position\":1,\"name\":\"Home\",\"item\":\"https:\/\/www.cigdemguven.com\/tr\/\"},{\"@type\":\"ListItem\",\"position\":2,\"name\":\"Almanya\u2019daki Sekt\u00f6rel Bilgiler\"}]},{\"@type\":\"WebSite\",\"@id\":\"https:\/\/www.cigdemguven.com\/tr\/#website\",\"url\":\"https:\/\/www.cigdemguven.com\/tr\/\",\"name\":\"\u00c7i\u011fdem G\u00fcven Management Consulting &amp; Coaching &amp; Mentoring Services\",\"description\":\"Management Consulting &amp; Coaching &amp; Mentoring Services\",\"publisher\":{\"@id\":\"https:\/\/www.cigdemguven.com\/tr\/#organization\"},\"potentialAction\":[{\"@type\":\"SearchAction\",\"target\":{\"@type\":\"EntryPoint\",\"urlTemplate\":\"https:\/\/www.cigdemguven.com\/tr\/?s={search_term_string}\"},\"query-input\":\"required name=search_term_string\"}],\"inLanguage\":\"tr\"},{\"@type\":\"Organization\",\"@id\":\"https:\/\/www.cigdemguven.com\/tr\/#organization\",\"name\":\"\u00c7i\u011fdem G\u00fcven Management Consulting & Coaching & Mentoring Services\",\"url\":\"https:\/\/www.cigdemguven.com\/tr\/\",\"logo\":{\"@type\":\"ImageObject\",\"inLanguage\":\"tr\",\"@id\":\"https:\/\/www.cigdemguven.com\/tr\/#\/schema\/logo\/image\/\",\"url\":\"https:\/\/www.cigdemguven.com\/medias\/2021\/12\/cigdem-guven-logo.svg\",\"contentUrl\":\"https:\/\/www.cigdemguven.com\/medias\/2021\/12\/cigdem-guven-logo.svg\",\"width\":1,\"height\":1,\"caption\":\"\u00c7i\u011fdem G\u00fcven Management Consulting & Coaching & Mentoring Services\"},\"image\":{\"@id\":\"https:\/\/www.cigdemguven.com\/tr\/#\/schema\/logo\/image\/\"},\"sameAs\":[\"https:\/\/www.facebook.com\/cigdemguvendanisman\",\"https:\/\/twitter.com\/cigdemguvencom\",\"https:\/\/www.instagram.com\/cigdemguvendanismanlik\/\",\"https:\/\/www.linkedin.com\/in\/cigdemguvendanismanlik\/\"]},{\"@type\":\"Person\",\"@id\":\"https:\/\/www.cigdemguven.com\/tr\/#\/schema\/person\/abd506d3b37ae4dd04e7393ca6ac5921\",\"name\":\"\u00c7i\u011fdem G\u00fcven\",\"sameAs\":[\"https:\/\/www.cigdemguven.com\"],\"url\":\"https:\/\/www.cigdemguven.com\/tr\/author\/cigdemguven\/\"}]}<\/script>\n","yoast_head_json":{"title":"Almanya\u2019daki Sekt\u00f6rel Bilgiler | \u00c7i\u011fdem G\u00fcven Management Consulting &amp; Coaching &amp; Mentoring Services","robots":{"index":"index","follow":"follow","max-snippet":"max-snippet:-1","max-image-preview":"max-image-preview:large","max-video-preview":"max-video-preview:-1"},"canonical":"https:\/\/www.cigdemguven.com\/tr\/genel\/almanyadaki-sektorel-bilgiler\/","og_locale":"tr_TR","og_type":"article","og_title":"Almanya\u2019daki Sekt\u00f6rel Bilgiler | \u00c7i\u011fdem G\u00fcven Management Consulting &amp; Coaching &amp; Mentoring Services","og_description":"Alman ekonomisinin uzun y\u0131llard\u0131r itici g\u00fcc\u00fc olan imalat sanayiinin en geli\u015fmi\u015f sekt\u00f6rleri aras\u0131nda sanayi makinalar\u0131, otomotiv ve kimya end\u00fcstrisi yer almaktad\u0131r. Son y\u0131llarda bu sekt\u00f6rlerin yan\u0131 s\u0131ra artan k\u00fcresel teknoloji yat\u0131r\u0131mlar\u0131n\u0131 takiben Almanya da telekom\u00fcnikasyon ve bilgi teknolojileri alanlar\u0131na verdi\u011fi \u00f6nemi art\u0131rm\u0131\u015ft\u0131r.","og_url":"https:\/\/www.cigdemguven.com\/tr\/genel\/almanyadaki-sektorel-bilgiler\/","og_site_name":"\u00c7i\u011fdem G\u00fcven Management Consulting &amp; Coaching &amp; Mentoring Services","article_publisher":"https:\/\/www.facebook.com\/cigdemguvendanisman","article_published_time":"2022-12-26T13:54:37+00:00","article_modified_time":"2023-04-28T01:23:58+00:00","og_image":[{"width":1080,"height":753,"url":"https:\/\/www.cigdemguven.com\/medias\/2022\/12\/cigdem-guven-sektorel-bilgiler-cover.jpg","type":"image\/jpeg"}],"author":"\u00c7i\u011fdem G\u00fcven","twitter_card":"summary_large_image","twitter_creator":"@cigdemguvencom","twitter_site":"@cigdemguvencom","twitter_misc":{"Yazan:":"\u00c7i\u011fdem G\u00fcven","Tahmini okuma s\u00fcresi":"9 dakika"},"schema":{"@context":"https:\/\/schema.org","@graph":[{"@type":"Article","@id":"https:\/\/www.cigdemguven.com\/tr\/genel\/almanyadaki-sektorel-bilgiler\/#article","isPartOf":{"@id":"https:\/\/www.cigdemguven.com\/tr\/genel\/almanyadaki-sektorel-bilgiler\/"},"author":{"name":"\u00c7i\u011fdem G\u00fcven","@id":"https:\/\/www.cigdemguven.com\/tr\/#\/schema\/person\/abd506d3b37ae4dd04e7393ca6ac5921"},"headline":"Almanya\u2019daki Sekt\u00f6rel Bilgiler","datePublished":"2022-12-26T13:54:37+00:00","dateModified":"2023-04-28T01:23:58+00:00","mainEntityOfPage":{"@id":"https:\/\/www.cigdemguven.com\/tr\/genel\/almanyadaki-sektorel-bilgiler\/"},"wordCount":1853,"publisher":{"@id":"https:\/\/www.cigdemguven.com\/tr\/#organization"},"articleSection":{"1":"Yaz\u0131lar"},"inLanguage":"tr"},{"@type":"WebPage","@id":"https:\/\/www.cigdemguven.com\/tr\/genel\/almanyadaki-sektorel-bilgiler\/","url":"https:\/\/www.cigdemguven.com\/tr\/genel\/almanyadaki-sektorel-bilgiler\/","name":"Almanya\u2019daki Sekt\u00f6rel Bilgiler | \u00c7i\u011fdem G\u00fcven Management Consulting &amp; Coaching &amp; Mentoring Services","isPartOf":{"@id":"https:\/\/www.cigdemguven.com\/tr\/#website"},"datePublished":"2022-12-26T13:54:37+00:00","dateModified":"2023-04-28T01:23:58+00:00","breadcrumb":{"@id":"https:\/\/www.cigdemguven.com\/tr\/genel\/almanyadaki-sektorel-bilgiler\/#breadcrumb"},"inLanguage":"tr","potentialAction":[{"@type":"ReadAction","target":["https:\/\/www.cigdemguven.com\/tr\/genel\/almanyadaki-sektorel-bilgiler\/"]}]},{"@type":"BreadcrumbList","@id":"https:\/\/www.cigdemguven.com\/tr\/genel\/almanyadaki-sektorel-bilgiler\/#breadcrumb","itemListElement":[{"@type":"ListItem","position":1,"name":"Home","item":"https:\/\/www.cigdemguven.com\/tr\/"},{"@type":"ListItem","position":2,"name":"Almanya\u2019daki Sekt\u00f6rel Bilgiler"}]},{"@type":"WebSite","@id":"https:\/\/www.cigdemguven.com\/tr\/#website","url":"https:\/\/www.cigdemguven.com\/tr\/","name":"\u00c7i\u011fdem G\u00fcven Management Consulting &amp; Coaching &amp; Mentoring Services","description":"Management Consulting &amp; Coaching &amp; Mentoring Services","publisher":{"@id":"https:\/\/www.cigdemguven.com\/tr\/#organization"},"potentialAction":[{"@type":"SearchAction","target":{"@type":"EntryPoint","urlTemplate":"https:\/\/www.cigdemguven.com\/tr\/?s={search_term_string}"},"query-input":"required name=search_term_string"}],"inLanguage":"tr"},{"@type":"Organization","@id":"https:\/\/www.cigdemguven.com\/tr\/#organization","name":"\u00c7i\u011fdem G\u00fcven Management Consulting & Coaching & Mentoring Services","url":"https:\/\/www.cigdemguven.com\/tr\/","logo":{"@type":"ImageObject","inLanguage":"tr","@id":"https:\/\/www.cigdemguven.com\/tr\/#\/schema\/logo\/image\/","url":"https:\/\/www.cigdemguven.com\/medias\/2021\/12\/cigdem-guven-logo.svg","contentUrl":"https:\/\/www.cigdemguven.com\/medias\/2021\/12\/cigdem-guven-logo.svg","width":1,"height":1,"caption":"\u00c7i\u011fdem G\u00fcven Management Consulting & Coaching & Mentoring Services"},"image":{"@id":"https:\/\/www.cigdemguven.com\/tr\/#\/schema\/logo\/image\/"},"sameAs":["https:\/\/www.facebook.com\/cigdemguvendanisman","https:\/\/twitter.com\/cigdemguvencom","https:\/\/www.instagram.com\/cigdemguvendanismanlik\/","https:\/\/www.linkedin.com\/in\/cigdemguvendanismanlik\/"]},{"@type":"Person","@id":"https:\/\/www.cigdemguven.com\/tr\/#\/schema\/person\/abd506d3b37ae4dd04e7393ca6ac5921","name":"\u00c7i\u011fdem G\u00fcven","sameAs":["https:\/\/www.cigdemguven.com"],"url":"https:\/\/www.cigdemguven.com\/tr\/author\/cigdemguven\/"}]}},"_links":{"self":[{"href":"https:\/\/www.cigdemguven.com\/tr\/wp-json\/wp\/v2\/posts\/2819","targetHints":{"allow":["GET"]}}],"collection":[{"href":"https:\/\/www.cigdemguven.com\/tr\/wp-json\/wp\/v2\/posts"}],"about":[{"href":"https:\/\/www.cigdemguven.com\/tr\/wp-json\/wp\/v2\/types\/post"}],"author":[{"embeddable":true,"href":"https:\/\/www.cigdemguven.com\/tr\/wp-json\/wp\/v2\/users\/1"}],"replies":[{"embeddable":true,"href":"https:\/\/www.cigdemguven.com\/tr\/wp-json\/wp\/v2\/comments?post=2819"}],"version-history":[{"count":7,"href":"https:\/\/www.cigdemguven.com\/tr\/wp-json\/wp\/v2\/posts\/2819\/revisions"}],"predecessor-version":[{"id":3170,"href":"https:\/\/www.cigdemguven.com\/tr\/wp-json\/wp\/v2\/posts\/2819\/revisions\/3170"}],"wp:featuredmedia":[{"embeddable":true,"href":"https:\/\/www.cigdemguven.com\/tr\/wp-json\/wp\/v2\/media\/2820"}],"wp:attachment":[{"href":"https:\/\/www.cigdemguven.com\/tr\/wp-json\/wp\/v2\/media?parent=2819"}],"wp:term":[{"taxonomy":"category","embeddable":true,"href":"https:\/\/www.cigdemguven.com\/tr\/wp-json\/wp\/v2\/categories?post=2819"},{"taxonomy":"post_tag","embeddable":true,"href":"https:\/\/www.cigdemguven.com\/tr\/wp-json\/wp\/v2\/tags?post=2819"}],"curies":[{"name":"wp","href":"https:\/\/api.w.org\/{rel}","templated":true}]}}