{"id":2782,"date":"2022-12-26T20:50:02","date_gmt":"2022-12-26T17:50:02","guid":{"rendered":"https:\/\/www.cigdemguven.com\/?p=2782"},"modified":"2023-04-28T04:23:26","modified_gmt":"2023-04-28T01:23:26","slug":"almanyada-dis-ticaret-ve-turkiye-almanya-dis-ticaret-iliskileri","status":"publish","type":"post","link":"https:\/\/www.cigdemguven.com\/tr\/genel\/almanyada-dis-ticaret-ve-turkiye-almanya-dis-ticaret-iliskileri\/","title":{"rendered":"Almanya\u2019da D\u0131\u015f Ticaret ve T\u00fcrkiye Almanya D\u0131\u015f Ticaret \u0130li\u015fkileri"},"content":{"rendered":"<p>{&#8220;main-title&#8221;:{&#8220;component&#8221;:&#8221;hc_title&#8221;,&#8221;id&#8221;:&#8221;main-title&#8221;,&#8221;title&#8221;:&#8221;&#8221;,&#8221;subtitle&#8221;:&#8221;&#8221;,&#8221;title_content&#8221;:{&#8220;component&#8221;:&#8221;hc_title_empty&#8221;,&#8221;id&#8221;:&#8221;title-empty&#8221;}},&#8221;section_QvNqz&#8221;:{&#8220;component&#8221;:&#8221;hc_section&#8221;,&#8221;id&#8221;:&#8221;section_QvNqz&#8221;,&#8221;section_width&#8221;:&#8221;&#8221;,&#8221;animation&#8221;:&#8221;&#8221;,&#8221;animation_time&#8221;:&#8221;&#8221;,&#8221;timeline_animation&#8221;:&#8221;&#8221;,&#8221;timeline_delay&#8221;:&#8221;&#8221;,&#8221;timeline_order&#8221;:&#8221;&#8221;,&#8221;vertical_row&#8221;:&#8221;&#8221;,&#8221;css_classes&#8221;:&#8221;section-color no-padding-bottom no-padding-top &#8220;,&#8221;custom_css_classes&#8221;:&#8221;containerblog&#8221;,&#8221;custom_css_styles&#8221;:&#8221;&#8221;,&#8221;section_content&#8221;:[{&#8220;component&#8221;:&#8221;hc_column&#8221;,&#8221;id&#8221;:&#8221;P1FCZ&#8221;,&#8221;column_width&#8221;:&#8221;col-md-12&#8243;,&#8221;animation&#8221;:&#8221;&#8221;,&#8221;animation_time&#8221;:&#8221;&#8221;,&#8221;timeline_animation&#8221;:&#8221;&#8221;,&#8221;timeline_delay&#8221;:&#8221;&#8221;,&#8221;timeline_order&#8221;:&#8221;&#8221;,&#8221;css_classes&#8221;:&#8221;boxed-area align-items-center &#8220;,&#8221;custom_css_classes&#8221;:&#8221;&#8221;,&#8221;custom_css_styles&#8221;:&#8221;&#8221;,&#8221;main_content&#8221;:[{&#8220;component&#8221;:&#8221;hc_title_tag&#8221;,&#8221;id&#8221;:&#8221;5ZtkF&#8221;,&#8221;css_classes&#8221;:&#8221;&#8221;,&#8221;custom_css_classes&#8221;:&#8221;&#8221;,&#8221;custom_css_styles&#8221;:&#8221;&#8221;,&#8221;text&#8221;:&#8221;Almanya\u2019da D\u0131\u015f Ticaret ve T\u00fcrkiye Almanya D\u0131\u015f Ticaret \u0130li\u015fkileri&#8221;,&#8221;tag&#8221;:&#8221;h1&#8243;},{&#8220;component&#8221;:&#8221;hc_image_box&#8221;,&#8221;id&#8221;:&#8221;P92Nk&#8221;,&#8221;css_classes&#8221;:&#8221;&#8221;,&#8221;custom_css_classes&#8221;:&#8221;&#8221;,&#8221;custom_css_styles&#8221;:&#8221;&#8221;,&#8221;image&#8221;:&#8221;https:\/\/www.cigdemguven.com\/medias\/2022\/12\/cigdem-guven-dis-ticareti-cover-1024&#215;714.jpg|753|1080|2783&#8243;,&#8221;link_type&#8221;:&#8221;lightbox&#8221;,&#8221;lightbox_animation&#8221;:&#8221;&#8221;,&#8221;caption&#8221;:&#8221;Almanya\u2019da D\u0131\u015f Ticaret ve T\u00fcrkiye Almanya D\u0131\u015f Ticaret \u0130li\u015fkileri&#8221;,&#8221;inner_caption&#8221;:false,&#8221;new_window&#8221;:false,&#8221;link&#8221;:&#8221;https:\/\/www.cigdemguven.com\/medias\/2022\/12\/cigdem-guven-dis-ticareti-cover-1024&#215;714.jpg&#8221;,&#8221;link_content&#8221;:[],&#8221;lightbox_size&#8221;:&#8221;&#8221;,&#8221;scrollbox&#8221;:false,&#8221;icon&#8221;:&#8221;&#8221;,&#8221;image_animation&#8221;:&#8221;&#8221;,&#8221;icon_animation&#8221;:&#8221;&#8221;,&#8221;thumb_size&#8221;:&#8221;full&#8221;,&#8221;icon_hidden&#8221;:true,&#8221;caption_img_box&#8221;:&#8221;&#8221;,&#8221;alt&#8221;:&#8221;&#8221;}]}],&#8221;section_settings&#8221;:&#8221;&#8221;},&#8221;section_aSGAU&#8221;:{&#8220;component&#8221;:&#8221;hc_section&#8221;,&#8221;id&#8221;:&#8221;section_aSGAU&#8221;,&#8221;section_width&#8221;:&#8221;&#8221;,&#8221;animation&#8221;:&#8221;&#8221;,&#8221;animation_time&#8221;:&#8221;&#8221;,&#8221;timeline_animation&#8221;:&#8221;&#8221;,&#8221;timeline_delay&#8221;:&#8221;&#8221;,&#8221;timeline_order&#8221;:&#8221;&#8221;,&#8221;vertical_row&#8221;:&#8221;&#8221;,&#8221;css_classes&#8221;:&#8221;no-padding-bottom no-padding-top &#8220;,&#8221;custom_css_classes&#8221;:&#8221;blogtext&#8221;,&#8221;custom_css_styles&#8221;:&#8221;&#8221;,&#8221;section_content&#8221;:[{&#8220;component&#8221;:&#8221;hc_column&#8221;,&#8221;id&#8221;:&#8221;column_0qrhK&#8221;,&#8221;column_width&#8221;:&#8221;col-md-12&#8243;,&#8221;animation&#8221;:&#8221;&#8221;,&#8221;animation_time&#8221;:&#8221;&#8221;,&#8221;timeline_animation&#8221;:&#8221;&#8221;,&#8221;timeline_delay&#8221;:&#8221;&#8221;,&#8221;timeline_order&#8221;:&#8221;&#8221;,&#8221;css_classes&#8221;:&#8221;&#8221;,&#8221;custom_css_classes&#8221;:&#8221;&#8221;,&#8221;custom_css_styles&#8221;:&#8221;&#8221;,&#8221;main_content&#8221;:[{&#8220;component&#8221;:&#8221;hc_wp_editor&#8221;,&#8221;id&#8221;:&#8221;gE6EW&#8221;,&#8221;css_classes&#8221;:&#8221;&#8221;,&#8221;custom_css_classes&#8221;:&#8221;&#8221;,&#8221;custom_css_styles&#8221;:&#8221;&#8221;,&#8221;editor_content&#8221;:&#8221;Almanya, y\u00fcksek oranda sanayile\u015fmi\u015f yap\u0131s\u0131, \u00e7e\u015fitlendirilmi\u015f ve istikrarl\u0131 ekonomisi ile yerli i\u015fletmelerimiz i\u00e7in uzun vadeli potansiyel sunmaktad\u0131r. Y\u00fcksek n\u00fcfusu, \u00fcretim ve al\u0131m g\u00fcc\u00fcyle hem T\u00fcrkiye hem de di\u011fer d\u00fcnya \u00fclkeleri i\u00e7in g\u00fcvenilir ve s\u00fcrd\u00fcr\u00fclebilir bir ticaret orta\u011f\u0131d\u0131r.\\n\\n<img class='size-full wp-image-2786 aligncenter' src='https:\/\/www.cigdemguven.com\/medias\/2022\/12\/cigdem-guven-dis-ticareti-01.jpg' alt='' width='1037' height='429'>\\n\\nAlmanya, 84 milyonluk n\u00fcfusu ile Avrupa Birli\u011fi\u2019nin en y\u00fcksek n\u00fcfusa sahip \u00fclkesidir. 2021 y\u0131l\u0131ndaki 3,57 trilyon dolarl\u0131k GSYH b\u00fcy\u00fckl\u00fc\u011f\u00fc ile Avrupa Birli\u011fi\u2019nde lider, d\u00fcnyada ise 4. s\u0131rada yer almaktad\u0131r. D\u00fcnya ithalat\u0131ndaki %6,5\u2019lik pay\u0131 ile ABD ve \u00c7in\u2019in ard\u0131ndan en \u00e7ok ithalat yapan 3. \u00fclke konumundad\u0131r. Uluslararas\u0131 Para Fonu (IMF) verisine g\u00f6re 2021 y\u0131l\u0131nda y\u0131ll\u0131k reel olarak %2,8 oran\u0131nda b\u00fcy\u00fcyen Almanya ekonomisinin, 2022 y\u0131l\u0131nda y\u0131ll\u0131k %2,1 oran\u0131nda b\u00fcy\u00fcyece\u011fi \u00f6ng\u00f6r\u00fclmektedir.\\n\\nBirle\u015fmi\u015f Milletler (UN) Comtrade verilerine g\u00f6re, \u00fclkemizden 2021 y\u0131l\u0131nda ger\u00e7ekle\u015ftirdi\u011fi 19,3 milyar dolarl\u0131k ithalat ile Almanya, T\u00fcrkiye\u2019nin en \u00e7ok ihracat yapt\u0131\u011f\u0131 \u00fclke stat\u00fcs\u00fcndedir. T\u00fcrkiye\u2019nin ihracat yapt\u0131\u011f\u0131 \u00fclkeler aras\u0131ndaki lider pozisyonunu uzun y\u0131llard\u0131r koruyan Almanya, toplam ihracat\u0131m\u0131z i\u00e7erisinde 2017-2021 y\u0131llar\u0131 aras\u0131nda y\u0131ll\u0131k ortalama %10\u2019luk s\u00fcrd\u00fcr\u00fclebilir bir paya sahip olan konumunu b\u00fcy\u00fcterek devam ettirmektedir. T\u00fcrkiye\u2019nin Almanya\u2019dan ithalat\u0131 verisine bak\u0131ld\u0131\u011f\u0131nda ise, 2021 y\u0131l\u0131ndaki 21,7 milyar dolarl\u0131k ithalat ile T\u00fcrkiye, toplam ithalat\u0131n\u0131n %8\u2019ini Almanya\u2019dan yapmaktad\u0131r.\\n\\n<img class='size-full wp-image-2791 aligncenter' src='https:\/\/www.cigdemguven.com\/medias\/2022\/12\/cigdem-guven-dis-ticareti-02.jpg' alt='' width='881' height='335'>\\n<strong style='text-align: center;'>\\nAlmanya Di\u015f Ti\u0307caret Rakamlari &#8211; I\u0307thalat <\/strong>\\n<img class='alignnone size-full wp-image-2794' src='https:\/\/www.cigdemguven.com\/medias\/2022\/12\/cigdem-guven-dis-ticareti-03.jpg' alt='' width='1187' height='549'>\\n<strong style='text-align: center;'>\\nAlmanya\u2019n\u0131n \u0130hracat\u0131nda \u00dclke Da\u011f\u0131l\u0131m\u0131<\/strong>\\n<img class='size-full wp-image-2797 aligncenter' src='https:\/\/www.cigdemguven.com\/medias\/2022\/12\/cigdem-guven-dis-ticareti-04.jpg' alt='' width='705' height='422'>\\n<strong style='text-align: center;'>\\nAlmanya Di\u015f Ti\u0307caret Rakamlari &#8211; I\u0307thalat<\/strong>\\n<img class='alignnone size-full wp-image-2800' src='https:\/\/www.cigdemguven.com\/medias\/2022\/12\/cigdem-guven-dis-ticareti-05.jpg' alt='' width='1183' height='507'>\\n\\n&nbsp;\\n\\n<img class='size-full wp-image-2803 aligncenter' src='https:\/\/www.cigdemguven.com\/medias\/2022\/12\/cigdem-guven-dis-ticareti-06.jpg' alt='' width='819' height='513'>\\n\\n&nbsp;\\n\\n<strong>T\u00fcrki\u0307ye\u2019ni\u0307n Almanya I\u0307le Di\u015f Ti\u0307careti\u0307<\/strong>\\n<\/p>\n<ul>\\n \\t<\/p>\n<li>T\u00fcrkiye\u2019nin Almanya\u2019ya en fazla ihra\u00e7 etti\u011fi \u00fcr\u00fcnler: Otomotiv, makinalar, \u00f6rme giyim e\u015fyas\u0131, elektrikli cihazlar ve demir-\u00e7elikten e\u015fya.<\/li>\n<p>\\n \\t<\/p>\n<li>T\u00fcrkiye\u2019nin Almanya\u2019dan en fazla ithal etti\u011fi \u00fcr\u00fcnler: Makinalar, otomotiv, elektrikli cihazlar, plastikler, eczac\u0131l\u0131k \u00fcr\u00fcnleri.<\/li>\n<p>\\n<\/ul>\n<p>\\n<img class='size-full wp-image-2807 aligncenter' src='https:\/\/www.cigdemguven.com\/medias\/2022\/12\/cigdem-guven-dis-ticareti-07.jpg' alt='' width='650' height='867'>\\n\\n&nbsp;\\n\\n<img class='size-full wp-image-2810 aligncenter' src='https:\/\/www.cigdemguven.com\/medias\/2022\/12\/cigdem-guven-dis-ticareti-08.jpg' alt='' width='630' height='896'>&#8220;}]},{&#8220;component&#8221;:&#8221;hc_column&#8221;,&#8221;id&#8221;:&#8221;column_7aIP1&#8243;,&#8221;column_width&#8221;:&#8221;col-md-12&#8243;,&#8221;animation&#8221;:&#8221;&#8221;,&#8221;animation_time&#8221;:&#8221;&#8221;,&#8221;timeline_animation&#8221;:&#8221;&#8221;,&#8221;timeline_delay&#8221;:&#8221;&#8221;,&#8221;timeline_order&#8221;:&#8221;&#8221;,&#8221;css_classes&#8221;:&#8221;&#8221;,&#8221;custom_css_classes&#8221;:&#8221;socialbox&#8221;,&#8221;custom_css_styles&#8221;:&#8221;&#8221;,&#8221;main_content&#8221;:[{&#8220;component&#8221;:&#8221;hc_space&#8221;,&#8221;id&#8221;:&#8221;Hdg76&#8243;,&#8221;css_classes&#8221;:&#8221;&#8221;,&#8221;custom_css_classes&#8221;:&#8221;&#8221;,&#8221;custom_css_styles&#8221;:&#8221;&#8221;,&#8221;size&#8221;:&#8221;space-sm&#8221;,&#8221;height&#8221;:&#8221;&#8221;},{&#8220;component&#8221;:&#8221;hc_text_block&#8221;,&#8221;id&#8221;:&#8221;zmr0F&#8221;,&#8221;css_classes&#8221;:&#8221;&#8221;,&#8221;custom_css_classes&#8221;:&#8221;&#8221;,&#8221;custom_css_styles&#8221;:&#8221;&#8221;,&#8221;content&#8221;:&#8221;Share:&#8221;},{&#8220;component&#8221;:&#8221;hc_social_share_buttons&#8221;,&#8221;id&#8221;:&#8221;P7L30&#8243;,&#8221;css_classes&#8221;:&#8221;&#8221;,&#8221;custom_css_classes&#8221;:&#8221;&#8221;,&#8221;custom_css_styles&#8221;:&#8221;&#8221;,&#8221;style&#8221;:&#8221;icon-links-button&#8221;,&#8221;size&#8221;:&#8221;&#8221;,&#8221;alignment&#8221;:&#8221;&#8221;,&#8221;type&#8221;:&#8221;&#8221;,&#8221;social_colors&#8221;:true,&#8221;fb&#8221;:true,&#8221;fb_link&#8221;:&#8221;&#8221;,&#8221;tw&#8221;:true,&#8221;tw_link&#8221;:&#8221;&#8221;,&#8221;pi&#8221;:true,&#8221;pi_link&#8221;:&#8221;&#8221;,&#8221;li&#8221;:true,&#8221;li_link&#8221;:&#8221;&#8221;}]}],&#8221;section_settings&#8221;:&#8221;&#8221;},&#8221;section_dDpN7&#8243;:{&#8220;component&#8221;:&#8221;hc_section&#8221;,&#8221;id&#8221;:&#8221;section_dDpN7&#8243;,&#8221;section_width&#8221;:&#8221;&#8221;,&#8221;animation&#8221;:&#8221;&#8221;,&#8221;animation_time&#8221;:&#8221;&#8221;,&#8221;timeline_animation&#8221;:&#8221;&#8221;,&#8221;timeline_delay&#8221;:&#8221;&#8221;,&#8221;timeline_order&#8221;:&#8221;&#8221;,&#8221;vertical_row&#8221;:&#8221;&#8221;,&#8221;css_classes&#8221;:&#8221;section-color &#8220;,&#8221;custom_css_classes&#8221;:&#8221;&#8221;,&#8221;custom_css_styles&#8221;:&#8221;&#8221;,&#8221;section_content&#8221;:[{&#8220;component&#8221;:&#8221;hc_column&#8221;,&#8221;id&#8221;:&#8221;XLZ44&#8243;,&#8221;column_width&#8221;:&#8221;col-md-12&#8243;,&#8221;animation&#8221;:&#8221;&#8221;,&#8221;animation_time&#8221;:&#8221;&#8221;,&#8221;timeline_animation&#8221;:&#8221;&#8221;,&#8221;timeline_delay&#8221;:&#8221;&#8221;,&#8221;timeline_order&#8221;:&#8221;&#8221;,&#8221;css_classes&#8221;:&#8221;&#8221;,&#8221;custom_css_classes&#8221;:&#8221;&#8221;,&#8221;custom_css_styles&#8221;:&#8221;&#8221;,&#8221;main_content&#8221;:[{&#8220;component&#8221;:&#8221;hc_title_tag&#8221;,&#8221;id&#8221;:&#8221;4AoyD&#8221;,&#8221;css_classes&#8221;:&#8221;&#8221;,&#8221;custom_css_classes&#8221;:&#8221;&#8221;,&#8221;custom_css_styles&#8221;:&#8221;&#8221;,&#8221;text&#8221;:&#8221;Son Yaz\u0131lar&#8221;,&#8221;tag&#8221;:&#8221;h2&#8243;},{&#8220;component&#8221;:&#8221;hc_space&#8221;,&#8221;id&#8221;:&#8221;TsAHd&#8221;,&#8221;css_classes&#8221;:&#8221;&#8221;,&#8221;custom_css_classes&#8221;:&#8221;&#8221;,&#8221;custom_css_styles&#8221;:&#8221;&#8221;,&#8221;size&#8221;:&#8221;space&#8221;,&#8221;height&#8221;:&#8221;&#8221;},{&#8220;component&#8221;:&#8221;hc_pt_grid_list&#8221;,&#8221;id&#8221;:&#8221;J9IEW&#8221;,&#8221;css_classes&#8221;:&#8221;&#8221;,&#8221;custom_css_classes&#8221;:&#8221;&#8221;,&#8221;custom_css_styles&#8221;:&#8221;&#8221;,&#8221;post_type_slug&#8221;:&#8221;post&#8221;,&#8221;post_type_category&#8221;:&#8221;yazilar&#8221;,&#8221;column&#8221;:&#8221;2&#8243;,&#8221;column_lg&#8221;:&#8221;2&#8243;,&#8221;column_md&#8221;:&#8221;2&#8243;,&#8221;column_sm&#8221;:&#8221;1&#8243;,&#8221;column_xs&#8221;:&#8221;1&#8243;,&#8221;margins&#8221;:&#8221;&#8221;,&#8221;pag_type&#8221;:&#8221;load_more&#8221;,&#8221;pag_items&#8221;:&#8221;2&#8243;,&#8221;pag_size&#8221;:&#8221;&#8221;,&#8221;pag_animation&#8221;:&#8221;fade-top&#8221;,&#8221;pag_scroll_top&#8221;:false,&#8221;pag_position&#8221;:&#8221;align-center&#8221;,&#8221;pag_button_prev&#8221;:&#8221;&#8221;,&#8221;pag_button_next&#8221;:&#8221;&#8221;,&#8221;lm_lazy&#8221;:false,&#8221;lm_button_text&#8221;:&#8221;Daha Fazla&#8221;,&#8221;box&#8221;:&#8221;blog_top&#8221;,&#8221;boxed&#8221;:true,&#8221;extra&#8221;:false,&#8221;content&#8221;:&#8221;&#8221;,&#8221;title_length&#8221;:&#8221;36&#8243;,&#8221;excerpt_length&#8221;:&#8221;75&#8243;,&#8221;title_size&#8221;:&#8221;text-md&#8221;,&#8221;custom_css&#8221;:&#8221;&#8221;,&#8221;button_text&#8221;:&#8221;&#8221;,&#8221;button_style&#8221;:&#8221;square&#8221;,&#8221;button_dimensions&#8221;:&#8221;btn-lg&#8221;,&#8221;button_animation&#8221;:false,&#8221;button_icon&#8221;:&#8221;&#8221;}]}],&#8221;section_settings&#8221;:&#8221;&#8221;},&#8221;scripts&#8221;:{&#8220;lightbox&#8221;:&#8221;magnific-popup.min.js&#8221;,&#8221;pagination&#8221;:&#8221;pagination.min.js&#8221;},&#8221;css&#8221;:{&#8220;lightbox&#8221;:&#8221;css\/magnific-popup.css&#8221;,&#8221;content_box&#8221;:&#8221;css\/content-box.css&#8221;,&#8221;media_box&#8221;:&#8221;css\/media-box.css&#8221;},&#8221;css_page&#8221;:&#8221;p img {text-align:center !important;}&#8221;,&#8221;template_setting&#8221;:{},&#8221;template_setting_top&#8221;:{},&#8221;page_setting&#8221;:{&#8220;settings&#8221;:[&#8220;lock-mode-off&#8221;]},&#8221;post_type_setting&#8221;:{&#8220;settings&#8221;:{&#8220;image&#8221;:&#8221;https:\/\/www.cigdemguven.com\/medias\/2022\/12\/cigdem-guven-dis-ticareti-cover-1024&#215;714.jpg|753|1080|2783&#8243;,&#8221;excerpt&#8221;:&#8221;Almanya, y\u00fcksek oranda sanayile\u015fmi\u015f yap\u0131s\u0131, \u00e7e\u015fitlendirilmi\u015f ve istikrarl\u0131 ekonomisi ile yerli i\u015fletmelerimiz i\u00e7in uzun vadeli potansiyel sunmaktad\u0131r. Y\u00fcksek n\u00fcfusu, \u00fcretim ve al\u0131m g\u00fcc\u00fcyle hem T\u00fcrkiye hem de di\u011fer d\u00fcnya \u00fclkeleri i\u00e7in g\u00fcvenilir ve s\u00fcrd\u00fcr\u00fclebilir bir ticaret orta\u011f\u0131d\u0131r.&#8221;,&#8221;extra_1&#8243;:&#8221;Yaz\u0131&#8221;,&#8221;extra_2&#8243;:&#8221;&#8221;,&#8221;icon&#8221;:{&#8220;icon&#8221;:&#8221;&#8221;,&#8221;icon_style&#8221;:&#8221;&#8221;,&#8221;icon_image&#8221;:&#8221;&#8221;}}}}<\/p>\n","protected":false},"excerpt":{"rendered":"<p>Almanya, y\u00fcksek oranda sanayile\u015fmi\u015f yap\u0131s\u0131, \u00e7e\u015fitlendirilmi\u015f ve istikrarl\u0131 ekonomisi ile yerli i\u015fletmelerimiz i\u00e7in uzun vadeli potansiyel sunmaktad\u0131r. Y\u00fcksek n\u00fcfusu, \u00fcretim ve al\u0131m g\u00fcc\u00fcyle hem T\u00fcrkiye hem de di\u011fer d\u00fcnya \u00fclkeleri i\u00e7in g\u00fcvenilir ve s\u00fcrd\u00fcr\u00fclebilir bir ticaret orta\u011f\u0131d\u0131r.<\/p>\n","protected":false},"author":1,"featured_media":2783,"comment_status":"closed","ping_status":"open","sticky":false,"template":"","format":"standard","meta":{"footnotes":""},"categories":[12,19],"tags":[],"class_list":["post-2782","post","type-post","status-publish","format-standard","has-post-thumbnail","hentry","category-genel","category-yazilar"],"yoast_head":"\n<title>Almanya\u2019da D\u0131\u015f Ticaret ve T\u00fcrkiye Almanya D\u0131\u015f Ticaret \u0130li\u015fkileri | \u00c7i\u011fdem G\u00fcven Management Consulting &amp; Coaching &amp; Mentoring Services<\/title>\n<meta name=\"robots\" content=\"index, follow, max-snippet:-1, max-image-preview:large, max-video-preview:-1\" \/>\n<link rel=\"canonical\" href=\"https:\/\/www.cigdemguven.com\/tr\/genel\/almanyada-dis-ticaret-ve-turkiye-almanya-dis-ticaret-iliskileri\/\" \/>\n<meta property=\"og:locale\" content=\"tr_TR\" \/>\n<meta property=\"og:type\" content=\"article\" \/>\n<meta property=\"og:title\" content=\"Almanya\u2019da D\u0131\u015f Ticaret ve T\u00fcrkiye Almanya D\u0131\u015f Ticaret \u0130li\u015fkileri | \u00c7i\u011fdem G\u00fcven Management Consulting &amp; Coaching &amp; Mentoring Services\" \/>\n<meta property=\"og:description\" content=\"Almanya, y\u00fcksek oranda sanayile\u015fmi\u015f yap\u0131s\u0131, \u00e7e\u015fitlendirilmi\u015f ve istikrarl\u0131 ekonomisi ile yerli i\u015fletmelerimiz i\u00e7in uzun vadeli potansiyel sunmaktad\u0131r. Y\u00fcksek n\u00fcfusu, \u00fcretim ve al\u0131m g\u00fcc\u00fcyle hem T\u00fcrkiye hem de di\u011fer d\u00fcnya \u00fclkeleri i\u00e7in g\u00fcvenilir ve s\u00fcrd\u00fcr\u00fclebilir bir ticaret orta\u011f\u0131d\u0131r.\" \/>\n<meta property=\"og:url\" content=\"https:\/\/www.cigdemguven.com\/tr\/genel\/almanyada-dis-ticaret-ve-turkiye-almanya-dis-ticaret-iliskileri\/\" \/>\n<meta property=\"og:site_name\" content=\"\u00c7i\u011fdem G\u00fcven Management Consulting &amp; Coaching &amp; Mentoring Services\" \/>\n<meta property=\"article:publisher\" content=\"https:\/\/www.facebook.com\/cigdemguvendanisman\" \/>\n<meta property=\"article:published_time\" content=\"2022-12-26T17:50:02+00:00\" \/>\n<meta property=\"article:modified_time\" content=\"2023-04-28T01:23:26+00:00\" \/>\n<meta property=\"og:image\" content=\"https:\/\/www.cigdemguven.com\/medias\/2022\/12\/cigdem-guven-dis-ticareti-cover.jpg\" \/>\n\t<meta property=\"og:image:width\" content=\"1080\" \/>\n\t<meta property=\"og:image:height\" content=\"753\" \/>\n\t<meta property=\"og:image:type\" content=\"image\/jpeg\" \/>\n<meta name=\"author\" content=\"\u00c7i\u011fdem G\u00fcven\" \/>\n<meta name=\"twitter:card\" content=\"summary_large_image\" \/>\n<meta name=\"twitter:creator\" content=\"@cigdemguvencom\" \/>\n<meta name=\"twitter:site\" content=\"@cigdemguvencom\" \/>\n<meta name=\"twitter:label1\" content=\"Yazan:\" \/>\n\t<meta name=\"twitter:data1\" content=\"\u00c7i\u011fdem G\u00fcven\" \/>\n\t<meta name=\"twitter:label2\" content=\"Tahmini okuma s\u00fcresi\" \/>\n\t<meta name=\"twitter:data2\" content=\"5 dakika\" \/>\n<script type=\"application\/ld+json\" class=\"yoast-schema-graph\">{\"@context\":\"https:\/\/schema.org\",\"@graph\":[{\"@type\":\"Article\",\"@id\":\"https:\/\/www.cigdemguven.com\/tr\/genel\/almanyada-dis-ticaret-ve-turkiye-almanya-dis-ticaret-iliskileri\/#article\",\"isPartOf\":{\"@id\":\"https:\/\/www.cigdemguven.com\/tr\/genel\/almanyada-dis-ticaret-ve-turkiye-almanya-dis-ticaret-iliskileri\/\"},\"author\":{\"name\":\"\u00c7i\u011fdem G\u00fcven\",\"@id\":\"https:\/\/www.cigdemguven.com\/tr\/#\/schema\/person\/abd506d3b37ae4dd04e7393ca6ac5921\"},\"headline\":\"Almanya\u2019da D\u0131\u015f Ticaret ve T\u00fcrkiye Almanya D\u0131\u015f Ticaret \u0130li\u015fkileri\",\"datePublished\":\"2022-12-26T17:50:02+00:00\",\"dateModified\":\"2023-04-28T01:23:26+00:00\",\"mainEntityOfPage\":{\"@id\":\"https:\/\/www.cigdemguven.com\/tr\/genel\/almanyada-dis-ticaret-ve-turkiye-almanya-dis-ticaret-iliskileri\/\"},\"wordCount\":1082,\"publisher\":{\"@id\":\"https:\/\/www.cigdemguven.com\/tr\/#organization\"},\"articleSection\":{\"1\":\"Yaz\u0131lar\"},\"inLanguage\":\"tr\"},{\"@type\":\"WebPage\",\"@id\":\"https:\/\/www.cigdemguven.com\/tr\/genel\/almanyada-dis-ticaret-ve-turkiye-almanya-dis-ticaret-iliskileri\/\",\"url\":\"https:\/\/www.cigdemguven.com\/tr\/genel\/almanyada-dis-ticaret-ve-turkiye-almanya-dis-ticaret-iliskileri\/\",\"name\":\"Almanya\u2019da D\u0131\u015f Ticaret ve T\u00fcrkiye Almanya D\u0131\u015f Ticaret \u0130li\u015fkileri | \u00c7i\u011fdem G\u00fcven Management Consulting &amp; Coaching &amp; Mentoring Services\",\"isPartOf\":{\"@id\":\"https:\/\/www.cigdemguven.com\/tr\/#website\"},\"datePublished\":\"2022-12-26T17:50:02+00:00\",\"dateModified\":\"2023-04-28T01:23:26+00:00\",\"breadcrumb\":{\"@id\":\"https:\/\/www.cigdemguven.com\/tr\/genel\/almanyada-dis-ticaret-ve-turkiye-almanya-dis-ticaret-iliskileri\/#breadcrumb\"},\"inLanguage\":\"tr\",\"potentialAction\":[{\"@type\":\"ReadAction\",\"target\":[\"https:\/\/www.cigdemguven.com\/tr\/genel\/almanyada-dis-ticaret-ve-turkiye-almanya-dis-ticaret-iliskileri\/\"]}]},{\"@type\":\"BreadcrumbList\",\"@id\":\"https:\/\/www.cigdemguven.com\/tr\/genel\/almanyada-dis-ticaret-ve-turkiye-almanya-dis-ticaret-iliskileri\/#breadcrumb\",\"itemListElement\":[{\"@type\":\"ListItem\",\"position\":1,\"name\":\"Home\",\"item\":\"https:\/\/www.cigdemguven.com\/tr\/\"},{\"@type\":\"ListItem\",\"position\":2,\"name\":\"Almanya\u2019da D\u0131\u015f Ticaret ve T\u00fcrkiye Almanya D\u0131\u015f Ticaret \u0130li\u015fkileri\"}]},{\"@type\":\"WebSite\",\"@id\":\"https:\/\/www.cigdemguven.com\/tr\/#website\",\"url\":\"https:\/\/www.cigdemguven.com\/tr\/\",\"name\":\"\u00c7i\u011fdem G\u00fcven Management Consulting &amp; Coaching &amp; Mentoring Services\",\"description\":\"Management Consulting &amp; Coaching &amp; Mentoring Services\",\"publisher\":{\"@id\":\"https:\/\/www.cigdemguven.com\/tr\/#organization\"},\"potentialAction\":[{\"@type\":\"SearchAction\",\"target\":{\"@type\":\"EntryPoint\",\"urlTemplate\":\"https:\/\/www.cigdemguven.com\/tr\/?s={search_term_string}\"},\"query-input\":\"required name=search_term_string\"}],\"inLanguage\":\"tr\"},{\"@type\":\"Organization\",\"@id\":\"https:\/\/www.cigdemguven.com\/tr\/#organization\",\"name\":\"\u00c7i\u011fdem G\u00fcven Management Consulting & Coaching & Mentoring Services\",\"url\":\"https:\/\/www.cigdemguven.com\/tr\/\",\"logo\":{\"@type\":\"ImageObject\",\"inLanguage\":\"tr\",\"@id\":\"https:\/\/www.cigdemguven.com\/tr\/#\/schema\/logo\/image\/\",\"url\":\"https:\/\/www.cigdemguven.com\/medias\/2021\/12\/cigdem-guven-logo.svg\",\"contentUrl\":\"https:\/\/www.cigdemguven.com\/medias\/2021\/12\/cigdem-guven-logo.svg\",\"width\":1,\"height\":1,\"caption\":\"\u00c7i\u011fdem G\u00fcven Management Consulting & Coaching & Mentoring Services\"},\"image\":{\"@id\":\"https:\/\/www.cigdemguven.com\/tr\/#\/schema\/logo\/image\/\"},\"sameAs\":[\"https:\/\/www.facebook.com\/cigdemguvendanisman\",\"https:\/\/twitter.com\/cigdemguvencom\",\"https:\/\/www.instagram.com\/cigdemguvendanismanlik\/\",\"https:\/\/www.linkedin.com\/in\/cigdemguvendanismanlik\/\"]},{\"@type\":\"Person\",\"@id\":\"https:\/\/www.cigdemguven.com\/tr\/#\/schema\/person\/abd506d3b37ae4dd04e7393ca6ac5921\",\"name\":\"\u00c7i\u011fdem G\u00fcven\",\"sameAs\":[\"https:\/\/www.cigdemguven.com\"],\"url\":\"https:\/\/www.cigdemguven.com\/tr\/author\/cigdemguven\/\"}]}<\/script>\n","yoast_head_json":{"title":"Almanya\u2019da D\u0131\u015f Ticaret ve T\u00fcrkiye Almanya D\u0131\u015f Ticaret \u0130li\u015fkileri | \u00c7i\u011fdem G\u00fcven Management Consulting &amp; Coaching &amp; Mentoring Services","robots":{"index":"index","follow":"follow","max-snippet":"max-snippet:-1","max-image-preview":"max-image-preview:large","max-video-preview":"max-video-preview:-1"},"canonical":"https:\/\/www.cigdemguven.com\/tr\/genel\/almanyada-dis-ticaret-ve-turkiye-almanya-dis-ticaret-iliskileri\/","og_locale":"tr_TR","og_type":"article","og_title":"Almanya\u2019da D\u0131\u015f Ticaret ve T\u00fcrkiye Almanya D\u0131\u015f Ticaret \u0130li\u015fkileri | \u00c7i\u011fdem G\u00fcven Management Consulting &amp; Coaching &amp; Mentoring Services","og_description":"Almanya, y\u00fcksek oranda sanayile\u015fmi\u015f yap\u0131s\u0131, \u00e7e\u015fitlendirilmi\u015f ve istikrarl\u0131 ekonomisi ile yerli i\u015fletmelerimiz i\u00e7in uzun vadeli potansiyel sunmaktad\u0131r. Y\u00fcksek n\u00fcfusu, \u00fcretim ve al\u0131m g\u00fcc\u00fcyle hem T\u00fcrkiye hem de di\u011fer d\u00fcnya \u00fclkeleri i\u00e7in g\u00fcvenilir ve s\u00fcrd\u00fcr\u00fclebilir bir ticaret orta\u011f\u0131d\u0131r.","og_url":"https:\/\/www.cigdemguven.com\/tr\/genel\/almanyada-dis-ticaret-ve-turkiye-almanya-dis-ticaret-iliskileri\/","og_site_name":"\u00c7i\u011fdem G\u00fcven Management Consulting &amp; Coaching &amp; Mentoring Services","article_publisher":"https:\/\/www.facebook.com\/cigdemguvendanisman","article_published_time":"2022-12-26T17:50:02+00:00","article_modified_time":"2023-04-28T01:23:26+00:00","og_image":[{"width":1080,"height":753,"url":"https:\/\/www.cigdemguven.com\/medias\/2022\/12\/cigdem-guven-dis-ticareti-cover.jpg","type":"image\/jpeg"}],"author":"\u00c7i\u011fdem G\u00fcven","twitter_card":"summary_large_image","twitter_creator":"@cigdemguvencom","twitter_site":"@cigdemguvencom","twitter_misc":{"Yazan:":"\u00c7i\u011fdem G\u00fcven","Tahmini okuma s\u00fcresi":"5 dakika"},"schema":{"@context":"https:\/\/schema.org","@graph":[{"@type":"Article","@id":"https:\/\/www.cigdemguven.com\/tr\/genel\/almanyada-dis-ticaret-ve-turkiye-almanya-dis-ticaret-iliskileri\/#article","isPartOf":{"@id":"https:\/\/www.cigdemguven.com\/tr\/genel\/almanyada-dis-ticaret-ve-turkiye-almanya-dis-ticaret-iliskileri\/"},"author":{"name":"\u00c7i\u011fdem G\u00fcven","@id":"https:\/\/www.cigdemguven.com\/tr\/#\/schema\/person\/abd506d3b37ae4dd04e7393ca6ac5921"},"headline":"Almanya\u2019da D\u0131\u015f Ticaret ve T\u00fcrkiye Almanya D\u0131\u015f Ticaret \u0130li\u015fkileri","datePublished":"2022-12-26T17:50:02+00:00","dateModified":"2023-04-28T01:23:26+00:00","mainEntityOfPage":{"@id":"https:\/\/www.cigdemguven.com\/tr\/genel\/almanyada-dis-ticaret-ve-turkiye-almanya-dis-ticaret-iliskileri\/"},"wordCount":1082,"publisher":{"@id":"https:\/\/www.cigdemguven.com\/tr\/#organization"},"articleSection":{"1":"Yaz\u0131lar"},"inLanguage":"tr"},{"@type":"WebPage","@id":"https:\/\/www.cigdemguven.com\/tr\/genel\/almanyada-dis-ticaret-ve-turkiye-almanya-dis-ticaret-iliskileri\/","url":"https:\/\/www.cigdemguven.com\/tr\/genel\/almanyada-dis-ticaret-ve-turkiye-almanya-dis-ticaret-iliskileri\/","name":"Almanya\u2019da D\u0131\u015f Ticaret ve T\u00fcrkiye Almanya D\u0131\u015f Ticaret \u0130li\u015fkileri | \u00c7i\u011fdem G\u00fcven Management Consulting &amp; Coaching &amp; Mentoring Services","isPartOf":{"@id":"https:\/\/www.cigdemguven.com\/tr\/#website"},"datePublished":"2022-12-26T17:50:02+00:00","dateModified":"2023-04-28T01:23:26+00:00","breadcrumb":{"@id":"https:\/\/www.cigdemguven.com\/tr\/genel\/almanyada-dis-ticaret-ve-turkiye-almanya-dis-ticaret-iliskileri\/#breadcrumb"},"inLanguage":"tr","potentialAction":[{"@type":"ReadAction","target":["https:\/\/www.cigdemguven.com\/tr\/genel\/almanyada-dis-ticaret-ve-turkiye-almanya-dis-ticaret-iliskileri\/"]}]},{"@type":"BreadcrumbList","@id":"https:\/\/www.cigdemguven.com\/tr\/genel\/almanyada-dis-ticaret-ve-turkiye-almanya-dis-ticaret-iliskileri\/#breadcrumb","itemListElement":[{"@type":"ListItem","position":1,"name":"Home","item":"https:\/\/www.cigdemguven.com\/tr\/"},{"@type":"ListItem","position":2,"name":"Almanya\u2019da D\u0131\u015f Ticaret ve T\u00fcrkiye Almanya D\u0131\u015f Ticaret \u0130li\u015fkileri"}]},{"@type":"WebSite","@id":"https:\/\/www.cigdemguven.com\/tr\/#website","url":"https:\/\/www.cigdemguven.com\/tr\/","name":"\u00c7i\u011fdem G\u00fcven Management Consulting &amp; Coaching &amp; Mentoring Services","description":"Management Consulting &amp; Coaching &amp; Mentoring Services","publisher":{"@id":"https:\/\/www.cigdemguven.com\/tr\/#organization"},"potentialAction":[{"@type":"SearchAction","target":{"@type":"EntryPoint","urlTemplate":"https:\/\/www.cigdemguven.com\/tr\/?s={search_term_string}"},"query-input":"required name=search_term_string"}],"inLanguage":"tr"},{"@type":"Organization","@id":"https:\/\/www.cigdemguven.com\/tr\/#organization","name":"\u00c7i\u011fdem G\u00fcven Management Consulting & Coaching & Mentoring Services","url":"https:\/\/www.cigdemguven.com\/tr\/","logo":{"@type":"ImageObject","inLanguage":"tr","@id":"https:\/\/www.cigdemguven.com\/tr\/#\/schema\/logo\/image\/","url":"https:\/\/www.cigdemguven.com\/medias\/2021\/12\/cigdem-guven-logo.svg","contentUrl":"https:\/\/www.cigdemguven.com\/medias\/2021\/12\/cigdem-guven-logo.svg","width":1,"height":1,"caption":"\u00c7i\u011fdem G\u00fcven Management Consulting & Coaching & Mentoring Services"},"image":{"@id":"https:\/\/www.cigdemguven.com\/tr\/#\/schema\/logo\/image\/"},"sameAs":["https:\/\/www.facebook.com\/cigdemguvendanisman","https:\/\/twitter.com\/cigdemguvencom","https:\/\/www.instagram.com\/cigdemguvendanismanlik\/","https:\/\/www.linkedin.com\/in\/cigdemguvendanismanlik\/"]},{"@type":"Person","@id":"https:\/\/www.cigdemguven.com\/tr\/#\/schema\/person\/abd506d3b37ae4dd04e7393ca6ac5921","name":"\u00c7i\u011fdem G\u00fcven","sameAs":["https:\/\/www.cigdemguven.com"],"url":"https:\/\/www.cigdemguven.com\/tr\/author\/cigdemguven\/"}]}},"_links":{"self":[{"href":"https:\/\/www.cigdemguven.com\/tr\/wp-json\/wp\/v2\/posts\/2782","targetHints":{"allow":["GET"]}}],"collection":[{"href":"https:\/\/www.cigdemguven.com\/tr\/wp-json\/wp\/v2\/posts"}],"about":[{"href":"https:\/\/www.cigdemguven.com\/tr\/wp-json\/wp\/v2\/types\/post"}],"author":[{"embeddable":true,"href":"https:\/\/www.cigdemguven.com\/tr\/wp-json\/wp\/v2\/users\/1"}],"replies":[{"embeddable":true,"href":"https:\/\/www.cigdemguven.com\/tr\/wp-json\/wp\/v2\/comments?post=2782"}],"version-history":[{"count":11,"href":"https:\/\/www.cigdemguven.com\/tr\/wp-json\/wp\/v2\/posts\/2782\/revisions"}],"predecessor-version":[{"id":3168,"href":"https:\/\/www.cigdemguven.com\/tr\/wp-json\/wp\/v2\/posts\/2782\/revisions\/3168"}],"wp:featuredmedia":[{"embeddable":true,"href":"https:\/\/www.cigdemguven.com\/tr\/wp-json\/wp\/v2\/media\/2783"}],"wp:attachment":[{"href":"https:\/\/www.cigdemguven.com\/tr\/wp-json\/wp\/v2\/media?parent=2782"}],"wp:term":[{"taxonomy":"category","embeddable":true,"href":"https:\/\/www.cigdemguven.com\/tr\/wp-json\/wp\/v2\/categories?post=2782"},{"taxonomy":"post_tag","embeddable":true,"href":"https:\/\/www.cigdemguven.com\/tr\/wp-json\/wp\/v2\/tags?post=2782"}],"curies":[{"name":"wp","href":"https:\/\/api.w.org\/{rel}","templated":true}]}}