{"id":2324,"date":"2022-06-09T10:56:47","date_gmt":"2022-06-09T07:56:47","guid":{"rendered":"https:\/\/www.cigdemguven.com\/?p=2324"},"modified":"2022-08-11T15:21:51","modified_gmt":"2022-08-11T12:21:51","slug":"piyasalarda-ahlak-algisi","status":"publish","type":"post","link":"https:\/\/www.cigdemguven.com\/tr\/genel\/piyasalarda-ahlak-algisi\/","title":{"rendered":"Piyasalarda Ahlak Alg\u0131s\u0131"},"content":{"rendered":"<p>{&#8220;main-title&#8221;:{&#8220;component&#8221;:&#8221;hc_title&#8221;,&#8221;id&#8221;:&#8221;main-title&#8221;,&#8221;title&#8221;:&#8221;&#8221;,&#8221;subtitle&#8221;:&#8221;&#8221;,&#8221;title_content&#8221;:{&#8220;component&#8221;:&#8221;hc_title_empty&#8221;,&#8221;id&#8221;:&#8221;title-empty&#8221;}},&#8221;section_QvNqz&#8221;:{&#8220;component&#8221;:&#8221;hc_section&#8221;,&#8221;id&#8221;:&#8221;section_QvNqz&#8221;,&#8221;section_width&#8221;:&#8221;&#8221;,&#8221;animation&#8221;:&#8221;&#8221;,&#8221;animation_time&#8221;:&#8221;&#8221;,&#8221;timeline_animation&#8221;:&#8221;&#8221;,&#8221;timeline_delay&#8221;:&#8221;&#8221;,&#8221;timeline_order&#8221;:&#8221;&#8221;,&#8221;vertical_row&#8221;:&#8221;&#8221;,&#8221;css_classes&#8221;:&#8221;section-color no-padding-bottom no-padding-top &#8220;,&#8221;custom_css_classes&#8221;:&#8221;containerblog&#8221;,&#8221;custom_css_styles&#8221;:&#8221;&#8221;,&#8221;section_content&#8221;:[{&#8220;component&#8221;:&#8221;hc_column&#8221;,&#8221;id&#8221;:&#8221;P1FCZ&#8221;,&#8221;column_width&#8221;:&#8221;col-md-12&#8243;,&#8221;animation&#8221;:&#8221;&#8221;,&#8221;animation_time&#8221;:&#8221;&#8221;,&#8221;timeline_animation&#8221;:&#8221;&#8221;,&#8221;timeline_delay&#8221;:&#8221;&#8221;,&#8221;timeline_order&#8221;:&#8221;&#8221;,&#8221;css_classes&#8221;:&#8221;boxed-area align-items-center &#8220;,&#8221;custom_css_classes&#8221;:&#8221;&#8221;,&#8221;custom_css_styles&#8221;:&#8221;&#8221;,&#8221;main_content&#8221;:[{&#8220;component&#8221;:&#8221;hc_title_tag&#8221;,&#8221;id&#8221;:&#8221;5ZtkF&#8221;,&#8221;css_classes&#8221;:&#8221;&#8221;,&#8221;custom_css_classes&#8221;:&#8221;&#8221;,&#8221;custom_css_styles&#8221;:&#8221;&#8221;,&#8221;text&#8221;:&#8221;Piyasalarda Ahlak Alg\u0131s\u0131&#8221;,&#8221;tag&#8221;:&#8221;h1&#8243;},{&#8220;component&#8221;:&#8221;hc_image_box&#8221;,&#8221;id&#8221;:&#8221;P92Nk&#8221;,&#8221;css_classes&#8221;:&#8221;&#8221;,&#8221;custom_css_classes&#8221;:&#8221;&#8221;,&#8221;custom_css_styles&#8221;:&#8221;&#8221;,&#8221;image&#8221;:&#8221;https:\/\/www.cigdemguven.com\/medias\/2022\/06\/cigdem-guven-markets-1024&#215;714.jpg|753|1080|2327&#8243;,&#8221;link_type&#8221;:&#8221;lightbox&#8221;,&#8221;lightbox_animation&#8221;:&#8221;&#8221;,&#8221;caption&#8221;:&#8221;Piyasalarda Ahlak Alg\u0131s\u0131&#8221;,&#8221;inner_caption&#8221;:false,&#8221;new_window&#8221;:false,&#8221;link&#8221;:&#8221;https:\/\/www.cigdemguven.com\/medias\/2022\/06\/cigdem-guven-markets-1024&#215;714.jpg&#8221;,&#8221;link_content&#8221;:[],&#8221;lightbox_size&#8221;:&#8221;&#8221;,&#8221;scrollbox&#8221;:false,&#8221;icon&#8221;:&#8221;&#8221;,&#8221;image_animation&#8221;:&#8221;&#8221;,&#8221;icon_animation&#8221;:&#8221;&#8221;,&#8221;thumb_size&#8221;:&#8221;full&#8221;,&#8221;icon_hidden&#8221;:true,&#8221;caption_img_box&#8221;:&#8221;&#8221;,&#8221;alt&#8221;:&#8221;&#8221;}]}],&#8221;section_settings&#8221;:&#8221;&#8221;},&#8221;section_aSGAU&#8221;:{&#8220;component&#8221;:&#8221;hc_section&#8221;,&#8221;id&#8221;:&#8221;section_aSGAU&#8221;,&#8221;section_width&#8221;:&#8221;&#8221;,&#8221;animation&#8221;:&#8221;&#8221;,&#8221;animation_time&#8221;:&#8221;&#8221;,&#8221;timeline_animation&#8221;:&#8221;&#8221;,&#8221;timeline_delay&#8221;:&#8221;&#8221;,&#8221;timeline_order&#8221;:&#8221;&#8221;,&#8221;vertical_row&#8221;:&#8221;&#8221;,&#8221;css_classes&#8221;:&#8221;no-padding-bottom no-padding-top &#8220;,&#8221;custom_css_classes&#8221;:&#8221;blogtext&#8221;,&#8221;custom_css_styles&#8221;:&#8221;&#8221;,&#8221;section_content&#8221;:[{&#8220;component&#8221;:&#8221;hc_column&#8221;,&#8221;id&#8221;:&#8221;column_0qrhK&#8221;,&#8221;column_width&#8221;:&#8221;col-md-12&#8243;,&#8221;animation&#8221;:&#8221;&#8221;,&#8221;animation_time&#8221;:&#8221;&#8221;,&#8221;timeline_animation&#8221;:&#8221;&#8221;,&#8221;timeline_delay&#8221;:&#8221;&#8221;,&#8221;timeline_order&#8221;:&#8221;&#8221;,&#8221;css_classes&#8221;:&#8221;&#8221;,&#8221;custom_css_classes&#8221;:&#8221;&#8221;,&#8221;custom_css_styles&#8221;:&#8221;&#8221;,&#8221;main_content&#8221;:[{&#8220;component&#8221;:&#8221;hc_wp_editor&#8221;,&#8221;id&#8221;:&#8221;gE6EW&#8221;,&#8221;css_classes&#8221;:&#8221;&#8221;,&#8221;custom_css_classes&#8221;:&#8221;&#8221;,&#8221;custom_css_styles&#8221;:&#8221;&#8221;,&#8221;editor_content&#8221;:&#8221;<strong>Giri\u015f<\/strong>\\n\\nD\u00fcnyadaki herkes pencereden atlasa, sen atlar m\u0131yd\u0131n? Bu soru ilk ba\u015fta alakas\u0131z gibi g\u00f6r\u00fcnebilir ancak g\u00f6r\u00fcnd\u00fc\u011f\u00fcnden daha fazlas\u0131 var burada. Herkes yapt\u0131\u011f\u0131 i\u00e7in herkes d\u0131\u015far\u0131 f\u0131rlasayd\u0131, eylemin \u00f6nemi ve tehlikesi ayn\u0131 seviyede mi olurdu? Bu makale boyunca, piyasalar\u0131n ahlaki olarak sorgulanabilecek davran\u0131\u015flar\u0131 te\u015fvik edip etmedi\u011fini ve toplum olarak onlar\u0131n rollerini ve yerlerini yeniden d\u00fc\u015f\u00fcnmemiz gerekip gerekmedi\u011fini ara\u015ft\u0131raca\u011f\u0131m. Yukar\u0131daki soru \u015fu anda elimizdeki konuyla alakas\u0131z g\u00f6r\u00fcnse de piyasalar\u0131 ve piyasa ortam\u0131n\u0131n neleri gerektirdi\u011fini ara\u015ft\u0131rd\u0131k\u00e7a, ikisi aras\u0131ndaki ili\u015fki daha net olacakt\u0131r. Bahsedilen noktalar\u0131 iki makale \u00fczerinden de\u011ferlendirece\u011fim: \u201cFalk, A., and Szech, N. (2013). Morals and markets\u201d ve \u201cBenabou, R. and Tirole, J. (2010)\u201d. Ayr\u0131ca, mevcut d\u00fcnya d\u00fczenini sorgulayarak ve de\u011ferlendirerek, ara\u015ft\u0131rma sorusunu ke\u015ffetmek i\u00e7in konunun daha derinlerine inmeye izin verecek bir arg\u00fcman olu\u015fturaca\u011f\u0131m. A\u015fa\u011f\u0131daki makalede, eldeki ara\u015ft\u0131rma sorusuna k\u0131smen kat\u0131laca\u011f\u0131m. Bulgularla, piyasalar\u0131n bireyleri ahlaki a\u00e7\u0131dan sorgulanabilir eylemlerde bulunmaya te\u015fvik etti\u011fi ifadesini destekliyorum ancak piyasalar\u0131n rol\u00fcn\u00fc ve yerini yeniden d\u00fc\u015f\u00fcnmenin, bireylerin birbirlerini daha fazla sorumlu tuttuklar\u0131 ve d\u00fczenlemeler ba\u011flam\u0131nda devlet m\u00fcdahalesinin daha fazla oldu\u011fu bir ortam yaratmak kadar etkili olmayaca\u011f\u0131 sonucuna var\u0131yorum.\\n\\n<strong>Piyasa:<\/strong>\\n\\nPiyasalar\u0131n ahlak \u00fczerindeki etkilerini ara\u015ft\u0131rmak i\u00e7in piyasan\u0131n ne oldu\u011funu tam olarak kavramam\u0131z gerekir. Piyasa fiziksel bir varl\u0131k de\u011fildir, \u201c\u00f6zel sat\u0131n alma yoluyla ticaret amac\u0131yla insanlar\u0131n bir araya gelmesidir\u201d \u2013 Merriam-Webster. Dolay\u0131s\u0131yla piyasa, kendi ba\u015f\u0131na bir varl\u0131k de\u011fil, kendilerine fayda sa\u011flayacak mal\/hizmet i\u015flemleri yapmak isteyen bir grup insan\u0131 tan\u0131mlamak i\u00e7in kullan\u0131lan bir isimdir. Piyasalar faydal\u0131d\u0131r \u00e7\u00fcnk\u00fc al\u0131c\u0131 ve sat\u0131c\u0131lar\u0131n bir araya geldi\u011fi bir alan yarat\u0131r ve bu rekabet sa\u011flar. Bir sandalyeyi en ucuza kimin satabilece\u011fi konusunda sat\u0131c\u0131lar aras\u0131nda bir rekabet vard\u0131r. Bir sandalye i\u00e7in en fazla paray\u0131 \u00f6demeye istekli olan al\u0131c\u0131lar aras\u0131nda da bir rekabet vard\u0131r. Bu sandalye pazar\u0131ndaki sat\u0131c\u0131lar aras\u0131nda, onu en ucuza kimin satabilece\u011fi konusundaki rekabet, \u00fcretkenli\u011fi, verimlili\u011fi, yenilik\u00e7ili\u011fi ve maliyetleri d\u00fc\u015f\u00fcrmek i\u00e7in teknolojik iyile\u015ftirmeyi beraberinde getiriyor. Bu nedenle, piyasalar\u0131n kendileri fiziksel bir varl\u0131k olmasa da insanlar\u0131n evrimle\u015fmesine ve geli\u015fmesine izin veren ve verecek olan bu \u00e7ok \u00f6nemli fakt\u00f6rleri beraberinde getirir.\\n\\n<strong>Piyasada Ahlak:<\/strong>\\n\\nFalk ve Szech(2013), piyasalar ve ahlak aras\u0131ndaki bu ili\u015fkiyi ara\u015ft\u0131rmak i\u00e7in bir \u00e7al\u0131\u015fma y\u00fcr\u00fctt\u00fcler ve insanlar\u0131n fareyi alma\/satma ba\u011flam\u0131nda bireysel olarak soruldu\u011funda \u00f6lmesine izin vermeye daha istekli olduklar\u0131n\u0131 buldular. Bunu, piyasan\u0131n piyasaya kat\u0131lan bireylerin ahlaki de\u011ferlerini bozdu\u011funun kan\u0131t\u0131 olarak ald\u0131lar ve ben de bu ifadeye kat\u0131l\u0131yorum. Ancak, daha \u00f6nce tart\u0131\u015ft\u0131\u011f\u0131m gibi bir piyasa, i\u015flem yapan insanlar\u0131n bir araya gelmesinden ba\u015fka bir \u015fey de\u011fildir. Bunu ak\u0131lda tutarak, bu bireylerin de\u011ferlerini yozla\u015ft\u0131ran piyasa m\u0131 yoksa basit bir ger\u00e7ek mi? \u0130nsanlar zaten belirli bir t\u00fcr eylemde bulunan di\u011fer bireyleri g\u00f6rd\u00fcklerinde, bu durumda fareyi satarken, bunu yapmak onlar i\u00e7in daha kolay m\u0131? Ben ikincisini tart\u0131\u015faca\u011f\u0131m. Ayr\u0131ca, i\u015flem yapan bir grup insan, bu illegal eylemleri ger\u00e7ekle\u015ftirmeyi de kolayla\u015ft\u0131ran rekabet\u00e7i i\u00e7g\u00fcd\u00fcleri de beraberinde getirir. En ba\u015ftaki konumuza d\u00f6necek olursak, herkes bir pencereden atlasayd\u0131, sizin i\u00e7in de atlaman\u0131z daha normal, daha kolay olurdu denilemez mi?\\n\\n<strong>Artan Sorumluluk:<\/strong>\\n\\nDaha \u00f6nce tart\u0131\u015f\u0131ld\u0131\u011f\u0131 gibi, piyasalar, ekonomi i\u00e7in \u00e7ok arzu edilen yenilik ve ilerleme sa\u011flayan bir ortam yarat\u0131r. Ayr\u0131ca \u015fu anda ne yapt\u0131\u011f\u0131m\u0131z\u0131 bilerek, bir pazarda bireylerde meydana gelen ahlaki yozla\u015fman\u0131n, insanlar\u0131n bir araya gelmesi ve getirdi\u011fi rekabet ortam\u0131 ile ilgili oldu\u011fu s\u00f6ylenebilir. Bu nedenle piyasalar\u0131n ahlak\u0131 bozdu\u011fu tart\u0131\u015f\u0131labilse de insan toplulu\u011fu piyasa arac\u0131l\u0131\u011f\u0131yla yarat\u0131ld\u0131\u011f\u0131 i\u00e7in yerini ve rol\u00fcn\u00fc yeniden d\u00fc\u015f\u00fcnme arg\u00fcman\u0131 ge\u00e7ersizdir. Bunun nedeni, \u201cpiyasa\u201dn\u0131n yaln\u0131zca toplu olarak i\u015flem yapan bireylerin bir benzerli\u011fi oldu\u011fu ger\u00e7e\u011fidir. Daha etkili bir y\u00f6ntem ise bu bireyleri toplum olarak sorumlu tutmak olacakt\u0131r. Benabou ve 3 Tirole(B&amp;T)&#8217;nin makalelerinde bulduklar\u0131 gibi, bireyler sosyal imajlar\u0131n\u0131 \u00f6nemser, bu nedenle bu bireylerin birbirlerini sorumlu tutmalar\u0131n\u0131 sa\u011flamak etkili bir y\u00f6ntem olacakt\u0131r. Ayr\u0131ca, ki\u015finin sosyal imaj\u0131na \u00f6nem vermesinin, kendi ba\u015f\u0131na sosyal yanl\u0131s\u0131 davran\u0131\u015f yaratan bir piyasa ortam\u0131n\u0131n bir yan \u00fcr\u00fcn\u00fc oldu\u011fu iddia edilebilir. Bireylerin ba\u015fkalar\u0131n\u0131 sorumlu tutmas\u0131n\u0131 sa\u011flamak, Kurumsal Sosyal \u0130maj y\u00f6n\u00fc nedeniyle piyasada daha geni\u015f anlamda da i\u015fe yarayacakt\u0131r. B&amp;T taraf\u0131ndan tart\u0131\u015f\u0131ld\u0131\u011f\u0131 gibi, \u015firketlerin CEO&#8217;lar\u0131 \u015firketin k\u0131sa vadeli y\u00f6n\u00fc ile daha fazla ilgilenmektedir. Bununla birlikte, \u015firketler \u015fu anda daha fazla sorumlu tutulacak olsayd\u0131, CEO&#8217;lar\u0131 ve \u015firketlerini yeni bir \u0131\u015f\u0131\u011fa g\u00f6t\u00fcrecek ve bu da onlar\u0131 daha sosyal olmaya te\u015fvik edecekti. Ghanem, Kassem A. ve Castelli, Patricia A. (2019) ayr\u0131ca hesap verebilirlik ve ahlak\u0131n pozitif ili\u015fkisini tart\u0131\u015fmaktad\u0131r. \u00c7al\u0131\u015fmalar\u0131nda, bir piyasa yap\u0131s\u0131nda artan hesap verebilirli\u011fin etik de\u011ferleri ve dolay\u0131s\u0131yla ahlak\u0131 artt\u0131rmada etkili bir y\u00f6ntem oldu\u011fu sonucuna varm\u0131\u015flard\u0131r.\\n\\n<strong>Artan D\u00fczenlemeler:<\/strong>\\n\\nBir ba\u015fka etkili y\u00f6ntem, h\u00fck\u00fcmetin illegal eylemler i\u00e7in uygun cezalar vermesini sa\u011flamak olacakt\u0131r. Dolay\u0131s\u0131yla reg\u00fclasyonlar\u0131n art\u0131r\u0131lmas\u0131 bireylerin bu t\u00fcr eylemlerden cayd\u0131r\u0131lmas\u0131n\u0131 ve daha ahlaki bir piyasa ortam\u0131 yarat\u0131lmas\u0131n\u0131 sa\u011flar. Daha fazla d\u00fczenleme, olumsuz reklam\u0131n karlar\u0131 a\u015fa\u011f\u0131 \u00e7ekmesi korkusu nedeniyle \u015firketler \u00fczerinde daha toplum yanl\u0131s\u0131 olmalar\u0131 y\u00f6n\u00fcnde bask\u0131 yaratacakt\u0131r.\\n\\n<strong>Sonu\u00e7:<\/strong>\\n\\nSonu\u00e7 olarak, piyasalar bireyler \u00fczerinde bir demoralizasyon sergiliyor gibi g\u00f6r\u00fcn\u00fcyor. Ancak bu, piyasan\u0131n kendisinin de\u011fil, daha \u00e7ok insan birikiminin ve yaratt\u0131\u011f\u0131 rekabet ortam\u0131n\u0131n bir sonucudur. Bu nedenle, piyasan\u0131n yozla\u015fm\u0131\u015f ahlak arg\u00fcman\u0131na k\u0131smen kat\u0131lsam da toplumdaki rollerini ve yerlerini yeniden d\u00fc\u015f\u00fcnmemiz gerekti\u011fine kat\u0131lm\u0131yorum. Bunun pe\u015finden gitmenin sadece verimsizli\u011fe ve mevcut d\u00fczenden daha a\u011f\u0131r sonu\u00e7lar\u0131 olacak olumsuz d\u0131\u015fsall\u0131klara yol a\u00e7aca\u011f\u0131na inan\u0131yorum. Her \u015fey d\u00fc\u015f\u00fcn\u00fcld\u00fc\u011f\u00fcnde, bireylerin birbirlerini daha sorumlu tutmalar\u0131n\u0131 ve h\u00fck\u00fcmeti d\u00fczenlemeler a\u00e7\u0131s\u0131ndan daha fazla dahil etmelerini \u00f6neriyorum.\\n\\n<strong>Kaynak\u00e7a:<\/strong>\\n\\n(2022). Retrieved from https:\/\/www.merriam-webster.com\/dictionary\/market\\nGhanem, K., &amp; Castelli, P. (2019). Accountability and Moral Competence Promote Ethical Leadership. Journal Of Values-Based Leadership, 12(1). doi: 10.22543\/0733.121.1247\\nFalk, A., &amp; Szech, N. (2013). Morals and Markets. Science, 340(6133), 707-711. doi: 10.1126\/science.1231566\\nBENABOU, R., &amp; TIROLE, J. (2010). Individual and Corporate Social Responsibility. Economica, 77(305), 1-19. doi: 10.1111\/j.1468-0335.2009.00843.x&#8221;}]},{&#8220;component&#8221;:&#8221;hc_column&#8221;,&#8221;id&#8221;:&#8221;column_7aIP1&#8243;,&#8221;column_width&#8221;:&#8221;col-md-12&#8243;,&#8221;animation&#8221;:&#8221;&#8221;,&#8221;animation_time&#8221;:&#8221;&#8221;,&#8221;timeline_animation&#8221;:&#8221;&#8221;,&#8221;timeline_delay&#8221;:&#8221;&#8221;,&#8221;timeline_order&#8221;:&#8221;&#8221;,&#8221;css_classes&#8221;:&#8221;&#8221;,&#8221;custom_css_classes&#8221;:&#8221;socialbox&#8221;,&#8221;custom_css_styles&#8221;:&#8221;&#8221;,&#8221;main_content&#8221;:[{&#8220;component&#8221;:&#8221;hc_space&#8221;,&#8221;id&#8221;:&#8221;Hdg76&#8243;,&#8221;css_classes&#8221;:&#8221;&#8221;,&#8221;custom_css_classes&#8221;:&#8221;&#8221;,&#8221;custom_css_styles&#8221;:&#8221;&#8221;,&#8221;size&#8221;:&#8221;space-sm&#8221;,&#8221;height&#8221;:&#8221;&#8221;},{&#8220;component&#8221;:&#8221;hc_text_block&#8221;,&#8221;id&#8221;:&#8221;zmr0F&#8221;,&#8221;css_classes&#8221;:&#8221;&#8221;,&#8221;custom_css_classes&#8221;:&#8221;&#8221;,&#8221;custom_css_styles&#8221;:&#8221;&#8221;,&#8221;content&#8221;:&#8221;Payla\u015f:&#8221;},{&#8220;component&#8221;:&#8221;hc_social_share_buttons&#8221;,&#8221;id&#8221;:&#8221;P7L30&#8243;,&#8221;css_classes&#8221;:&#8221;&#8221;,&#8221;custom_css_classes&#8221;:&#8221;&#8221;,&#8221;custom_css_styles&#8221;:&#8221;&#8221;,&#8221;style&#8221;:&#8221;icon-links-button&#8221;,&#8221;size&#8221;:&#8221;&#8221;,&#8221;alignment&#8221;:&#8221;&#8221;,&#8221;type&#8221;:&#8221;&#8221;,&#8221;social_colors&#8221;:true,&#8221;fb&#8221;:true,&#8221;fb_link&#8221;:&#8221;&#8221;,&#8221;tw&#8221;:true,&#8221;tw_link&#8221;:&#8221;&#8221;,&#8221;pi&#8221;:true,&#8221;pi_link&#8221;:&#8221;&#8221;,&#8221;li&#8221;:true,&#8221;li_link&#8221;:&#8221;&#8221;}]}],&#8221;section_settings&#8221;:&#8221;&#8221;},&#8221;section_dDpN7&#8243;:{&#8220;component&#8221;:&#8221;hc_section&#8221;,&#8221;id&#8221;:&#8221;section_dDpN7&#8243;,&#8221;section_width&#8221;:&#8221;&#8221;,&#8221;animation&#8221;:&#8221;&#8221;,&#8221;animation_time&#8221;:&#8221;&#8221;,&#8221;timeline_animation&#8221;:&#8221;&#8221;,&#8221;timeline_delay&#8221;:&#8221;&#8221;,&#8221;timeline_order&#8221;:&#8221;&#8221;,&#8221;vertical_row&#8221;:&#8221;&#8221;,&#8221;css_classes&#8221;:&#8221;section-color &#8220;,&#8221;custom_css_classes&#8221;:&#8221;&#8221;,&#8221;custom_css_styles&#8221;:&#8221;&#8221;,&#8221;section_content&#8221;:[{&#8220;component&#8221;:&#8221;hc_column&#8221;,&#8221;id&#8221;:&#8221;XLZ44&#8243;,&#8221;column_width&#8221;:&#8221;col-md-12&#8243;,&#8221;animation&#8221;:&#8221;&#8221;,&#8221;animation_time&#8221;:&#8221;&#8221;,&#8221;timeline_animation&#8221;:&#8221;&#8221;,&#8221;timeline_delay&#8221;:&#8221;&#8221;,&#8221;timeline_order&#8221;:&#8221;&#8221;,&#8221;css_classes&#8221;:&#8221;&#8221;,&#8221;custom_css_classes&#8221;:&#8221;&#8221;,&#8221;custom_css_styles&#8221;:&#8221;&#8221;,&#8221;main_content&#8221;:[{&#8220;component&#8221;:&#8221;hc_title_tag&#8221;,&#8221;id&#8221;:&#8221;4AoyD&#8221;,&#8221;css_classes&#8221;:&#8221;&#8221;,&#8221;custom_css_classes&#8221;:&#8221;&#8221;,&#8221;custom_css_styles&#8221;:&#8221;&#8221;,&#8221;text&#8221;:&#8221;Son Yaz\u0131lar&#8221;,&#8221;tag&#8221;:&#8221;h2&#8243;},{&#8220;component&#8221;:&#8221;hc_space&#8221;,&#8221;id&#8221;:&#8221;TsAHd&#8221;,&#8221;css_classes&#8221;:&#8221;&#8221;,&#8221;custom_css_classes&#8221;:&#8221;&#8221;,&#8221;custom_css_styles&#8221;:&#8221;&#8221;,&#8221;size&#8221;:&#8221;space&#8221;,&#8221;height&#8221;:&#8221;&#8221;},{&#8220;component&#8221;:&#8221;hc_pt_grid_list&#8221;,&#8221;id&#8221;:&#8221;J9IEW&#8221;,&#8221;css_classes&#8221;:&#8221;&#8221;,&#8221;custom_css_classes&#8221;:&#8221;&#8221;,&#8221;custom_css_styles&#8221;:&#8221;&#8221;,&#8221;post_type_slug&#8221;:&#8221;post&#8221;,&#8221;post_type_category&#8221;:&#8221;yazilar&#8221;,&#8221;column&#8221;:&#8221;2&#8243;,&#8221;column_lg&#8221;:&#8221;2&#8243;,&#8221;column_md&#8221;:&#8221;2&#8243;,&#8221;column_sm&#8221;:&#8221;1&#8243;,&#8221;column_xs&#8221;:&#8221;1&#8243;,&#8221;margins&#8221;:&#8221;&#8221;,&#8221;pag_type&#8221;:&#8221;load_more&#8221;,&#8221;pag_items&#8221;:&#8221;2&#8243;,&#8221;pag_size&#8221;:&#8221;&#8221;,&#8221;pag_animation&#8221;:&#8221;fade-top&#8221;,&#8221;pag_scroll_top&#8221;:false,&#8221;pag_position&#8221;:&#8221;align-center&#8221;,&#8221;pag_button_prev&#8221;:&#8221;&#8221;,&#8221;pag_button_next&#8221;:&#8221;&#8221;,&#8221;lm_lazy&#8221;:false,&#8221;lm_button_text&#8221;:&#8221;Daha Fazla&#8221;,&#8221;box&#8221;:&#8221;blog_top&#8221;,&#8221;boxed&#8221;:true,&#8221;extra&#8221;:false,&#8221;content&#8221;:&#8221;&#8221;,&#8221;title_length&#8221;:&#8221;36&#8243;,&#8221;excerpt_length&#8221;:&#8221;75&#8243;,&#8221;title_size&#8221;:&#8221;text-md&#8221;,&#8221;custom_css&#8221;:&#8221;&#8221;,&#8221;button_text&#8221;:&#8221;&#8221;,&#8221;button_style&#8221;:&#8221;square&#8221;,&#8221;button_dimensions&#8221;:&#8221;btn-lg&#8221;,&#8221;button_animation&#8221;:false,&#8221;button_icon&#8221;:&#8221;&#8221;}]}],&#8221;section_settings&#8221;:&#8221;&#8221;},&#8221;scripts&#8221;:{&#8220;lightbox&#8221;:&#8221;magnific-popup.min.js&#8221;,&#8221;pagination&#8221;:&#8221;pagination.min.js&#8221;},&#8221;css&#8221;:{&#8220;lightbox&#8221;:&#8221;css\/magnific-popup.css&#8221;,&#8221;content_box&#8221;:&#8221;css\/content-box.css&#8221;,&#8221;media_box&#8221;:&#8221;css\/media-box.css&#8221;},&#8221;css_page&#8221;:&#8221;&#8221;,&#8221;template_setting&#8221;:{},&#8221;template_setting_top&#8221;:{},&#8221;page_setting&#8221;:{&#8220;settings&#8221;:[&#8220;lock-mode-off&#8221;]},&#8221;post_type_setting&#8221;:{&#8220;settings&#8221;:{&#8220;image&#8221;:&#8221;https:\/\/www.cigdemguven.com\/medias\/2022\/06\/cigdem-guven-markets-1024&#215;714.jpg|753|1080|2327&#8243;,&#8221;excerpt&#8221;:&#8221;D\u00fcnyadaki herkes pencereden atlasa, sen atlar m\u0131yd\u0131n? Bu soru ilk ba\u015fta alakas\u0131z gibi g\u00f6r\u00fcnebilir ancak g\u00f6r\u00fcnd\u00fc\u011f\u00fcnden daha fazlas\u0131 var burada. Herkes yapt\u0131\u011f\u0131 i\u00e7in herkes d\u0131\u015far\u0131 f\u0131rlasayd\u0131, eylemin \u00f6nemi ve tehlikesi ayn\u0131 seviyede mi olurdu? Bu makale boyunca, piyasalar\u0131n ahlaki olarak sorgulanabilecek davran\u0131\u015flar\u0131 te\u015fvik edip etmedi\u011fini ve toplum olarak onlar\u0131n rollerini ve yerlerini yeniden d\u00fc\u015f\u00fcnmemiz gerekip gerekmedi\u011fini ara\u015ft\u0131raca\u011f\u0131m. Yukar\u0131daki soru \u015fu anda elimizdeki konuyla alakas\u0131z g\u00f6r\u00fcnse de piyasalar\u0131 ve piyasa ortam\u0131n\u0131n neleri gerektirdi\u011fini ara\u015ft\u0131rd\u0131k\u00e7a, ikisi aras\u0131ndaki ili\u015fki daha net olacakt\u0131r.&#8221;,&#8221;extra_1&#8243;:&#8221;Yaz\u0131&#8221;,&#8221;extra_2&#8243;:&#8221;&#8221;,&#8221;icon&#8221;:{&#8220;icon&#8221;:&#8221;&#8221;,&#8221;icon_style&#8221;:&#8221;&#8221;,&#8221;icon_image&#8221;:&#8221;&#8221;}}}}<\/p>\n","protected":false},"excerpt":{"rendered":"<p>D\u00fcnyadaki herkes pencereden atlasa, sen atlar m\u0131yd\u0131n? Bu soru ilk ba\u015fta alakas\u0131z gibi g\u00f6r\u00fcnebilir ancak g\u00f6r\u00fcnd\u00fc\u011f\u00fcnden daha fazlas\u0131 var burada. Herkes yapt\u0131\u011f\u0131 i\u00e7in herkes d\u0131\u015far\u0131 f\u0131rlasayd\u0131, eylemin \u00f6nemi ve tehlikesi ayn\u0131 seviyede mi olurdu? Bu makale boyunca, piyasalar\u0131n ahlaki olarak sorgulanabilecek davran\u0131\u015flar\u0131 te\u015fvik edip etmedi\u011fini ve toplum olarak onlar\u0131n rollerini ve yerlerini yeniden d\u00fc\u015f\u00fcnmemiz gerekip gerekmedi\u011fini ara\u015ft\u0131raca\u011f\u0131m. Yukar\u0131daki soru \u015fu anda elimizdeki konuyla alakas\u0131z g\u00f6r\u00fcnse de piyasalar\u0131 ve piyasa ortam\u0131n\u0131n neleri gerektirdi\u011fini ara\u015ft\u0131rd\u0131k\u00e7a, ikisi aras\u0131ndaki ili\u015fki daha net olacakt\u0131r.<\/p>\n","protected":false},"author":1,"featured_media":2327,"comment_status":"closed","ping_status":"open","sticky":false,"template":"","format":"standard","meta":{"footnotes":""},"categories":[12,19],"tags":[],"class_list":["post-2324","post","type-post","status-publish","format-standard","has-post-thumbnail","hentry","category-genel","category-yazilar"],"yoast_head":"\n<title>Piyasalarda Ahlak Alg\u0131s\u0131 | \u00c7i\u011fdem G\u00fcven Management Consulting &amp; Coaching &amp; Mentoring Services<\/title>\n<meta name=\"robots\" content=\"index, follow, max-snippet:-1, max-image-preview:large, max-video-preview:-1\" \/>\n<link rel=\"canonical\" href=\"https:\/\/www.cigdemguven.com\/tr\/genel\/piyasalarda-ahlak-algisi\/\" \/>\n<meta property=\"og:locale\" content=\"tr_TR\" \/>\n<meta property=\"og:type\" content=\"article\" \/>\n<meta property=\"og:title\" content=\"Piyasalarda Ahlak Alg\u0131s\u0131 | \u00c7i\u011fdem G\u00fcven Management Consulting &amp; Coaching &amp; Mentoring Services\" \/>\n<meta property=\"og:description\" content=\"D\u00fcnyadaki herkes pencereden atlasa, sen atlar m\u0131yd\u0131n? Bu soru ilk ba\u015fta alakas\u0131z gibi g\u00f6r\u00fcnebilir ancak g\u00f6r\u00fcnd\u00fc\u011f\u00fcnden daha fazlas\u0131 var burada. Herkes yapt\u0131\u011f\u0131 i\u00e7in herkes d\u0131\u015far\u0131 f\u0131rlasayd\u0131, eylemin \u00f6nemi ve tehlikesi ayn\u0131 seviyede mi olurdu? Bu makale boyunca, piyasalar\u0131n ahlaki olarak sorgulanabilecek davran\u0131\u015flar\u0131 te\u015fvik edip etmedi\u011fini ve toplum olarak onlar\u0131n rollerini ve yerlerini yeniden d\u00fc\u015f\u00fcnmemiz gerekip gerekmedi\u011fini ara\u015ft\u0131raca\u011f\u0131m. Yukar\u0131daki soru \u015fu anda elimizdeki konuyla alakas\u0131z g\u00f6r\u00fcnse de piyasalar\u0131 ve piyasa ortam\u0131n\u0131n neleri gerektirdi\u011fini ara\u015ft\u0131rd\u0131k\u00e7a, ikisi aras\u0131ndaki ili\u015fki daha net olacakt\u0131r.\" \/>\n<meta property=\"og:url\" content=\"https:\/\/www.cigdemguven.com\/tr\/genel\/piyasalarda-ahlak-algisi\/\" \/>\n<meta property=\"og:site_name\" content=\"\u00c7i\u011fdem G\u00fcven Management Consulting &amp; Coaching &amp; Mentoring Services\" \/>\n<meta property=\"article:publisher\" content=\"https:\/\/www.facebook.com\/cigdemguvendanisman\" \/>\n<meta property=\"article:published_time\" content=\"2022-06-09T07:56:47+00:00\" \/>\n<meta property=\"article:modified_time\" content=\"2022-08-11T12:21:51+00:00\" \/>\n<meta property=\"og:image\" content=\"https:\/\/www.cigdemguven.com\/medias\/2022\/06\/cigdem-guven-markets.jpg\" \/>\n\t<meta property=\"og:image:width\" content=\"1080\" \/>\n\t<meta property=\"og:image:height\" content=\"753\" \/>\n\t<meta property=\"og:image:type\" content=\"image\/jpeg\" \/>\n<meta name=\"author\" content=\"\u00c7i\u011fdem G\u00fcven\" \/>\n<meta name=\"twitter:card\" content=\"summary_large_image\" \/>\n<meta name=\"twitter:creator\" content=\"@cigdemguvencom\" \/>\n<meta name=\"twitter:site\" content=\"@cigdemguvencom\" \/>\n<meta name=\"twitter:label1\" content=\"Yazan:\" \/>\n\t<meta name=\"twitter:data1\" content=\"\u00c7i\u011fdem G\u00fcven\" \/>\n\t<meta name=\"twitter:label2\" content=\"Tahmini okuma s\u00fcresi\" \/>\n\t<meta name=\"twitter:data2\" content=\"10 dakika\" \/>\n<script type=\"application\/ld+json\" class=\"yoast-schema-graph\">{\"@context\":\"https:\/\/schema.org\",\"@graph\":[{\"@type\":\"Article\",\"@id\":\"https:\/\/www.cigdemguven.com\/tr\/genel\/piyasalarda-ahlak-algisi\/#article\",\"isPartOf\":{\"@id\":\"https:\/\/www.cigdemguven.com\/tr\/genel\/piyasalarda-ahlak-algisi\/\"},\"author\":{\"name\":\"\u00c7i\u011fdem G\u00fcven\",\"@id\":\"https:\/\/www.cigdemguven.com\/tr\/#\/schema\/person\/abd506d3b37ae4dd04e7393ca6ac5921\"},\"headline\":\"Piyasalarda Ahlak Alg\u0131s\u0131\",\"datePublished\":\"2022-06-09T07:56:47+00:00\",\"dateModified\":\"2022-08-11T12:21:51+00:00\",\"mainEntityOfPage\":{\"@id\":\"https:\/\/www.cigdemguven.com\/tr\/genel\/piyasalarda-ahlak-algisi\/\"},\"wordCount\":1936,\"publisher\":{\"@id\":\"https:\/\/www.cigdemguven.com\/tr\/#organization\"},\"articleSection\":{\"1\":\"Yaz\u0131lar\"},\"inLanguage\":\"tr\"},{\"@type\":\"WebPage\",\"@id\":\"https:\/\/www.cigdemguven.com\/tr\/genel\/piyasalarda-ahlak-algisi\/\",\"url\":\"https:\/\/www.cigdemguven.com\/tr\/genel\/piyasalarda-ahlak-algisi\/\",\"name\":\"Piyasalarda Ahlak Alg\u0131s\u0131 | \u00c7i\u011fdem G\u00fcven Management Consulting &amp; Coaching &amp; Mentoring Services\",\"isPartOf\":{\"@id\":\"https:\/\/www.cigdemguven.com\/tr\/#website\"},\"datePublished\":\"2022-06-09T07:56:47+00:00\",\"dateModified\":\"2022-08-11T12:21:51+00:00\",\"breadcrumb\":{\"@id\":\"https:\/\/www.cigdemguven.com\/tr\/genel\/piyasalarda-ahlak-algisi\/#breadcrumb\"},\"inLanguage\":\"tr\",\"potentialAction\":[{\"@type\":\"ReadAction\",\"target\":[\"https:\/\/www.cigdemguven.com\/tr\/genel\/piyasalarda-ahlak-algisi\/\"]}]},{\"@type\":\"BreadcrumbList\",\"@id\":\"https:\/\/www.cigdemguven.com\/tr\/genel\/piyasalarda-ahlak-algisi\/#breadcrumb\",\"itemListElement\":[{\"@type\":\"ListItem\",\"position\":1,\"name\":\"Home\",\"item\":\"https:\/\/www.cigdemguven.com\/tr\/\"},{\"@type\":\"ListItem\",\"position\":2,\"name\":\"Piyasalarda Ahlak Alg\u0131s\u0131\"}]},{\"@type\":\"WebSite\",\"@id\":\"https:\/\/www.cigdemguven.com\/tr\/#website\",\"url\":\"https:\/\/www.cigdemguven.com\/tr\/\",\"name\":\"\u00c7i\u011fdem G\u00fcven Management Consulting &amp; Coaching &amp; Mentoring Services\",\"description\":\"Management Consulting &amp; Coaching &amp; Mentoring Services\",\"publisher\":{\"@id\":\"https:\/\/www.cigdemguven.com\/tr\/#organization\"},\"potentialAction\":[{\"@type\":\"SearchAction\",\"target\":{\"@type\":\"EntryPoint\",\"urlTemplate\":\"https:\/\/www.cigdemguven.com\/tr\/?s={search_term_string}\"},\"query-input\":\"required name=search_term_string\"}],\"inLanguage\":\"tr\"},{\"@type\":\"Organization\",\"@id\":\"https:\/\/www.cigdemguven.com\/tr\/#organization\",\"name\":\"\u00c7i\u011fdem G\u00fcven Management Consulting & Coaching & Mentoring Services\",\"url\":\"https:\/\/www.cigdemguven.com\/tr\/\",\"logo\":{\"@type\":\"ImageObject\",\"inLanguage\":\"tr\",\"@id\":\"https:\/\/www.cigdemguven.com\/tr\/#\/schema\/logo\/image\/\",\"url\":\"https:\/\/www.cigdemguven.com\/medias\/2021\/12\/cigdem-guven-logo.svg\",\"contentUrl\":\"https:\/\/www.cigdemguven.com\/medias\/2021\/12\/cigdem-guven-logo.svg\",\"width\":1,\"height\":1,\"caption\":\"\u00c7i\u011fdem G\u00fcven Management Consulting & Coaching & Mentoring Services\"},\"image\":{\"@id\":\"https:\/\/www.cigdemguven.com\/tr\/#\/schema\/logo\/image\/\"},\"sameAs\":[\"https:\/\/www.facebook.com\/cigdemguvendanisman\",\"https:\/\/twitter.com\/cigdemguvencom\",\"https:\/\/www.instagram.com\/cigdemguvendanismanlik\/\",\"https:\/\/www.linkedin.com\/in\/cigdemguvendanismanlik\/\"]},{\"@type\":\"Person\",\"@id\":\"https:\/\/www.cigdemguven.com\/tr\/#\/schema\/person\/abd506d3b37ae4dd04e7393ca6ac5921\",\"name\":\"\u00c7i\u011fdem G\u00fcven\",\"sameAs\":[\"https:\/\/www.cigdemguven.com\"],\"url\":\"https:\/\/www.cigdemguven.com\/tr\/author\/cigdemguven\/\"}]}<\/script>\n","yoast_head_json":{"title":"Piyasalarda Ahlak Alg\u0131s\u0131 | \u00c7i\u011fdem G\u00fcven Management Consulting &amp; Coaching &amp; Mentoring Services","robots":{"index":"index","follow":"follow","max-snippet":"max-snippet:-1","max-image-preview":"max-image-preview:large","max-video-preview":"max-video-preview:-1"},"canonical":"https:\/\/www.cigdemguven.com\/tr\/genel\/piyasalarda-ahlak-algisi\/","og_locale":"tr_TR","og_type":"article","og_title":"Piyasalarda Ahlak Alg\u0131s\u0131 | \u00c7i\u011fdem G\u00fcven Management Consulting &amp; Coaching &amp; Mentoring Services","og_description":"D\u00fcnyadaki herkes pencereden atlasa, sen atlar m\u0131yd\u0131n? Bu soru ilk ba\u015fta alakas\u0131z gibi g\u00f6r\u00fcnebilir ancak g\u00f6r\u00fcnd\u00fc\u011f\u00fcnden daha fazlas\u0131 var burada. Herkes yapt\u0131\u011f\u0131 i\u00e7in herkes d\u0131\u015far\u0131 f\u0131rlasayd\u0131, eylemin \u00f6nemi ve tehlikesi ayn\u0131 seviyede mi olurdu? Bu makale boyunca, piyasalar\u0131n ahlaki olarak sorgulanabilecek davran\u0131\u015flar\u0131 te\u015fvik edip etmedi\u011fini ve toplum olarak onlar\u0131n rollerini ve yerlerini yeniden d\u00fc\u015f\u00fcnmemiz gerekip gerekmedi\u011fini ara\u015ft\u0131raca\u011f\u0131m. Yukar\u0131daki soru \u015fu anda elimizdeki konuyla alakas\u0131z g\u00f6r\u00fcnse de piyasalar\u0131 ve piyasa ortam\u0131n\u0131n neleri gerektirdi\u011fini ara\u015ft\u0131rd\u0131k\u00e7a, ikisi aras\u0131ndaki ili\u015fki daha net olacakt\u0131r.","og_url":"https:\/\/www.cigdemguven.com\/tr\/genel\/piyasalarda-ahlak-algisi\/","og_site_name":"\u00c7i\u011fdem G\u00fcven Management Consulting &amp; Coaching &amp; Mentoring Services","article_publisher":"https:\/\/www.facebook.com\/cigdemguvendanisman","article_published_time":"2022-06-09T07:56:47+00:00","article_modified_time":"2022-08-11T12:21:51+00:00","og_image":[{"width":1080,"height":753,"url":"https:\/\/www.cigdemguven.com\/medias\/2022\/06\/cigdem-guven-markets.jpg","type":"image\/jpeg"}],"author":"\u00c7i\u011fdem G\u00fcven","twitter_card":"summary_large_image","twitter_creator":"@cigdemguvencom","twitter_site":"@cigdemguvencom","twitter_misc":{"Yazan:":"\u00c7i\u011fdem G\u00fcven","Tahmini okuma s\u00fcresi":"10 dakika"},"schema":{"@context":"https:\/\/schema.org","@graph":[{"@type":"Article","@id":"https:\/\/www.cigdemguven.com\/tr\/genel\/piyasalarda-ahlak-algisi\/#article","isPartOf":{"@id":"https:\/\/www.cigdemguven.com\/tr\/genel\/piyasalarda-ahlak-algisi\/"},"author":{"name":"\u00c7i\u011fdem G\u00fcven","@id":"https:\/\/www.cigdemguven.com\/tr\/#\/schema\/person\/abd506d3b37ae4dd04e7393ca6ac5921"},"headline":"Piyasalarda Ahlak Alg\u0131s\u0131","datePublished":"2022-06-09T07:56:47+00:00","dateModified":"2022-08-11T12:21:51+00:00","mainEntityOfPage":{"@id":"https:\/\/www.cigdemguven.com\/tr\/genel\/piyasalarda-ahlak-algisi\/"},"wordCount":1936,"publisher":{"@id":"https:\/\/www.cigdemguven.com\/tr\/#organization"},"articleSection":{"1":"Yaz\u0131lar"},"inLanguage":"tr"},{"@type":"WebPage","@id":"https:\/\/www.cigdemguven.com\/tr\/genel\/piyasalarda-ahlak-algisi\/","url":"https:\/\/www.cigdemguven.com\/tr\/genel\/piyasalarda-ahlak-algisi\/","name":"Piyasalarda Ahlak Alg\u0131s\u0131 | \u00c7i\u011fdem G\u00fcven Management Consulting &amp; Coaching &amp; Mentoring Services","isPartOf":{"@id":"https:\/\/www.cigdemguven.com\/tr\/#website"},"datePublished":"2022-06-09T07:56:47+00:00","dateModified":"2022-08-11T12:21:51+00:00","breadcrumb":{"@id":"https:\/\/www.cigdemguven.com\/tr\/genel\/piyasalarda-ahlak-algisi\/#breadcrumb"},"inLanguage":"tr","potentialAction":[{"@type":"ReadAction","target":["https:\/\/www.cigdemguven.com\/tr\/genel\/piyasalarda-ahlak-algisi\/"]}]},{"@type":"BreadcrumbList","@id":"https:\/\/www.cigdemguven.com\/tr\/genel\/piyasalarda-ahlak-algisi\/#breadcrumb","itemListElement":[{"@type":"ListItem","position":1,"name":"Home","item":"https:\/\/www.cigdemguven.com\/tr\/"},{"@type":"ListItem","position":2,"name":"Piyasalarda Ahlak Alg\u0131s\u0131"}]},{"@type":"WebSite","@id":"https:\/\/www.cigdemguven.com\/tr\/#website","url":"https:\/\/www.cigdemguven.com\/tr\/","name":"\u00c7i\u011fdem G\u00fcven Management Consulting &amp; Coaching &amp; Mentoring Services","description":"Management Consulting &amp; Coaching &amp; Mentoring Services","publisher":{"@id":"https:\/\/www.cigdemguven.com\/tr\/#organization"},"potentialAction":[{"@type":"SearchAction","target":{"@type":"EntryPoint","urlTemplate":"https:\/\/www.cigdemguven.com\/tr\/?s={search_term_string}"},"query-input":"required name=search_term_string"}],"inLanguage":"tr"},{"@type":"Organization","@id":"https:\/\/www.cigdemguven.com\/tr\/#organization","name":"\u00c7i\u011fdem G\u00fcven Management Consulting & Coaching & Mentoring Services","url":"https:\/\/www.cigdemguven.com\/tr\/","logo":{"@type":"ImageObject","inLanguage":"tr","@id":"https:\/\/www.cigdemguven.com\/tr\/#\/schema\/logo\/image\/","url":"https:\/\/www.cigdemguven.com\/medias\/2021\/12\/cigdem-guven-logo.svg","contentUrl":"https:\/\/www.cigdemguven.com\/medias\/2021\/12\/cigdem-guven-logo.svg","width":1,"height":1,"caption":"\u00c7i\u011fdem G\u00fcven Management Consulting & Coaching & Mentoring Services"},"image":{"@id":"https:\/\/www.cigdemguven.com\/tr\/#\/schema\/logo\/image\/"},"sameAs":["https:\/\/www.facebook.com\/cigdemguvendanisman","https:\/\/twitter.com\/cigdemguvencom","https:\/\/www.instagram.com\/cigdemguvendanismanlik\/","https:\/\/www.linkedin.com\/in\/cigdemguvendanismanlik\/"]},{"@type":"Person","@id":"https:\/\/www.cigdemguven.com\/tr\/#\/schema\/person\/abd506d3b37ae4dd04e7393ca6ac5921","name":"\u00c7i\u011fdem G\u00fcven","sameAs":["https:\/\/www.cigdemguven.com"],"url":"https:\/\/www.cigdemguven.com\/tr\/author\/cigdemguven\/"}]}},"_links":{"self":[{"href":"https:\/\/www.cigdemguven.com\/tr\/wp-json\/wp\/v2\/posts\/2324","targetHints":{"allow":["GET"]}}],"collection":[{"href":"https:\/\/www.cigdemguven.com\/tr\/wp-json\/wp\/v2\/posts"}],"about":[{"href":"https:\/\/www.cigdemguven.com\/tr\/wp-json\/wp\/v2\/types\/post"}],"author":[{"embeddable":true,"href":"https:\/\/www.cigdemguven.com\/tr\/wp-json\/wp\/v2\/users\/1"}],"replies":[{"embeddable":true,"href":"https:\/\/www.cigdemguven.com\/tr\/wp-json\/wp\/v2\/comments?post=2324"}],"version-history":[{"count":2,"href":"https:\/\/www.cigdemguven.com\/tr\/wp-json\/wp\/v2\/posts\/2324\/revisions"}],"predecessor-version":[{"id":2332,"href":"https:\/\/www.cigdemguven.com\/tr\/wp-json\/wp\/v2\/posts\/2324\/revisions\/2332"}],"wp:featuredmedia":[{"embeddable":true,"href":"https:\/\/www.cigdemguven.com\/tr\/wp-json\/wp\/v2\/media\/2327"}],"wp:attachment":[{"href":"https:\/\/www.cigdemguven.com\/tr\/wp-json\/wp\/v2\/media?parent=2324"}],"wp:term":[{"taxonomy":"category","embeddable":true,"href":"https:\/\/www.cigdemguven.com\/tr\/wp-json\/wp\/v2\/categories?post=2324"},{"taxonomy":"post_tag","embeddable":true,"href":"https:\/\/www.cigdemguven.com\/tr\/wp-json\/wp\/v2\/tags?post=2324"}],"curies":[{"name":"wp","href":"https:\/\/api.w.org\/{rel}","templated":true}]}}