{"id":1676,"date":"2020-03-18T12:23:34","date_gmt":"2020-03-18T09:23:34","guid":{"rendered":"https:\/\/www.cigdemguven.com\/?p=1676"},"modified":"2022-08-11T15:34:51","modified_gmt":"2022-08-11T12:34:51","slug":"danisan-dag-asar","status":"publish","type":"post","link":"https:\/\/www.cigdemguven.com\/tr\/yazilar\/danisan-dag-asar\/","title":{"rendered":"Dan\u0131\u015fan Da\u011f A\u015far"},"content":{"rendered":"<p>{&#8220;main-title&#8221;:{&#8220;component&#8221;:&#8221;hc_title&#8221;,&#8221;id&#8221;:&#8221;main-title&#8221;,&#8221;title&#8221;:&#8221;&#8221;,&#8221;subtitle&#8221;:&#8221;&#8221;,&#8221;title_content&#8221;:{&#8220;component&#8221;:&#8221;hc_title_empty&#8221;,&#8221;id&#8221;:&#8221;title-empty&#8221;}},&#8221;section_QvNqz&#8221;:{&#8220;component&#8221;:&#8221;hc_section&#8221;,&#8221;id&#8221;:&#8221;section_QvNqz&#8221;,&#8221;section_width&#8221;:&#8221;&#8221;,&#8221;animation&#8221;:&#8221;&#8221;,&#8221;animation_time&#8221;:&#8221;&#8221;,&#8221;timeline_animation&#8221;:&#8221;&#8221;,&#8221;timeline_delay&#8221;:&#8221;&#8221;,&#8221;timeline_order&#8221;:&#8221;&#8221;,&#8221;vertical_row&#8221;:&#8221;&#8221;,&#8221;css_classes&#8221;:&#8221;section-color no-padding-bottom no-padding-top &#8220;,&#8221;custom_css_classes&#8221;:&#8221;containerblog&#8221;,&#8221;custom_css_styles&#8221;:&#8221;&#8221;,&#8221;section_content&#8221;:[{&#8220;component&#8221;:&#8221;hc_column&#8221;,&#8221;id&#8221;:&#8221;P1FCZ&#8221;,&#8221;column_width&#8221;:&#8221;col-md-12&#8243;,&#8221;animation&#8221;:&#8221;&#8221;,&#8221;animation_time&#8221;:&#8221;&#8221;,&#8221;timeline_animation&#8221;:&#8221;&#8221;,&#8221;timeline_delay&#8221;:&#8221;&#8221;,&#8221;timeline_order&#8221;:&#8221;&#8221;,&#8221;css_classes&#8221;:&#8221;boxed-area align-items-center &#8220;,&#8221;custom_css_classes&#8221;:&#8221;&#8221;,&#8221;custom_css_styles&#8221;:&#8221;&#8221;,&#8221;main_content&#8221;:[{&#8220;component&#8221;:&#8221;hc_title_tag&#8221;,&#8221;id&#8221;:&#8221;5ZtkF&#8221;,&#8221;css_classes&#8221;:&#8221;&#8221;,&#8221;custom_css_classes&#8221;:&#8221;&#8221;,&#8221;custom_css_styles&#8221;:&#8221;&#8221;,&#8221;text&#8221;:&#8221;Dan\u0131\u015fan Da\u011f A\u015far&#8221;,&#8221;tag&#8221;:&#8221;h1&#8243;},{&#8220;component&#8221;:&#8221;hc_image_box&#8221;,&#8221;id&#8221;:&#8221;P92Nk&#8221;,&#8221;css_classes&#8221;:&#8221;&#8221;,&#8221;custom_css_classes&#8221;:&#8221;&#8221;,&#8221;custom_css_styles&#8221;:&#8221;&#8221;,&#8221;image&#8221;:&#8221;https:\/\/www.cigdemguven.com\/medias\/2021\/05\/cigdemguven-blog01-1.jpg|720|900|1677&#8243;,&#8221;link_type&#8221;:&#8221;lightbox&#8221;,&#8221;lightbox_animation&#8221;:&#8221;&#8221;,&#8221;caption&#8221;:&#8221;Dan\u0131\u015fan Da\u011f A\u015far&#8221;,&#8221;inner_caption&#8221;:false,&#8221;new_window&#8221;:false,&#8221;link&#8221;:&#8221;https:\/\/www.cigdemguven.com\/medias\/2021\/05\/cigdemguven-blog01-1.jpg&#8221;,&#8221;link_content&#8221;:[],&#8221;lightbox_size&#8221;:&#8221;&#8221;,&#8221;scrollbox&#8221;:false,&#8221;icon&#8221;:&#8221;&#8221;,&#8221;image_animation&#8221;:&#8221;&#8221;,&#8221;icon_animation&#8221;:&#8221;&#8221;,&#8221;thumb_size&#8221;:&#8221;full&#8221;,&#8221;icon_hidden&#8221;:true,&#8221;caption_img_box&#8221;:&#8221;&#8221;,&#8221;alt&#8221;:&#8221;&#8221;}]}],&#8221;section_settings&#8221;:&#8221;&#8221;},&#8221;section_vMT2b&#8221;:{&#8220;component&#8221;:&#8221;hc_section&#8221;,&#8221;id&#8221;:&#8221;section_vMT2b&#8221;,&#8221;section_width&#8221;:&#8221;&#8221;,&#8221;animation&#8221;:&#8221;&#8221;,&#8221;animation_time&#8221;:&#8221;&#8221;,&#8221;timeline_animation&#8221;:&#8221;&#8221;,&#8221;timeline_delay&#8221;:&#8221;&#8221;,&#8221;timeline_order&#8221;:&#8221;&#8221;,&#8221;vertical_row&#8221;:&#8221;&#8221;,&#8221;css_classes&#8221;:&#8221;no-padding-bottom no-padding-top &#8220;,&#8221;custom_css_classes&#8221;:&#8221;blogtext&#8221;,&#8221;custom_css_styles&#8221;:&#8221;&#8221;,&#8221;section_content&#8221;:[{&#8220;component&#8221;:&#8221;hc_column&#8221;,&#8221;id&#8221;:&#8221;LT1Il&#8221;,&#8221;column_width&#8221;:&#8221;col-md-12&#8243;,&#8221;animation&#8221;:&#8221;&#8221;,&#8221;animation_time&#8221;:&#8221;&#8221;,&#8221;timeline_animation&#8221;:&#8221;&#8221;,&#8221;timeline_delay&#8221;:&#8221;&#8221;,&#8221;timeline_order&#8221;:&#8221;&#8221;,&#8221;css_classes&#8221;:&#8221;&#8221;,&#8221;custom_css_classes&#8221;:&#8221;&#8221;,&#8221;custom_css_styles&#8221;:&#8221;&#8221;,&#8221;main_content&#8221;:[{&#8220;component&#8221;:&#8221;hc_wp_editor&#8221;,&#8221;id&#8221;:&#8221;tdycS&#8221;,&#8221;css_classes&#8221;:&#8221;&#8221;,&#8221;custom_css_classes&#8221;:&#8221;&#8221;,&#8221;custom_css_styles&#8221;:&#8221;&#8221;,&#8221;editor_content&#8221;:&#8221;Ba\u015far\u0131l\u0131 bir y\u00f6netimin en \u00f6nemli gereklerinden biri, problem \u00e7\u00f6zme yetene\u011fidir. Tecr\u00fcbe ise, problem \u00e7\u00f6zme kabiliyetimize en b\u00fcy\u00fck katk\u0131y\u0131 sa\u011flayan etmenlerdendir. Kar\u015f\u0131la\u015ft\u0131\u011f\u0131m\u0131z her problem, tecr\u00fcbe birikimimize kat\u0131larak, daha sonra kar\u015f\u0131la\u015ft\u0131\u011f\u0131m\u0131z benzer sorunlar\u0131 ba\u015far\u0131l\u0131 ve verimli bir \u015fekilde a\u015fmam\u0131za katk\u0131da bulunur. Bu sebeple, kar\u015f\u0131la\u015ft\u0131\u011f\u0131m\u0131z y\u00f6netim sorunlar\u0131n\u0131 birer zorluk veya aksilik olarak de\u011fil, daha ba\u015far\u0131l\u0131 bir y\u00f6netici olmam\u0131za katk\u0131 sa\u011flayacak, bilgi ve tecr\u00fcbe havuzumuzu geni\u015fletecek deneyimler olarak g\u00f6rmeliyiz.\\n\\nY\u00f6netim, her biri \u00f6zg\u00fcn olan, farkl\u0131 bak\u0131\u015f a\u00e7\u0131lar\u0131 gerektiren sorunlara \u00e7\u00f6z\u00fcmler \u00fcretmeyi gerektirir. Bu problemlerin cevab\u0131n\u0131 yaln\u0131z kendi tecr\u00fcbelerimizde bulmak ise m\u00fcmk\u00fcn olmayabilir. Y\u0131llar i\u00e7inde \u00e7e\u015fitli firmalara hizmet vermi\u015f, farkl\u0131 sekt\u00f6rlerin sorunlar\u0131na yan\u0131tlar bulmu\u015f, ortak ve geni\u015f kapsaml\u0131 bir kurumsal tecr\u00fcbe edinmi\u015f dan\u0131\u015fmanl\u0131k firmalar\u0131, bu ba\u011flamda de\u011ferlendirilmesi gereken yard\u0131mc\u0131lard\u0131r. \u00c7ok \u00e7e\u015fitli sorunlara \u00e7\u00f6z\u00fcmler getirmi\u015f olan bu firmalar, ayn\u0131 y\u00f6neticilerde oldu\u011fu gibi, kar\u015f\u0131la\u015ft\u0131klar\u0131 i\u015f problemlerinden paha bi\u00e7ilmez kazan\u0131mlar elde ederler. M\u00fc\u015fterilerinin sorunlar\u0131na verimli \u00e7\u00f6z\u00fcmler \u00fcretirlerken, ayn\u0131 zamanda kurumsal ve sekt\u00f6rel tecr\u00fcbe edinir, problemlerin saptanmas\u0131 ve analizi konusunda uzmanla\u015f\u0131r, ba\u015far\u0131l\u0131 y\u00f6netim modelleri geli\u015ftirirler. Verdikleri hizmetin bir sonucu olarak, problemlere getirilen \u00e7\u00f6z\u00fcmlerin ve bu problemlerin \u00f6\u011frettiklerinin topland\u0131\u011f\u0131, geni\u015f ve ortak bir tecr\u00fcbe havuzu \u00f6zelli\u011fi kazan\u0131rlar.\\n\\nS\u00f6z konusu \u00f6zellikleri ile dan\u0131\u015fmanl\u0131k \u015firketlerinin problemleri tespit yetisinde, kurumsal tecr\u00fcbe \u00f6nemli yer tutar. Bu firmalar\u0131n problemlere \u00e7\u00f6z\u00fcm \u00fcretmelerinde, \u00e7\u00f6z\u00fcm odakl\u0131 bak\u0131\u015f a\u00e7\u0131s\u0131na sahip olmalar\u0131n\u0131n yan\u0131 s\u0131ra, daha \u00f6nce benzer sorulara cevaplar getirmi\u015f, donan\u0131ml\u0131 ve kalifiye uzmanlar\u0131 b\u00fcnyesinde bar\u0131nd\u0131rmalar\u0131 \u00f6nemli rol oynar. Dan\u0131\u015fmanl\u0131k \u015firketleri, \u00e7\u00f6z\u00fcm\u00fcn sa\u011fl\u0131kl\u0131 aktar\u0131m\u0131 konusunda, m\u00fc\u015fteri firman\u0131n hiyerar\u015fisinden ba\u011f\u0131ms\u0131z olmalar\u0131 sayesinde, objektif ve verimli \u00e7\u00f6z\u00fcm aktar\u0131m\u0131 yapabilirler. Bu etmenleri ta\u015f\u0131yan dan\u0131\u015fmanl\u0131k \u015firketleri, ba\u015far\u0131l\u0131 bir y\u00f6netime giden yolda en \u00f6nemli yard\u0131mc\u0131lard\u0131r.&#8221;}]},{&#8220;component&#8221;:&#8221;hc_column&#8221;,&#8221;id&#8221;:&#8221;KPH9L&#8221;,&#8221;column_width&#8221;:&#8221;col-md-12&#8243;,&#8221;animation&#8221;:&#8221;&#8221;,&#8221;animation_time&#8221;:&#8221;&#8221;,&#8221;timeline_animation&#8221;:&#8221;&#8221;,&#8221;timeline_delay&#8221;:&#8221;&#8221;,&#8221;timeline_order&#8221;:&#8221;&#8221;,&#8221;css_classes&#8221;:&#8221;&#8221;,&#8221;custom_css_classes&#8221;:&#8221;socialbox&#8221;,&#8221;custom_css_styles&#8221;:&#8221;&#8221;,&#8221;main_content&#8221;:[{&#8220;component&#8221;:&#8221;hc_space&#8221;,&#8221;id&#8221;:&#8221;13OsX&#8221;,&#8221;css_classes&#8221;:&#8221;&#8221;,&#8221;custom_css_classes&#8221;:&#8221;&#8221;,&#8221;custom_css_styles&#8221;:&#8221;&#8221;,&#8221;size&#8221;:&#8221;space-sm&#8221;,&#8221;height&#8221;:&#8221;&#8221;},{&#8220;component&#8221;:&#8221;hc_text_block&#8221;,&#8221;id&#8221;:&#8221;aaHtr&#8221;,&#8221;css_classes&#8221;:&#8221;&#8221;,&#8221;custom_css_classes&#8221;:&#8221;&#8221;,&#8221;custom_css_styles&#8221;:&#8221;&#8221;,&#8221;content&#8221;:&#8221;Payla\u015f:&#8221;},{&#8220;component&#8221;:&#8221;hc_social_share_buttons&#8221;,&#8221;id&#8221;:&#8221;tjcuj&#8221;,&#8221;css_classes&#8221;:&#8221;&#8221;,&#8221;custom_css_classes&#8221;:&#8221;&#8221;,&#8221;custom_css_styles&#8221;:&#8221;&#8221;,&#8221;style&#8221;:&#8221;icon-links-button&#8221;,&#8221;size&#8221;:&#8221;&#8221;,&#8221;alignment&#8221;:&#8221;&#8221;,&#8221;type&#8221;:&#8221;&#8221;,&#8221;social_colors&#8221;:true,&#8221;fb&#8221;:true,&#8221;fb_link&#8221;:&#8221;&#8221;,&#8221;tw&#8221;:true,&#8221;tw_link&#8221;:&#8221;&#8221;,&#8221;pi&#8221;:true,&#8221;pi_link&#8221;:&#8221;&#8221;,&#8221;li&#8221;:true,&#8221;li_link&#8221;:&#8221;&#8221;}]}],&#8221;section_settings&#8221;:&#8221;&#8221;},&#8221;section_dDpN7&#8243;:{&#8220;component&#8221;:&#8221;hc_section&#8221;,&#8221;id&#8221;:&#8221;section_dDpN7&#8243;,&#8221;section_width&#8221;:&#8221;&#8221;,&#8221;animation&#8221;:&#8221;&#8221;,&#8221;animation_time&#8221;:&#8221;&#8221;,&#8221;timeline_animation&#8221;:&#8221;&#8221;,&#8221;timeline_delay&#8221;:&#8221;&#8221;,&#8221;timeline_order&#8221;:&#8221;&#8221;,&#8221;vertical_row&#8221;:&#8221;&#8221;,&#8221;css_classes&#8221;:&#8221;section-color &#8220;,&#8221;custom_css_classes&#8221;:&#8221;&#8221;,&#8221;custom_css_styles&#8221;:&#8221;&#8221;,&#8221;section_content&#8221;:[{&#8220;component&#8221;:&#8221;hc_column&#8221;,&#8221;id&#8221;:&#8221;XLZ44&#8243;,&#8221;column_width&#8221;:&#8221;col-md-12&#8243;,&#8221;animation&#8221;:&#8221;&#8221;,&#8221;animation_time&#8221;:&#8221;&#8221;,&#8221;timeline_animation&#8221;:&#8221;&#8221;,&#8221;timeline_delay&#8221;:&#8221;&#8221;,&#8221;timeline_order&#8221;:&#8221;&#8221;,&#8221;css_classes&#8221;:&#8221;&#8221;,&#8221;custom_css_classes&#8221;:&#8221;&#8221;,&#8221;custom_css_styles&#8221;:&#8221;&#8221;,&#8221;main_content&#8221;:[{&#8220;component&#8221;:&#8221;hc_title_tag&#8221;,&#8221;id&#8221;:&#8221;4AoyD&#8221;,&#8221;css_classes&#8221;:&#8221;&#8221;,&#8221;custom_css_classes&#8221;:&#8221;&#8221;,&#8221;custom_css_styles&#8221;:&#8221;&#8221;,&#8221;text&#8221;:&#8221;Son Yaz\u0131lar&#8221;,&#8221;tag&#8221;:&#8221;h2&#8243;},{&#8220;component&#8221;:&#8221;hc_space&#8221;,&#8221;id&#8221;:&#8221;TsAHd&#8221;,&#8221;css_classes&#8221;:&#8221;&#8221;,&#8221;custom_css_classes&#8221;:&#8221;&#8221;,&#8221;custom_css_styles&#8221;:&#8221;&#8221;,&#8221;size&#8221;:&#8221;space&#8221;,&#8221;height&#8221;:&#8221;&#8221;},{&#8220;component&#8221;:&#8221;hc_pt_grid_list&#8221;,&#8221;id&#8221;:&#8221;J9IEW&#8221;,&#8221;css_classes&#8221;:&#8221;&#8221;,&#8221;custom_css_classes&#8221;:&#8221;&#8221;,&#8221;custom_css_styles&#8221;:&#8221;&#8221;,&#8221;post_type_slug&#8221;:&#8221;post&#8221;,&#8221;post_type_category&#8221;:&#8221;yazilar&#8221;,&#8221;column&#8221;:&#8221;2&#8243;,&#8221;column_lg&#8221;:&#8221;2&#8243;,&#8221;column_md&#8221;:&#8221;2&#8243;,&#8221;column_sm&#8221;:&#8221;1&#8243;,&#8221;column_xs&#8221;:&#8221;1&#8243;,&#8221;margins&#8221;:&#8221;&#8221;,&#8221;pag_type&#8221;:&#8221;load_more&#8221;,&#8221;pag_items&#8221;:&#8221;2&#8243;,&#8221;pag_size&#8221;:&#8221;pagination-lg&#8221;,&#8221;pag_animation&#8221;:&#8221;fade-top&#8221;,&#8221;pag_scroll_top&#8221;:false,&#8221;pag_position&#8221;:&#8221;align-center&#8221;,&#8221;pag_button_prev&#8221;:&#8221;&#8221;,&#8221;pag_button_next&#8221;:&#8221;&#8221;,&#8221;lm_lazy&#8221;:false,&#8221;lm_button_text&#8221;:&#8221;Daha Fazla&#8221;,&#8221;box&#8221;:&#8221;blog_top&#8221;,&#8221;boxed&#8221;:true,&#8221;extra&#8221;:false,&#8221;content&#8221;:&#8221;&#8221;,&#8221;title_length&#8221;:&#8221;36&#8243;,&#8221;excerpt_length&#8221;:&#8221;75&#8243;,&#8221;title_size&#8221;:&#8221;text-md&#8221;,&#8221;custom_css&#8221;:&#8221;&#8221;,&#8221;button_text&#8221;:&#8221;&#8221;,&#8221;button_style&#8221;:&#8221;square&#8221;,&#8221;button_dimensions&#8221;:&#8221;btn-lg&#8221;,&#8221;button_animation&#8221;:false,&#8221;button_icon&#8221;:&#8221;&#8221;}]}],&#8221;section_settings&#8221;:&#8221;&#8221;},&#8221;scripts&#8221;:{&#8220;lightbox&#8221;:&#8221;magnific-popup.min.js&#8221;,&#8221;pagination&#8221;:&#8221;pagination.min.js&#8221;},&#8221;css&#8221;:{&#8220;lightbox&#8221;:&#8221;css\/magnific-popup.css&#8221;,&#8221;content_box&#8221;:&#8221;css\/content-box.css&#8221;,&#8221;media_box&#8221;:&#8221;css\/media-box.css&#8221;},&#8221;css_page&#8221;:&#8221;\/*.media-box-reveal .caption img{max-width: inherit;\\n    width: inherit;\\ntext-align: center !important;\\n    margin-left: 46%;\\n    margin-top: 23%;}*\/\\n\\n\\n&#8221;,&#8221;template_setting&#8221;:{},&#8221;template_setting_top&#8221;:{},&#8221;page_setting&#8221;:{&#8220;settings&#8221;:[&#8220;lock-mode-off&#8221;]},&#8221;post_type_setting&#8221;:{&#8220;settings&#8221;:{&#8220;image&#8221;:&#8221;https:\/\/www.cigdemguven.com\/medias\/2021\/05\/cigdemguven-blog01-1.jpg|720|900|1677&#8243;,&#8221;excerpt&#8221;:&#8221;Ba\u015far\u0131l\u0131 bir y\u00f6netimin en \u00f6nemli gereklerinden biri, problem \u00e7\u00f6zme yetene\u011fidir. Tecr\u00fcbe ise, problem \u00e7\u00f6zme kabiliyetimize en b\u00fcy\u00fck katk\u0131y\u0131 sa\u011flayan etmenlerdendir. Kar\u015f\u0131la\u015ft\u0131\u011f\u0131m\u0131z her problem, tecr\u00fcbe birikimimize kat\u0131larak, daha sonra kar\u015f\u0131la\u015ft\u0131\u011f\u0131m\u0131z benzer sorunlar\u0131 ba\u015far\u0131l\u0131 ve verimli bir \u015fekilde a\u015fmam\u0131za katk\u0131da bulunur. Bu sebeple, kar\u015f\u0131la\u015ft\u0131\u011f\u0131m\u0131z y\u00f6netim sorunlar\u0131n\u0131 birer zorluk veya aksilik olarak de\u011fil, daha ba\u015far\u0131l\u0131 bir y\u00f6netici olmam\u0131za katk\u0131 sa\u011flayacak, bilgi ve tecr\u00fcbe havuzumuzu geni\u015fletecek deneyimler olarak g\u00f6rmeliyiz.&#8221;,&#8221;extra_1&#8243;:&#8221;Yaz\u0131&#8221;,&#8221;extra_2&#8243;:&#8221;&#8221;,&#8221;icon&#8221;:{&#8220;icon&#8221;:&#8221;&#8221;,&#8221;icon_style&#8221;:&#8221;&#8221;,&#8221;icon_image&#8221;:&#8221;&#8221;}}}}<\/p>\n","protected":false},"excerpt":{"rendered":"<p>Ba\u015far\u0131l\u0131 bir y\u00f6netimin en \u00f6nemli gereklerinden biri, problem \u00e7\u00f6zme yetene\u011fidir. Tecr\u00fcbe ise, problem \u00e7\u00f6zme kabiliyetimize en b\u00fcy\u00fck katk\u0131y\u0131 sa\u011flayan etmenlerdendir. Kar\u015f\u0131la\u015ft\u0131\u011f\u0131m\u0131z her problem, tecr\u00fcbe birikimimize kat\u0131larak, daha sonra kar\u015f\u0131la\u015ft\u0131\u011f\u0131m\u0131z benzer sorunlar\u0131 ba\u015far\u0131l\u0131 ve verimli bir \u015fekilde a\u015fmam\u0131za katk\u0131da bulunur. Bu sebeple, kar\u015f\u0131la\u015ft\u0131\u011f\u0131m\u0131z y\u00f6netim sorunlar\u0131n\u0131 birer zorluk veya aksilik olarak de\u011fil, daha ba\u015far\u0131l\u0131 bir y\u00f6netici olmam\u0131za katk\u0131 sa\u011flayacak, bilgi ve tecr\u00fcbe havuzumuzu geni\u015fletecek deneyimler olarak g\u00f6rmeliyiz.<\/p>\n","protected":false},"author":1,"featured_media":1677,"comment_status":"closed","ping_status":"open","sticky":false,"template":"","format":"standard","meta":{"footnotes":""},"categories":[12,19],"tags":[],"class_list":["post-1676","post","type-post","status-publish","format-standard","has-post-thumbnail","hentry","category-genel","category-yazilar"],"yoast_head":"\n<title>Dan\u0131\u015fan Da\u011f A\u015far | \u00c7i\u011fdem G\u00fcven Management Consulting &amp; Coaching &amp; Mentoring Services<\/title>\n<meta name=\"robots\" content=\"index, follow, max-snippet:-1, max-image-preview:large, max-video-preview:-1\" \/>\n<link rel=\"canonical\" href=\"https:\/\/www.cigdemguven.com\/tr\/yazilar\/danisan-dag-asar\/\" \/>\n<meta property=\"og:locale\" content=\"tr_TR\" \/>\n<meta property=\"og:type\" content=\"article\" \/>\n<meta property=\"og:title\" content=\"Dan\u0131\u015fan Da\u011f A\u015far | \u00c7i\u011fdem G\u00fcven Management Consulting &amp; Coaching &amp; Mentoring Services\" \/>\n<meta property=\"og:description\" content=\"Ba\u015far\u0131l\u0131 bir y\u00f6netimin en \u00f6nemli gereklerinden biri, problem \u00e7\u00f6zme yetene\u011fidir. Tecr\u00fcbe ise, problem \u00e7\u00f6zme kabiliyetimize en b\u00fcy\u00fck katk\u0131y\u0131 sa\u011flayan etmenlerdendir. Kar\u015f\u0131la\u015ft\u0131\u011f\u0131m\u0131z her problem, tecr\u00fcbe birikimimize kat\u0131larak, daha sonra kar\u015f\u0131la\u015ft\u0131\u011f\u0131m\u0131z benzer sorunlar\u0131 ba\u015far\u0131l\u0131 ve verimli bir \u015fekilde a\u015fmam\u0131za katk\u0131da bulunur. Bu sebeple, kar\u015f\u0131la\u015ft\u0131\u011f\u0131m\u0131z y\u00f6netim sorunlar\u0131n\u0131 birer zorluk veya aksilik olarak de\u011fil, daha ba\u015far\u0131l\u0131 bir y\u00f6netici olmam\u0131za katk\u0131 sa\u011flayacak, bilgi ve tecr\u00fcbe havuzumuzu geni\u015fletecek deneyimler olarak g\u00f6rmeliyiz.\" \/>\n<meta property=\"og:url\" content=\"https:\/\/www.cigdemguven.com\/tr\/yazilar\/danisan-dag-asar\/\" \/>\n<meta property=\"og:site_name\" content=\"\u00c7i\u011fdem G\u00fcven Management Consulting &amp; Coaching &amp; Mentoring Services\" \/>\n<meta property=\"article:publisher\" content=\"https:\/\/www.facebook.com\/cigdemguvendanisman\" \/>\n<meta property=\"article:published_time\" content=\"2020-03-18T09:23:34+00:00\" \/>\n<meta property=\"article:modified_time\" content=\"2022-08-11T12:34:51+00:00\" \/>\n<meta property=\"og:image\" content=\"https:\/\/www.cigdemguven.com\/medias\/2021\/05\/cigdemguven-blog01-1.jpg\" \/>\n\t<meta property=\"og:image:width\" content=\"900\" \/>\n\t<meta property=\"og:image:height\" content=\"720\" \/>\n\t<meta property=\"og:image:type\" content=\"image\/jpeg\" \/>\n<meta name=\"author\" content=\"\u00c7i\u011fdem G\u00fcven\" \/>\n<meta name=\"twitter:card\" content=\"summary_large_image\" \/>\n<meta name=\"twitter:creator\" content=\"@cigdemguvencom\" \/>\n<meta name=\"twitter:site\" content=\"@cigdemguvencom\" \/>\n<meta name=\"twitter:label1\" content=\"Yazan:\" \/>\n\t<meta name=\"twitter:data1\" content=\"\u00c7i\u011fdem G\u00fcven\" \/>\n\t<meta name=\"twitter:label2\" content=\"Tahmini okuma s\u00fcresi\" \/>\n\t<meta name=\"twitter:data2\" content=\"6 dakika\" \/>\n<script type=\"application\/ld+json\" class=\"yoast-schema-graph\">{\"@context\":\"https:\/\/schema.org\",\"@graph\":[{\"@type\":\"Article\",\"@id\":\"https:\/\/www.cigdemguven.com\/tr\/yazilar\/danisan-dag-asar\/#article\",\"isPartOf\":{\"@id\":\"https:\/\/www.cigdemguven.com\/tr\/yazilar\/danisan-dag-asar\/\"},\"author\":{\"name\":\"\u00c7i\u011fdem G\u00fcven\",\"@id\":\"https:\/\/www.cigdemguven.com\/tr\/#\/schema\/person\/abd506d3b37ae4dd04e7393ca6ac5921\"},\"headline\":\"Dan\u0131\u015fan Da\u011f A\u015far\",\"datePublished\":\"2020-03-18T09:23:34+00:00\",\"dateModified\":\"2022-08-11T12:34:51+00:00\",\"mainEntityOfPage\":{\"@id\":\"https:\/\/www.cigdemguven.com\/tr\/yazilar\/danisan-dag-asar\/\"},\"wordCount\":1116,\"publisher\":{\"@id\":\"https:\/\/www.cigdemguven.com\/tr\/#organization\"},\"articleSection\":{\"1\":\"Yaz\u0131lar\"},\"inLanguage\":\"tr\"},{\"@type\":\"WebPage\",\"@id\":\"https:\/\/www.cigdemguven.com\/tr\/yazilar\/danisan-dag-asar\/\",\"url\":\"https:\/\/www.cigdemguven.com\/tr\/yazilar\/danisan-dag-asar\/\",\"name\":\"Dan\u0131\u015fan Da\u011f A\u015far | \u00c7i\u011fdem G\u00fcven Management Consulting &amp; Coaching &amp; Mentoring Services\",\"isPartOf\":{\"@id\":\"https:\/\/www.cigdemguven.com\/tr\/#website\"},\"datePublished\":\"2020-03-18T09:23:34+00:00\",\"dateModified\":\"2022-08-11T12:34:51+00:00\",\"breadcrumb\":{\"@id\":\"https:\/\/www.cigdemguven.com\/tr\/yazilar\/danisan-dag-asar\/#breadcrumb\"},\"inLanguage\":\"tr\",\"potentialAction\":[{\"@type\":\"ReadAction\",\"target\":[\"https:\/\/www.cigdemguven.com\/tr\/yazilar\/danisan-dag-asar\/\"]}]},{\"@type\":\"BreadcrumbList\",\"@id\":\"https:\/\/www.cigdemguven.com\/tr\/yazilar\/danisan-dag-asar\/#breadcrumb\",\"itemListElement\":[{\"@type\":\"ListItem\",\"position\":1,\"name\":\"Home\",\"item\":\"https:\/\/www.cigdemguven.com\/tr\/\"},{\"@type\":\"ListItem\",\"position\":2,\"name\":\"Dan\u0131\u015fan Da\u011f A\u015far\"}]},{\"@type\":\"WebSite\",\"@id\":\"https:\/\/www.cigdemguven.com\/tr\/#website\",\"url\":\"https:\/\/www.cigdemguven.com\/tr\/\",\"name\":\"\u00c7i\u011fdem G\u00fcven Management Consulting &amp; Coaching &amp; Mentoring Services\",\"description\":\"Management Consulting &amp; Coaching &amp; Mentoring Services\",\"publisher\":{\"@id\":\"https:\/\/www.cigdemguven.com\/tr\/#organization\"},\"potentialAction\":[{\"@type\":\"SearchAction\",\"target\":{\"@type\":\"EntryPoint\",\"urlTemplate\":\"https:\/\/www.cigdemguven.com\/tr\/?s={search_term_string}\"},\"query-input\":\"required name=search_term_string\"}],\"inLanguage\":\"tr\"},{\"@type\":\"Organization\",\"@id\":\"https:\/\/www.cigdemguven.com\/tr\/#organization\",\"name\":\"\u00c7i\u011fdem G\u00fcven Management Consulting & Coaching & Mentoring Services\",\"url\":\"https:\/\/www.cigdemguven.com\/tr\/\",\"logo\":{\"@type\":\"ImageObject\",\"inLanguage\":\"tr\",\"@id\":\"https:\/\/www.cigdemguven.com\/tr\/#\/schema\/logo\/image\/\",\"url\":\"https:\/\/www.cigdemguven.com\/medias\/2021\/12\/cigdem-guven-logo.svg\",\"contentUrl\":\"https:\/\/www.cigdemguven.com\/medias\/2021\/12\/cigdem-guven-logo.svg\",\"width\":1,\"height\":1,\"caption\":\"\u00c7i\u011fdem G\u00fcven Management Consulting & Coaching & Mentoring Services\"},\"image\":{\"@id\":\"https:\/\/www.cigdemguven.com\/tr\/#\/schema\/logo\/image\/\"},\"sameAs\":[\"https:\/\/www.facebook.com\/cigdemguvendanisman\",\"https:\/\/twitter.com\/cigdemguvencom\",\"https:\/\/www.instagram.com\/cigdemguvendanismanlik\/\",\"https:\/\/www.linkedin.com\/in\/cigdemguvendanismanlik\/\"]},{\"@type\":\"Person\",\"@id\":\"https:\/\/www.cigdemguven.com\/tr\/#\/schema\/person\/abd506d3b37ae4dd04e7393ca6ac5921\",\"name\":\"\u00c7i\u011fdem G\u00fcven\",\"sameAs\":[\"https:\/\/www.cigdemguven.com\"],\"url\":\"https:\/\/www.cigdemguven.com\/tr\/author\/cigdemguven\/\"}]}<\/script>\n","yoast_head_json":{"title":"Dan\u0131\u015fan Da\u011f A\u015far | \u00c7i\u011fdem G\u00fcven Management Consulting &amp; Coaching &amp; Mentoring Services","robots":{"index":"index","follow":"follow","max-snippet":"max-snippet:-1","max-image-preview":"max-image-preview:large","max-video-preview":"max-video-preview:-1"},"canonical":"https:\/\/www.cigdemguven.com\/tr\/yazilar\/danisan-dag-asar\/","og_locale":"tr_TR","og_type":"article","og_title":"Dan\u0131\u015fan Da\u011f A\u015far | \u00c7i\u011fdem G\u00fcven Management Consulting &amp; Coaching &amp; Mentoring Services","og_description":"Ba\u015far\u0131l\u0131 bir y\u00f6netimin en \u00f6nemli gereklerinden biri, problem \u00e7\u00f6zme yetene\u011fidir. Tecr\u00fcbe ise, problem \u00e7\u00f6zme kabiliyetimize en b\u00fcy\u00fck katk\u0131y\u0131 sa\u011flayan etmenlerdendir. Kar\u015f\u0131la\u015ft\u0131\u011f\u0131m\u0131z her problem, tecr\u00fcbe birikimimize kat\u0131larak, daha sonra kar\u015f\u0131la\u015ft\u0131\u011f\u0131m\u0131z benzer sorunlar\u0131 ba\u015far\u0131l\u0131 ve verimli bir \u015fekilde a\u015fmam\u0131za katk\u0131da bulunur. Bu sebeple, kar\u015f\u0131la\u015ft\u0131\u011f\u0131m\u0131z y\u00f6netim sorunlar\u0131n\u0131 birer zorluk veya aksilik olarak de\u011fil, daha ba\u015far\u0131l\u0131 bir y\u00f6netici olmam\u0131za katk\u0131 sa\u011flayacak, bilgi ve tecr\u00fcbe havuzumuzu geni\u015fletecek deneyimler olarak g\u00f6rmeliyiz.","og_url":"https:\/\/www.cigdemguven.com\/tr\/yazilar\/danisan-dag-asar\/","og_site_name":"\u00c7i\u011fdem G\u00fcven Management Consulting &amp; Coaching &amp; Mentoring Services","article_publisher":"https:\/\/www.facebook.com\/cigdemguvendanisman","article_published_time":"2020-03-18T09:23:34+00:00","article_modified_time":"2022-08-11T12:34:51+00:00","og_image":[{"width":900,"height":720,"url":"https:\/\/www.cigdemguven.com\/medias\/2021\/05\/cigdemguven-blog01-1.jpg","type":"image\/jpeg"}],"author":"\u00c7i\u011fdem G\u00fcven","twitter_card":"summary_large_image","twitter_creator":"@cigdemguvencom","twitter_site":"@cigdemguvencom","twitter_misc":{"Yazan:":"\u00c7i\u011fdem G\u00fcven","Tahmini okuma s\u00fcresi":"6 dakika"},"schema":{"@context":"https:\/\/schema.org","@graph":[{"@type":"Article","@id":"https:\/\/www.cigdemguven.com\/tr\/yazilar\/danisan-dag-asar\/#article","isPartOf":{"@id":"https:\/\/www.cigdemguven.com\/tr\/yazilar\/danisan-dag-asar\/"},"author":{"name":"\u00c7i\u011fdem G\u00fcven","@id":"https:\/\/www.cigdemguven.com\/tr\/#\/schema\/person\/abd506d3b37ae4dd04e7393ca6ac5921"},"headline":"Dan\u0131\u015fan Da\u011f A\u015far","datePublished":"2020-03-18T09:23:34+00:00","dateModified":"2022-08-11T12:34:51+00:00","mainEntityOfPage":{"@id":"https:\/\/www.cigdemguven.com\/tr\/yazilar\/danisan-dag-asar\/"},"wordCount":1116,"publisher":{"@id":"https:\/\/www.cigdemguven.com\/tr\/#organization"},"articleSection":{"1":"Yaz\u0131lar"},"inLanguage":"tr"},{"@type":"WebPage","@id":"https:\/\/www.cigdemguven.com\/tr\/yazilar\/danisan-dag-asar\/","url":"https:\/\/www.cigdemguven.com\/tr\/yazilar\/danisan-dag-asar\/","name":"Dan\u0131\u015fan Da\u011f A\u015far | \u00c7i\u011fdem G\u00fcven Management Consulting &amp; Coaching &amp; Mentoring Services","isPartOf":{"@id":"https:\/\/www.cigdemguven.com\/tr\/#website"},"datePublished":"2020-03-18T09:23:34+00:00","dateModified":"2022-08-11T12:34:51+00:00","breadcrumb":{"@id":"https:\/\/www.cigdemguven.com\/tr\/yazilar\/danisan-dag-asar\/#breadcrumb"},"inLanguage":"tr","potentialAction":[{"@type":"ReadAction","target":["https:\/\/www.cigdemguven.com\/tr\/yazilar\/danisan-dag-asar\/"]}]},{"@type":"BreadcrumbList","@id":"https:\/\/www.cigdemguven.com\/tr\/yazilar\/danisan-dag-asar\/#breadcrumb","itemListElement":[{"@type":"ListItem","position":1,"name":"Home","item":"https:\/\/www.cigdemguven.com\/tr\/"},{"@type":"ListItem","position":2,"name":"Dan\u0131\u015fan Da\u011f A\u015far"}]},{"@type":"WebSite","@id":"https:\/\/www.cigdemguven.com\/tr\/#website","url":"https:\/\/www.cigdemguven.com\/tr\/","name":"\u00c7i\u011fdem G\u00fcven Management Consulting &amp; Coaching &amp; Mentoring Services","description":"Management Consulting &amp; Coaching &amp; Mentoring Services","publisher":{"@id":"https:\/\/www.cigdemguven.com\/tr\/#organization"},"potentialAction":[{"@type":"SearchAction","target":{"@type":"EntryPoint","urlTemplate":"https:\/\/www.cigdemguven.com\/tr\/?s={search_term_string}"},"query-input":"required name=search_term_string"}],"inLanguage":"tr"},{"@type":"Organization","@id":"https:\/\/www.cigdemguven.com\/tr\/#organization","name":"\u00c7i\u011fdem G\u00fcven Management Consulting & Coaching & Mentoring Services","url":"https:\/\/www.cigdemguven.com\/tr\/","logo":{"@type":"ImageObject","inLanguage":"tr","@id":"https:\/\/www.cigdemguven.com\/tr\/#\/schema\/logo\/image\/","url":"https:\/\/www.cigdemguven.com\/medias\/2021\/12\/cigdem-guven-logo.svg","contentUrl":"https:\/\/www.cigdemguven.com\/medias\/2021\/12\/cigdem-guven-logo.svg","width":1,"height":1,"caption":"\u00c7i\u011fdem G\u00fcven Management Consulting & Coaching & Mentoring Services"},"image":{"@id":"https:\/\/www.cigdemguven.com\/tr\/#\/schema\/logo\/image\/"},"sameAs":["https:\/\/www.facebook.com\/cigdemguvendanisman","https:\/\/twitter.com\/cigdemguvencom","https:\/\/www.instagram.com\/cigdemguvendanismanlik\/","https:\/\/www.linkedin.com\/in\/cigdemguvendanismanlik\/"]},{"@type":"Person","@id":"https:\/\/www.cigdemguven.com\/tr\/#\/schema\/person\/abd506d3b37ae4dd04e7393ca6ac5921","name":"\u00c7i\u011fdem G\u00fcven","sameAs":["https:\/\/www.cigdemguven.com"],"url":"https:\/\/www.cigdemguven.com\/tr\/author\/cigdemguven\/"}]}},"_links":{"self":[{"href":"https:\/\/www.cigdemguven.com\/tr\/wp-json\/wp\/v2\/posts\/1676","targetHints":{"allow":["GET"]}}],"collection":[{"href":"https:\/\/www.cigdemguven.com\/tr\/wp-json\/wp\/v2\/posts"}],"about":[{"href":"https:\/\/www.cigdemguven.com\/tr\/wp-json\/wp\/v2\/types\/post"}],"author":[{"embeddable":true,"href":"https:\/\/www.cigdemguven.com\/tr\/wp-json\/wp\/v2\/users\/1"}],"replies":[{"embeddable":true,"href":"https:\/\/www.cigdemguven.com\/tr\/wp-json\/wp\/v2\/comments?post=1676"}],"version-history":[{"count":2,"href":"https:\/\/www.cigdemguven.com\/tr\/wp-json\/wp\/v2\/posts\/1676\/revisions"}],"predecessor-version":[{"id":1680,"href":"https:\/\/www.cigdemguven.com\/tr\/wp-json\/wp\/v2\/posts\/1676\/revisions\/1680"}],"wp:featuredmedia":[{"embeddable":true,"href":"https:\/\/www.cigdemguven.com\/tr\/wp-json\/wp\/v2\/media\/1677"}],"wp:attachment":[{"href":"https:\/\/www.cigdemguven.com\/tr\/wp-json\/wp\/v2\/media?parent=1676"}],"wp:term":[{"taxonomy":"category","embeddable":true,"href":"https:\/\/www.cigdemguven.com\/tr\/wp-json\/wp\/v2\/categories?post=1676"},{"taxonomy":"post_tag","embeddable":true,"href":"https:\/\/www.cigdemguven.com\/tr\/wp-json\/wp\/v2\/tags?post=1676"}],"curies":[{"name":"wp","href":"https:\/\/api.w.org\/{rel}","templated":true}]}}