{"id":1573,"date":"2020-09-11T08:49:04","date_gmt":"2020-09-11T05:49:04","guid":{"rendered":"https:\/\/www.cigdemguven.com\/genel\/strategic-leadership-and-pandemic\/"},"modified":"2022-04-06T16:51:18","modified_gmt":"2022-04-06T13:51:18","slug":"stratejik-liderlik-ve-pandemi","status":"publish","type":"post","link":"https:\/\/www.cigdemguven.com\/tr\/yazilar\/stratejik-liderlik-ve-pandemi\/","title":{"rendered":"Stratejik Liderlik ve Pandemi"},"content":{"rendered":"<p>{&#8220;main-title&#8221;:{&#8220;component&#8221;:&#8221;hc_title&#8221;,&#8221;id&#8221;:&#8221;main-title&#8221;,&#8221;title&#8221;:&#8221;&#8221;,&#8221;subtitle&#8221;:&#8221;&#8221;,&#8221;title_content&#8221;:{&#8220;component&#8221;:&#8221;hc_title_empty&#8221;,&#8221;id&#8221;:&#8221;title-empty&#8221;}},&#8221;section_QvNqz&#8221;:{&#8220;component&#8221;:&#8221;hc_section&#8221;,&#8221;id&#8221;:&#8221;section_QvNqz&#8221;,&#8221;section_width&#8221;:&#8221;full-width&#8221;,&#8221;animation&#8221;:&#8221;&#8221;,&#8221;animation_time&#8221;:&#8221;&#8221;,&#8221;timeline_animation&#8221;:&#8221;&#8221;,&#8221;timeline_delay&#8221;:&#8221;&#8221;,&#8221;timeline_order&#8221;:&#8221;&#8221;,&#8221;vertical_row&#8221;:&#8221;&#8221;,&#8221;css_classes&#8221;:&#8221;section-color no-padding-bottom no-padding-top &#8220;,&#8221;custom_css_classes&#8221;:&#8221;containerblog&#8221;,&#8221;custom_css_styles&#8221;:&#8221;&#8221;,&#8221;section_content&#8221;:[{&#8220;component&#8221;:&#8221;hc_column&#8221;,&#8221;id&#8221;:&#8221;P1FCZ&#8221;,&#8221;column_width&#8221;:&#8221;col-md-12&#8243;,&#8221;animation&#8221;:&#8221;&#8221;,&#8221;animation_time&#8221;:&#8221;&#8221;,&#8221;timeline_animation&#8221;:&#8221;&#8221;,&#8221;timeline_delay&#8221;:&#8221;&#8221;,&#8221;timeline_order&#8221;:&#8221;&#8221;,&#8221;css_classes&#8221;:&#8221;boxed-area align-items-center &#8220;,&#8221;custom_css_classes&#8221;:&#8221;&#8221;,&#8221;custom_css_styles&#8221;:&#8221;&#8221;,&#8221;main_content&#8221;:[{&#8220;component&#8221;:&#8221;hc_title_tag&#8221;,&#8221;id&#8221;:&#8221;5ZtkF&#8221;,&#8221;css_classes&#8221;:&#8221;&#8221;,&#8221;custom_css_classes&#8221;:&#8221;&#8221;,&#8221;custom_css_styles&#8221;:&#8221;&#8221;,&#8221;text&#8221;:&#8221;Stratejik Liderlik ve Pandemi&#8221;,&#8221;tag&#8221;:&#8221;h1&#8243;},{&#8220;component&#8221;:&#8221;hc_image_box&#8221;,&#8221;id&#8221;:&#8221;P92Nk&#8221;,&#8221;css_classes&#8221;:&#8221;&#8221;,&#8221;custom_css_classes&#8221;:&#8221;&#8221;,&#8221;custom_css_styles&#8221;:&#8221;&#8221;,&#8221;image&#8221;:&#8221;https:\/\/www.cigdemguven.com\/medias\/2020\/09\/cigdemguven_pandemic-1024&#215;645.jpg|756|1200|595&#8243;,&#8221;link_type&#8221;:&#8221;lightbox&#8221;,&#8221;lightbox_animation&#8221;:&#8221;&#8221;,&#8221;caption&#8221;:&#8221;Stratejik Liderlik ve Pandemi&#8221;,&#8221;inner_caption&#8221;:false,&#8221;new_window&#8221;:false,&#8221;link&#8221;:&#8221;https:\/\/www.cigdemguven.com\/medias\/2020\/09\/cigdemguven_pandemic.jpg&#8221;,&#8221;link_content&#8221;:[],&#8221;lightbox_size&#8221;:&#8221;&#8221;,&#8221;scrollbox&#8221;:false,&#8221;icon&#8221;:&#8221;&#8221;,&#8221;image_animation&#8221;:&#8221;&#8221;,&#8221;icon_animation&#8221;:&#8221;&#8221;,&#8221;thumb_size&#8221;:&#8221;full&#8221;,&#8221;icon_hidden&#8221;:true,&#8221;caption_img_box&#8221;:&#8221;&#8221;,&#8221;alt&#8221;:&#8221;&#8221;}]}],&#8221;section_settings&#8221;:&#8221;&#8221;},&#8221;section_aSGAU&#8221;:{&#8220;component&#8221;:&#8221;hc_section&#8221;,&#8221;id&#8221;:&#8221;section_aSGAU&#8221;,&#8221;section_width&#8221;:&#8221;&#8221;,&#8221;animation&#8221;:&#8221;&#8221;,&#8221;animation_time&#8221;:&#8221;&#8221;,&#8221;timeline_animation&#8221;:&#8221;&#8221;,&#8221;timeline_delay&#8221;:&#8221;&#8221;,&#8221;timeline_order&#8221;:&#8221;&#8221;,&#8221;vertical_row&#8221;:&#8221;true&#8221;,&#8221;css_classes&#8221;:&#8221;section-color no-padding-bottom no-padding-top full-width-md full-width-sm &#8220;,&#8221;custom_css_classes&#8221;:&#8221;containervideo&#8221;,&#8221;custom_css_styles&#8221;:&#8221;&#8221;,&#8221;section_content&#8221;:[{&#8220;component&#8221;:&#8221;hc_column&#8221;,&#8221;id&#8221;:&#8221;column_0qrhK&#8221;,&#8221;column_width&#8221;:&#8221;col-md-12&#8243;,&#8221;animation&#8221;:&#8221;&#8221;,&#8221;animation_time&#8221;:&#8221;&#8221;,&#8221;timeline_animation&#8221;:&#8221;&#8221;,&#8221;timeline_delay&#8221;:&#8221;&#8221;,&#8221;timeline_order&#8221;:&#8221;&#8221;,&#8221;css_classes&#8221;:&#8221;align-center section-color no-padding-bottom no-padding-top boxed-area full-width-md full-width-sm &#8220;,&#8221;custom_css_classes&#8221;:&#8221;containervideo &#8220;,&#8221;custom_css_styles&#8221;:&#8221;&#8221;,&#8221;main_content&#8221;:[{&#8220;component&#8221;:&#8221;hc_media_box&#8221;,&#8221;id&#8221;:&#8221;qMEEl&#8221;,&#8221;css_classes&#8221;:&#8221;&#8221;,&#8221;custom_css_classes&#8221;:&#8221;reveal-button&#8221;,&#8221;custom_css_styles&#8221;:&#8221;&#8221;,&#8221;image&#8221;:&#8221;https:\/\/www.cigdemguven.com\/medias\/2020\/09\/stratejik-liderlik-ve-pandemi-1024&#215;576.jpg|720|1280|938&#8243;,&#8221;title&#8221;:&#8221;&#8221;,&#8221;box_style&#8221;:&#8221;down&#8221;,&#8221;image_animation&#8221;:&#8221;&#8221;,&#8221;content_animation&#8221;:&#8221;&#8221;,&#8221;thumb_size&#8221;:&#8221;full&#8221;,&#8221;subtitle&#8221;:&#8221;&#8221;,&#8221;extra_content&#8221;:&#8221;&#8221;,&#8221;text&#8221;:&#8221;<img src=\\\"\/medias\/2020\/09\/cigdem-guven-play-button.png\\\">&#8220;,&#8221;alignment&#8221;:&#8221;align-center&#8221;,&#8221;alt&#8221;:&#8221;&#8221;,&#8221;link_type&#8221;:&#8221;lightbox&#8221;,&#8221;lightbox_animation&#8221;:&#8221;&#8221;,&#8221;caption&#8221;:&#8221;&#8221;,&#8221;inner_caption&#8221;:false,&#8221;new_window&#8221;:false,&#8221;link&#8221;:&#8221;https:\/\/www.youtube.com\/watch?v=3pXPdDKs6ME&#8221;,&#8221;link_content&#8221;:[],&#8221;lightbox_size&#8221;:&#8221;&#8221;,&#8221;scrollbox&#8221;:false}]}],&#8221;section_settings&#8221;:&#8221;&#8221;},&#8221;section_vMT2b&#8221;:{&#8220;component&#8221;:&#8221;hc_section&#8221;,&#8221;id&#8221;:&#8221;section_vMT2b&#8221;,&#8221;section_width&#8221;:&#8221;&#8221;,&#8221;animation&#8221;:&#8221;&#8221;,&#8221;animation_time&#8221;:&#8221;&#8221;,&#8221;timeline_animation&#8221;:&#8221;&#8221;,&#8221;timeline_delay&#8221;:&#8221;&#8221;,&#8221;timeline_order&#8221;:&#8221;&#8221;,&#8221;vertical_row&#8221;:&#8221;&#8221;,&#8221;css_classes&#8221;:&#8221;no-padding-bottom no-padding-top &#8220;,&#8221;custom_css_classes&#8221;:&#8221;blogtext&#8221;,&#8221;custom_css_styles&#8221;:&#8221;&#8221;,&#8221;section_content&#8221;:[{&#8220;component&#8221;:&#8221;hc_column&#8221;,&#8221;id&#8221;:&#8221;LT1Il&#8221;,&#8221;column_width&#8221;:&#8221;col-md-12&#8243;,&#8221;animation&#8221;:&#8221;&#8221;,&#8221;animation_time&#8221;:&#8221;&#8221;,&#8221;timeline_animation&#8221;:&#8221;&#8221;,&#8221;timeline_delay&#8221;:&#8221;&#8221;,&#8221;timeline_order&#8221;:&#8221;&#8221;,&#8221;css_classes&#8221;:&#8221;&#8221;,&#8221;custom_css_classes&#8221;:&#8221;&#8221;,&#8221;custom_css_styles&#8221;:&#8221;&#8221;,&#8221;main_content&#8221;:[{&#8220;component&#8221;:&#8221;hc_wp_editor&#8221;,&#8221;id&#8221;:&#8221;tdycS&#8221;,&#8221;css_classes&#8221;:&#8221;&#8221;,&#8221;custom_css_classes&#8221;:&#8221;&#8221;,&#8221;custom_css_styles&#8221;:&#8221;&#8221;,&#8221;editor_content&#8221;:&#8221;Stratejik Lider ekibini ula\u015f\u0131lmak istenen noktaya g\u00f6t\u00fcrebilen, de\u011fi\u015fen ko\u015fullarla birlikte hedefi ba\u015faracak yol haritas\u0131n\u0131 \u00e7\u0131karan, liderlik yapan ki\u015fidir. Stratejik bak\u0131\u015f a\u00e7\u0131s\u0131 g\u00fc\u00e7l\u00fc olan liderler, g\u00fcnl\u00fck i\u015f enerjisinden \u00e7\u0131kabilen, daha \u00fcst a\u00e7\u0131dan bakabilen, b\u00fcy\u00fck resmi g\u00f6rebilen, ara de\u011ferlendirmeleri yapan, ko\u015fullar\u0131n de\u011fi\u015fmesi halinde yeni revizeleri yapabilen ki\u015fidir.\\n\\nPandemi s\u00fcreci ile birlikte, liderlerde esneklik, de\u011fi\u015fime uyum, dayan\u0131kl\u0131l\u0131k, stres y\u00f6netimi, duygusal kontrol , dijital d\u00f6n\u00fc\u015f\u00fcme uyum, ekibi ile ba\u011f kurma, ileti\u015fimi s\u0131k ve a\u00e7\u0131k tutma, durum de\u011ferlendirme, hedef odakl\u0131l\u0131k, \u00f6\u011frenmeye, yenili\u011fe, de\u011fi\u015fime a\u00e7\u0131k olman\u0131n daha \u00f6ne \u00e7\u0131kt\u0131\u011f\u0131n\u0131 g\u00f6zlemlemekteyim.\\n\\nLiderlerin Pandemi d\u00f6nemi ile birlikte belirsizlik i\u00e7ersinde y\u00f6n ve yol bulma ile kar\u015f\u0131la\u015ft\u0131\u011f\u0131n\u0131 g\u00f6r\u00fcyorum. Liderler, ilk kar\u0131\u015f\u0131kl\u0131k d\u00f6nemi sonras\u0131nda, mevcut ko\u015fullar alt\u0131nda g\u00fcnl\u00fck ve orta vadeli i\u015f planlar\u0131 revize ettiler, uyumland\u0131lar. Uzaktan liderli\u011fi deneyimlediler. Bu \u00e7al\u0131\u015fmalar\u0131n g\u00fcven ve a\u00e7\u0131k ileti\u015fim esas\u0131 ile ,g\u00fcnl\u00fck rutinleri dijital ortama ta\u015f\u0131d\u0131lar. Liderler yine bu d\u00f6nemde stres ve belirsizlikler ile birlikte ak\u0131\u015fta kalmay\u0131 ve gereken revizelerle yeniden i\u015f performans\u0131na y\u00f6nelik \u00e7al\u0131\u015fmay\u0131 deneyimlediler.\\n\\nPandemi d\u00f6neminde , Liderler dahil olmak \u00fczere herkesin mevcut ko\u015fullar alt\u0131nda en iyiyi yapmaya \u00e7al\u0131\u015ft\u0131\u011f\u0131n\u0131 g\u00f6zlemliyorum. Burda kritik konu deneyimlerden \u00f6\u011frenmektir. Ba\u015far\u0131l\u0131 \u015firketlere bakt\u0131\u011f\u0131n\u0131zda, hatalar\u0131ndan, ba\u015far\u0131s\u0131zl\u0131klar\u0131ndan \u00f6\u011frenen bir k\u00fclt\u00fcr olu\u015fturduklar\u0131n\u0131 g\u00f6r\u00fcr\u00fcz. Bu yakla\u015f\u0131m i\u015f d\u00fcnyas\u0131nda \u00e7ok yayg\u0131n de\u011fildir. Oysa ki ba\u015far\u0131s\u0131zl\u0131klardan korkmama, \u00f6\u011frenme, deneyimden \u00e7\u0131kt\u0131 sa\u011flamak \u015firket ba\u015far\u0131s\u0131 i\u00e7in kritiktir. Sorun ba\u015far\u0131s\u0131zl\u0131klardan \u00f6\u011frenilmemesi, ayn\u0131 hatalar\u0131n tekrar yap\u0131lmas\u0131ndad\u0131r.\\n\\n\u0130\u00e7erisinden ge\u00e7ti\u011fimiz bu d\u00f6nemde, dijital kapasitesi i\u00e7in yat\u0131r\u0131mlar yapan ve hen\u00fcz dijital d\u00fcnyaya haz\u0131r olmayan \u015firketler oldu\u011funu g\u00f6r\u00fcyoruz. Dijital kapasitesi yeterli oldu\u011fu halde, de\u011fi\u015fime diren\u00e7 nedeniyle, bu kapasiteyi kullanamayan \u015firketler, pandeminin etkisiyle dijital kapasite kullan\u0131m konusunda olduk\u00e7a h\u0131zland\u0131. Bu d\u00f6nemde, dijital kapasitesi yeterli olmayan \u015firketler ise, yapmalar\u0131 gereken yat\u0131r\u0131m, finansman ve s\u00fcre\u00e7 de\u011ferlendirmelerini yapt\u0131lar. Dolay\u0131s\u0131yla bu firmalarda yat\u0131r\u0131mlara ili\u015fkin bir hareketlilik ba\u015flad\u0131.\\n\\n\u0130\u00e7erisinden ge\u00e7ti\u011fimiz s\u00fcre\u00e7te, hibrid bir y\u00f6netim uzaktan \u00e7al\u0131\u015fma ve ofiste \u00e7al\u0131\u015fma konusunun bir dengeye gelece\u011fini d\u00fc\u015f\u00fcn\u00fcyorum. Hibrid d\u00f6nemin ard\u0131ndan, eski sisteme d\u00f6n\u00fc\u015f olmayacakt\u0131r kanaatindeyim. Dijitalle\u015fme y\u00f6n\u00fcnde art\u0131\u015f olacakt\u0131r. Dijitalle\u015fmenin artmas\u0131 ile birlikte siber g\u00fcvenlik konular\u0131 \u015firketlerin \u00f6ncelikli g\u00fcndemi olarak \u00e7al\u0131\u015f\u0131lacakt\u0131r. Pandemi d\u00f6nemi \u00e7ok \u00f6nemli bir \u00f6\u011frenme s\u00fcrecini sa\u011flayacakt\u0131r. \u00d6\u011frenme d\u00f6nemleri zordur, sanc\u0131l\u0131d\u0131r. \u0130\u015fe yarayan ve i\u015fe yaramayan uygulamalar birlikte de\u011ferlendirilecek ve \u015firketler yeni bir dengeye ula\u015facakt\u0131r diye d\u00fc\u015f\u00fcn\u00fcyorum.\\n\\nBununla birlikte, Pandemi d\u00f6nemi ve sonras\u0131 hedef odakl\u0131 \u00e7al\u0131\u015fmalar\u0131n zamanla artaca\u011f\u0131n\u0131 bekliyorum. Ekibin kendi i\u015finde daha yetkin, sonu\u00e7 odakl\u0131, hedef odakl\u0131 yetkinliklerinin artaca\u011f\u0131n\u0131, bu alanlarda yetkinlik geli\u015fim yat\u0131r\u0131mlar\u0131n\u0131n artaca\u011f\u0131n\u0131 d\u00fc\u015f\u00fcn\u00fcyorum. De\u011fi\u015fimlerde, ki\u015filerin Liderler dahil, diren\u00e7 noktalar\u0131n\u0131 tan\u0131malar\u0131 onlarla y\u00fczle\u015fmeleri ve bu konuda \u00e7al\u0131\u015fmalar\u0131, korkular\u0131na ra\u011fmen ileriye bak\u0131\u015f\u0131n\u0131 sa\u011flayacakt\u0131r. De\u011fi\u015fmeyen tek \u015fey de\u011fi\u015fimdir.\\n\\nLiderlik hayat\u0131n i\u00e7inden bir kavramd\u0131r. Liderlik yetkinliklerinin g\u00fcnl\u00fck ya\u015famda ne kadar ihtiya\u00e7 kar\u015f\u0131lad\u0131\u011f\u0131n\u0131, ili\u015fkileri g\u00fczelle\u015ftirdi\u011fini g\u00f6zlemliyorum. \u00c7at\u0131\u015fma y\u00f6netimi, m\u00fczakere becerileri, ileti\u015fim becerileri vb. konular\u0131n okullarda \u00e7al\u0131\u015f\u0131lmas\u0131 i\u015f d\u00fcnyas\u0131n\u0131 da rahatlatacakt\u0131r. Kurumsal i\u015f ya\u015fam\u0131nda, bu tip yat\u0131r\u0131mlar olduk\u00e7a b\u00fcy\u00fckt\u00fcr. Bunun nedeni, i\u015f ya\u015fam\u0131 \u00f6ncesi bu yetkinliklerin kazan\u0131lmam\u0131\u015f olmas\u0131ndan kaynaklanmaktad\u0131r. Oysa bu \u00e7al\u0131\u015fmalar ki\u015filerin fark\u0131ndal\u0131\u011f\u0131n\u0131 artt\u0131r\u0131r, daha isabetli se\u00e7imler yapmas\u0131n\u0131 sa\u011flar, hayata haz\u0131rlar. Liderlik \u00e7al\u0131\u015fmalar\u0131n\u0131n makul fiyatlarla ula\u015f\u0131labilir programlar olmas\u0131 gerekir. Bununla birlikte Liderlik yetkinliklerinin \u00fcniversitelerde, liselerde kazan\u0131lmas\u0131 gerekti\u011fini d\u00fc\u015f\u00fcn\u00fcyorum.\\n\\nDijital d\u00fcnya ile istihdam konusu, ki\u015filerde i\u015fsiz kalma , i\u015fsizlik durumunda ne yapar\u0131m sorusu g\u00fcndeme gelmektedir. Geli\u015fen ve \u00f6\u011frenen insan\u0131n daha cesur oldu\u011funa inan\u0131yorum. Kendini tan\u0131ma y\u00f6n\u00fcnde yap\u0131lan \u00e7al\u0131\u015fmalar, ki\u015filere daha yeni fark edebilecekleri yeni f\u0131rsatlar ve hatta daha tatmin edici f\u0131rsatlar yaratabilmektedir. Teknolojiyle bar\u0131\u015fan, getirdiklerini f\u0131rsata d\u00f6n\u00fc\u015ft\u00fcrebilen \u015firketlerin, rakiplerine g\u00f6re \u00f6nemli bir zaman kazanaca\u011f\u0131n\u0131 d\u00fc\u015f\u00fcn\u00fcyorum.Bu d\u00f6nemde f\u0131rsatlar de\u011ferlendirilirse neler kazanacakt\u0131r, organizasyon ve ekip ne f\u0131rsatlar elde edecektir ve hangi noktalarda g\u00fc\u00e7lenme sa\u011flanm\u0131\u015ft\u0131r de\u011ferlendirilmesi gerekmektedir.\\n\\nLiderin ve ekibin kendilerini tan\u0131mas\u0131 ve g\u00fcc\u00fcn\u00fc y\u00f6netebilmesi, yetkinliklerini geli\u015ftirebilmesi, geli\u015fime a\u00e7\u0131k olmas\u0131, kurumlar\u0131n ve ki\u015filerin kendilerine yat\u0131r\u0131m yapmas\u0131, gerekli destekler yap\u0131lmas\u0131, kurumlara ciddi maliyet avantaj\u0131 yaratacakt\u0131r. Zaman kay\u0131plar\u0131, plans\u0131zl\u0131k ve di\u011fer sabotajlar\u0131n ortaya \u00e7\u0131kard\u0131\u011f\u0131 maliyetleri minimize edecektir. Geli\u015fim, de\u011fi\u015fim, yeniliklere uyum kurumlar i\u00e7in kritik ba\u015far\u0131 fakt\u00f6rleridir. Burada farkl\u0131 bak\u0131\u015f a\u00e7\u0131lar\u0131n\u0131 ger\u00e7ekten dinleme, de\u011ferlendirme \u00f6nemlidir.\\n\\nFarkl\u0131 bak\u0131\u015f a\u00e7\u0131lar\u0131n\u0131 anlayabilmek ve de\u011ferlendirebilmek i\u00e7in de ger\u00e7ekten dinleyebilmek gerekir. Y\u00f6netici dan\u0131\u015fmanl\u0131k \u00e7al\u0131\u015fmalar\u0131mda edindi\u011fim izlenimlerde, \u00e7ok iyi e\u011fitim alm\u0131\u015f olsak bile dinleme, iyi soru sorma konusunda kaslar\u0131m\u0131z\u0131n zay\u0131f oldu\u011fu y\u00f6n\u00fcndedir.Liderlerin g\u00fcc\u00fc sordu\u011fu sorulardad\u0131r. Kaynak y\u00f6netmek, g\u00fcc\u00fc y\u00f6netmek ancak bu \u015fekilde m\u00fcmk\u00fcnd\u00fcr. Aksi takdirde, lider her konuyu bilmesi varsay\u0131m\u0131yla hareket eder, bu da m\u00fcmk\u00fcn olmad\u0131\u011f\u0131ndan bir s\u00fcre sonra t\u00fckenmi\u015flik ba\u015flar. T\u00fckenmi\u015flik olan yerde, kaynak y\u00f6netimi konusunda kesinlikle onemli bir sorun oldu\u011funu ve bunu \u00e7\u00f6zmek i\u00e7in gerekli yakla\u015f\u0131m ve \u00e7al\u0131\u015fmalar\u0131n yap\u0131lmas\u0131 gerekti\u011fini ve bunun kurumun ba\u015far\u0131s\u0131n\u0131 do\u011frudan etkiledi\u011fini d\u00fc\u015f\u00fcn\u00fcyorum.\\n\\n\u0130\u015f ya\u015fam\u0131nda ko\u015fullar her zaman de\u011fi\u015fecektir. Ba\u015far\u0131n\u0131n s\u00fcreklili\u011fi i\u00e7in stratejik liderlerin gerekli \u00e7al\u0131\u015fmalar\u0131 yap\u0131yor olmas\u0131, yetkinlikler konusunda nerede olduklar\u0131n\u0131 bilmesi ve geli\u015fime a\u00e7\u0131k olmas\u0131, bu d\u00f6nemlerden kazan\u0131mlar\u0131, \u00f6\u011frenmelerini ve g\u00fc\u00e7lenmelerini sa\u011flayacakt\u0131r. B\u00f6yle d\u00f6nemlerde destek mekanizmalar\u0131 kurulmas\u0131, dayan\u0131\u015fmalar, a\u00e7\u0131k ileti\u015fim, \u015feffafl\u0131k, dinleme, arzu edilen ba\u015far\u0131da s\u00fcreklili\u011fi destekleyecektir diye de\u011ferlendiriyorum.&#8221;}]},{&#8220;component&#8221;:&#8221;hc_column&#8221;,&#8221;id&#8221;:&#8221;KPH9L&#8221;,&#8221;column_width&#8221;:&#8221;col-md-12&#8243;,&#8221;animation&#8221;:&#8221;&#8221;,&#8221;animation_time&#8221;:&#8221;&#8221;,&#8221;timeline_animation&#8221;:&#8221;&#8221;,&#8221;timeline_delay&#8221;:&#8221;&#8221;,&#8221;timeline_order&#8221;:&#8221;&#8221;,&#8221;css_classes&#8221;:&#8221;&#8221;,&#8221;custom_css_classes&#8221;:&#8221;socialbox&#8221;,&#8221;custom_css_styles&#8221;:&#8221;&#8221;,&#8221;main_content&#8221;:[{&#8220;component&#8221;:&#8221;hc_space&#8221;,&#8221;id&#8221;:&#8221;13OsX&#8221;,&#8221;css_classes&#8221;:&#8221;&#8221;,&#8221;custom_css_classes&#8221;:&#8221;&#8221;,&#8221;custom_css_styles&#8221;:&#8221;&#8221;,&#8221;size&#8221;:&#8221;space-sm&#8221;,&#8221;height&#8221;:&#8221;&#8221;},{&#8220;component&#8221;:&#8221;hc_text_block&#8221;,&#8221;id&#8221;:&#8221;aaHtr&#8221;,&#8221;css_classes&#8221;:&#8221;&#8221;,&#8221;custom_css_classes&#8221;:&#8221;&#8221;,&#8221;custom_css_styles&#8221;:&#8221;&#8221;,&#8221;content&#8221;:&#8221;Payla\u015f:&#8221;},{&#8220;component&#8221;:&#8221;hc_social_share_buttons&#8221;,&#8221;id&#8221;:&#8221;tjcuj&#8221;,&#8221;css_classes&#8221;:&#8221;&#8221;,&#8221;custom_css_classes&#8221;:&#8221;&#8221;,&#8221;custom_css_styles&#8221;:&#8221;&#8221;,&#8221;style&#8221;:&#8221;icon-links-button&#8221;,&#8221;size&#8221;:&#8221;&#8221;,&#8221;alignment&#8221;:&#8221;&#8221;,&#8221;type&#8221;:&#8221;&#8221;,&#8221;social_colors&#8221;:true,&#8221;fb&#8221;:true,&#8221;fb_link&#8221;:&#8221;&#8221;,&#8221;tw&#8221;:true,&#8221;tw_link&#8221;:&#8221;&#8221;,&#8221;pi&#8221;:true,&#8221;pi_link&#8221;:&#8221;&#8221;,&#8221;li&#8221;:true,&#8221;li_link&#8221;:&#8221;&#8221;}]}],&#8221;section_settings&#8221;:&#8221;&#8221;},&#8221;section_dDpN7&#8243;:{&#8220;component&#8221;:&#8221;hc_section&#8221;,&#8221;id&#8221;:&#8221;section_dDpN7&#8243;,&#8221;section_width&#8221;:&#8221;&#8221;,&#8221;animation&#8221;:&#8221;&#8221;,&#8221;animation_time&#8221;:&#8221;&#8221;,&#8221;timeline_animation&#8221;:&#8221;&#8221;,&#8221;timeline_delay&#8221;:&#8221;&#8221;,&#8221;timeline_order&#8221;:&#8221;&#8221;,&#8221;vertical_row&#8221;:&#8221;&#8221;,&#8221;css_classes&#8221;:&#8221;section-color &#8220;,&#8221;custom_css_classes&#8221;:&#8221;&#8221;,&#8221;custom_css_styles&#8221;:&#8221;&#8221;,&#8221;section_content&#8221;:[{&#8220;component&#8221;:&#8221;hc_column&#8221;,&#8221;id&#8221;:&#8221;XLZ44&#8243;,&#8221;column_width&#8221;:&#8221;col-md-12&#8243;,&#8221;animation&#8221;:&#8221;&#8221;,&#8221;animation_time&#8221;:&#8221;&#8221;,&#8221;timeline_animation&#8221;:&#8221;&#8221;,&#8221;timeline_delay&#8221;:&#8221;&#8221;,&#8221;timeline_order&#8221;:&#8221;&#8221;,&#8221;css_classes&#8221;:&#8221;&#8221;,&#8221;custom_css_classes&#8221;:&#8221;&#8221;,&#8221;custom_css_styles&#8221;:&#8221;&#8221;,&#8221;main_content&#8221;:[{&#8220;component&#8221;:&#8221;hc_title_tag&#8221;,&#8221;id&#8221;:&#8221;4AoyD&#8221;,&#8221;css_classes&#8221;:&#8221;&#8221;,&#8221;custom_css_classes&#8221;:&#8221;&#8221;,&#8221;custom_css_styles&#8221;:&#8221;&#8221;,&#8221;text&#8221;:&#8221;Son Yaz\u0131lar&#8221;,&#8221;tag&#8221;:&#8221;h2&#8243;},{&#8220;component&#8221;:&#8221;hc_space&#8221;,&#8221;id&#8221;:&#8221;TsAHd&#8221;,&#8221;css_classes&#8221;:&#8221;&#8221;,&#8221;custom_css_classes&#8221;:&#8221;&#8221;,&#8221;custom_css_styles&#8221;:&#8221;&#8221;,&#8221;size&#8221;:&#8221;space&#8221;,&#8221;height&#8221;:&#8221;&#8221;},{&#8220;component&#8221;:&#8221;hc_pt_grid_list&#8221;,&#8221;id&#8221;:&#8221;J9IEW&#8221;,&#8221;css_classes&#8221;:&#8221;&#8221;,&#8221;custom_css_classes&#8221;:&#8221;&#8221;,&#8221;custom_css_styles&#8221;:&#8221;&#8221;,&#8221;post_type_slug&#8221;:&#8221;post&#8221;,&#8221;post_type_category&#8221;:&#8221;yazilar&#8221;,&#8221;column&#8221;:&#8221;2&#8243;,&#8221;column_lg&#8221;:&#8221;2&#8243;,&#8221;column_md&#8221;:&#8221;2&#8243;,&#8221;column_sm&#8221;:&#8221;1&#8243;,&#8221;column_xs&#8221;:&#8221;1&#8243;,&#8221;margins&#8221;:&#8221;&#8221;,&#8221;pag_type&#8221;:&#8221;load_more&#8221;,&#8221;pag_items&#8221;:&#8221;2&#8243;,&#8221;pag_size&#8221;:&#8221;pagination-lg&#8221;,&#8221;pag_animation&#8221;:&#8221;fade-top&#8221;,&#8221;pag_scroll_top&#8221;:false,&#8221;pag_position&#8221;:&#8221;align-center&#8221;,&#8221;pag_button_prev&#8221;:&#8221;&#8221;,&#8221;pag_button_next&#8221;:&#8221;&#8221;,&#8221;lm_lazy&#8221;:false,&#8221;lm_button_text&#8221;:&#8221;Daha Fazla&#8221;,&#8221;box&#8221;:&#8221;blog_top&#8221;,&#8221;boxed&#8221;:true,&#8221;extra&#8221;:false,&#8221;content&#8221;:&#8221;&#8221;,&#8221;title_length&#8221;:&#8221;36&#8243;,&#8221;excerpt_length&#8221;:&#8221;75&#8243;,&#8221;title_size&#8221;:&#8221;text-md&#8221;,&#8221;custom_css&#8221;:&#8221;&#8221;,&#8221;button_text&#8221;:&#8221;&#8221;,&#8221;button_style&#8221;:&#8221;square&#8221;,&#8221;button_dimensions&#8221;:&#8221;btn-lg&#8221;,&#8221;button_animation&#8221;:false,&#8221;button_icon&#8221;:&#8221;&#8221;}]}],&#8221;section_settings&#8221;:&#8221;&#8221;},&#8221;scripts&#8221;:{&#8220;lightbox&#8221;:&#8221;magnific-popup.min.js&#8221;,&#8221;pagination&#8221;:&#8221;pagination.min.js&#8221;},&#8221;css&#8221;:{&#8220;lightbox&#8221;:&#8221;css\/magnific-popup.css&#8221;,&#8221;media_box&#8221;:&#8221;css\/media-box.css&#8221;,&#8221;content_box&#8221;:&#8221;css\/content-box.css&#8221;},&#8221;css_page&#8221;:&#8221;\/*.media-box-reveal .caption img{max-width: inherit;\\n    width: inherit;\\ntext-align: center !important;\\n    margin-left: 46%;\\n    margin-top: 23%;}*\/\\n\\n\\n&#8221;,&#8221;template_setting&#8221;:{},&#8221;template_setting_top&#8221;:{},&#8221;page_setting&#8221;:{&#8220;settings&#8221;:[&#8220;lock-mode-off&#8221;]},&#8221;post_type_setting&#8221;:{&#8220;settings&#8221;:{&#8220;image&#8221;:&#8221;https:\/\/www.cigdemguven.com\/medias\/2020\/09\/cigdemguven_pandemic-1024&#215;645.jpg|756|1200|595&#8243;,&#8221;excerpt&#8221;:&#8221;Stratejik Lider ekibini ula\u015f\u0131lmak istenen noktaya g\u00f6t\u00fcrebilen, de\u011fi\u015fen ko\u015fullarla birlikte hedefi ba\u015faracak yol haritas\u0131n\u0131 \u00e7\u0131karan, liderlik yapan ki\u015fidir. Stratejik bak\u0131\u015f a\u00e7\u0131s\u0131 g\u00fc\u00e7l\u00fc olan liderler, g\u00fcnl\u00fck i\u015f enerjisinden \u00e7\u0131kabilen, daha \u00fcst a\u00e7\u0131dan bakabilen, b\u00fcy\u00fck resmi g\u00f6rebilen, ara de\u011ferlendirmeleri yapan, ko\u015fullar\u0131n de\u011fi\u015fmesi halinde yeni revizeleri yapabilen ki\u015fidir.&#8221;,&#8221;extra_1&#8243;:&#8221;Yaz\u0131&#8221;,&#8221;extra_2&#8243;:&#8221;&#8221;,&#8221;icon&#8221;:{&#8220;icon&#8221;:&#8221;&#8221;,&#8221;icon_style&#8221;:&#8221;&#8221;,&#8221;icon_image&#8221;:&#8221;&#8221;}}}}<\/p><div class=\"jpw-truncate-btn\"><div class=\"jpw-truncate-header\"><h2>\u00dcye olarak i\u00e7eriklerimize ula\u015f\u0131n.<\/h2><p><\/p><div class=\"jpw_login\"><span>\u00dcyeli\u011fim var!  <a href=\"\/my-account\">Giri\u015f Yap<\/a><\/span><\/div><\/div><div class=\"jpw_btn_wrapper\"><div class=\"jpw_subscribe\">\n\t\t\t\t\t<div class=\"jpw_btn_inner_wrapper\">\n\t\t\t\t\t\t<h3>\u00dcye Ol<\/h3>\n\t\t\t\t\t\t<span>L\u00fctfen t\u00fcm yaz\u0131lar\u0131m\u0131za eri\u015febilmek i\u00e7in \u00fcye olun. <br\/><strong>40'tan fazla yaz\u0131ya eri\u015febilirsiniz.<\/strong><\/span>\n\t\t\t\t\t\t<div class=\"jpw-button\">\n\t\t\t\t\t\t\t<div class=\"btn_wrapper\">\n\t\t\t\t\t\t\t\t<a href=\"https:\/\/www.cigdemguven.com\/subscribe\/\" class=\"btn button \">Hemen \u00dcye Ol<\/a>\n\t\t\t\t\t\t\t<\/div>\n\t\t\t\t\t\t<\/div>\n\t\t\t\t\t<\/div>\n\t\t\t\t<\/div><\/div><\/div>","protected":false},"excerpt":{"rendered":"<p>Stratejik Lider ekibini ula\u015f\u0131lmak istenen noktaya g\u00f6t\u00fcrebilen, de\u011fi\u015fen ko\u015fullarla birlikte hedefi ba\u015faracak yol haritas\u0131n\u0131 \u00e7\u0131karan, liderlik yapan ki\u015fidir. Stratejik bak\u0131\u015f a\u00e7\u0131s\u0131 g\u00fc\u00e7l\u00fc olan liderler, g\u00fcnl\u00fck i\u015f enerjisinden \u00e7\u0131kabilen, daha \u00fcst a\u00e7\u0131dan bakabilen, b\u00fcy\u00fck resmi g\u00f6rebilen, ara de\u011ferlendirmeleri yapan, ko\u015fullar\u0131n de\u011fi\u015fmesi halinde yeni revizeleri yapabilen ki\u015fidir.<\/p>\n","protected":false},"author":1,"featured_media":1201,"comment_status":"closed","ping_status":"open","sticky":false,"template":"","format":"standard","meta":{"footnotes":""},"categories":[19],"tags":[],"class_list":["post-1573","post","type-post","status-publish","format-standard","has-post-thumbnail","hentry","category-yazilar"],"yoast_head":"\n<title>Stratejik Liderlik ve Pandemi | \u00c7i\u011fdem G\u00fcven Management Consulting &amp; Coaching &amp; Mentoring Services<\/title>\n<meta name=\"robots\" content=\"index, follow, max-snippet:-1, max-image-preview:large, max-video-preview:-1\" \/>\n<link rel=\"canonical\" href=\"https:\/\/www.cigdemguven.com\/tr\/yazilar\/stratejik-liderlik-ve-pandemi\/\" \/>\n<meta property=\"og:locale\" content=\"tr_TR\" \/>\n<meta property=\"og:type\" content=\"article\" \/>\n<meta property=\"og:title\" content=\"Stratejik Liderlik ve Pandemi | \u00c7i\u011fdem G\u00fcven Management Consulting &amp; Coaching &amp; Mentoring Services\" \/>\n<meta property=\"og:description\" content=\"Stratejik Lider ekibini ula\u015f\u0131lmak istenen noktaya g\u00f6t\u00fcrebilen, de\u011fi\u015fen ko\u015fullarla birlikte hedefi ba\u015faracak yol haritas\u0131n\u0131 \u00e7\u0131karan, liderlik yapan ki\u015fidir. Stratejik bak\u0131\u015f a\u00e7\u0131s\u0131 g\u00fc\u00e7l\u00fc olan liderler, g\u00fcnl\u00fck i\u015f enerjisinden \u00e7\u0131kabilen, daha \u00fcst a\u00e7\u0131dan bakabilen, b\u00fcy\u00fck resmi g\u00f6rebilen, ara de\u011ferlendirmeleri yapan, ko\u015fullar\u0131n de\u011fi\u015fmesi halinde yeni revizeleri yapabilen ki\u015fidir.\" \/>\n<meta property=\"og:url\" content=\"https:\/\/www.cigdemguven.com\/tr\/yazilar\/stratejik-liderlik-ve-pandemi\/\" \/>\n<meta property=\"og:site_name\" content=\"\u00c7i\u011fdem G\u00fcven Management Consulting &amp; Coaching &amp; Mentoring Services\" \/>\n<meta property=\"article:publisher\" content=\"https:\/\/www.facebook.com\/cigdemguvendanisman\" \/>\n<meta property=\"article:published_time\" content=\"2020-09-11T05:49:04+00:00\" \/>\n<meta property=\"article:modified_time\" content=\"2022-04-06T13:51:18+00:00\" \/>\n<meta property=\"og:image\" content=\"https:\/\/www.cigdemguven.com\/medias\/2020\/09\/cigdemguven_pandemic.jpg\" \/>\n\t<meta property=\"og:image:width\" content=\"1200\" \/>\n\t<meta property=\"og:image:height\" content=\"756\" \/>\n\t<meta property=\"og:image:type\" content=\"image\/jpeg\" \/>\n<meta name=\"author\" content=\"\u00c7i\u011fdem G\u00fcven\" \/>\n<meta name=\"twitter:card\" content=\"summary_large_image\" \/>\n<meta name=\"twitter:creator\" content=\"@cigdemguvencom\" \/>\n<meta name=\"twitter:site\" content=\"@cigdemguvencom\" \/>\n<meta name=\"twitter:label1\" content=\"Yazan:\" \/>\n\t<meta name=\"twitter:data1\" content=\"\u00c7i\u011fdem G\u00fcven\" \/>\n\t<meta name=\"twitter:label2\" content=\"Tahmini okuma s\u00fcresi\" \/>\n\t<meta name=\"twitter:data2\" content=\"10 dakika\" \/>\n<script type=\"application\/ld+json\" class=\"yoast-schema-graph\">{\"@context\":\"https:\/\/schema.org\",\"@graph\":[{\"@type\":\"Article\",\"@id\":\"https:\/\/www.cigdemguven.com\/tr\/yazilar\/stratejik-liderlik-ve-pandemi\/#article\",\"isPartOf\":{\"@id\":\"https:\/\/www.cigdemguven.com\/tr\/yazilar\/stratejik-liderlik-ve-pandemi\/\"},\"author\":{\"name\":\"\u00c7i\u011fdem G\u00fcven\",\"@id\":\"https:\/\/www.cigdemguven.com\/tr\/#\/schema\/person\/abd506d3b37ae4dd04e7393ca6ac5921\"},\"headline\":\"Stratejik Liderlik ve Pandemi\",\"datePublished\":\"2020-09-11T05:49:04+00:00\",\"dateModified\":\"2022-04-06T13:51:18+00:00\",\"mainEntityOfPage\":{\"@id\":\"https:\/\/www.cigdemguven.com\/tr\/yazilar\/stratejik-liderlik-ve-pandemi\/\"},\"wordCount\":2018,\"publisher\":{\"@id\":\"https:\/\/www.cigdemguven.com\/tr\/#organization\"},\"articleSection\":[\"Yaz\u0131lar\"],\"inLanguage\":\"tr\"},{\"@type\":\"WebPage\",\"@id\":\"https:\/\/www.cigdemguven.com\/tr\/yazilar\/stratejik-liderlik-ve-pandemi\/\",\"url\":\"https:\/\/www.cigdemguven.com\/tr\/yazilar\/stratejik-liderlik-ve-pandemi\/\",\"name\":\"Stratejik Liderlik ve Pandemi | \u00c7i\u011fdem G\u00fcven Management Consulting &amp; Coaching &amp; Mentoring Services\",\"isPartOf\":{\"@id\":\"https:\/\/www.cigdemguven.com\/tr\/#website\"},\"datePublished\":\"2020-09-11T05:49:04+00:00\",\"dateModified\":\"2022-04-06T13:51:18+00:00\",\"breadcrumb\":{\"@id\":\"https:\/\/www.cigdemguven.com\/tr\/yazilar\/stratejik-liderlik-ve-pandemi\/#breadcrumb\"},\"inLanguage\":\"tr\",\"potentialAction\":[{\"@type\":\"ReadAction\",\"target\":[\"https:\/\/www.cigdemguven.com\/tr\/yazilar\/stratejik-liderlik-ve-pandemi\/\"]}]},{\"@type\":\"BreadcrumbList\",\"@id\":\"https:\/\/www.cigdemguven.com\/tr\/yazilar\/stratejik-liderlik-ve-pandemi\/#breadcrumb\",\"itemListElement\":[{\"@type\":\"ListItem\",\"position\":1,\"name\":\"Home\",\"item\":\"https:\/\/www.cigdemguven.com\/tr\/\"},{\"@type\":\"ListItem\",\"position\":2,\"name\":\"Stratejik Liderlik ve Pandemi\"}]},{\"@type\":\"WebSite\",\"@id\":\"https:\/\/www.cigdemguven.com\/tr\/#website\",\"url\":\"https:\/\/www.cigdemguven.com\/tr\/\",\"name\":\"\u00c7i\u011fdem G\u00fcven Management Consulting &amp; Coaching &amp; Mentoring Services\",\"description\":\"Management Consulting &amp; Coaching &amp; Mentoring Services\",\"publisher\":{\"@id\":\"https:\/\/www.cigdemguven.com\/tr\/#organization\"},\"potentialAction\":[{\"@type\":\"SearchAction\",\"target\":{\"@type\":\"EntryPoint\",\"urlTemplate\":\"https:\/\/www.cigdemguven.com\/tr\/?s={search_term_string}\"},\"query-input\":\"required name=search_term_string\"}],\"inLanguage\":\"tr\"},{\"@type\":\"Organization\",\"@id\":\"https:\/\/www.cigdemguven.com\/tr\/#organization\",\"name\":\"\u00c7i\u011fdem G\u00fcven Management Consulting & Coaching & Mentoring Services\",\"url\":\"https:\/\/www.cigdemguven.com\/tr\/\",\"logo\":{\"@type\":\"ImageObject\",\"inLanguage\":\"tr\",\"@id\":\"https:\/\/www.cigdemguven.com\/tr\/#\/schema\/logo\/image\/\",\"url\":\"https:\/\/www.cigdemguven.com\/medias\/2021\/12\/cigdem-guven-logo.svg\",\"contentUrl\":\"https:\/\/www.cigdemguven.com\/medias\/2021\/12\/cigdem-guven-logo.svg\",\"width\":1,\"height\":1,\"caption\":\"\u00c7i\u011fdem G\u00fcven Management Consulting & Coaching & Mentoring Services\"},\"image\":{\"@id\":\"https:\/\/www.cigdemguven.com\/tr\/#\/schema\/logo\/image\/\"},\"sameAs\":[\"https:\/\/www.facebook.com\/cigdemguvendanisman\",\"https:\/\/twitter.com\/cigdemguvencom\",\"https:\/\/www.instagram.com\/cigdemguvendanismanlik\/\",\"https:\/\/www.linkedin.com\/in\/cigdemguvendanismanlik\/\"]},{\"@type\":\"Person\",\"@id\":\"https:\/\/www.cigdemguven.com\/tr\/#\/schema\/person\/abd506d3b37ae4dd04e7393ca6ac5921\",\"name\":\"\u00c7i\u011fdem G\u00fcven\",\"sameAs\":[\"https:\/\/www.cigdemguven.com\"],\"url\":\"https:\/\/www.cigdemguven.com\/tr\/author\/cigdemguven\/\"}]}<\/script>\n","yoast_head_json":{"title":"Stratejik Liderlik ve Pandemi | \u00c7i\u011fdem G\u00fcven Management Consulting &amp; Coaching &amp; Mentoring Services","robots":{"index":"index","follow":"follow","max-snippet":"max-snippet:-1","max-image-preview":"max-image-preview:large","max-video-preview":"max-video-preview:-1"},"canonical":"https:\/\/www.cigdemguven.com\/tr\/yazilar\/stratejik-liderlik-ve-pandemi\/","og_locale":"tr_TR","og_type":"article","og_title":"Stratejik Liderlik ve Pandemi | \u00c7i\u011fdem G\u00fcven Management Consulting &amp; Coaching &amp; Mentoring Services","og_description":"Stratejik Lider ekibini ula\u015f\u0131lmak istenen noktaya g\u00f6t\u00fcrebilen, de\u011fi\u015fen ko\u015fullarla birlikte hedefi ba\u015faracak yol haritas\u0131n\u0131 \u00e7\u0131karan, liderlik yapan ki\u015fidir. Stratejik bak\u0131\u015f a\u00e7\u0131s\u0131 g\u00fc\u00e7l\u00fc olan liderler, g\u00fcnl\u00fck i\u015f enerjisinden \u00e7\u0131kabilen, daha \u00fcst a\u00e7\u0131dan bakabilen, b\u00fcy\u00fck resmi g\u00f6rebilen, ara de\u011ferlendirmeleri yapan, ko\u015fullar\u0131n de\u011fi\u015fmesi halinde yeni revizeleri yapabilen ki\u015fidir.","og_url":"https:\/\/www.cigdemguven.com\/tr\/yazilar\/stratejik-liderlik-ve-pandemi\/","og_site_name":"\u00c7i\u011fdem G\u00fcven Management Consulting &amp; Coaching &amp; Mentoring Services","article_publisher":"https:\/\/www.facebook.com\/cigdemguvendanisman","article_published_time":"2020-09-11T05:49:04+00:00","article_modified_time":"2022-04-06T13:51:18+00:00","og_image":[{"width":1200,"height":756,"url":"https:\/\/www.cigdemguven.com\/medias\/2020\/09\/cigdemguven_pandemic.jpg","type":"image\/jpeg"}],"author":"\u00c7i\u011fdem G\u00fcven","twitter_card":"summary_large_image","twitter_creator":"@cigdemguvencom","twitter_site":"@cigdemguvencom","twitter_misc":{"Yazan:":"\u00c7i\u011fdem G\u00fcven","Tahmini okuma s\u00fcresi":"10 dakika"},"schema":{"@context":"https:\/\/schema.org","@graph":[{"@type":"Article","@id":"https:\/\/www.cigdemguven.com\/tr\/yazilar\/stratejik-liderlik-ve-pandemi\/#article","isPartOf":{"@id":"https:\/\/www.cigdemguven.com\/tr\/yazilar\/stratejik-liderlik-ve-pandemi\/"},"author":{"name":"\u00c7i\u011fdem G\u00fcven","@id":"https:\/\/www.cigdemguven.com\/tr\/#\/schema\/person\/abd506d3b37ae4dd04e7393ca6ac5921"},"headline":"Stratejik Liderlik ve Pandemi","datePublished":"2020-09-11T05:49:04+00:00","dateModified":"2022-04-06T13:51:18+00:00","mainEntityOfPage":{"@id":"https:\/\/www.cigdemguven.com\/tr\/yazilar\/stratejik-liderlik-ve-pandemi\/"},"wordCount":2018,"publisher":{"@id":"https:\/\/www.cigdemguven.com\/tr\/#organization"},"articleSection":["Yaz\u0131lar"],"inLanguage":"tr"},{"@type":"WebPage","@id":"https:\/\/www.cigdemguven.com\/tr\/yazilar\/stratejik-liderlik-ve-pandemi\/","url":"https:\/\/www.cigdemguven.com\/tr\/yazilar\/stratejik-liderlik-ve-pandemi\/","name":"Stratejik Liderlik ve Pandemi | \u00c7i\u011fdem G\u00fcven Management Consulting &amp; Coaching &amp; Mentoring Services","isPartOf":{"@id":"https:\/\/www.cigdemguven.com\/tr\/#website"},"datePublished":"2020-09-11T05:49:04+00:00","dateModified":"2022-04-06T13:51:18+00:00","breadcrumb":{"@id":"https:\/\/www.cigdemguven.com\/tr\/yazilar\/stratejik-liderlik-ve-pandemi\/#breadcrumb"},"inLanguage":"tr","potentialAction":[{"@type":"ReadAction","target":["https:\/\/www.cigdemguven.com\/tr\/yazilar\/stratejik-liderlik-ve-pandemi\/"]}]},{"@type":"BreadcrumbList","@id":"https:\/\/www.cigdemguven.com\/tr\/yazilar\/stratejik-liderlik-ve-pandemi\/#breadcrumb","itemListElement":[{"@type":"ListItem","position":1,"name":"Home","item":"https:\/\/www.cigdemguven.com\/tr\/"},{"@type":"ListItem","position":2,"name":"Stratejik Liderlik ve Pandemi"}]},{"@type":"WebSite","@id":"https:\/\/www.cigdemguven.com\/tr\/#website","url":"https:\/\/www.cigdemguven.com\/tr\/","name":"\u00c7i\u011fdem G\u00fcven Management Consulting &amp; Coaching &amp; Mentoring Services","description":"Management Consulting &amp; Coaching &amp; Mentoring Services","publisher":{"@id":"https:\/\/www.cigdemguven.com\/tr\/#organization"},"potentialAction":[{"@type":"SearchAction","target":{"@type":"EntryPoint","urlTemplate":"https:\/\/www.cigdemguven.com\/tr\/?s={search_term_string}"},"query-input":"required name=search_term_string"}],"inLanguage":"tr"},{"@type":"Organization","@id":"https:\/\/www.cigdemguven.com\/tr\/#organization","name":"\u00c7i\u011fdem G\u00fcven Management Consulting & Coaching & Mentoring Services","url":"https:\/\/www.cigdemguven.com\/tr\/","logo":{"@type":"ImageObject","inLanguage":"tr","@id":"https:\/\/www.cigdemguven.com\/tr\/#\/schema\/logo\/image\/","url":"https:\/\/www.cigdemguven.com\/medias\/2021\/12\/cigdem-guven-logo.svg","contentUrl":"https:\/\/www.cigdemguven.com\/medias\/2021\/12\/cigdem-guven-logo.svg","width":1,"height":1,"caption":"\u00c7i\u011fdem G\u00fcven Management Consulting & Coaching & Mentoring Services"},"image":{"@id":"https:\/\/www.cigdemguven.com\/tr\/#\/schema\/logo\/image\/"},"sameAs":["https:\/\/www.facebook.com\/cigdemguvendanisman","https:\/\/twitter.com\/cigdemguvencom","https:\/\/www.instagram.com\/cigdemguvendanismanlik\/","https:\/\/www.linkedin.com\/in\/cigdemguvendanismanlik\/"]},{"@type":"Person","@id":"https:\/\/www.cigdemguven.com\/tr\/#\/schema\/person\/abd506d3b37ae4dd04e7393ca6ac5921","name":"\u00c7i\u011fdem G\u00fcven","sameAs":["https:\/\/www.cigdemguven.com"],"url":"https:\/\/www.cigdemguven.com\/tr\/author\/cigdemguven\/"}]}},"_links":{"self":[{"href":"https:\/\/www.cigdemguven.com\/tr\/wp-json\/wp\/v2\/posts\/1573","targetHints":{"allow":["GET"]}}],"collection":[{"href":"https:\/\/www.cigdemguven.com\/tr\/wp-json\/wp\/v2\/posts"}],"about":[{"href":"https:\/\/www.cigdemguven.com\/tr\/wp-json\/wp\/v2\/types\/post"}],"author":[{"embeddable":true,"href":"https:\/\/www.cigdemguven.com\/tr\/wp-json\/wp\/v2\/users\/1"}],"replies":[{"embeddable":true,"href":"https:\/\/www.cigdemguven.com\/tr\/wp-json\/wp\/v2\/comments?post=1573"}],"version-history":[{"count":1,"href":"https:\/\/www.cigdemguven.com\/tr\/wp-json\/wp\/v2\/posts\/1573\/revisions"}],"predecessor-version":[{"id":1574,"href":"https:\/\/www.cigdemguven.com\/tr\/wp-json\/wp\/v2\/posts\/1573\/revisions\/1574"}],"wp:featuredmedia":[{"embeddable":true,"href":"https:\/\/www.cigdemguven.com\/tr\/wp-json\/wp\/v2\/media\/1201"}],"wp:attachment":[{"href":"https:\/\/www.cigdemguven.com\/tr\/wp-json\/wp\/v2\/media?parent=1573"}],"wp:term":[{"taxonomy":"category","embeddable":true,"href":"https:\/\/www.cigdemguven.com\/tr\/wp-json\/wp\/v2\/categories?post=1573"},{"taxonomy":"post_tag","embeddable":true,"href":"https:\/\/www.cigdemguven.com\/tr\/wp-json\/wp\/v2\/tags?post=1573"}],"curies":[{"name":"wp","href":"https:\/\/api.w.org\/{rel}","templated":true}]}}