{"id":1570,"date":"2020-08-07T14:51:17","date_gmt":"2020-08-07T11:51:17","guid":{"rendered":"https:\/\/www.cigdemguven.com\/genel\/woman-and-career\/"},"modified":"2022-08-11T15:31:56","modified_gmt":"2022-08-11T12:31:56","slug":"kadin-ve-kariyer","status":"publish","type":"post","link":"https:\/\/www.cigdemguven.com\/tr\/genel\/kadin-ve-kariyer\/","title":{"rendered":"Kad\u0131n ve Kariyer"},"content":{"rendered":"<p>{&#8220;main-title&#8221;:{&#8220;component&#8221;:&#8221;hc_title&#8221;,&#8221;id&#8221;:&#8221;main-title&#8221;,&#8221;title&#8221;:&#8221;&#8221;,&#8221;subtitle&#8221;:&#8221;&#8221;,&#8221;title_content&#8221;:{&#8220;component&#8221;:&#8221;hc_title_empty&#8221;,&#8221;id&#8221;:&#8221;title-empty&#8221;}},&#8221;section_QvNqz&#8221;:{&#8220;component&#8221;:&#8221;hc_section&#8221;,&#8221;id&#8221;:&#8221;section_QvNqz&#8221;,&#8221;section_width&#8221;:&#8221;full-width&#8221;,&#8221;animation&#8221;:&#8221;&#8221;,&#8221;animation_time&#8221;:&#8221;&#8221;,&#8221;timeline_animation&#8221;:&#8221;&#8221;,&#8221;timeline_delay&#8221;:&#8221;&#8221;,&#8221;timeline_order&#8221;:&#8221;&#8221;,&#8221;vertical_row&#8221;:&#8221;&#8221;,&#8221;css_classes&#8221;:&#8221;section-color no-padding-bottom no-padding-top &#8220;,&#8221;custom_css_classes&#8221;:&#8221;containerblog&#8221;,&#8221;custom_css_styles&#8221;:&#8221;&#8221;,&#8221;section_content&#8221;:[{&#8220;component&#8221;:&#8221;hc_column&#8221;,&#8221;id&#8221;:&#8221;P1FCZ&#8221;,&#8221;column_width&#8221;:&#8221;col-md-12&#8243;,&#8221;animation&#8221;:&#8221;&#8221;,&#8221;animation_time&#8221;:&#8221;&#8221;,&#8221;timeline_animation&#8221;:&#8221;&#8221;,&#8221;timeline_delay&#8221;:&#8221;&#8221;,&#8221;timeline_order&#8221;:&#8221;&#8221;,&#8221;css_classes&#8221;:&#8221;boxed-area align-items-center &#8220;,&#8221;custom_css_classes&#8221;:&#8221;&#8221;,&#8221;custom_css_styles&#8221;:&#8221;&#8221;,&#8221;main_content&#8221;:[{&#8220;component&#8221;:&#8221;hc_title_tag&#8221;,&#8221;id&#8221;:&#8221;5ZtkF&#8221;,&#8221;css_classes&#8221;:&#8221;&#8221;,&#8221;custom_css_classes&#8221;:&#8221;&#8221;,&#8221;custom_css_styles&#8221;:&#8221;&#8221;,&#8221;text&#8221;:&#8221;Kad\u0131n ve Kariyer&#8221;,&#8221;tag&#8221;:&#8221;h1&#8243;},{&#8220;component&#8221;:&#8221;hc_image_box&#8221;,&#8221;id&#8221;:&#8221;P92Nk&#8221;,&#8221;css_classes&#8221;:&#8221;&#8221;,&#8221;custom_css_classes&#8221;:&#8221;&#8221;,&#8221;custom_css_styles&#8221;:&#8221;&#8221;,&#8221;image&#8221;:&#8221;https:\/\/www.cigdemguven.com\/medias\/2020\/08\/cigdemguven_womanandcareer.jpg|400|600|1203&#8243;,&#8221;link_type&#8221;:&#8221;lightbox&#8221;,&#8221;lightbox_animation&#8221;:&#8221;&#8221;,&#8221;caption&#8221;:&#8221;Kad\u0131n ve Kariyer&#8221;,&#8221;inner_caption&#8221;:false,&#8221;new_window&#8221;:false,&#8221;link&#8221;:&#8221;https:\/\/www.cigdemguven.com\/medias\/2020\/08\/cigdemguven_womanandcareer.jpg&#8221;,&#8221;link_content&#8221;:[],&#8221;lightbox_size&#8221;:&#8221;&#8221;,&#8221;scrollbox&#8221;:false,&#8221;icon&#8221;:&#8221;&#8221;,&#8221;image_animation&#8221;:&#8221;&#8221;,&#8221;icon_animation&#8221;:&#8221;&#8221;,&#8221;thumb_size&#8221;:&#8221;full&#8221;,&#8221;icon_hidden&#8221;:true,&#8221;caption_img_box&#8221;:&#8221;&#8221;,&#8221;alt&#8221;:&#8221;&#8221;}]}],&#8221;section_settings&#8221;:&#8221;&#8221;},&#8221;section_aSGAU&#8221;:{&#8220;component&#8221;:&#8221;hc_section&#8221;,&#8221;id&#8221;:&#8221;section_aSGAU&#8221;,&#8221;section_width&#8221;:&#8221;&#8221;,&#8221;animation&#8221;:&#8221;&#8221;,&#8221;animation_time&#8221;:&#8221;&#8221;,&#8221;timeline_animation&#8221;:&#8221;&#8221;,&#8221;timeline_delay&#8221;:&#8221;&#8221;,&#8221;timeline_order&#8221;:&#8221;&#8221;,&#8221;vertical_row&#8221;:&#8221;true&#8221;,&#8221;css_classes&#8221;:&#8221;section-color no-padding-bottom no-padding-top full-width-md full-width-sm &#8220;,&#8221;custom_css_classes&#8221;:&#8221;containervideo&#8221;,&#8221;custom_css_styles&#8221;:&#8221;&#8221;,&#8221;section_content&#8221;:[{&#8220;component&#8221;:&#8221;hc_column&#8221;,&#8221;id&#8221;:&#8221;column_0qrhK&#8221;,&#8221;column_width&#8221;:&#8221;col-md-12&#8243;,&#8221;animation&#8221;:&#8221;&#8221;,&#8221;animation_time&#8221;:&#8221;&#8221;,&#8221;timeline_animation&#8221;:&#8221;&#8221;,&#8221;timeline_delay&#8221;:&#8221;&#8221;,&#8221;timeline_order&#8221;:&#8221;&#8221;,&#8221;css_classes&#8221;:&#8221;align-center section-color no-padding-bottom no-padding-top boxed-area full-width-md full-width-sm &#8220;,&#8221;custom_css_classes&#8221;:&#8221;containervideo &#8220;,&#8221;custom_css_styles&#8221;:&#8221;&#8221;,&#8221;main_content&#8221;:[{&#8220;component&#8221;:&#8221;hc_media_box&#8221;,&#8221;id&#8221;:&#8221;qMEEl&#8221;,&#8221;css_classes&#8221;:&#8221;&#8221;,&#8221;custom_css_classes&#8221;:&#8221;reveal-button&#8221;,&#8221;custom_css_styles&#8221;:&#8221;&#8221;,&#8221;image&#8221;:&#8221;https:\/\/www.cigdemguven.com\/medias\/2020\/08\/kadin-ve-kariyer-1024&#215;576.jpg|720|1280|1612&#8243;,&#8221;title&#8221;:&#8221;&#8221;,&#8221;box_style&#8221;:&#8221;down&#8221;,&#8221;image_animation&#8221;:&#8221;&#8221;,&#8221;content_animation&#8221;:&#8221;&#8221;,&#8221;thumb_size&#8221;:&#8221;full&#8221;,&#8221;subtitle&#8221;:&#8221;&#8221;,&#8221;extra_content&#8221;:&#8221;&#8221;,&#8221;text&#8221;:&#8221;<img src=\\\"\/medias\/2020\/09\/cigdem-guven-play-button.png\\\">&#8220;,&#8221;alignment&#8221;:&#8221;align-center&#8221;,&#8221;alt&#8221;:&#8221;&#8221;,&#8221;link_type&#8221;:&#8221;lightbox&#8221;,&#8221;lightbox_animation&#8221;:&#8221;&#8221;,&#8221;caption&#8221;:&#8221;&#8221;,&#8221;inner_caption&#8221;:false,&#8221;new_window&#8221;:false,&#8221;link&#8221;:&#8221;https:\/\/www.youtube.com\/watch?v=4_ajZnwXw8E&#8221;,&#8221;link_content&#8221;:[],&#8221;lightbox_size&#8221;:&#8221;&#8221;,&#8221;scrollbox&#8221;:false}]}],&#8221;section_settings&#8221;:&#8221;&#8221;},&#8221;section_vMT2b&#8221;:{&#8220;component&#8221;:&#8221;hc_section&#8221;,&#8221;id&#8221;:&#8221;section_vMT2b&#8221;,&#8221;section_width&#8221;:&#8221;&#8221;,&#8221;animation&#8221;:&#8221;&#8221;,&#8221;animation_time&#8221;:&#8221;&#8221;,&#8221;timeline_animation&#8221;:&#8221;&#8221;,&#8221;timeline_delay&#8221;:&#8221;&#8221;,&#8221;timeline_order&#8221;:&#8221;&#8221;,&#8221;vertical_row&#8221;:&#8221;&#8221;,&#8221;css_classes&#8221;:&#8221;no-padding-bottom no-padding-top &#8220;,&#8221;custom_css_classes&#8221;:&#8221;blogtext&#8221;,&#8221;custom_css_styles&#8221;:&#8221;&#8221;,&#8221;section_content&#8221;:[{&#8220;component&#8221;:&#8221;hc_column&#8221;,&#8221;id&#8221;:&#8221;LT1Il&#8221;,&#8221;column_width&#8221;:&#8221;col-md-12&#8243;,&#8221;animation&#8221;:&#8221;&#8221;,&#8221;animation_time&#8221;:&#8221;&#8221;,&#8221;timeline_animation&#8221;:&#8221;&#8221;,&#8221;timeline_delay&#8221;:&#8221;&#8221;,&#8221;timeline_order&#8221;:&#8221;&#8221;,&#8221;css_classes&#8221;:&#8221;&#8221;,&#8221;custom_css_classes&#8221;:&#8221;&#8221;,&#8221;custom_css_styles&#8221;:&#8221;&#8221;,&#8221;main_content&#8221;:[{&#8220;component&#8221;:&#8221;hc_wp_editor&#8221;,&#8221;id&#8221;:&#8221;tdycS&#8221;,&#8221;css_classes&#8221;:&#8221;&#8221;,&#8221;custom_css_classes&#8221;:&#8221;&#8221;,&#8221;custom_css_styles&#8221;:&#8221;&#8221;,&#8221;editor_content&#8221;:&#8221;Kad\u0131nlar\u0131n kurumsal ya\u015famdaki kariyerlerine bakt\u0131\u011f\u0131m\u0131zda, evdeki ve i\u015fteki sorumluluklar\u0131 aras\u0131ndaki dengenin kurulmas\u0131n\u0131n \u00f6nemli bir konu oldu\u011funu g\u00f6r\u00fcyoruz. \u0130\u015f-\u00f6zel ya\u015fam dengesi, \u00f6zellikle \u00e7ocuklu \u00e7al\u0131\u015fanlar i\u00e7in \u00f6nemli bir konu ba\u015fl\u0131\u011f\u0131d\u0131r. Aileden destek al\u0131nmad\u0131\u011f\u0131 takdirde ciddi performans kay\u0131plar\u0131 olu\u015fabilmektedir. Bu kay\u0131plar\u0131n \u00f6n\u00fcne ge\u00e7mek i\u00e7in sistemsel d\u00fczenlemeler yap\u0131lmas\u0131, anne-baban\u0131n \u00e7ocu\u011fun bak\u0131m\u0131 konusunda rahat bir d\u00fczene ge\u00e7irilmesi \u00e7ok faydal\u0131 olur.\\n\\nKariyer yapmayan anneler taraf\u0131ndan b\u00fcy\u00fct\u00fclen ki\u015filerin zihinlerinde bir anne modeli var. \u00c7al\u0131\u015fan bir anne i\u00e7in \u00e7ocukla ilgili sorumluluklar ortaya \u00e7\u0131kt\u0131\u011f\u0131nda, \u00e7ocuk bak\u0131m\u0131 ve i\u015fin ayn\u0131 anda nas\u0131l y\u00fcr\u00fct\u00fclece\u011fine dair bir aktar\u0131m olmadan deneyimleme s\u00fcreci ya\u015fayabilmektedir. Bu s\u00fcre\u00e7te olan annelere , kendileriyle deneyimler payla\u015f\u0131larak, kendi dengelerini kurmalar\u0131na yard\u0131mc\u0131 olunmas\u0131n\u0131n faydal\u0131 olaca\u011f\u0131n\u0131 d\u00fc\u015f\u00fcn\u00fcyorum.\\n\\nBu konunun kurumlar\u0131 ilgilendiren k\u0131sm\u0131 ise \u00e7ocuk bak\u0131m\u0131 konusunda zorluk ya\u015fayan anne-babalar\u0131n, \u00e7al\u0131\u015fma performanslar\u0131nda d\u00fc\u015f\u00fc\u015flerin meydana geliyor olmas\u0131d\u0131r. Olu\u015facak verim ve motivasyon kayb\u0131 bir ki\u015fiyi de\u011fil t\u00fcm kurumu etkiler. Kurumsal d\u00fcnya, pek \u00e7ok alanda yapt\u0131\u011f\u0131 gibi bu alanda da \u00f6nderlik ederek, deneyim aktar\u0131mlar\u0131 \u00e7er\u00e7evesinde daha yo\u011fun e\u011fitimler ger\u00e7ekle\u015ftirmelidir.\\n\\nKad\u0131n kariyer konular\u0131nda kar\u015f\u0131m\u0131za \u00e7\u0131kan \u00f6nemli ba\u015fl\u0131klardan biri cam tavan sendromudur. Cam tavan, ifade edilemez bir engeldir. Y\u00fckselmeye dair fark\u0131nda olmad\u0131\u011f\u0131 bir \u00e7ekinceye sahip olmas\u0131 durumudur. Cam tavan sendromu ile kar\u015f\u0131la\u015fan kad\u0131nlar bunun fark\u0131nda olmal\u0131 ve \u00fczerinde \u00e7al\u0131\u015fmal\u0131d\u0131r. Kad\u0131n i\u015f hayat\u0131nda \u00e7ok ba\u015far\u0131l\u0131 olmas\u0131na ra\u011fmen, e\u015finden \u00f6nde olmak istememe, evin dengesi, seyahat \u00e7ekinceleri, \u00e7evresini memnun etme iste\u011fi gibi nedenlerle terfi etmek istemeyebilir. Kendisinin dahi kendi engelini fark etmedi\u011fi, tan\u0131mlayamad\u0131\u011f\u0131 bir durum nedeniyle kariyerinde ilerlemesi sekteye u\u011frayabilir.\\n\\nKrali\u00e7e ar\u0131 sendromu da \u00f6nemli bir kavramd\u0131r. Kad\u0131n\u0131n kendinden ba\u015fka kimseyi g\u00fc\u00e7l\u00fc g\u00f6rmek istememesi durumunu ifade eder. Geli\u015fen ve yeti\u015fkin kad\u0131n bu zafiyetin \u00fcstesinden gelebilmektedir.\\n\\nFinansal piyasalarda g\u00f6zlemlenen bir ba\u015fka konu ise orta kademede g\u00f6rev alan kad\u0131nlar ile \u00fcst y\u00f6netim kademesinde g\u00f6rev alan kad\u0131nlar\u0131n oranlar\u0131 aras\u0131ndaki farkt\u0131r. Kad\u0131n\u0131n orta kademeye ge\u00e7erken g\u00f6sterdi\u011fi performans, \u00fcst y\u00f6netime ge\u00e7i\u015fte yeterli olmamaktad\u0131r. Bu durumun nedenleri ortaya konmal\u0131 ve \u00e7al\u0131\u015f\u0131lmal\u0131d\u0131r diye d\u00fc\u015f\u00fcn\u00fcyorum. Zira kad\u0131n ve erke\u011fin birlikte y\u00f6netti\u011fi, \u00e7al\u0131\u015ft\u0131\u011f\u0131 durumlarda, i\u015f performans\u0131nda art\u0131\u015f , s\u00fcre\u00e7lerin iyile\u015fmesi, daha y\u00fcksek motivasyon gibi sonu\u00e7lar do\u011furmaktad\u0131r. Tamamlay\u0131c\u0131 g\u00fc\u00e7lerin bir arada olmas\u0131, iyi kurgulanmas\u0131 halinde kurumlar\u0131n bundan katk\u0131 sa\u011flayaca\u011f\u0131 muhakkakt\u0131r.\\n\\nKad\u0131n\u0131n kariyer konusu ile ilgili bir di\u011fer \u00f6nemli kavram, pozitif ayr\u0131mc\u0131l\u0131kt\u0131r. Bir kadro i\u00e7in kad\u0131n ve erke\u011fin e\u015fit yetkinlik g\u00f6sterdi\u011fi durumlarda, kad\u0131na \u00f6ncelik verilmesi halidir. Pozitif ayr\u0131mc\u0131l\u0131k, Kuzey Avrupa \u00fclkelerinde ba\u015far\u0131yla hayata ge\u00e7irilmektedir.\\n\\nKurumsal ya\u015famda verimlilik en \u00e7ok \u00f6ncelik verilen konulardan biri. \u0130nsan kayna\u011f\u0131ndan en y\u00fcksek performans\u0131 elde etmek i\u00e7in de bu kayna\u011f\u0131n tan\u0131nmas\u0131, g\u00fc\u00e7l\u00fc y\u00f6nlerinin ortaya konmas\u0131 \u00f6nemlidir. Kad\u0131n\u0131n potansiyelinin performansa d\u00f6n\u00fc\u015ft\u00fcr\u00fclmesi de do\u011frudan finansal etkileri olan bir konudur.\\n\\nHarvard Kennedy Okul\u2019unda yap\u0131lan son ara\u015ft\u0131rmalara g\u00f6re, fazla yetenekli kad\u0131nlar\u0131n d\u00fc\u015f\u00fck vas\u0131fl\u0131, d\u00fc\u015f\u00fck getirili mesleklerde oldu\u011fu i\u015fg\u00fcc\u00fc piyasas\u0131nda yeteneklerin yanl\u0131\u015f konumland\u0131r\u0131lmas\u0131n\u0131n b\u00fcy\u00fcmeye \u00f6nemli bir engel olu\u015fturdu\u011funu g\u00f6stermektedir. \u00d6zellikle Hindistan\u2019da \u00e7al\u0131\u015fma hayat\u0131nda kad\u0131n\/erkek oran\u0131ndaki % 10&#8217;luk bir art\u0131\u015f\u0131n ki\u015fi ba\u015f\u0131na net kazanc\u0131n % 8 oran\u0131nda artaca\u011f\u0131n\u0131 g\u00f6stermektedir.\\n\\nErkek beyni analitik, m\u00fccadeleci, sonu\u00e7 odakl\u0131, karar veren \u00f6zellikler g\u00f6sterirken kad\u0131n beyni daha s\u00fcre\u00e7 odakl\u0131, empatik, motivasyon odakl\u0131 ve yarat\u0131c\u0131d\u0131r. Ortaya konan g\u00fc\u00e7l\u00fc \u00f6zelliklerin birlikte kullan\u0131lmas\u0131 haline karda %20-30 aras\u0131 bir art\u0131\u015f s\u00f6z konusu olur.&#8221;}]},{&#8220;component&#8221;:&#8221;hc_column&#8221;,&#8221;id&#8221;:&#8221;KPH9L&#8221;,&#8221;column_width&#8221;:&#8221;col-md-12&#8243;,&#8221;animation&#8221;:&#8221;&#8221;,&#8221;animation_time&#8221;:&#8221;&#8221;,&#8221;timeline_animation&#8221;:&#8221;&#8221;,&#8221;timeline_delay&#8221;:&#8221;&#8221;,&#8221;timeline_order&#8221;:&#8221;&#8221;,&#8221;css_classes&#8221;:&#8221;&#8221;,&#8221;custom_css_classes&#8221;:&#8221;socialbox&#8221;,&#8221;custom_css_styles&#8221;:&#8221;&#8221;,&#8221;main_content&#8221;:[{&#8220;component&#8221;:&#8221;hc_space&#8221;,&#8221;id&#8221;:&#8221;13OsX&#8221;,&#8221;css_classes&#8221;:&#8221;&#8221;,&#8221;custom_css_classes&#8221;:&#8221;&#8221;,&#8221;custom_css_styles&#8221;:&#8221;&#8221;,&#8221;size&#8221;:&#8221;space-sm&#8221;,&#8221;height&#8221;:&#8221;&#8221;},{&#8220;component&#8221;:&#8221;hc_text_block&#8221;,&#8221;id&#8221;:&#8221;aaHtr&#8221;,&#8221;css_classes&#8221;:&#8221;&#8221;,&#8221;custom_css_classes&#8221;:&#8221;&#8221;,&#8221;custom_css_styles&#8221;:&#8221;&#8221;,&#8221;content&#8221;:&#8221;Payla\u015f:&#8221;},{&#8220;component&#8221;:&#8221;hc_social_share_buttons&#8221;,&#8221;id&#8221;:&#8221;tjcuj&#8221;,&#8221;css_classes&#8221;:&#8221;&#8221;,&#8221;custom_css_classes&#8221;:&#8221;&#8221;,&#8221;custom_css_styles&#8221;:&#8221;&#8221;,&#8221;style&#8221;:&#8221;icon-links-button&#8221;,&#8221;size&#8221;:&#8221;&#8221;,&#8221;alignment&#8221;:&#8221;&#8221;,&#8221;type&#8221;:&#8221;&#8221;,&#8221;social_colors&#8221;:true,&#8221;fb&#8221;:true,&#8221;fb_link&#8221;:&#8221;&#8221;,&#8221;tw&#8221;:true,&#8221;tw_link&#8221;:&#8221;&#8221;,&#8221;pi&#8221;:true,&#8221;pi_link&#8221;:&#8221;&#8221;,&#8221;li&#8221;:true,&#8221;li_link&#8221;:&#8221;&#8221;}]}],&#8221;section_settings&#8221;:&#8221;&#8221;},&#8221;section_dDpN7&#8243;:{&#8220;component&#8221;:&#8221;hc_section&#8221;,&#8221;id&#8221;:&#8221;section_dDpN7&#8243;,&#8221;section_width&#8221;:&#8221;&#8221;,&#8221;animation&#8221;:&#8221;&#8221;,&#8221;animation_time&#8221;:&#8221;&#8221;,&#8221;timeline_animation&#8221;:&#8221;&#8221;,&#8221;timeline_delay&#8221;:&#8221;&#8221;,&#8221;timeline_order&#8221;:&#8221;&#8221;,&#8221;vertical_row&#8221;:&#8221;&#8221;,&#8221;css_classes&#8221;:&#8221;section-color &#8220;,&#8221;custom_css_classes&#8221;:&#8221;&#8221;,&#8221;custom_css_styles&#8221;:&#8221;&#8221;,&#8221;section_content&#8221;:[{&#8220;component&#8221;:&#8221;hc_column&#8221;,&#8221;id&#8221;:&#8221;XLZ44&#8243;,&#8221;column_width&#8221;:&#8221;col-md-12&#8243;,&#8221;animation&#8221;:&#8221;&#8221;,&#8221;animation_time&#8221;:&#8221;&#8221;,&#8221;timeline_animation&#8221;:&#8221;&#8221;,&#8221;timeline_delay&#8221;:&#8221;&#8221;,&#8221;timeline_order&#8221;:&#8221;&#8221;,&#8221;css_classes&#8221;:&#8221;&#8221;,&#8221;custom_css_classes&#8221;:&#8221;&#8221;,&#8221;custom_css_styles&#8221;:&#8221;&#8221;,&#8221;main_content&#8221;:[{&#8220;component&#8221;:&#8221;hc_title_tag&#8221;,&#8221;id&#8221;:&#8221;4AoyD&#8221;,&#8221;css_classes&#8221;:&#8221;&#8221;,&#8221;custom_css_classes&#8221;:&#8221;&#8221;,&#8221;custom_css_styles&#8221;:&#8221;&#8221;,&#8221;text&#8221;:&#8221;Son Yaz\u0131lar&#8221;,&#8221;tag&#8221;:&#8221;h2&#8243;},{&#8220;component&#8221;:&#8221;hc_space&#8221;,&#8221;id&#8221;:&#8221;TsAHd&#8221;,&#8221;css_classes&#8221;:&#8221;&#8221;,&#8221;custom_css_classes&#8221;:&#8221;&#8221;,&#8221;custom_css_styles&#8221;:&#8221;&#8221;,&#8221;size&#8221;:&#8221;space&#8221;,&#8221;height&#8221;:&#8221;&#8221;},{&#8220;component&#8221;:&#8221;hc_pt_grid_list&#8221;,&#8221;id&#8221;:&#8221;J9IEW&#8221;,&#8221;css_classes&#8221;:&#8221;&#8221;,&#8221;custom_css_classes&#8221;:&#8221;&#8221;,&#8221;custom_css_styles&#8221;:&#8221;&#8221;,&#8221;post_type_slug&#8221;:&#8221;post&#8221;,&#8221;post_type_category&#8221;:&#8221;yazilar&#8221;,&#8221;column&#8221;:&#8221;2&#8243;,&#8221;column_lg&#8221;:&#8221;2&#8243;,&#8221;column_md&#8221;:&#8221;2&#8243;,&#8221;column_sm&#8221;:&#8221;1&#8243;,&#8221;column_xs&#8221;:&#8221;1&#8243;,&#8221;margins&#8221;:&#8221;&#8221;,&#8221;pag_type&#8221;:&#8221;load_more&#8221;,&#8221;pag_items&#8221;:&#8221;2&#8243;,&#8221;pag_size&#8221;:&#8221;pagination-lg&#8221;,&#8221;pag_animation&#8221;:&#8221;fade-top&#8221;,&#8221;pag_scroll_top&#8221;:false,&#8221;pag_position&#8221;:&#8221;align-center&#8221;,&#8221;pag_button_prev&#8221;:&#8221;&#8221;,&#8221;pag_button_next&#8221;:&#8221;&#8221;,&#8221;lm_lazy&#8221;:false,&#8221;lm_button_text&#8221;:&#8221;Daha Fazla&#8221;,&#8221;box&#8221;:&#8221;blog_top&#8221;,&#8221;boxed&#8221;:true,&#8221;extra&#8221;:false,&#8221;content&#8221;:&#8221;&#8221;,&#8221;title_length&#8221;:&#8221;36&#8243;,&#8221;excerpt_length&#8221;:&#8221;75&#8243;,&#8221;title_size&#8221;:&#8221;text-md&#8221;,&#8221;custom_css&#8221;:&#8221;&#8221;,&#8221;button_text&#8221;:&#8221;&#8221;,&#8221;button_style&#8221;:&#8221;square&#8221;,&#8221;button_dimensions&#8221;:&#8221;btn-lg&#8221;,&#8221;button_animation&#8221;:false,&#8221;button_icon&#8221;:&#8221;&#8221;}]}],&#8221;section_settings&#8221;:&#8221;&#8221;},&#8221;scripts&#8221;:{&#8220;lightbox&#8221;:&#8221;magnific-popup.min.js&#8221;,&#8221;pagination&#8221;:&#8221;pagination.min.js&#8221;},&#8221;css&#8221;:{&#8220;lightbox&#8221;:&#8221;css\/magnific-popup.css&#8221;,&#8221;media_box&#8221;:&#8221;css\/media-box.css&#8221;,&#8221;content_box&#8221;:&#8221;css\/content-box.css&#8221;},&#8221;css_page&#8221;:&#8221;\/*.media-box-reveal .caption img{max-width: inherit;\\n    width: inherit;\\ntext-align: center !important;\\n    margin-left: 46%;\\n    margin-top: 23%;}*\/\\n\\n\\n&#8221;,&#8221;template_setting&#8221;:{},&#8221;template_setting_top&#8221;:{},&#8221;page_setting&#8221;:{&#8220;settings&#8221;:[&#8220;lock-mode-off&#8221;]},&#8221;post_type_setting&#8221;:{&#8220;settings&#8221;:{&#8220;image&#8221;:&#8221;https:\/\/www.cigdemguven.com\/medias\/2020\/08\/cigdemguven_womanandcareer.jpg|400|600|1203&#8243;,&#8221;excerpt&#8221;:&#8221;Kad\u0131nlar\u0131n kurumsal ya\u015famdaki kariyerlerine bakt\u0131\u011f\u0131m\u0131zda, evdeki ve i\u015fteki sorumluluklar\u0131 aras\u0131ndaki dengenin kurulmas\u0131n\u0131n \u00f6nemli bir konu oldu\u011funu g\u00f6r\u00fcyoruz. \u0130\u015f-\u00f6zel ya\u015fam dengesi, \u00f6zellikle \u00e7ocuklu \u00e7al\u0131\u015fanlar i\u00e7in \u00f6nemli bir konu ba\u015fl\u0131\u011f\u0131d\u0131r. Aileden destek al\u0131nmad\u0131\u011f\u0131 takdirde ciddi performans kay\u0131plar\u0131 olu\u015fabilmektedir. Bu kay\u0131plar\u0131n \u00f6n\u00fcne ge\u00e7mek i\u00e7in sistemsel d\u00fczenlemeler yap\u0131lmas\u0131, anne-baban\u0131n \u00e7ocu\u011fun bak\u0131m\u0131 konusunda rahat bir d\u00fczene ge\u00e7irilmesi \u00e7ok faydal\u0131 olur.&#8221;,&#8221;extra_1&#8243;:&#8221;Yaz\u0131&#8221;,&#8221;extra_2&#8243;:&#8221;&#8221;,&#8221;icon&#8221;:{&#8220;icon&#8221;:&#8221;&#8221;,&#8221;icon_style&#8221;:&#8221;&#8221;,&#8221;icon_image&#8221;:&#8221;&#8221;}}}}<\/p>\n","protected":false},"excerpt":{"rendered":"<p>Kad\u0131nlar\u0131n kurumsal ya\u015famdaki kariyerlerine bakt\u0131\u011f\u0131m\u0131zda, evdeki ve i\u015fteki sorumluluklar\u0131 aras\u0131ndaki dengenin kurulmas\u0131n\u0131n \u00f6nemli bir konu oldu\u011funu g\u00f6r\u00fcyoruz. \u0130\u015f-\u00f6zel ya\u015fam dengesi, \u00f6zellikle \u00e7ocuklu \u00e7al\u0131\u015fanlar i\u00e7in \u00f6nemli bir konu ba\u015fl\u0131\u011f\u0131d\u0131r. Aileden destek al\u0131nmad\u0131\u011f\u0131 takdirde ciddi performans kay\u0131plar\u0131 olu\u015fabilmektedir. Bu kay\u0131plar\u0131n \u00f6n\u00fcne ge\u00e7mek i\u00e7in sistemsel d\u00fczenlemeler yap\u0131lmas\u0131, anne-baban\u0131n \u00e7ocu\u011fun bak\u0131m\u0131 konusunda rahat bir d\u00fczene ge\u00e7irilmesi \u00e7ok faydal\u0131 olur.<\/p>\n","protected":false},"author":1,"featured_media":1203,"comment_status":"closed","ping_status":"open","sticky":false,"template":"","format":"standard","meta":{"footnotes":""},"categories":[12,19],"tags":[],"class_list":["post-1570","post","type-post","status-publish","format-standard","has-post-thumbnail","hentry","category-genel","category-yazilar"],"yoast_head":"\n<title>Kad\u0131n ve Kariyer | \u00c7i\u011fdem G\u00fcven Management Consulting &amp; Coaching &amp; Mentoring Services<\/title>\n<meta name=\"robots\" content=\"index, follow, max-snippet:-1, max-image-preview:large, max-video-preview:-1\" \/>\n<link rel=\"canonical\" href=\"https:\/\/www.cigdemguven.com\/tr\/genel\/kadin-ve-kariyer\/\" \/>\n<meta property=\"og:locale\" content=\"tr_TR\" \/>\n<meta property=\"og:type\" content=\"article\" \/>\n<meta property=\"og:title\" content=\"Kad\u0131n ve Kariyer | \u00c7i\u011fdem G\u00fcven Management Consulting &amp; Coaching &amp; Mentoring Services\" \/>\n<meta property=\"og:description\" content=\"Kad\u0131nlar\u0131n kurumsal ya\u015famdaki kariyerlerine bakt\u0131\u011f\u0131m\u0131zda, evdeki ve i\u015fteki sorumluluklar\u0131 aras\u0131ndaki dengenin kurulmas\u0131n\u0131n \u00f6nemli bir konu oldu\u011funu g\u00f6r\u00fcyoruz. \u0130\u015f-\u00f6zel ya\u015fam dengesi, \u00f6zellikle \u00e7ocuklu \u00e7al\u0131\u015fanlar i\u00e7in \u00f6nemli bir konu ba\u015fl\u0131\u011f\u0131d\u0131r. Aileden destek al\u0131nmad\u0131\u011f\u0131 takdirde ciddi performans kay\u0131plar\u0131 olu\u015fabilmektedir. Bu kay\u0131plar\u0131n \u00f6n\u00fcne ge\u00e7mek i\u00e7in sistemsel d\u00fczenlemeler yap\u0131lmas\u0131, anne-baban\u0131n \u00e7ocu\u011fun bak\u0131m\u0131 konusunda rahat bir d\u00fczene ge\u00e7irilmesi \u00e7ok faydal\u0131 olur.\" \/>\n<meta property=\"og:url\" content=\"https:\/\/www.cigdemguven.com\/tr\/genel\/kadin-ve-kariyer\/\" \/>\n<meta property=\"og:site_name\" content=\"\u00c7i\u011fdem G\u00fcven Management Consulting &amp; Coaching &amp; Mentoring Services\" \/>\n<meta property=\"article:publisher\" content=\"https:\/\/www.facebook.com\/cigdemguvendanisman\" \/>\n<meta property=\"article:published_time\" content=\"2020-08-07T11:51:17+00:00\" \/>\n<meta property=\"article:modified_time\" content=\"2022-08-11T12:31:56+00:00\" \/>\n<meta property=\"og:image\" content=\"https:\/\/www.cigdemguven.com\/medias\/2020\/08\/cigdemguven_womanandcareer.jpg\" \/>\n\t<meta property=\"og:image:width\" content=\"600\" \/>\n\t<meta property=\"og:image:height\" content=\"400\" \/>\n\t<meta property=\"og:image:type\" content=\"image\/jpeg\" \/>\n<meta name=\"author\" content=\"\u00c7i\u011fdem G\u00fcven\" \/>\n<meta name=\"twitter:card\" content=\"summary_large_image\" \/>\n<meta name=\"twitter:creator\" content=\"@cigdemguvencom\" \/>\n<meta name=\"twitter:site\" content=\"@cigdemguvencom\" \/>\n<meta name=\"twitter:label1\" content=\"Yazan:\" \/>\n\t<meta name=\"twitter:data1\" content=\"\u00c7i\u011fdem G\u00fcven\" \/>\n\t<meta name=\"twitter:label2\" content=\"Tahmini okuma s\u00fcresi\" \/>\n\t<meta name=\"twitter:data2\" content=\"8 dakika\" \/>\n<script type=\"application\/ld+json\" class=\"yoast-schema-graph\">{\"@context\":\"https:\/\/schema.org\",\"@graph\":[{\"@type\":\"Article\",\"@id\":\"https:\/\/www.cigdemguven.com\/tr\/genel\/kadin-ve-kariyer\/#article\",\"isPartOf\":{\"@id\":\"https:\/\/www.cigdemguven.com\/tr\/genel\/kadin-ve-kariyer\/\"},\"author\":{\"name\":\"\u00c7i\u011fdem G\u00fcven\",\"@id\":\"https:\/\/www.cigdemguven.com\/tr\/#\/schema\/person\/abd506d3b37ae4dd04e7393ca6ac5921\"},\"headline\":\"Kad\u0131n ve Kariyer\",\"datePublished\":\"2020-08-07T11:51:17+00:00\",\"dateModified\":\"2022-08-11T12:31:56+00:00\",\"mainEntityOfPage\":{\"@id\":\"https:\/\/www.cigdemguven.com\/tr\/genel\/kadin-ve-kariyer\/\"},\"wordCount\":1595,\"publisher\":{\"@id\":\"https:\/\/www.cigdemguven.com\/tr\/#organization\"},\"articleSection\":{\"1\":\"Yaz\u0131lar\"},\"inLanguage\":\"tr\"},{\"@type\":\"WebPage\",\"@id\":\"https:\/\/www.cigdemguven.com\/tr\/genel\/kadin-ve-kariyer\/\",\"url\":\"https:\/\/www.cigdemguven.com\/tr\/genel\/kadin-ve-kariyer\/\",\"name\":\"Kad\u0131n ve Kariyer | \u00c7i\u011fdem G\u00fcven Management Consulting &amp; Coaching &amp; Mentoring Services\",\"isPartOf\":{\"@id\":\"https:\/\/www.cigdemguven.com\/tr\/#website\"},\"datePublished\":\"2020-08-07T11:51:17+00:00\",\"dateModified\":\"2022-08-11T12:31:56+00:00\",\"breadcrumb\":{\"@id\":\"https:\/\/www.cigdemguven.com\/tr\/genel\/kadin-ve-kariyer\/#breadcrumb\"},\"inLanguage\":\"tr\",\"potentialAction\":[{\"@type\":\"ReadAction\",\"target\":[\"https:\/\/www.cigdemguven.com\/tr\/genel\/kadin-ve-kariyer\/\"]}]},{\"@type\":\"BreadcrumbList\",\"@id\":\"https:\/\/www.cigdemguven.com\/tr\/genel\/kadin-ve-kariyer\/#breadcrumb\",\"itemListElement\":[{\"@type\":\"ListItem\",\"position\":1,\"name\":\"Home\",\"item\":\"https:\/\/www.cigdemguven.com\/tr\/\"},{\"@type\":\"ListItem\",\"position\":2,\"name\":\"Kad\u0131n ve Kariyer\"}]},{\"@type\":\"WebSite\",\"@id\":\"https:\/\/www.cigdemguven.com\/tr\/#website\",\"url\":\"https:\/\/www.cigdemguven.com\/tr\/\",\"name\":\"\u00c7i\u011fdem G\u00fcven Management Consulting &amp; Coaching &amp; Mentoring Services\",\"description\":\"Management Consulting &amp; Coaching &amp; Mentoring Services\",\"publisher\":{\"@id\":\"https:\/\/www.cigdemguven.com\/tr\/#organization\"},\"potentialAction\":[{\"@type\":\"SearchAction\",\"target\":{\"@type\":\"EntryPoint\",\"urlTemplate\":\"https:\/\/www.cigdemguven.com\/tr\/?s={search_term_string}\"},\"query-input\":\"required name=search_term_string\"}],\"inLanguage\":\"tr\"},{\"@type\":\"Organization\",\"@id\":\"https:\/\/www.cigdemguven.com\/tr\/#organization\",\"name\":\"\u00c7i\u011fdem G\u00fcven Management Consulting & Coaching & Mentoring Services\",\"url\":\"https:\/\/www.cigdemguven.com\/tr\/\",\"logo\":{\"@type\":\"ImageObject\",\"inLanguage\":\"tr\",\"@id\":\"https:\/\/www.cigdemguven.com\/tr\/#\/schema\/logo\/image\/\",\"url\":\"https:\/\/www.cigdemguven.com\/medias\/2021\/12\/cigdem-guven-logo.svg\",\"contentUrl\":\"https:\/\/www.cigdemguven.com\/medias\/2021\/12\/cigdem-guven-logo.svg\",\"width\":1,\"height\":1,\"caption\":\"\u00c7i\u011fdem G\u00fcven Management Consulting & Coaching & Mentoring Services\"},\"image\":{\"@id\":\"https:\/\/www.cigdemguven.com\/tr\/#\/schema\/logo\/image\/\"},\"sameAs\":[\"https:\/\/www.facebook.com\/cigdemguvendanisman\",\"https:\/\/twitter.com\/cigdemguvencom\",\"https:\/\/www.instagram.com\/cigdemguvendanismanlik\/\",\"https:\/\/www.linkedin.com\/in\/cigdemguvendanismanlik\/\"]},{\"@type\":\"Person\",\"@id\":\"https:\/\/www.cigdemguven.com\/tr\/#\/schema\/person\/abd506d3b37ae4dd04e7393ca6ac5921\",\"name\":\"\u00c7i\u011fdem G\u00fcven\",\"sameAs\":[\"https:\/\/www.cigdemguven.com\"],\"url\":\"https:\/\/www.cigdemguven.com\/tr\/author\/cigdemguven\/\"}]}<\/script>\n","yoast_head_json":{"title":"Kad\u0131n ve Kariyer | \u00c7i\u011fdem G\u00fcven Management Consulting &amp; Coaching &amp; Mentoring Services","robots":{"index":"index","follow":"follow","max-snippet":"max-snippet:-1","max-image-preview":"max-image-preview:large","max-video-preview":"max-video-preview:-1"},"canonical":"https:\/\/www.cigdemguven.com\/tr\/genel\/kadin-ve-kariyer\/","og_locale":"tr_TR","og_type":"article","og_title":"Kad\u0131n ve Kariyer | \u00c7i\u011fdem G\u00fcven Management Consulting &amp; Coaching &amp; Mentoring Services","og_description":"Kad\u0131nlar\u0131n kurumsal ya\u015famdaki kariyerlerine bakt\u0131\u011f\u0131m\u0131zda, evdeki ve i\u015fteki sorumluluklar\u0131 aras\u0131ndaki dengenin kurulmas\u0131n\u0131n \u00f6nemli bir konu oldu\u011funu g\u00f6r\u00fcyoruz. \u0130\u015f-\u00f6zel ya\u015fam dengesi, \u00f6zellikle \u00e7ocuklu \u00e7al\u0131\u015fanlar i\u00e7in \u00f6nemli bir konu ba\u015fl\u0131\u011f\u0131d\u0131r. Aileden destek al\u0131nmad\u0131\u011f\u0131 takdirde ciddi performans kay\u0131plar\u0131 olu\u015fabilmektedir. Bu kay\u0131plar\u0131n \u00f6n\u00fcne ge\u00e7mek i\u00e7in sistemsel d\u00fczenlemeler yap\u0131lmas\u0131, anne-baban\u0131n \u00e7ocu\u011fun bak\u0131m\u0131 konusunda rahat bir d\u00fczene ge\u00e7irilmesi \u00e7ok faydal\u0131 olur.","og_url":"https:\/\/www.cigdemguven.com\/tr\/genel\/kadin-ve-kariyer\/","og_site_name":"\u00c7i\u011fdem G\u00fcven Management Consulting &amp; Coaching &amp; Mentoring Services","article_publisher":"https:\/\/www.facebook.com\/cigdemguvendanisman","article_published_time":"2020-08-07T11:51:17+00:00","article_modified_time":"2022-08-11T12:31:56+00:00","og_image":[{"width":600,"height":400,"url":"https:\/\/www.cigdemguven.com\/medias\/2020\/08\/cigdemguven_womanandcareer.jpg","type":"image\/jpeg"}],"author":"\u00c7i\u011fdem G\u00fcven","twitter_card":"summary_large_image","twitter_creator":"@cigdemguvencom","twitter_site":"@cigdemguvencom","twitter_misc":{"Yazan:":"\u00c7i\u011fdem G\u00fcven","Tahmini okuma s\u00fcresi":"8 dakika"},"schema":{"@context":"https:\/\/schema.org","@graph":[{"@type":"Article","@id":"https:\/\/www.cigdemguven.com\/tr\/genel\/kadin-ve-kariyer\/#article","isPartOf":{"@id":"https:\/\/www.cigdemguven.com\/tr\/genel\/kadin-ve-kariyer\/"},"author":{"name":"\u00c7i\u011fdem G\u00fcven","@id":"https:\/\/www.cigdemguven.com\/tr\/#\/schema\/person\/abd506d3b37ae4dd04e7393ca6ac5921"},"headline":"Kad\u0131n ve Kariyer","datePublished":"2020-08-07T11:51:17+00:00","dateModified":"2022-08-11T12:31:56+00:00","mainEntityOfPage":{"@id":"https:\/\/www.cigdemguven.com\/tr\/genel\/kadin-ve-kariyer\/"},"wordCount":1595,"publisher":{"@id":"https:\/\/www.cigdemguven.com\/tr\/#organization"},"articleSection":{"1":"Yaz\u0131lar"},"inLanguage":"tr"},{"@type":"WebPage","@id":"https:\/\/www.cigdemguven.com\/tr\/genel\/kadin-ve-kariyer\/","url":"https:\/\/www.cigdemguven.com\/tr\/genel\/kadin-ve-kariyer\/","name":"Kad\u0131n ve Kariyer | \u00c7i\u011fdem G\u00fcven Management Consulting &amp; Coaching &amp; Mentoring Services","isPartOf":{"@id":"https:\/\/www.cigdemguven.com\/tr\/#website"},"datePublished":"2020-08-07T11:51:17+00:00","dateModified":"2022-08-11T12:31:56+00:00","breadcrumb":{"@id":"https:\/\/www.cigdemguven.com\/tr\/genel\/kadin-ve-kariyer\/#breadcrumb"},"inLanguage":"tr","potentialAction":[{"@type":"ReadAction","target":["https:\/\/www.cigdemguven.com\/tr\/genel\/kadin-ve-kariyer\/"]}]},{"@type":"BreadcrumbList","@id":"https:\/\/www.cigdemguven.com\/tr\/genel\/kadin-ve-kariyer\/#breadcrumb","itemListElement":[{"@type":"ListItem","position":1,"name":"Home","item":"https:\/\/www.cigdemguven.com\/tr\/"},{"@type":"ListItem","position":2,"name":"Kad\u0131n ve Kariyer"}]},{"@type":"WebSite","@id":"https:\/\/www.cigdemguven.com\/tr\/#website","url":"https:\/\/www.cigdemguven.com\/tr\/","name":"\u00c7i\u011fdem G\u00fcven Management Consulting &amp; Coaching &amp; Mentoring Services","description":"Management Consulting &amp; Coaching &amp; Mentoring Services","publisher":{"@id":"https:\/\/www.cigdemguven.com\/tr\/#organization"},"potentialAction":[{"@type":"SearchAction","target":{"@type":"EntryPoint","urlTemplate":"https:\/\/www.cigdemguven.com\/tr\/?s={search_term_string}"},"query-input":"required name=search_term_string"}],"inLanguage":"tr"},{"@type":"Organization","@id":"https:\/\/www.cigdemguven.com\/tr\/#organization","name":"\u00c7i\u011fdem G\u00fcven Management Consulting & Coaching & Mentoring Services","url":"https:\/\/www.cigdemguven.com\/tr\/","logo":{"@type":"ImageObject","inLanguage":"tr","@id":"https:\/\/www.cigdemguven.com\/tr\/#\/schema\/logo\/image\/","url":"https:\/\/www.cigdemguven.com\/medias\/2021\/12\/cigdem-guven-logo.svg","contentUrl":"https:\/\/www.cigdemguven.com\/medias\/2021\/12\/cigdem-guven-logo.svg","width":1,"height":1,"caption":"\u00c7i\u011fdem G\u00fcven Management Consulting & Coaching & Mentoring Services"},"image":{"@id":"https:\/\/www.cigdemguven.com\/tr\/#\/schema\/logo\/image\/"},"sameAs":["https:\/\/www.facebook.com\/cigdemguvendanisman","https:\/\/twitter.com\/cigdemguvencom","https:\/\/www.instagram.com\/cigdemguvendanismanlik\/","https:\/\/www.linkedin.com\/in\/cigdemguvendanismanlik\/"]},{"@type":"Person","@id":"https:\/\/www.cigdemguven.com\/tr\/#\/schema\/person\/abd506d3b37ae4dd04e7393ca6ac5921","name":"\u00c7i\u011fdem G\u00fcven","sameAs":["https:\/\/www.cigdemguven.com"],"url":"https:\/\/www.cigdemguven.com\/tr\/author\/cigdemguven\/"}]}},"_links":{"self":[{"href":"https:\/\/www.cigdemguven.com\/tr\/wp-json\/wp\/v2\/posts\/1570","targetHints":{"allow":["GET"]}}],"collection":[{"href":"https:\/\/www.cigdemguven.com\/tr\/wp-json\/wp\/v2\/posts"}],"about":[{"href":"https:\/\/www.cigdemguven.com\/tr\/wp-json\/wp\/v2\/types\/post"}],"author":[{"embeddable":true,"href":"https:\/\/www.cigdemguven.com\/tr\/wp-json\/wp\/v2\/users\/1"}],"replies":[{"embeddable":true,"href":"https:\/\/www.cigdemguven.com\/tr\/wp-json\/wp\/v2\/comments?post=1570"}],"version-history":[{"count":4,"href":"https:\/\/www.cigdemguven.com\/tr\/wp-json\/wp\/v2\/posts\/1570\/revisions"}],"predecessor-version":[{"id":2449,"href":"https:\/\/www.cigdemguven.com\/tr\/wp-json\/wp\/v2\/posts\/1570\/revisions\/2449"}],"wp:featuredmedia":[{"embeddable":true,"href":"https:\/\/www.cigdemguven.com\/tr\/wp-json\/wp\/v2\/media\/1203"}],"wp:attachment":[{"href":"https:\/\/www.cigdemguven.com\/tr\/wp-json\/wp\/v2\/media?parent=1570"}],"wp:term":[{"taxonomy":"category","embeddable":true,"href":"https:\/\/www.cigdemguven.com\/tr\/wp-json\/wp\/v2\/categories?post=1570"},{"taxonomy":"post_tag","embeddable":true,"href":"https:\/\/www.cigdemguven.com\/tr\/wp-json\/wp\/v2\/tags?post=1570"}],"curies":[{"name":"wp","href":"https:\/\/api.w.org\/{rel}","templated":true}]}}