{"id":1555,"date":"2020-10-17T10:32:01","date_gmt":"2020-10-17T07:32:01","guid":{"rendered":"https:\/\/www.cigdemguven.com\/genel\/finance-leadership-in-a-pandemic\/"},"modified":"2022-04-06T16:50:48","modified_gmt":"2022-04-06T13:50:48","slug":"pandemi-de-finansal-liderlik","status":"publish","type":"post","link":"https:\/\/www.cigdemguven.com\/tr\/yazilar\/pandemi-de-finansal-liderlik\/","title":{"rendered":"Pandemi de Finansal Liderlik"},"content":{"rendered":"<p>{&#8220;main-title&#8221;:{&#8220;component&#8221;:&#8221;hc_title&#8221;,&#8221;id&#8221;:&#8221;main-title&#8221;,&#8221;title&#8221;:&#8221;&#8221;,&#8221;subtitle&#8221;:&#8221;&#8221;,&#8221;title_content&#8221;:{&#8220;component&#8221;:&#8221;hc_title_empty&#8221;,&#8221;id&#8221;:&#8221;title-empty&#8221;}},&#8221;section_QvNqz&#8221;:{&#8220;component&#8221;:&#8221;hc_section&#8221;,&#8221;id&#8221;:&#8221;section_QvNqz&#8221;,&#8221;section_width&#8221;:&#8221;&#8221;,&#8221;animation&#8221;:&#8221;&#8221;,&#8221;animation_time&#8221;:&#8221;&#8221;,&#8221;timeline_animation&#8221;:&#8221;&#8221;,&#8221;timeline_delay&#8221;:&#8221;&#8221;,&#8221;timeline_order&#8221;:&#8221;&#8221;,&#8221;vertical_row&#8221;:&#8221;&#8221;,&#8221;css_classes&#8221;:&#8221;section-color no-padding-bottom no-padding-top &#8220;,&#8221;custom_css_classes&#8221;:&#8221;containerblog&#8221;,&#8221;custom_css_styles&#8221;:&#8221;&#8221;,&#8221;section_content&#8221;:[{&#8220;component&#8221;:&#8221;hc_column&#8221;,&#8221;id&#8221;:&#8221;P1FCZ&#8221;,&#8221;column_width&#8221;:&#8221;col-md-12&#8243;,&#8221;animation&#8221;:&#8221;&#8221;,&#8221;animation_time&#8221;:&#8221;&#8221;,&#8221;timeline_animation&#8221;:&#8221;&#8221;,&#8221;timeline_delay&#8221;:&#8221;&#8221;,&#8221;timeline_order&#8221;:&#8221;&#8221;,&#8221;css_classes&#8221;:&#8221;boxed-area align-items-center &#8220;,&#8221;custom_css_classes&#8221;:&#8221;&#8221;,&#8221;custom_css_styles&#8221;:&#8221;&#8221;,&#8221;main_content&#8221;:[{&#8220;component&#8221;:&#8221;hc_title_tag&#8221;,&#8221;id&#8221;:&#8221;5ZtkF&#8221;,&#8221;css_classes&#8221;:&#8221;&#8221;,&#8221;custom_css_classes&#8221;:&#8221;&#8221;,&#8221;custom_css_styles&#8221;:&#8221;&#8221;,&#8221;text&#8221;:&#8221;Pandemi de Finansal Liderlik&#8221;,&#8221;tag&#8221;:&#8221;h1&#8243;},{&#8220;component&#8221;:&#8221;hc_image_box&#8221;,&#8221;id&#8221;:&#8221;P92Nk&#8221;,&#8221;css_classes&#8221;:&#8221;&#8221;,&#8221;custom_css_classes&#8221;:&#8221;&#8221;,&#8221;custom_css_styles&#8221;:&#8221;&#8221;,&#8221;image&#8221;:&#8221;https:\/\/www.cigdemguven.com\/medias\/2020\/10\/cigdem-guven_pandemide_finansal_liderlik-1024&#215;643.jpg|769|1225|591&#8243;,&#8221;link_type&#8221;:&#8221;lightbox&#8221;,&#8221;lightbox_animation&#8221;:&#8221;&#8221;,&#8221;caption&#8221;:&#8221;Pandemi de Finansal Liderlik&#8221;,&#8221;inner_caption&#8221;:false,&#8221;new_window&#8221;:false,&#8221;link&#8221;:&#8221;https:\/\/www.cigdemguven.com\/medias\/2020\/10\/cigdem-guven_pandemide_finansal_liderlik.jpg&#8221;,&#8221;link_content&#8221;:[],&#8221;lightbox_size&#8221;:&#8221;&#8221;,&#8221;scrollbox&#8221;:false,&#8221;icon&#8221;:&#8221;&#8221;,&#8221;image_animation&#8221;:&#8221;&#8221;,&#8221;icon_animation&#8221;:&#8221;&#8221;,&#8221;thumb_size&#8221;:&#8221;full&#8221;,&#8221;icon_hidden&#8221;:true,&#8221;caption_img_box&#8221;:&#8221;&#8221;,&#8221;alt&#8221;:&#8221;&#8221;}]}],&#8221;section_settings&#8221;:&#8221;&#8221;},&#8221;section_aSGAU&#8221;:{&#8220;component&#8221;:&#8221;hc_section&#8221;,&#8221;id&#8221;:&#8221;section_aSGAU&#8221;,&#8221;section_width&#8221;:&#8221;&#8221;,&#8221;animation&#8221;:&#8221;&#8221;,&#8221;animation_time&#8221;:&#8221;&#8221;,&#8221;timeline_animation&#8221;:&#8221;&#8221;,&#8221;timeline_delay&#8221;:&#8221;&#8221;,&#8221;timeline_order&#8221;:&#8221;&#8221;,&#8221;vertical_row&#8221;:&#8221;&#8221;,&#8221;css_classes&#8221;:&#8221;no-padding-bottom no-padding-top &#8220;,&#8221;custom_css_classes&#8221;:&#8221;blogtext&#8221;,&#8221;custom_css_styles&#8221;:&#8221;&#8221;,&#8221;section_content&#8221;:[{&#8220;component&#8221;:&#8221;hc_column&#8221;,&#8221;id&#8221;:&#8221;column_0qrhK&#8221;,&#8221;column_width&#8221;:&#8221;col-md-12&#8243;,&#8221;animation&#8221;:&#8221;&#8221;,&#8221;animation_time&#8221;:&#8221;&#8221;,&#8221;timeline_animation&#8221;:&#8221;&#8221;,&#8221;timeline_delay&#8221;:&#8221;&#8221;,&#8221;timeline_order&#8221;:&#8221;&#8221;,&#8221;css_classes&#8221;:&#8221;&#8221;,&#8221;custom_css_classes&#8221;:&#8221;&#8221;,&#8221;custom_css_styles&#8221;:&#8221;&#8221;,&#8221;main_content&#8221;:[{&#8220;component&#8221;:&#8221;hc_wp_editor&#8221;,&#8221;id&#8221;:&#8221;gE6EW&#8221;,&#8221;css_classes&#8221;:&#8221;&#8221;,&#8221;custom_css_classes&#8221;:&#8221;&#8221;,&#8221;custom_css_styles&#8221;:&#8221;&#8221;,&#8221;editor_content&#8221;:&#8221;Krizler, kurumlar\u0131n finansal yap\u0131s\u0131n\u0131 tekrar g\u00f6zden ge\u00e7irmeleri gereken bir d\u00f6nemi beraberinde getirmektedir. Kurumlar\u0131n finansal yap\u0131s\u0131, krizin etkileriyle nas\u0131l etkilenmi\u015ftir? Nakit ak\u0131\u015f\u0131 nas\u0131l bir y\u00f6netimi gerektirmedir? Bu sorular\u0131n yan\u0131tlar\u0131 her bir kurum a\u00e7\u0131s\u0131ndan \u00f6nemlidir. Kurumlar \u00fclkesi, sekt\u00f6r\u00fc, tarih\u00e7esi, m\u00fc\u015fterileri, d\u0131\u015f ticaret yap\u0131lar\u0131 gibi kriterlerle birlikte farkl\u0131 \u015fekillerde krizin etkilerin ya\u015famaktad\u0131rlar.\\n\\nGelirlerin sekt\u00f6r ve faaliyet konusuna g\u00f6re etkisi farkl\u0131 olabilecektir, giderlerde bir d\u00fc\u015f\u00fc\u015f sa\u011flayabilmek mali yap\u0131 a\u00e7\u0131s\u0131ndan rahatlat\u0131c\u0131 olacakt\u0131r. Gelirlerde krizin yaratt\u0131\u011f\u0131 f\u0131rsatlar ile art\u0131\u015f yaratmakta s\u00f6z konusu olabilir.\\n\\nGiderlerin g\u00f6zden ge\u00e7irilmesi ve m\u00fcmk\u00fcn oldu\u011funca tasarrufa gidilmesi nakit ak\u0131\u015f\u0131nda rahatlama sa\u011flayacakt\u0131r. T\u00fcm gider kalemleri tek tek \u00e7al\u0131\u015f\u0131lmal\u0131d\u0131r. \u00d6rne\u011fin; kira kontratlar g\u00f6zden ge\u00e7irilebilir, d\u00f6vizli kontratlar varsa TL\u2019e d\u00f6n\u00fc\u015f\u00fcm\u00fc,sa\u011flanabilir, al\u0131mlar g\u00f6zden ge\u00e7irilebilir.\\n\\nAlacaklara y\u00f6nelik \u00e7al\u0131\u015fmada ise, tahsilat\u0131n daha k\u0131sa vadelere \u00e7ekilmesi yoluna gidilmesi, m\u00fcmk\u00fcnse reeskont edilebilir mi bak\u0131lmas\u0131, bor\u00e7lar\u0131n vadelerin de bir \u00f6teleme yap\u0131labilir mi bak\u0131lmas\u0131, devam edilen ve yap\u0131lacak yat\u0131r\u0131mlar\u0131n gereklili\u011finin tekrar g\u00f6zden ge\u00e7irilmesi, \u015f\u00fcpheli alacaklar, gecikmeli alacaklar\u0131n tahsilatlar\u0131n\u0131n h\u0131zland\u0131r\u0131lmas\u0131 yoluna gidilmesi, hukuki takipte olan alacaklar\u0131n tahsilat\u0131 konusunda yap\u0131lacaklar\u0131n g\u00f6zden ge\u00e7irilmesi uygun olacakt\u0131r.Stok idaresinin titizlikle yap\u0131lmas\u0131 ve stok maliyetlerine ili\u015fkin her zamankinden daha s\u0131k ak\u0131lc\u0131 bir y\u00f6netim tutum benimsenmesi uygun olacakt\u0131r.\\n\\nKurum \u00fczerinde, kur riskini bertaraf edecek \u00e7al\u0131\u015fmalar yapmak, t\u00fcrev \u00fcr\u00fcn kullan\u0131mlar\u0131n\u0131 gerekli \u00f6l\u00e7\u00fc de ger\u00e7ekle\u015ftirmek veya farkl\u0131 \u015fekillerde kur riskini bertaraf etmesi gerekecektir.\\n\\nBunlarla birlikte, tedarik zinciri korunmas\u0131 gereken \u00f6nemli bir zincirdir. Bu zincirde zay\u0131f halkaya destek verilmesi, sadece zay\u0131f halkaya destek de\u011fildir. Deste\u011fi veren de bu zincirin korunmas\u0131ndan fayda sa\u011flayacakt\u0131r.\\n\\nYat\u0131r\u0131m finansmanlar\u0131 ba\u015fl\u0131\u011f\u0131n\u0131n tekrar de\u011ferlendirilmesi, yabanc\u0131 sermaye, \u00f6z kaynak \u00e7al\u0131\u015fmalar\u0131n\u0131n likidite \u00f6nceli\u011fini yitirmeden tekrar de\u011ferlendirilmesi, otoritenin bu d\u00f6nem i\u00e7in sa\u011flad\u0131\u011f\u0131 fonlar\u0131n ara\u015ft\u0131r\u0131lmas\u0131 ve de\u011ferlendirilmesiyerinde olur.D\u00f6nem itibariyle dijital kapasitesi olmayan \u015firketlerin, zorunlu dijital yat\u0131r\u0131mlar\u0131n\u0131n finansman\u0131 i\u00e7in, banka kredilerinin ara\u015ft\u0131r\u0131lmas\u0131 ve uygun finansman kaynaklar\u0131n\u0131n bulunmas\u0131 ana \u00e7al\u0131\u015fma ba\u015fl\u0131klar\u0131ndand\u0131r.\\n\\nYurtd\u0131\u015f\u0131 mal al\u0131mlarda \u00fclke kredileri alternatiflerini ara\u015ft\u0131rmak m\u00fcmk\u00fcnd\u00fcr.T\u00fcrkiye\u2019de faaliyet g\u00f6steren aktif olan yabanc\u0131 fonlama kaynaklar\u0131na hakim olmak ve yat\u0131r\u0131mlar i\u00e7in f\u0131rsatlara bakmak gerekir. Yine bu d\u00f6nemde bor\u00e7 azaltma, kaynak maliyetini d\u00fc\u015f\u00fcrme, mevcut bor\u00e7lar daha iyi ko\u015fullarla revize edilebilir mi bakmak faydal\u0131 olacakt\u0131r.\\n\\nYap\u0131lan b\u00fct\u00e7elerin ola\u011fan\u00fcst\u00fc d\u00f6nemlerde g\u00f6zden ge\u00e7irilmesi, ara de\u011ferlendirmeler yap\u0131lmas\u0131, gerekiyorsa revizelerin yap\u0131lmas\u0131 uygun olacakt\u0131r. Kurumda nakit s\u0131k\u0131\u015f\u0131kl\u0131\u011f\u0131 s\u00f6z konusu ise, aktif sat\u0131\u015f\u0131 ile de nakit ak\u0131\u015f\u0131n\u0131 g\u00fc\u00e7lendirmek m\u00fcmk\u00fcnd\u00fcr.\\n\\nBu d\u00f6nem, nakit ak\u0131\u015f\u0131 g\u00fc\u00e7l\u00fc olan kurumlar i\u00e7in ayn\u0131 zamanda f\u0131rsatlar getirecektir. Uygun fiyatl\u0131 \u015firket al\u0131mlar\u0131, entegrasyon yat\u0131r\u0131mlar\u0131, sinerji yaratabilecek yat\u0131r\u0131mlar m\u00fcmk\u00fcn olabilmektedir. Nakit ak\u0131\u015f\u0131 y\u00fcksek kurumlar\u0131n, genel trendin aksine b\u00fcy\u00fcmesi s\u00f6z konusu olabilir. E-ticaret gibi sat\u0131\u015f kanallar\u0131n\u0131n artt\u0131r\u0131lmas\u0131, ihracat yapmak veya ihracat pazar\u0131n\u0131 artt\u0131rmak, farkl\u0131 \u00fcr\u00fcn geli\u015ftirmek, sat\u0131\u015flar\u0131 artt\u0131rabilecek kalemlerdir.\\n\\nLiderin t\u00fcm ko\u015fullara ra\u011fmen, vizyonunu kaybetmemesi, yenilik\u00e7i, teknolojiye yak\u0131n bir ekiple yoluna devam etmesi \u00f6nemlidir. Gerekli durumlarda dan\u0131\u015fmanl\u0131k almas\u0131, farkl\u0131 uygulamalardan haberdar olmas\u0131, rekabet analizinin iyi yapmas\u0131 kritik ba\u015far\u0131 fakt\u00f6rleridir. Ekibe yap\u0131lacak do\u011fru e\u011fitim, geli\u015fim deste\u011fi, kurumlar\u0131 de\u011fi\u015fim ve f\u0131rsat yaratmada h\u0131zland\u0131rabilir.&#8221;}]},{&#8220;component&#8221;:&#8221;hc_column&#8221;,&#8221;id&#8221;:&#8221;column_IcVVy&#8221;,&#8221;column_width&#8221;:&#8221;col-md-12&#8243;,&#8221;animation&#8221;:&#8221;&#8221;,&#8221;animation_time&#8221;:&#8221;&#8221;,&#8221;timeline_animation&#8221;:&#8221;&#8221;,&#8221;timeline_delay&#8221;:&#8221;&#8221;,&#8221;timeline_order&#8221;:&#8221;&#8221;,&#8221;css_classes&#8221;:&#8221;&#8221;,&#8221;custom_css_classes&#8221;:&#8221;socialbox&#8221;,&#8221;custom_css_styles&#8221;:&#8221;&#8221;,&#8221;main_content&#8221;:[{&#8220;component&#8221;:&#8221;hc_space&#8221;,&#8221;id&#8221;:&#8221;lyn1y&#8221;,&#8221;css_classes&#8221;:&#8221;&#8221;,&#8221;custom_css_classes&#8221;:&#8221;&#8221;,&#8221;custom_css_styles&#8221;:&#8221;&#8221;,&#8221;size&#8221;:&#8221;space-sm&#8221;,&#8221;height&#8221;:&#8221;&#8221;},{&#8220;component&#8221;:&#8221;hc_text_block&#8221;,&#8221;id&#8221;:&#8221;CAVzD&#8221;,&#8221;css_classes&#8221;:&#8221;&#8221;,&#8221;custom_css_classes&#8221;:&#8221;&#8221;,&#8221;custom_css_styles&#8221;:&#8221;&#8221;,&#8221;content&#8221;:&#8221;Payla\u015f&#8221;},{&#8220;component&#8221;:&#8221;hc_social_share_buttons&#8221;,&#8221;id&#8221;:&#8221;gd893&#8243;,&#8221;css_classes&#8221;:&#8221;&#8221;,&#8221;custom_css_classes&#8221;:&#8221;&#8221;,&#8221;custom_css_styles&#8221;:&#8221;&#8221;,&#8221;style&#8221;:&#8221;icon-links-button&#8221;,&#8221;size&#8221;:&#8221;&#8221;,&#8221;alignment&#8221;:&#8221;&#8221;,&#8221;type&#8221;:&#8221;&#8221;,&#8221;social_colors&#8221;:true,&#8221;fb&#8221;:true,&#8221;fb_link&#8221;:&#8221;&#8221;,&#8221;tw&#8221;:true,&#8221;tw_link&#8221;:&#8221;&#8221;,&#8221;pi&#8221;:true,&#8221;pi_link&#8221;:&#8221;&#8221;,&#8221;li&#8221;:true,&#8221;li_link&#8221;:&#8221;&#8221;}]}],&#8221;section_settings&#8221;:&#8221;&#8221;},&#8221;section_dDpN7&#8243;:{&#8220;component&#8221;:&#8221;hc_section&#8221;,&#8221;id&#8221;:&#8221;section_dDpN7&#8243;,&#8221;section_width&#8221;:&#8221;&#8221;,&#8221;animation&#8221;:&#8221;&#8221;,&#8221;animation_time&#8221;:&#8221;&#8221;,&#8221;timeline_animation&#8221;:&#8221;&#8221;,&#8221;timeline_delay&#8221;:&#8221;&#8221;,&#8221;timeline_order&#8221;:&#8221;&#8221;,&#8221;vertical_row&#8221;:&#8221;&#8221;,&#8221;css_classes&#8221;:&#8221;section-color &#8220;,&#8221;custom_css_classes&#8221;:&#8221;&#8221;,&#8221;custom_css_styles&#8221;:&#8221;&#8221;,&#8221;section_content&#8221;:[{&#8220;component&#8221;:&#8221;hc_column&#8221;,&#8221;id&#8221;:&#8221;XLZ44&#8243;,&#8221;column_width&#8221;:&#8221;col-md-12&#8243;,&#8221;animation&#8221;:&#8221;&#8221;,&#8221;animation_time&#8221;:&#8221;&#8221;,&#8221;timeline_animation&#8221;:&#8221;&#8221;,&#8221;timeline_delay&#8221;:&#8221;&#8221;,&#8221;timeline_order&#8221;:&#8221;&#8221;,&#8221;css_classes&#8221;:&#8221;&#8221;,&#8221;custom_css_classes&#8221;:&#8221;&#8221;,&#8221;custom_css_styles&#8221;:&#8221;&#8221;,&#8221;main_content&#8221;:[{&#8220;component&#8221;:&#8221;hc_title_tag&#8221;,&#8221;id&#8221;:&#8221;4AoyD&#8221;,&#8221;css_classes&#8221;:&#8221;&#8221;,&#8221;custom_css_classes&#8221;:&#8221;&#8221;,&#8221;custom_css_styles&#8221;:&#8221;&#8221;,&#8221;text&#8221;:&#8221;Son Yaz\u0131lar&#8221;,&#8221;tag&#8221;:&#8221;h2&#8243;},{&#8220;component&#8221;:&#8221;hc_space&#8221;,&#8221;id&#8221;:&#8221;TsAHd&#8221;,&#8221;css_classes&#8221;:&#8221;&#8221;,&#8221;custom_css_classes&#8221;:&#8221;&#8221;,&#8221;custom_css_styles&#8221;:&#8221;&#8221;,&#8221;size&#8221;:&#8221;space&#8221;,&#8221;height&#8221;:&#8221;&#8221;},{&#8220;component&#8221;:&#8221;hc_pt_grid_list&#8221;,&#8221;id&#8221;:&#8221;J9IEW&#8221;,&#8221;css_classes&#8221;:&#8221;&#8221;,&#8221;custom_css_classes&#8221;:&#8221;&#8221;,&#8221;custom_css_styles&#8221;:&#8221;&#8221;,&#8221;post_type_slug&#8221;:&#8221;post&#8221;,&#8221;post_type_category&#8221;:&#8221;yazilar&#8221;,&#8221;column&#8221;:&#8221;2&#8243;,&#8221;column_lg&#8221;:&#8221;2&#8243;,&#8221;column_md&#8221;:&#8221;2&#8243;,&#8221;column_sm&#8221;:&#8221;1&#8243;,&#8221;column_xs&#8221;:&#8221;1&#8243;,&#8221;margins&#8221;:&#8221;&#8221;,&#8221;pag_type&#8221;:&#8221;load_more&#8221;,&#8221;pag_items&#8221;:&#8221;2&#8243;,&#8221;pag_size&#8221;:&#8221;pagination-lg&#8221;,&#8221;pag_animation&#8221;:&#8221;fade-top&#8221;,&#8221;pag_scroll_top&#8221;:false,&#8221;pag_position&#8221;:&#8221;align-center&#8221;,&#8221;pag_button_prev&#8221;:&#8221;&#8221;,&#8221;pag_button_next&#8221;:&#8221;&#8221;,&#8221;lm_lazy&#8221;:false,&#8221;lm_button_text&#8221;:&#8221;Daha Fazla&#8221;,&#8221;box&#8221;:&#8221;blog_top&#8221;,&#8221;boxed&#8221;:true,&#8221;extra&#8221;:false,&#8221;content&#8221;:&#8221;&#8221;,&#8221;title_length&#8221;:&#8221;36&#8243;,&#8221;excerpt_length&#8221;:&#8221;75&#8243;,&#8221;title_size&#8221;:&#8221;text-md&#8221;,&#8221;custom_css&#8221;:&#8221;&#8221;,&#8221;button_text&#8221;:&#8221;&#8221;,&#8221;button_style&#8221;:&#8221;square&#8221;,&#8221;button_dimensions&#8221;:&#8221;btn-lg&#8221;,&#8221;button_animation&#8221;:false,&#8221;button_icon&#8221;:&#8221;&#8221;}]}],&#8221;section_settings&#8221;:&#8221;&#8221;},&#8221;scripts&#8221;:{&#8220;lightbox&#8221;:&#8221;magnific-popup.min.js&#8221;,&#8221;pagination&#8221;:&#8221;pagination.min.js&#8221;},&#8221;css&#8221;:{&#8220;lightbox&#8221;:&#8221;css\/magnific-popup.css&#8221;,&#8221;content_box&#8221;:&#8221;css\/content-box.css&#8221;,&#8221;media_box&#8221;:&#8221;css\/media-box.css&#8221;},&#8221;css_page&#8221;:&#8221;&#8221;,&#8221;template_setting&#8221;:{},&#8221;template_setting_top&#8221;:{},&#8221;page_setting&#8221;:{&#8220;settings&#8221;:[&#8220;lock-mode-off&#8221;]},&#8221;post_type_setting&#8221;:{&#8220;settings&#8221;:{&#8220;image&#8221;:&#8221;https:\/\/www.cigdemguven.com\/medias\/2020\/10\/cigdem-guven_pandemide_finansal_liderlik-1024&#215;643.jpg|769|1225|591&#8243;,&#8221;excerpt&#8221;:&#8221;Krizler, kurumlar\u0131n finansal yap\u0131s\u0131n\u0131 tekrar g\u00f6zden ge\u00e7irmeleri gereken bir d\u00f6nemi beraberinde getirmektedir. Kurumlar\u0131n finansal yap\u0131s\u0131, krizin etkileriyle nas\u0131l etkilenmi\u015ftir? Nakit ak\u0131\u015f\u0131 nas\u0131l bir y\u00f6netimi gerektirmedir? Bu sorular\u0131n yan\u0131tlar\u0131 her bir kurum a\u00e7\u0131s\u0131ndan \u00f6nemlidir.&#8221;,&#8221;extra_1&#8243;:&#8221;Yaz\u0131&#8221;,&#8221;extra_2&#8243;:&#8221;&#8221;,&#8221;icon&#8221;:{&#8220;icon&#8221;:&#8221;&#8221;,&#8221;icon_style&#8221;:&#8221;&#8221;,&#8221;icon_image&#8221;:&#8221;&#8221;}}}}<\/p><div class=\"jpw-truncate-btn\"><div class=\"jpw-truncate-header\"><h2>\u00dcye olarak i\u00e7eriklerimize ula\u015f\u0131n.<\/h2><p><\/p><div class=\"jpw_login\"><span>\u00dcyeli\u011fim var!  <a href=\"\/my-account\">Giri\u015f Yap<\/a><\/span><\/div><\/div><div class=\"jpw_btn_wrapper\"><div class=\"jpw_subscribe\">\n\t\t\t\t\t<div class=\"jpw_btn_inner_wrapper\">\n\t\t\t\t\t\t<h3>\u00dcye Ol<\/h3>\n\t\t\t\t\t\t<span>L\u00fctfen t\u00fcm yaz\u0131lar\u0131m\u0131za eri\u015febilmek i\u00e7in \u00fcye olun. <br\/><strong>40'tan fazla yaz\u0131ya eri\u015febilirsiniz.<\/strong><\/span>\n\t\t\t\t\t\t<div class=\"jpw-button\">\n\t\t\t\t\t\t\t<div class=\"btn_wrapper\">\n\t\t\t\t\t\t\t\t<a href=\"https:\/\/www.cigdemguven.com\/subscribe\/\" class=\"btn button \">Hemen \u00dcye Ol<\/a>\n\t\t\t\t\t\t\t<\/div>\n\t\t\t\t\t\t<\/div>\n\t\t\t\t\t<\/div>\n\t\t\t\t<\/div><\/div><\/div>","protected":false},"excerpt":{"rendered":"<p>Krizler, kurumlar\u0131n finansal yap\u0131s\u0131n\u0131 tekrar g\u00f6zden ge\u00e7irmeleri gereken bir d\u00f6nemi beraberinde getirmektedir. Kurumlar\u0131n finansal yap\u0131s\u0131, krizin etkileriyle nas\u0131l etkilenmi\u015ftir? Nakit ak\u0131\u015f\u0131 nas\u0131l bir y\u00f6netimi gerektirmedir? Bu sorular\u0131n yan\u0131tlar\u0131 her bir kurum a\u00e7\u0131s\u0131ndan \u00f6nemlidir.<\/p>\n","protected":false},"author":1,"featured_media":0,"comment_status":"closed","ping_status":"open","sticky":false,"template":"","format":"standard","meta":{"footnotes":""},"categories":[19],"tags":[],"class_list":["post-1555","post","type-post","status-publish","format-standard","hentry","category-yazilar"],"yoast_head":"\n<title>Pandemi de Finansal Liderlik | \u00c7i\u011fdem G\u00fcven Management Consulting &amp; Coaching &amp; Mentoring Services<\/title>\n<meta name=\"robots\" content=\"index, follow, max-snippet:-1, max-image-preview:large, max-video-preview:-1\" \/>\n<link rel=\"canonical\" href=\"https:\/\/www.cigdemguven.com\/tr\/yazilar\/pandemi-de-finansal-liderlik\/\" \/>\n<meta property=\"og:locale\" content=\"tr_TR\" \/>\n<meta property=\"og:type\" content=\"article\" \/>\n<meta property=\"og:title\" content=\"Pandemi de Finansal Liderlik | \u00c7i\u011fdem G\u00fcven Management Consulting &amp; Coaching &amp; Mentoring Services\" \/>\n<meta property=\"og:description\" content=\"Krizler, kurumlar\u0131n finansal yap\u0131s\u0131n\u0131 tekrar g\u00f6zden ge\u00e7irmeleri gereken bir d\u00f6nemi beraberinde getirmektedir. Kurumlar\u0131n finansal yap\u0131s\u0131, krizin etkileriyle nas\u0131l etkilenmi\u015ftir? Nakit ak\u0131\u015f\u0131 nas\u0131l bir y\u00f6netimi gerektirmedir? Bu sorular\u0131n yan\u0131tlar\u0131 her bir kurum a\u00e7\u0131s\u0131ndan \u00f6nemlidir.\" \/>\n<meta property=\"og:url\" content=\"https:\/\/www.cigdemguven.com\/tr\/yazilar\/pandemi-de-finansal-liderlik\/\" \/>\n<meta property=\"og:site_name\" content=\"\u00c7i\u011fdem G\u00fcven Management Consulting &amp; Coaching &amp; Mentoring Services\" \/>\n<meta property=\"article:publisher\" content=\"https:\/\/www.facebook.com\/cigdemguvendanisman\" \/>\n<meta property=\"article:published_time\" content=\"2020-10-17T07:32:01+00:00\" \/>\n<meta property=\"article:modified_time\" content=\"2022-04-06T13:50:48+00:00\" \/>\n<meta property=\"og:image\" content=\"https:\/\/www.cigdemguven.com\/medias\/2022\/01\/cigdemguvenphoto.jpg\" \/>\n\t<meta property=\"og:image:width\" content=\"777\" \/>\n\t<meta property=\"og:image:height\" content=\"823\" \/>\n\t<meta property=\"og:image:type\" content=\"image\/jpeg\" \/>\n<meta name=\"author\" content=\"\u00c7i\u011fdem G\u00fcven\" \/>\n<meta name=\"twitter:card\" content=\"summary_large_image\" \/>\n<meta name=\"twitter:creator\" content=\"@cigdemguvencom\" \/>\n<meta name=\"twitter:site\" content=\"@cigdemguvencom\" \/>\n<meta name=\"twitter:label1\" content=\"Yazan:\" \/>\n\t<meta name=\"twitter:data1\" content=\"\u00c7i\u011fdem G\u00fcven\" \/>\n\t<meta name=\"twitter:label2\" content=\"Tahmini okuma s\u00fcresi\" \/>\n\t<meta name=\"twitter:data2\" content=\"7 dakika\" \/>\n<script type=\"application\/ld+json\" class=\"yoast-schema-graph\">{\"@context\":\"https:\/\/schema.org\",\"@graph\":[{\"@type\":\"Article\",\"@id\":\"https:\/\/www.cigdemguven.com\/tr\/yazilar\/pandemi-de-finansal-liderlik\/#article\",\"isPartOf\":{\"@id\":\"https:\/\/www.cigdemguven.com\/tr\/yazilar\/pandemi-de-finansal-liderlik\/\"},\"author\":{\"name\":\"\u00c7i\u011fdem G\u00fcven\",\"@id\":\"https:\/\/www.cigdemguven.com\/tr\/#\/schema\/person\/abd506d3b37ae4dd04e7393ca6ac5921\"},\"headline\":\"Pandemi de Finansal Liderlik\",\"datePublished\":\"2020-10-17T07:32:01+00:00\",\"dateModified\":\"2022-04-06T13:50:48+00:00\",\"mainEntityOfPage\":{\"@id\":\"https:\/\/www.cigdemguven.com\/tr\/yazilar\/pandemi-de-finansal-liderlik\/\"},\"wordCount\":1347,\"publisher\":{\"@id\":\"https:\/\/www.cigdemguven.com\/tr\/#organization\"},\"articleSection\":[\"Yaz\u0131lar\"],\"inLanguage\":\"tr\"},{\"@type\":\"WebPage\",\"@id\":\"https:\/\/www.cigdemguven.com\/tr\/yazilar\/pandemi-de-finansal-liderlik\/\",\"url\":\"https:\/\/www.cigdemguven.com\/tr\/yazilar\/pandemi-de-finansal-liderlik\/\",\"name\":\"Pandemi de Finansal Liderlik | \u00c7i\u011fdem G\u00fcven Management Consulting &amp; Coaching &amp; Mentoring Services\",\"isPartOf\":{\"@id\":\"https:\/\/www.cigdemguven.com\/tr\/#website\"},\"datePublished\":\"2020-10-17T07:32:01+00:00\",\"dateModified\":\"2022-04-06T13:50:48+00:00\",\"breadcrumb\":{\"@id\":\"https:\/\/www.cigdemguven.com\/tr\/yazilar\/pandemi-de-finansal-liderlik\/#breadcrumb\"},\"inLanguage\":\"tr\",\"potentialAction\":[{\"@type\":\"ReadAction\",\"target\":[\"https:\/\/www.cigdemguven.com\/tr\/yazilar\/pandemi-de-finansal-liderlik\/\"]}]},{\"@type\":\"BreadcrumbList\",\"@id\":\"https:\/\/www.cigdemguven.com\/tr\/yazilar\/pandemi-de-finansal-liderlik\/#breadcrumb\",\"itemListElement\":[{\"@type\":\"ListItem\",\"position\":1,\"name\":\"Home\",\"item\":\"https:\/\/www.cigdemguven.com\/tr\/\"},{\"@type\":\"ListItem\",\"position\":2,\"name\":\"Pandemi de Finansal Liderlik\"}]},{\"@type\":\"WebSite\",\"@id\":\"https:\/\/www.cigdemguven.com\/tr\/#website\",\"url\":\"https:\/\/www.cigdemguven.com\/tr\/\",\"name\":\"\u00c7i\u011fdem G\u00fcven Management Consulting &amp; Coaching &amp; Mentoring Services\",\"description\":\"Management Consulting &amp; Coaching &amp; Mentoring Services\",\"publisher\":{\"@id\":\"https:\/\/www.cigdemguven.com\/tr\/#organization\"},\"potentialAction\":[{\"@type\":\"SearchAction\",\"target\":{\"@type\":\"EntryPoint\",\"urlTemplate\":\"https:\/\/www.cigdemguven.com\/tr\/?s={search_term_string}\"},\"query-input\":\"required name=search_term_string\"}],\"inLanguage\":\"tr\"},{\"@type\":\"Organization\",\"@id\":\"https:\/\/www.cigdemguven.com\/tr\/#organization\",\"name\":\"\u00c7i\u011fdem G\u00fcven Management Consulting & Coaching & Mentoring Services\",\"url\":\"https:\/\/www.cigdemguven.com\/tr\/\",\"logo\":{\"@type\":\"ImageObject\",\"inLanguage\":\"tr\",\"@id\":\"https:\/\/www.cigdemguven.com\/tr\/#\/schema\/logo\/image\/\",\"url\":\"https:\/\/www.cigdemguven.com\/medias\/2021\/12\/cigdem-guven-logo.svg\",\"contentUrl\":\"https:\/\/www.cigdemguven.com\/medias\/2021\/12\/cigdem-guven-logo.svg\",\"width\":1,\"height\":1,\"caption\":\"\u00c7i\u011fdem G\u00fcven Management Consulting & Coaching & Mentoring Services\"},\"image\":{\"@id\":\"https:\/\/www.cigdemguven.com\/tr\/#\/schema\/logo\/image\/\"},\"sameAs\":[\"https:\/\/www.facebook.com\/cigdemguvendanisman\",\"https:\/\/twitter.com\/cigdemguvencom\",\"https:\/\/www.instagram.com\/cigdemguvendanismanlik\/\",\"https:\/\/www.linkedin.com\/in\/cigdemguvendanismanlik\/\"]},{\"@type\":\"Person\",\"@id\":\"https:\/\/www.cigdemguven.com\/tr\/#\/schema\/person\/abd506d3b37ae4dd04e7393ca6ac5921\",\"name\":\"\u00c7i\u011fdem G\u00fcven\",\"sameAs\":[\"https:\/\/www.cigdemguven.com\"],\"url\":\"https:\/\/www.cigdemguven.com\/tr\/author\/cigdemguven\/\"}]}<\/script>\n","yoast_head_json":{"title":"Pandemi de Finansal Liderlik | \u00c7i\u011fdem G\u00fcven Management Consulting &amp; Coaching &amp; Mentoring Services","robots":{"index":"index","follow":"follow","max-snippet":"max-snippet:-1","max-image-preview":"max-image-preview:large","max-video-preview":"max-video-preview:-1"},"canonical":"https:\/\/www.cigdemguven.com\/tr\/yazilar\/pandemi-de-finansal-liderlik\/","og_locale":"tr_TR","og_type":"article","og_title":"Pandemi de Finansal Liderlik | \u00c7i\u011fdem G\u00fcven Management Consulting &amp; Coaching &amp; Mentoring Services","og_description":"Krizler, kurumlar\u0131n finansal yap\u0131s\u0131n\u0131 tekrar g\u00f6zden ge\u00e7irmeleri gereken bir d\u00f6nemi beraberinde getirmektedir. Kurumlar\u0131n finansal yap\u0131s\u0131, krizin etkileriyle nas\u0131l etkilenmi\u015ftir? Nakit ak\u0131\u015f\u0131 nas\u0131l bir y\u00f6netimi gerektirmedir? Bu sorular\u0131n yan\u0131tlar\u0131 her bir kurum a\u00e7\u0131s\u0131ndan \u00f6nemlidir.","og_url":"https:\/\/www.cigdemguven.com\/tr\/yazilar\/pandemi-de-finansal-liderlik\/","og_site_name":"\u00c7i\u011fdem G\u00fcven Management Consulting &amp; Coaching &amp; Mentoring Services","article_publisher":"https:\/\/www.facebook.com\/cigdemguvendanisman","article_published_time":"2020-10-17T07:32:01+00:00","article_modified_time":"2022-04-06T13:50:48+00:00","og_image":[{"width":777,"height":823,"url":"https:\/\/www.cigdemguven.com\/medias\/2022\/01\/cigdemguvenphoto.jpg","type":"image\/jpeg"}],"author":"\u00c7i\u011fdem G\u00fcven","twitter_card":"summary_large_image","twitter_creator":"@cigdemguvencom","twitter_site":"@cigdemguvencom","twitter_misc":{"Yazan:":"\u00c7i\u011fdem G\u00fcven","Tahmini okuma s\u00fcresi":"7 dakika"},"schema":{"@context":"https:\/\/schema.org","@graph":[{"@type":"Article","@id":"https:\/\/www.cigdemguven.com\/tr\/yazilar\/pandemi-de-finansal-liderlik\/#article","isPartOf":{"@id":"https:\/\/www.cigdemguven.com\/tr\/yazilar\/pandemi-de-finansal-liderlik\/"},"author":{"name":"\u00c7i\u011fdem G\u00fcven","@id":"https:\/\/www.cigdemguven.com\/tr\/#\/schema\/person\/abd506d3b37ae4dd04e7393ca6ac5921"},"headline":"Pandemi de Finansal Liderlik","datePublished":"2020-10-17T07:32:01+00:00","dateModified":"2022-04-06T13:50:48+00:00","mainEntityOfPage":{"@id":"https:\/\/www.cigdemguven.com\/tr\/yazilar\/pandemi-de-finansal-liderlik\/"},"wordCount":1347,"publisher":{"@id":"https:\/\/www.cigdemguven.com\/tr\/#organization"},"articleSection":["Yaz\u0131lar"],"inLanguage":"tr"},{"@type":"WebPage","@id":"https:\/\/www.cigdemguven.com\/tr\/yazilar\/pandemi-de-finansal-liderlik\/","url":"https:\/\/www.cigdemguven.com\/tr\/yazilar\/pandemi-de-finansal-liderlik\/","name":"Pandemi de Finansal Liderlik | \u00c7i\u011fdem G\u00fcven Management Consulting &amp; Coaching &amp; Mentoring Services","isPartOf":{"@id":"https:\/\/www.cigdemguven.com\/tr\/#website"},"datePublished":"2020-10-17T07:32:01+00:00","dateModified":"2022-04-06T13:50:48+00:00","breadcrumb":{"@id":"https:\/\/www.cigdemguven.com\/tr\/yazilar\/pandemi-de-finansal-liderlik\/#breadcrumb"},"inLanguage":"tr","potentialAction":[{"@type":"ReadAction","target":["https:\/\/www.cigdemguven.com\/tr\/yazilar\/pandemi-de-finansal-liderlik\/"]}]},{"@type":"BreadcrumbList","@id":"https:\/\/www.cigdemguven.com\/tr\/yazilar\/pandemi-de-finansal-liderlik\/#breadcrumb","itemListElement":[{"@type":"ListItem","position":1,"name":"Home","item":"https:\/\/www.cigdemguven.com\/tr\/"},{"@type":"ListItem","position":2,"name":"Pandemi de Finansal Liderlik"}]},{"@type":"WebSite","@id":"https:\/\/www.cigdemguven.com\/tr\/#website","url":"https:\/\/www.cigdemguven.com\/tr\/","name":"\u00c7i\u011fdem G\u00fcven Management Consulting &amp; Coaching &amp; Mentoring Services","description":"Management Consulting &amp; Coaching &amp; Mentoring Services","publisher":{"@id":"https:\/\/www.cigdemguven.com\/tr\/#organization"},"potentialAction":[{"@type":"SearchAction","target":{"@type":"EntryPoint","urlTemplate":"https:\/\/www.cigdemguven.com\/tr\/?s={search_term_string}"},"query-input":"required name=search_term_string"}],"inLanguage":"tr"},{"@type":"Organization","@id":"https:\/\/www.cigdemguven.com\/tr\/#organization","name":"\u00c7i\u011fdem G\u00fcven Management Consulting & Coaching & Mentoring Services","url":"https:\/\/www.cigdemguven.com\/tr\/","logo":{"@type":"ImageObject","inLanguage":"tr","@id":"https:\/\/www.cigdemguven.com\/tr\/#\/schema\/logo\/image\/","url":"https:\/\/www.cigdemguven.com\/medias\/2021\/12\/cigdem-guven-logo.svg","contentUrl":"https:\/\/www.cigdemguven.com\/medias\/2021\/12\/cigdem-guven-logo.svg","width":1,"height":1,"caption":"\u00c7i\u011fdem G\u00fcven Management Consulting & Coaching & Mentoring Services"},"image":{"@id":"https:\/\/www.cigdemguven.com\/tr\/#\/schema\/logo\/image\/"},"sameAs":["https:\/\/www.facebook.com\/cigdemguvendanisman","https:\/\/twitter.com\/cigdemguvencom","https:\/\/www.instagram.com\/cigdemguvendanismanlik\/","https:\/\/www.linkedin.com\/in\/cigdemguvendanismanlik\/"]},{"@type":"Person","@id":"https:\/\/www.cigdemguven.com\/tr\/#\/schema\/person\/abd506d3b37ae4dd04e7393ca6ac5921","name":"\u00c7i\u011fdem G\u00fcven","sameAs":["https:\/\/www.cigdemguven.com"],"url":"https:\/\/www.cigdemguven.com\/tr\/author\/cigdemguven\/"}]}},"_links":{"self":[{"href":"https:\/\/www.cigdemguven.com\/tr\/wp-json\/wp\/v2\/posts\/1555","targetHints":{"allow":["GET"]}}],"collection":[{"href":"https:\/\/www.cigdemguven.com\/tr\/wp-json\/wp\/v2\/posts"}],"about":[{"href":"https:\/\/www.cigdemguven.com\/tr\/wp-json\/wp\/v2\/types\/post"}],"author":[{"embeddable":true,"href":"https:\/\/www.cigdemguven.com\/tr\/wp-json\/wp\/v2\/users\/1"}],"replies":[{"embeddable":true,"href":"https:\/\/www.cigdemguven.com\/tr\/wp-json\/wp\/v2\/comments?post=1555"}],"version-history":[{"count":2,"href":"https:\/\/www.cigdemguven.com\/tr\/wp-json\/wp\/v2\/posts\/1555\/revisions"}],"predecessor-version":[{"id":1558,"href":"https:\/\/www.cigdemguven.com\/tr\/wp-json\/wp\/v2\/posts\/1555\/revisions\/1558"}],"wp:attachment":[{"href":"https:\/\/www.cigdemguven.com\/tr\/wp-json\/wp\/v2\/media?parent=1555"}],"wp:term":[{"taxonomy":"category","embeddable":true,"href":"https:\/\/www.cigdemguven.com\/tr\/wp-json\/wp\/v2\/categories?post=1555"},{"taxonomy":"post_tag","embeddable":true,"href":"https:\/\/www.cigdemguven.com\/tr\/wp-json\/wp\/v2\/tags?post=1555"}],"curies":[{"name":"wp","href":"https:\/\/api.w.org\/{rel}","templated":true}]}}