{"id":1550,"date":"2020-11-23T09:02:45","date_gmt":"2020-11-23T06:02:45","guid":{"rendered":"https:\/\/www.cigdemguven.com\/genel\/agility\/"},"modified":"2022-04-06T16:50:32","modified_gmt":"2022-04-06T13:50:32","slug":"kurumsal-ceviklik","status":"publish","type":"post","link":"https:\/\/www.cigdemguven.com\/tr\/yazilar\/kurumsal-ceviklik\/","title":{"rendered":"Kurumsal \u00c7eviklik"},"content":{"rendered":"<p>{&#8220;main-title&#8221;:{&#8220;component&#8221;:&#8221;hc_title&#8221;,&#8221;id&#8221;:&#8221;main-title&#8221;,&#8221;title&#8221;:&#8221;&#8221;,&#8221;subtitle&#8221;:&#8221;&#8221;,&#8221;title_content&#8221;:{&#8220;component&#8221;:&#8221;hc_title_empty&#8221;,&#8221;id&#8221;:&#8221;title-empty&#8221;}},&#8221;section_QvNqz&#8221;:{&#8220;component&#8221;:&#8221;hc_section&#8221;,&#8221;id&#8221;:&#8221;section_QvNqz&#8221;,&#8221;section_width&#8221;:&#8221;&#8221;,&#8221;animation&#8221;:&#8221;&#8221;,&#8221;animation_time&#8221;:&#8221;&#8221;,&#8221;timeline_animation&#8221;:&#8221;&#8221;,&#8221;timeline_delay&#8221;:&#8221;&#8221;,&#8221;timeline_order&#8221;:&#8221;&#8221;,&#8221;vertical_row&#8221;:&#8221;&#8221;,&#8221;css_classes&#8221;:&#8221;section-color no-padding-bottom no-padding-top &#8220;,&#8221;custom_css_classes&#8221;:&#8221;containerblog&#8221;,&#8221;custom_css_styles&#8221;:&#8221;&#8221;,&#8221;section_content&#8221;:[{&#8220;component&#8221;:&#8221;hc_column&#8221;,&#8221;id&#8221;:&#8221;P1FCZ&#8221;,&#8221;column_width&#8221;:&#8221;col-md-12&#8243;,&#8221;animation&#8221;:&#8221;&#8221;,&#8221;animation_time&#8221;:&#8221;&#8221;,&#8221;timeline_animation&#8221;:&#8221;&#8221;,&#8221;timeline_delay&#8221;:&#8221;&#8221;,&#8221;timeline_order&#8221;:&#8221;&#8221;,&#8221;css_classes&#8221;:&#8221;boxed-area align-items-center &#8220;,&#8221;custom_css_classes&#8221;:&#8221;&#8221;,&#8221;custom_css_styles&#8221;:&#8221;&#8221;,&#8221;main_content&#8221;:[{&#8220;component&#8221;:&#8221;hc_title_tag&#8221;,&#8221;id&#8221;:&#8221;5ZtkF&#8221;,&#8221;css_classes&#8221;:&#8221;&#8221;,&#8221;custom_css_classes&#8221;:&#8221;&#8221;,&#8221;custom_css_styles&#8221;:&#8221;&#8221;,&#8221;text&#8221;:&#8221;Kurumsal \u00c7eviklik&#8221;,&#8221;tag&#8221;:&#8221;h1&#8243;},{&#8220;component&#8221;:&#8221;hc_image_box&#8221;,&#8221;id&#8221;:&#8221;P92Nk&#8221;,&#8221;css_classes&#8221;:&#8221;&#8221;,&#8221;custom_css_classes&#8221;:&#8221;&#8221;,&#8221;custom_css_styles&#8221;:&#8221;&#8221;,&#8221;image&#8221;:&#8221;https:\/\/www.cigdemguven.com\/medias\/2020\/11\/cigdem-guven-agility-1024&#215;683.jpg|700|1050|589&#8243;,&#8221;link_type&#8221;:&#8221;lightbox&#8221;,&#8221;lightbox_animation&#8221;:&#8221;&#8221;,&#8221;caption&#8221;:&#8221;Kurumsal \u00c7eviklik&#8221;,&#8221;inner_caption&#8221;:false,&#8221;new_window&#8221;:false,&#8221;link&#8221;:&#8221;https:\/\/www.cigdemguven.com\/medias\/2020\/11\/cigdem-guven-agility.jpg&#8221;,&#8221;link_content&#8221;:[],&#8221;lightbox_size&#8221;:&#8221;&#8221;,&#8221;scrollbox&#8221;:false,&#8221;icon&#8221;:&#8221;&#8221;,&#8221;image_animation&#8221;:&#8221;&#8221;,&#8221;icon_animation&#8221;:&#8221;&#8221;,&#8221;thumb_size&#8221;:&#8221;full&#8221;,&#8221;icon_hidden&#8221;:true,&#8221;caption_img_box&#8221;:&#8221;&#8221;,&#8221;alt&#8221;:&#8221;&#8221;}]}],&#8221;section_settings&#8221;:&#8221;&#8221;},&#8221;section_aSGAU&#8221;:{&#8220;component&#8221;:&#8221;hc_section&#8221;,&#8221;id&#8221;:&#8221;section_aSGAU&#8221;,&#8221;section_width&#8221;:&#8221;&#8221;,&#8221;animation&#8221;:&#8221;&#8221;,&#8221;animation_time&#8221;:&#8221;&#8221;,&#8221;timeline_animation&#8221;:&#8221;&#8221;,&#8221;timeline_delay&#8221;:&#8221;&#8221;,&#8221;timeline_order&#8221;:&#8221;&#8221;,&#8221;vertical_row&#8221;:&#8221;&#8221;,&#8221;css_classes&#8221;:&#8221;no-padding-bottom no-padding-top &#8220;,&#8221;custom_css_classes&#8221;:&#8221;blogtext&#8221;,&#8221;custom_css_styles&#8221;:&#8221;&#8221;,&#8221;section_content&#8221;:[{&#8220;component&#8221;:&#8221;hc_column&#8221;,&#8221;id&#8221;:&#8221;column_0qrhK&#8221;,&#8221;column_width&#8221;:&#8221;col-md-12&#8243;,&#8221;animation&#8221;:&#8221;&#8221;,&#8221;animation_time&#8221;:&#8221;&#8221;,&#8221;timeline_animation&#8221;:&#8221;&#8221;,&#8221;timeline_delay&#8221;:&#8221;&#8221;,&#8221;timeline_order&#8221;:&#8221;&#8221;,&#8221;css_classes&#8221;:&#8221;&#8221;,&#8221;custom_css_classes&#8221;:&#8221;&#8221;,&#8221;custom_css_styles&#8221;:&#8221;&#8221;,&#8221;main_content&#8221;:[{&#8220;component&#8221;:&#8221;hc_wp_editor&#8221;,&#8221;id&#8221;:&#8221;gE6EW&#8221;,&#8221;css_classes&#8221;:&#8221;&#8221;,&#8221;custom_css_classes&#8221;:&#8221;&#8221;,&#8221;custom_css_styles&#8221;:&#8221;&#8221;,&#8221;editor_content&#8221;:&#8221;Organizasyonlar\u0131n, mevcut i\u015f yap\u0131\u015f bi\u00e7imlerinden sonu\u00e7 alamamalar\u0131 ve bir aray\u0131\u015f i\u00e7ine girmeleri halinde, \u00e7evik i\u015f yap\u0131\u015f bi\u00e7imini benimsemeleri m\u00fcmk\u00fcnd\u00fcr. \u00c7evik organizasyonlar\u0131n \u00e7\u0131kt\u0131lar\u0131n\u0131; h\u0131zl\u0131 karar alma; h\u0131zl\u0131 adaptasyon; h\u0131zl\u0131 \u00fcr\u00fcn ve servis \u00e7\u0131karma; organizasyon i\u00e7erisindeki entel kapasite kullan\u0131m\u0131 ; verimlilik; kalite; hiyerar\u015finin azalmas\u0131; empati; i\u015fbirli\u011fi; tak\u0131m dinamizmi; belirsizli\u011fi y\u00f6netme; de\u011fi\u015fimi y\u00f6netme; yatay yap\u0131lar, m\u00fc\u015fteri odakl\u0131l\u0131k olarak sayabiliriz. M\u00fc\u015fteri odakl\u0131l\u0131k taraf\u0131nda, organizasyonlar \u00e7ok h\u0131zl\u0131 bir \u015fekilde m\u00fc\u015fteriyi dinler, geri bildirim al\u0131r, aksiyon al\u0131r ve ba\u015far\u0131l\u0131 sonu\u00e7lar yarat\u0131rlar.\\n\\nOrganizasyonlar\u0131n de\u011fi\u015fime h\u0131zl\u0131 ve verimli adapte olabilme esnekli\u011fi, kapasitesi, yetene\u011fi ba\u015far\u0131lar\u0131 i\u00e7in \u00f6nemlidir.. De\u011fi\u015fim vazge\u00e7ilmez bir ger\u00e7ektir. De\u011fi\u015fime adapte olabilme \u015firketlerin ya\u015famas\u0131 ve rekabet g\u00fcc\u00fc a\u00e7\u0131s\u0131ndan olduk\u00e7a \u00f6nemli bir konudur. Pandemi d\u00f6neminde, h\u0131zlanan ve b\u00fct\u00fcn \u015firketlerin g\u00fcndeminde olan dijital transformasyon, de\u011fi\u015fime h\u0131zl\u0131 bir \u015fekilde adapte olmak gereklili\u011fini ortaya koymu\u015ftur. Dijital transformasyonla birlikte, hi\u00e7 beklenmedik bir \u015fekilde \u00e7ok say\u0131da rakip oyuncu ortaya \u00e7\u0131kabilecektir. \u015eirketlerin bunlara haz\u0131rl\u0131kl\u0131 olmas\u0131 ve h\u0131zl\u0131 bir \u015fekilde organizasyon yap\u0131s\u0131n\u0131, i\u015f yap\u0131\u015f bi\u00e7imlerini buna g\u00f6re adapte edebilmeleri \u00f6nemlidir.\\n\\n\u00c7al\u0131\u015fanlar a\u00e7\u0131s\u0131ndan bak\u0131ld\u0131\u011f\u0131nda; \u00e7evik organizasyonlarda, ekip \u00fcyeleri birbirinden \u00f6\u011frenirler. Bu konu, \u00e7al\u0131\u015fanlar\u0131n kariyerlerini zenginle\u015ftirmektedir. Ayn\u0131 zamanda belirsizli\u011fi ve de\u011fi\u015fimi y\u00f6netebilmektedirler, i\u015fin b\u00fct\u00fcn\u00fcn\u00fc olu\u015fturan par\u00e7alar konusunda geli\u015fim g\u00f6stermektedirler. \u00c7evik organizasyonlarda g\u00fc\u00e7, liderden tak\u0131mlara b\u0131rak\u0131lm\u0131\u015ft\u0131r. Tak\u0131mda sahiplik duygusu yaratmaktad\u0131r. \u00c7al\u0131\u015fanlar, bir tak\u0131m halinde \u00e7al\u0131\u015fma ve i\u015fin b\u00fct\u00fcn\u00fcn\u00fc g\u00f6rme konusunda bir f\u0131rsat yakalamaktad\u0131rlar. Bu i\u015f yap\u0131\u015f bi\u00e7iminde, yatay organizasyon s\u00f6z konusudur.\u00c7al\u0131\u015fanlar\u0131n i\u015fin b\u00fct\u00fcn\u00fcne hakim olmas\u0131 ve karar noktas\u0131nda olmas\u0131, ana motivasyon kaynaklar\u0131d\u0131r.\\n\\n\u00c7evik liderler, kendini sorgulayan, hizmet eden, ekibe yetki vermekten sak\u0131nmayan, ekibin geli\u015fmesine imkan tan\u0131yan, engelleri kald\u0131ran, bozulmalar da m\u00fcdahale eden liderler olarak tan\u0131mlanmaktad\u0131r. \u00c7evik organizasyonlarda geri bildirimler a\u00e7\u0131k olarak yap\u0131lmaktad\u0131r. \u00c7evik tak\u0131mlar, birbirlerine gruba a\u00e7\u0131k olacak \u015fekilde geri bildirim vermektedirler. Bu \u00e7al\u0131\u015fanlar a\u00e7\u0131s\u0131ndan \u00e7ok de\u011ferlidir, farkl\u0131 perspektiflerden geri bildirimler alma imkan\u0131 olmaktad\u0131r. Liderlerin de bu geri bildirim format\u0131nda uygun \u015fekilde konumlanmalar\u0131. \u00f6nemlidir.\u00c7evik i\u015f yap\u0131\u015f bi\u00e7iminin \u00e7al\u0131\u015fan a\u00e7\u0131s\u0131ndan \u00f6d\u00fcl\u00fc i\u015f tatminidir.\\n\\nLiderler, \u00e7evik organizasyonlar\u0131n deneyimlerini inceleyip, fayda sa\u011flayabileceklerine inand\u0131klar\u0131 konular\u0131 kendi organizasyonlar\u0131nda, i\u015f yap\u0131\u015f bi\u00e7imlerine ge\u00e7irebileceklerdir. Yap\u0131lan uygulamalar\u0131n, sonu\u00e7lar\u0131n\u0131n k\u0131sa ve uzun vadede de\u011ferlendirmelerinin yap\u0131lmas\u0131 ve zaman i\u00e7ersinde evrilmesi de m\u00fcmk\u00fcnd\u00fcr.&#8221;}]},{&#8220;component&#8221;:&#8221;hc_column&#8221;,&#8221;id&#8221;:&#8221;column_TWwGF&#8221;,&#8221;column_width&#8221;:&#8221;col-md-12&#8243;,&#8221;animation&#8221;:&#8221;&#8221;,&#8221;animation_time&#8221;:&#8221;&#8221;,&#8221;timeline_animation&#8221;:&#8221;&#8221;,&#8221;timeline_delay&#8221;:&#8221;&#8221;,&#8221;timeline_order&#8221;:&#8221;&#8221;,&#8221;css_classes&#8221;:&#8221;&#8221;,&#8221;custom_css_classes&#8221;:&#8221;socialbox&#8221;,&#8221;custom_css_styles&#8221;:&#8221;&#8221;,&#8221;main_content&#8221;:[{&#8220;component&#8221;:&#8221;hc_space&#8221;,&#8221;id&#8221;:&#8221;uwLus&#8221;,&#8221;css_classes&#8221;:&#8221;&#8221;,&#8221;custom_css_classes&#8221;:&#8221;&#8221;,&#8221;custom_css_styles&#8221;:&#8221;&#8221;,&#8221;size&#8221;:&#8221;space-sm&#8221;,&#8221;height&#8221;:&#8221;&#8221;},{&#8220;component&#8221;:&#8221;hc_text_block&#8221;,&#8221;id&#8221;:&#8221;24v2t&#8221;,&#8221;css_classes&#8221;:&#8221;&#8221;,&#8221;custom_css_classes&#8221;:&#8221;&#8221;,&#8221;custom_css_styles&#8221;:&#8221;&#8221;,&#8221;content&#8221;:&#8221;Payla\u015f&#8221;},{&#8220;component&#8221;:&#8221;hc_social_share_buttons&#8221;,&#8221;id&#8221;:&#8221;ijfXb&#8221;,&#8221;css_classes&#8221;:&#8221;&#8221;,&#8221;custom_css_classes&#8221;:&#8221;&#8221;,&#8221;custom_css_styles&#8221;:&#8221;&#8221;,&#8221;style&#8221;:&#8221;icon-links-button&#8221;,&#8221;size&#8221;:&#8221;&#8221;,&#8221;alignment&#8221;:&#8221;&#8221;,&#8221;type&#8221;:&#8221;&#8221;,&#8221;social_colors&#8221;:true,&#8221;fb&#8221;:true,&#8221;fb_link&#8221;:&#8221;&#8221;,&#8221;tw&#8221;:true,&#8221;tw_link&#8221;:&#8221;&#8221;,&#8221;pi&#8221;:true,&#8221;pi_link&#8221;:&#8221;&#8221;,&#8221;li&#8221;:true,&#8221;li_link&#8221;:&#8221;&#8221;}]}],&#8221;section_settings&#8221;:&#8221;&#8221;},&#8221;section_dDpN7&#8243;:{&#8220;component&#8221;:&#8221;hc_section&#8221;,&#8221;id&#8221;:&#8221;section_dDpN7&#8243;,&#8221;section_width&#8221;:&#8221;&#8221;,&#8221;animation&#8221;:&#8221;&#8221;,&#8221;animation_time&#8221;:&#8221;&#8221;,&#8221;timeline_animation&#8221;:&#8221;&#8221;,&#8221;timeline_delay&#8221;:&#8221;&#8221;,&#8221;timeline_order&#8221;:&#8221;&#8221;,&#8221;vertical_row&#8221;:&#8221;&#8221;,&#8221;css_classes&#8221;:&#8221;section-color &#8220;,&#8221;custom_css_classes&#8221;:&#8221;&#8221;,&#8221;custom_css_styles&#8221;:&#8221;&#8221;,&#8221;section_content&#8221;:[{&#8220;component&#8221;:&#8221;hc_column&#8221;,&#8221;id&#8221;:&#8221;XLZ44&#8243;,&#8221;column_width&#8221;:&#8221;col-md-12&#8243;,&#8221;animation&#8221;:&#8221;&#8221;,&#8221;animation_time&#8221;:&#8221;&#8221;,&#8221;timeline_animation&#8221;:&#8221;&#8221;,&#8221;timeline_delay&#8221;:&#8221;&#8221;,&#8221;timeline_order&#8221;:&#8221;&#8221;,&#8221;css_classes&#8221;:&#8221;&#8221;,&#8221;custom_css_classes&#8221;:&#8221;&#8221;,&#8221;custom_css_styles&#8221;:&#8221;&#8221;,&#8221;main_content&#8221;:[{&#8220;component&#8221;:&#8221;hc_title_tag&#8221;,&#8221;id&#8221;:&#8221;4AoyD&#8221;,&#8221;css_classes&#8221;:&#8221;&#8221;,&#8221;custom_css_classes&#8221;:&#8221;&#8221;,&#8221;custom_css_styles&#8221;:&#8221;&#8221;,&#8221;text&#8221;:&#8221;Son Yaz\u0131lar&#8221;,&#8221;tag&#8221;:&#8221;h2&#8243;},{&#8220;component&#8221;:&#8221;hc_space&#8221;,&#8221;id&#8221;:&#8221;TsAHd&#8221;,&#8221;css_classes&#8221;:&#8221;&#8221;,&#8221;custom_css_classes&#8221;:&#8221;&#8221;,&#8221;custom_css_styles&#8221;:&#8221;&#8221;,&#8221;size&#8221;:&#8221;space&#8221;,&#8221;height&#8221;:&#8221;&#8221;},{&#8220;component&#8221;:&#8221;hc_pt_grid_list&#8221;,&#8221;id&#8221;:&#8221;J9IEW&#8221;,&#8221;css_classes&#8221;:&#8221;&#8221;,&#8221;custom_css_classes&#8221;:&#8221;&#8221;,&#8221;custom_css_styles&#8221;:&#8221;&#8221;,&#8221;post_type_slug&#8221;:&#8221;post&#8221;,&#8221;post_type_category&#8221;:&#8221;yazilar&#8221;,&#8221;column&#8221;:&#8221;2&#8243;,&#8221;column_lg&#8221;:&#8221;2&#8243;,&#8221;column_md&#8221;:&#8221;2&#8243;,&#8221;column_sm&#8221;:&#8221;1&#8243;,&#8221;column_xs&#8221;:&#8221;1&#8243;,&#8221;margins&#8221;:&#8221;&#8221;,&#8221;pag_type&#8221;:&#8221;load_more&#8221;,&#8221;pag_items&#8221;:&#8221;2&#8243;,&#8221;pag_size&#8221;:&#8221;pagination-lg&#8221;,&#8221;pag_animation&#8221;:&#8221;fade-top&#8221;,&#8221;pag_scroll_top&#8221;:false,&#8221;pag_position&#8221;:&#8221;align-center&#8221;,&#8221;pag_button_prev&#8221;:&#8221;&#8221;,&#8221;pag_button_next&#8221;:&#8221;&#8221;,&#8221;lm_lazy&#8221;:false,&#8221;lm_button_text&#8221;:&#8221;Daha Fazla&#8221;,&#8221;box&#8221;:&#8221;blog_top&#8221;,&#8221;boxed&#8221;:true,&#8221;extra&#8221;:false,&#8221;content&#8221;:&#8221;&#8221;,&#8221;title_length&#8221;:&#8221;36&#8243;,&#8221;excerpt_length&#8221;:&#8221;75&#8243;,&#8221;title_size&#8221;:&#8221;text-md&#8221;,&#8221;custom_css&#8221;:&#8221;&#8221;,&#8221;button_text&#8221;:&#8221;&#8221;,&#8221;button_style&#8221;:&#8221;square&#8221;,&#8221;button_dimensions&#8221;:&#8221;btn-lg&#8221;,&#8221;button_animation&#8221;:false,&#8221;button_icon&#8221;:&#8221;&#8221;}]}],&#8221;section_settings&#8221;:&#8221;&#8221;},&#8221;scripts&#8221;:{&#8220;lightbox&#8221;:&#8221;magnific-popup.min.js&#8221;,&#8221;pagination&#8221;:&#8221;pagination.min.js&#8221;},&#8221;css&#8221;:{&#8220;lightbox&#8221;:&#8221;css\/magnific-popup.css&#8221;,&#8221;content_box&#8221;:&#8221;css\/content-box.css&#8221;,&#8221;media_box&#8221;:&#8221;css\/media-box.css&#8221;},&#8221;css_page&#8221;:&#8221;&#8221;,&#8221;template_setting&#8221;:{},&#8221;template_setting_top&#8221;:{},&#8221;page_setting&#8221;:{&#8220;settings&#8221;:[&#8220;lock-mode-off&#8221;]},&#8221;post_type_setting&#8221;:{&#8220;settings&#8221;:{&#8220;image&#8221;:&#8221;https:\/\/www.cigdemguven.com\/medias\/2020\/11\/cigdem-guven-agility-1024&#215;683.jpg|700|1050|589&#8243;,&#8221;excerpt&#8221;:&#8221;Organizasyonlar\u0131n, mevcut i\u015f yap\u0131\u015f bi\u00e7imlerinden sonu\u00e7 alamamalar\u0131 ve bir aray\u0131\u015f i\u00e7ine girmeleri halinde, \u00e7evik i\u015f yap\u0131\u015f bi\u00e7imini benimsemeleri m\u00fcmk\u00fcnd\u00fcr. \u00c7evik organizasyonlar\u0131n \u00e7\u0131kt\u0131lar\u0131n\u0131; h\u0131zl\u0131 karar alma; h\u0131zl\u0131 adaptasyon; h\u0131zl\u0131 \u00fcr\u00fcn ve servis \u00e7\u0131karma; organizasyon i\u00e7erisindeki entel kapasite kullan\u0131m\u0131 ; verimlilik; kalite; hiyerar\u015finin azalmas\u0131; empati; i\u015fbirli\u011fi; tak\u0131m dinamizmi; belirsizli\u011fi y\u00f6netme; de\u011fi\u015fimi y\u00f6netme; yatay yap\u0131lar, m\u00fc\u015fteri odakl\u0131l\u0131k olarak sayabiliriz.&#8221;,&#8221;extra_1&#8243;:&#8221;Yaz\u0131&#8221;,&#8221;extra_2&#8243;:&#8221;&#8221;,&#8221;icon&#8221;:{&#8220;icon&#8221;:&#8221;&#8221;,&#8221;icon_style&#8221;:&#8221;&#8221;,&#8221;icon_image&#8221;:&#8221;&#8221;}}}}<\/p><div class=\"jpw-truncate-btn\"><div class=\"jpw-truncate-header\"><h2>\u00dcye olarak i\u00e7eriklerimize ula\u015f\u0131n.<\/h2><p><\/p><div class=\"jpw_login\"><span>\u00dcyeli\u011fim var!  <a href=\"\/my-account\">Giri\u015f Yap<\/a><\/span><\/div><\/div><div class=\"jpw_btn_wrapper\"><div class=\"jpw_subscribe\">\n\t\t\t\t\t<div class=\"jpw_btn_inner_wrapper\">\n\t\t\t\t\t\t<h3>\u00dcye Ol<\/h3>\n\t\t\t\t\t\t<span>L\u00fctfen t\u00fcm yaz\u0131lar\u0131m\u0131za eri\u015febilmek i\u00e7in \u00fcye olun. <br\/><strong>40'tan fazla yaz\u0131ya eri\u015febilirsiniz.<\/strong><\/span>\n\t\t\t\t\t\t<div class=\"jpw-button\">\n\t\t\t\t\t\t\t<div class=\"btn_wrapper\">\n\t\t\t\t\t\t\t\t<a href=\"https:\/\/www.cigdemguven.com\/subscribe\/\" class=\"btn button \">Hemen \u00dcye Ol<\/a>\n\t\t\t\t\t\t\t<\/div>\n\t\t\t\t\t\t<\/div>\n\t\t\t\t\t<\/div>\n\t\t\t\t<\/div><\/div><\/div>","protected":false},"excerpt":{"rendered":"<p>Organizasyonlar\u0131n, mevcut i\u015f yap\u0131\u015f bi\u00e7imlerinden sonu\u00e7 alamamalar\u0131 ve bir aray\u0131\u015f i\u00e7ine girmeleri halinde, \u00e7evik i\u015f yap\u0131\u015f bi\u00e7imini benimsemeleri m\u00fcmk\u00fcnd\u00fcr. \u00c7evik organizasyonlar\u0131n \u00e7\u0131kt\u0131lar\u0131n\u0131; h\u0131zl\u0131 karar alma; h\u0131zl\u0131 adaptasyon; h\u0131zl\u0131 \u00fcr\u00fcn ve servis \u00e7\u0131karma; organizasyon i\u00e7erisindeki entel kapasite kullan\u0131m\u0131 ; verimlilik; kalite; hiyerar\u015finin azalmas\u0131; empati; i\u015fbirli\u011fi; tak\u0131m dinamizmi; belirsizli\u011fi y\u00f6netme; de\u011fi\u015fimi y\u00f6netme; yatay yap\u0131lar, m\u00fc\u015fteri odakl\u0131l\u0131k olarak sayabiliriz.<\/p>\n","protected":false},"author":1,"featured_media":0,"comment_status":"closed","ping_status":"open","sticky":false,"template":"","format":"standard","meta":{"footnotes":""},"categories":[19],"tags":[],"class_list":["post-1550","post","type-post","status-publish","format-standard","hentry","category-yazilar"],"yoast_head":"\n<title>Kurumsal \u00c7eviklik | \u00c7i\u011fdem G\u00fcven Management Consulting &amp; Coaching &amp; Mentoring Services<\/title>\n<meta name=\"robots\" content=\"index, follow, max-snippet:-1, max-image-preview:large, max-video-preview:-1\" \/>\n<link rel=\"canonical\" href=\"https:\/\/www.cigdemguven.com\/tr\/yazilar\/kurumsal-ceviklik\/\" \/>\n<meta property=\"og:locale\" content=\"tr_TR\" \/>\n<meta property=\"og:type\" content=\"article\" \/>\n<meta property=\"og:title\" content=\"Kurumsal \u00c7eviklik | \u00c7i\u011fdem G\u00fcven Management Consulting &amp; Coaching &amp; Mentoring Services\" \/>\n<meta property=\"og:description\" content=\"Organizasyonlar\u0131n, mevcut i\u015f yap\u0131\u015f bi\u00e7imlerinden sonu\u00e7 alamamalar\u0131 ve bir aray\u0131\u015f i\u00e7ine girmeleri halinde, \u00e7evik i\u015f yap\u0131\u015f bi\u00e7imini benimsemeleri m\u00fcmk\u00fcnd\u00fcr. \u00c7evik organizasyonlar\u0131n \u00e7\u0131kt\u0131lar\u0131n\u0131; h\u0131zl\u0131 karar alma; h\u0131zl\u0131 adaptasyon; h\u0131zl\u0131 \u00fcr\u00fcn ve servis \u00e7\u0131karma; organizasyon i\u00e7erisindeki entel kapasite kullan\u0131m\u0131 ; verimlilik; kalite; hiyerar\u015finin azalmas\u0131; empati; i\u015fbirli\u011fi; tak\u0131m dinamizmi; belirsizli\u011fi y\u00f6netme; de\u011fi\u015fimi y\u00f6netme; yatay yap\u0131lar, m\u00fc\u015fteri odakl\u0131l\u0131k olarak sayabiliriz.\" \/>\n<meta property=\"og:url\" content=\"https:\/\/www.cigdemguven.com\/tr\/yazilar\/kurumsal-ceviklik\/\" \/>\n<meta property=\"og:site_name\" content=\"\u00c7i\u011fdem G\u00fcven Management Consulting &amp; Coaching &amp; Mentoring Services\" \/>\n<meta property=\"article:publisher\" content=\"https:\/\/www.facebook.com\/cigdemguvendanisman\" \/>\n<meta property=\"article:published_time\" content=\"2020-11-23T06:02:45+00:00\" \/>\n<meta property=\"article:modified_time\" content=\"2022-04-06T13:50:32+00:00\" \/>\n<meta property=\"og:image\" content=\"https:\/\/www.cigdemguven.com\/medias\/2022\/01\/cigdemguvenphoto.jpg\" \/>\n\t<meta property=\"og:image:width\" content=\"777\" \/>\n\t<meta property=\"og:image:height\" content=\"823\" \/>\n\t<meta property=\"og:image:type\" content=\"image\/jpeg\" \/>\n<meta name=\"author\" content=\"\u00c7i\u011fdem G\u00fcven\" \/>\n<meta name=\"twitter:card\" content=\"summary_large_image\" \/>\n<meta name=\"twitter:creator\" content=\"@cigdemguvencom\" \/>\n<meta name=\"twitter:site\" content=\"@cigdemguvencom\" \/>\n<meta name=\"twitter:label1\" content=\"Yazan:\" \/>\n\t<meta name=\"twitter:data1\" content=\"\u00c7i\u011fdem G\u00fcven\" \/>\n\t<meta name=\"twitter:label2\" content=\"Tahmini okuma s\u00fcresi\" \/>\n\t<meta name=\"twitter:data2\" content=\"6 dakika\" \/>\n<script type=\"application\/ld+json\" class=\"yoast-schema-graph\">{\"@context\":\"https:\/\/schema.org\",\"@graph\":[{\"@type\":\"Article\",\"@id\":\"https:\/\/www.cigdemguven.com\/tr\/yazilar\/kurumsal-ceviklik\/#article\",\"isPartOf\":{\"@id\":\"https:\/\/www.cigdemguven.com\/tr\/yazilar\/kurumsal-ceviklik\/\"},\"author\":{\"name\":\"\u00c7i\u011fdem G\u00fcven\",\"@id\":\"https:\/\/www.cigdemguven.com\/tr\/#\/schema\/person\/abd506d3b37ae4dd04e7393ca6ac5921\"},\"headline\":\"Kurumsal \u00c7eviklik\",\"datePublished\":\"2020-11-23T06:02:45+00:00\",\"dateModified\":\"2022-04-06T13:50:32+00:00\",\"mainEntityOfPage\":{\"@id\":\"https:\/\/www.cigdemguven.com\/tr\/yazilar\/kurumsal-ceviklik\/\"},\"wordCount\":1191,\"publisher\":{\"@id\":\"https:\/\/www.cigdemguven.com\/tr\/#organization\"},\"articleSection\":[\"Yaz\u0131lar\"],\"inLanguage\":\"tr\"},{\"@type\":\"WebPage\",\"@id\":\"https:\/\/www.cigdemguven.com\/tr\/yazilar\/kurumsal-ceviklik\/\",\"url\":\"https:\/\/www.cigdemguven.com\/tr\/yazilar\/kurumsal-ceviklik\/\",\"name\":\"Kurumsal \u00c7eviklik | \u00c7i\u011fdem G\u00fcven Management Consulting &amp; Coaching &amp; Mentoring Services\",\"isPartOf\":{\"@id\":\"https:\/\/www.cigdemguven.com\/tr\/#website\"},\"datePublished\":\"2020-11-23T06:02:45+00:00\",\"dateModified\":\"2022-04-06T13:50:32+00:00\",\"breadcrumb\":{\"@id\":\"https:\/\/www.cigdemguven.com\/tr\/yazilar\/kurumsal-ceviklik\/#breadcrumb\"},\"inLanguage\":\"tr\",\"potentialAction\":[{\"@type\":\"ReadAction\",\"target\":[\"https:\/\/www.cigdemguven.com\/tr\/yazilar\/kurumsal-ceviklik\/\"]}]},{\"@type\":\"BreadcrumbList\",\"@id\":\"https:\/\/www.cigdemguven.com\/tr\/yazilar\/kurumsal-ceviklik\/#breadcrumb\",\"itemListElement\":[{\"@type\":\"ListItem\",\"position\":1,\"name\":\"Home\",\"item\":\"https:\/\/www.cigdemguven.com\/tr\/\"},{\"@type\":\"ListItem\",\"position\":2,\"name\":\"Kurumsal \u00c7eviklik\"}]},{\"@type\":\"WebSite\",\"@id\":\"https:\/\/www.cigdemguven.com\/tr\/#website\",\"url\":\"https:\/\/www.cigdemguven.com\/tr\/\",\"name\":\"\u00c7i\u011fdem G\u00fcven Management Consulting &amp; Coaching &amp; Mentoring Services\",\"description\":\"Management Consulting &amp; Coaching &amp; Mentoring Services\",\"publisher\":{\"@id\":\"https:\/\/www.cigdemguven.com\/tr\/#organization\"},\"potentialAction\":[{\"@type\":\"SearchAction\",\"target\":{\"@type\":\"EntryPoint\",\"urlTemplate\":\"https:\/\/www.cigdemguven.com\/tr\/?s={search_term_string}\"},\"query-input\":\"required name=search_term_string\"}],\"inLanguage\":\"tr\"},{\"@type\":\"Organization\",\"@id\":\"https:\/\/www.cigdemguven.com\/tr\/#organization\",\"name\":\"\u00c7i\u011fdem G\u00fcven Management Consulting & Coaching & Mentoring Services\",\"url\":\"https:\/\/www.cigdemguven.com\/tr\/\",\"logo\":{\"@type\":\"ImageObject\",\"inLanguage\":\"tr\",\"@id\":\"https:\/\/www.cigdemguven.com\/tr\/#\/schema\/logo\/image\/\",\"url\":\"https:\/\/www.cigdemguven.com\/medias\/2021\/12\/cigdem-guven-logo.svg\",\"contentUrl\":\"https:\/\/www.cigdemguven.com\/medias\/2021\/12\/cigdem-guven-logo.svg\",\"width\":1,\"height\":1,\"caption\":\"\u00c7i\u011fdem G\u00fcven Management Consulting & Coaching & Mentoring Services\"},\"image\":{\"@id\":\"https:\/\/www.cigdemguven.com\/tr\/#\/schema\/logo\/image\/\"},\"sameAs\":[\"https:\/\/www.facebook.com\/cigdemguvendanisman\",\"https:\/\/twitter.com\/cigdemguvencom\",\"https:\/\/www.instagram.com\/cigdemguvendanismanlik\/\",\"https:\/\/www.linkedin.com\/in\/cigdemguvendanismanlik\/\"]},{\"@type\":\"Person\",\"@id\":\"https:\/\/www.cigdemguven.com\/tr\/#\/schema\/person\/abd506d3b37ae4dd04e7393ca6ac5921\",\"name\":\"\u00c7i\u011fdem G\u00fcven\",\"sameAs\":[\"https:\/\/www.cigdemguven.com\"],\"url\":\"https:\/\/www.cigdemguven.com\/tr\/author\/cigdemguven\/\"}]}<\/script>\n","yoast_head_json":{"title":"Kurumsal \u00c7eviklik | \u00c7i\u011fdem G\u00fcven Management Consulting &amp; Coaching &amp; Mentoring Services","robots":{"index":"index","follow":"follow","max-snippet":"max-snippet:-1","max-image-preview":"max-image-preview:large","max-video-preview":"max-video-preview:-1"},"canonical":"https:\/\/www.cigdemguven.com\/tr\/yazilar\/kurumsal-ceviklik\/","og_locale":"tr_TR","og_type":"article","og_title":"Kurumsal \u00c7eviklik | \u00c7i\u011fdem G\u00fcven Management Consulting &amp; Coaching &amp; Mentoring Services","og_description":"Organizasyonlar\u0131n, mevcut i\u015f yap\u0131\u015f bi\u00e7imlerinden sonu\u00e7 alamamalar\u0131 ve bir aray\u0131\u015f i\u00e7ine girmeleri halinde, \u00e7evik i\u015f yap\u0131\u015f bi\u00e7imini benimsemeleri m\u00fcmk\u00fcnd\u00fcr. \u00c7evik organizasyonlar\u0131n \u00e7\u0131kt\u0131lar\u0131n\u0131; h\u0131zl\u0131 karar alma; h\u0131zl\u0131 adaptasyon; h\u0131zl\u0131 \u00fcr\u00fcn ve servis \u00e7\u0131karma; organizasyon i\u00e7erisindeki entel kapasite kullan\u0131m\u0131 ; verimlilik; kalite; hiyerar\u015finin azalmas\u0131; empati; i\u015fbirli\u011fi; tak\u0131m dinamizmi; belirsizli\u011fi y\u00f6netme; de\u011fi\u015fimi y\u00f6netme; yatay yap\u0131lar, m\u00fc\u015fteri odakl\u0131l\u0131k olarak sayabiliriz.","og_url":"https:\/\/www.cigdemguven.com\/tr\/yazilar\/kurumsal-ceviklik\/","og_site_name":"\u00c7i\u011fdem G\u00fcven Management Consulting &amp; Coaching &amp; Mentoring Services","article_publisher":"https:\/\/www.facebook.com\/cigdemguvendanisman","article_published_time":"2020-11-23T06:02:45+00:00","article_modified_time":"2022-04-06T13:50:32+00:00","og_image":[{"width":777,"height":823,"url":"https:\/\/www.cigdemguven.com\/medias\/2022\/01\/cigdemguvenphoto.jpg","type":"image\/jpeg"}],"author":"\u00c7i\u011fdem G\u00fcven","twitter_card":"summary_large_image","twitter_creator":"@cigdemguvencom","twitter_site":"@cigdemguvencom","twitter_misc":{"Yazan:":"\u00c7i\u011fdem G\u00fcven","Tahmini okuma s\u00fcresi":"6 dakika"},"schema":{"@context":"https:\/\/schema.org","@graph":[{"@type":"Article","@id":"https:\/\/www.cigdemguven.com\/tr\/yazilar\/kurumsal-ceviklik\/#article","isPartOf":{"@id":"https:\/\/www.cigdemguven.com\/tr\/yazilar\/kurumsal-ceviklik\/"},"author":{"name":"\u00c7i\u011fdem G\u00fcven","@id":"https:\/\/www.cigdemguven.com\/tr\/#\/schema\/person\/abd506d3b37ae4dd04e7393ca6ac5921"},"headline":"Kurumsal \u00c7eviklik","datePublished":"2020-11-23T06:02:45+00:00","dateModified":"2022-04-06T13:50:32+00:00","mainEntityOfPage":{"@id":"https:\/\/www.cigdemguven.com\/tr\/yazilar\/kurumsal-ceviklik\/"},"wordCount":1191,"publisher":{"@id":"https:\/\/www.cigdemguven.com\/tr\/#organization"},"articleSection":["Yaz\u0131lar"],"inLanguage":"tr"},{"@type":"WebPage","@id":"https:\/\/www.cigdemguven.com\/tr\/yazilar\/kurumsal-ceviklik\/","url":"https:\/\/www.cigdemguven.com\/tr\/yazilar\/kurumsal-ceviklik\/","name":"Kurumsal \u00c7eviklik | \u00c7i\u011fdem G\u00fcven Management Consulting &amp; Coaching &amp; Mentoring Services","isPartOf":{"@id":"https:\/\/www.cigdemguven.com\/tr\/#website"},"datePublished":"2020-11-23T06:02:45+00:00","dateModified":"2022-04-06T13:50:32+00:00","breadcrumb":{"@id":"https:\/\/www.cigdemguven.com\/tr\/yazilar\/kurumsal-ceviklik\/#breadcrumb"},"inLanguage":"tr","potentialAction":[{"@type":"ReadAction","target":["https:\/\/www.cigdemguven.com\/tr\/yazilar\/kurumsal-ceviklik\/"]}]},{"@type":"BreadcrumbList","@id":"https:\/\/www.cigdemguven.com\/tr\/yazilar\/kurumsal-ceviklik\/#breadcrumb","itemListElement":[{"@type":"ListItem","position":1,"name":"Home","item":"https:\/\/www.cigdemguven.com\/tr\/"},{"@type":"ListItem","position":2,"name":"Kurumsal \u00c7eviklik"}]},{"@type":"WebSite","@id":"https:\/\/www.cigdemguven.com\/tr\/#website","url":"https:\/\/www.cigdemguven.com\/tr\/","name":"\u00c7i\u011fdem G\u00fcven Management Consulting &amp; Coaching &amp; Mentoring Services","description":"Management Consulting &amp; Coaching &amp; Mentoring Services","publisher":{"@id":"https:\/\/www.cigdemguven.com\/tr\/#organization"},"potentialAction":[{"@type":"SearchAction","target":{"@type":"EntryPoint","urlTemplate":"https:\/\/www.cigdemguven.com\/tr\/?s={search_term_string}"},"query-input":"required name=search_term_string"}],"inLanguage":"tr"},{"@type":"Organization","@id":"https:\/\/www.cigdemguven.com\/tr\/#organization","name":"\u00c7i\u011fdem G\u00fcven Management Consulting & Coaching & Mentoring Services","url":"https:\/\/www.cigdemguven.com\/tr\/","logo":{"@type":"ImageObject","inLanguage":"tr","@id":"https:\/\/www.cigdemguven.com\/tr\/#\/schema\/logo\/image\/","url":"https:\/\/www.cigdemguven.com\/medias\/2021\/12\/cigdem-guven-logo.svg","contentUrl":"https:\/\/www.cigdemguven.com\/medias\/2021\/12\/cigdem-guven-logo.svg","width":1,"height":1,"caption":"\u00c7i\u011fdem G\u00fcven Management Consulting & Coaching & Mentoring Services"},"image":{"@id":"https:\/\/www.cigdemguven.com\/tr\/#\/schema\/logo\/image\/"},"sameAs":["https:\/\/www.facebook.com\/cigdemguvendanisman","https:\/\/twitter.com\/cigdemguvencom","https:\/\/www.instagram.com\/cigdemguvendanismanlik\/","https:\/\/www.linkedin.com\/in\/cigdemguvendanismanlik\/"]},{"@type":"Person","@id":"https:\/\/www.cigdemguven.com\/tr\/#\/schema\/person\/abd506d3b37ae4dd04e7393ca6ac5921","name":"\u00c7i\u011fdem G\u00fcven","sameAs":["https:\/\/www.cigdemguven.com"],"url":"https:\/\/www.cigdemguven.com\/tr\/author\/cigdemguven\/"}]}},"_links":{"self":[{"href":"https:\/\/www.cigdemguven.com\/tr\/wp-json\/wp\/v2\/posts\/1550","targetHints":{"allow":["GET"]}}],"collection":[{"href":"https:\/\/www.cigdemguven.com\/tr\/wp-json\/wp\/v2\/posts"}],"about":[{"href":"https:\/\/www.cigdemguven.com\/tr\/wp-json\/wp\/v2\/types\/post"}],"author":[{"embeddable":true,"href":"https:\/\/www.cigdemguven.com\/tr\/wp-json\/wp\/v2\/users\/1"}],"replies":[{"embeddable":true,"href":"https:\/\/www.cigdemguven.com\/tr\/wp-json\/wp\/v2\/comments?post=1550"}],"version-history":[{"count":1,"href":"https:\/\/www.cigdemguven.com\/tr\/wp-json\/wp\/v2\/posts\/1550\/revisions"}],"predecessor-version":[{"id":1552,"href":"https:\/\/www.cigdemguven.com\/tr\/wp-json\/wp\/v2\/posts\/1550\/revisions\/1552"}],"wp:attachment":[{"href":"https:\/\/www.cigdemguven.com\/tr\/wp-json\/wp\/v2\/media?parent=1550"}],"wp:term":[{"taxonomy":"category","embeddable":true,"href":"https:\/\/www.cigdemguven.com\/tr\/wp-json\/wp\/v2\/categories?post=1550"},{"taxonomy":"post_tag","embeddable":true,"href":"https:\/\/www.cigdemguven.com\/tr\/wp-json\/wp\/v2\/tags?post=1550"}],"curies":[{"name":"wp","href":"https:\/\/api.w.org\/{rel}","templated":true}]}}