{"id":1541,"date":"2020-05-12T13:26:49","date_gmt":"2020-05-12T10:26:49","guid":{"rendered":"https:\/\/www.cigdemguven.com\/genel\/virtual-leadership\/"},"modified":"2022-04-06T16:52:05","modified_gmt":"2022-04-06T13:52:05","slug":"sanal-liderlik","status":"publish","type":"post","link":"https:\/\/www.cigdemguven.com\/tr\/yazilar\/sanal-liderlik\/","title":{"rendered":"Sanal Liderlik"},"content":{"rendered":"<p>{&#8220;main-title&#8221;:{&#8220;component&#8221;:&#8221;hc_title&#8221;,&#8221;id&#8221;:&#8221;main-title&#8221;,&#8221;title&#8221;:&#8221;&#8221;,&#8221;subtitle&#8221;:&#8221;&#8221;,&#8221;title_content&#8221;:{&#8220;component&#8221;:&#8221;hc_title_empty&#8221;,&#8221;id&#8221;:&#8221;title-empty&#8221;}},&#8221;section_QvNqz&#8221;:{&#8220;component&#8221;:&#8221;hc_section&#8221;,&#8221;id&#8221;:&#8221;section_QvNqz&#8221;,&#8221;section_width&#8221;:&#8221;&#8221;,&#8221;animation&#8221;:&#8221;&#8221;,&#8221;animation_time&#8221;:&#8221;&#8221;,&#8221;timeline_animation&#8221;:&#8221;&#8221;,&#8221;timeline_delay&#8221;:&#8221;&#8221;,&#8221;timeline_order&#8221;:&#8221;&#8221;,&#8221;vertical_row&#8221;:&#8221;&#8221;,&#8221;css_classes&#8221;:&#8221;section-color no-padding-bottom no-padding-top &#8220;,&#8221;custom_css_classes&#8221;:&#8221;containerblog&#8221;,&#8221;custom_css_styles&#8221;:&#8221;&#8221;,&#8221;section_content&#8221;:[{&#8220;component&#8221;:&#8221;hc_column&#8221;,&#8221;id&#8221;:&#8221;P1FCZ&#8221;,&#8221;column_width&#8221;:&#8221;col-md-12&#8243;,&#8221;animation&#8221;:&#8221;&#8221;,&#8221;animation_time&#8221;:&#8221;&#8221;,&#8221;timeline_animation&#8221;:&#8221;&#8221;,&#8221;timeline_delay&#8221;:&#8221;&#8221;,&#8221;timeline_order&#8221;:&#8221;&#8221;,&#8221;css_classes&#8221;:&#8221;boxed-area align-items-center &#8220;,&#8221;custom_css_classes&#8221;:&#8221;&#8221;,&#8221;custom_css_styles&#8221;:&#8221;&#8221;,&#8221;main_content&#8221;:[{&#8220;component&#8221;:&#8221;hc_title_tag&#8221;,&#8221;id&#8221;:&#8221;5ZtkF&#8221;,&#8221;css_classes&#8221;:&#8221;&#8221;,&#8221;custom_css_classes&#8221;:&#8221;&#8221;,&#8221;custom_css_styles&#8221;:&#8221;&#8221;,&#8221;text&#8221;:&#8221;Sanal Liderlik&#8221;,&#8221;tag&#8221;:&#8221;h1&#8243;},{&#8220;component&#8221;:&#8221;hc_image_box&#8221;,&#8221;id&#8221;:&#8221;P92Nk&#8221;,&#8221;css_classes&#8221;:&#8221;&#8221;,&#8221;custom_css_classes&#8221;:&#8221;&#8221;,&#8221;custom_css_styles&#8221;:&#8221;&#8221;,&#8221;image&#8221;:&#8221;https:\/\/www.cigdemguven.com\/medias\/2020\/05\/cigdemguven-Managing-Remote-Teams.png|382|498|622&#8243;,&#8221;link_type&#8221;:&#8221;lightbox&#8221;,&#8221;lightbox_animation&#8221;:&#8221;&#8221;,&#8221;caption&#8221;:&#8221;Sanal Liderlik&#8221;,&#8221;inner_caption&#8221;:false,&#8221;new_window&#8221;:false,&#8221;link&#8221;:&#8221;https:\/\/www.cigdemguven.com\/medias\/2020\/05\/cigdemguven-Managing-Remote-Teams.png&#8221;,&#8221;link_content&#8221;:[],&#8221;lightbox_size&#8221;:&#8221;&#8221;,&#8221;scrollbox&#8221;:false,&#8221;icon&#8221;:&#8221;&#8221;,&#8221;image_animation&#8221;:&#8221;&#8221;,&#8221;icon_animation&#8221;:&#8221;&#8221;,&#8221;thumb_size&#8221;:&#8221;full&#8221;,&#8221;icon_hidden&#8221;:true,&#8221;caption_img_box&#8221;:&#8221;&#8221;,&#8221;alt&#8221;:&#8221;&#8221;}]}],&#8221;section_settings&#8221;:&#8221;&#8221;},&#8221;section_aSGAU&#8221;:{&#8220;component&#8221;:&#8221;hc_section&#8221;,&#8221;id&#8221;:&#8221;section_aSGAU&#8221;,&#8221;section_width&#8221;:&#8221;&#8221;,&#8221;animation&#8221;:&#8221;&#8221;,&#8221;animation_time&#8221;:&#8221;&#8221;,&#8221;timeline_animation&#8221;:&#8221;&#8221;,&#8221;timeline_delay&#8221;:&#8221;&#8221;,&#8221;timeline_order&#8221;:&#8221;&#8221;,&#8221;vertical_row&#8221;:&#8221;&#8221;,&#8221;css_classes&#8221;:&#8221;no-padding-bottom no-padding-top &#8220;,&#8221;custom_css_classes&#8221;:&#8221;blogtext&#8221;,&#8221;custom_css_styles&#8221;:&#8221;&#8221;,&#8221;section_content&#8221;:[{&#8220;component&#8221;:&#8221;hc_column&#8221;,&#8221;id&#8221;:&#8221;column_0qrhK&#8221;,&#8221;column_width&#8221;:&#8221;col-md-12&#8243;,&#8221;animation&#8221;:&#8221;&#8221;,&#8221;animation_time&#8221;:&#8221;&#8221;,&#8221;timeline_animation&#8221;:&#8221;&#8221;,&#8221;timeline_delay&#8221;:&#8221;&#8221;,&#8221;timeline_order&#8221;:&#8221;&#8221;,&#8221;css_classes&#8221;:&#8221;&#8221;,&#8221;custom_css_classes&#8221;:&#8221;&#8221;,&#8221;custom_css_styles&#8221;:&#8221;&#8221;,&#8221;main_content&#8221;:[{&#8220;component&#8221;:&#8221;hc_wp_editor&#8221;,&#8221;id&#8221;:&#8221;gE6EW&#8221;,&#8221;css_classes&#8221;:&#8221;&#8221;,&#8221;custom_css_classes&#8221;:&#8221;&#8221;,&#8221;custom_css_styles&#8221;:&#8221;&#8221;,&#8221;editor_content&#8221;:&#8221;Dijitalle\u015fme s\u00fcrecinin i\u015f hayat\u0131ndaki yans\u0131malar\u0131, teknolojideki geli\u015fimin muazzam h\u0131z\u0131yla paralel bi\u00e7imde yayg\u0131nla\u015fmaktayd\u0131. Halihaz\u0131rda ayak seslerini g\u00fc\u00e7l\u00fc \u015fekilde duyurmakta olan dijital devrim, Covid-19 krizinin de patlak vermesiyle h\u0131z\u0131na h\u0131z katm\u0131\u015f, de\u011fi\u015fime adapte olabilmeyi avantaj unsuru olmaktan \u00e7\u0131kar\u0131p hepimiz i\u00e7in zorunluluk haline getirmi\u015f durumda. Modern teknolojinin sundu\u011fu imkanlar\u0131n uzaktan \u00e7al\u0131\u015fmay\u0131 m\u00fcmk\u00fcn k\u0131lmas\u0131, kriz \u00f6ncesinde de bir\u00e7ok b\u00fcy\u00fck firman\u0131n uzaktan \u00e7al\u0131\u015fma planlamalar\u0131 yapmas\u0131na imkan sa\u011flam\u0131\u015ft\u0131. Uzaktan \u00e7al\u0131\u015fman\u0131n m\u0131 yoksa ofis ortam\u0131n\u0131n m\u0131 verimli \u00e7al\u0131\u015fma metodu oldu\u011fu tart\u0131\u015fmalar\u0131 da b\u00f6ylece hayat\u0131m\u0131za girmi\u015f durumdayd\u0131. Buna kar\u015f\u0131n T\u00fcrkiye\u2019deki \u015firketlerin b\u00fcy\u00fck \u00e7o\u011funlu\u011funda yerle\u015fik bir evden \u00e7al\u0131\u015fma uygulamas\u0131 bulunmuyordu. \u0130\u00e7inde bulundu\u011fumuz d\u00f6nemse, uzaktan \u00e7al\u0131\u015fman\u0131n deneyimlenme alan\u0131n\u0131n geni\u015flemesine, verimlilik tart\u0131\u015fmalar\u0131n\u0131n da teorinin \u00f6tesinde pratikte g\u00f6zlemlenerek yap\u0131lmas\u0131na olanak sa\u011flad\u0131.\\n\\nUzaktan \u00e7al\u0131\u015fman\u0131n avantajl\u0131 y\u00f6nlerini d\u00fc\u015f\u00fcnd\u00fc\u011f\u00fcm\u00fczde genellikle akl\u0131m\u0131za ilk gelen, ofise gidi\u015f ve d\u00f6n\u00fc\u015f yolunda kaybedilen zaman ve enerjiden tasarruf sa\u011flamas\u0131d\u0131r. Kayb\u0131n miktar\u0131 ve t\u00fcr\u00fc, yolculu\u011fun niteli\u011fi ve s\u00fcresine ba\u011fl\u0131 olarak farkl\u0131l\u0131k g\u00f6sterse de \u00e7al\u0131\u015fan t\u00fcm bireyler bu s\u00fcre\u00e7te kayba u\u011frar. Bu kay\u0131plar, yollarda kaybolan saatler, trafikte y\u00fcklenilen stres, toplu ta\u015f\u0131mada yitirilen ya\u015fam enerjisi ve motivasyon olabilir. Uzaktan \u00e7al\u0131\u015fma imkanlar\u0131 ki\u015fileri bu tip kay\u0131plardan korurken, konuya daha b\u00fcy\u00fck \u00e7apta bakt\u0131\u011f\u0131m\u0131zda, ofis giderlerini d\u00fc\u015f\u00fcrerek \u015firketlere, yak\u0131ttan tasarruf edilmesini sa\u011flayarak \u00fclkeye, karbon emisyonu d\u00fczeyini d\u00fc\u015f\u00fcrerek de d\u00fcnyam\u0131za \u00f6nemli katk\u0131 sa\u011flar. Uzaktan \u00e7al\u0131\u015fman\u0131n i\u015f performans\u0131na olumlu bir etkisi de, ofisin g\u00fcr\u00fclt\u00fcl\u00fc ortam\u0131 yerine daha rahat bir ortamda \u00e7al\u0131\u015fma imkan\u0131n\u0131n olu\u015fmas\u0131d\u0131r. Daha az b\u00f6l\u00fcnmenin oldu\u011fu bir ortam\u0131n sa\u011flanmas\u0131, bireysel odaklanmay\u0131 gerektiren i\u015flerin daha etkin \u015fekilde yap\u0131labilmesine katk\u0131da bulunur. Bu noktada, ki\u015finin evde nas\u0131l bir \u00e7al\u0131\u015fma ortam\u0131 sa\u011flad\u0131\u011f\u0131 \u00f6nemlidir. Televizyon gibi dikkat da\u011f\u0131tabilecek unsurlardan uzak bir \u015fekilde \u00e7al\u0131\u015f\u0131lmal\u0131d\u0131r. Evde dinlenilen odadan farkl\u0131 bir mekana ge\u00e7erek \u00e7al\u0131\u015fmak, b\u00f6ylece zihinde dinlenmeyle \u00f6zde\u015fle\u015ftirilmi\u015f mekanda \u00e7al\u0131\u015fmak yerine ofise gidiliyor imaj\u0131 yarat\u0131lmas\u0131, konsantrasyonu olumlu y\u00f6nde etkiler.\\n\\nUzaktan \u00e7al\u0131\u015fman\u0131n avantajlar\u0131 \u00e7e\u015fitlendirilebilir olmakla birlikte, yaratabilece\u011fi muhtemel zorluklar da yads\u0131namaz. Bu zorluklar\u0131n \u00f6n\u00fcne ge\u00e7ebilmek ad\u0131na y\u00f6neticilere \u00f6nemli g\u00f6revler d\u00fc\u015f\u00fcyor. Ekibin motivasyonunu y\u00fcksek tutmak, muhtemel dezavantajlar\u0131n belki de en \u00e7etrefilli olan\u0131. \u0130\u015f yerini zihninde \u00e7al\u0131\u015fma alan\u0131 olarak kodlam\u0131\u015f \u00e7al\u0131\u015fanlardan baz\u0131lar\u0131, ev ortam\u0131nda kontrol mekanizmalar\u0131ndan fiziken uzaklarken ayn\u0131 motivasyonu g\u00f6steremeyebiliyor. Bu noktada, \u015firketteki rutini online \u00e7al\u0131\u015fma platformlar\u0131na da ta\u015f\u0131mak motivasyon sorunlar\u0131n\u0131n \u00e7\u00f6z\u00fcm\u00fcnde yard\u0131mc\u0131 olabilir. Sabah saatlerinde ekiple yap\u0131lacak bir toplant\u0131 da, i\u015f ba\u015f\u0131 yapma ve konsantrasyonu sa\u011flama s\u00fcrelerini olumlu y\u00f6nde etkiler. Sabah yap\u0131lacak toplant\u0131lar, i\u015f planlamalar\u0131n\u0131n yap\u0131lmas\u0131 i\u00e7in de de\u011ferlendirilebilir. G\u00fcnl\u00fck, haftal\u0131k ve ayl\u0131k i\u015f planlamalar\u0131n\u0131n yap\u0131lmas\u0131 motivasyon kayb\u0131n\u0131n \u00f6n\u00fcne ge\u00e7ti\u011fi gibi, sorumluluk ve hedeflerin belirlenmesi ve bunlar\u0131n ekip i\u00e7inde payla\u015f\u0131m\u0131n\u0131n netle\u015ftirilmesi ad\u0131na da \u00f6nemlidir. Bu planlamalarda anlaml\u0131 hedefler belirlenmeli, hedef do\u011frultusunda ilerlemeler de g\u00fcn i\u00e7inde s\u0131k s\u0131k g\u00f6zden ge\u00e7irilmelidir. Yap\u0131lacak sanal toplant\u0131lar\u0131n etkili olmas\u0131 i\u00e7in haz\u0131rl\u0131klar \u00f6nceden yap\u0131lmal\u0131, \u00fczerinden ge\u00e7ilecek konular ve materyaller toplant\u0131 \u00f6ncesinde payla\u015f\u0131lmal\u0131, toplant\u0131 notlar\u0131n\u0131n tutulmas\u0131 ve ekiple payla\u015f\u0131lmas\u0131 sa\u011flanmal\u0131, kat\u0131l\u0131mc\u0131lar\u0131n toplant\u0131 s\u0131ras\u0131nda ve sonras\u0131nda fikirlerini beyan etmesi te\u015fvik edilmelidir. Motivasyonu y\u00fcksek tutmak i\u00e7in en etkin yollardan birinin de ekip \u00fcyelerini takdir etmek oldu\u011fu unutulmamal\u0131d\u0131r.\\n\\nEvden \u00e7al\u0131\u015fma metotlar\u0131n\u0131n dezavantaj olu\u015fturabilece\u011fi bir di\u011fer konu, ekip ile olan ileti\u015fimdir. Ekip ruhu, motivasyon ve verimlilik hedeflerinin merkezinde bulunan ileti\u015fimi, uzaktan \u00e7al\u0131\u015f\u0131l\u0131rken de en iyi ve sa\u011fl\u0131kl\u0131 \u015fekilde s\u00fcrd\u00fcrebilmek, performans i\u00e7in belirleyici \u00f6neme sahiptir. Fiziksel uzakl\u0131\u011f\u0131n ekip ileti\u015fimini geriye g\u00f6t\u00fcrmesine izin verilmemeli, teknolojinin sundu\u011fu imkanlar etkin bi\u00e7imde kullan\u0131larak g\u00fcn i\u00e7inde ekiple ileti\u015fim kurulmal\u0131, ekip ruhu ve ba\u011f korunmal\u0131d\u0131r. \u0130\u015f konu\u015fmalar\u0131 d\u0131\u015f\u0131nda, aidiyet duygusunu peki\u015ftirecek mini sohbetler de ekip ileti\u015fimine katk\u0131 sa\u011flar. Ekip liderinin ileti\u015fim kanallar\u0131n\u0131 a\u00e7\u0131k tutmas\u0131 ve ula\u015f\u0131labilir olmas\u0131, ekip performans\u0131na olumlu yans\u0131r. Ekip \u00fcyelerinin aras\u0131ndaki ileti\u015fimin de sa\u011fl\u0131kl\u0131 y\u00fcr\u00fcd\u00fc\u011f\u00fcnden emin olunmal\u0131, bu ileti\u015fimi a\u00e7\u0131k tutmak i\u00e7in uygun sistemler kullan\u0131lmal\u0131d\u0131r. Uzaktan \u00e7al\u0131\u015f\u0131l\u0131rken ileti\u015fim kanallar\u0131n\u0131 etkin kullanabilmek i\u00e7in y\u00f6neticiler, dijital yetkinliklerini g\u00fc\u00e7lendirmeli, yenilikleri ara\u015ft\u0131rmal\u0131 ve takip etmelidir.\\n\\nPek \u00e7o\u011fumuz i\u00e7in yeni bir deneyim olan evden \u00e7al\u0131\u015fma s\u00fcrecinde, ekibe geri bildirim vermek ve mentorluk yapmak, ekibin s\u00fcrece adapte olmas\u0131n\u0131 h\u0131zland\u0131racakt\u0131r. Yine ekipten geri bildirimler almak da evden \u00e7al\u0131\u015fma s\u00fcrecini ba\u015far\u0131l\u0131 bir \u015fekilde y\u00fcr\u00fctmemize ve performans\u0131 artt\u0131rmam\u0131za katk\u0131 sa\u011flayacakt\u0131r. Evden \u00e7al\u0131\u015fman\u0131n olas\u0131 dezavantajlar\u0131na kar\u015f\u0131 yukar\u0131da s\u00f6z edilen tedbirler al\u0131nd\u0131\u011f\u0131 takdirde, i\u015f performans\u0131 en \u00fcst d\u00fczeyde tutulabilir, uzaktan \u00e7al\u0131\u015fman\u0131n sa\u011flad\u0131\u011f\u0131 avantajlar kar\u015f\u0131l\u0131\u011f\u0131nda herhangi bir feragatte bulunulmas\u0131n\u0131n gerekmedi\u011fi deneyimlenebilir. Bu deneyimler, \u00e7al\u0131\u015fma hayat\u0131n\u0131n gelecekteki do\u011fas\u0131n\u0131 \u015fekillendirecek fikirlere kap\u0131 a\u00e7acakt\u0131r.&#8221;}]},{&#8220;component&#8221;:&#8221;hc_column&#8221;,&#8221;id&#8221;:&#8221;column_6KkJX&#8221;,&#8221;column_width&#8221;:&#8221;col-md-12&#8243;,&#8221;animation&#8221;:&#8221;&#8221;,&#8221;animation_time&#8221;:&#8221;&#8221;,&#8221;timeline_animation&#8221;:&#8221;&#8221;,&#8221;timeline_delay&#8221;:&#8221;&#8221;,&#8221;timeline_order&#8221;:&#8221;&#8221;,&#8221;css_classes&#8221;:&#8221;&#8221;,&#8221;custom_css_classes&#8221;:&#8221;socialbox&#8221;,&#8221;custom_css_styles&#8221;:&#8221;&#8221;,&#8221;main_content&#8221;:[{&#8220;component&#8221;:&#8221;hc_space&#8221;,&#8221;id&#8221;:&#8221;pvFXP&#8221;,&#8221;css_classes&#8221;:&#8221;&#8221;,&#8221;custom_css_classes&#8221;:&#8221;&#8221;,&#8221;custom_css_styles&#8221;:&#8221;&#8221;,&#8221;size&#8221;:&#8221;space-sm&#8221;,&#8221;height&#8221;:&#8221;&#8221;},{&#8220;component&#8221;:&#8221;hc_text_block&#8221;,&#8221;id&#8221;:&#8221;EMy5N&#8221;,&#8221;css_classes&#8221;:&#8221;&#8221;,&#8221;custom_css_classes&#8221;:&#8221;&#8221;,&#8221;custom_css_styles&#8221;:&#8221;&#8221;,&#8221;content&#8221;:&#8221;Payla\u015f:&#8221;},{&#8220;component&#8221;:&#8221;hc_social_share_buttons&#8221;,&#8221;id&#8221;:&#8221;dAdK9&#8243;,&#8221;css_classes&#8221;:&#8221;&#8221;,&#8221;custom_css_classes&#8221;:&#8221;&#8221;,&#8221;custom_css_styles&#8221;:&#8221;&#8221;,&#8221;style&#8221;:&#8221;icon-links-button&#8221;,&#8221;size&#8221;:&#8221;&#8221;,&#8221;alignment&#8221;:&#8221;&#8221;,&#8221;type&#8221;:&#8221;&#8221;,&#8221;social_colors&#8221;:true,&#8221;fb&#8221;:true,&#8221;fb_link&#8221;:&#8221;&#8221;,&#8221;tw&#8221;:true,&#8221;tw_link&#8221;:&#8221;&#8221;,&#8221;pi&#8221;:true,&#8221;pi_link&#8221;:&#8221;&#8221;,&#8221;li&#8221;:true,&#8221;li_link&#8221;:&#8221;&#8221;}]}],&#8221;section_settings&#8221;:&#8221;&#8221;},&#8221;section_dDpN7&#8243;:{&#8220;component&#8221;:&#8221;hc_section&#8221;,&#8221;id&#8221;:&#8221;section_dDpN7&#8243;,&#8221;section_width&#8221;:&#8221;&#8221;,&#8221;animation&#8221;:&#8221;&#8221;,&#8221;animation_time&#8221;:&#8221;&#8221;,&#8221;timeline_animation&#8221;:&#8221;&#8221;,&#8221;timeline_delay&#8221;:&#8221;&#8221;,&#8221;timeline_order&#8221;:&#8221;&#8221;,&#8221;vertical_row&#8221;:&#8221;&#8221;,&#8221;css_classes&#8221;:&#8221;section-color &#8220;,&#8221;custom_css_classes&#8221;:&#8221;&#8221;,&#8221;custom_css_styles&#8221;:&#8221;&#8221;,&#8221;section_content&#8221;:[{&#8220;component&#8221;:&#8221;hc_column&#8221;,&#8221;id&#8221;:&#8221;XLZ44&#8243;,&#8221;column_width&#8221;:&#8221;col-md-12&#8243;,&#8221;animation&#8221;:&#8221;&#8221;,&#8221;animation_time&#8221;:&#8221;&#8221;,&#8221;timeline_animation&#8221;:&#8221;&#8221;,&#8221;timeline_delay&#8221;:&#8221;&#8221;,&#8221;timeline_order&#8221;:&#8221;&#8221;,&#8221;css_classes&#8221;:&#8221;&#8221;,&#8221;custom_css_classes&#8221;:&#8221;&#8221;,&#8221;custom_css_styles&#8221;:&#8221;&#8221;,&#8221;main_content&#8221;:[{&#8220;component&#8221;:&#8221;hc_title_tag&#8221;,&#8221;id&#8221;:&#8221;4AoyD&#8221;,&#8221;css_classes&#8221;:&#8221;&#8221;,&#8221;custom_css_classes&#8221;:&#8221;&#8221;,&#8221;custom_css_styles&#8221;:&#8221;&#8221;,&#8221;text&#8221;:&#8221;Son Yaz\u0131lar&#8221;,&#8221;tag&#8221;:&#8221;h2&#8243;},{&#8220;component&#8221;:&#8221;hc_space&#8221;,&#8221;id&#8221;:&#8221;TsAHd&#8221;,&#8221;css_classes&#8221;:&#8221;&#8221;,&#8221;custom_css_classes&#8221;:&#8221;&#8221;,&#8221;custom_css_styles&#8221;:&#8221;&#8221;,&#8221;size&#8221;:&#8221;space&#8221;,&#8221;height&#8221;:&#8221;&#8221;},{&#8220;component&#8221;:&#8221;hc_pt_grid_list&#8221;,&#8221;id&#8221;:&#8221;J9IEW&#8221;,&#8221;css_classes&#8221;:&#8221;&#8221;,&#8221;custom_css_classes&#8221;:&#8221;&#8221;,&#8221;custom_css_styles&#8221;:&#8221;&#8221;,&#8221;post_type_slug&#8221;:&#8221;post&#8221;,&#8221;post_type_category&#8221;:&#8221;yazilar&#8221;,&#8221;column&#8221;:&#8221;2&#8243;,&#8221;column_lg&#8221;:&#8221;2&#8243;,&#8221;column_md&#8221;:&#8221;2&#8243;,&#8221;column_sm&#8221;:&#8221;1&#8243;,&#8221;column_xs&#8221;:&#8221;1&#8243;,&#8221;margins&#8221;:&#8221;&#8221;,&#8221;pag_type&#8221;:&#8221;load_more&#8221;,&#8221;pag_items&#8221;:&#8221;2&#8243;,&#8221;pag_size&#8221;:&#8221;pagination-lg&#8221;,&#8221;pag_animation&#8221;:&#8221;fade-top&#8221;,&#8221;pag_scroll_top&#8221;:false,&#8221;pag_position&#8221;:&#8221;align-center&#8221;,&#8221;pag_button_prev&#8221;:&#8221;&#8221;,&#8221;pag_button_next&#8221;:&#8221;&#8221;,&#8221;lm_lazy&#8221;:false,&#8221;lm_button_text&#8221;:&#8221;Daha Fazla&#8221;,&#8221;box&#8221;:&#8221;blog_top&#8221;,&#8221;boxed&#8221;:true,&#8221;extra&#8221;:false,&#8221;content&#8221;:&#8221;&#8221;,&#8221;title_length&#8221;:&#8221;36&#8243;,&#8221;excerpt_length&#8221;:&#8221;75&#8243;,&#8221;title_size&#8221;:&#8221;text-md&#8221;,&#8221;custom_css&#8221;:&#8221;&#8221;,&#8221;button_text&#8221;:&#8221;&#8221;,&#8221;button_style&#8221;:&#8221;square&#8221;,&#8221;button_dimensions&#8221;:&#8221;btn-lg&#8221;,&#8221;button_animation&#8221;:false,&#8221;button_icon&#8221;:&#8221;&#8221;}]}],&#8221;section_settings&#8221;:&#8221;&#8221;},&#8221;scripts&#8221;:{&#8220;lightbox&#8221;:&#8221;magnific-popup.min.js&#8221;,&#8221;pagination&#8221;:&#8221;pagination.min.js&#8221;},&#8221;css&#8221;:{&#8220;lightbox&#8221;:&#8221;css\/magnific-popup.css&#8221;,&#8221;content_box&#8221;:&#8221;css\/content-box.css&#8221;,&#8221;media_box&#8221;:&#8221;css\/media-box.css&#8221;},&#8221;css_page&#8221;:&#8221;&#8221;,&#8221;template_setting&#8221;:{},&#8221;template_setting_top&#8221;:{},&#8221;page_setting&#8221;:{&#8220;settings&#8221;:[&#8220;lock-mode-off&#8221;]},&#8221;post_type_setting&#8221;:{&#8220;settings&#8221;:{&#8220;image&#8221;:&#8221;https:\/\/www.cigdemguven.com\/medias\/2020\/05\/cigdemguven-Managing-Remote-Teams.png|382|498|622&#8243;,&#8221;excerpt&#8221;:&#8221;Dijitalle\u015fme s\u00fcrecinin i\u015f hayat\u0131ndaki yans\u0131malar\u0131, teknolojideki geli\u015fimin muazzam h\u0131z\u0131yla paralel bi\u00e7imde yayg\u0131nla\u015fmaktayd\u0131. Halihaz\u0131rda ayak seslerini g\u00fc\u00e7l\u00fc \u015fekilde duyurmakta olan dijital devrim, Covid-19 krizinin de patlak vermesiyle h\u0131z\u0131na h\u0131z katm\u0131\u015f, de\u011fi\u015fime adapte olabilmeyi avantaj unsuru olmaktan \u00e7\u0131kar\u0131p hepimiz i\u00e7in zorunluluk haline getirmi\u015f durumda. Modern teknolojinin sundu\u011fu imkanlar\u0131n uzaktan \u00e7al\u0131\u015fmay\u0131 m\u00fcmk\u00fcn k\u0131lmas\u0131, kriz \u00f6ncesinde de bir\u00e7ok b\u00fcy\u00fck firman\u0131n uzaktan \u00e7al\u0131\u015fma planlamalar\u0131 yapmas\u0131na imkan sa\u011flam\u0131\u015ft\u0131&#8221;,&#8221;extra_1&#8243;:&#8221;Yaz\u0131&#8221;,&#8221;extra_2&#8243;:&#8221;&#8221;,&#8221;icon&#8221;:{&#8220;icon&#8221;:&#8221;&#8221;,&#8221;icon_style&#8221;:&#8221;&#8221;,&#8221;icon_image&#8221;:&#8221;&#8221;}}}}<\/p><div class=\"jpw-truncate-btn\"><div class=\"jpw-truncate-header\"><h2>\u00dcye olarak i\u00e7eriklerimize ula\u015f\u0131n.<\/h2><p><\/p><div class=\"jpw_login\"><span>\u00dcyeli\u011fim var!  <a href=\"\/my-account\">Giri\u015f Yap<\/a><\/span><\/div><\/div><div class=\"jpw_btn_wrapper\"><div class=\"jpw_subscribe\">\n\t\t\t\t\t<div class=\"jpw_btn_inner_wrapper\">\n\t\t\t\t\t\t<h3>\u00dcye Ol<\/h3>\n\t\t\t\t\t\t<span>L\u00fctfen t\u00fcm yaz\u0131lar\u0131m\u0131za eri\u015febilmek i\u00e7in \u00fcye olun. <br\/><strong>40'tan fazla yaz\u0131ya eri\u015febilirsiniz.<\/strong><\/span>\n\t\t\t\t\t\t<div class=\"jpw-button\">\n\t\t\t\t\t\t\t<div class=\"btn_wrapper\">\n\t\t\t\t\t\t\t\t<a href=\"https:\/\/www.cigdemguven.com\/subscribe\/\" class=\"btn button \">Hemen \u00dcye Ol<\/a>\n\t\t\t\t\t\t\t<\/div>\n\t\t\t\t\t\t<\/div>\n\t\t\t\t\t<\/div>\n\t\t\t\t<\/div><\/div><\/div>","protected":false},"excerpt":{"rendered":"<p>Dijitalle\u015fme s\u00fcrecinin i\u015f hayat\u0131ndaki yans\u0131malar\u0131, teknolojideki geli\u015fimin muazzam h\u0131z\u0131yla paralel bi\u00e7imde yayg\u0131nla\u015fmaktayd\u0131. Halihaz\u0131rda ayak seslerini g\u00fc\u00e7l\u00fc \u015fekilde duyurmakta olan dijital devrim, Covid-19 krizinin de patlak vermesiyle h\u0131z\u0131na h\u0131z katm\u0131\u015f, de\u011fi\u015fime adapte olabilmeyi avantaj unsuru olmaktan \u00e7\u0131kar\u0131p hepimiz i\u00e7in zorunluluk haline getirmi\u015f durumda. Modern teknolojinin sundu\u011fu imkanlar\u0131n uzaktan \u00e7al\u0131\u015fmay\u0131 m\u00fcmk\u00fcn k\u0131lmas\u0131, kriz \u00f6ncesinde de bir\u00e7ok b\u00fcy\u00fck firman\u0131n uzaktan \u00e7al\u0131\u015fma planlamalar\u0131 yapmas\u0131na imkan sa\u011flam\u0131\u015ft\u0131.<\/p>\n","protected":false},"author":1,"featured_media":0,"comment_status":"closed","ping_status":"open","sticky":false,"template":"","format":"standard","meta":{"footnotes":""},"categories":[19],"tags":[],"class_list":["post-1541","post","type-post","status-publish","format-standard","hentry","category-yazilar"],"yoast_head":"\n<title>Sanal Liderlik | \u00c7i\u011fdem G\u00fcven Management Consulting &amp; Coaching &amp; Mentoring Services<\/title>\n<meta name=\"robots\" content=\"index, follow, max-snippet:-1, max-image-preview:large, max-video-preview:-1\" \/>\n<link rel=\"canonical\" href=\"https:\/\/www.cigdemguven.com\/tr\/yazilar\/sanal-liderlik\/\" \/>\n<meta property=\"og:locale\" content=\"tr_TR\" \/>\n<meta property=\"og:type\" content=\"article\" \/>\n<meta property=\"og:title\" content=\"Sanal Liderlik | \u00c7i\u011fdem G\u00fcven Management Consulting &amp; Coaching &amp; Mentoring Services\" \/>\n<meta property=\"og:description\" content=\"Dijitalle\u015fme s\u00fcrecinin i\u015f hayat\u0131ndaki yans\u0131malar\u0131, teknolojideki geli\u015fimin muazzam h\u0131z\u0131yla paralel bi\u00e7imde yayg\u0131nla\u015fmaktayd\u0131. Halihaz\u0131rda ayak seslerini g\u00fc\u00e7l\u00fc \u015fekilde duyurmakta olan dijital devrim, Covid-19 krizinin de patlak vermesiyle h\u0131z\u0131na h\u0131z katm\u0131\u015f, de\u011fi\u015fime adapte olabilmeyi avantaj unsuru olmaktan \u00e7\u0131kar\u0131p hepimiz i\u00e7in zorunluluk haline getirmi\u015f durumda. Modern teknolojinin sundu\u011fu imkanlar\u0131n uzaktan \u00e7al\u0131\u015fmay\u0131 m\u00fcmk\u00fcn k\u0131lmas\u0131, kriz \u00f6ncesinde de bir\u00e7ok b\u00fcy\u00fck firman\u0131n uzaktan \u00e7al\u0131\u015fma planlamalar\u0131 yapmas\u0131na imkan sa\u011flam\u0131\u015ft\u0131.\" \/>\n<meta property=\"og:url\" content=\"https:\/\/www.cigdemguven.com\/tr\/yazilar\/sanal-liderlik\/\" \/>\n<meta property=\"og:site_name\" content=\"\u00c7i\u011fdem G\u00fcven Management Consulting &amp; Coaching &amp; Mentoring Services\" \/>\n<meta property=\"article:publisher\" content=\"https:\/\/www.facebook.com\/cigdemguvendanisman\" \/>\n<meta property=\"article:published_time\" content=\"2020-05-12T10:26:49+00:00\" \/>\n<meta property=\"article:modified_time\" content=\"2022-04-06T13:52:05+00:00\" \/>\n<meta property=\"og:image\" content=\"https:\/\/www.cigdemguven.com\/medias\/2022\/01\/cigdemguvenphoto.jpg\" \/>\n\t<meta property=\"og:image:width\" content=\"777\" \/>\n\t<meta property=\"og:image:height\" content=\"823\" \/>\n\t<meta property=\"og:image:type\" content=\"image\/jpeg\" \/>\n<meta name=\"author\" content=\"\u00c7i\u011fdem G\u00fcven\" \/>\n<meta name=\"twitter:card\" content=\"summary_large_image\" \/>\n<meta name=\"twitter:creator\" content=\"@cigdemguvencom\" \/>\n<meta name=\"twitter:site\" content=\"@cigdemguvencom\" \/>\n<meta name=\"twitter:label1\" content=\"Yazan:\" \/>\n\t<meta name=\"twitter:data1\" content=\"\u00c7i\u011fdem G\u00fcven\" \/>\n\t<meta name=\"twitter:label2\" content=\"Tahmini okuma s\u00fcresi\" \/>\n\t<meta name=\"twitter:data2\" content=\"8 dakika\" \/>\n<script type=\"application\/ld+json\" class=\"yoast-schema-graph\">{\"@context\":\"https:\/\/schema.org\",\"@graph\":[{\"@type\":\"Article\",\"@id\":\"https:\/\/www.cigdemguven.com\/tr\/yazilar\/sanal-liderlik\/#article\",\"isPartOf\":{\"@id\":\"https:\/\/www.cigdemguven.com\/tr\/yazilar\/sanal-liderlik\/\"},\"author\":{\"name\":\"\u00c7i\u011fdem G\u00fcven\",\"@id\":\"https:\/\/www.cigdemguven.com\/tr\/#\/schema\/person\/abd506d3b37ae4dd04e7393ca6ac5921\"},\"headline\":\"Sanal Liderlik\",\"datePublished\":\"2020-05-12T10:26:49+00:00\",\"dateModified\":\"2022-04-06T13:52:05+00:00\",\"mainEntityOfPage\":{\"@id\":\"https:\/\/www.cigdemguven.com\/tr\/yazilar\/sanal-liderlik\/\"},\"wordCount\":1690,\"publisher\":{\"@id\":\"https:\/\/www.cigdemguven.com\/tr\/#organization\"},\"articleSection\":[\"Yaz\u0131lar\"],\"inLanguage\":\"tr\"},{\"@type\":\"WebPage\",\"@id\":\"https:\/\/www.cigdemguven.com\/tr\/yazilar\/sanal-liderlik\/\",\"url\":\"https:\/\/www.cigdemguven.com\/tr\/yazilar\/sanal-liderlik\/\",\"name\":\"Sanal Liderlik | \u00c7i\u011fdem G\u00fcven Management Consulting &amp; Coaching &amp; Mentoring Services\",\"isPartOf\":{\"@id\":\"https:\/\/www.cigdemguven.com\/tr\/#website\"},\"datePublished\":\"2020-05-12T10:26:49+00:00\",\"dateModified\":\"2022-04-06T13:52:05+00:00\",\"breadcrumb\":{\"@id\":\"https:\/\/www.cigdemguven.com\/tr\/yazilar\/sanal-liderlik\/#breadcrumb\"},\"inLanguage\":\"tr\",\"potentialAction\":[{\"@type\":\"ReadAction\",\"target\":[\"https:\/\/www.cigdemguven.com\/tr\/yazilar\/sanal-liderlik\/\"]}]},{\"@type\":\"BreadcrumbList\",\"@id\":\"https:\/\/www.cigdemguven.com\/tr\/yazilar\/sanal-liderlik\/#breadcrumb\",\"itemListElement\":[{\"@type\":\"ListItem\",\"position\":1,\"name\":\"Home\",\"item\":\"https:\/\/www.cigdemguven.com\/tr\/\"},{\"@type\":\"ListItem\",\"position\":2,\"name\":\"Sanal Liderlik\"}]},{\"@type\":\"WebSite\",\"@id\":\"https:\/\/www.cigdemguven.com\/tr\/#website\",\"url\":\"https:\/\/www.cigdemguven.com\/tr\/\",\"name\":\"\u00c7i\u011fdem G\u00fcven Management Consulting &amp; Coaching &amp; Mentoring Services\",\"description\":\"Management Consulting &amp; Coaching &amp; Mentoring Services\",\"publisher\":{\"@id\":\"https:\/\/www.cigdemguven.com\/tr\/#organization\"},\"potentialAction\":[{\"@type\":\"SearchAction\",\"target\":{\"@type\":\"EntryPoint\",\"urlTemplate\":\"https:\/\/www.cigdemguven.com\/tr\/?s={search_term_string}\"},\"query-input\":\"required name=search_term_string\"}],\"inLanguage\":\"tr\"},{\"@type\":\"Organization\",\"@id\":\"https:\/\/www.cigdemguven.com\/tr\/#organization\",\"name\":\"\u00c7i\u011fdem G\u00fcven Management Consulting & Coaching & Mentoring Services\",\"url\":\"https:\/\/www.cigdemguven.com\/tr\/\",\"logo\":{\"@type\":\"ImageObject\",\"inLanguage\":\"tr\",\"@id\":\"https:\/\/www.cigdemguven.com\/tr\/#\/schema\/logo\/image\/\",\"url\":\"https:\/\/www.cigdemguven.com\/medias\/2021\/12\/cigdem-guven-logo.svg\",\"contentUrl\":\"https:\/\/www.cigdemguven.com\/medias\/2021\/12\/cigdem-guven-logo.svg\",\"width\":1,\"height\":1,\"caption\":\"\u00c7i\u011fdem G\u00fcven Management Consulting & Coaching & Mentoring Services\"},\"image\":{\"@id\":\"https:\/\/www.cigdemguven.com\/tr\/#\/schema\/logo\/image\/\"},\"sameAs\":[\"https:\/\/www.facebook.com\/cigdemguvendanisman\",\"https:\/\/twitter.com\/cigdemguvencom\",\"https:\/\/www.instagram.com\/cigdemguvendanismanlik\/\",\"https:\/\/www.linkedin.com\/in\/cigdemguvendanismanlik\/\"]},{\"@type\":\"Person\",\"@id\":\"https:\/\/www.cigdemguven.com\/tr\/#\/schema\/person\/abd506d3b37ae4dd04e7393ca6ac5921\",\"name\":\"\u00c7i\u011fdem G\u00fcven\",\"sameAs\":[\"https:\/\/www.cigdemguven.com\"],\"url\":\"https:\/\/www.cigdemguven.com\/tr\/author\/cigdemguven\/\"}]}<\/script>\n","yoast_head_json":{"title":"Sanal Liderlik | \u00c7i\u011fdem G\u00fcven Management Consulting &amp; Coaching &amp; Mentoring Services","robots":{"index":"index","follow":"follow","max-snippet":"max-snippet:-1","max-image-preview":"max-image-preview:large","max-video-preview":"max-video-preview:-1"},"canonical":"https:\/\/www.cigdemguven.com\/tr\/yazilar\/sanal-liderlik\/","og_locale":"tr_TR","og_type":"article","og_title":"Sanal Liderlik | \u00c7i\u011fdem G\u00fcven Management Consulting &amp; Coaching &amp; Mentoring Services","og_description":"Dijitalle\u015fme s\u00fcrecinin i\u015f hayat\u0131ndaki yans\u0131malar\u0131, teknolojideki geli\u015fimin muazzam h\u0131z\u0131yla paralel bi\u00e7imde yayg\u0131nla\u015fmaktayd\u0131. Halihaz\u0131rda ayak seslerini g\u00fc\u00e7l\u00fc \u015fekilde duyurmakta olan dijital devrim, Covid-19 krizinin de patlak vermesiyle h\u0131z\u0131na h\u0131z katm\u0131\u015f, de\u011fi\u015fime adapte olabilmeyi avantaj unsuru olmaktan \u00e7\u0131kar\u0131p hepimiz i\u00e7in zorunluluk haline getirmi\u015f durumda. Modern teknolojinin sundu\u011fu imkanlar\u0131n uzaktan \u00e7al\u0131\u015fmay\u0131 m\u00fcmk\u00fcn k\u0131lmas\u0131, kriz \u00f6ncesinde de bir\u00e7ok b\u00fcy\u00fck firman\u0131n uzaktan \u00e7al\u0131\u015fma planlamalar\u0131 yapmas\u0131na imkan sa\u011flam\u0131\u015ft\u0131.","og_url":"https:\/\/www.cigdemguven.com\/tr\/yazilar\/sanal-liderlik\/","og_site_name":"\u00c7i\u011fdem G\u00fcven Management Consulting &amp; Coaching &amp; Mentoring Services","article_publisher":"https:\/\/www.facebook.com\/cigdemguvendanisman","article_published_time":"2020-05-12T10:26:49+00:00","article_modified_time":"2022-04-06T13:52:05+00:00","og_image":[{"width":777,"height":823,"url":"https:\/\/www.cigdemguven.com\/medias\/2022\/01\/cigdemguvenphoto.jpg","type":"image\/jpeg"}],"author":"\u00c7i\u011fdem G\u00fcven","twitter_card":"summary_large_image","twitter_creator":"@cigdemguvencom","twitter_site":"@cigdemguvencom","twitter_misc":{"Yazan:":"\u00c7i\u011fdem G\u00fcven","Tahmini okuma s\u00fcresi":"8 dakika"},"schema":{"@context":"https:\/\/schema.org","@graph":[{"@type":"Article","@id":"https:\/\/www.cigdemguven.com\/tr\/yazilar\/sanal-liderlik\/#article","isPartOf":{"@id":"https:\/\/www.cigdemguven.com\/tr\/yazilar\/sanal-liderlik\/"},"author":{"name":"\u00c7i\u011fdem G\u00fcven","@id":"https:\/\/www.cigdemguven.com\/tr\/#\/schema\/person\/abd506d3b37ae4dd04e7393ca6ac5921"},"headline":"Sanal Liderlik","datePublished":"2020-05-12T10:26:49+00:00","dateModified":"2022-04-06T13:52:05+00:00","mainEntityOfPage":{"@id":"https:\/\/www.cigdemguven.com\/tr\/yazilar\/sanal-liderlik\/"},"wordCount":1690,"publisher":{"@id":"https:\/\/www.cigdemguven.com\/tr\/#organization"},"articleSection":["Yaz\u0131lar"],"inLanguage":"tr"},{"@type":"WebPage","@id":"https:\/\/www.cigdemguven.com\/tr\/yazilar\/sanal-liderlik\/","url":"https:\/\/www.cigdemguven.com\/tr\/yazilar\/sanal-liderlik\/","name":"Sanal Liderlik | \u00c7i\u011fdem G\u00fcven Management Consulting &amp; Coaching &amp; Mentoring Services","isPartOf":{"@id":"https:\/\/www.cigdemguven.com\/tr\/#website"},"datePublished":"2020-05-12T10:26:49+00:00","dateModified":"2022-04-06T13:52:05+00:00","breadcrumb":{"@id":"https:\/\/www.cigdemguven.com\/tr\/yazilar\/sanal-liderlik\/#breadcrumb"},"inLanguage":"tr","potentialAction":[{"@type":"ReadAction","target":["https:\/\/www.cigdemguven.com\/tr\/yazilar\/sanal-liderlik\/"]}]},{"@type":"BreadcrumbList","@id":"https:\/\/www.cigdemguven.com\/tr\/yazilar\/sanal-liderlik\/#breadcrumb","itemListElement":[{"@type":"ListItem","position":1,"name":"Home","item":"https:\/\/www.cigdemguven.com\/tr\/"},{"@type":"ListItem","position":2,"name":"Sanal Liderlik"}]},{"@type":"WebSite","@id":"https:\/\/www.cigdemguven.com\/tr\/#website","url":"https:\/\/www.cigdemguven.com\/tr\/","name":"\u00c7i\u011fdem G\u00fcven Management Consulting &amp; Coaching &amp; Mentoring Services","description":"Management Consulting &amp; Coaching &amp; Mentoring Services","publisher":{"@id":"https:\/\/www.cigdemguven.com\/tr\/#organization"},"potentialAction":[{"@type":"SearchAction","target":{"@type":"EntryPoint","urlTemplate":"https:\/\/www.cigdemguven.com\/tr\/?s={search_term_string}"},"query-input":"required name=search_term_string"}],"inLanguage":"tr"},{"@type":"Organization","@id":"https:\/\/www.cigdemguven.com\/tr\/#organization","name":"\u00c7i\u011fdem G\u00fcven Management Consulting & Coaching & Mentoring Services","url":"https:\/\/www.cigdemguven.com\/tr\/","logo":{"@type":"ImageObject","inLanguage":"tr","@id":"https:\/\/www.cigdemguven.com\/tr\/#\/schema\/logo\/image\/","url":"https:\/\/www.cigdemguven.com\/medias\/2021\/12\/cigdem-guven-logo.svg","contentUrl":"https:\/\/www.cigdemguven.com\/medias\/2021\/12\/cigdem-guven-logo.svg","width":1,"height":1,"caption":"\u00c7i\u011fdem G\u00fcven Management Consulting & Coaching & Mentoring Services"},"image":{"@id":"https:\/\/www.cigdemguven.com\/tr\/#\/schema\/logo\/image\/"},"sameAs":["https:\/\/www.facebook.com\/cigdemguvendanisman","https:\/\/twitter.com\/cigdemguvencom","https:\/\/www.instagram.com\/cigdemguvendanismanlik\/","https:\/\/www.linkedin.com\/in\/cigdemguvendanismanlik\/"]},{"@type":"Person","@id":"https:\/\/www.cigdemguven.com\/tr\/#\/schema\/person\/abd506d3b37ae4dd04e7393ca6ac5921","name":"\u00c7i\u011fdem G\u00fcven","sameAs":["https:\/\/www.cigdemguven.com"],"url":"https:\/\/www.cigdemguven.com\/tr\/author\/cigdemguven\/"}]}},"_links":{"self":[{"href":"https:\/\/www.cigdemguven.com\/tr\/wp-json\/wp\/v2\/posts\/1541","targetHints":{"allow":["GET"]}}],"collection":[{"href":"https:\/\/www.cigdemguven.com\/tr\/wp-json\/wp\/v2\/posts"}],"about":[{"href":"https:\/\/www.cigdemguven.com\/tr\/wp-json\/wp\/v2\/types\/post"}],"author":[{"embeddable":true,"href":"https:\/\/www.cigdemguven.com\/tr\/wp-json\/wp\/v2\/users\/1"}],"replies":[{"embeddable":true,"href":"https:\/\/www.cigdemguven.com\/tr\/wp-json\/wp\/v2\/comments?post=1541"}],"version-history":[{"count":2,"href":"https:\/\/www.cigdemguven.com\/tr\/wp-json\/wp\/v2\/posts\/1541\/revisions"}],"predecessor-version":[{"id":1547,"href":"https:\/\/www.cigdemguven.com\/tr\/wp-json\/wp\/v2\/posts\/1541\/revisions\/1547"}],"wp:attachment":[{"href":"https:\/\/www.cigdemguven.com\/tr\/wp-json\/wp\/v2\/media?parent=1541"}],"wp:term":[{"taxonomy":"category","embeddable":true,"href":"https:\/\/www.cigdemguven.com\/tr\/wp-json\/wp\/v2\/categories?post=1541"},{"taxonomy":"post_tag","embeddable":true,"href":"https:\/\/www.cigdemguven.com\/tr\/wp-json\/wp\/v2\/tags?post=1541"}],"curies":[{"name":"wp","href":"https:\/\/api.w.org\/{rel}","templated":true}]}}