{"id":1530,"date":"2020-04-30T16:24:46","date_gmt":"2020-04-30T13:24:46","guid":{"rendered":"https:\/\/www.cigdemguven.com\/genel\/manager-and-patience\/"},"modified":"2022-08-11T15:34:15","modified_gmt":"2022-08-11T12:34:15","slug":"yonetici-ve-sabir","status":"publish","type":"post","link":"https:\/\/www.cigdemguven.com\/tr\/genel\/yonetici-ve-sabir\/","title":{"rendered":"Y\u00f6netici ve Sab\u0131r"},"content":{"rendered":"<p>{&#8220;main-title&#8221;:{&#8220;component&#8221;:&#8221;hc_title&#8221;,&#8221;id&#8221;:&#8221;main-title&#8221;,&#8221;title&#8221;:&#8221;&#8221;,&#8221;subtitle&#8221;:&#8221;&#8221;,&#8221;title_content&#8221;:{&#8220;component&#8221;:&#8221;hc_title_empty&#8221;,&#8221;id&#8221;:&#8221;title-empty&#8221;}},&#8221;section_QvNqz&#8221;:{&#8220;component&#8221;:&#8221;hc_section&#8221;,&#8221;id&#8221;:&#8221;section_QvNqz&#8221;,&#8221;section_width&#8221;:&#8221;&#8221;,&#8221;animation&#8221;:&#8221;&#8221;,&#8221;animation_time&#8221;:&#8221;&#8221;,&#8221;timeline_animation&#8221;:&#8221;&#8221;,&#8221;timeline_delay&#8221;:&#8221;&#8221;,&#8221;timeline_order&#8221;:&#8221;&#8221;,&#8221;vertical_row&#8221;:&#8221;&#8221;,&#8221;css_classes&#8221;:&#8221;section-color no-padding-bottom no-padding-top &#8220;,&#8221;custom_css_classes&#8221;:&#8221;containerblog&#8221;,&#8221;custom_css_styles&#8221;:&#8221;&#8221;,&#8221;section_content&#8221;:[{&#8220;component&#8221;:&#8221;hc_column&#8221;,&#8221;id&#8221;:&#8221;P1FCZ&#8221;,&#8221;column_width&#8221;:&#8221;col-md-12&#8243;,&#8221;animation&#8221;:&#8221;&#8221;,&#8221;animation_time&#8221;:&#8221;&#8221;,&#8221;timeline_animation&#8221;:&#8221;&#8221;,&#8221;timeline_delay&#8221;:&#8221;&#8221;,&#8221;timeline_order&#8221;:&#8221;&#8221;,&#8221;css_classes&#8221;:&#8221;boxed-area align-items-center &#8220;,&#8221;custom_css_classes&#8221;:&#8221;&#8221;,&#8221;custom_css_styles&#8221;:&#8221;&#8221;,&#8221;main_content&#8221;:[{&#8220;component&#8221;:&#8221;hc_title_tag&#8221;,&#8221;id&#8221;:&#8221;5ZtkF&#8221;,&#8221;css_classes&#8221;:&#8221;&#8221;,&#8221;custom_css_classes&#8221;:&#8221;&#8221;,&#8221;custom_css_styles&#8221;:&#8221;&#8221;,&#8221;text&#8221;:&#8221;Y\u00f6netici ve Sab\u0131r&#8221;,&#8221;tag&#8221;:&#8221;h1&#8243;},{&#8220;component&#8221;:&#8221;hc_image_box&#8221;,&#8221;id&#8221;:&#8221;P92Nk&#8221;,&#8221;css_classes&#8221;:&#8221;&#8221;,&#8221;custom_css_classes&#8221;:&#8221;&#8221;,&#8221;custom_css_styles&#8221;:&#8221;&#8221;,&#8221;image&#8221;:&#8221;https:\/\/www.cigdemguven.com\/medias\/2020\/04\/cigdemguven_sabir.jpg|400|740|624&#8243;,&#8221;link_type&#8221;:&#8221;lightbox&#8221;,&#8221;lightbox_animation&#8221;:&#8221;&#8221;,&#8221;caption&#8221;:&#8221;Y\u00f6netici ve Sab\u0131r&#8221;,&#8221;inner_caption&#8221;:false,&#8221;new_window&#8221;:false,&#8221;link&#8221;:&#8221;https:\/\/www.cigdemguven.com\/medias\/2020\/04\/cigdemguven_sabir.jpg&#8221;,&#8221;link_content&#8221;:[],&#8221;lightbox_size&#8221;:&#8221;&#8221;,&#8221;scrollbox&#8221;:false,&#8221;icon&#8221;:&#8221;&#8221;,&#8221;image_animation&#8221;:&#8221;&#8221;,&#8221;icon_animation&#8221;:&#8221;&#8221;,&#8221;thumb_size&#8221;:&#8221;full&#8221;,&#8221;icon_hidden&#8221;:true,&#8221;caption_img_box&#8221;:&#8221;&#8221;,&#8221;alt&#8221;:&#8221;&#8221;}]}],&#8221;section_settings&#8221;:&#8221;&#8221;},&#8221;section_aSGAU&#8221;:{&#8220;component&#8221;:&#8221;hc_section&#8221;,&#8221;id&#8221;:&#8221;section_aSGAU&#8221;,&#8221;section_width&#8221;:&#8221;&#8221;,&#8221;animation&#8221;:&#8221;&#8221;,&#8221;animation_time&#8221;:&#8221;&#8221;,&#8221;timeline_animation&#8221;:&#8221;&#8221;,&#8221;timeline_delay&#8221;:&#8221;&#8221;,&#8221;timeline_order&#8221;:&#8221;&#8221;,&#8221;vertical_row&#8221;:&#8221;&#8221;,&#8221;css_classes&#8221;:&#8221;no-padding-bottom no-padding-top &#8220;,&#8221;custom_css_classes&#8221;:&#8221;blogtext&#8221;,&#8221;custom_css_styles&#8221;:&#8221;&#8221;,&#8221;section_content&#8221;:[{&#8220;component&#8221;:&#8221;hc_column&#8221;,&#8221;id&#8221;:&#8221;column_0qrhK&#8221;,&#8221;column_width&#8221;:&#8221;col-md-12&#8243;,&#8221;animation&#8221;:&#8221;&#8221;,&#8221;animation_time&#8221;:&#8221;&#8221;,&#8221;timeline_animation&#8221;:&#8221;&#8221;,&#8221;timeline_delay&#8221;:&#8221;&#8221;,&#8221;timeline_order&#8221;:&#8221;&#8221;,&#8221;css_classes&#8221;:&#8221;&#8221;,&#8221;custom_css_classes&#8221;:&#8221;&#8221;,&#8221;custom_css_styles&#8221;:&#8221;&#8221;,&#8221;main_content&#8221;:[{&#8220;component&#8221;:&#8221;hc_wp_editor&#8221;,&#8221;id&#8221;:&#8221;gE6EW&#8221;,&#8221;css_classes&#8221;:&#8221;&#8221;,&#8221;custom_css_classes&#8221;:&#8221;&#8221;,&#8221;custom_css_styles&#8221;:&#8221;&#8221;,&#8221;editor_content&#8221;:&#8221;Y\u00f6neticilikte sab\u0131r \u00f6nemli bir kavramd\u0131r. Sab\u0131r aktiftir, pasif de\u011fildir. Zorluklar\u0131n ge\u00e7mesini beklemek, ak\u0131\u015fa b\u0131rakabilme halidir. T\u00fcm deneyimlerimde sabr\u0131n, y\u00f6neticilerin ba\u015far\u0131s\u0131nda \u00f6nemli oldu\u011funu g\u00f6rmekteyim. Asl\u0131nda ya\u015fam bize sabr\u0131 \u00f6\u011fretir, \u00f6\u011frenmemekte direnirsek \u00f6\u011frenene kadar deneyimleriz ve \u00f6\u011freniriz. \u00d6nemli bir geli\u015fim alan\u0131d\u0131r.\\n\\nSab\u0131r ve hareket aras\u0131ndaki denge i\u015f hayat\u0131m\u0131zda tecr\u00fcbemizle birlikte \u015fekillenir. Bir kredi bat\u0131rd\u0131\u011f\u0131nda, d\u00fcnyan\u0131n sonu geldi\u011fini d\u00fc\u015f\u00fcnen yeni y\u00f6netici, bu s\u00fcreci deneyimledikten sonra, bir ba\u015fka sorunlu kredi y\u00f6netiminde en az\u0131ndan d\u00fcnyan\u0131n sonu gelmedi\u011fini \u00f6\u011frenir ve zaman i\u00e7ersinde risk y\u00f6netimi konular\u0131n\u0131n iyi y\u00f6netiminden sorumlu olmas\u0131 gerekti\u011fini farkeder.\\n\\nEkip y\u00f6netiminde sab\u0131r \u00f6nemli bir kavram olarak ortaya \u00e7\u0131kar. \u00c7al\u0131\u015fmalar\u0131mda, benzer ba\u015far\u0131 kriterlerinde olan bir gruptan bir y\u00f6neticinin a\u00e7\u0131k ara \u00fcst y\u00f6netim taraf\u0131ndan fark edilmesi ve \u00f6ncelikli terfi etmesi tesad\u00fcf de\u011fildir. Ekibin yeti\u015fmesi i\u00e7in g\u00f6sterilen sab\u0131r ve \u00f6zen, umut i\u00e7erir, g\u00fcven i\u00e7erir. Umut ve g\u00fcven motivasyon yak\u0131t\u0131d\u0131r. Motivasyon yak\u0131t\u0131 tan\u0131mlamas\u0131, umut ve g\u00fcven de\u011ferleri ancak ger\u00e7eklikler \u00fczerinden yap\u0131labilir.\\n\\nDan\u0131\u015fan Y\u00f6neticiler ile yapt\u0131\u011f\u0131m \u00e7al\u0131\u015fmalarda, baz\u0131 geli\u015fim konular\u0131nda ilk k\u0131r\u0131l\u0131m\u0131n yani de\u011fi\u015fim ve \u00f6\u011frenmenin bazen uzun s\u00fcren \u00e7al\u0131\u015fmalar ile olabildi\u011fine tan\u0131k olmaktay\u0131m. Bu k\u0131r\u0131l\u0131m ger\u00e7ekle\u015ftikten sonra ki h\u0131z inan\u0131lmaz y\u00fcksek bir ivme ile devam edebilmektedir. \u0130lk k\u0131r\u0131l\u0131ma kadar olan s\u00fcrede, i\u00e7inde umut ve g\u00fcven bar\u0131nd\u0131ran \u00e7al\u0131\u015fma ve bekleyi\u015f, ba\u015far\u0131ya kap\u0131 a\u00e7ar. \u0130nan\u0131yorum ki bu \u00f6\u011frenmeler son derece kal\u0131c\u0131 ve de\u011fi\u015fim yaratan sonuclar yaratmaktad\u0131r, motive edicidir. De\u011fi\u015fim ve aksiyon m\u00fczi\u011finin vazge\u00e7ilmezidir.\\n\\nSabr\u0131n kap\u0131 a\u00e7t\u0131\u011f\u0131 ba\u015far\u0131, \u00f6zg\u00fcveni destekler, enerjiyi artt\u0131r\u0131r, takdir ve motivasyonlar ile per\u00e7inlenir ve y\u00f6netici ivmelenerek devam eder. Bu \u00e7al\u0131\u015fmalarla y\u00f6neticinin fark\u0131ndal\u0131k penceresi, ger\u00e7ek anlamda a\u00e7\u0131l\u0131r ve ak\u0131\u015fta olmay\u0131, di\u011ferlerine kar\u015f\u0131 beklemeyi, g\u00fcveni, umudu modeller. \u00c7\u00fcnk\u00fc bu modelin ba\u015far\u0131l\u0131 oldu\u011funu g\u00f6rm\u00fc\u015ft\u00fcr ve deneyimlemi\u015ftir. Anlatt\u0131\u011f\u0131n\u0131zda, bu kavramlar\u0131n bu kadar i\u00e7selle\u015fmesi m\u00fcmk\u00fcn de\u011fildir.\\n\\nSab\u0131r, y\u00f6neticiye ayn\u0131 zamanda varolu\u015f g\u00fcc\u00fcn\u00fc hat\u0131rlat\u0131r. Eylem plan\u0131 ile dolu olan zihinler, eylemsizli\u011finde \u00e7\u00f6z\u00fcm \u00fcretebildi\u011fini ve etkin eylemsizlik s\u00fcre\u00e7lerini deneyimler. Ekip y\u00f6neticilerinin yay\u0131lan bir etkileri vard\u0131r. Kendi y\u00f6nettikleri ki\u015fi say\u0131s\u0131 25-50-100-1000 olsa da, ya\u015fatt\u0131klar\u0131 de\u011ferler, i\u015f y\u00f6neti\u015f bi\u00e7imleri ve erdemleri do\u011frudan ve dolayl\u0131 olarak yay\u0131lmaya ba\u015flar. Dolay\u0131s\u0131yla ki\u015filer topluma, kendisinden sonra ki nesillere , hayata ne katt\u0131klar\u0131n\u0131 ifade edebilmelidir.\u0130\u015f ya\u015fam\u0131nda doyum bu \u015fekilde gelebilir. \u0130simlendirme, katk\u0131y\u0131 tan\u0131mlamak, kendini ifade etmek, etik geli\u015fimler i\u00e7ersinde olmak, yay\u0131l\u0131r, b\u00fcy\u00fcr. Kendi d\u00fcnyam\u0131z, bir damla olarak d\u00fcnyaya sunulur. Bunun getirdi\u011fi motivasyon haz, para ve haklar ile \u00f6l\u00e7\u00fclemez.\\n\\nBir anne baban\u0131n \u00e7ocu\u011funu yeti\u015ftirmede ki sabr\u0131, bir \u00e7i\u00e7e\u011fi, bir hayvan\u0131 yeti\u015ftirmede ki sabr\u0131, bir y\u00f6neticinin \u00e7al\u0131\u015fanlar\u0131n hayatlar\u0131na anlam katan sabr\u0131&nbsp; anlaml\u0131d\u0131r, doyurucudur. M\u0131\u015f gibi kavramlardan uzakt\u0131r, ger\u00e7ektir. Motivasyon tan\u0131mlanan ba\u015far\u0131lara yol a\u00e7ar.\\n\\n\u00c7al\u0131\u015fmalar\u0131mda, sab\u0131rl\u0131 oldu\u011funu d\u00fc\u015f\u00fcnen y\u00f6neticilerin, bu fark\u0131ndal\u0131klarla asl\u0131nda sab\u0131r limitlerini farkettiklerini ve bunun sonras\u0131nda ne kadar k\u0131sa zamanda mesafe ald\u0131klar\u0131na \u015fahit oluyorum. Ya\u015fananlar ger\u00e7ektir. Bu deneyimlerden faydalanmak ise ki\u015finin kendi karar\u0131d\u0131r. Deneyimler, do\u011fru ve g\u00fczel bir \u015fekilde ortaya konursa, fayda y\u00fcksek olur.\\n\\nBu s\u00fcre\u00e7lerde ba\u015far\u0131, tek tarafl\u0131 de\u011fildir. Dan\u0131\u015fan ve Dan\u0131\u015f\u0131lan\u0131n ortak bir performans\u0131d\u0131r. \u00c7al\u0131\u015f\u0131lan zaman ve ihtiya\u00e7 duyulan sab\u0131r ba\u015far\u0131n\u0131n bir kriteridir.&#8221;}]},{&#8220;component&#8221;:&#8221;hc_column&#8221;,&#8221;id&#8221;:&#8221;column_fEbOk&#8221;,&#8221;column_width&#8221;:&#8221;col-md-12&#8243;,&#8221;animation&#8221;:&#8221;&#8221;,&#8221;animation_time&#8221;:&#8221;&#8221;,&#8221;timeline_animation&#8221;:&#8221;&#8221;,&#8221;timeline_delay&#8221;:&#8221;&#8221;,&#8221;timeline_order&#8221;:&#8221;&#8221;,&#8221;css_classes&#8221;:&#8221;&#8221;,&#8221;custom_css_classes&#8221;:&#8221;socialbox&#8221;,&#8221;custom_css_styles&#8221;:&#8221;&#8221;,&#8221;main_content&#8221;:[{&#8220;component&#8221;:&#8221;hc_space&#8221;,&#8221;id&#8221;:&#8221;4A86D&#8221;,&#8221;css_classes&#8221;:&#8221;&#8221;,&#8221;custom_css_classes&#8221;:&#8221;&#8221;,&#8221;custom_css_styles&#8221;:&#8221;&#8221;,&#8221;size&#8221;:&#8221;space-sm&#8221;,&#8221;height&#8221;:&#8221;&#8221;},{&#8220;component&#8221;:&#8221;hc_text_block&#8221;,&#8221;id&#8221;:&#8221;X055E&#8221;,&#8221;css_classes&#8221;:&#8221;&#8221;,&#8221;custom_css_classes&#8221;:&#8221;&#8221;,&#8221;custom_css_styles&#8221;:&#8221;&#8221;,&#8221;content&#8221;:&#8221;Payla\u015f:&#8221;},{&#8220;component&#8221;:&#8221;hc_social_share_buttons&#8221;,&#8221;id&#8221;:&#8221;u973G&#8221;,&#8221;css_classes&#8221;:&#8221;&#8221;,&#8221;custom_css_classes&#8221;:&#8221;&#8221;,&#8221;custom_css_styles&#8221;:&#8221;&#8221;,&#8221;style&#8221;:&#8221;icon-links-button&#8221;,&#8221;size&#8221;:&#8221;&#8221;,&#8221;alignment&#8221;:&#8221;&#8221;,&#8221;type&#8221;:&#8221;&#8221;,&#8221;social_colors&#8221;:true,&#8221;fb&#8221;:true,&#8221;fb_link&#8221;:&#8221;&#8221;,&#8221;tw&#8221;:true,&#8221;tw_link&#8221;:&#8221;&#8221;,&#8221;pi&#8221;:true,&#8221;pi_link&#8221;:&#8221;&#8221;,&#8221;li&#8221;:true,&#8221;li_link&#8221;:&#8221;&#8221;}]}],&#8221;section_settings&#8221;:&#8221;&#8221;},&#8221;section_dDpN7&#8243;:{&#8220;component&#8221;:&#8221;hc_section&#8221;,&#8221;id&#8221;:&#8221;section_dDpN7&#8243;,&#8221;section_width&#8221;:&#8221;&#8221;,&#8221;animation&#8221;:&#8221;&#8221;,&#8221;animation_time&#8221;:&#8221;&#8221;,&#8221;timeline_animation&#8221;:&#8221;&#8221;,&#8221;timeline_delay&#8221;:&#8221;&#8221;,&#8221;timeline_order&#8221;:&#8221;&#8221;,&#8221;vertical_row&#8221;:&#8221;&#8221;,&#8221;css_classes&#8221;:&#8221;section-color &#8220;,&#8221;custom_css_classes&#8221;:&#8221;&#8221;,&#8221;custom_css_styles&#8221;:&#8221;&#8221;,&#8221;section_content&#8221;:[{&#8220;component&#8221;:&#8221;hc_column&#8221;,&#8221;id&#8221;:&#8221;XLZ44&#8243;,&#8221;column_width&#8221;:&#8221;col-md-12&#8243;,&#8221;animation&#8221;:&#8221;&#8221;,&#8221;animation_time&#8221;:&#8221;&#8221;,&#8221;timeline_animation&#8221;:&#8221;&#8221;,&#8221;timeline_delay&#8221;:&#8221;&#8221;,&#8221;timeline_order&#8221;:&#8221;&#8221;,&#8221;css_classes&#8221;:&#8221;&#8221;,&#8221;custom_css_classes&#8221;:&#8221;&#8221;,&#8221;custom_css_styles&#8221;:&#8221;&#8221;,&#8221;main_content&#8221;:[{&#8220;component&#8221;:&#8221;hc_title_tag&#8221;,&#8221;id&#8221;:&#8221;4AoyD&#8221;,&#8221;css_classes&#8221;:&#8221;&#8221;,&#8221;custom_css_classes&#8221;:&#8221;&#8221;,&#8221;custom_css_styles&#8221;:&#8221;&#8221;,&#8221;text&#8221;:&#8221;Son Yaz\u0131lar&#8221;,&#8221;tag&#8221;:&#8221;h2&#8243;},{&#8220;component&#8221;:&#8221;hc_space&#8221;,&#8221;id&#8221;:&#8221;TsAHd&#8221;,&#8221;css_classes&#8221;:&#8221;&#8221;,&#8221;custom_css_classes&#8221;:&#8221;&#8221;,&#8221;custom_css_styles&#8221;:&#8221;&#8221;,&#8221;size&#8221;:&#8221;space&#8221;,&#8221;height&#8221;:&#8221;&#8221;},{&#8220;component&#8221;:&#8221;hc_pt_grid_list&#8221;,&#8221;id&#8221;:&#8221;J9IEW&#8221;,&#8221;css_classes&#8221;:&#8221;&#8221;,&#8221;custom_css_classes&#8221;:&#8221;&#8221;,&#8221;custom_css_styles&#8221;:&#8221;&#8221;,&#8221;post_type_slug&#8221;:&#8221;post&#8221;,&#8221;post_type_category&#8221;:&#8221;yazilar&#8221;,&#8221;column&#8221;:&#8221;2&#8243;,&#8221;column_lg&#8221;:&#8221;2&#8243;,&#8221;column_md&#8221;:&#8221;2&#8243;,&#8221;column_sm&#8221;:&#8221;1&#8243;,&#8221;column_xs&#8221;:&#8221;1&#8243;,&#8221;margins&#8221;:&#8221;&#8221;,&#8221;pag_type&#8221;:&#8221;load_more&#8221;,&#8221;pag_items&#8221;:&#8221;2&#8243;,&#8221;pag_size&#8221;:&#8221;pagination-lg&#8221;,&#8221;pag_animation&#8221;:&#8221;fade-top&#8221;,&#8221;pag_scroll_top&#8221;:false,&#8221;pag_position&#8221;:&#8221;align-center&#8221;,&#8221;pag_button_prev&#8221;:&#8221;&#8221;,&#8221;pag_button_next&#8221;:&#8221;&#8221;,&#8221;lm_lazy&#8221;:false,&#8221;lm_button_text&#8221;:&#8221;Daha Fazla&#8221;,&#8221;box&#8221;:&#8221;blog_top&#8221;,&#8221;boxed&#8221;:true,&#8221;extra&#8221;:false,&#8221;content&#8221;:&#8221;&#8221;,&#8221;title_length&#8221;:&#8221;36&#8243;,&#8221;excerpt_length&#8221;:&#8221;75&#8243;,&#8221;title_size&#8221;:&#8221;text-md&#8221;,&#8221;custom_css&#8221;:&#8221;&#8221;,&#8221;button_text&#8221;:&#8221;&#8221;,&#8221;button_style&#8221;:&#8221;square&#8221;,&#8221;button_dimensions&#8221;:&#8221;btn-lg&#8221;,&#8221;button_animation&#8221;:false,&#8221;button_icon&#8221;:&#8221;&#8221;}]}],&#8221;section_settings&#8221;:&#8221;&#8221;},&#8221;scripts&#8221;:{&#8220;lightbox&#8221;:&#8221;magnific-popup.min.js&#8221;,&#8221;pagination&#8221;:&#8221;pagination.min.js&#8221;},&#8221;css&#8221;:{&#8220;lightbox&#8221;:&#8221;css\/magnific-popup.css&#8221;,&#8221;content_box&#8221;:&#8221;css\/content-box.css&#8221;,&#8221;media_box&#8221;:&#8221;css\/media-box.css&#8221;},&#8221;css_page&#8221;:&#8221;&#8221;,&#8221;template_setting&#8221;:{},&#8221;template_setting_top&#8221;:{},&#8221;page_setting&#8221;:{&#8220;settings&#8221;:[&#8220;lock-mode-off&#8221;]},&#8221;post_type_setting&#8221;:{&#8220;settings&#8221;:{&#8220;image&#8221;:&#8221;https:\/\/www.cigdemguven.com\/medias\/2020\/04\/cigdemguven_sabir.jpg|400|740|624&#8243;,&#8221;excerpt&#8221;:&#8221;Y\u00f6neticilikte sab\u0131r \u00f6nemli bir kavramd\u0131r. Sab\u0131r aktiftir, pasif de\u011fildir. Zorluklar\u0131n ge\u00e7mesini beklemek, ak\u0131\u015fa b\u0131rakabilme halidir. T\u00fcm deneyimlerimde sabr\u0131n, y\u00f6neticilerin ba\u015far\u0131s\u0131nda \u00f6nemli oldu\u011funu g\u00f6rmekteyim. Asl\u0131nda ya\u015fam bize sabr\u0131 \u00f6\u011fretir, \u00f6\u011frenmemekte direnirsek \u00f6\u011frenene kadar deneyimleriz ve \u00f6\u011freniriz. \u00d6nemli bir geli\u015fim alan\u0131d\u0131r.&#8221;,&#8221;extra_1&#8243;:&#8221;Blog&#8221;,&#8221;extra_2&#8243;:&#8221;&#8221;,&#8221;icon&#8221;:{&#8220;icon&#8221;:&#8221;&#8221;,&#8221;icon_style&#8221;:&#8221;&#8221;,&#8221;icon_image&#8221;:&#8221;&#8221;}}}}<\/p>\n","protected":false},"excerpt":{"rendered":"<p>Y\u00f6neticilikte sab\u0131r \u00f6nemli bir kavramd\u0131r. Sab\u0131r aktiftir, pasif de\u011fildir. Zorluklar\u0131n ge\u00e7mesini beklemek, ak\u0131\u015fa b\u0131rakabilme halidir. T\u00fcm deneyimlerimde sabr\u0131n, y\u00f6neticilerin ba\u015far\u0131s\u0131nda \u00f6nemli oldu\u011funu g\u00f6rmekteyim. Asl\u0131nda ya\u015fam bize sabr\u0131 \u00f6\u011fretir, \u00f6\u011frenmemekte direnirsek \u00f6\u011frenene kadar deneyimleriz ve \u00f6\u011freniriz. \u00d6nemli bir geli\u015fim alan\u0131d\u0131r.<\/p>\n","protected":false},"author":1,"featured_media":0,"comment_status":"closed","ping_status":"open","sticky":false,"template":"","format":"standard","meta":{"footnotes":""},"categories":[12,19],"tags":[],"class_list":["post-1530","post","type-post","status-publish","format-standard","hentry","category-genel","category-yazilar"],"yoast_head":"\n<title>Y\u00f6netici ve Sab\u0131r | \u00c7i\u011fdem G\u00fcven Management Consulting &amp; Coaching &amp; Mentoring Services<\/title>\n<meta name=\"robots\" content=\"index, follow, max-snippet:-1, max-image-preview:large, max-video-preview:-1\" \/>\n<link rel=\"canonical\" href=\"https:\/\/www.cigdemguven.com\/tr\/genel\/yonetici-ve-sabir\/\" \/>\n<meta property=\"og:locale\" content=\"tr_TR\" \/>\n<meta property=\"og:type\" content=\"article\" \/>\n<meta property=\"og:title\" content=\"Y\u00f6netici ve Sab\u0131r | \u00c7i\u011fdem G\u00fcven Management Consulting &amp; Coaching &amp; Mentoring Services\" \/>\n<meta property=\"og:description\" content=\"Y\u00f6neticilikte sab\u0131r \u00f6nemli bir kavramd\u0131r. Sab\u0131r aktiftir, pasif de\u011fildir. Zorluklar\u0131n ge\u00e7mesini beklemek, ak\u0131\u015fa b\u0131rakabilme halidir. T\u00fcm deneyimlerimde sabr\u0131n, y\u00f6neticilerin ba\u015far\u0131s\u0131nda \u00f6nemli oldu\u011funu g\u00f6rmekteyim. Asl\u0131nda ya\u015fam bize sabr\u0131 \u00f6\u011fretir, \u00f6\u011frenmemekte direnirsek \u00f6\u011frenene kadar deneyimleriz ve \u00f6\u011freniriz. \u00d6nemli bir geli\u015fim alan\u0131d\u0131r.\" \/>\n<meta property=\"og:url\" content=\"https:\/\/www.cigdemguven.com\/tr\/genel\/yonetici-ve-sabir\/\" \/>\n<meta property=\"og:site_name\" content=\"\u00c7i\u011fdem G\u00fcven Management Consulting &amp; Coaching &amp; Mentoring Services\" \/>\n<meta property=\"article:publisher\" content=\"https:\/\/www.facebook.com\/cigdemguvendanisman\" \/>\n<meta property=\"article:published_time\" content=\"2020-04-30T13:24:46+00:00\" \/>\n<meta property=\"article:modified_time\" content=\"2022-08-11T12:34:15+00:00\" \/>\n<meta property=\"og:image\" content=\"https:\/\/www.cigdemguven.com\/medias\/2022\/01\/cigdemguvenphoto.jpg\" \/>\n\t<meta property=\"og:image:width\" content=\"777\" \/>\n\t<meta property=\"og:image:height\" content=\"823\" \/>\n\t<meta property=\"og:image:type\" content=\"image\/jpeg\" \/>\n<meta name=\"author\" content=\"\u00c7i\u011fdem G\u00fcven\" \/>\n<meta name=\"twitter:card\" content=\"summary_large_image\" \/>\n<meta name=\"twitter:creator\" content=\"@cigdemguvencom\" \/>\n<meta name=\"twitter:site\" content=\"@cigdemguvencom\" \/>\n<meta name=\"twitter:label1\" content=\"Yazan:\" \/>\n\t<meta name=\"twitter:data1\" content=\"\u00c7i\u011fdem G\u00fcven\" \/>\n\t<meta name=\"twitter:label2\" content=\"Tahmini okuma s\u00fcresi\" \/>\n\t<meta name=\"twitter:data2\" content=\"7 dakika\" \/>\n<script type=\"application\/ld+json\" class=\"yoast-schema-graph\">{\"@context\":\"https:\/\/schema.org\",\"@graph\":[{\"@type\":\"Article\",\"@id\":\"https:\/\/www.cigdemguven.com\/tr\/genel\/yonetici-ve-sabir\/#article\",\"isPartOf\":{\"@id\":\"https:\/\/www.cigdemguven.com\/tr\/genel\/yonetici-ve-sabir\/\"},\"author\":{\"name\":\"\u00c7i\u011fdem G\u00fcven\",\"@id\":\"https:\/\/www.cigdemguven.com\/tr\/#\/schema\/person\/abd506d3b37ae4dd04e7393ca6ac5921\"},\"headline\":\"Y\u00f6netici ve Sab\u0131r\",\"datePublished\":\"2020-04-30T13:24:46+00:00\",\"dateModified\":\"2022-08-11T12:34:15+00:00\",\"mainEntityOfPage\":{\"@id\":\"https:\/\/www.cigdemguven.com\/tr\/genel\/yonetici-ve-sabir\/\"},\"wordCount\":1399,\"publisher\":{\"@id\":\"https:\/\/www.cigdemguven.com\/tr\/#organization\"},\"articleSection\":{\"1\":\"Yaz\u0131lar\"},\"inLanguage\":\"tr\"},{\"@type\":\"WebPage\",\"@id\":\"https:\/\/www.cigdemguven.com\/tr\/genel\/yonetici-ve-sabir\/\",\"url\":\"https:\/\/www.cigdemguven.com\/tr\/genel\/yonetici-ve-sabir\/\",\"name\":\"Y\u00f6netici ve Sab\u0131r | \u00c7i\u011fdem G\u00fcven Management Consulting &amp; Coaching &amp; Mentoring Services\",\"isPartOf\":{\"@id\":\"https:\/\/www.cigdemguven.com\/tr\/#website\"},\"datePublished\":\"2020-04-30T13:24:46+00:00\",\"dateModified\":\"2022-08-11T12:34:15+00:00\",\"breadcrumb\":{\"@id\":\"https:\/\/www.cigdemguven.com\/tr\/genel\/yonetici-ve-sabir\/#breadcrumb\"},\"inLanguage\":\"tr\",\"potentialAction\":[{\"@type\":\"ReadAction\",\"target\":[\"https:\/\/www.cigdemguven.com\/tr\/genel\/yonetici-ve-sabir\/\"]}]},{\"@type\":\"BreadcrumbList\",\"@id\":\"https:\/\/www.cigdemguven.com\/tr\/genel\/yonetici-ve-sabir\/#breadcrumb\",\"itemListElement\":[{\"@type\":\"ListItem\",\"position\":1,\"name\":\"Home\",\"item\":\"https:\/\/www.cigdemguven.com\/tr\/\"},{\"@type\":\"ListItem\",\"position\":2,\"name\":\"Y\u00f6netici ve Sab\u0131r\"}]},{\"@type\":\"WebSite\",\"@id\":\"https:\/\/www.cigdemguven.com\/tr\/#website\",\"url\":\"https:\/\/www.cigdemguven.com\/tr\/\",\"name\":\"\u00c7i\u011fdem G\u00fcven Management Consulting &amp; Coaching &amp; Mentoring Services\",\"description\":\"Management Consulting &amp; Coaching &amp; Mentoring Services\",\"publisher\":{\"@id\":\"https:\/\/www.cigdemguven.com\/tr\/#organization\"},\"potentialAction\":[{\"@type\":\"SearchAction\",\"target\":{\"@type\":\"EntryPoint\",\"urlTemplate\":\"https:\/\/www.cigdemguven.com\/tr\/?s={search_term_string}\"},\"query-input\":\"required name=search_term_string\"}],\"inLanguage\":\"tr\"},{\"@type\":\"Organization\",\"@id\":\"https:\/\/www.cigdemguven.com\/tr\/#organization\",\"name\":\"\u00c7i\u011fdem G\u00fcven Management Consulting & Coaching & Mentoring Services\",\"url\":\"https:\/\/www.cigdemguven.com\/tr\/\",\"logo\":{\"@type\":\"ImageObject\",\"inLanguage\":\"tr\",\"@id\":\"https:\/\/www.cigdemguven.com\/tr\/#\/schema\/logo\/image\/\",\"url\":\"https:\/\/www.cigdemguven.com\/medias\/2021\/12\/cigdem-guven-logo.svg\",\"contentUrl\":\"https:\/\/www.cigdemguven.com\/medias\/2021\/12\/cigdem-guven-logo.svg\",\"width\":1,\"height\":1,\"caption\":\"\u00c7i\u011fdem G\u00fcven Management Consulting & Coaching & Mentoring Services\"},\"image\":{\"@id\":\"https:\/\/www.cigdemguven.com\/tr\/#\/schema\/logo\/image\/\"},\"sameAs\":[\"https:\/\/www.facebook.com\/cigdemguvendanisman\",\"https:\/\/twitter.com\/cigdemguvencom\",\"https:\/\/www.instagram.com\/cigdemguvendanismanlik\/\",\"https:\/\/www.linkedin.com\/in\/cigdemguvendanismanlik\/\"]},{\"@type\":\"Person\",\"@id\":\"https:\/\/www.cigdemguven.com\/tr\/#\/schema\/person\/abd506d3b37ae4dd04e7393ca6ac5921\",\"name\":\"\u00c7i\u011fdem G\u00fcven\",\"sameAs\":[\"https:\/\/www.cigdemguven.com\"],\"url\":\"https:\/\/www.cigdemguven.com\/tr\/author\/cigdemguven\/\"}]}<\/script>\n","yoast_head_json":{"title":"Y\u00f6netici ve Sab\u0131r | \u00c7i\u011fdem G\u00fcven Management Consulting &amp; Coaching &amp; Mentoring Services","robots":{"index":"index","follow":"follow","max-snippet":"max-snippet:-1","max-image-preview":"max-image-preview:large","max-video-preview":"max-video-preview:-1"},"canonical":"https:\/\/www.cigdemguven.com\/tr\/genel\/yonetici-ve-sabir\/","og_locale":"tr_TR","og_type":"article","og_title":"Y\u00f6netici ve Sab\u0131r | \u00c7i\u011fdem G\u00fcven Management Consulting &amp; Coaching &amp; Mentoring Services","og_description":"Y\u00f6neticilikte sab\u0131r \u00f6nemli bir kavramd\u0131r. Sab\u0131r aktiftir, pasif de\u011fildir. Zorluklar\u0131n ge\u00e7mesini beklemek, ak\u0131\u015fa b\u0131rakabilme halidir. T\u00fcm deneyimlerimde sabr\u0131n, y\u00f6neticilerin ba\u015far\u0131s\u0131nda \u00f6nemli oldu\u011funu g\u00f6rmekteyim. Asl\u0131nda ya\u015fam bize sabr\u0131 \u00f6\u011fretir, \u00f6\u011frenmemekte direnirsek \u00f6\u011frenene kadar deneyimleriz ve \u00f6\u011freniriz. \u00d6nemli bir geli\u015fim alan\u0131d\u0131r.","og_url":"https:\/\/www.cigdemguven.com\/tr\/genel\/yonetici-ve-sabir\/","og_site_name":"\u00c7i\u011fdem G\u00fcven Management Consulting &amp; Coaching &amp; Mentoring Services","article_publisher":"https:\/\/www.facebook.com\/cigdemguvendanisman","article_published_time":"2020-04-30T13:24:46+00:00","article_modified_time":"2022-08-11T12:34:15+00:00","og_image":[{"width":777,"height":823,"url":"https:\/\/www.cigdemguven.com\/medias\/2022\/01\/cigdemguvenphoto.jpg","type":"image\/jpeg"}],"author":"\u00c7i\u011fdem G\u00fcven","twitter_card":"summary_large_image","twitter_creator":"@cigdemguvencom","twitter_site":"@cigdemguvencom","twitter_misc":{"Yazan:":"\u00c7i\u011fdem G\u00fcven","Tahmini okuma s\u00fcresi":"7 dakika"},"schema":{"@context":"https:\/\/schema.org","@graph":[{"@type":"Article","@id":"https:\/\/www.cigdemguven.com\/tr\/genel\/yonetici-ve-sabir\/#article","isPartOf":{"@id":"https:\/\/www.cigdemguven.com\/tr\/genel\/yonetici-ve-sabir\/"},"author":{"name":"\u00c7i\u011fdem G\u00fcven","@id":"https:\/\/www.cigdemguven.com\/tr\/#\/schema\/person\/abd506d3b37ae4dd04e7393ca6ac5921"},"headline":"Y\u00f6netici ve Sab\u0131r","datePublished":"2020-04-30T13:24:46+00:00","dateModified":"2022-08-11T12:34:15+00:00","mainEntityOfPage":{"@id":"https:\/\/www.cigdemguven.com\/tr\/genel\/yonetici-ve-sabir\/"},"wordCount":1399,"publisher":{"@id":"https:\/\/www.cigdemguven.com\/tr\/#organization"},"articleSection":{"1":"Yaz\u0131lar"},"inLanguage":"tr"},{"@type":"WebPage","@id":"https:\/\/www.cigdemguven.com\/tr\/genel\/yonetici-ve-sabir\/","url":"https:\/\/www.cigdemguven.com\/tr\/genel\/yonetici-ve-sabir\/","name":"Y\u00f6netici ve Sab\u0131r | \u00c7i\u011fdem G\u00fcven Management Consulting &amp; Coaching &amp; Mentoring Services","isPartOf":{"@id":"https:\/\/www.cigdemguven.com\/tr\/#website"},"datePublished":"2020-04-30T13:24:46+00:00","dateModified":"2022-08-11T12:34:15+00:00","breadcrumb":{"@id":"https:\/\/www.cigdemguven.com\/tr\/genel\/yonetici-ve-sabir\/#breadcrumb"},"inLanguage":"tr","potentialAction":[{"@type":"ReadAction","target":["https:\/\/www.cigdemguven.com\/tr\/genel\/yonetici-ve-sabir\/"]}]},{"@type":"BreadcrumbList","@id":"https:\/\/www.cigdemguven.com\/tr\/genel\/yonetici-ve-sabir\/#breadcrumb","itemListElement":[{"@type":"ListItem","position":1,"name":"Home","item":"https:\/\/www.cigdemguven.com\/tr\/"},{"@type":"ListItem","position":2,"name":"Y\u00f6netici ve Sab\u0131r"}]},{"@type":"WebSite","@id":"https:\/\/www.cigdemguven.com\/tr\/#website","url":"https:\/\/www.cigdemguven.com\/tr\/","name":"\u00c7i\u011fdem G\u00fcven Management Consulting &amp; Coaching &amp; Mentoring Services","description":"Management Consulting &amp; Coaching &amp; Mentoring Services","publisher":{"@id":"https:\/\/www.cigdemguven.com\/tr\/#organization"},"potentialAction":[{"@type":"SearchAction","target":{"@type":"EntryPoint","urlTemplate":"https:\/\/www.cigdemguven.com\/tr\/?s={search_term_string}"},"query-input":"required name=search_term_string"}],"inLanguage":"tr"},{"@type":"Organization","@id":"https:\/\/www.cigdemguven.com\/tr\/#organization","name":"\u00c7i\u011fdem G\u00fcven Management Consulting & Coaching & Mentoring Services","url":"https:\/\/www.cigdemguven.com\/tr\/","logo":{"@type":"ImageObject","inLanguage":"tr","@id":"https:\/\/www.cigdemguven.com\/tr\/#\/schema\/logo\/image\/","url":"https:\/\/www.cigdemguven.com\/medias\/2021\/12\/cigdem-guven-logo.svg","contentUrl":"https:\/\/www.cigdemguven.com\/medias\/2021\/12\/cigdem-guven-logo.svg","width":1,"height":1,"caption":"\u00c7i\u011fdem G\u00fcven Management Consulting & Coaching & Mentoring Services"},"image":{"@id":"https:\/\/www.cigdemguven.com\/tr\/#\/schema\/logo\/image\/"},"sameAs":["https:\/\/www.facebook.com\/cigdemguvendanisman","https:\/\/twitter.com\/cigdemguvencom","https:\/\/www.instagram.com\/cigdemguvendanismanlik\/","https:\/\/www.linkedin.com\/in\/cigdemguvendanismanlik\/"]},{"@type":"Person","@id":"https:\/\/www.cigdemguven.com\/tr\/#\/schema\/person\/abd506d3b37ae4dd04e7393ca6ac5921","name":"\u00c7i\u011fdem G\u00fcven","sameAs":["https:\/\/www.cigdemguven.com"],"url":"https:\/\/www.cigdemguven.com\/tr\/author\/cigdemguven\/"}]}},"_links":{"self":[{"href":"https:\/\/www.cigdemguven.com\/tr\/wp-json\/wp\/v2\/posts\/1530","targetHints":{"allow":["GET"]}}],"collection":[{"href":"https:\/\/www.cigdemguven.com\/tr\/wp-json\/wp\/v2\/posts"}],"about":[{"href":"https:\/\/www.cigdemguven.com\/tr\/wp-json\/wp\/v2\/types\/post"}],"author":[{"embeddable":true,"href":"https:\/\/www.cigdemguven.com\/tr\/wp-json\/wp\/v2\/users\/1"}],"replies":[{"embeddable":true,"href":"https:\/\/www.cigdemguven.com\/tr\/wp-json\/wp\/v2\/comments?post=1530"}],"version-history":[{"count":2,"href":"https:\/\/www.cigdemguven.com\/tr\/wp-json\/wp\/v2\/posts\/1530\/revisions"}],"predecessor-version":[{"id":1532,"href":"https:\/\/www.cigdemguven.com\/tr\/wp-json\/wp\/v2\/posts\/1530\/revisions\/1532"}],"wp:attachment":[{"href":"https:\/\/www.cigdemguven.com\/tr\/wp-json\/wp\/v2\/media?parent=1530"}],"wp:term":[{"taxonomy":"category","embeddable":true,"href":"https:\/\/www.cigdemguven.com\/tr\/wp-json\/wp\/v2\/categories?post=1530"},{"taxonomy":"post_tag","embeddable":true,"href":"https:\/\/www.cigdemguven.com\/tr\/wp-json\/wp\/v2\/tags?post=1530"}],"curies":[{"name":"wp","href":"https:\/\/api.w.org\/{rel}","templated":true}]}}