{"id":1489,"date":"2021-03-26T14:27:24","date_gmt":"2021-03-26T11:27:24","guid":{"rendered":"https:\/\/www.cigdemguven.com\/genel\/delegation-in-management\/"},"modified":"2022-04-06T16:44:36","modified_gmt":"2022-04-06T13:44:36","slug":"yonetimde-delegasyon","status":"publish","type":"post","link":"https:\/\/www.cigdemguven.com\/tr\/yazilar\/yonetimde-delegasyon\/","title":{"rendered":"Y\u00f6netimde Delegasyon"},"content":{"rendered":"<p>{&#8220;main-title&#8221;:{&#8220;component&#8221;:&#8221;hc_title&#8221;,&#8221;id&#8221;:&#8221;main-title&#8221;,&#8221;title&#8221;:&#8221;&#8221;,&#8221;subtitle&#8221;:&#8221;&#8221;,&#8221;title_content&#8221;:{&#8220;component&#8221;:&#8221;hc_title_empty&#8221;,&#8221;id&#8221;:&#8221;title-empty&#8221;}},&#8221;section_QvNqz&#8221;:{&#8220;component&#8221;:&#8221;hc_section&#8221;,&#8221;id&#8221;:&#8221;section_QvNqz&#8221;,&#8221;section_width&#8221;:&#8221;&#8221;,&#8221;animation&#8221;:&#8221;&#8221;,&#8221;animation_time&#8221;:&#8221;&#8221;,&#8221;timeline_animation&#8221;:&#8221;&#8221;,&#8221;timeline_delay&#8221;:&#8221;&#8221;,&#8221;timeline_order&#8221;:&#8221;&#8221;,&#8221;vertical_row&#8221;:&#8221;&#8221;,&#8221;css_classes&#8221;:&#8221;section-color no-padding-bottom no-padding-top &#8220;,&#8221;custom_css_classes&#8221;:&#8221;containerblog&#8221;,&#8221;custom_css_styles&#8221;:&#8221;&#8221;,&#8221;section_content&#8221;:[{&#8220;component&#8221;:&#8221;hc_column&#8221;,&#8221;id&#8221;:&#8221;P1FCZ&#8221;,&#8221;column_width&#8221;:&#8221;col-md-12&#8243;,&#8221;animation&#8221;:&#8221;&#8221;,&#8221;animation_time&#8221;:&#8221;&#8221;,&#8221;timeline_animation&#8221;:&#8221;&#8221;,&#8221;timeline_delay&#8221;:&#8221;&#8221;,&#8221;timeline_order&#8221;:&#8221;&#8221;,&#8221;css_classes&#8221;:&#8221;boxed-area align-items-center &#8220;,&#8221;custom_css_classes&#8221;:&#8221;&#8221;,&#8221;custom_css_styles&#8221;:&#8221;&#8221;,&#8221;main_content&#8221;:[{&#8220;component&#8221;:&#8221;hc_title_tag&#8221;,&#8221;id&#8221;:&#8221;5ZtkF&#8221;,&#8221;css_classes&#8221;:&#8221;&#8221;,&#8221;custom_css_classes&#8221;:&#8221;&#8221;,&#8221;custom_css_styles&#8221;:&#8221;&#8221;,&#8221;text&#8221;:&#8221;Y\u00f6netimde Delegasyon&#8221;,&#8221;tag&#8221;:&#8221;h1&#8243;},{&#8220;component&#8221;:&#8221;hc_image_box&#8221;,&#8221;id&#8221;:&#8221;P92Nk&#8221;,&#8221;css_classes&#8221;:&#8221;&#8221;,&#8221;custom_css_classes&#8221;:&#8221;&#8221;,&#8221;custom_css_styles&#8221;:&#8221;&#8221;,&#8221;image&#8221;:&#8221;https:\/\/www.cigdemguven.com\/medias\/2021\/03\/cigdem-guven-delegasyon-1024&#215;714.jpg|753|1080|563&#8243;,&#8221;link_type&#8221;:&#8221;lightbox&#8221;,&#8221;lightbox_animation&#8221;:&#8221;&#8221;,&#8221;caption&#8221;:&#8221;Y\u00f6netimde Delegasyon&#8221;,&#8221;inner_caption&#8221;:false,&#8221;new_window&#8221;:false,&#8221;link&#8221;:&#8221;https:\/\/www.cigdemguven.com\/medias\/2021\/03\/cigdem-guven-delegasyon.jpg&#8221;,&#8221;link_content&#8221;:[],&#8221;lightbox_size&#8221;:&#8221;&#8221;,&#8221;scrollbox&#8221;:false,&#8221;icon&#8221;:&#8221;&#8221;,&#8221;image_animation&#8221;:&#8221;&#8221;,&#8221;icon_animation&#8221;:&#8221;&#8221;,&#8221;thumb_size&#8221;:&#8221;full&#8221;,&#8221;icon_hidden&#8221;:true,&#8221;caption_img_box&#8221;:&#8221;&#8221;,&#8221;alt&#8221;:&#8221;&#8221;}]}],&#8221;section_settings&#8221;:&#8221;&#8221;},&#8221;section_aSGAU&#8221;:{&#8220;component&#8221;:&#8221;hc_section&#8221;,&#8221;id&#8221;:&#8221;section_aSGAU&#8221;,&#8221;section_width&#8221;:&#8221;&#8221;,&#8221;animation&#8221;:&#8221;&#8221;,&#8221;animation_time&#8221;:&#8221;&#8221;,&#8221;timeline_animation&#8221;:&#8221;&#8221;,&#8221;timeline_delay&#8221;:&#8221;&#8221;,&#8221;timeline_order&#8221;:&#8221;&#8221;,&#8221;vertical_row&#8221;:&#8221;&#8221;,&#8221;css_classes&#8221;:&#8221;no-padding-bottom no-padding-top &#8220;,&#8221;custom_css_classes&#8221;:&#8221;blogtext&#8221;,&#8221;custom_css_styles&#8221;:&#8221;&#8221;,&#8221;section_content&#8221;:[{&#8220;component&#8221;:&#8221;hc_column&#8221;,&#8221;id&#8221;:&#8221;column_0qrhK&#8221;,&#8221;column_width&#8221;:&#8221;col-md-12&#8243;,&#8221;animation&#8221;:&#8221;&#8221;,&#8221;animation_time&#8221;:&#8221;&#8221;,&#8221;timeline_animation&#8221;:&#8221;&#8221;,&#8221;timeline_delay&#8221;:&#8221;&#8221;,&#8221;timeline_order&#8221;:&#8221;&#8221;,&#8221;css_classes&#8221;:&#8221;&#8221;,&#8221;custom_css_classes&#8221;:&#8221;&#8221;,&#8221;custom_css_styles&#8221;:&#8221;&#8221;,&#8221;main_content&#8221;:[{&#8220;component&#8221;:&#8221;hc_wp_editor&#8221;,&#8221;id&#8221;:&#8221;gE6EW&#8221;,&#8221;css_classes&#8221;:&#8221;&#8221;,&#8221;custom_css_classes&#8221;:&#8221;&#8221;,&#8221;custom_css_styles&#8221;:&#8221;&#8221;,&#8221;editor_content&#8221;:&#8221;\u201cBir elin nesi var, iki elin sesi var\u201d veya \u201cbirlikten kuvvet do\u011far\u201d s\u00f6zleri bo\u015funa s\u00f6ylenmedi. \u0130nsan kapasitesinin s\u0131n\u0131rl\u0131 oldu\u011fu d\u00fc\u015f\u00fcn\u00fcld\u00fc\u011f\u00fcnde, bir insan\u0131n her i\u015fe yeti\u015fmesi veya birden fazla i\u015fi ayn\u0131 anda, istisnalar d\u0131\u015f\u0131nda, gere\u011fi gibi yerine getirmesi d\u00fc\u015f\u00fcn\u00fclemez. Dolay\u0131s\u0131yla i\u015fb\u00f6l\u00fcm\u00fc yapmak ve i\u015flerin bir k\u0131sm\u0131n\u0131 payla\u015fmak etkili i\u015f y\u00fcr\u00fctmek isteyen insanlar i\u00e7in olduk\u00e7a faydal\u0131d\u0131r.\\n\\nDelegasyon yani bir di\u011fer ifadeyle yetki devri, y\u00f6neticinin birtak\u0131m i\u015fleri \u00e7al\u0131\u015fanlar\u0131na devretmesi olarak k\u0131saca tan\u0131mlanabilir. Fakat delegasyon s\u00fcreci basit bir yetki devri olmay\u0131p asl\u0131nda i\u00e7inde bir\u00e7ok unsur bar\u0131nd\u0131r\u0131r. \u00d6rne\u011fin, se\u00e7ici olmadan rastgele bir \u00e7al\u0131\u015fana sadece neyi yapaca\u011f\u0131n\u0131 s\u00f6yleyip gerisine kar\u0131\u015fmamak etkili bir delegasyon y\u00f6ntemi olmayacakt\u0131r. Bu s\u00fcre\u00e7te \u00e7al\u0131\u015fanlar\u0131n nitelikleri, i\u015fin \u00f6zelli\u011fi, y\u00f6neticilerin beklentisi, \u015firketin ihtiyac\u0131 gibi bir\u00e7ok fakt\u00f6r \u00f6nemli olup etkili delegasyon i\u00e7in gerekli ara\u015ft\u0131rman\u0131n yap\u0131lmas\u0131 gerekir. Bu ara\u015ft\u0131rman\u0131n ba\u015far\u0131l\u0131 olma ko\u015fulu ise delegasyon nedir sorusuna verilecek cevab\u0131n tutarl\u0131l\u0131\u011f\u0131na ba\u011fl\u0131d\u0131r.\\n\\nDelegasyon ne demek sorusu cevapland\u0131ktan sonra y\u00f6neticiler yetki verme g\u00f6revini daha etkili bir \u015fekilde yapabilir. Peki, etkili delegasyon nas\u0131l olur? Y\u00f6neticilik, hem i\u015fi hem de insan\u0131 y\u00f6netme sanat\u0131d\u0131r. Bu sanat\u0131n icras\u0131nda ise destek almak ve ekip h\u00e2linde i\u015f y\u00fcr\u00fctmek \u00e7ok \u00f6nemlidir. \u0130\u015fte bu noktada devreye delegasyon yani yetki devri girer. O noktada y\u00f6neticinin \u00e7al\u0131\u015fan\u0131na g\u00fcven duymas\u0131 ve \u00e7al\u0131\u015fan\u0131n da kendisine duyulan g\u00fcveni bo\u015fa \u00e7\u0131karmamas\u0131 gerekir. Bu y\u00fczden beklentilerin i\u015fin ba\u015flang\u0131c\u0131nda belirtilmesi ve \u00e7al\u0131\u015fanlar\u0131n yetkinliklerine g\u00f6re yetki devri yap\u0131lmas\u0131 ileride ortaya \u00e7\u0131kabilecek olas\u0131 sorunlar\u0131n erkenden \u00f6nlenmesini sa\u011flayacakt\u0131r.\\n\\n\u00d6te yandan delegasyon s\u0131ras\u0131nda, y\u00f6netici \u00e7al\u0131\u015fan\u0131na bir nevi delegasyon ile ilgili bilgiler vermeli ve s\u00fcre\u00e7 boyunca \u00e7al\u0131\u015fan\u0131n yan\u0131nda oldu\u011funu hissettirmelidir. Y\u00f6neticiler ayn\u0131 zamanda i\u015fi delege ettikleri ki\u015filerle sa\u011flam ili\u015fkiler kurmal\u0131, kendisine yetki verilen ki\u015filerin geli\u015fimine katk\u0131da bulunmay\u0131 taahh\u00fct etmeli ve bu ki\u015filere geribildirimde bulunmal\u0131d\u0131r. \u00c7\u00fcnk\u00fc geri bildirim delegasyon performans\u0131 ve deneyimlerden \u00f6\u011frenme a\u00e7\u0131s\u0131ndan \u00e7ok \u00f6nemlidir. Y\u00f6neticinin, yetki devri yapaca\u011f\u0131 \u00e7al\u0131\u015fan\u0131 bu sorumlulu\u011fa haz\u0131rlamas\u0131 neticesinde zaman ve enerjiden tasarruf yap\u0131lm\u0131\u015f olacakt\u0131r.\\n\\nEtkili delegasyon i\u00e7in beklentiler belirlendikten sonra, y\u00f6netici i\u015fi delege edece\u011fi adaylar\u0131 de\u011ferlendirmelidir. Bu de\u011ferlendirmede ki\u015finin yetkinlikleri, iste\u011fi, e\u011filimi gibi etkenler g\u00f6z \u00f6n\u00fcnde bulundurulmal\u0131d\u0131r. \u00d6rne\u011fin, y\u00f6neticilik yapmay\u0131 ve sorumluluk almay\u0131 sevmeyen birisine yetki devri yap\u0131l\u0131rsa bu durum sadece i\u015fi aksatmakla kalmaz, ayn\u0131 zamanda \u00e7al\u0131\u015fanlar\u0131 da usand\u0131r\u0131r. Dolay\u0131s\u0131yla delegasyon i\u00e7in uygun aday\u0131 belirlemede istekler ve yetkinliklerin asla g\u00f6z ard\u0131 edilmemesi gerekir. Bu noktada yetkinin devredilece\u011fi adaylar\u0131n yan\u0131 s\u0131ra di\u011fer \u00e7al\u0131\u015fanlar\u0131n g\u00f6r\u00fc\u015flerini almak ve fikir al\u0131\u015fveri\u015finde bulunmak etkili delegasyon a\u00e7\u0131s\u0131ndan faydal\u0131 olacakt\u0131r.\\n\\nYetki devri iyi bir \u015fekilde ger\u00e7ekle\u015ftirildi\u011finde sadece y\u00f6neticiye de\u011fil ayn\u0131 zamanda y\u00f6netilen insanlara ve kuruma da \u00e7ok faydal\u0131 olacakt\u0131r. Delegasyonun lider i\u00e7in faydalar\u0131 konusunda, \u00f6ncelikle enerji ve zaman tasarrufu say\u0131labilir. \u0130\u015fi ba\u015fkas\u0131na delege eden y\u00f6netici, kurumu ve kendisini geli\u015ftirmeye daha fazla zaman ay\u0131rabilecektir. H\u00e2liyle kendisini e\u011fiten y\u00f6netici, y\u00f6neticilik konusunda daha yetkinle\u015fir. Lider i\u015fi en iyi \u015fekilde yapabilecek ki\u015filere yetki devri ger\u00e7ekle\u015ftirerek hem hayat hem de i\u015f kalitesini artt\u0131rabilir.\\n\\nDelegasyonun delege edilen \u00e7al\u0131\u015fanlar i\u00e7in de faydalar\u0131 bulunmaktad\u0131r. \u00d6ncelikle i\u015f delege edildi\u011finde ki\u015fi kendini geli\u015ftirme f\u0131rsat\u0131 bulur ve sorumluluk \u00fcstlenir. \u00dcstlendi\u011fi sorumluluk sayesinde hem sorumluluk bilinci hem de tak\u0131m ruhu geli\u015fir. Bu sayede kurum i\u00e7indeki dayan\u0131\u015fma artar ve ki\u015fideki aidiyet bilinci artar. Gelece\u011fin y\u00f6netici adaylar\u0131n\u0131 yeti\u015ftirmek a\u00e7\u0131s\u0131ndan da \u00f6nemlidir. Yetki devredilen ki\u015fi, bu sayede kendine bir nevi e\u011fitim sahas\u0131 bulmu\u015f olur ve ileride daha y\u00fcksek pozisyonlara geldi\u011finde ekip y\u00f6netmesi kolayla\u015f\u0131r. Bunun yan\u0131 s\u0131ra, i\u015fi kendisine delege eden lider ile de yak\u0131n ili\u015fki i\u00e7inde bulunarak ve ondan geri bildirim alarak i\u015f kalitesini geli\u015ftirir. \u0130\u015f kalitesinin artmas\u0131 da do\u011fal olarak kurumsal bazda ba\u015far\u0131y\u0131 beraberinde getirir.\\n\\nDelegasyonun kurum a\u00e7\u0131s\u0131ndan faydalar\u0131na bakacak olursak en ba\u015fka etkili i\u015f organizasyonunun ger\u00e7ekle\u015fmesine katk\u0131da bulundu\u011fu s\u00f6ylenebilir. Alan\u0131nda uzmanla\u015fan y\u00f6neticiler ve \u00e7al\u0131\u015fanlar, \u015firket i\u00e7in daha iyi kararlar alarak i\u015flerini en iyi \u015fekilde yaparlar. Bir ki\u015finin her i\u015fi yapmas\u0131 d\u00fc\u015f\u00fcn\u00fclemeyece\u011finden bu sayede hem kurumsal hem de bireysel ba\u015far\u0131 artm\u0131\u015f olur. Bu ba\u015far\u0131n\u0131n artmas\u0131 da kurumsal b\u00fcy\u00fcmeyi beraberinde getirir.\\n\\nDelegasyon sonucunda hem ki\u015fisel geli\u015fim hem de kurumsal geli\u015fim m\u00fcmk\u00fcn olur. Ki\u015fisel bazda, delegasyon ekip ruhunu g\u00fc\u00e7lendirir, motivasyonu artt\u0131r\u0131r, ki\u015fisel geli\u015fimi tetikler ve insani ili\u015fkilere katk\u0131da bulunur. Bir banka m\u00fcd\u00fcr\u00fcn\u00fcn baz\u0131 i\u015fleri m\u00fcd\u00fcr yard\u0131mc\u0131s\u0131na delege etmesi \u00f6rne\u011finde, m\u00fcd\u00fcr yard\u0131mc\u0131s\u0131n\u0131n aidiyet duygusu artar, i\u015f yapma ve i\u015fi b\u00fcy\u00fctme motivasyonu geli\u015fir, etkili y\u00f6netim i\u00e7in bir tak\u0131m ara\u015ft\u0131rmalar yapmaya ve kendini geli\u015ftirmeye vakit ay\u0131r\u0131r ve ekip arkada\u015flar\u0131yla daha yak\u0131n \u00e7al\u0131\u015farak hem insani ili\u015fkileri iyile\u015fir hem de kurumdaki ekip ruhu g\u00fc\u00e7lenir.\\n\\nKurum a\u00e7\u0131s\u0131ndan ise etkili y\u00f6netimin kurumsal bazda ba\u015far\u0131y\u0131 getirdi\u011fi g\u00f6r\u00fcl\u00fcr. \u0130nsanlar yanlar\u0131nda iyi hissettikleri ki\u015filerle daha iyi \u00e7al\u0131\u015f\u0131r. Ekip ruhunun y\u00fcksek oldu\u011fu organizasyonlarda hem kurumsal hem de bireysel ba\u015far\u0131 daha y\u00fcksektir. Ayr\u0131ca sorumluluk payla\u015f\u0131ld\u0131\u011f\u0131ndan olumsuz bir olayda ekibin bunu g\u00f6\u011f\u00fcslemesi daha kolay olur.&#8221;}]},{&#8220;component&#8221;:&#8221;hc_column&#8221;,&#8221;id&#8221;:&#8221;column_1O7IS&#8221;,&#8221;column_width&#8221;:&#8221;col-md-12&#8243;,&#8221;animation&#8221;:&#8221;&#8221;,&#8221;animation_time&#8221;:&#8221;&#8221;,&#8221;timeline_animation&#8221;:&#8221;&#8221;,&#8221;timeline_delay&#8221;:&#8221;&#8221;,&#8221;timeline_order&#8221;:&#8221;&#8221;,&#8221;css_classes&#8221;:&#8221;&#8221;,&#8221;custom_css_classes&#8221;:&#8221;socialbox&#8221;,&#8221;custom_css_styles&#8221;:&#8221;&#8221;,&#8221;main_content&#8221;:[{&#8220;component&#8221;:&#8221;hc_space&#8221;,&#8221;id&#8221;:&#8221;2pxhb&#8221;,&#8221;css_classes&#8221;:&#8221;&#8221;,&#8221;custom_css_classes&#8221;:&#8221;&#8221;,&#8221;custom_css_styles&#8221;:&#8221;&#8221;,&#8221;size&#8221;:&#8221;space-lg&#8221;,&#8221;height&#8221;:&#8221;&#8221;},{&#8220;component&#8221;:&#8221;hc_text_block&#8221;,&#8221;id&#8221;:&#8221;enmHA&#8221;,&#8221;css_classes&#8221;:&#8221;&#8221;,&#8221;custom_css_classes&#8221;:&#8221;&#8221;,&#8221;custom_css_styles&#8221;:&#8221;&#8221;,&#8221;content&#8221;:&#8221;Payla\u015f&#8221;},{&#8220;component&#8221;:&#8221;hc_social_share_buttons&#8221;,&#8221;id&#8221;:&#8221;GAQ7O&#8221;,&#8221;css_classes&#8221;:&#8221;&#8221;,&#8221;custom_css_classes&#8221;:&#8221;&#8221;,&#8221;custom_css_styles&#8221;:&#8221;&#8221;,&#8221;style&#8221;:&#8221;icon-links-button&#8221;,&#8221;size&#8221;:&#8221;&#8221;,&#8221;alignment&#8221;:&#8221;&#8221;,&#8221;type&#8221;:&#8221;&#8221;,&#8221;social_colors&#8221;:true,&#8221;fb&#8221;:true,&#8221;fb_link&#8221;:&#8221;&#8221;,&#8221;tw&#8221;:true,&#8221;tw_link&#8221;:&#8221;&#8221;,&#8221;pi&#8221;:true,&#8221;pi_link&#8221;:&#8221;&#8221;,&#8221;li&#8221;:true,&#8221;li_link&#8221;:&#8221;&#8221;}]}],&#8221;section_settings&#8221;:&#8221;&#8221;},&#8221;section_dDpN7&#8243;:{&#8220;component&#8221;:&#8221;hc_section&#8221;,&#8221;id&#8221;:&#8221;section_dDpN7&#8243;,&#8221;section_width&#8221;:&#8221;&#8221;,&#8221;animation&#8221;:&#8221;&#8221;,&#8221;animation_time&#8221;:&#8221;&#8221;,&#8221;timeline_animation&#8221;:&#8221;&#8221;,&#8221;timeline_delay&#8221;:&#8221;&#8221;,&#8221;timeline_order&#8221;:&#8221;&#8221;,&#8221;vertical_row&#8221;:&#8221;&#8221;,&#8221;css_classes&#8221;:&#8221;section-color &#8220;,&#8221;custom_css_classes&#8221;:&#8221;&#8221;,&#8221;custom_css_styles&#8221;:&#8221;&#8221;,&#8221;section_content&#8221;:[{&#8220;component&#8221;:&#8221;hc_column&#8221;,&#8221;id&#8221;:&#8221;XLZ44&#8243;,&#8221;column_width&#8221;:&#8221;col-md-12&#8243;,&#8221;animation&#8221;:&#8221;&#8221;,&#8221;animation_time&#8221;:&#8221;&#8221;,&#8221;timeline_animation&#8221;:&#8221;&#8221;,&#8221;timeline_delay&#8221;:&#8221;&#8221;,&#8221;timeline_order&#8221;:&#8221;&#8221;,&#8221;css_classes&#8221;:&#8221;&#8221;,&#8221;custom_css_classes&#8221;:&#8221;&#8221;,&#8221;custom_css_styles&#8221;:&#8221;&#8221;,&#8221;main_content&#8221;:[{&#8220;component&#8221;:&#8221;hc_title_tag&#8221;,&#8221;id&#8221;:&#8221;4AoyD&#8221;,&#8221;css_classes&#8221;:&#8221;&#8221;,&#8221;custom_css_classes&#8221;:&#8221;&#8221;,&#8221;custom_css_styles&#8221;:&#8221;&#8221;,&#8221;text&#8221;:&#8221;Son Yaz\u0131lar&#8221;,&#8221;tag&#8221;:&#8221;h2&#8243;},{&#8220;component&#8221;:&#8221;hc_space&#8221;,&#8221;id&#8221;:&#8221;TsAHd&#8221;,&#8221;css_classes&#8221;:&#8221;&#8221;,&#8221;custom_css_classes&#8221;:&#8221;&#8221;,&#8221;custom_css_styles&#8221;:&#8221;&#8221;,&#8221;size&#8221;:&#8221;space&#8221;,&#8221;height&#8221;:&#8221;&#8221;},{&#8220;component&#8221;:&#8221;hc_pt_grid_list&#8221;,&#8221;id&#8221;:&#8221;J9IEW&#8221;,&#8221;css_classes&#8221;:&#8221;&#8221;,&#8221;custom_css_classes&#8221;:&#8221;&#8221;,&#8221;custom_css_styles&#8221;:&#8221;&#8221;,&#8221;post_type_slug&#8221;:&#8221;post&#8221;,&#8221;post_type_category&#8221;:&#8221;yazilar&#8221;,&#8221;column&#8221;:&#8221;2&#8243;,&#8221;column_lg&#8221;:&#8221;2&#8243;,&#8221;column_md&#8221;:&#8221;2&#8243;,&#8221;column_sm&#8221;:&#8221;1&#8243;,&#8221;column_xs&#8221;:&#8221;1&#8243;,&#8221;margins&#8221;:&#8221;&#8221;,&#8221;pag_type&#8221;:&#8221;load_more&#8221;,&#8221;pag_items&#8221;:&#8221;2&#8243;,&#8221;pag_size&#8221;:&#8221;pagination-lg&#8221;,&#8221;pag_animation&#8221;:&#8221;fade-top&#8221;,&#8221;pag_scroll_top&#8221;:false,&#8221;pag_position&#8221;:&#8221;align-center&#8221;,&#8221;pag_button_prev&#8221;:&#8221;&#8221;,&#8221;pag_button_next&#8221;:&#8221;&#8221;,&#8221;lm_lazy&#8221;:false,&#8221;lm_button_text&#8221;:&#8221;Daha Fazla&#8221;,&#8221;box&#8221;:&#8221;blog_top&#8221;,&#8221;boxed&#8221;:true,&#8221;extra&#8221;:false,&#8221;content&#8221;:&#8221;&#8221;,&#8221;title_length&#8221;:&#8221;36&#8243;,&#8221;excerpt_length&#8221;:&#8221;75&#8243;,&#8221;title_size&#8221;:&#8221;text-md&#8221;,&#8221;custom_css&#8221;:&#8221;&#8221;,&#8221;button_text&#8221;:&#8221;&#8221;,&#8221;button_style&#8221;:&#8221;square&#8221;,&#8221;button_dimensions&#8221;:&#8221;btn-lg&#8221;,&#8221;button_animation&#8221;:false,&#8221;button_icon&#8221;:&#8221;&#8221;}]}],&#8221;section_settings&#8221;:&#8221;&#8221;},&#8221;scripts&#8221;:{&#8220;lightbox&#8221;:&#8221;magnific-popup.min.js&#8221;,&#8221;pagination&#8221;:&#8221;pagination.min.js&#8221;},&#8221;css&#8221;:{&#8220;lightbox&#8221;:&#8221;css\/magnific-popup.css&#8221;,&#8221;content_box&#8221;:&#8221;css\/content-box.css&#8221;,&#8221;media_box&#8221;:&#8221;css\/media-box.css&#8221;},&#8221;css_page&#8221;:&#8221;&#8221;,&#8221;template_setting&#8221;:{},&#8221;template_setting_top&#8221;:{},&#8221;page_setting&#8221;:{&#8220;settings&#8221;:[&#8220;lock-mode-off&#8221;]},&#8221;post_type_setting&#8221;:{&#8220;settings&#8221;:{&#8220;image&#8221;:&#8221;https:\/\/www.cigdemguven.com\/medias\/2021\/03\/cigdem-guven-delegasyon-1024&#215;714.jpg|753|1080|563&#8243;,&#8221;excerpt&#8221;:&#8221;\u201cBir elin nesi var, iki elin sesi var\u201d veya \u201cbirlikten kuvvet do\u011far\u201d s\u00f6zleri bo\u015funa s\u00f6ylenmedi. \u0130nsan kapasitesinin s\u0131n\u0131rl\u0131 oldu\u011fu d\u00fc\u015f\u00fcn\u00fcld\u00fc\u011f\u00fcnde, bir insan\u0131n her i\u015fe yeti\u015fmesi veya birden fazla i\u015fi ayn\u0131 anda, istisnalar d\u0131\u015f\u0131nda, gere\u011fi gibi yerine getirmesi d\u00fc\u015f\u00fcn\u00fclemez. Dolay\u0131s\u0131yla i\u015fb\u00f6l\u00fcm\u00fc yapmak ve i\u015flerin bir k\u0131sm\u0131n\u0131 payla\u015fmak etkili i\u015f y\u00fcr\u00fctmek isteyen insanlar i\u00e7in olduk\u00e7a faydal\u0131d\u0131r.&#8221;,&#8221;extra_1&#8243;:&#8221;Yaz\u0131&#8221;,&#8221;extra_2&#8243;:&#8221;&#8221;,&#8221;icon&#8221;:{&#8220;icon&#8221;:&#8221;&#8221;,&#8221;icon_style&#8221;:&#8221;&#8221;,&#8221;icon_image&#8221;:&#8221;&#8221;}}}}<\/p><div class=\"jpw-truncate-btn\"><div class=\"jpw-truncate-header\"><h2>\u00dcye olarak i\u00e7eriklerimize ula\u015f\u0131n.<\/h2><p><\/p><div class=\"jpw_login\"><span>\u00dcyeli\u011fim var!  <a href=\"\/my-account\">Giri\u015f Yap<\/a><\/span><\/div><\/div><div class=\"jpw_btn_wrapper\"><div class=\"jpw_subscribe\">\n\t\t\t\t\t<div class=\"jpw_btn_inner_wrapper\">\n\t\t\t\t\t\t<h3>\u00dcye Ol<\/h3>\n\t\t\t\t\t\t<span>L\u00fctfen t\u00fcm yaz\u0131lar\u0131m\u0131za eri\u015febilmek i\u00e7in \u00fcye olun. <br\/><strong>40'tan fazla yaz\u0131ya eri\u015febilirsiniz.<\/strong><\/span>\n\t\t\t\t\t\t<div class=\"jpw-button\">\n\t\t\t\t\t\t\t<div class=\"btn_wrapper\">\n\t\t\t\t\t\t\t\t<a href=\"https:\/\/www.cigdemguven.com\/subscribe\/\" class=\"btn button \">Hemen \u00dcye Ol<\/a>\n\t\t\t\t\t\t\t<\/div>\n\t\t\t\t\t\t<\/div>\n\t\t\t\t\t<\/div>\n\t\t\t\t<\/div><\/div><\/div>","protected":false},"excerpt":{"rendered":"<p>\u201cBir elin nesi var, iki elin sesi var\u201d veya \u201cbirlikten kuvvet do\u011far\u201d s\u00f6zleri bo\u015funa s\u00f6ylenmedi. \u0130nsan kapasitesinin s\u0131n\u0131rl\u0131 oldu\u011fu d\u00fc\u015f\u00fcn\u00fcld\u00fc\u011f\u00fcnde, bir insan\u0131n her i\u015fe yeti\u015fmesi veya birden fazla i\u015fi ayn\u0131 anda, istisnalar d\u0131\u015f\u0131nda, gere\u011fi gibi yerine getirmesi d\u00fc\u015f\u00fcn\u00fclemez. Dolay\u0131s\u0131yla i\u015fb\u00f6l\u00fcm\u00fc yapmak ve i\u015flerin bir k\u0131sm\u0131n\u0131 payla\u015fmak etkili i\u015f y\u00fcr\u00fctmek isteyen insanlar i\u00e7in olduk\u00e7a faydal\u0131d\u0131r.<\/p>\n","protected":false},"author":1,"featured_media":0,"comment_status":"closed","ping_status":"open","sticky":false,"template":"","format":"standard","meta":{"footnotes":""},"categories":[19],"tags":[],"class_list":["post-1489","post","type-post","status-publish","format-standard","hentry","category-yazilar"],"yoast_head":"\n<title>Y\u00f6netimde Delegasyon | \u00c7i\u011fdem G\u00fcven Management Consulting &amp; Coaching &amp; Mentoring Services<\/title>\n<meta name=\"robots\" content=\"index, follow, max-snippet:-1, max-image-preview:large, max-video-preview:-1\" \/>\n<link rel=\"canonical\" href=\"https:\/\/www.cigdemguven.com\/tr\/yazilar\/yonetimde-delegasyon\/\" \/>\n<meta property=\"og:locale\" content=\"tr_TR\" \/>\n<meta property=\"og:type\" content=\"article\" \/>\n<meta property=\"og:title\" content=\"Y\u00f6netimde Delegasyon | \u00c7i\u011fdem G\u00fcven Management Consulting &amp; Coaching &amp; Mentoring Services\" \/>\n<meta property=\"og:description\" content=\"\u201cBir elin nesi var, iki elin sesi var\u201d veya \u201cbirlikten kuvvet do\u011far\u201d s\u00f6zleri bo\u015funa s\u00f6ylenmedi. \u0130nsan kapasitesinin s\u0131n\u0131rl\u0131 oldu\u011fu d\u00fc\u015f\u00fcn\u00fcld\u00fc\u011f\u00fcnde, bir insan\u0131n her i\u015fe yeti\u015fmesi veya birden fazla i\u015fi ayn\u0131 anda, istisnalar d\u0131\u015f\u0131nda, gere\u011fi gibi yerine getirmesi d\u00fc\u015f\u00fcn\u00fclemez. Dolay\u0131s\u0131yla i\u015fb\u00f6l\u00fcm\u00fc yapmak ve i\u015flerin bir k\u0131sm\u0131n\u0131 payla\u015fmak etkili i\u015f y\u00fcr\u00fctmek isteyen insanlar i\u00e7in olduk\u00e7a faydal\u0131d\u0131r.\" \/>\n<meta property=\"og:url\" content=\"https:\/\/www.cigdemguven.com\/tr\/yazilar\/yonetimde-delegasyon\/\" \/>\n<meta property=\"og:site_name\" content=\"\u00c7i\u011fdem G\u00fcven Management Consulting &amp; Coaching &amp; Mentoring Services\" \/>\n<meta property=\"article:publisher\" content=\"https:\/\/www.facebook.com\/cigdemguvendanisman\" \/>\n<meta property=\"article:published_time\" content=\"2021-03-26T11:27:24+00:00\" \/>\n<meta property=\"article:modified_time\" content=\"2022-04-06T13:44:36+00:00\" \/>\n<meta property=\"og:image\" content=\"https:\/\/www.cigdemguven.com\/medias\/2022\/01\/cigdemguvenphoto.jpg\" \/>\n\t<meta property=\"og:image:width\" content=\"777\" \/>\n\t<meta property=\"og:image:height\" content=\"823\" \/>\n\t<meta property=\"og:image:type\" content=\"image\/jpeg\" \/>\n<meta name=\"author\" content=\"\u00c7i\u011fdem G\u00fcven\" \/>\n<meta name=\"twitter:card\" content=\"summary_large_image\" \/>\n<meta name=\"twitter:creator\" content=\"@cigdemguvencom\" \/>\n<meta name=\"twitter:site\" content=\"@cigdemguvencom\" \/>\n<meta name=\"twitter:label1\" content=\"Yazan:\" \/>\n\t<meta name=\"twitter:data1\" content=\"\u00c7i\u011fdem G\u00fcven\" \/>\n\t<meta name=\"twitter:label2\" content=\"Tahmini okuma s\u00fcresi\" \/>\n\t<meta name=\"twitter:data2\" content=\"9 dakika\" \/>\n<script type=\"application\/ld+json\" class=\"yoast-schema-graph\">{\"@context\":\"https:\/\/schema.org\",\"@graph\":[{\"@type\":\"Article\",\"@id\":\"https:\/\/www.cigdemguven.com\/tr\/yazilar\/yonetimde-delegasyon\/#article\",\"isPartOf\":{\"@id\":\"https:\/\/www.cigdemguven.com\/tr\/yazilar\/yonetimde-delegasyon\/\"},\"author\":{\"name\":\"\u00c7i\u011fdem G\u00fcven\",\"@id\":\"https:\/\/www.cigdemguven.com\/tr\/#\/schema\/person\/abd506d3b37ae4dd04e7393ca6ac5921\"},\"headline\":\"Y\u00f6netimde Delegasyon\",\"datePublished\":\"2021-03-26T11:27:24+00:00\",\"dateModified\":\"2022-04-06T13:44:36+00:00\",\"mainEntityOfPage\":{\"@id\":\"https:\/\/www.cigdemguven.com\/tr\/yazilar\/yonetimde-delegasyon\/\"},\"wordCount\":1761,\"publisher\":{\"@id\":\"https:\/\/www.cigdemguven.com\/tr\/#organization\"},\"articleSection\":[\"Yaz\u0131lar\"],\"inLanguage\":\"tr\"},{\"@type\":\"WebPage\",\"@id\":\"https:\/\/www.cigdemguven.com\/tr\/yazilar\/yonetimde-delegasyon\/\",\"url\":\"https:\/\/www.cigdemguven.com\/tr\/yazilar\/yonetimde-delegasyon\/\",\"name\":\"Y\u00f6netimde Delegasyon | \u00c7i\u011fdem G\u00fcven Management Consulting &amp; Coaching &amp; Mentoring Services\",\"isPartOf\":{\"@id\":\"https:\/\/www.cigdemguven.com\/tr\/#website\"},\"datePublished\":\"2021-03-26T11:27:24+00:00\",\"dateModified\":\"2022-04-06T13:44:36+00:00\",\"breadcrumb\":{\"@id\":\"https:\/\/www.cigdemguven.com\/tr\/yazilar\/yonetimde-delegasyon\/#breadcrumb\"},\"inLanguage\":\"tr\",\"potentialAction\":[{\"@type\":\"ReadAction\",\"target\":[\"https:\/\/www.cigdemguven.com\/tr\/yazilar\/yonetimde-delegasyon\/\"]}]},{\"@type\":\"BreadcrumbList\",\"@id\":\"https:\/\/www.cigdemguven.com\/tr\/yazilar\/yonetimde-delegasyon\/#breadcrumb\",\"itemListElement\":[{\"@type\":\"ListItem\",\"position\":1,\"name\":\"Home\",\"item\":\"https:\/\/www.cigdemguven.com\/tr\/\"},{\"@type\":\"ListItem\",\"position\":2,\"name\":\"Y\u00f6netimde Delegasyon\"}]},{\"@type\":\"WebSite\",\"@id\":\"https:\/\/www.cigdemguven.com\/tr\/#website\",\"url\":\"https:\/\/www.cigdemguven.com\/tr\/\",\"name\":\"\u00c7i\u011fdem G\u00fcven Management Consulting &amp; Coaching &amp; Mentoring Services\",\"description\":\"Management Consulting &amp; Coaching &amp; Mentoring Services\",\"publisher\":{\"@id\":\"https:\/\/www.cigdemguven.com\/tr\/#organization\"},\"potentialAction\":[{\"@type\":\"SearchAction\",\"target\":{\"@type\":\"EntryPoint\",\"urlTemplate\":\"https:\/\/www.cigdemguven.com\/tr\/?s={search_term_string}\"},\"query-input\":\"required name=search_term_string\"}],\"inLanguage\":\"tr\"},{\"@type\":\"Organization\",\"@id\":\"https:\/\/www.cigdemguven.com\/tr\/#organization\",\"name\":\"\u00c7i\u011fdem G\u00fcven Management Consulting & Coaching & Mentoring Services\",\"url\":\"https:\/\/www.cigdemguven.com\/tr\/\",\"logo\":{\"@type\":\"ImageObject\",\"inLanguage\":\"tr\",\"@id\":\"https:\/\/www.cigdemguven.com\/tr\/#\/schema\/logo\/image\/\",\"url\":\"https:\/\/www.cigdemguven.com\/medias\/2021\/12\/cigdem-guven-logo.svg\",\"contentUrl\":\"https:\/\/www.cigdemguven.com\/medias\/2021\/12\/cigdem-guven-logo.svg\",\"width\":1,\"height\":1,\"caption\":\"\u00c7i\u011fdem G\u00fcven Management Consulting & Coaching & Mentoring Services\"},\"image\":{\"@id\":\"https:\/\/www.cigdemguven.com\/tr\/#\/schema\/logo\/image\/\"},\"sameAs\":[\"https:\/\/www.facebook.com\/cigdemguvendanisman\",\"https:\/\/twitter.com\/cigdemguvencom\",\"https:\/\/www.instagram.com\/cigdemguvendanismanlik\/\",\"https:\/\/www.linkedin.com\/in\/cigdemguvendanismanlik\/\"]},{\"@type\":\"Person\",\"@id\":\"https:\/\/www.cigdemguven.com\/tr\/#\/schema\/person\/abd506d3b37ae4dd04e7393ca6ac5921\",\"name\":\"\u00c7i\u011fdem G\u00fcven\",\"sameAs\":[\"https:\/\/www.cigdemguven.com\"],\"url\":\"https:\/\/www.cigdemguven.com\/tr\/author\/cigdemguven\/\"}]}<\/script>\n","yoast_head_json":{"title":"Y\u00f6netimde Delegasyon | \u00c7i\u011fdem G\u00fcven Management Consulting &amp; Coaching &amp; Mentoring Services","robots":{"index":"index","follow":"follow","max-snippet":"max-snippet:-1","max-image-preview":"max-image-preview:large","max-video-preview":"max-video-preview:-1"},"canonical":"https:\/\/www.cigdemguven.com\/tr\/yazilar\/yonetimde-delegasyon\/","og_locale":"tr_TR","og_type":"article","og_title":"Y\u00f6netimde Delegasyon | \u00c7i\u011fdem G\u00fcven Management Consulting &amp; Coaching &amp; Mentoring Services","og_description":"\u201cBir elin nesi var, iki elin sesi var\u201d veya \u201cbirlikten kuvvet do\u011far\u201d s\u00f6zleri bo\u015funa s\u00f6ylenmedi. \u0130nsan kapasitesinin s\u0131n\u0131rl\u0131 oldu\u011fu d\u00fc\u015f\u00fcn\u00fcld\u00fc\u011f\u00fcnde, bir insan\u0131n her i\u015fe yeti\u015fmesi veya birden fazla i\u015fi ayn\u0131 anda, istisnalar d\u0131\u015f\u0131nda, gere\u011fi gibi yerine getirmesi d\u00fc\u015f\u00fcn\u00fclemez. Dolay\u0131s\u0131yla i\u015fb\u00f6l\u00fcm\u00fc yapmak ve i\u015flerin bir k\u0131sm\u0131n\u0131 payla\u015fmak etkili i\u015f y\u00fcr\u00fctmek isteyen insanlar i\u00e7in olduk\u00e7a faydal\u0131d\u0131r.","og_url":"https:\/\/www.cigdemguven.com\/tr\/yazilar\/yonetimde-delegasyon\/","og_site_name":"\u00c7i\u011fdem G\u00fcven Management Consulting &amp; Coaching &amp; Mentoring Services","article_publisher":"https:\/\/www.facebook.com\/cigdemguvendanisman","article_published_time":"2021-03-26T11:27:24+00:00","article_modified_time":"2022-04-06T13:44:36+00:00","og_image":[{"width":777,"height":823,"url":"https:\/\/www.cigdemguven.com\/medias\/2022\/01\/cigdemguvenphoto.jpg","type":"image\/jpeg"}],"author":"\u00c7i\u011fdem G\u00fcven","twitter_card":"summary_large_image","twitter_creator":"@cigdemguvencom","twitter_site":"@cigdemguvencom","twitter_misc":{"Yazan:":"\u00c7i\u011fdem G\u00fcven","Tahmini okuma s\u00fcresi":"9 dakika"},"schema":{"@context":"https:\/\/schema.org","@graph":[{"@type":"Article","@id":"https:\/\/www.cigdemguven.com\/tr\/yazilar\/yonetimde-delegasyon\/#article","isPartOf":{"@id":"https:\/\/www.cigdemguven.com\/tr\/yazilar\/yonetimde-delegasyon\/"},"author":{"name":"\u00c7i\u011fdem G\u00fcven","@id":"https:\/\/www.cigdemguven.com\/tr\/#\/schema\/person\/abd506d3b37ae4dd04e7393ca6ac5921"},"headline":"Y\u00f6netimde Delegasyon","datePublished":"2021-03-26T11:27:24+00:00","dateModified":"2022-04-06T13:44:36+00:00","mainEntityOfPage":{"@id":"https:\/\/www.cigdemguven.com\/tr\/yazilar\/yonetimde-delegasyon\/"},"wordCount":1761,"publisher":{"@id":"https:\/\/www.cigdemguven.com\/tr\/#organization"},"articleSection":["Yaz\u0131lar"],"inLanguage":"tr"},{"@type":"WebPage","@id":"https:\/\/www.cigdemguven.com\/tr\/yazilar\/yonetimde-delegasyon\/","url":"https:\/\/www.cigdemguven.com\/tr\/yazilar\/yonetimde-delegasyon\/","name":"Y\u00f6netimde Delegasyon | \u00c7i\u011fdem G\u00fcven Management Consulting &amp; Coaching &amp; Mentoring Services","isPartOf":{"@id":"https:\/\/www.cigdemguven.com\/tr\/#website"},"datePublished":"2021-03-26T11:27:24+00:00","dateModified":"2022-04-06T13:44:36+00:00","breadcrumb":{"@id":"https:\/\/www.cigdemguven.com\/tr\/yazilar\/yonetimde-delegasyon\/#breadcrumb"},"inLanguage":"tr","potentialAction":[{"@type":"ReadAction","target":["https:\/\/www.cigdemguven.com\/tr\/yazilar\/yonetimde-delegasyon\/"]}]},{"@type":"BreadcrumbList","@id":"https:\/\/www.cigdemguven.com\/tr\/yazilar\/yonetimde-delegasyon\/#breadcrumb","itemListElement":[{"@type":"ListItem","position":1,"name":"Home","item":"https:\/\/www.cigdemguven.com\/tr\/"},{"@type":"ListItem","position":2,"name":"Y\u00f6netimde Delegasyon"}]},{"@type":"WebSite","@id":"https:\/\/www.cigdemguven.com\/tr\/#website","url":"https:\/\/www.cigdemguven.com\/tr\/","name":"\u00c7i\u011fdem G\u00fcven Management Consulting &amp; Coaching &amp; Mentoring Services","description":"Management Consulting &amp; Coaching &amp; Mentoring Services","publisher":{"@id":"https:\/\/www.cigdemguven.com\/tr\/#organization"},"potentialAction":[{"@type":"SearchAction","target":{"@type":"EntryPoint","urlTemplate":"https:\/\/www.cigdemguven.com\/tr\/?s={search_term_string}"},"query-input":"required name=search_term_string"}],"inLanguage":"tr"},{"@type":"Organization","@id":"https:\/\/www.cigdemguven.com\/tr\/#organization","name":"\u00c7i\u011fdem G\u00fcven Management Consulting & Coaching & Mentoring Services","url":"https:\/\/www.cigdemguven.com\/tr\/","logo":{"@type":"ImageObject","inLanguage":"tr","@id":"https:\/\/www.cigdemguven.com\/tr\/#\/schema\/logo\/image\/","url":"https:\/\/www.cigdemguven.com\/medias\/2021\/12\/cigdem-guven-logo.svg","contentUrl":"https:\/\/www.cigdemguven.com\/medias\/2021\/12\/cigdem-guven-logo.svg","width":1,"height":1,"caption":"\u00c7i\u011fdem G\u00fcven Management Consulting & Coaching & Mentoring Services"},"image":{"@id":"https:\/\/www.cigdemguven.com\/tr\/#\/schema\/logo\/image\/"},"sameAs":["https:\/\/www.facebook.com\/cigdemguvendanisman","https:\/\/twitter.com\/cigdemguvencom","https:\/\/www.instagram.com\/cigdemguvendanismanlik\/","https:\/\/www.linkedin.com\/in\/cigdemguvendanismanlik\/"]},{"@type":"Person","@id":"https:\/\/www.cigdemguven.com\/tr\/#\/schema\/person\/abd506d3b37ae4dd04e7393ca6ac5921","name":"\u00c7i\u011fdem G\u00fcven","sameAs":["https:\/\/www.cigdemguven.com"],"url":"https:\/\/www.cigdemguven.com\/tr\/author\/cigdemguven\/"}]}},"_links":{"self":[{"href":"https:\/\/www.cigdemguven.com\/tr\/wp-json\/wp\/v2\/posts\/1489","targetHints":{"allow":["GET"]}}],"collection":[{"href":"https:\/\/www.cigdemguven.com\/tr\/wp-json\/wp\/v2\/posts"}],"about":[{"href":"https:\/\/www.cigdemguven.com\/tr\/wp-json\/wp\/v2\/types\/post"}],"author":[{"embeddable":true,"href":"https:\/\/www.cigdemguven.com\/tr\/wp-json\/wp\/v2\/users\/1"}],"replies":[{"embeddable":true,"href":"https:\/\/www.cigdemguven.com\/tr\/wp-json\/wp\/v2\/comments?post=1489"}],"version-history":[{"count":2,"href":"https:\/\/www.cigdemguven.com\/tr\/wp-json\/wp\/v2\/posts\/1489\/revisions"}],"predecessor-version":[{"id":1493,"href":"https:\/\/www.cigdemguven.com\/tr\/wp-json\/wp\/v2\/posts\/1489\/revisions\/1493"}],"wp:attachment":[{"href":"https:\/\/www.cigdemguven.com\/tr\/wp-json\/wp\/v2\/media?parent=1489"}],"wp:term":[{"taxonomy":"category","embeddable":true,"href":"https:\/\/www.cigdemguven.com\/tr\/wp-json\/wp\/v2\/categories?post=1489"},{"taxonomy":"post_tag","embeddable":true,"href":"https:\/\/www.cigdemguven.com\/tr\/wp-json\/wp\/v2\/tags?post=1489"}],"curies":[{"name":"wp","href":"https:\/\/api.w.org\/{rel}","templated":true}]}}