{"id":1436,"date":"2022-01-25T10:56:47","date_gmt":"2022-01-25T07:56:47","guid":{"rendered":"https:\/\/www.cigdemguven.com\/genel\/servant-leadership\/"},"modified":"2022-04-06T16:42:50","modified_gmt":"2022-04-06T13:42:50","slug":"hizmetkar-liderlik","status":"publish","type":"post","link":"https:\/\/www.cigdemguven.com\/tr\/yazilar\/hizmetkar-liderlik\/","title":{"rendered":"Hizmetk\u00e2r Liderlik"},"content":{"rendered":"<p>{&#8220;main-title&#8221;:{&#8220;component&#8221;:&#8221;hc_title&#8221;,&#8221;id&#8221;:&#8221;main-title&#8221;,&#8221;title&#8221;:&#8221;&#8221;,&#8221;subtitle&#8221;:&#8221;&#8221;,&#8221;title_content&#8221;:{&#8220;component&#8221;:&#8221;hc_title_empty&#8221;,&#8221;id&#8221;:&#8221;title-empty&#8221;}},&#8221;section_QvNqz&#8221;:{&#8220;component&#8221;:&#8221;hc_section&#8221;,&#8221;id&#8221;:&#8221;section_QvNqz&#8221;,&#8221;section_width&#8221;:&#8221;&#8221;,&#8221;animation&#8221;:&#8221;&#8221;,&#8221;animation_time&#8221;:&#8221;&#8221;,&#8221;timeline_animation&#8221;:&#8221;&#8221;,&#8221;timeline_delay&#8221;:&#8221;&#8221;,&#8221;timeline_order&#8221;:&#8221;&#8221;,&#8221;vertical_row&#8221;:&#8221;&#8221;,&#8221;css_classes&#8221;:&#8221;section-color no-padding-bottom no-padding-top &#8220;,&#8221;custom_css_classes&#8221;:&#8221;containerblog&#8221;,&#8221;custom_css_styles&#8221;:&#8221;&#8221;,&#8221;section_content&#8221;:[{&#8220;component&#8221;:&#8221;hc_column&#8221;,&#8221;id&#8221;:&#8221;P1FCZ&#8221;,&#8221;column_width&#8221;:&#8221;col-md-12&#8243;,&#8221;animation&#8221;:&#8221;&#8221;,&#8221;animation_time&#8221;:&#8221;&#8221;,&#8221;timeline_animation&#8221;:&#8221;&#8221;,&#8221;timeline_delay&#8221;:&#8221;&#8221;,&#8221;timeline_order&#8221;:&#8221;&#8221;,&#8221;css_classes&#8221;:&#8221;boxed-area align-items-center &#8220;,&#8221;custom_css_classes&#8221;:&#8221;&#8221;,&#8221;custom_css_styles&#8221;:&#8221;&#8221;,&#8221;main_content&#8221;:[{&#8220;component&#8221;:&#8221;hc_title_tag&#8221;,&#8221;id&#8221;:&#8221;5ZtkF&#8221;,&#8221;css_classes&#8221;:&#8221;&#8221;,&#8221;custom_css_classes&#8221;:&#8221;&#8221;,&#8221;custom_css_styles&#8221;:&#8221;&#8221;,&#8221;text&#8221;:&#8221;Hizmetk\u00e2r Liderlik&#8221;,&#8221;tag&#8221;:&#8221;h1&#8243;},{&#8220;component&#8221;:&#8221;hc_image_box&#8221;,&#8221;id&#8221;:&#8221;P92Nk&#8221;,&#8221;css_classes&#8221;:&#8221;&#8221;,&#8221;custom_css_classes&#8221;:&#8221;&#8221;,&#8221;custom_css_styles&#8221;:&#8221;&#8221;,&#8221;image&#8221;:&#8221;https:\/\/www.cigdemguven.com\/medias\/2022\/02\/cigdem-guven-servant-leadership-1024&#215;714.jpg|753|1080|1433&#8243;,&#8221;link_type&#8221;:&#8221;lightbox&#8221;,&#8221;lightbox_animation&#8221;:&#8221;&#8221;,&#8221;caption&#8221;:&#8221;Hizmetk\u00e2r Liderlik&#8221;,&#8221;inner_caption&#8221;:false,&#8221;new_window&#8221;:false,&#8221;link&#8221;:&#8221;https:\/\/www.cigdemguven.com\/medias\/2022\/02\/cigdem-guven-servant-leadership-1024&#215;714.jpg&#8221;,&#8221;link_content&#8221;:[],&#8221;lightbox_size&#8221;:&#8221;&#8221;,&#8221;scrollbox&#8221;:false,&#8221;icon&#8221;:&#8221;&#8221;,&#8221;image_animation&#8221;:&#8221;&#8221;,&#8221;icon_animation&#8221;:&#8221;&#8221;,&#8221;thumb_size&#8221;:&#8221;full&#8221;,&#8221;icon_hidden&#8221;:true,&#8221;caption_img_box&#8221;:&#8221;&#8221;,&#8221;alt&#8221;:&#8221;&#8221;}]}],&#8221;section_settings&#8221;:&#8221;&#8221;},&#8221;section_aSGAU&#8221;:{&#8220;component&#8221;:&#8221;hc_section&#8221;,&#8221;id&#8221;:&#8221;section_aSGAU&#8221;,&#8221;section_width&#8221;:&#8221;&#8221;,&#8221;animation&#8221;:&#8221;&#8221;,&#8221;animation_time&#8221;:&#8221;&#8221;,&#8221;timeline_animation&#8221;:&#8221;&#8221;,&#8221;timeline_delay&#8221;:&#8221;&#8221;,&#8221;timeline_order&#8221;:&#8221;&#8221;,&#8221;vertical_row&#8221;:&#8221;&#8221;,&#8221;css_classes&#8221;:&#8221;no-padding-bottom no-padding-top &#8220;,&#8221;custom_css_classes&#8221;:&#8221;blogtext&#8221;,&#8221;custom_css_styles&#8221;:&#8221;&#8221;,&#8221;section_content&#8221;:[{&#8220;component&#8221;:&#8221;hc_column&#8221;,&#8221;id&#8221;:&#8221;column_0qrhK&#8221;,&#8221;column_width&#8221;:&#8221;col-md-12&#8243;,&#8221;animation&#8221;:&#8221;&#8221;,&#8221;animation_time&#8221;:&#8221;&#8221;,&#8221;timeline_animation&#8221;:&#8221;&#8221;,&#8221;timeline_delay&#8221;:&#8221;&#8221;,&#8221;timeline_order&#8221;:&#8221;&#8221;,&#8221;css_classes&#8221;:&#8221;&#8221;,&#8221;custom_css_classes&#8221;:&#8221;&#8221;,&#8221;custom_css_styles&#8221;:&#8221;&#8221;,&#8221;main_content&#8221;:[{&#8220;component&#8221;:&#8221;hc_wp_editor&#8221;,&#8221;id&#8221;:&#8221;gE6EW&#8221;,&#8221;css_classes&#8221;:&#8221;&#8221;,&#8221;custom_css_classes&#8221;:&#8221;&#8221;,&#8221;custom_css_styles&#8221;:&#8221;&#8221;,&#8221;editor_content&#8221;:&#8221;G\u00fcn\u00fcm\u00fczde s\u0131k\u00e7a duydu\u011fumuz etkili bir y\u00f6netim bi\u00e7imi var: Hizmetk\u00e2r liderlik. \u0130lk olarak 1970 y\u0131l\u0131nda Robert Greenleaf taraf\u0131ndan The Servant as Leader makalesinde kullan\u0131lan hizmetk\u00e2r liderlik terimi liderlerin \u00fcstlerinden \u00f6nce astlar\u0131n\u0131n hizmetk\u00e2r\u0131 oldu\u011funu, di\u011fer bir deyi\u015fle y\u00f6netilenlerin geli\u015fmesini ve refah\u0131n\u0131 kendi ihtiya\u00e7lar\u0131n\u0131n \u00f6n\u00fcne koydu\u011fu bir y\u00f6netim bi\u00e7imini ifade eder.\\n\\nHizmetk\u00e2r liderli\u011fin temel faydalar\u0131 aras\u0131nda hiyerar\u015fiyi azaltmas\u0131, \u00f6\u011frenme aktivitesinin sadece yukar\u0131dan a\u015fa\u011f\u0131ya de\u011fil, ayn\u0131 zamanda a\u015fa\u011f\u0131dan yukar\u0131 olacak bi\u00e7imde y\u00f6neten ve y\u00f6netilenin birbirinden \u00f6\u011frenmesi \u015feklinde geli\u015ftirmesi, hedef odakl\u0131l\u0131\u011f\u0131 artt\u0131rmas\u0131, \u00e7al\u0131\u015fanlar\u0131n geli\u015fimini tetiklemesi gibi unsurlar yer al\u0131r. \u00d6rne\u011fin bir banka m\u00fcd\u00fcr\u00fcn\u00fcn \u00e7al\u0131\u015fanlar\u0131 k\u00fcresel finansal geli\u015fmeler hakk\u0131nda bilgilendirmesi ve daha sonra strateji belirlerken \u00e7al\u0131\u015fanlar\u0131na da s\u00f6z hakk\u0131 tan\u0131mas\u0131 hizmetk\u00e2r liderli\u011fe \u00f6rnek g\u00f6sterilebilir.\\n\\nForbes\u2019ta yay\u0131nlanan bir yaz\u0131ya g\u00f6re geleneksel liderlikte sadece \u015firketin \u00e7\u0131karlar\u0131 aran\u0131r, i\u015fletmenin piyasadaki mevcudiyeti artt\u0131r\u0131lmaya \u00e7al\u0131\u015f\u0131l\u0131r, bu noktadan hareket edilir ve \u00e7al\u0131\u015fanlar\u0131n geli\u015fimleri geri plana itilir. \u00c7\u00fcnk\u00fc geleneksel yap\u0131da esas motivasyon k\u00e2rl\u0131l\u0131kt\u0131r ve bu k\u00e2rl\u0131l\u0131\u011f\u0131n ger\u00e7ekle\u015fmesi i\u00e7in \u015firketin ve dolay\u0131s\u0131yla onun temsilcisi olan y\u00f6neticilerin \u015firketin ihtiya\u00e7lar\u0131n\u0131 g\u00f6z \u00f6n\u00fcnde tutmas\u0131 gerekir. \u00d6te yandan, hizmetk\u00e2r liderlikte liderin ana g\u00f6revi ve sorumlulu\u011fu, \u00e7al\u0131\u015fanlara hizmet etmektir. Hizmetk\u00e2r lider, \u015firketten ziyade do\u011frudan altlar\u0131nda bulunan insanlara odaklan\u0131r ve onlar\u0131n mesleki, genel k\u00fclt\u00fcr, otonom bir \u015fekilde i\u015f y\u00fcr\u00fctebilme yetkinliklerini ve hatta sa\u011fl\u0131klar\u0131 ile fiziksel kondisyonlar\u0131n\u0131 \u00f6nemser.\\n\\nForbes\u2019ta yay\u0131nlanan makale, yap\u0131lan bir ara\u015ft\u0131rman\u0131n \u00e7ok ilgin\u00e7 sonu\u00e7lar\u0131n\u0131 da ortaya koyuyor. \u015e\u00f6yle ki liderler odak noktalar\u0131n\u0131 \u015firketten ziyade \u00e7al\u0131\u015fanlara \u00e7evirdiklerinde \u00e7al\u0131\u015fanlar\u0131n daha motive, yetenekli ve bilgili olduklar\u0131n\u0131 ve uzun vadede \u015firketin operasyonel yetkinliklerine ve bir b\u00fct\u00fcn olarak \u015firketin tamam\u0131na katk\u0131da bulunacaklar\u0131n\u0131 g\u00f6steriyor. Bu da do\u011fal olarak \u00e7al\u0131\u015fan ba\u011fl\u0131l\u0131\u011f\u0131n\u0131 artt\u0131racakt\u0131r. Fakat klasik liderli\u011fin bask\u0131n oldu\u011fu kurumlarda, \u00e7al\u0131\u015fanlarda bir aidiyet duygusu geli\u015fmeyece\u011finden \u00e7al\u0131\u015fanlar neresi kendileri i\u00e7in daha iyi \u015fartlar sunuyorsa o \u015firketlere ge\u00e7meye \u00e7al\u0131\u015f\u0131rlar. Bu da uzun vadede geleneksel yap\u0131lar\u0131 benimseyen \u015firketlerin operasyonel sebepler dolay\u0131s\u0131yla maliyetlerinin artmas\u0131n\u0131 ve k\u00e2rl\u0131l\u0131\u011f\u0131n\u0131n azalmas\u0131n\u0131 tetikler.\\n\\nGreenlaf\u2019in deyimiyle hizmetk\u00e2r liderli\u011fin bask\u0131n felsefe oldu\u011fu kurumlarda, liderler \u00f6nce hizmet sonra liderlik ederler. Bu demek oluyor ki \u00e7al\u0131\u015fanlar ellerinden tutan y\u00f6neticiler sayesinde filizlenir, \u00e7i\u00e7ek a\u00e7ar ve \u00e7al\u0131\u015ft\u0131klar\u0131 kurumlar\u0131 daha iyi mertebelere \u00e7\u0131kar\u0131r. Bu geli\u015fimin en \u00f6nemli bile\u015fenleri ise hizmetk\u00e2r liderlik sayesinde \u00e7al\u0131\u015fanlar\u0131n fikirlerine de\u011fer verilmesi, yarat\u0131c\u0131l\u0131klar\u0131n\u0131n desteklenmesi ve liderin sadece i\u015f bekleyen bir birey olmas\u0131ndan ziyade i\u015f \u00f6\u011freten bir usta olmas\u0131d\u0131r. Eylemin i\u015fe yaray\u0131p yaramad\u0131\u011f\u0131n\u0131 anlaman\u0131n y\u00f6ntemi ise \u00e7al\u0131\u015fanlar\u0131n refah, mutluluk, verimlilik, ba\u011fl\u0131l\u0131k ve katk\u0131 d\u00fczeylerini analiz etmekten ge\u00e7mektedir.\\n\\nTeknolojinin geli\u015fmesi hayat\u0131n her alan\u0131nda oldu\u011fu gibi y\u00f6netim alan\u0131nda da bir\u00e7ok yenili\u011fi beraberinde getirmi\u015ftir. \u015e\u00f6yle ki teknolojik geli\u015fmeleri takip eden liderler bunu sadece kendileri i\u00e7in kullanmaz ve ayn\u0131 zamanda \u00e7al\u0131\u015fanlar\u0131n\u0131 da geli\u015ftirmeyi hedeflerse uzun vadede bunun d\u00f6n\u00fc\u015flerini \u00e7ok daha iyi al\u0131rlar. \u00c7\u00fcnk\u00fc, \u00e7al\u0131\u015fanlarda uyand\u0131r\u0131lan merak ve tetiklenen ara\u015ft\u0131rma g\u00fcd\u00fcs\u00fc, \u00e7al\u0131\u015fan\u0131n g\u00f6revi olmasa dahi kurumu geli\u015ftirecek yenilikleri liderle ve \u015firketle payla\u015fma g\u00fcd\u00fcs\u00fcn\u00fc tetikler. Bu t\u00fcr fikirlerin desteklendi\u011fi \u015firketlerde ise de\u011fi\u015fim ve geli\u015fim \u00e7ok daha h\u0131zl\u0131 olur. \u00d6rne\u011fin, fintechler hakk\u0131nda \u00e7al\u0131\u015fanlar\u0131n\u0131 e\u011fiten bir bankan\u0131n IT m\u00fcd\u00fcr\u00fc, bir Alman bankas\u0131nda kullan\u0131lmaya ba\u015flanan bir teknolojik at\u0131l\u0131m\u0131n faydalar\u0131 ve i\u015flevi konusunda \u00e7al\u0131\u015fanlar\u0131n\u0131 e\u011fitti\u011finde \u00e7al\u0131\u015fanlar\u0131n ilgisini uyand\u0131rm\u0131\u015f olacakt\u0131r. Bu durumda, ad\u0131 ge\u00e7en teknolojinin bankan\u0131n yerel sistemine nas\u0131l entegre olaca\u011f\u0131 konusunda \u00e7al\u0131\u015fanlardan parlak fikirler gelebilece\u011fi gibi, sisteme daha uygun teknolojilerin ba\u015fka \u00fclkelerde var oldu\u011fu bilgisi de \u00e7al\u0131\u015fanlar\u0131n s\u00fcrece katk\u0131lar\u0131yla edinilebilir.&#8221;}]},{&#8220;component&#8221;:&#8221;hc_column&#8221;,&#8221;id&#8221;:&#8221;column_7aIP1&#8243;,&#8221;column_width&#8221;:&#8221;col-md-12&#8243;,&#8221;animation&#8221;:&#8221;&#8221;,&#8221;animation_time&#8221;:&#8221;&#8221;,&#8221;timeline_animation&#8221;:&#8221;&#8221;,&#8221;timeline_delay&#8221;:&#8221;&#8221;,&#8221;timeline_order&#8221;:&#8221;&#8221;,&#8221;css_classes&#8221;:&#8221;&#8221;,&#8221;custom_css_classes&#8221;:&#8221;socialbox&#8221;,&#8221;custom_css_styles&#8221;:&#8221;&#8221;,&#8221;main_content&#8221;:[{&#8220;component&#8221;:&#8221;hc_space&#8221;,&#8221;id&#8221;:&#8221;Hdg76&#8243;,&#8221;css_classes&#8221;:&#8221;&#8221;,&#8221;custom_css_classes&#8221;:&#8221;&#8221;,&#8221;custom_css_styles&#8221;:&#8221;&#8221;,&#8221;size&#8221;:&#8221;space-sm&#8221;,&#8221;height&#8221;:&#8221;&#8221;},{&#8220;component&#8221;:&#8221;hc_text_block&#8221;,&#8221;id&#8221;:&#8221;zmr0F&#8221;,&#8221;css_classes&#8221;:&#8221;&#8221;,&#8221;custom_css_classes&#8221;:&#8221;&#8221;,&#8221;custom_css_styles&#8221;:&#8221;&#8221;,&#8221;content&#8221;:&#8221;Payla\u015f:&#8221;},{&#8220;component&#8221;:&#8221;hc_social_share_buttons&#8221;,&#8221;id&#8221;:&#8221;P7L30&#8243;,&#8221;css_classes&#8221;:&#8221;&#8221;,&#8221;custom_css_classes&#8221;:&#8221;&#8221;,&#8221;custom_css_styles&#8221;:&#8221;&#8221;,&#8221;style&#8221;:&#8221;icon-links-button&#8221;,&#8221;size&#8221;:&#8221;&#8221;,&#8221;alignment&#8221;:&#8221;&#8221;,&#8221;type&#8221;:&#8221;&#8221;,&#8221;social_colors&#8221;:true,&#8221;fb&#8221;:true,&#8221;fb_link&#8221;:&#8221;&#8221;,&#8221;tw&#8221;:true,&#8221;tw_link&#8221;:&#8221;&#8221;,&#8221;pi&#8221;:true,&#8221;pi_link&#8221;:&#8221;&#8221;,&#8221;li&#8221;:true,&#8221;li_link&#8221;:&#8221;&#8221;}]}],&#8221;section_settings&#8221;:&#8221;&#8221;},&#8221;section_dDpN7&#8243;:{&#8220;component&#8221;:&#8221;hc_section&#8221;,&#8221;id&#8221;:&#8221;section_dDpN7&#8243;,&#8221;section_width&#8221;:&#8221;&#8221;,&#8221;animation&#8221;:&#8221;&#8221;,&#8221;animation_time&#8221;:&#8221;&#8221;,&#8221;timeline_animation&#8221;:&#8221;&#8221;,&#8221;timeline_delay&#8221;:&#8221;&#8221;,&#8221;timeline_order&#8221;:&#8221;&#8221;,&#8221;vertical_row&#8221;:&#8221;&#8221;,&#8221;css_classes&#8221;:&#8221;section-color &#8220;,&#8221;custom_css_classes&#8221;:&#8221;&#8221;,&#8221;custom_css_styles&#8221;:&#8221;&#8221;,&#8221;section_content&#8221;:[{&#8220;component&#8221;:&#8221;hc_column&#8221;,&#8221;id&#8221;:&#8221;XLZ44&#8243;,&#8221;column_width&#8221;:&#8221;col-md-12&#8243;,&#8221;animation&#8221;:&#8221;&#8221;,&#8221;animation_time&#8221;:&#8221;&#8221;,&#8221;timeline_animation&#8221;:&#8221;&#8221;,&#8221;timeline_delay&#8221;:&#8221;&#8221;,&#8221;timeline_order&#8221;:&#8221;&#8221;,&#8221;css_classes&#8221;:&#8221;&#8221;,&#8221;custom_css_classes&#8221;:&#8221;&#8221;,&#8221;custom_css_styles&#8221;:&#8221;&#8221;,&#8221;main_content&#8221;:[{&#8220;component&#8221;:&#8221;hc_title_tag&#8221;,&#8221;id&#8221;:&#8221;4AoyD&#8221;,&#8221;css_classes&#8221;:&#8221;&#8221;,&#8221;custom_css_classes&#8221;:&#8221;&#8221;,&#8221;custom_css_styles&#8221;:&#8221;&#8221;,&#8221;text&#8221;:&#8221;Son Yaz\u0131lar&#8221;,&#8221;tag&#8221;:&#8221;h2&#8243;},{&#8220;component&#8221;:&#8221;hc_space&#8221;,&#8221;id&#8221;:&#8221;TsAHd&#8221;,&#8221;css_classes&#8221;:&#8221;&#8221;,&#8221;custom_css_classes&#8221;:&#8221;&#8221;,&#8221;custom_css_styles&#8221;:&#8221;&#8221;,&#8221;size&#8221;:&#8221;space&#8221;,&#8221;height&#8221;:&#8221;&#8221;},{&#8220;component&#8221;:&#8221;hc_pt_grid_list&#8221;,&#8221;id&#8221;:&#8221;J9IEW&#8221;,&#8221;css_classes&#8221;:&#8221;&#8221;,&#8221;custom_css_classes&#8221;:&#8221;&#8221;,&#8221;custom_css_styles&#8221;:&#8221;&#8221;,&#8221;post_type_slug&#8221;:&#8221;post&#8221;,&#8221;post_type_category&#8221;:&#8221;yazilar&#8221;,&#8221;column&#8221;:&#8221;2&#8243;,&#8221;column_lg&#8221;:&#8221;2&#8243;,&#8221;column_md&#8221;:&#8221;2&#8243;,&#8221;column_sm&#8221;:&#8221;1&#8243;,&#8221;column_xs&#8221;:&#8221;1&#8243;,&#8221;margins&#8221;:&#8221;&#8221;,&#8221;pag_type&#8221;:&#8221;load_more&#8221;,&#8221;pag_items&#8221;:&#8221;2&#8243;,&#8221;pag_size&#8221;:&#8221;&#8221;,&#8221;pag_animation&#8221;:&#8221;fade-top&#8221;,&#8221;pag_scroll_top&#8221;:false,&#8221;pag_position&#8221;:&#8221;align-center&#8221;,&#8221;pag_button_prev&#8221;:&#8221;&#8221;,&#8221;pag_button_next&#8221;:&#8221;&#8221;,&#8221;lm_lazy&#8221;:false,&#8221;lm_button_text&#8221;:&#8221;Daha Fazla&#8221;,&#8221;box&#8221;:&#8221;blog_top&#8221;,&#8221;boxed&#8221;:true,&#8221;extra&#8221;:false,&#8221;content&#8221;:&#8221;&#8221;,&#8221;title_length&#8221;:&#8221;36&#8243;,&#8221;excerpt_length&#8221;:&#8221;75&#8243;,&#8221;title_size&#8221;:&#8221;text-md&#8221;,&#8221;custom_css&#8221;:&#8221;&#8221;,&#8221;button_text&#8221;:&#8221;&#8221;,&#8221;button_style&#8221;:&#8221;square&#8221;,&#8221;button_dimensions&#8221;:&#8221;btn-lg&#8221;,&#8221;button_animation&#8221;:false,&#8221;button_icon&#8221;:&#8221;&#8221;}]}],&#8221;section_settings&#8221;:&#8221;&#8221;},&#8221;scripts&#8221;:{&#8220;lightbox&#8221;:&#8221;magnific-popup.min.js&#8221;,&#8221;pagination&#8221;:&#8221;pagination.min.js&#8221;},&#8221;css&#8221;:{&#8220;lightbox&#8221;:&#8221;css\/magnific-popup.css&#8221;,&#8221;content_box&#8221;:&#8221;css\/content-box.css&#8221;,&#8221;media_box&#8221;:&#8221;css\/media-box.css&#8221;},&#8221;css_page&#8221;:&#8221;&#8221;,&#8221;template_setting&#8221;:{},&#8221;template_setting_top&#8221;:{},&#8221;page_setting&#8221;:{&#8220;settings&#8221;:[&#8220;lock-mode-off&#8221;]},&#8221;post_type_setting&#8221;:{&#8220;settings&#8221;:{&#8220;image&#8221;:&#8221;https:\/\/www.cigdemguven.com\/medias\/2022\/02\/cigdem-guven-servant-leadership-1024&#215;714.jpg|753|1080|1433&#8243;,&#8221;excerpt&#8221;:&#8221;G\u00fcn\u00fcm\u00fczde s\u0131k\u00e7a duydu\u011fumuz etkili bir y\u00f6netim bi\u00e7imi var: Hizmetk\u00e2r liderlik. \u0130lk olarak 1970 y\u0131l\u0131nda Robert Greenleaf taraf\u0131ndan The Servant as Leader makalesinde kullan\u0131lan hizmetk\u00e2r liderlik terimi liderlerin \u00fcstlerinden \u00f6nce astlar\u0131n\u0131n hizmetk\u00e2r\u0131 oldu\u011funu, di\u011fer bir deyi\u015fle y\u00f6netilenlerin geli\u015fmesini ve refah\u0131n\u0131 kendi ihtiya\u00e7lar\u0131n\u0131n \u00f6n\u00fcne koydu\u011fu bir y\u00f6netim bi\u00e7imini ifade eder.&#8221;,&#8221;extra_1&#8243;:&#8221;Yaz\u0131&#8221;,&#8221;extra_2&#8243;:&#8221;&#8221;,&#8221;icon&#8221;:{&#8220;icon&#8221;:&#8221;&#8221;,&#8221;icon_style&#8221;:&#8221;&#8221;,&#8221;icon_image&#8221;:&#8221;&#8221;}}}}<\/p><div class=\"jpw-truncate-btn\"><div class=\"jpw-truncate-header\"><h2>\u00dcye olarak i\u00e7eriklerimize ula\u015f\u0131n.<\/h2><p><\/p><div class=\"jpw_login\"><span>\u00dcyeli\u011fim var!  <a href=\"\/my-account\">Giri\u015f Yap<\/a><\/span><\/div><\/div><div class=\"jpw_btn_wrapper\"><div class=\"jpw_subscribe\">\n\t\t\t\t\t<div class=\"jpw_btn_inner_wrapper\">\n\t\t\t\t\t\t<h3>\u00dcye Ol<\/h3>\n\t\t\t\t\t\t<span>L\u00fctfen t\u00fcm yaz\u0131lar\u0131m\u0131za eri\u015febilmek i\u00e7in \u00fcye olun. <br\/><strong>40'tan fazla yaz\u0131ya eri\u015febilirsiniz.<\/strong><\/span>\n\t\t\t\t\t\t<div class=\"jpw-button\">\n\t\t\t\t\t\t\t<div class=\"btn_wrapper\">\n\t\t\t\t\t\t\t\t<a href=\"https:\/\/www.cigdemguven.com\/subscribe\/\" class=\"btn button \">Hemen \u00dcye Ol<\/a>\n\t\t\t\t\t\t\t<\/div>\n\t\t\t\t\t\t<\/div>\n\t\t\t\t\t<\/div>\n\t\t\t\t<\/div><\/div><\/div>","protected":false},"excerpt":{"rendered":"<p>G\u00fcn\u00fcm\u00fczde s\u0131k\u00e7a duydu\u011fumuz etkili bir y\u00f6netim bi\u00e7imi var: Hizmetk\u00e2r liderlik. \u0130lk olarak 1970 y\u0131l\u0131nda Robert Greenleaf taraf\u0131ndan The Servant as Leader makalesinde kullan\u0131lan hizmetk\u00e2r liderlik terimi liderlerin \u00fcstlerinden \u00f6nce astlar\u0131n\u0131n hizmetk\u00e2r\u0131 oldu\u011funu, di\u011fer bir deyi\u015fle y\u00f6netilenlerin geli\u015fmesini ve refah\u0131n\u0131 kendi ihtiya\u00e7lar\u0131n\u0131n \u00f6n\u00fcne koydu\u011fu bir y\u00f6netim bi\u00e7imini ifade eder.<\/p>\n","protected":false},"author":1,"featured_media":1434,"comment_status":"closed","ping_status":"open","sticky":false,"template":"","format":"standard","meta":{"footnotes":""},"categories":[19],"tags":[],"class_list":["post-1436","post","type-post","status-publish","format-standard","has-post-thumbnail","hentry","category-yazilar"],"yoast_head":"\n<title>Hizmetk\u00e2r Liderlik | \u00c7i\u011fdem G\u00fcven Management Consulting &amp; Coaching &amp; Mentoring Services<\/title>\n<meta name=\"robots\" content=\"index, follow, max-snippet:-1, max-image-preview:large, max-video-preview:-1\" \/>\n<link rel=\"canonical\" href=\"https:\/\/www.cigdemguven.com\/tr\/yazilar\/hizmetkar-liderlik\/\" \/>\n<meta property=\"og:locale\" content=\"tr_TR\" \/>\n<meta property=\"og:type\" content=\"article\" \/>\n<meta property=\"og:title\" content=\"Hizmetk\u00e2r Liderlik | \u00c7i\u011fdem G\u00fcven Management Consulting &amp; Coaching &amp; Mentoring Services\" \/>\n<meta property=\"og:description\" content=\"G\u00fcn\u00fcm\u00fczde s\u0131k\u00e7a duydu\u011fumuz etkili bir y\u00f6netim bi\u00e7imi var: Hizmetk\u00e2r liderlik. \u0130lk olarak 1970 y\u0131l\u0131nda Robert Greenleaf taraf\u0131ndan The Servant as Leader makalesinde kullan\u0131lan hizmetk\u00e2r liderlik terimi liderlerin \u00fcstlerinden \u00f6nce astlar\u0131n\u0131n hizmetk\u00e2r\u0131 oldu\u011funu, di\u011fer bir deyi\u015fle y\u00f6netilenlerin geli\u015fmesini ve refah\u0131n\u0131 kendi ihtiya\u00e7lar\u0131n\u0131n \u00f6n\u00fcne koydu\u011fu bir y\u00f6netim bi\u00e7imini ifade eder.\" \/>\n<meta property=\"og:url\" content=\"https:\/\/www.cigdemguven.com\/tr\/yazilar\/hizmetkar-liderlik\/\" \/>\n<meta property=\"og:site_name\" content=\"\u00c7i\u011fdem G\u00fcven Management Consulting &amp; Coaching &amp; Mentoring Services\" \/>\n<meta property=\"article:publisher\" content=\"https:\/\/www.facebook.com\/cigdemguvendanisman\" \/>\n<meta property=\"article:published_time\" content=\"2022-01-25T07:56:47+00:00\" \/>\n<meta property=\"article:modified_time\" content=\"2022-04-06T13:42:50+00:00\" \/>\n<meta property=\"og:image\" content=\"https:\/\/www.cigdemguven.com\/medias\/2022\/02\/cigdem-guven-servant-leadership.jpg\" \/>\n\t<meta property=\"og:image:width\" content=\"1080\" \/>\n\t<meta property=\"og:image:height\" content=\"753\" \/>\n\t<meta property=\"og:image:type\" content=\"image\/jpeg\" \/>\n<meta name=\"author\" content=\"\u00c7i\u011fdem G\u00fcven\" \/>\n<meta name=\"twitter:card\" content=\"summary_large_image\" \/>\n<meta name=\"twitter:creator\" content=\"@cigdemguvencom\" \/>\n<meta name=\"twitter:site\" content=\"@cigdemguvencom\" \/>\n<meta name=\"twitter:label1\" content=\"Yazan:\" \/>\n\t<meta name=\"twitter:data1\" content=\"\u00c7i\u011fdem G\u00fcven\" \/>\n\t<meta name=\"twitter:label2\" content=\"Tahmini okuma s\u00fcresi\" \/>\n\t<meta name=\"twitter:data2\" content=\"7 dakika\" \/>\n<script type=\"application\/ld+json\" class=\"yoast-schema-graph\">{\"@context\":\"https:\/\/schema.org\",\"@graph\":[{\"@type\":\"Article\",\"@id\":\"https:\/\/www.cigdemguven.com\/tr\/yazilar\/hizmetkar-liderlik\/#article\",\"isPartOf\":{\"@id\":\"https:\/\/www.cigdemguven.com\/tr\/yazilar\/hizmetkar-liderlik\/\"},\"author\":{\"name\":\"\u00c7i\u011fdem G\u00fcven\",\"@id\":\"https:\/\/www.cigdemguven.com\/tr\/#\/schema\/person\/abd506d3b37ae4dd04e7393ca6ac5921\"},\"headline\":\"Hizmetk\u00e2r Liderlik\",\"datePublished\":\"2022-01-25T07:56:47+00:00\",\"dateModified\":\"2022-04-06T13:42:50+00:00\",\"mainEntityOfPage\":{\"@id\":\"https:\/\/www.cigdemguven.com\/tr\/yazilar\/hizmetkar-liderlik\/\"},\"wordCount\":1462,\"publisher\":{\"@id\":\"https:\/\/www.cigdemguven.com\/tr\/#organization\"},\"articleSection\":[\"Yaz\u0131lar\"],\"inLanguage\":\"tr\"},{\"@type\":\"WebPage\",\"@id\":\"https:\/\/www.cigdemguven.com\/tr\/yazilar\/hizmetkar-liderlik\/\",\"url\":\"https:\/\/www.cigdemguven.com\/tr\/yazilar\/hizmetkar-liderlik\/\",\"name\":\"Hizmetk\u00e2r Liderlik | \u00c7i\u011fdem G\u00fcven Management Consulting &amp; Coaching &amp; Mentoring Services\",\"isPartOf\":{\"@id\":\"https:\/\/www.cigdemguven.com\/tr\/#website\"},\"datePublished\":\"2022-01-25T07:56:47+00:00\",\"dateModified\":\"2022-04-06T13:42:50+00:00\",\"breadcrumb\":{\"@id\":\"https:\/\/www.cigdemguven.com\/tr\/yazilar\/hizmetkar-liderlik\/#breadcrumb\"},\"inLanguage\":\"tr\",\"potentialAction\":[{\"@type\":\"ReadAction\",\"target\":[\"https:\/\/www.cigdemguven.com\/tr\/yazilar\/hizmetkar-liderlik\/\"]}]},{\"@type\":\"BreadcrumbList\",\"@id\":\"https:\/\/www.cigdemguven.com\/tr\/yazilar\/hizmetkar-liderlik\/#breadcrumb\",\"itemListElement\":[{\"@type\":\"ListItem\",\"position\":1,\"name\":\"Home\",\"item\":\"https:\/\/www.cigdemguven.com\/tr\/\"},{\"@type\":\"ListItem\",\"position\":2,\"name\":\"Hizmetk\u00e2r Liderlik\"}]},{\"@type\":\"WebSite\",\"@id\":\"https:\/\/www.cigdemguven.com\/tr\/#website\",\"url\":\"https:\/\/www.cigdemguven.com\/tr\/\",\"name\":\"\u00c7i\u011fdem G\u00fcven Management Consulting &amp; Coaching &amp; Mentoring Services\",\"description\":\"Management Consulting &amp; Coaching &amp; Mentoring Services\",\"publisher\":{\"@id\":\"https:\/\/www.cigdemguven.com\/tr\/#organization\"},\"potentialAction\":[{\"@type\":\"SearchAction\",\"target\":{\"@type\":\"EntryPoint\",\"urlTemplate\":\"https:\/\/www.cigdemguven.com\/tr\/?s={search_term_string}\"},\"query-input\":\"required name=search_term_string\"}],\"inLanguage\":\"tr\"},{\"@type\":\"Organization\",\"@id\":\"https:\/\/www.cigdemguven.com\/tr\/#organization\",\"name\":\"\u00c7i\u011fdem G\u00fcven Management Consulting & Coaching & Mentoring Services\",\"url\":\"https:\/\/www.cigdemguven.com\/tr\/\",\"logo\":{\"@type\":\"ImageObject\",\"inLanguage\":\"tr\",\"@id\":\"https:\/\/www.cigdemguven.com\/tr\/#\/schema\/logo\/image\/\",\"url\":\"https:\/\/www.cigdemguven.com\/medias\/2021\/12\/cigdem-guven-logo.svg\",\"contentUrl\":\"https:\/\/www.cigdemguven.com\/medias\/2021\/12\/cigdem-guven-logo.svg\",\"width\":1,\"height\":1,\"caption\":\"\u00c7i\u011fdem G\u00fcven Management Consulting & Coaching & Mentoring Services\"},\"image\":{\"@id\":\"https:\/\/www.cigdemguven.com\/tr\/#\/schema\/logo\/image\/\"},\"sameAs\":[\"https:\/\/www.facebook.com\/cigdemguvendanisman\",\"https:\/\/twitter.com\/cigdemguvencom\",\"https:\/\/www.instagram.com\/cigdemguvendanismanlik\/\",\"https:\/\/www.linkedin.com\/in\/cigdemguvendanismanlik\/\"]},{\"@type\":\"Person\",\"@id\":\"https:\/\/www.cigdemguven.com\/tr\/#\/schema\/person\/abd506d3b37ae4dd04e7393ca6ac5921\",\"name\":\"\u00c7i\u011fdem G\u00fcven\",\"sameAs\":[\"https:\/\/www.cigdemguven.com\"],\"url\":\"https:\/\/www.cigdemguven.com\/tr\/author\/cigdemguven\/\"}]}<\/script>\n","yoast_head_json":{"title":"Hizmetk\u00e2r Liderlik | \u00c7i\u011fdem G\u00fcven Management Consulting &amp; Coaching &amp; Mentoring Services","robots":{"index":"index","follow":"follow","max-snippet":"max-snippet:-1","max-image-preview":"max-image-preview:large","max-video-preview":"max-video-preview:-1"},"canonical":"https:\/\/www.cigdemguven.com\/tr\/yazilar\/hizmetkar-liderlik\/","og_locale":"tr_TR","og_type":"article","og_title":"Hizmetk\u00e2r Liderlik | \u00c7i\u011fdem G\u00fcven Management Consulting &amp; Coaching &amp; Mentoring Services","og_description":"G\u00fcn\u00fcm\u00fczde s\u0131k\u00e7a duydu\u011fumuz etkili bir y\u00f6netim bi\u00e7imi var: Hizmetk\u00e2r liderlik. \u0130lk olarak 1970 y\u0131l\u0131nda Robert Greenleaf taraf\u0131ndan The Servant as Leader makalesinde kullan\u0131lan hizmetk\u00e2r liderlik terimi liderlerin \u00fcstlerinden \u00f6nce astlar\u0131n\u0131n hizmetk\u00e2r\u0131 oldu\u011funu, di\u011fer bir deyi\u015fle y\u00f6netilenlerin geli\u015fmesini ve refah\u0131n\u0131 kendi ihtiya\u00e7lar\u0131n\u0131n \u00f6n\u00fcne koydu\u011fu bir y\u00f6netim bi\u00e7imini ifade eder.","og_url":"https:\/\/www.cigdemguven.com\/tr\/yazilar\/hizmetkar-liderlik\/","og_site_name":"\u00c7i\u011fdem G\u00fcven Management Consulting &amp; Coaching &amp; Mentoring Services","article_publisher":"https:\/\/www.facebook.com\/cigdemguvendanisman","article_published_time":"2022-01-25T07:56:47+00:00","article_modified_time":"2022-04-06T13:42:50+00:00","og_image":[{"width":1080,"height":753,"url":"https:\/\/www.cigdemguven.com\/medias\/2022\/02\/cigdem-guven-servant-leadership.jpg","type":"image\/jpeg"}],"author":"\u00c7i\u011fdem G\u00fcven","twitter_card":"summary_large_image","twitter_creator":"@cigdemguvencom","twitter_site":"@cigdemguvencom","twitter_misc":{"Yazan:":"\u00c7i\u011fdem G\u00fcven","Tahmini okuma s\u00fcresi":"7 dakika"},"schema":{"@context":"https:\/\/schema.org","@graph":[{"@type":"Article","@id":"https:\/\/www.cigdemguven.com\/tr\/yazilar\/hizmetkar-liderlik\/#article","isPartOf":{"@id":"https:\/\/www.cigdemguven.com\/tr\/yazilar\/hizmetkar-liderlik\/"},"author":{"name":"\u00c7i\u011fdem G\u00fcven","@id":"https:\/\/www.cigdemguven.com\/tr\/#\/schema\/person\/abd506d3b37ae4dd04e7393ca6ac5921"},"headline":"Hizmetk\u00e2r Liderlik","datePublished":"2022-01-25T07:56:47+00:00","dateModified":"2022-04-06T13:42:50+00:00","mainEntityOfPage":{"@id":"https:\/\/www.cigdemguven.com\/tr\/yazilar\/hizmetkar-liderlik\/"},"wordCount":1462,"publisher":{"@id":"https:\/\/www.cigdemguven.com\/tr\/#organization"},"articleSection":["Yaz\u0131lar"],"inLanguage":"tr"},{"@type":"WebPage","@id":"https:\/\/www.cigdemguven.com\/tr\/yazilar\/hizmetkar-liderlik\/","url":"https:\/\/www.cigdemguven.com\/tr\/yazilar\/hizmetkar-liderlik\/","name":"Hizmetk\u00e2r Liderlik | \u00c7i\u011fdem G\u00fcven Management Consulting &amp; Coaching &amp; Mentoring Services","isPartOf":{"@id":"https:\/\/www.cigdemguven.com\/tr\/#website"},"datePublished":"2022-01-25T07:56:47+00:00","dateModified":"2022-04-06T13:42:50+00:00","breadcrumb":{"@id":"https:\/\/www.cigdemguven.com\/tr\/yazilar\/hizmetkar-liderlik\/#breadcrumb"},"inLanguage":"tr","potentialAction":[{"@type":"ReadAction","target":["https:\/\/www.cigdemguven.com\/tr\/yazilar\/hizmetkar-liderlik\/"]}]},{"@type":"BreadcrumbList","@id":"https:\/\/www.cigdemguven.com\/tr\/yazilar\/hizmetkar-liderlik\/#breadcrumb","itemListElement":[{"@type":"ListItem","position":1,"name":"Home","item":"https:\/\/www.cigdemguven.com\/tr\/"},{"@type":"ListItem","position":2,"name":"Hizmetk\u00e2r Liderlik"}]},{"@type":"WebSite","@id":"https:\/\/www.cigdemguven.com\/tr\/#website","url":"https:\/\/www.cigdemguven.com\/tr\/","name":"\u00c7i\u011fdem G\u00fcven Management Consulting &amp; Coaching &amp; Mentoring Services","description":"Management Consulting &amp; Coaching &amp; Mentoring Services","publisher":{"@id":"https:\/\/www.cigdemguven.com\/tr\/#organization"},"potentialAction":[{"@type":"SearchAction","target":{"@type":"EntryPoint","urlTemplate":"https:\/\/www.cigdemguven.com\/tr\/?s={search_term_string}"},"query-input":"required name=search_term_string"}],"inLanguage":"tr"},{"@type":"Organization","@id":"https:\/\/www.cigdemguven.com\/tr\/#organization","name":"\u00c7i\u011fdem G\u00fcven Management Consulting & Coaching & Mentoring Services","url":"https:\/\/www.cigdemguven.com\/tr\/","logo":{"@type":"ImageObject","inLanguage":"tr","@id":"https:\/\/www.cigdemguven.com\/tr\/#\/schema\/logo\/image\/","url":"https:\/\/www.cigdemguven.com\/medias\/2021\/12\/cigdem-guven-logo.svg","contentUrl":"https:\/\/www.cigdemguven.com\/medias\/2021\/12\/cigdem-guven-logo.svg","width":1,"height":1,"caption":"\u00c7i\u011fdem G\u00fcven Management Consulting & Coaching & Mentoring Services"},"image":{"@id":"https:\/\/www.cigdemguven.com\/tr\/#\/schema\/logo\/image\/"},"sameAs":["https:\/\/www.facebook.com\/cigdemguvendanisman","https:\/\/twitter.com\/cigdemguvencom","https:\/\/www.instagram.com\/cigdemguvendanismanlik\/","https:\/\/www.linkedin.com\/in\/cigdemguvendanismanlik\/"]},{"@type":"Person","@id":"https:\/\/www.cigdemguven.com\/tr\/#\/schema\/person\/abd506d3b37ae4dd04e7393ca6ac5921","name":"\u00c7i\u011fdem G\u00fcven","sameAs":["https:\/\/www.cigdemguven.com"],"url":"https:\/\/www.cigdemguven.com\/tr\/author\/cigdemguven\/"}]}},"_links":{"self":[{"href":"https:\/\/www.cigdemguven.com\/tr\/wp-json\/wp\/v2\/posts\/1436","targetHints":{"allow":["GET"]}}],"collection":[{"href":"https:\/\/www.cigdemguven.com\/tr\/wp-json\/wp\/v2\/posts"}],"about":[{"href":"https:\/\/www.cigdemguven.com\/tr\/wp-json\/wp\/v2\/types\/post"}],"author":[{"embeddable":true,"href":"https:\/\/www.cigdemguven.com\/tr\/wp-json\/wp\/v2\/users\/1"}],"replies":[{"embeddable":true,"href":"https:\/\/www.cigdemguven.com\/tr\/wp-json\/wp\/v2\/comments?post=1436"}],"version-history":[{"count":2,"href":"https:\/\/www.cigdemguven.com\/tr\/wp-json\/wp\/v2\/posts\/1436\/revisions"}],"predecessor-version":[{"id":1438,"href":"https:\/\/www.cigdemguven.com\/tr\/wp-json\/wp\/v2\/posts\/1436\/revisions\/1438"}],"wp:featuredmedia":[{"embeddable":true,"href":"https:\/\/www.cigdemguven.com\/tr\/wp-json\/wp\/v2\/media\/1434"}],"wp:attachment":[{"href":"https:\/\/www.cigdemguven.com\/tr\/wp-json\/wp\/v2\/media?parent=1436"}],"wp:term":[{"taxonomy":"category","embeddable":true,"href":"https:\/\/www.cigdemguven.com\/tr\/wp-json\/wp\/v2\/categories?post=1436"},{"taxonomy":"post_tag","embeddable":true,"href":"https:\/\/www.cigdemguven.com\/tr\/wp-json\/wp\/v2\/tags?post=1436"}],"curies":[{"name":"wp","href":"https:\/\/api.w.org\/{rel}","templated":true}]}}