{"id":1414,"date":"2015-04-04T10:28:10","date_gmt":"2015-04-04T07:28:10","guid":{"rendered":"https:\/\/www.cigdemguven.com\/genel\/spiritual-intelligence-with-yogesh-sharda-at-bogazici-university\/"},"modified":"2022-03-19T02:47:42","modified_gmt":"2022-03-18T23:47:42","slug":"spiritualist-yogesh-sharda-ile-ruhsal-zeka-semineri-bogazici-universitesinde","status":"publish","type":"post","link":"https:\/\/www.cigdemguven.com\/tr\/haberler\/spiritualist-yogesh-sharda-ile-ruhsal-zeka-semineri-bogazici-universitesinde\/","title":{"rendered":"Spiritualist Yogesh Sharda ile Ruhsal Zeka Semineri, Bo\u011fazi\u00e7i \u00dcniversitesi\u2019nde"},"content":{"rendered":"<p>{&#8220;main-title&#8221;:{&#8220;component&#8221;:&#8221;hc_title&#8221;,&#8221;id&#8221;:&#8221;main-title&#8221;,&#8221;title&#8221;:&#8221;&#8221;,&#8221;subtitle&#8221;:&#8221;&#8221;,&#8221;title_content&#8221;:{&#8220;component&#8221;:&#8221;hc_title_empty&#8221;,&#8221;id&#8221;:&#8221;title-empty&#8221;}},&#8221;section_QvNqz&#8221;:{&#8220;component&#8221;:&#8221;hc_section&#8221;,&#8221;id&#8221;:&#8221;section_QvNqz&#8221;,&#8221;section_width&#8221;:&#8221;&#8221;,&#8221;animation&#8221;:&#8221;&#8221;,&#8221;animation_time&#8221;:&#8221;&#8221;,&#8221;timeline_animation&#8221;:&#8221;&#8221;,&#8221;timeline_delay&#8221;:&#8221;&#8221;,&#8221;timeline_order&#8221;:&#8221;&#8221;,&#8221;vertical_row&#8221;:&#8221;&#8221;,&#8221;css_classes&#8221;:&#8221;section-color no-padding-bottom no-padding-top &#8220;,&#8221;custom_css_classes&#8221;:&#8221;containernews&#8221;,&#8221;custom_css_styles&#8221;:&#8221;&#8221;,&#8221;section_content&#8221;:[{&#8220;component&#8221;:&#8221;hc_column&#8221;,&#8221;id&#8221;:&#8221;P1FCZ&#8221;,&#8221;column_width&#8221;:&#8221;col-md-12&#8243;,&#8221;animation&#8221;:&#8221;&#8221;,&#8221;animation_time&#8221;:&#8221;&#8221;,&#8221;timeline_animation&#8221;:&#8221;&#8221;,&#8221;timeline_delay&#8221;:&#8221;&#8221;,&#8221;timeline_order&#8221;:&#8221;&#8221;,&#8221;css_classes&#8221;:&#8221;boxed-area align-items-center &#8220;,&#8221;custom_css_classes&#8221;:&#8221;&#8221;,&#8221;custom_css_styles&#8221;:&#8221;&#8221;,&#8221;main_content&#8221;:[{&#8220;component&#8221;:&#8221;hc_title_tag&#8221;,&#8221;id&#8221;:&#8221;5ZtkF&#8221;,&#8221;css_classes&#8221;:&#8221;&#8221;,&#8221;custom_css_classes&#8221;:&#8221;&#8221;,&#8221;custom_css_styles&#8221;:&#8221;&#8221;,&#8221;text&#8221;:&#8221;Spiritualist Yogesh Sharda ile Ruhsal Zeka Semineri, Bo\u011fazi\u00e7i \u00dcniversitesi\u2019nde&#8221;,&#8221;tag&#8221;:&#8221;h1&#8243;},{&#8220;component&#8221;:&#8221;hc_image_box&#8221;,&#8221;id&#8221;:&#8221;P92Nk&#8221;,&#8221;css_classes&#8221;:&#8221;&#8221;,&#8221;custom_css_classes&#8221;:&#8221;&#8221;,&#8221;custom_css_styles&#8221;:&#8221;&#8221;,&#8221;image&#8221;:&#8221;https:\/\/www.cigdemguven.com\/medias\/2015\/12\/spiritualist-yogesh-sharda-ile-ruhsal-zeka-semineri-03-580&#215;1024.jpg|1059|600|1099&#8243;,&#8221;link_type&#8221;:&#8221;lightbox&#8221;,&#8221;lightbox_animation&#8221;:&#8221;&#8221;,&#8221;caption&#8221;:&#8221;Spiritualist Yogesh Sharda ile Ruhsal Zeka Semineri, Bo\u011fazi\u00e7i \u00dcniversitesi\u2019nde&#8221;,&#8221;inner_caption&#8221;:false,&#8221;new_window&#8221;:false,&#8221;link&#8221;:&#8221;https:\/\/www.cigdemguven.com\/medias\/2015\/12\/spiritualist-yogesh-sharda-ile-ruhsal-zeka-semineri-03-580&#215;1024.jpg&#8221;,&#8221;link_content&#8221;:[],&#8221;lightbox_size&#8221;:&#8221;&#8221;,&#8221;scrollbox&#8221;:false,&#8221;icon&#8221;:&#8221;&#8221;,&#8221;image_animation&#8221;:&#8221;&#8221;,&#8221;icon_animation&#8221;:&#8221;&#8221;,&#8221;thumb_size&#8221;:&#8221;full&#8221;,&#8221;icon_hidden&#8221;:true,&#8221;caption_img_box&#8221;:&#8221;&#8221;,&#8221;alt&#8221;:&#8221;&#8221;}]}],&#8221;section_settings&#8221;:&#8221;&#8221;},&#8221;section_aSGAU&#8221;:{&#8220;component&#8221;:&#8221;hc_section&#8221;,&#8221;id&#8221;:&#8221;section_aSGAU&#8221;,&#8221;section_width&#8221;:&#8221;&#8221;,&#8221;animation&#8221;:&#8221;&#8221;,&#8221;animation_time&#8221;:&#8221;&#8221;,&#8221;timeline_animation&#8221;:&#8221;&#8221;,&#8221;timeline_delay&#8221;:&#8221;&#8221;,&#8221;timeline_order&#8221;:&#8221;&#8221;,&#8221;vertical_row&#8221;:&#8221;&#8221;,&#8221;css_classes&#8221;:&#8221;no-padding-bottom no-padding-top &#8220;,&#8221;custom_css_classes&#8221;:&#8221;newstext&#8221;,&#8221;custom_css_styles&#8221;:&#8221;&#8221;,&#8221;section_content&#8221;:[{&#8220;component&#8221;:&#8221;hc_column&#8221;,&#8221;id&#8221;:&#8221;column_0qrhK&#8221;,&#8221;column_width&#8221;:&#8221;col-md-12&#8243;,&#8221;animation&#8221;:&#8221;&#8221;,&#8221;animation_time&#8221;:&#8221;&#8221;,&#8221;timeline_animation&#8221;:&#8221;&#8221;,&#8221;timeline_delay&#8221;:&#8221;&#8221;,&#8221;timeline_order&#8221;:&#8221;&#8221;,&#8221;css_classes&#8221;:&#8221;&#8221;,&#8221;custom_css_classes&#8221;:&#8221;&#8221;,&#8221;custom_css_styles&#8221;:&#8221;&#8221;,&#8221;main_content&#8221;:[{&#8220;component&#8221;:&#8221;hc_title_tag&#8221;,&#8221;id&#8221;:&#8221;LpaNe&#8221;,&#8221;css_classes&#8221;:&#8221;boxed-area &#8220;,&#8221;custom_css_classes&#8221;:&#8221;&#8221;,&#8221;custom_css_styles&#8221;:&#8221;&#8221;,&#8221;text&#8221;:&#8221;Kurumlara ve bireylere a\u00e7\u0131k olarak her 3 ayda bir d\u00fczenlenen \u00c7i\u011fdem G\u00fcven Seminerleri kapsam\u0131nda, 4 Nisan 2015 tarihinde Bo\u011fazi\u00e7i \u00dcniversitesi Mezunlar Derne\u011fi (B\u00dcMED)\u2019de Ruhsal Zeka konulu bir organizasyon d\u00fczenlendi. <br \/> 11.00 \u2013 12.30 saatleri aras\u0131nda \u0130ngilizce olarak ger\u00e7ekle\u015ftirilen seminere konuk konu\u015fmac\u0131 olarak, d\u00fcnyan\u0131n d\u00f6rt bir yan\u0131nda ki\u015fisel geli\u015fime dair y\u00fczlerce konferans ve at\u00f6lye \u00e7al\u0131\u015fmas\u0131 ger\u00e7ekle\u015ftirmi\u015f olan Spiritualist Yogesh Sharda kat\u0131ld\u0131.&#8221;,&#8221;tag&#8221;:&#8221;h4&#8243;},{&#8220;component&#8221;:&#8221;hc_space&#8221;,&#8221;id&#8221;:&#8221;eQwsI&#8221;,&#8221;css_classes&#8221;:&#8221;&#8221;,&#8221;custom_css_classes&#8221;:&#8221;&#8221;,&#8221;custom_css_styles&#8221;:&#8221;&#8221;,&#8221;size&#8221;:&#8221;space&#8221;,&#8221;height&#8221;:&#8221;&#8221;},{&#8220;component&#8221;:&#8221;hc_wp_editor&#8221;,&#8221;id&#8221;:&#8221;Qjmyl&#8221;,&#8221;css_classes&#8221;:&#8221;&#8221;,&#8221;custom_css_classes&#8221;:&#8221;&#8221;,&#8221;custom_css_styles&#8221;:&#8221;&#8221;,&#8221;editor_content&#8221;:&#8221;Kendi alanlar\u0131nda uzmanla\u015fm\u0131\u015f ve ilham veren konu\u015fmac\u0131lar arac\u0131l\u0131\u011f\u0131 ile kat\u0131l\u0131mc\u0131lara farkl\u0131 bak\u0131\u015f a\u00e7\u0131lar\u0131 sunmak amac\u0131yla d\u00fczenlenen \u00c7i\u011fdem G\u00fcven Seminerleri\u2019nin yeni konu\u011fu Spiritualist Yogesh Sharda oldu.\\n\\nAfrika\u2019da do\u011fan, Londra ve Oxford\u2019da yeti\u015fmi\u015f olan Hint as\u0131ll\u0131 Yogesh Sharda, 4 Nisan 2015 tarihinde B\u00dcMED\u2019de ger\u00e7ekle\u015ftirmi\u015f oldu\u011fu seminerinde, modern ya\u015fam\u0131n de\u011fi\u015fen sahneleri aras\u0131nda odakl\u0131 ve dengeli kal\u0131nmas\u0131n\u0131 sa\u011flayan Ruhsal Zeka (Spiritual Intelligence) ile ilgili ilham verici bir konu\u015fma yapt\u0131.\\n\\n20 y\u0131ldan fazla s\u00fcredir ki\u015fisel geli\u015fim e\u011fitmenli\u011fi yapan ve son 14 y\u0131ld\u0131r T\u00fcrkiye\u2019de \u00e7al\u0131\u015fmalar\u0131n\u0131 s\u00fcrd\u00fcren Yogesh Sharda, konu\u015fmas\u0131nda ruhsal zekan\u0131n ki\u015finin kendi benli\u011fi ve hayat amac\u0131 ile do\u011frudan ba\u011flant\u0131l\u0131 oldu\u011funa de\u011findi. Tamam\u0131 \u0130ngilizce olarak ger\u00e7ekle\u015ftirilen seminerde Sharda, ruhsal zekas\u0131 y\u00fcksek olan bireylerin \u00e7evrelerindeki olaylar ne olursa olsun i\u00e7 huzurlar\u0131n\u0131 koruyabildiklerini vurgulad\u0131.&#8221;},{&#8220;component&#8221;:&#8221;hc_space&#8221;,&#8221;id&#8221;:&#8221;2jN6m&#8221;,&#8221;css_classes&#8221;:&#8221;&#8221;,&#8221;custom_css_classes&#8221;:&#8221;&#8221;,&#8221;custom_css_styles&#8221;:&#8221;&#8221;,&#8221;size&#8221;:&#8221;space-sm&#8221;,&#8221;height&#8221;:&#8221;&#8221;},{&#8220;component&#8221;:&#8221;hc_image_grid_list&#8221;,&#8221;id&#8221;:&#8221;wwplS&#8221;,&#8221;css_classes&#8221;:&#8221;&#8221;,&#8221;custom_css_classes&#8221;:&#8221;&#8221;,&#8221;custom_css_styles&#8221;:&#8221;&#8221;,&#8221;images&#8221;:[{&#8220;component&#8221;:&#8221;hc_upload_img&#8221;,&#8221;id&#8221;:&#8221;7qivu&#8221;,&#8221;link&#8221;:&#8221;https:\/\/www.cigdemguven.com\/medias\/2015\/12\/spiritualist-yogesh-sharda-ile-ruhsal-zeka-semineri-01-1024&#215;683.jpg|800|1200|1100&#8243;},{&#8220;component&#8221;:&#8221;hc_upload_img&#8221;,&#8221;id&#8221;:&#8221;9tfOy&#8221;,&#8221;link&#8221;:&#8221;https:\/\/www.cigdemguven.com\/medias\/2015\/12\/spiritualist-yogesh-sharda-ile-ruhsal-zeka-semineri-02-1024&#215;1024.jpg|1600|1600|1101&#8243;},{&#8220;component&#8221;:&#8221;hc_upload_img&#8221;,&#8221;id&#8221;:&#8221;xjtpJ&#8221;,&#8221;link&#8221;:&#8221;https:\/\/www.cigdemguven.com\/medias\/2015\/12\/spiritualist-yogesh-sharda-ile-ruhsal-zeka-semineri-03-580&#215;1024.jpg|1059|600|1099&#8243;}],&#8221;icon&#8221;:&#8221;&#8221;,&#8221;thumb_size&#8221;:&#8221;large&#8221;,&#8221;lightbox_size&#8221;:&#8221;full&#8221;,&#8221;lightbox_animation&#8221;:&#8221;&#8221;,&#8221;hover_animation&#8221;:&#8221;&#8221;,&#8221;icon_animation&#8221;:&#8221;&#8221;,&#8221;hide_icon&#8221;:true,&#8221;css&#8221;:&#8221;&#8221;,&#8221;column&#8221;:&#8221;2&#8243;,&#8221;column_lg&#8221;:&#8221;2&#8243;,&#8221;column_md&#8221;:&#8221;2&#8243;,&#8221;column_sm&#8221;:&#8221;1&#8243;,&#8221;column_xs&#8221;:&#8221;1&#8243;,&#8221;margins&#8221;:&#8221;&#8221;,&#8221;pag_type&#8221;:&#8221;&#8221;,&#8221;pag_items&#8221;:&#8221;&#8221;,&#8221;pag_animation&#8221;:&#8221;&#8221;,&#8221;pag_size&#8221;:&#8221;&#8221;,&#8221;pag_position&#8221;:&#8221;&#8221;,&#8221;lm_lazy&#8221;:false,&#8221;lm_button_text&#8221;:&#8221;&#8221;,&#8221;pag_data_options&#8221;:&#8221;&#8221;}]},{&#8220;component&#8221;:&#8221;hc_column&#8221;,&#8221;id&#8221;:&#8221;column_7aIP1&#8243;,&#8221;column_width&#8221;:&#8221;col-md-12&#8243;,&#8221;animation&#8221;:&#8221;&#8221;,&#8221;animation_time&#8221;:&#8221;&#8221;,&#8221;timeline_animation&#8221;:&#8221;&#8221;,&#8221;timeline_delay&#8221;:&#8221;&#8221;,&#8221;timeline_order&#8221;:&#8221;&#8221;,&#8221;css_classes&#8221;:&#8221;&#8221;,&#8221;custom_css_classes&#8221;:&#8221;socialbox&#8221;,&#8221;custom_css_styles&#8221;:&#8221;&#8221;,&#8221;main_content&#8221;:[{&#8220;component&#8221;:&#8221;hc_space&#8221;,&#8221;id&#8221;:&#8221;Hdg76&#8243;,&#8221;css_classes&#8221;:&#8221;&#8221;,&#8221;custom_css_classes&#8221;:&#8221;&#8221;,&#8221;custom_css_styles&#8221;:&#8221;&#8221;,&#8221;size&#8221;:&#8221;space-sm&#8221;,&#8221;height&#8221;:&#8221;&#8221;},{&#8220;component&#8221;:&#8221;hc_text_block&#8221;,&#8221;id&#8221;:&#8221;zmr0F&#8221;,&#8221;css_classes&#8221;:&#8221;&#8221;,&#8221;custom_css_classes&#8221;:&#8221;&#8221;,&#8221;custom_css_styles&#8221;:&#8221;&#8221;,&#8221;content&#8221;:&#8221;Payla\u015f:&#8221;},{&#8220;component&#8221;:&#8221;hc_social_share_buttons&#8221;,&#8221;id&#8221;:&#8221;P7L30&#8243;,&#8221;css_classes&#8221;:&#8221;&#8221;,&#8221;custom_css_classes&#8221;:&#8221;&#8221;,&#8221;custom_css_styles&#8221;:&#8221;&#8221;,&#8221;style&#8221;:&#8221;icon-links-button&#8221;,&#8221;size&#8221;:&#8221;&#8221;,&#8221;alignment&#8221;:&#8221;&#8221;,&#8221;type&#8221;:&#8221;&#8221;,&#8221;social_colors&#8221;:true,&#8221;fb&#8221;:true,&#8221;fb_link&#8221;:&#8221;&#8221;,&#8221;tw&#8221;:true,&#8221;tw_link&#8221;:&#8221;&#8221;,&#8221;pi&#8221;:true,&#8221;pi_link&#8221;:&#8221;&#8221;,&#8221;li&#8221;:true,&#8221;li_link&#8221;:&#8221;&#8221;}]}],&#8221;section_settings&#8221;:&#8221;&#8221;},&#8221;section_dDpN7&#8243;:{&#8220;component&#8221;:&#8221;hc_section&#8221;,&#8221;id&#8221;:&#8221;section_dDpN7&#8243;,&#8221;section_width&#8221;:&#8221;&#8221;,&#8221;animation&#8221;:&#8221;&#8221;,&#8221;animation_time&#8221;:&#8221;&#8221;,&#8221;timeline_animation&#8221;:&#8221;&#8221;,&#8221;timeline_delay&#8221;:&#8221;&#8221;,&#8221;timeline_order&#8221;:&#8221;&#8221;,&#8221;vertical_row&#8221;:&#8221;&#8221;,&#8221;css_classes&#8221;:&#8221;section-color &#8220;,&#8221;custom_css_classes&#8221;:&#8221;&#8221;,&#8221;custom_css_styles&#8221;:&#8221;&#8221;,&#8221;section_content&#8221;:[{&#8220;component&#8221;:&#8221;hc_column&#8221;,&#8221;id&#8221;:&#8221;XLZ44&#8243;,&#8221;column_width&#8221;:&#8221;col-md-12&#8243;,&#8221;animation&#8221;:&#8221;&#8221;,&#8221;animation_time&#8221;:&#8221;&#8221;,&#8221;timeline_animation&#8221;:&#8221;&#8221;,&#8221;timeline_delay&#8221;:&#8221;&#8221;,&#8221;timeline_order&#8221;:&#8221;&#8221;,&#8221;css_classes&#8221;:&#8221;&#8221;,&#8221;custom_css_classes&#8221;:&#8221;&#8221;,&#8221;custom_css_styles&#8221;:&#8221;&#8221;,&#8221;main_content&#8221;:[{&#8220;component&#8221;:&#8221;hc_title_tag&#8221;,&#8221;id&#8221;:&#8221;4AoyD&#8221;,&#8221;css_classes&#8221;:&#8221;&#8221;,&#8221;custom_css_classes&#8221;:&#8221;&#8221;,&#8221;custom_css_styles&#8221;:&#8221;&#8221;,&#8221;text&#8221;:&#8221;Di\u011fer Haberler&#8221;,&#8221;tag&#8221;:&#8221;h2&#8243;},{&#8220;component&#8221;:&#8221;hc_space&#8221;,&#8221;id&#8221;:&#8221;TsAHd&#8221;,&#8221;css_classes&#8221;:&#8221;&#8221;,&#8221;custom_css_classes&#8221;:&#8221;&#8221;,&#8221;custom_css_styles&#8221;:&#8221;&#8221;,&#8221;size&#8221;:&#8221;space&#8221;,&#8221;height&#8221;:&#8221;&#8221;},{&#8220;component&#8221;:&#8221;hc_pt_grid_list&#8221;,&#8221;id&#8221;:&#8221;J9IEW&#8221;,&#8221;css_classes&#8221;:&#8221;&#8221;,&#8221;custom_css_classes&#8221;:&#8221;&#8221;,&#8221;custom_css_styles&#8221;:&#8221;&#8221;,&#8221;post_type_slug&#8221;:&#8221;post&#8221;,&#8221;post_type_category&#8221;:&#8221;haberler&#8221;,&#8221;column&#8221;:&#8221;2&#8243;,&#8221;column_lg&#8221;:&#8221;2&#8243;,&#8221;column_md&#8221;:&#8221;2&#8243;,&#8221;column_sm&#8221;:&#8221;1&#8243;,&#8221;column_xs&#8221;:&#8221;1&#8243;,&#8221;margins&#8221;:&#8221;&#8221;,&#8221;pag_type&#8221;:&#8221;load_more&#8221;,&#8221;pag_items&#8221;:&#8221;2&#8243;,&#8221;pag_size&#8221;:&#8221;&#8221;,&#8221;pag_animation&#8221;:&#8221;fade-top&#8221;,&#8221;pag_scroll_top&#8221;:false,&#8221;pag_position&#8221;:&#8221;align-center&#8221;,&#8221;pag_button_prev&#8221;:&#8221;&#8221;,&#8221;pag_button_next&#8221;:&#8221;&#8221;,&#8221;lm_lazy&#8221;:false,&#8221;lm_button_text&#8221;:&#8221;Daha Fazla&#8221;,&#8221;box&#8221;:&#8221;blog_top&#8221;,&#8221;boxed&#8221;:true,&#8221;extra&#8221;:false,&#8221;content&#8221;:&#8221;&#8221;,&#8221;title_length&#8221;:&#8221;32&#8243;,&#8221;excerpt_length&#8221;:&#8221;75&#8243;,&#8221;title_size&#8221;:&#8221;text-md&#8221;,&#8221;custom_css&#8221;:&#8221;&#8221;,&#8221;button_text&#8221;:&#8221;&#8221;,&#8221;button_style&#8221;:&#8221;square&#8221;,&#8221;button_dimensions&#8221;:&#8221;btn-lg&#8221;,&#8221;button_animation&#8221;:false,&#8221;button_icon&#8221;:&#8221;&#8221;}]}],&#8221;section_settings&#8221;:&#8221;&#8221;},&#8221;scripts&#8221;:{&#8220;lightbox&#8221;:&#8221;magnific-popup.min.js&#8221;,&#8221;pagination&#8221;:&#8221;pagination.min.js&#8221;},&#8221;css&#8221;:{&#8220;lightbox&#8221;:&#8221;css\/magnific-popup.css&#8221;,&#8221;content_box&#8221;:&#8221;css\/content-box.css&#8221;,&#8221;media_box&#8221;:&#8221;css\/media-box.css&#8221;},&#8221;css_page&#8221;:&#8221;&#8221;,&#8221;template_setting&#8221;:{},&#8221;template_setting_top&#8221;:{},&#8221;page_setting&#8221;:{&#8220;settings&#8221;:[&#8220;lock-mode-off&#8221;]},&#8221;post_type_setting&#8221;:{&#8220;settings&#8221;:{&#8220;image&#8221;:&#8221;https:\/\/www.cigdemguven.com\/medias\/2015\/12\/spiritualist-yogesh-sharda-ile-ruhsal-zeka-semineri-03-580&#215;1024.jpg|1059|600|1099&#8243;,&#8221;excerpt&#8221;:&#8221;Kendi alanlar\u0131nda uzmanla\u015fm\u0131\u015f ve ilham veren konu\u015fmac\u0131lar arac\u0131l\u0131\u011f\u0131 ile kat\u0131l\u0131mc\u0131lara farkl\u0131 bak\u0131\u015f a\u00e7\u0131lar\u0131 sunmak amac\u0131yla d\u00fczenlenen \u00c7i\u011fdem G\u00fcven Seminerleri\u2019nin yeni konu\u011fu Spiritualist Yogesh Sharda oldu.&#8221;,&#8221;extra_1&#8243;:&#8221;Seminer&#8221;,&#8221;extra_2&#8243;:&#8221;&#8221;,&#8221;icon&#8221;:{&#8220;icon&#8221;:&#8221;&#8221;,&#8221;icon_style&#8221;:&#8221;&#8221;,&#8221;icon_image&#8221;:&#8221;&#8221;}}}}<\/p>\n","protected":false},"excerpt":{"rendered":"<p>Kendi alanlar\u0131nda uzmanla\u015fm\u0131\u015f ve ilham veren konu\u015fmac\u0131lar arac\u0131l\u0131\u011f\u0131 ile kat\u0131l\u0131mc\u0131lara farkl\u0131 bak\u0131\u015f a\u00e7\u0131lar\u0131 sunmak amac\u0131yla d\u00fczenlenen \u00c7i\u011fdem G\u00fcven Seminerleri\u2019nin yeni konu\u011fu Spiritualist Yogesh Sharda oldu.<\/p>\n","protected":false},"author":1,"featured_media":0,"comment_status":"closed","ping_status":"open","sticky":false,"template":"","format":"standard","meta":{"footnotes":""},"categories":[20,21],"tags":[],"class_list":["post-1414","post","type-post","status-publish","format-standard","hentry","category-haberler","category-seminerler"],"yoast_head":"\n<title>Spiritualist Yogesh Sharda ile Ruhsal Zeka Semineri, Bo\u011fazi\u00e7i \u00dcniversitesi\u2019nde | \u00c7i\u011fdem G\u00fcven Management Consulting &amp; Coaching &amp; Mentoring Services<\/title>\n<meta name=\"robots\" content=\"index, follow, max-snippet:-1, max-image-preview:large, max-video-preview:-1\" \/>\n<link rel=\"canonical\" href=\"https:\/\/www.cigdemguven.com\/tr\/haberler\/spiritualist-yogesh-sharda-ile-ruhsal-zeka-semineri-bogazici-universitesinde\/\" \/>\n<meta property=\"og:locale\" content=\"tr_TR\" \/>\n<meta property=\"og:type\" content=\"article\" \/>\n<meta property=\"og:title\" content=\"Spiritualist Yogesh Sharda ile Ruhsal Zeka Semineri, Bo\u011fazi\u00e7i \u00dcniversitesi\u2019nde | \u00c7i\u011fdem G\u00fcven Management Consulting &amp; Coaching &amp; Mentoring Services\" \/>\n<meta property=\"og:description\" content=\"Kendi alanlar\u0131nda uzmanla\u015fm\u0131\u015f ve ilham veren konu\u015fmac\u0131lar arac\u0131l\u0131\u011f\u0131 ile kat\u0131l\u0131mc\u0131lara farkl\u0131 bak\u0131\u015f a\u00e7\u0131lar\u0131 sunmak amac\u0131yla d\u00fczenlenen \u00c7i\u011fdem G\u00fcven Seminerleri\u2019nin yeni konu\u011fu Spiritualist Yogesh Sharda oldu.\" \/>\n<meta property=\"og:url\" content=\"https:\/\/www.cigdemguven.com\/tr\/haberler\/spiritualist-yogesh-sharda-ile-ruhsal-zeka-semineri-bogazici-universitesinde\/\" \/>\n<meta property=\"og:site_name\" content=\"\u00c7i\u011fdem G\u00fcven Management Consulting &amp; Coaching &amp; Mentoring Services\" \/>\n<meta property=\"article:publisher\" content=\"https:\/\/www.facebook.com\/cigdemguvendanisman\" \/>\n<meta property=\"article:published_time\" content=\"2015-04-04T07:28:10+00:00\" \/>\n<meta property=\"article:modified_time\" content=\"2022-03-18T23:47:42+00:00\" \/>\n<meta property=\"og:image\" content=\"https:\/\/www.cigdemguven.com\/medias\/2022\/01\/cigdemguvenphoto.jpg\" \/>\n\t<meta property=\"og:image:width\" content=\"777\" \/>\n\t<meta property=\"og:image:height\" content=\"823\" \/>\n\t<meta property=\"og:image:type\" content=\"image\/jpeg\" \/>\n<meta name=\"author\" content=\"\u00c7i\u011fdem G\u00fcven\" \/>\n<meta name=\"twitter:card\" content=\"summary_large_image\" \/>\n<meta name=\"twitter:creator\" content=\"@cigdemguvencom\" \/>\n<meta name=\"twitter:site\" content=\"@cigdemguvencom\" \/>\n<meta name=\"twitter:label1\" content=\"Yazan:\" \/>\n\t<meta name=\"twitter:data1\" content=\"\u00c7i\u011fdem G\u00fcven\" \/>\n\t<meta name=\"twitter:label2\" content=\"Tahmini okuma s\u00fcresi\" \/>\n\t<meta name=\"twitter:data2\" content=\"5 dakika\" \/>\n<script type=\"application\/ld+json\" class=\"yoast-schema-graph\">{\"@context\":\"https:\/\/schema.org\",\"@graph\":[{\"@type\":\"Article\",\"@id\":\"https:\/\/www.cigdemguven.com\/tr\/haberler\/spiritualist-yogesh-sharda-ile-ruhsal-zeka-semineri-bogazici-universitesinde\/#article\",\"isPartOf\":{\"@id\":\"https:\/\/www.cigdemguven.com\/tr\/haberler\/spiritualist-yogesh-sharda-ile-ruhsal-zeka-semineri-bogazici-universitesinde\/\"},\"author\":{\"name\":\"\u00c7i\u011fdem G\u00fcven\",\"@id\":\"https:\/\/www.cigdemguven.com\/tr\/#\/schema\/person\/abd506d3b37ae4dd04e7393ca6ac5921\"},\"headline\":\"Spiritualist Yogesh Sharda ile Ruhsal Zeka Semineri, Bo\u011fazi\u00e7i \u00dcniversitesi\u2019nde\",\"datePublished\":\"2015-04-04T07:28:10+00:00\",\"dateModified\":\"2022-03-18T23:47:42+00:00\",\"mainEntityOfPage\":{\"@id\":\"https:\/\/www.cigdemguven.com\/tr\/haberler\/spiritualist-yogesh-sharda-ile-ruhsal-zeka-semineri-bogazici-universitesinde\/\"},\"wordCount\":1102,\"publisher\":{\"@id\":\"https:\/\/www.cigdemguven.com\/tr\/#organization\"},\"articleSection\":[\"Haberler\",\"Seminerler\"],\"inLanguage\":\"tr\"},{\"@type\":\"WebPage\",\"@id\":\"https:\/\/www.cigdemguven.com\/tr\/haberler\/spiritualist-yogesh-sharda-ile-ruhsal-zeka-semineri-bogazici-universitesinde\/\",\"url\":\"https:\/\/www.cigdemguven.com\/tr\/haberler\/spiritualist-yogesh-sharda-ile-ruhsal-zeka-semineri-bogazici-universitesinde\/\",\"name\":\"Spiritualist Yogesh Sharda ile Ruhsal Zeka Semineri, Bo\u011fazi\u00e7i \u00dcniversitesi\u2019nde | \u00c7i\u011fdem G\u00fcven Management Consulting &amp; Coaching &amp; Mentoring Services\",\"isPartOf\":{\"@id\":\"https:\/\/www.cigdemguven.com\/tr\/#website\"},\"datePublished\":\"2015-04-04T07:28:10+00:00\",\"dateModified\":\"2022-03-18T23:47:42+00:00\",\"breadcrumb\":{\"@id\":\"https:\/\/www.cigdemguven.com\/tr\/haberler\/spiritualist-yogesh-sharda-ile-ruhsal-zeka-semineri-bogazici-universitesinde\/#breadcrumb\"},\"inLanguage\":\"tr\",\"potentialAction\":[{\"@type\":\"ReadAction\",\"target\":[\"https:\/\/www.cigdemguven.com\/tr\/haberler\/spiritualist-yogesh-sharda-ile-ruhsal-zeka-semineri-bogazici-universitesinde\/\"]}]},{\"@type\":\"BreadcrumbList\",\"@id\":\"https:\/\/www.cigdemguven.com\/tr\/haberler\/spiritualist-yogesh-sharda-ile-ruhsal-zeka-semineri-bogazici-universitesinde\/#breadcrumb\",\"itemListElement\":[{\"@type\":\"ListItem\",\"position\":1,\"name\":\"Home\",\"item\":\"https:\/\/www.cigdemguven.com\/tr\/\"},{\"@type\":\"ListItem\",\"position\":2,\"name\":\"Spiritualist Yogesh Sharda ile Ruhsal Zeka Semineri, Bo\u011fazi\u00e7i \u00dcniversitesi\u2019nde\"}]},{\"@type\":\"WebSite\",\"@id\":\"https:\/\/www.cigdemguven.com\/tr\/#website\",\"url\":\"https:\/\/www.cigdemguven.com\/tr\/\",\"name\":\"\u00c7i\u011fdem G\u00fcven Management Consulting &amp; Coaching &amp; Mentoring Services\",\"description\":\"Management Consulting &amp; Coaching &amp; Mentoring Services\",\"publisher\":{\"@id\":\"https:\/\/www.cigdemguven.com\/tr\/#organization\"},\"potentialAction\":[{\"@type\":\"SearchAction\",\"target\":{\"@type\":\"EntryPoint\",\"urlTemplate\":\"https:\/\/www.cigdemguven.com\/tr\/?s={search_term_string}\"},\"query-input\":\"required name=search_term_string\"}],\"inLanguage\":\"tr\"},{\"@type\":\"Organization\",\"@id\":\"https:\/\/www.cigdemguven.com\/tr\/#organization\",\"name\":\"\u00c7i\u011fdem G\u00fcven Management Consulting & Coaching & Mentoring Services\",\"url\":\"https:\/\/www.cigdemguven.com\/tr\/\",\"logo\":{\"@type\":\"ImageObject\",\"inLanguage\":\"tr\",\"@id\":\"https:\/\/www.cigdemguven.com\/tr\/#\/schema\/logo\/image\/\",\"url\":\"https:\/\/www.cigdemguven.com\/medias\/2021\/12\/cigdem-guven-logo.svg\",\"contentUrl\":\"https:\/\/www.cigdemguven.com\/medias\/2021\/12\/cigdem-guven-logo.svg\",\"width\":1,\"height\":1,\"caption\":\"\u00c7i\u011fdem G\u00fcven Management Consulting & Coaching & Mentoring Services\"},\"image\":{\"@id\":\"https:\/\/www.cigdemguven.com\/tr\/#\/schema\/logo\/image\/\"},\"sameAs\":[\"https:\/\/www.facebook.com\/cigdemguvendanisman\",\"https:\/\/twitter.com\/cigdemguvencom\",\"https:\/\/www.instagram.com\/cigdemguvendanismanlik\/\",\"https:\/\/www.linkedin.com\/in\/cigdemguvendanismanlik\/\"]},{\"@type\":\"Person\",\"@id\":\"https:\/\/www.cigdemguven.com\/tr\/#\/schema\/person\/abd506d3b37ae4dd04e7393ca6ac5921\",\"name\":\"\u00c7i\u011fdem G\u00fcven\",\"sameAs\":[\"https:\/\/www.cigdemguven.com\"],\"url\":\"https:\/\/www.cigdemguven.com\/tr\/author\/cigdemguven\/\"}]}<\/script>\n","yoast_head_json":{"title":"Spiritualist Yogesh Sharda ile Ruhsal Zeka Semineri, Bo\u011fazi\u00e7i \u00dcniversitesi\u2019nde | \u00c7i\u011fdem G\u00fcven Management Consulting &amp; Coaching &amp; Mentoring Services","robots":{"index":"index","follow":"follow","max-snippet":"max-snippet:-1","max-image-preview":"max-image-preview:large","max-video-preview":"max-video-preview:-1"},"canonical":"https:\/\/www.cigdemguven.com\/tr\/haberler\/spiritualist-yogesh-sharda-ile-ruhsal-zeka-semineri-bogazici-universitesinde\/","og_locale":"tr_TR","og_type":"article","og_title":"Spiritualist Yogesh Sharda ile Ruhsal Zeka Semineri, Bo\u011fazi\u00e7i \u00dcniversitesi\u2019nde | \u00c7i\u011fdem G\u00fcven Management Consulting &amp; Coaching &amp; Mentoring Services","og_description":"Kendi alanlar\u0131nda uzmanla\u015fm\u0131\u015f ve ilham veren konu\u015fmac\u0131lar arac\u0131l\u0131\u011f\u0131 ile kat\u0131l\u0131mc\u0131lara farkl\u0131 bak\u0131\u015f a\u00e7\u0131lar\u0131 sunmak amac\u0131yla d\u00fczenlenen \u00c7i\u011fdem G\u00fcven Seminerleri\u2019nin yeni konu\u011fu Spiritualist Yogesh Sharda oldu.","og_url":"https:\/\/www.cigdemguven.com\/tr\/haberler\/spiritualist-yogesh-sharda-ile-ruhsal-zeka-semineri-bogazici-universitesinde\/","og_site_name":"\u00c7i\u011fdem G\u00fcven Management Consulting &amp; Coaching &amp; Mentoring Services","article_publisher":"https:\/\/www.facebook.com\/cigdemguvendanisman","article_published_time":"2015-04-04T07:28:10+00:00","article_modified_time":"2022-03-18T23:47:42+00:00","og_image":[{"width":777,"height":823,"url":"https:\/\/www.cigdemguven.com\/medias\/2022\/01\/cigdemguvenphoto.jpg","type":"image\/jpeg"}],"author":"\u00c7i\u011fdem G\u00fcven","twitter_card":"summary_large_image","twitter_creator":"@cigdemguvencom","twitter_site":"@cigdemguvencom","twitter_misc":{"Yazan:":"\u00c7i\u011fdem G\u00fcven","Tahmini okuma s\u00fcresi":"5 dakika"},"schema":{"@context":"https:\/\/schema.org","@graph":[{"@type":"Article","@id":"https:\/\/www.cigdemguven.com\/tr\/haberler\/spiritualist-yogesh-sharda-ile-ruhsal-zeka-semineri-bogazici-universitesinde\/#article","isPartOf":{"@id":"https:\/\/www.cigdemguven.com\/tr\/haberler\/spiritualist-yogesh-sharda-ile-ruhsal-zeka-semineri-bogazici-universitesinde\/"},"author":{"name":"\u00c7i\u011fdem G\u00fcven","@id":"https:\/\/www.cigdemguven.com\/tr\/#\/schema\/person\/abd506d3b37ae4dd04e7393ca6ac5921"},"headline":"Spiritualist Yogesh Sharda ile Ruhsal Zeka Semineri, Bo\u011fazi\u00e7i \u00dcniversitesi\u2019nde","datePublished":"2015-04-04T07:28:10+00:00","dateModified":"2022-03-18T23:47:42+00:00","mainEntityOfPage":{"@id":"https:\/\/www.cigdemguven.com\/tr\/haberler\/spiritualist-yogesh-sharda-ile-ruhsal-zeka-semineri-bogazici-universitesinde\/"},"wordCount":1102,"publisher":{"@id":"https:\/\/www.cigdemguven.com\/tr\/#organization"},"articleSection":["Haberler","Seminerler"],"inLanguage":"tr"},{"@type":"WebPage","@id":"https:\/\/www.cigdemguven.com\/tr\/haberler\/spiritualist-yogesh-sharda-ile-ruhsal-zeka-semineri-bogazici-universitesinde\/","url":"https:\/\/www.cigdemguven.com\/tr\/haberler\/spiritualist-yogesh-sharda-ile-ruhsal-zeka-semineri-bogazici-universitesinde\/","name":"Spiritualist Yogesh Sharda ile Ruhsal Zeka Semineri, Bo\u011fazi\u00e7i \u00dcniversitesi\u2019nde | \u00c7i\u011fdem G\u00fcven Management Consulting &amp; Coaching &amp; Mentoring Services","isPartOf":{"@id":"https:\/\/www.cigdemguven.com\/tr\/#website"},"datePublished":"2015-04-04T07:28:10+00:00","dateModified":"2022-03-18T23:47:42+00:00","breadcrumb":{"@id":"https:\/\/www.cigdemguven.com\/tr\/haberler\/spiritualist-yogesh-sharda-ile-ruhsal-zeka-semineri-bogazici-universitesinde\/#breadcrumb"},"inLanguage":"tr","potentialAction":[{"@type":"ReadAction","target":["https:\/\/www.cigdemguven.com\/tr\/haberler\/spiritualist-yogesh-sharda-ile-ruhsal-zeka-semineri-bogazici-universitesinde\/"]}]},{"@type":"BreadcrumbList","@id":"https:\/\/www.cigdemguven.com\/tr\/haberler\/spiritualist-yogesh-sharda-ile-ruhsal-zeka-semineri-bogazici-universitesinde\/#breadcrumb","itemListElement":[{"@type":"ListItem","position":1,"name":"Home","item":"https:\/\/www.cigdemguven.com\/tr\/"},{"@type":"ListItem","position":2,"name":"Spiritualist Yogesh Sharda ile Ruhsal Zeka Semineri, Bo\u011fazi\u00e7i \u00dcniversitesi\u2019nde"}]},{"@type":"WebSite","@id":"https:\/\/www.cigdemguven.com\/tr\/#website","url":"https:\/\/www.cigdemguven.com\/tr\/","name":"\u00c7i\u011fdem G\u00fcven Management Consulting &amp; Coaching &amp; Mentoring Services","description":"Management Consulting &amp; Coaching &amp; Mentoring Services","publisher":{"@id":"https:\/\/www.cigdemguven.com\/tr\/#organization"},"potentialAction":[{"@type":"SearchAction","target":{"@type":"EntryPoint","urlTemplate":"https:\/\/www.cigdemguven.com\/tr\/?s={search_term_string}"},"query-input":"required name=search_term_string"}],"inLanguage":"tr"},{"@type":"Organization","@id":"https:\/\/www.cigdemguven.com\/tr\/#organization","name":"\u00c7i\u011fdem G\u00fcven Management Consulting & Coaching & Mentoring Services","url":"https:\/\/www.cigdemguven.com\/tr\/","logo":{"@type":"ImageObject","inLanguage":"tr","@id":"https:\/\/www.cigdemguven.com\/tr\/#\/schema\/logo\/image\/","url":"https:\/\/www.cigdemguven.com\/medias\/2021\/12\/cigdem-guven-logo.svg","contentUrl":"https:\/\/www.cigdemguven.com\/medias\/2021\/12\/cigdem-guven-logo.svg","width":1,"height":1,"caption":"\u00c7i\u011fdem G\u00fcven Management Consulting & Coaching & Mentoring Services"},"image":{"@id":"https:\/\/www.cigdemguven.com\/tr\/#\/schema\/logo\/image\/"},"sameAs":["https:\/\/www.facebook.com\/cigdemguvendanisman","https:\/\/twitter.com\/cigdemguvencom","https:\/\/www.instagram.com\/cigdemguvendanismanlik\/","https:\/\/www.linkedin.com\/in\/cigdemguvendanismanlik\/"]},{"@type":"Person","@id":"https:\/\/www.cigdemguven.com\/tr\/#\/schema\/person\/abd506d3b37ae4dd04e7393ca6ac5921","name":"\u00c7i\u011fdem G\u00fcven","sameAs":["https:\/\/www.cigdemguven.com"],"url":"https:\/\/www.cigdemguven.com\/tr\/author\/cigdemguven\/"}]}},"_links":{"self":[{"href":"https:\/\/www.cigdemguven.com\/tr\/wp-json\/wp\/v2\/posts\/1414","targetHints":{"allow":["GET"]}}],"collection":[{"href":"https:\/\/www.cigdemguven.com\/tr\/wp-json\/wp\/v2\/posts"}],"about":[{"href":"https:\/\/www.cigdemguven.com\/tr\/wp-json\/wp\/v2\/types\/post"}],"author":[{"embeddable":true,"href":"https:\/\/www.cigdemguven.com\/tr\/wp-json\/wp\/v2\/users\/1"}],"replies":[{"embeddable":true,"href":"https:\/\/www.cigdemguven.com\/tr\/wp-json\/wp\/v2\/comments?post=1414"}],"version-history":[{"count":2,"href":"https:\/\/www.cigdemguven.com\/tr\/wp-json\/wp\/v2\/posts\/1414\/revisions"}],"predecessor-version":[{"id":1422,"href":"https:\/\/www.cigdemguven.com\/tr\/wp-json\/wp\/v2\/posts\/1414\/revisions\/1422"}],"wp:attachment":[{"href":"https:\/\/www.cigdemguven.com\/tr\/wp-json\/wp\/v2\/media?parent=1414"}],"wp:term":[{"taxonomy":"category","embeddable":true,"href":"https:\/\/www.cigdemguven.com\/tr\/wp-json\/wp\/v2\/categories?post=1414"},{"taxonomy":"post_tag","embeddable":true,"href":"https:\/\/www.cigdemguven.com\/tr\/wp-json\/wp\/v2\/tags?post=1414"}],"curies":[{"name":"wp","href":"https:\/\/api.w.org\/{rel}","templated":true}]}}