{"id":1401,"date":"2016-05-30T10:28:10","date_gmt":"2016-05-30T07:28:10","guid":{"rendered":"https:\/\/www.cigdemguven.com\/genel\/in-search-of-lost-sounds-a-personal-journey-to-the-past-with-emre-araci\/"},"modified":"2022-03-19T02:36:43","modified_gmt":"2022-03-18T23:36:43","slug":"dr-emre-araci-ile-kayip-seslerin-izinde-kisisel-gecmisimize-yolculuk","status":"publish","type":"post","link":"https:\/\/www.cigdemguven.com\/tr\/haberler\/dr-emre-araci-ile-kayip-seslerin-izinde-kisisel-gecmisimize-yolculuk\/","title":{"rendered":"Dr. Emre Arac\u0131 ile Kay\u0131p Seslerin \u0130zinde \u2013 Ki\u015fisel Ge\u00e7mi\u015fimize Yolculuk"},"content":{"rendered":"<p>{&#8220;main-title&#8221;:{&#8220;component&#8221;:&#8221;hc_title&#8221;,&#8221;id&#8221;:&#8221;main-title&#8221;,&#8221;title&#8221;:&#8221;&#8221;,&#8221;subtitle&#8221;:&#8221;&#8221;,&#8221;title_content&#8221;:{&#8220;component&#8221;:&#8221;hc_title_empty&#8221;,&#8221;id&#8221;:&#8221;title-empty&#8221;}},&#8221;section_QvNqz&#8221;:{&#8220;component&#8221;:&#8221;hc_section&#8221;,&#8221;id&#8221;:&#8221;section_QvNqz&#8221;,&#8221;section_width&#8221;:&#8221;&#8221;,&#8221;animation&#8221;:&#8221;&#8221;,&#8221;animation_time&#8221;:&#8221;&#8221;,&#8221;timeline_animation&#8221;:&#8221;&#8221;,&#8221;timeline_delay&#8221;:&#8221;&#8221;,&#8221;timeline_order&#8221;:&#8221;&#8221;,&#8221;vertical_row&#8221;:&#8221;&#8221;,&#8221;css_classes&#8221;:&#8221;section-color no-padding-bottom no-padding-top &#8220;,&#8221;custom_css_classes&#8221;:&#8221;containernews&#8221;,&#8221;custom_css_styles&#8221;:&#8221;&#8221;,&#8221;section_content&#8221;:[{&#8220;component&#8221;:&#8221;hc_column&#8221;,&#8221;id&#8221;:&#8221;P1FCZ&#8221;,&#8221;column_width&#8221;:&#8221;col-md-12&#8243;,&#8221;animation&#8221;:&#8221;&#8221;,&#8221;animation_time&#8221;:&#8221;&#8221;,&#8221;timeline_animation&#8221;:&#8221;&#8221;,&#8221;timeline_delay&#8221;:&#8221;&#8221;,&#8221;timeline_order&#8221;:&#8221;&#8221;,&#8221;css_classes&#8221;:&#8221;boxed-area align-items-center &#8220;,&#8221;custom_css_classes&#8221;:&#8221;&#8221;,&#8221;custom_css_styles&#8221;:&#8221;&#8221;,&#8221;main_content&#8221;:[{&#8220;component&#8221;:&#8221;hc_title_tag&#8221;,&#8221;id&#8221;:&#8221;5ZtkF&#8221;,&#8221;css_classes&#8221;:&#8221;&#8221;,&#8221;custom_css_classes&#8221;:&#8221;&#8221;,&#8221;custom_css_styles&#8221;:&#8221;&#8221;,&#8221;text&#8221;:&#8221;Dr. Emre Arac\u0131 ile Kay\u0131p Seslerin \u0130zinde \u2013 Ki\u015fisel Ge\u00e7mi\u015fimize Yolculuk&#8221;,&#8221;tag&#8221;:&#8221;h1&#8243;},{&#8220;component&#8221;:&#8221;hc_image_box&#8221;,&#8221;id&#8221;:&#8221;P92Nk&#8221;,&#8221;css_classes&#8221;:&#8221;&#8221;,&#8221;custom_css_classes&#8221;:&#8221;&#8221;,&#8221;custom_css_styles&#8221;:&#8221;&#8221;,&#8221;image&#8221;:&#8221;https:\/\/www.cigdemguven.com\/medias\/2016\/09\/dr-emre-araci-ile-kayip-seslerin-izinde-kisisel-gecmisimize-yolculuk-1.jpg|532|800|1072&#8243;,&#8221;link_type&#8221;:&#8221;lightbox&#8221;,&#8221;lightbox_animation&#8221;:&#8221;&#8221;,&#8221;caption&#8221;:&#8221;Dr. Emre Arac\u0131 ile Kay\u0131p Seslerin \u0130zinde \u2013 Ki\u015fisel Ge\u00e7mi\u015fimize Yolculuk&#8221;,&#8221;inner_caption&#8221;:false,&#8221;new_window&#8221;:false,&#8221;link&#8221;:&#8221;https:\/\/www.cigdemguven.com\/medias\/2016\/09\/dr-emre-araci-ile-kayip-seslerin-izinde-kisisel-gecmisimize-yolculuk-1.jpg&#8221;,&#8221;link_content&#8221;:[],&#8221;lightbox_size&#8221;:&#8221;&#8221;,&#8221;scrollbox&#8221;:false,&#8221;icon&#8221;:&#8221;&#8221;,&#8221;image_animation&#8221;:&#8221;&#8221;,&#8221;icon_animation&#8221;:&#8221;&#8221;,&#8221;thumb_size&#8221;:&#8221;full&#8221;,&#8221;icon_hidden&#8221;:true,&#8221;caption_img_box&#8221;:&#8221;&#8221;,&#8221;alt&#8221;:&#8221;&#8221;}]}],&#8221;section_settings&#8221;:&#8221;&#8221;},&#8221;section_aSGAU&#8221;:{&#8220;component&#8221;:&#8221;hc_section&#8221;,&#8221;id&#8221;:&#8221;section_aSGAU&#8221;,&#8221;section_width&#8221;:&#8221;&#8221;,&#8221;animation&#8221;:&#8221;&#8221;,&#8221;animation_time&#8221;:&#8221;&#8221;,&#8221;timeline_animation&#8221;:&#8221;&#8221;,&#8221;timeline_delay&#8221;:&#8221;&#8221;,&#8221;timeline_order&#8221;:&#8221;&#8221;,&#8221;vertical_row&#8221;:&#8221;&#8221;,&#8221;css_classes&#8221;:&#8221;no-padding-bottom no-padding-top &#8220;,&#8221;custom_css_classes&#8221;:&#8221;newstext&#8221;,&#8221;custom_css_styles&#8221;:&#8221;&#8221;,&#8221;section_content&#8221;:[{&#8220;component&#8221;:&#8221;hc_column&#8221;,&#8221;id&#8221;:&#8221;column_0qrhK&#8221;,&#8221;column_width&#8221;:&#8221;col-md-12&#8243;,&#8221;animation&#8221;:&#8221;&#8221;,&#8221;animation_time&#8221;:&#8221;&#8221;,&#8221;timeline_animation&#8221;:&#8221;&#8221;,&#8221;timeline_delay&#8221;:&#8221;&#8221;,&#8221;timeline_order&#8221;:&#8221;&#8221;,&#8221;css_classes&#8221;:&#8221;&#8221;,&#8221;custom_css_classes&#8221;:&#8221;&#8221;,&#8221;custom_css_styles&#8221;:&#8221;&#8221;,&#8221;main_content&#8221;:[{&#8220;component&#8221;:&#8221;hc_title_tag&#8221;,&#8221;id&#8221;:&#8221;LpaNe&#8221;,&#8221;css_classes&#8221;:&#8221;boxed-area &#8220;,&#8221;custom_css_classes&#8221;:&#8221;&#8221;,&#8221;custom_css_styles&#8221;:&#8221;&#8221;,&#8221;text&#8221;:&#8221;\u00c7i\u011fdem G\u00fcven Seminerleri, 30 May\u0131s 2016 tarihinde \u0130stanbul Hilton Bosphorus Otel\u2019de, d\u00fcnyaca \u00fcnl\u00fc m\u00fczikolog, besteci ve orkestra \u015fefi Dr. Emre Arac\u0131\u2019y\u0131 konuk konu\u015fmac\u0131 olarak a\u011f\u0131rlad\u0131.  Dr. Emre Arac\u0131, \u201cKay\u0131p Seslerin \u0130zinde \u2013 Ki\u015fisel Ge\u00e7mi\u015fimize Yolculuk\u201d ad\u0131n\u0131 ta\u015f\u0131yan seminerde, kat\u0131l\u0131mc\u0131lar\u0131,\u00a0Osmanl\u0131 \u0130mparatorlu\u011fu d\u00f6neminde, ar\u015fivlerin tozlu raflar\u0131nda kalm\u0131\u015f olan bestelere geri g\u00f6t\u00fcrd\u00fc ve onlar\u0131, ge\u00e7mi\u015fe do\u011fru unutulmaz bir yolculu\u011fa \u00e7\u0131kard\u0131.&#8221;,&#8221;tag&#8221;:&#8221;h4&#8243;},{&#8220;component&#8221;:&#8221;hc_space&#8221;,&#8221;id&#8221;:&#8221;eQwsI&#8221;,&#8221;css_classes&#8221;:&#8221;&#8221;,&#8221;custom_css_classes&#8221;:&#8221;&#8221;,&#8221;custom_css_styles&#8221;:&#8221;&#8221;,&#8221;size&#8221;:&#8221;space&#8221;,&#8221;height&#8221;:&#8221;&#8221;},{&#8220;component&#8221;:&#8221;hc_wp_editor&#8221;,&#8221;id&#8221;:&#8221;Qjmyl&#8221;,&#8221;css_classes&#8221;:&#8221;&#8221;,&#8221;custom_css_classes&#8221;:&#8221;&#8221;,&#8221;custom_css_styles&#8221;:&#8221;&#8221;,&#8221;editor_content&#8221;:&#8221;Kendi alanlar\u0131nda uzmanla\u015fm\u0131\u015f ve ilham veren konu\u015fmac\u0131lar arac\u0131l\u0131\u011f\u0131 ile kat\u0131l\u0131mc\u0131lara, hayata dair farkl\u0131 bak\u0131\u015f a\u00e7\u0131lar\u0131 sunmay\u0131 hedefleyen \u00c7i\u011fdem G\u00fcven Seminerleri, 30 May\u0131s 2016 tarihinde, \u00fclkemizi d\u00fcnyada ba\u015far\u0131 ile temsil eden, \u00fcnl\u00fc m\u00fczikolog, besteci ve orkestra \u015fefi Dr. Emre Arac\u0131\u2019y\u0131 \u0130stanbul Hilton Bosphorus Otel\u2019de a\u011f\u0131rlad\u0131.\\n\\n\u201cKay\u0131p Seslerin \u0130zinde \u2013 Ki\u015fisel Ge\u00e7mi\u015fimize Yolculuk\u201d ba\u015fl\u0131\u011f\u0131 ile ger\u00e7ekle\u015ftirilen seminerde Dr. Emre Arac\u0131, 19. y\u00fczy\u0131lda Bo\u011faz k\u0131y\u0131lar\u0131nda geli\u015fen ve g\u00fcn\u00fcm\u00fczde yok olmu\u015f zarif bir ge\u00e7mi\u015fin ihti\u015fam\u0131n\u0131, m\u00fczik notalar\u0131 ile bulu\u015fturarak, g\u00f6zler \u00f6n\u00fcne serdi. \u201cOsmanl\u0131 \u0130mparatorlu\u011fu\u2019nda Avrupa M\u00fczi\u011fi\u201d konusunda uzman olan Dr. Emre Arac\u0131, saraylar\u0131ndan hi\u00e7 \u00e7\u0131kmadan kendilerini beste yazmaya adam\u0131\u015f olan padi\u015fahlardan, \u00fclkemizin m\u00fczik tarihi kokan sokaklar\u0131na ve yollar\u0131 \u0130stanbul\u2019a d\u00fc\u015fen d\u00fcnyaca \u00fcnl\u00fc m\u00fczik dehalar\u0131n\u0131n hikayelerine kadar, kendi hayat\u0131ndaki \u00f6nemli d\u00f6n\u00fcm noktalar\u0131n\u0131 da anlatt\u0131\u011f\u0131 s\u00fcr\u00fckleyici bir konu\u015fma yapt\u0131.\\n\\nT\u00fcm kurumlara ve bireylere a\u00e7\u0131k olarak ger\u00e7ekle\u015ftirilen seminerde kat\u0131l\u0131mc\u0131lar, Dr. Emre Arac\u0131\u2019n\u0131n Prag\u2019\u0131n tarihi atmosferinde yeni kaydetti\u011fi \u201cKay\u0131p Seslerin \u0130zinde\u201d senfonisini de dinleme olana\u011f\u0131 buldular.&#8221;},{&#8220;component&#8221;:&#8221;hc_space&#8221;,&#8221;id&#8221;:&#8221;2jN6m&#8221;,&#8221;css_classes&#8221;:&#8221;&#8221;,&#8221;custom_css_classes&#8221;:&#8221;&#8221;,&#8221;custom_css_styles&#8221;:&#8221;&#8221;,&#8221;size&#8221;:&#8221;space-sm&#8221;,&#8221;height&#8221;:&#8221;&#8221;},{&#8220;component&#8221;:&#8221;hc_image_grid_list&#8221;,&#8221;id&#8221;:&#8221;wwplS&#8221;,&#8221;css_classes&#8221;:&#8221;&#8221;,&#8221;custom_css_classes&#8221;:&#8221;&#8221;,&#8221;custom_css_styles&#8221;:&#8221;&#8221;,&#8221;images&#8221;:[{&#8220;component&#8221;:&#8221;hc_upload_img&#8221;,&#8221;id&#8221;:&#8221;TJERP&#8221;,&#8221;link&#8221;:&#8221;https:\/\/www.cigdemguven.com\/medias\/2016\/09\/dr-emre-araci-ile-kayip-seslerin-izinde-kisisel-gecmisimize-yolculuk-2.jpg|532|800|1071&#8243;},{&#8220;component&#8221;:&#8221;hc_upload_img&#8221;,&#8221;id&#8221;:&#8221;Z6RPA&#8221;,&#8221;link&#8221;:&#8221;https:\/\/www.cigdemguven.com\/medias\/2016\/09\/dr-emre-araci-ile-kayip-seslerin-izinde-kisisel-gecmisimize-yolculuk-1.jpg|532|800|1072&#8243;}],&#8221;icon&#8221;:&#8221;&#8221;,&#8221;thumb_size&#8221;:&#8221;large&#8221;,&#8221;lightbox_size&#8221;:&#8221;full&#8221;,&#8221;lightbox_animation&#8221;:&#8221;&#8221;,&#8221;hover_animation&#8221;:&#8221;&#8221;,&#8221;icon_animation&#8221;:&#8221;&#8221;,&#8221;hide_icon&#8221;:true,&#8221;css&#8221;:&#8221;&#8221;,&#8221;column&#8221;:&#8221;2&#8243;,&#8221;column_lg&#8221;:&#8221;2&#8243;,&#8221;column_md&#8221;:&#8221;2&#8243;,&#8221;column_sm&#8221;:&#8221;1&#8243;,&#8221;column_xs&#8221;:&#8221;1&#8243;,&#8221;margins&#8221;:&#8221;&#8221;,&#8221;pag_type&#8221;:&#8221;&#8221;,&#8221;pag_items&#8221;:&#8221;&#8221;,&#8221;pag_animation&#8221;:&#8221;&#8221;,&#8221;pag_size&#8221;:&#8221;&#8221;,&#8221;pag_position&#8221;:&#8221;&#8221;,&#8221;lm_lazy&#8221;:false,&#8221;lm_button_text&#8221;:&#8221;&#8221;,&#8221;pag_data_options&#8221;:&#8221;&#8221;}]},{&#8220;component&#8221;:&#8221;hc_column&#8221;,&#8221;id&#8221;:&#8221;column_7aIP1&#8243;,&#8221;column_width&#8221;:&#8221;col-md-12&#8243;,&#8221;animation&#8221;:&#8221;&#8221;,&#8221;animation_time&#8221;:&#8221;&#8221;,&#8221;timeline_animation&#8221;:&#8221;&#8221;,&#8221;timeline_delay&#8221;:&#8221;&#8221;,&#8221;timeline_order&#8221;:&#8221;&#8221;,&#8221;css_classes&#8221;:&#8221;&#8221;,&#8221;custom_css_classes&#8221;:&#8221;socialbox&#8221;,&#8221;custom_css_styles&#8221;:&#8221;&#8221;,&#8221;main_content&#8221;:[{&#8220;component&#8221;:&#8221;hc_space&#8221;,&#8221;id&#8221;:&#8221;Hdg76&#8243;,&#8221;css_classes&#8221;:&#8221;&#8221;,&#8221;custom_css_classes&#8221;:&#8221;&#8221;,&#8221;custom_css_styles&#8221;:&#8221;&#8221;,&#8221;size&#8221;:&#8221;space-sm&#8221;,&#8221;height&#8221;:&#8221;&#8221;},{&#8220;component&#8221;:&#8221;hc_text_block&#8221;,&#8221;id&#8221;:&#8221;zmr0F&#8221;,&#8221;css_classes&#8221;:&#8221;&#8221;,&#8221;custom_css_classes&#8221;:&#8221;&#8221;,&#8221;custom_css_styles&#8221;:&#8221;&#8221;,&#8221;content&#8221;:&#8221;Share:&#8221;},{&#8220;component&#8221;:&#8221;hc_social_share_buttons&#8221;,&#8221;id&#8221;:&#8221;P7L30&#8243;,&#8221;css_classes&#8221;:&#8221;&#8221;,&#8221;custom_css_classes&#8221;:&#8221;&#8221;,&#8221;custom_css_styles&#8221;:&#8221;&#8221;,&#8221;style&#8221;:&#8221;icon-links-button&#8221;,&#8221;size&#8221;:&#8221;&#8221;,&#8221;alignment&#8221;:&#8221;&#8221;,&#8221;type&#8221;:&#8221;&#8221;,&#8221;social_colors&#8221;:true,&#8221;fb&#8221;:true,&#8221;fb_link&#8221;:&#8221;&#8221;,&#8221;tw&#8221;:true,&#8221;tw_link&#8221;:&#8221;&#8221;,&#8221;pi&#8221;:true,&#8221;pi_link&#8221;:&#8221;&#8221;,&#8221;li&#8221;:true,&#8221;li_link&#8221;:&#8221;&#8221;}]}],&#8221;section_settings&#8221;:&#8221;&#8221;},&#8221;section_dDpN7&#8243;:{&#8220;component&#8221;:&#8221;hc_section&#8221;,&#8221;id&#8221;:&#8221;section_dDpN7&#8243;,&#8221;section_width&#8221;:&#8221;&#8221;,&#8221;animation&#8221;:&#8221;&#8221;,&#8221;animation_time&#8221;:&#8221;&#8221;,&#8221;timeline_animation&#8221;:&#8221;&#8221;,&#8221;timeline_delay&#8221;:&#8221;&#8221;,&#8221;timeline_order&#8221;:&#8221;&#8221;,&#8221;vertical_row&#8221;:&#8221;&#8221;,&#8221;css_classes&#8221;:&#8221;section-color &#8220;,&#8221;custom_css_classes&#8221;:&#8221;&#8221;,&#8221;custom_css_styles&#8221;:&#8221;&#8221;,&#8221;section_content&#8221;:[{&#8220;component&#8221;:&#8221;hc_column&#8221;,&#8221;id&#8221;:&#8221;XLZ44&#8243;,&#8221;column_width&#8221;:&#8221;col-md-12&#8243;,&#8221;animation&#8221;:&#8221;&#8221;,&#8221;animation_time&#8221;:&#8221;&#8221;,&#8221;timeline_animation&#8221;:&#8221;&#8221;,&#8221;timeline_delay&#8221;:&#8221;&#8221;,&#8221;timeline_order&#8221;:&#8221;&#8221;,&#8221;css_classes&#8221;:&#8221;&#8221;,&#8221;custom_css_classes&#8221;:&#8221;&#8221;,&#8221;custom_css_styles&#8221;:&#8221;&#8221;,&#8221;main_content&#8221;:[{&#8220;component&#8221;:&#8221;hc_title_tag&#8221;,&#8221;id&#8221;:&#8221;4AoyD&#8221;,&#8221;css_classes&#8221;:&#8221;&#8221;,&#8221;custom_css_classes&#8221;:&#8221;&#8221;,&#8221;custom_css_styles&#8221;:&#8221;&#8221;,&#8221;text&#8221;:&#8221;Di\u011fer Haberler&#8221;,&#8221;tag&#8221;:&#8221;h2&#8243;},{&#8220;component&#8221;:&#8221;hc_space&#8221;,&#8221;id&#8221;:&#8221;TsAHd&#8221;,&#8221;css_classes&#8221;:&#8221;&#8221;,&#8221;custom_css_classes&#8221;:&#8221;&#8221;,&#8221;custom_css_styles&#8221;:&#8221;&#8221;,&#8221;size&#8221;:&#8221;space&#8221;,&#8221;height&#8221;:&#8221;&#8221;},{&#8220;component&#8221;:&#8221;hc_pt_grid_list&#8221;,&#8221;id&#8221;:&#8221;J9IEW&#8221;,&#8221;css_classes&#8221;:&#8221;&#8221;,&#8221;custom_css_classes&#8221;:&#8221;&#8221;,&#8221;custom_css_styles&#8221;:&#8221;&#8221;,&#8221;post_type_slug&#8221;:&#8221;post&#8221;,&#8221;post_type_category&#8221;:&#8221;haberler&#8221;,&#8221;column&#8221;:&#8221;2&#8243;,&#8221;column_lg&#8221;:&#8221;2&#8243;,&#8221;column_md&#8221;:&#8221;2&#8243;,&#8221;column_sm&#8221;:&#8221;1&#8243;,&#8221;column_xs&#8221;:&#8221;1&#8243;,&#8221;margins&#8221;:&#8221;&#8221;,&#8221;pag_type&#8221;:&#8221;load_more&#8221;,&#8221;pag_items&#8221;:&#8221;2&#8243;,&#8221;pag_size&#8221;:&#8221;&#8221;,&#8221;pag_animation&#8221;:&#8221;fade-top&#8221;,&#8221;pag_scroll_top&#8221;:false,&#8221;pag_position&#8221;:&#8221;align-center&#8221;,&#8221;pag_button_prev&#8221;:&#8221;&#8221;,&#8221;pag_button_next&#8221;:&#8221;&#8221;,&#8221;lm_lazy&#8221;:false,&#8221;lm_button_text&#8221;:&#8221;Daha Fazla&#8221;,&#8221;box&#8221;:&#8221;blog_top&#8221;,&#8221;boxed&#8221;:true,&#8221;extra&#8221;:false,&#8221;content&#8221;:&#8221;&#8221;,&#8221;title_length&#8221;:&#8221;32&#8243;,&#8221;excerpt_length&#8221;:&#8221;75&#8243;,&#8221;title_size&#8221;:&#8221;text-md&#8221;,&#8221;custom_css&#8221;:&#8221;&#8221;,&#8221;button_text&#8221;:&#8221;&#8221;,&#8221;button_style&#8221;:&#8221;square&#8221;,&#8221;button_dimensions&#8221;:&#8221;btn-lg&#8221;,&#8221;button_animation&#8221;:false,&#8221;button_icon&#8221;:&#8221;&#8221;}]}],&#8221;section_settings&#8221;:&#8221;&#8221;},&#8221;scripts&#8221;:{&#8220;lightbox&#8221;:&#8221;magnific-popup.min.js&#8221;,&#8221;pagination&#8221;:&#8221;pagination.min.js&#8221;},&#8221;css&#8221;:{&#8220;lightbox&#8221;:&#8221;css\/magnific-popup.css&#8221;,&#8221;content_box&#8221;:&#8221;css\/content-box.css&#8221;,&#8221;media_box&#8221;:&#8221;css\/media-box.css&#8221;},&#8221;css_page&#8221;:&#8221;&#8221;,&#8221;template_setting&#8221;:{},&#8221;template_setting_top&#8221;:{},&#8221;page_setting&#8221;:{&#8220;settings&#8221;:[&#8220;lock-mode-off&#8221;]},&#8221;post_type_setting&#8221;:{&#8220;settings&#8221;:{&#8220;image&#8221;:&#8221;https:\/\/www.cigdemguven.com\/medias\/2016\/09\/dr-emre-araci-ile-kayip-seslerin-izinde-kisisel-gecmisimize-yolculuk-1.jpg|532|800|1072&#8243;,&#8221;excerpt&#8221;:&#8221;Kendi alanlar\u0131nda uzmanla\u015fm\u0131\u015f ve ilham veren konu\u015fmac\u0131lar arac\u0131l\u0131\u011f\u0131 ile kat\u0131l\u0131mc\u0131lara, hayata dair farkl\u0131 bak\u0131\u015f a\u00e7\u0131lar\u0131 sunmay\u0131 hedefleyen \u00c7i\u011fdem G\u00fcven Seminerleri, 30 May\u0131s 2016 tarihinde, \u00fclkemizi d\u00fcnyada ba\u015far\u0131 ile temsil eden, \u00fcnl\u00fc m\u00fczikolog, besteci ve orkestra \u015fefi Dr. Emre Arac\u0131\u2019y\u0131 \u0130stanbul Hilton Bosphorus Otel\u2019de a\u011f\u0131rlad\u0131.&#8221;,&#8221;extra_1&#8243;:&#8221;Seminer&#8221;,&#8221;extra_2&#8243;:&#8221;&#8221;,&#8221;icon&#8221;:{&#8220;icon&#8221;:&#8221;&#8221;,&#8221;icon_style&#8221;:&#8221;&#8221;,&#8221;icon_image&#8221;:&#8221;&#8221;}}}}<\/p>\n","protected":false},"excerpt":{"rendered":"<p>Kendi alanlar\u0131nda uzmanla\u015fm\u0131\u015f ve ilham veren konu\u015fmac\u0131lar arac\u0131l\u0131\u011f\u0131 ile kat\u0131l\u0131mc\u0131lara, hayata dair farkl\u0131 bak\u0131\u015f a\u00e7\u0131lar\u0131 sunmay\u0131 hedefleyen \u00c7i\u011fdem G\u00fcven Seminerleri, 30 May\u0131s 2016 tarihinde, \u00fclkemizi d\u00fcnyada ba\u015far\u0131 ile temsil eden, \u00fcnl\u00fc m\u00fczikolog, besteci ve orkestra \u015fefi Dr. Emre Arac\u0131\u2019y\u0131 \u0130stanbul Hilton Bosphorus Otel\u2019de a\u011f\u0131rlad\u0131.<\/p>\n","protected":false},"author":1,"featured_media":0,"comment_status":"closed","ping_status":"open","sticky":false,"template":"","format":"standard","meta":{"footnotes":""},"categories":[20,21],"tags":[],"class_list":["post-1401","post","type-post","status-publish","format-standard","hentry","category-haberler","category-seminerler"],"yoast_head":"\n<title>Dr. Emre Arac\u0131 ile Kay\u0131p Seslerin \u0130zinde \u2013 Ki\u015fisel Ge\u00e7mi\u015fimize Yolculuk | \u00c7i\u011fdem G\u00fcven Management Consulting &amp; Coaching &amp; Mentoring Services<\/title>\n<meta name=\"robots\" content=\"index, follow, max-snippet:-1, max-image-preview:large, max-video-preview:-1\" \/>\n<link rel=\"canonical\" href=\"https:\/\/www.cigdemguven.com\/tr\/haberler\/dr-emre-araci-ile-kayip-seslerin-izinde-kisisel-gecmisimize-yolculuk\/\" \/>\n<meta property=\"og:locale\" content=\"tr_TR\" \/>\n<meta property=\"og:type\" content=\"article\" \/>\n<meta property=\"og:title\" content=\"Dr. Emre Arac\u0131 ile Kay\u0131p Seslerin \u0130zinde \u2013 Ki\u015fisel Ge\u00e7mi\u015fimize Yolculuk | \u00c7i\u011fdem G\u00fcven Management Consulting &amp; Coaching &amp; Mentoring Services\" \/>\n<meta property=\"og:description\" content=\"Kendi alanlar\u0131nda uzmanla\u015fm\u0131\u015f ve ilham veren konu\u015fmac\u0131lar arac\u0131l\u0131\u011f\u0131 ile kat\u0131l\u0131mc\u0131lara, hayata dair farkl\u0131 bak\u0131\u015f a\u00e7\u0131lar\u0131 sunmay\u0131 hedefleyen \u00c7i\u011fdem G\u00fcven Seminerleri, 30 May\u0131s 2016 tarihinde, \u00fclkemizi d\u00fcnyada ba\u015far\u0131 ile temsil eden, \u00fcnl\u00fc m\u00fczikolog, besteci ve orkestra \u015fefi Dr. Emre Arac\u0131\u2019y\u0131 \u0130stanbul Hilton Bosphorus Otel\u2019de a\u011f\u0131rlad\u0131.\" \/>\n<meta property=\"og:url\" content=\"https:\/\/www.cigdemguven.com\/tr\/haberler\/dr-emre-araci-ile-kayip-seslerin-izinde-kisisel-gecmisimize-yolculuk\/\" \/>\n<meta property=\"og:site_name\" content=\"\u00c7i\u011fdem G\u00fcven Management Consulting &amp; Coaching &amp; Mentoring Services\" \/>\n<meta property=\"article:publisher\" content=\"https:\/\/www.facebook.com\/cigdemguvendanisman\" \/>\n<meta property=\"article:published_time\" content=\"2016-05-30T07:28:10+00:00\" \/>\n<meta property=\"article:modified_time\" content=\"2022-03-18T23:36:43+00:00\" \/>\n<meta property=\"og:image\" content=\"https:\/\/www.cigdemguven.com\/medias\/2022\/01\/cigdemguvenphoto.jpg\" \/>\n\t<meta property=\"og:image:width\" content=\"777\" \/>\n\t<meta property=\"og:image:height\" content=\"823\" \/>\n\t<meta property=\"og:image:type\" content=\"image\/jpeg\" \/>\n<meta name=\"author\" content=\"\u00c7i\u011fdem G\u00fcven\" \/>\n<meta name=\"twitter:card\" content=\"summary_large_image\" \/>\n<meta name=\"twitter:creator\" content=\"@cigdemguvencom\" \/>\n<meta name=\"twitter:site\" content=\"@cigdemguvencom\" \/>\n<meta name=\"twitter:label1\" content=\"Yazan:\" \/>\n\t<meta name=\"twitter:data1\" content=\"\u00c7i\u011fdem G\u00fcven\" \/>\n\t<meta name=\"twitter:label2\" content=\"Tahmini okuma s\u00fcresi\" \/>\n\t<meta name=\"twitter:data2\" content=\"6 dakika\" \/>\n<script type=\"application\/ld+json\" class=\"yoast-schema-graph\">{\"@context\":\"https:\/\/schema.org\",\"@graph\":[{\"@type\":\"Article\",\"@id\":\"https:\/\/www.cigdemguven.com\/tr\/haberler\/dr-emre-araci-ile-kayip-seslerin-izinde-kisisel-gecmisimize-yolculuk\/#article\",\"isPartOf\":{\"@id\":\"https:\/\/www.cigdemguven.com\/tr\/haberler\/dr-emre-araci-ile-kayip-seslerin-izinde-kisisel-gecmisimize-yolculuk\/\"},\"author\":{\"name\":\"\u00c7i\u011fdem G\u00fcven\",\"@id\":\"https:\/\/www.cigdemguven.com\/tr\/#\/schema\/person\/abd506d3b37ae4dd04e7393ca6ac5921\"},\"headline\":\"Dr. Emre Arac\u0131 ile Kay\u0131p Seslerin \u0130zinde \u2013 Ki\u015fisel Ge\u00e7mi\u015fimize Yolculuk\",\"datePublished\":\"2016-05-30T07:28:10+00:00\",\"dateModified\":\"2022-03-18T23:36:43+00:00\",\"mainEntityOfPage\":{\"@id\":\"https:\/\/www.cigdemguven.com\/tr\/haberler\/dr-emre-araci-ile-kayip-seslerin-izinde-kisisel-gecmisimize-yolculuk\/\"},\"wordCount\":1151,\"publisher\":{\"@id\":\"https:\/\/www.cigdemguven.com\/tr\/#organization\"},\"articleSection\":[\"Haberler\",\"Seminerler\"],\"inLanguage\":\"tr\"},{\"@type\":\"WebPage\",\"@id\":\"https:\/\/www.cigdemguven.com\/tr\/haberler\/dr-emre-araci-ile-kayip-seslerin-izinde-kisisel-gecmisimize-yolculuk\/\",\"url\":\"https:\/\/www.cigdemguven.com\/tr\/haberler\/dr-emre-araci-ile-kayip-seslerin-izinde-kisisel-gecmisimize-yolculuk\/\",\"name\":\"Dr. Emre Arac\u0131 ile Kay\u0131p Seslerin \u0130zinde \u2013 Ki\u015fisel Ge\u00e7mi\u015fimize Yolculuk | \u00c7i\u011fdem G\u00fcven Management Consulting &amp; Coaching &amp; Mentoring Services\",\"isPartOf\":{\"@id\":\"https:\/\/www.cigdemguven.com\/tr\/#website\"},\"datePublished\":\"2016-05-30T07:28:10+00:00\",\"dateModified\":\"2022-03-18T23:36:43+00:00\",\"breadcrumb\":{\"@id\":\"https:\/\/www.cigdemguven.com\/tr\/haberler\/dr-emre-araci-ile-kayip-seslerin-izinde-kisisel-gecmisimize-yolculuk\/#breadcrumb\"},\"inLanguage\":\"tr\",\"potentialAction\":[{\"@type\":\"ReadAction\",\"target\":[\"https:\/\/www.cigdemguven.com\/tr\/haberler\/dr-emre-araci-ile-kayip-seslerin-izinde-kisisel-gecmisimize-yolculuk\/\"]}]},{\"@type\":\"BreadcrumbList\",\"@id\":\"https:\/\/www.cigdemguven.com\/tr\/haberler\/dr-emre-araci-ile-kayip-seslerin-izinde-kisisel-gecmisimize-yolculuk\/#breadcrumb\",\"itemListElement\":[{\"@type\":\"ListItem\",\"position\":1,\"name\":\"Home\",\"item\":\"https:\/\/www.cigdemguven.com\/tr\/\"},{\"@type\":\"ListItem\",\"position\":2,\"name\":\"Dr. Emre Arac\u0131 ile Kay\u0131p Seslerin \u0130zinde \u2013 Ki\u015fisel Ge\u00e7mi\u015fimize Yolculuk\"}]},{\"@type\":\"WebSite\",\"@id\":\"https:\/\/www.cigdemguven.com\/tr\/#website\",\"url\":\"https:\/\/www.cigdemguven.com\/tr\/\",\"name\":\"\u00c7i\u011fdem G\u00fcven Management Consulting &amp; Coaching &amp; Mentoring Services\",\"description\":\"Management Consulting &amp; Coaching &amp; Mentoring Services\",\"publisher\":{\"@id\":\"https:\/\/www.cigdemguven.com\/tr\/#organization\"},\"potentialAction\":[{\"@type\":\"SearchAction\",\"target\":{\"@type\":\"EntryPoint\",\"urlTemplate\":\"https:\/\/www.cigdemguven.com\/tr\/?s={search_term_string}\"},\"query-input\":\"required name=search_term_string\"}],\"inLanguage\":\"tr\"},{\"@type\":\"Organization\",\"@id\":\"https:\/\/www.cigdemguven.com\/tr\/#organization\",\"name\":\"\u00c7i\u011fdem G\u00fcven Management Consulting & Coaching & Mentoring Services\",\"url\":\"https:\/\/www.cigdemguven.com\/tr\/\",\"logo\":{\"@type\":\"ImageObject\",\"inLanguage\":\"tr\",\"@id\":\"https:\/\/www.cigdemguven.com\/tr\/#\/schema\/logo\/image\/\",\"url\":\"https:\/\/www.cigdemguven.com\/medias\/2021\/12\/cigdem-guven-logo.svg\",\"contentUrl\":\"https:\/\/www.cigdemguven.com\/medias\/2021\/12\/cigdem-guven-logo.svg\",\"width\":1,\"height\":1,\"caption\":\"\u00c7i\u011fdem G\u00fcven Management Consulting & Coaching & Mentoring Services\"},\"image\":{\"@id\":\"https:\/\/www.cigdemguven.com\/tr\/#\/schema\/logo\/image\/\"},\"sameAs\":[\"https:\/\/www.facebook.com\/cigdemguvendanisman\",\"https:\/\/twitter.com\/cigdemguvencom\",\"https:\/\/www.instagram.com\/cigdemguvendanismanlik\/\",\"https:\/\/www.linkedin.com\/in\/cigdemguvendanismanlik\/\"]},{\"@type\":\"Person\",\"@id\":\"https:\/\/www.cigdemguven.com\/tr\/#\/schema\/person\/abd506d3b37ae4dd04e7393ca6ac5921\",\"name\":\"\u00c7i\u011fdem G\u00fcven\",\"sameAs\":[\"https:\/\/www.cigdemguven.com\"],\"url\":\"https:\/\/www.cigdemguven.com\/tr\/author\/cigdemguven\/\"}]}<\/script>\n","yoast_head_json":{"title":"Dr. Emre Arac\u0131 ile Kay\u0131p Seslerin \u0130zinde \u2013 Ki\u015fisel Ge\u00e7mi\u015fimize Yolculuk | \u00c7i\u011fdem G\u00fcven Management Consulting &amp; Coaching &amp; Mentoring Services","robots":{"index":"index","follow":"follow","max-snippet":"max-snippet:-1","max-image-preview":"max-image-preview:large","max-video-preview":"max-video-preview:-1"},"canonical":"https:\/\/www.cigdemguven.com\/tr\/haberler\/dr-emre-araci-ile-kayip-seslerin-izinde-kisisel-gecmisimize-yolculuk\/","og_locale":"tr_TR","og_type":"article","og_title":"Dr. Emre Arac\u0131 ile Kay\u0131p Seslerin \u0130zinde \u2013 Ki\u015fisel Ge\u00e7mi\u015fimize Yolculuk | \u00c7i\u011fdem G\u00fcven Management Consulting &amp; Coaching &amp; Mentoring Services","og_description":"Kendi alanlar\u0131nda uzmanla\u015fm\u0131\u015f ve ilham veren konu\u015fmac\u0131lar arac\u0131l\u0131\u011f\u0131 ile kat\u0131l\u0131mc\u0131lara, hayata dair farkl\u0131 bak\u0131\u015f a\u00e7\u0131lar\u0131 sunmay\u0131 hedefleyen \u00c7i\u011fdem G\u00fcven Seminerleri, 30 May\u0131s 2016 tarihinde, \u00fclkemizi d\u00fcnyada ba\u015far\u0131 ile temsil eden, \u00fcnl\u00fc m\u00fczikolog, besteci ve orkestra \u015fefi Dr. Emre Arac\u0131\u2019y\u0131 \u0130stanbul Hilton Bosphorus Otel\u2019de a\u011f\u0131rlad\u0131.","og_url":"https:\/\/www.cigdemguven.com\/tr\/haberler\/dr-emre-araci-ile-kayip-seslerin-izinde-kisisel-gecmisimize-yolculuk\/","og_site_name":"\u00c7i\u011fdem G\u00fcven Management Consulting &amp; Coaching &amp; Mentoring Services","article_publisher":"https:\/\/www.facebook.com\/cigdemguvendanisman","article_published_time":"2016-05-30T07:28:10+00:00","article_modified_time":"2022-03-18T23:36:43+00:00","og_image":[{"width":777,"height":823,"url":"https:\/\/www.cigdemguven.com\/medias\/2022\/01\/cigdemguvenphoto.jpg","type":"image\/jpeg"}],"author":"\u00c7i\u011fdem G\u00fcven","twitter_card":"summary_large_image","twitter_creator":"@cigdemguvencom","twitter_site":"@cigdemguvencom","twitter_misc":{"Yazan:":"\u00c7i\u011fdem G\u00fcven","Tahmini okuma s\u00fcresi":"6 dakika"},"schema":{"@context":"https:\/\/schema.org","@graph":[{"@type":"Article","@id":"https:\/\/www.cigdemguven.com\/tr\/haberler\/dr-emre-araci-ile-kayip-seslerin-izinde-kisisel-gecmisimize-yolculuk\/#article","isPartOf":{"@id":"https:\/\/www.cigdemguven.com\/tr\/haberler\/dr-emre-araci-ile-kayip-seslerin-izinde-kisisel-gecmisimize-yolculuk\/"},"author":{"name":"\u00c7i\u011fdem G\u00fcven","@id":"https:\/\/www.cigdemguven.com\/tr\/#\/schema\/person\/abd506d3b37ae4dd04e7393ca6ac5921"},"headline":"Dr. Emre Arac\u0131 ile Kay\u0131p Seslerin \u0130zinde \u2013 Ki\u015fisel Ge\u00e7mi\u015fimize Yolculuk","datePublished":"2016-05-30T07:28:10+00:00","dateModified":"2022-03-18T23:36:43+00:00","mainEntityOfPage":{"@id":"https:\/\/www.cigdemguven.com\/tr\/haberler\/dr-emre-araci-ile-kayip-seslerin-izinde-kisisel-gecmisimize-yolculuk\/"},"wordCount":1151,"publisher":{"@id":"https:\/\/www.cigdemguven.com\/tr\/#organization"},"articleSection":["Haberler","Seminerler"],"inLanguage":"tr"},{"@type":"WebPage","@id":"https:\/\/www.cigdemguven.com\/tr\/haberler\/dr-emre-araci-ile-kayip-seslerin-izinde-kisisel-gecmisimize-yolculuk\/","url":"https:\/\/www.cigdemguven.com\/tr\/haberler\/dr-emre-araci-ile-kayip-seslerin-izinde-kisisel-gecmisimize-yolculuk\/","name":"Dr. Emre Arac\u0131 ile Kay\u0131p Seslerin \u0130zinde \u2013 Ki\u015fisel Ge\u00e7mi\u015fimize Yolculuk | \u00c7i\u011fdem G\u00fcven Management Consulting &amp; Coaching &amp; Mentoring Services","isPartOf":{"@id":"https:\/\/www.cigdemguven.com\/tr\/#website"},"datePublished":"2016-05-30T07:28:10+00:00","dateModified":"2022-03-18T23:36:43+00:00","breadcrumb":{"@id":"https:\/\/www.cigdemguven.com\/tr\/haberler\/dr-emre-araci-ile-kayip-seslerin-izinde-kisisel-gecmisimize-yolculuk\/#breadcrumb"},"inLanguage":"tr","potentialAction":[{"@type":"ReadAction","target":["https:\/\/www.cigdemguven.com\/tr\/haberler\/dr-emre-araci-ile-kayip-seslerin-izinde-kisisel-gecmisimize-yolculuk\/"]}]},{"@type":"BreadcrumbList","@id":"https:\/\/www.cigdemguven.com\/tr\/haberler\/dr-emre-araci-ile-kayip-seslerin-izinde-kisisel-gecmisimize-yolculuk\/#breadcrumb","itemListElement":[{"@type":"ListItem","position":1,"name":"Home","item":"https:\/\/www.cigdemguven.com\/tr\/"},{"@type":"ListItem","position":2,"name":"Dr. Emre Arac\u0131 ile Kay\u0131p Seslerin \u0130zinde \u2013 Ki\u015fisel Ge\u00e7mi\u015fimize Yolculuk"}]},{"@type":"WebSite","@id":"https:\/\/www.cigdemguven.com\/tr\/#website","url":"https:\/\/www.cigdemguven.com\/tr\/","name":"\u00c7i\u011fdem G\u00fcven Management Consulting &amp; Coaching &amp; Mentoring Services","description":"Management Consulting &amp; Coaching &amp; Mentoring Services","publisher":{"@id":"https:\/\/www.cigdemguven.com\/tr\/#organization"},"potentialAction":[{"@type":"SearchAction","target":{"@type":"EntryPoint","urlTemplate":"https:\/\/www.cigdemguven.com\/tr\/?s={search_term_string}"},"query-input":"required name=search_term_string"}],"inLanguage":"tr"},{"@type":"Organization","@id":"https:\/\/www.cigdemguven.com\/tr\/#organization","name":"\u00c7i\u011fdem G\u00fcven Management Consulting & Coaching & Mentoring Services","url":"https:\/\/www.cigdemguven.com\/tr\/","logo":{"@type":"ImageObject","inLanguage":"tr","@id":"https:\/\/www.cigdemguven.com\/tr\/#\/schema\/logo\/image\/","url":"https:\/\/www.cigdemguven.com\/medias\/2021\/12\/cigdem-guven-logo.svg","contentUrl":"https:\/\/www.cigdemguven.com\/medias\/2021\/12\/cigdem-guven-logo.svg","width":1,"height":1,"caption":"\u00c7i\u011fdem G\u00fcven Management Consulting & Coaching & Mentoring Services"},"image":{"@id":"https:\/\/www.cigdemguven.com\/tr\/#\/schema\/logo\/image\/"},"sameAs":["https:\/\/www.facebook.com\/cigdemguvendanisman","https:\/\/twitter.com\/cigdemguvencom","https:\/\/www.instagram.com\/cigdemguvendanismanlik\/","https:\/\/www.linkedin.com\/in\/cigdemguvendanismanlik\/"]},{"@type":"Person","@id":"https:\/\/www.cigdemguven.com\/tr\/#\/schema\/person\/abd506d3b37ae4dd04e7393ca6ac5921","name":"\u00c7i\u011fdem G\u00fcven","sameAs":["https:\/\/www.cigdemguven.com"],"url":"https:\/\/www.cigdemguven.com\/tr\/author\/cigdemguven\/"}]}},"_links":{"self":[{"href":"https:\/\/www.cigdemguven.com\/tr\/wp-json\/wp\/v2\/posts\/1401","targetHints":{"allow":["GET"]}}],"collection":[{"href":"https:\/\/www.cigdemguven.com\/tr\/wp-json\/wp\/v2\/posts"}],"about":[{"href":"https:\/\/www.cigdemguven.com\/tr\/wp-json\/wp\/v2\/types\/post"}],"author":[{"embeddable":true,"href":"https:\/\/www.cigdemguven.com\/tr\/wp-json\/wp\/v2\/users\/1"}],"replies":[{"embeddable":true,"href":"https:\/\/www.cigdemguven.com\/tr\/wp-json\/wp\/v2\/comments?post=1401"}],"version-history":[{"count":2,"href":"https:\/\/www.cigdemguven.com\/tr\/wp-json\/wp\/v2\/posts\/1401\/revisions"}],"predecessor-version":[{"id":1403,"href":"https:\/\/www.cigdemguven.com\/tr\/wp-json\/wp\/v2\/posts\/1401\/revisions\/1403"}],"wp:attachment":[{"href":"https:\/\/www.cigdemguven.com\/tr\/wp-json\/wp\/v2\/media?parent=1401"}],"wp:term":[{"taxonomy":"category","embeddable":true,"href":"https:\/\/www.cigdemguven.com\/tr\/wp-json\/wp\/v2\/categories?post=1401"},{"taxonomy":"post_tag","embeddable":true,"href":"https:\/\/www.cigdemguven.com\/tr\/wp-json\/wp\/v2\/tags?post=1401"}],"curies":[{"name":"wp","href":"https:\/\/api.w.org\/{rel}","templated":true}]}}