{"id":1397,"date":"2016-09-17T10:28:10","date_gmt":"2016-09-17T07:28:10","guid":{"rendered":"https:\/\/www.cigdemguven.com\/genel\/making-life-beautiful-with-plastic-surgeon-serdar-eren\/"},"modified":"2022-03-19T02:32:28","modified_gmt":"2022-03-18T23:32:28","slug":"op-dr-serdar-eren-ile-hayati-guzellestirmek","status":"publish","type":"post","link":"https:\/\/www.cigdemguven.com\/tr\/haberler\/op-dr-serdar-eren-ile-hayati-guzellestirmek\/","title":{"rendered":"Op. Dr. Serdar Eren ile Hayat\u0131 G\u00fczelle\u015ftirmek"},"content":{"rendered":"<p>{&#8220;main-title&#8221;:{&#8220;component&#8221;:&#8221;hc_title&#8221;,&#8221;id&#8221;:&#8221;main-title&#8221;,&#8221;title&#8221;:&#8221;&#8221;,&#8221;subtitle&#8221;:&#8221;&#8221;,&#8221;title_content&#8221;:{&#8220;component&#8221;:&#8221;hc_title_empty&#8221;,&#8221;id&#8221;:&#8221;title-empty&#8221;}},&#8221;section_QvNqz&#8221;:{&#8220;component&#8221;:&#8221;hc_section&#8221;,&#8221;id&#8221;:&#8221;section_QvNqz&#8221;,&#8221;section_width&#8221;:&#8221;&#8221;,&#8221;animation&#8221;:&#8221;&#8221;,&#8221;animation_time&#8221;:&#8221;&#8221;,&#8221;timeline_animation&#8221;:&#8221;&#8221;,&#8221;timeline_delay&#8221;:&#8221;&#8221;,&#8221;timeline_order&#8221;:&#8221;&#8221;,&#8221;vertical_row&#8221;:&#8221;&#8221;,&#8221;css_classes&#8221;:&#8221;section-color no-padding-bottom no-padding-top &#8220;,&#8221;custom_css_classes&#8221;:&#8221;containernews&#8221;,&#8221;custom_css_styles&#8221;:&#8221;&#8221;,&#8221;section_content&#8221;:[{&#8220;component&#8221;:&#8221;hc_column&#8221;,&#8221;id&#8221;:&#8221;P1FCZ&#8221;,&#8221;column_width&#8221;:&#8221;col-md-12&#8243;,&#8221;animation&#8221;:&#8221;&#8221;,&#8221;animation_time&#8221;:&#8221;&#8221;,&#8221;timeline_animation&#8221;:&#8221;&#8221;,&#8221;timeline_delay&#8221;:&#8221;&#8221;,&#8221;timeline_order&#8221;:&#8221;&#8221;,&#8221;css_classes&#8221;:&#8221;boxed-area align-items-center &#8220;,&#8221;custom_css_classes&#8221;:&#8221;&#8221;,&#8221;custom_css_styles&#8221;:&#8221;&#8221;,&#8221;main_content&#8221;:[{&#8220;component&#8221;:&#8221;hc_title_tag&#8221;,&#8221;id&#8221;:&#8221;5ZtkF&#8221;,&#8221;css_classes&#8221;:&#8221;&#8221;,&#8221;custom_css_classes&#8221;:&#8221;&#8221;,&#8221;custom_css_styles&#8221;:&#8221;&#8221;,&#8221;text&#8221;:&#8221;Op. Dr. Serdar Eren ile Hayat\u0131 G\u00fczelle\u015ftirmek&#8221;,&#8221;tag&#8221;:&#8221;h1&#8243;},{&#8220;component&#8221;:&#8221;hc_image_box&#8221;,&#8221;id&#8221;:&#8221;P92Nk&#8221;,&#8221;css_classes&#8221;:&#8221;&#8221;,&#8221;custom_css_classes&#8221;:&#8221;&#8221;,&#8221;custom_css_styles&#8221;:&#8221;&#8221;,&#8221;image&#8221;:&#8221;https:\/\/www.cigdemguven.com\/medias\/2018\/01\/op-dr-serdar-eren-ile-hayati-guzellestirmek-seminer-5-1024&#215;768.jpg|960|1280|1063&#8243;,&#8221;link_type&#8221;:&#8221;lightbox&#8221;,&#8221;lightbox_animation&#8221;:&#8221;&#8221;,&#8221;caption&#8221;:&#8221;Op. Dr. Serdar Eren ile Hayat\u0131 G\u00fczelle\u015ftirmek&#8221;,&#8221;inner_caption&#8221;:false,&#8221;new_window&#8221;:false,&#8221;link&#8221;:&#8221;https:\/\/www.cigdemguven.com\/medias\/2018\/01\/op-dr-serdar-eren-ile-hayati-guzellestirmek-seminer-5-1024&#215;768.jpg&#8221;,&#8221;link_content&#8221;:[],&#8221;lightbox_size&#8221;:&#8221;&#8221;,&#8221;scrollbox&#8221;:false,&#8221;icon&#8221;:&#8221;&#8221;,&#8221;image_animation&#8221;:&#8221;&#8221;,&#8221;icon_animation&#8221;:&#8221;&#8221;,&#8221;thumb_size&#8221;:&#8221;full&#8221;,&#8221;icon_hidden&#8221;:true,&#8221;caption_img_box&#8221;:&#8221;&#8221;,&#8221;alt&#8221;:&#8221;&#8221;}]}],&#8221;section_settings&#8221;:&#8221;&#8221;},&#8221;section_aSGAU&#8221;:{&#8220;component&#8221;:&#8221;hc_section&#8221;,&#8221;id&#8221;:&#8221;section_aSGAU&#8221;,&#8221;section_width&#8221;:&#8221;&#8221;,&#8221;animation&#8221;:&#8221;&#8221;,&#8221;animation_time&#8221;:&#8221;&#8221;,&#8221;timeline_animation&#8221;:&#8221;&#8221;,&#8221;timeline_delay&#8221;:&#8221;&#8221;,&#8221;timeline_order&#8221;:&#8221;&#8221;,&#8221;vertical_row&#8221;:&#8221;&#8221;,&#8221;css_classes&#8221;:&#8221;no-padding-bottom no-padding-top &#8220;,&#8221;custom_css_classes&#8221;:&#8221;newstext&#8221;,&#8221;custom_css_styles&#8221;:&#8221;&#8221;,&#8221;section_content&#8221;:[{&#8220;component&#8221;:&#8221;hc_column&#8221;,&#8221;id&#8221;:&#8221;column_0qrhK&#8221;,&#8221;column_width&#8221;:&#8221;col-md-12&#8243;,&#8221;animation&#8221;:&#8221;&#8221;,&#8221;animation_time&#8221;:&#8221;&#8221;,&#8221;timeline_animation&#8221;:&#8221;&#8221;,&#8221;timeline_delay&#8221;:&#8221;&#8221;,&#8221;timeline_order&#8221;:&#8221;&#8221;,&#8221;css_classes&#8221;:&#8221;&#8221;,&#8221;custom_css_classes&#8221;:&#8221;&#8221;,&#8221;custom_css_styles&#8221;:&#8221;&#8221;,&#8221;main_content&#8221;:[{&#8220;component&#8221;:&#8221;hc_title_tag&#8221;,&#8221;id&#8221;:&#8221;LpaNe&#8221;,&#8221;css_classes&#8221;:&#8221;boxed-area &#8220;,&#8221;custom_css_classes&#8221;:&#8221;&#8221;,&#8221;custom_css_styles&#8221;:&#8221;&#8221;,&#8221;text&#8221;:&#8221;\u00dclkemizin en ba\u015far\u0131l\u0131 estetik cerrahlar\u0131ndan biri olan Op. Dr.Serdar Eren, \u00c7i\u011fdem G\u00fcven Seminerleri kapsam\u0131nda, 17 Ekim 2016 Pazartesi g\u00fcn\u00fc, Hilton \u0130stanbul Bosphorus Hotel\u2019de g\u00fczellik ve mutluluk ili\u015fkisini konu\u015fmak \u00fczere i\u015f d\u00fcnyas\u0131 ile bir araya geldi.&#8221;,&#8221;tag&#8221;:&#8221;h4&#8243;},{&#8220;component&#8221;:&#8221;hc_space&#8221;,&#8221;id&#8221;:&#8221;eQwsI&#8221;,&#8221;css_classes&#8221;:&#8221;&#8221;,&#8221;custom_css_classes&#8221;:&#8221;&#8221;,&#8221;custom_css_styles&#8221;:&#8221;&#8221;,&#8221;size&#8221;:&#8221;space&#8221;,&#8221;height&#8221;:&#8221;&#8221;},{&#8220;component&#8221;:&#8221;hc_wp_editor&#8221;,&#8221;id&#8221;:&#8221;Qjmyl&#8221;,&#8221;css_classes&#8221;:&#8221;&#8221;,&#8221;custom_css_classes&#8221;:&#8221;&#8221;,&#8221;custom_css_styles&#8221;:&#8221;&#8221;,&#8221;editor_content&#8221;:&#8221;Her \u00fc\u00e7 ayda bir, gerek kurumlar\u0131n gerekse bireylerin kat\u0131l\u0131m\u0131na a\u00e7\u0131k olarak ger\u00e7ekle\u015ftirilen \u00c7i\u011fdem G\u00fcven Seminerleri, \u00f6zg\u00fcn karakterleri ve ba\u015far\u0131lar\u0131 ile kat\u0131l\u0131mc\u0131lara farkl\u0131 bak\u0131\u015f a\u00e7\u0131lar\u0131 sunan birbirinden de\u011ferli konuklar\u0131 a\u011f\u0131rlamaya devam ediyor. 17 Ekim 2016 Pazartesi g\u00fcn\u00fc Hilton \u0130stanbul Bosphorus Hotel\u2019de ger\u00e7ekle\u015ftirilen seminerler serisine bu defa, estetik cerrahinin usta isimlerinden Op. Dr. Serdar Eren konuk oldu.\\n\\nPlastik cerrahi biliminin ruhsal ve sanatsal y\u00f6nlerini psikoanalitik bak\u0131\u015f a\u00e7\u0131s\u0131 ile birle\u015ftiren Op. Dr. Serdar Eren, otuz y\u0131ll\u0131k meslek hayat\u0131 boyunca d\u00fcnyan\u0131n farkl\u0131 \u00fclkelerinden gelen say\u0131s\u0131z hastan\u0131n g\u00fczelli\u011fe olan yakla\u015f\u0131mlar\u0131n\u0131 inceleme f\u0131rsat\u0131 buldu. Konu\u015fmas\u0131nda, g\u00fczellik kavram\u0131n\u0131n anlam\u0131n\u0131, insanlar\u0131n g\u00fczelli\u011fe olan bireysel yakla\u015f\u0131mlar\u0131n\u0131 ve g\u00fczellik-hayat ikilisinin ya\u015fama nas\u0131l yans\u0131d\u0131\u011f\u0131n\u0131 anlatan Op. Dr. Serdar Eren, seminer sonunda a\u011f\u0131rl\u0131kl\u0131 olarak kurumsal hayattan gelen kat\u0131l\u0131mc\u0131lar\u0131n t\u00fcm sorular\u0131n\u0131 yan\u0131tlad\u0131.\\n\\n\u0130nsanlar\u0131n duygular\u0131 ile g\u00fczel g\u00f6r\u00fcnd\u00fcklerini s\u00f6yleyen Op. Dr. Serdar Eren, g\u00fczel hissetmenin insanlar taraf\u0131ndan g\u00fczel bulunmaktan daha \u00f6nemli oldu\u011funu ve bu hissin \u00e7ocukluk \u00e7a\u011f\u0131nda geli\u015fmeye ba\u015flayan bedensel ego ile yak\u0131ndan ili\u015fkisi bulundu\u011funu belirtti.&#8221;},{&#8220;component&#8221;:&#8221;hc_space&#8221;,&#8221;id&#8221;:&#8221;2jN6m&#8221;,&#8221;css_classes&#8221;:&#8221;&#8221;,&#8221;custom_css_classes&#8221;:&#8221;&#8221;,&#8221;custom_css_styles&#8221;:&#8221;&#8221;,&#8221;size&#8221;:&#8221;space-sm&#8221;,&#8221;height&#8221;:&#8221;&#8221;},{&#8220;component&#8221;:&#8221;hc_image_grid_list&#8221;,&#8221;id&#8221;:&#8221;wwplS&#8221;,&#8221;css_classes&#8221;:&#8221;&#8221;,&#8221;custom_css_classes&#8221;:&#8221;&#8221;,&#8221;custom_css_styles&#8221;:&#8221;&#8221;,&#8221;images&#8221;:[{&#8220;component&#8221;:&#8221;hc_upload_img&#8221;,&#8221;id&#8221;:&#8221;BYidY&#8221;,&#8221;link&#8221;:&#8221;https:\/\/www.cigdemguven.com\/medias\/2018\/01\/op-dr-serdar-eren-ile-hayati-guzellestirmek-seminer-4-1024&#215;768.jpg|960|1280|1067&#8243;},{&#8220;component&#8221;:&#8221;hc_upload_img&#8221;,&#8221;id&#8221;:&#8221;99JE1&#8243;,&#8221;link&#8221;:&#8221;https:\/\/www.cigdemguven.com\/medias\/2018\/01\/op-dr-serdar-eren-ile-hayati-guzellestirmek-seminer-1.jpg|531|708|1064&#8243;},{&#8220;component&#8221;:&#8221;hc_upload_img&#8221;,&#8221;id&#8221;:&#8221;kSOlE&#8221;,&#8221;link&#8221;:&#8221;https:\/\/www.cigdemguven.com\/medias\/2018\/01\/op-dr-serdar-eren-ile-hayati-guzellestirmek-seminer-2-1024&#215;768.jpg|960|1280|1065&#8243;},{&#8220;component&#8221;:&#8221;hc_upload_img&#8221;,&#8221;id&#8221;:&#8221;LZo8K&#8221;,&#8221;link&#8221;:&#8221;https:\/\/www.cigdemguven.com\/medias\/2018\/01\/op-dr-serdar-eren-ile-hayati-guzellestirmek-seminer-3-1024&#215;768.jpg|960|1280|1066&#8243;},{&#8220;component&#8221;:&#8221;hc_upload_img&#8221;,&#8221;id&#8221;:&#8221;Gw1vK&#8221;,&#8221;link&#8221;:&#8221;https:\/\/www.cigdemguven.com\/medias\/2018\/01\/op-dr-serdar-eren-ile-hayati-guzellestirmek-seminer-5-1024&#215;768.jpg|960|1280|1063&#8243;}],&#8221;icon&#8221;:&#8221;&#8221;,&#8221;thumb_size&#8221;:&#8221;large&#8221;,&#8221;lightbox_size&#8221;:&#8221;full&#8221;,&#8221;lightbox_animation&#8221;:&#8221;&#8221;,&#8221;hover_animation&#8221;:&#8221;&#8221;,&#8221;icon_animation&#8221;:&#8221;&#8221;,&#8221;hide_icon&#8221;:true,&#8221;css&#8221;:&#8221;&#8221;,&#8221;column&#8221;:&#8221;2&#8243;,&#8221;column_lg&#8221;:&#8221;2&#8243;,&#8221;column_md&#8221;:&#8221;2&#8243;,&#8221;column_sm&#8221;:&#8221;1&#8243;,&#8221;column_xs&#8221;:&#8221;1&#8243;,&#8221;margins&#8221;:&#8221;&#8221;,&#8221;pag_type&#8221;:&#8221;&#8221;,&#8221;pag_items&#8221;:&#8221;&#8221;,&#8221;pag_animation&#8221;:&#8221;&#8221;,&#8221;pag_size&#8221;:&#8221;&#8221;,&#8221;pag_position&#8221;:&#8221;&#8221;,&#8221;lm_lazy&#8221;:false,&#8221;lm_button_text&#8221;:&#8221;&#8221;,&#8221;pag_data_options&#8221;:&#8221;&#8221;}]},{&#8220;component&#8221;:&#8221;hc_column&#8221;,&#8221;id&#8221;:&#8221;column_7aIP1&#8243;,&#8221;column_width&#8221;:&#8221;col-md-12&#8243;,&#8221;animation&#8221;:&#8221;&#8221;,&#8221;animation_time&#8221;:&#8221;&#8221;,&#8221;timeline_animation&#8221;:&#8221;&#8221;,&#8221;timeline_delay&#8221;:&#8221;&#8221;,&#8221;timeline_order&#8221;:&#8221;&#8221;,&#8221;css_classes&#8221;:&#8221;&#8221;,&#8221;custom_css_classes&#8221;:&#8221;socialbox&#8221;,&#8221;custom_css_styles&#8221;:&#8221;&#8221;,&#8221;main_content&#8221;:[{&#8220;component&#8221;:&#8221;hc_space&#8221;,&#8221;id&#8221;:&#8221;Hdg76&#8243;,&#8221;css_classes&#8221;:&#8221;&#8221;,&#8221;custom_css_classes&#8221;:&#8221;&#8221;,&#8221;custom_css_styles&#8221;:&#8221;&#8221;,&#8221;size&#8221;:&#8221;space-sm&#8221;,&#8221;height&#8221;:&#8221;&#8221;},{&#8220;component&#8221;:&#8221;hc_text_block&#8221;,&#8221;id&#8221;:&#8221;zmr0F&#8221;,&#8221;css_classes&#8221;:&#8221;&#8221;,&#8221;custom_css_classes&#8221;:&#8221;&#8221;,&#8221;custom_css_styles&#8221;:&#8221;&#8221;,&#8221;content&#8221;:&#8221;Payla\u015f:&#8221;},{&#8220;component&#8221;:&#8221;hc_social_share_buttons&#8221;,&#8221;id&#8221;:&#8221;P7L30&#8243;,&#8221;css_classes&#8221;:&#8221;&#8221;,&#8221;custom_css_classes&#8221;:&#8221;&#8221;,&#8221;custom_css_styles&#8221;:&#8221;&#8221;,&#8221;style&#8221;:&#8221;icon-links-button&#8221;,&#8221;size&#8221;:&#8221;&#8221;,&#8221;alignment&#8221;:&#8221;&#8221;,&#8221;type&#8221;:&#8221;&#8221;,&#8221;social_colors&#8221;:true,&#8221;fb&#8221;:true,&#8221;fb_link&#8221;:&#8221;&#8221;,&#8221;tw&#8221;:true,&#8221;tw_link&#8221;:&#8221;&#8221;,&#8221;pi&#8221;:true,&#8221;pi_link&#8221;:&#8221;&#8221;,&#8221;li&#8221;:true,&#8221;li_link&#8221;:&#8221;&#8221;}]}],&#8221;section_settings&#8221;:&#8221;&#8221;},&#8221;section_dDpN7&#8243;:{&#8220;component&#8221;:&#8221;hc_section&#8221;,&#8221;id&#8221;:&#8221;section_dDpN7&#8243;,&#8221;section_width&#8221;:&#8221;&#8221;,&#8221;animation&#8221;:&#8221;&#8221;,&#8221;animation_time&#8221;:&#8221;&#8221;,&#8221;timeline_animation&#8221;:&#8221;&#8221;,&#8221;timeline_delay&#8221;:&#8221;&#8221;,&#8221;timeline_order&#8221;:&#8221;&#8221;,&#8221;vertical_row&#8221;:&#8221;&#8221;,&#8221;css_classes&#8221;:&#8221;section-color &#8220;,&#8221;custom_css_classes&#8221;:&#8221;&#8221;,&#8221;custom_css_styles&#8221;:&#8221;&#8221;,&#8221;section_content&#8221;:[{&#8220;component&#8221;:&#8221;hc_column&#8221;,&#8221;id&#8221;:&#8221;XLZ44&#8243;,&#8221;column_width&#8221;:&#8221;col-md-12&#8243;,&#8221;animation&#8221;:&#8221;&#8221;,&#8221;animation_time&#8221;:&#8221;&#8221;,&#8221;timeline_animation&#8221;:&#8221;&#8221;,&#8221;timeline_delay&#8221;:&#8221;&#8221;,&#8221;timeline_order&#8221;:&#8221;&#8221;,&#8221;css_classes&#8221;:&#8221;&#8221;,&#8221;custom_css_classes&#8221;:&#8221;&#8221;,&#8221;custom_css_styles&#8221;:&#8221;&#8221;,&#8221;main_content&#8221;:[{&#8220;component&#8221;:&#8221;hc_title_tag&#8221;,&#8221;id&#8221;:&#8221;4AoyD&#8221;,&#8221;css_classes&#8221;:&#8221;&#8221;,&#8221;custom_css_classes&#8221;:&#8221;&#8221;,&#8221;custom_css_styles&#8221;:&#8221;&#8221;,&#8221;text&#8221;:&#8221;Di\u011fer Haberler&#8221;,&#8221;tag&#8221;:&#8221;h2&#8243;},{&#8220;component&#8221;:&#8221;hc_space&#8221;,&#8221;id&#8221;:&#8221;TsAHd&#8221;,&#8221;css_classes&#8221;:&#8221;&#8221;,&#8221;custom_css_classes&#8221;:&#8221;&#8221;,&#8221;custom_css_styles&#8221;:&#8221;&#8221;,&#8221;size&#8221;:&#8221;space&#8221;,&#8221;height&#8221;:&#8221;&#8221;},{&#8220;component&#8221;:&#8221;hc_pt_grid_list&#8221;,&#8221;id&#8221;:&#8221;J9IEW&#8221;,&#8221;css_classes&#8221;:&#8221;&#8221;,&#8221;custom_css_classes&#8221;:&#8221;&#8221;,&#8221;custom_css_styles&#8221;:&#8221;&#8221;,&#8221;post_type_slug&#8221;:&#8221;post&#8221;,&#8221;post_type_category&#8221;:&#8221;haberler&#8221;,&#8221;column&#8221;:&#8221;2&#8243;,&#8221;column_lg&#8221;:&#8221;2&#8243;,&#8221;column_md&#8221;:&#8221;2&#8243;,&#8221;column_sm&#8221;:&#8221;1&#8243;,&#8221;column_xs&#8221;:&#8221;1&#8243;,&#8221;margins&#8221;:&#8221;&#8221;,&#8221;pag_type&#8221;:&#8221;load_more&#8221;,&#8221;pag_items&#8221;:&#8221;2&#8243;,&#8221;pag_size&#8221;:&#8221;&#8221;,&#8221;pag_animation&#8221;:&#8221;fade-top&#8221;,&#8221;pag_scroll_top&#8221;:false,&#8221;pag_position&#8221;:&#8221;align-center&#8221;,&#8221;pag_button_prev&#8221;:&#8221;&#8221;,&#8221;pag_button_next&#8221;:&#8221;&#8221;,&#8221;lm_lazy&#8221;:false,&#8221;lm_button_text&#8221;:&#8221;Daha Fazla&#8221;,&#8221;box&#8221;:&#8221;blog_top&#8221;,&#8221;boxed&#8221;:true,&#8221;extra&#8221;:false,&#8221;content&#8221;:&#8221;&#8221;,&#8221;title_length&#8221;:&#8221;32&#8243;,&#8221;excerpt_length&#8221;:&#8221;75&#8243;,&#8221;title_size&#8221;:&#8221;text-md&#8221;,&#8221;custom_css&#8221;:&#8221;&#8221;,&#8221;button_text&#8221;:&#8221;&#8221;,&#8221;button_style&#8221;:&#8221;square&#8221;,&#8221;button_dimensions&#8221;:&#8221;btn-lg&#8221;,&#8221;button_animation&#8221;:false,&#8221;button_icon&#8221;:&#8221;&#8221;}]}],&#8221;section_settings&#8221;:&#8221;&#8221;},&#8221;scripts&#8221;:{&#8220;lightbox&#8221;:&#8221;magnific-popup.min.js&#8221;,&#8221;pagination&#8221;:&#8221;pagination.min.js&#8221;},&#8221;css&#8221;:{&#8220;lightbox&#8221;:&#8221;css\/magnific-popup.css&#8221;,&#8221;content_box&#8221;:&#8221;css\/content-box.css&#8221;,&#8221;media_box&#8221;:&#8221;css\/media-box.css&#8221;},&#8221;css_page&#8221;:&#8221;&#8221;,&#8221;template_setting&#8221;:{},&#8221;template_setting_top&#8221;:{},&#8221;page_setting&#8221;:{&#8220;settings&#8221;:[&#8220;lock-mode-off&#8221;]},&#8221;post_type_setting&#8221;:{&#8220;settings&#8221;:{&#8220;image&#8221;:&#8221;https:\/\/www.cigdemguven.com\/medias\/2018\/01\/op-dr-serdar-eren-ile-hayati-guzellestirmek-seminer-5-1024&#215;768.jpg|960|1280|1063&#8243;,&#8221;excerpt&#8221;:&#8221;Her \u00fc\u00e7 ayda bir, gerek kurumlar\u0131n gerekse bireylerin kat\u0131l\u0131m\u0131na a\u00e7\u0131k olarak ger\u00e7ekle\u015ftirilen \u00c7i\u011fdem G\u00fcven Seminerleri, \u00f6zg\u00fcn karakterleri ve ba\u015far\u0131lar\u0131 ile kat\u0131l\u0131mc\u0131lara farkl\u0131 bak\u0131\u015f a\u00e7\u0131lar\u0131 sunan birbirinden de\u011ferli konuklar\u0131 a\u011f\u0131rlamaya devam ediyor. 17 Ekim 2016 Pazartesi g\u00fcn\u00fc Hilton \u0130stanbul Bosphorus Hotel\u2019de ger\u00e7ekle\u015ftirilen seminerler serisine bu defa, estetik cerrahinin usta isimlerinden Op. Dr. Serdar Eren konuk oldu.&#8221;,&#8221;extra_1&#8243;:&#8221;Seminer&#8221;,&#8221;extra_2&#8243;:&#8221;&#8221;,&#8221;icon&#8221;:{&#8220;icon&#8221;:&#8221;&#8221;,&#8221;icon_style&#8221;:&#8221;&#8221;,&#8221;icon_image&#8221;:&#8221;&#8221;}}}}<\/p>\n","protected":false},"excerpt":{"rendered":"<p>Her \u00fc\u00e7 ayda bir, gerek kurumlar\u0131n gerekse bireylerin kat\u0131l\u0131m\u0131na a\u00e7\u0131k olarak ger\u00e7ekle\u015ftirilen \u00c7i\u011fdem G\u00fcven Seminerleri, \u00f6zg\u00fcn karakterleri ve ba\u015far\u0131lar\u0131 ile kat\u0131l\u0131mc\u0131lara farkl\u0131 bak\u0131\u015f a\u00e7\u0131lar\u0131 sunan birbirinden de\u011ferli konuklar\u0131 a\u011f\u0131rlamaya devam ediyor. 17 Ekim 2016 Pazartesi g\u00fcn\u00fc Hilton \u0130stanbul Bosphorus Hotel\u2019de ger\u00e7ekle\u015ftirilen seminerler serisine bu defa, estetik cerrahinin usta isimlerinden Op. Dr. Serdar Eren konuk oldu.<\/p>\n","protected":false},"author":1,"featured_media":0,"comment_status":"closed","ping_status":"open","sticky":false,"template":"","format":"standard","meta":{"footnotes":""},"categories":[20,21],"tags":[],"class_list":["post-1397","post","type-post","status-publish","format-standard","hentry","category-haberler","category-seminerler"],"yoast_head":"\n<title>Op. Dr. Serdar Eren ile Hayat\u0131 G\u00fczelle\u015ftirmek | \u00c7i\u011fdem G\u00fcven Management Consulting &amp; Coaching &amp; Mentoring Services<\/title>\n<meta name=\"robots\" content=\"index, follow, max-snippet:-1, max-image-preview:large, max-video-preview:-1\" \/>\n<link rel=\"canonical\" href=\"https:\/\/www.cigdemguven.com\/tr\/haberler\/op-dr-serdar-eren-ile-hayati-guzellestirmek\/\" \/>\n<meta property=\"og:locale\" content=\"tr_TR\" \/>\n<meta property=\"og:type\" content=\"article\" \/>\n<meta property=\"og:title\" content=\"Op. Dr. Serdar Eren ile Hayat\u0131 G\u00fczelle\u015ftirmek | \u00c7i\u011fdem G\u00fcven Management Consulting &amp; Coaching &amp; Mentoring Services\" \/>\n<meta property=\"og:description\" content=\"Her \u00fc\u00e7 ayda bir, gerek kurumlar\u0131n gerekse bireylerin kat\u0131l\u0131m\u0131na a\u00e7\u0131k olarak ger\u00e7ekle\u015ftirilen \u00c7i\u011fdem G\u00fcven Seminerleri, \u00f6zg\u00fcn karakterleri ve ba\u015far\u0131lar\u0131 ile kat\u0131l\u0131mc\u0131lara farkl\u0131 bak\u0131\u015f a\u00e7\u0131lar\u0131 sunan birbirinden de\u011ferli konuklar\u0131 a\u011f\u0131rlamaya devam ediyor. 17 Ekim 2016 Pazartesi g\u00fcn\u00fc Hilton \u0130stanbul Bosphorus Hotel\u2019de ger\u00e7ekle\u015ftirilen seminerler serisine bu defa, estetik cerrahinin usta isimlerinden Op. Dr. Serdar Eren konuk oldu.\" \/>\n<meta property=\"og:url\" content=\"https:\/\/www.cigdemguven.com\/tr\/haberler\/op-dr-serdar-eren-ile-hayati-guzellestirmek\/\" \/>\n<meta property=\"og:site_name\" content=\"\u00c7i\u011fdem G\u00fcven Management Consulting &amp; Coaching &amp; Mentoring Services\" \/>\n<meta property=\"article:publisher\" content=\"https:\/\/www.facebook.com\/cigdemguvendanisman\" \/>\n<meta property=\"article:published_time\" content=\"2016-09-17T07:28:10+00:00\" \/>\n<meta property=\"article:modified_time\" content=\"2022-03-18T23:32:28+00:00\" \/>\n<meta property=\"og:image\" content=\"https:\/\/www.cigdemguven.com\/medias\/2022\/01\/cigdemguvenphoto.jpg\" \/>\n\t<meta property=\"og:image:width\" content=\"777\" \/>\n\t<meta property=\"og:image:height\" content=\"823\" \/>\n\t<meta property=\"og:image:type\" content=\"image\/jpeg\" \/>\n<meta name=\"author\" content=\"\u00c7i\u011fdem G\u00fcven\" \/>\n<meta name=\"twitter:card\" content=\"summary_large_image\" \/>\n<meta name=\"twitter:creator\" content=\"@cigdemguvencom\" \/>\n<meta name=\"twitter:site\" content=\"@cigdemguvencom\" \/>\n<meta name=\"twitter:label1\" content=\"Yazan:\" \/>\n\t<meta name=\"twitter:data1\" content=\"\u00c7i\u011fdem G\u00fcven\" \/>\n\t<meta name=\"twitter:label2\" content=\"Tahmini okuma s\u00fcresi\" \/>\n\t<meta name=\"twitter:data2\" content=\"6 dakika\" \/>\n<script type=\"application\/ld+json\" class=\"yoast-schema-graph\">{\"@context\":\"https:\/\/schema.org\",\"@graph\":[{\"@type\":\"Article\",\"@id\":\"https:\/\/www.cigdemguven.com\/tr\/haberler\/op-dr-serdar-eren-ile-hayati-guzellestirmek\/#article\",\"isPartOf\":{\"@id\":\"https:\/\/www.cigdemguven.com\/tr\/haberler\/op-dr-serdar-eren-ile-hayati-guzellestirmek\/\"},\"author\":{\"name\":\"\u00c7i\u011fdem G\u00fcven\",\"@id\":\"https:\/\/www.cigdemguven.com\/tr\/#\/schema\/person\/abd506d3b37ae4dd04e7393ca6ac5921\"},\"headline\":\"Op. Dr. Serdar Eren ile Hayat\u0131 G\u00fczelle\u015ftirmek\",\"datePublished\":\"2016-09-17T07:28:10+00:00\",\"dateModified\":\"2022-03-18T23:32:28+00:00\",\"mainEntityOfPage\":{\"@id\":\"https:\/\/www.cigdemguven.com\/tr\/haberler\/op-dr-serdar-eren-ile-hayati-guzellestirmek\/\"},\"wordCount\":1180,\"publisher\":{\"@id\":\"https:\/\/www.cigdemguven.com\/tr\/#organization\"},\"articleSection\":[\"Haberler\",\"Seminerler\"],\"inLanguage\":\"tr\"},{\"@type\":\"WebPage\",\"@id\":\"https:\/\/www.cigdemguven.com\/tr\/haberler\/op-dr-serdar-eren-ile-hayati-guzellestirmek\/\",\"url\":\"https:\/\/www.cigdemguven.com\/tr\/haberler\/op-dr-serdar-eren-ile-hayati-guzellestirmek\/\",\"name\":\"Op. Dr. Serdar Eren ile Hayat\u0131 G\u00fczelle\u015ftirmek | \u00c7i\u011fdem G\u00fcven Management Consulting &amp; Coaching &amp; Mentoring Services\",\"isPartOf\":{\"@id\":\"https:\/\/www.cigdemguven.com\/tr\/#website\"},\"datePublished\":\"2016-09-17T07:28:10+00:00\",\"dateModified\":\"2022-03-18T23:32:28+00:00\",\"breadcrumb\":{\"@id\":\"https:\/\/www.cigdemguven.com\/tr\/haberler\/op-dr-serdar-eren-ile-hayati-guzellestirmek\/#breadcrumb\"},\"inLanguage\":\"tr\",\"potentialAction\":[{\"@type\":\"ReadAction\",\"target\":[\"https:\/\/www.cigdemguven.com\/tr\/haberler\/op-dr-serdar-eren-ile-hayati-guzellestirmek\/\"]}]},{\"@type\":\"BreadcrumbList\",\"@id\":\"https:\/\/www.cigdemguven.com\/tr\/haberler\/op-dr-serdar-eren-ile-hayati-guzellestirmek\/#breadcrumb\",\"itemListElement\":[{\"@type\":\"ListItem\",\"position\":1,\"name\":\"Home\",\"item\":\"https:\/\/www.cigdemguven.com\/tr\/\"},{\"@type\":\"ListItem\",\"position\":2,\"name\":\"Op. Dr. Serdar Eren ile Hayat\u0131 G\u00fczelle\u015ftirmek\"}]},{\"@type\":\"WebSite\",\"@id\":\"https:\/\/www.cigdemguven.com\/tr\/#website\",\"url\":\"https:\/\/www.cigdemguven.com\/tr\/\",\"name\":\"\u00c7i\u011fdem G\u00fcven Management Consulting &amp; Coaching &amp; Mentoring Services\",\"description\":\"Management Consulting &amp; Coaching &amp; Mentoring Services\",\"publisher\":{\"@id\":\"https:\/\/www.cigdemguven.com\/tr\/#organization\"},\"potentialAction\":[{\"@type\":\"SearchAction\",\"target\":{\"@type\":\"EntryPoint\",\"urlTemplate\":\"https:\/\/www.cigdemguven.com\/tr\/?s={search_term_string}\"},\"query-input\":\"required name=search_term_string\"}],\"inLanguage\":\"tr\"},{\"@type\":\"Organization\",\"@id\":\"https:\/\/www.cigdemguven.com\/tr\/#organization\",\"name\":\"\u00c7i\u011fdem G\u00fcven Management Consulting & Coaching & Mentoring Services\",\"url\":\"https:\/\/www.cigdemguven.com\/tr\/\",\"logo\":{\"@type\":\"ImageObject\",\"inLanguage\":\"tr\",\"@id\":\"https:\/\/www.cigdemguven.com\/tr\/#\/schema\/logo\/image\/\",\"url\":\"https:\/\/www.cigdemguven.com\/medias\/2021\/12\/cigdem-guven-logo.svg\",\"contentUrl\":\"https:\/\/www.cigdemguven.com\/medias\/2021\/12\/cigdem-guven-logo.svg\",\"width\":1,\"height\":1,\"caption\":\"\u00c7i\u011fdem G\u00fcven Management Consulting & Coaching & Mentoring Services\"},\"image\":{\"@id\":\"https:\/\/www.cigdemguven.com\/tr\/#\/schema\/logo\/image\/\"},\"sameAs\":[\"https:\/\/www.facebook.com\/cigdemguvendanisman\",\"https:\/\/twitter.com\/cigdemguvencom\",\"https:\/\/www.instagram.com\/cigdemguvendanismanlik\/\",\"https:\/\/www.linkedin.com\/in\/cigdemguvendanismanlik\/\"]},{\"@type\":\"Person\",\"@id\":\"https:\/\/www.cigdemguven.com\/tr\/#\/schema\/person\/abd506d3b37ae4dd04e7393ca6ac5921\",\"name\":\"\u00c7i\u011fdem G\u00fcven\",\"sameAs\":[\"https:\/\/www.cigdemguven.com\"],\"url\":\"https:\/\/www.cigdemguven.com\/tr\/author\/cigdemguven\/\"}]}<\/script>\n","yoast_head_json":{"title":"Op. Dr. Serdar Eren ile Hayat\u0131 G\u00fczelle\u015ftirmek | \u00c7i\u011fdem G\u00fcven Management Consulting &amp; Coaching &amp; Mentoring Services","robots":{"index":"index","follow":"follow","max-snippet":"max-snippet:-1","max-image-preview":"max-image-preview:large","max-video-preview":"max-video-preview:-1"},"canonical":"https:\/\/www.cigdemguven.com\/tr\/haberler\/op-dr-serdar-eren-ile-hayati-guzellestirmek\/","og_locale":"tr_TR","og_type":"article","og_title":"Op. Dr. Serdar Eren ile Hayat\u0131 G\u00fczelle\u015ftirmek | \u00c7i\u011fdem G\u00fcven Management Consulting &amp; Coaching &amp; Mentoring Services","og_description":"Her \u00fc\u00e7 ayda bir, gerek kurumlar\u0131n gerekse bireylerin kat\u0131l\u0131m\u0131na a\u00e7\u0131k olarak ger\u00e7ekle\u015ftirilen \u00c7i\u011fdem G\u00fcven Seminerleri, \u00f6zg\u00fcn karakterleri ve ba\u015far\u0131lar\u0131 ile kat\u0131l\u0131mc\u0131lara farkl\u0131 bak\u0131\u015f a\u00e7\u0131lar\u0131 sunan birbirinden de\u011ferli konuklar\u0131 a\u011f\u0131rlamaya devam ediyor. 17 Ekim 2016 Pazartesi g\u00fcn\u00fc Hilton \u0130stanbul Bosphorus Hotel\u2019de ger\u00e7ekle\u015ftirilen seminerler serisine bu defa, estetik cerrahinin usta isimlerinden Op. Dr. Serdar Eren konuk oldu.","og_url":"https:\/\/www.cigdemguven.com\/tr\/haberler\/op-dr-serdar-eren-ile-hayati-guzellestirmek\/","og_site_name":"\u00c7i\u011fdem G\u00fcven Management Consulting &amp; Coaching &amp; Mentoring Services","article_publisher":"https:\/\/www.facebook.com\/cigdemguvendanisman","article_published_time":"2016-09-17T07:28:10+00:00","article_modified_time":"2022-03-18T23:32:28+00:00","og_image":[{"width":777,"height":823,"url":"https:\/\/www.cigdemguven.com\/medias\/2022\/01\/cigdemguvenphoto.jpg","type":"image\/jpeg"}],"author":"\u00c7i\u011fdem G\u00fcven","twitter_card":"summary_large_image","twitter_creator":"@cigdemguvencom","twitter_site":"@cigdemguvencom","twitter_misc":{"Yazan:":"\u00c7i\u011fdem G\u00fcven","Tahmini okuma s\u00fcresi":"6 dakika"},"schema":{"@context":"https:\/\/schema.org","@graph":[{"@type":"Article","@id":"https:\/\/www.cigdemguven.com\/tr\/haberler\/op-dr-serdar-eren-ile-hayati-guzellestirmek\/#article","isPartOf":{"@id":"https:\/\/www.cigdemguven.com\/tr\/haberler\/op-dr-serdar-eren-ile-hayati-guzellestirmek\/"},"author":{"name":"\u00c7i\u011fdem G\u00fcven","@id":"https:\/\/www.cigdemguven.com\/tr\/#\/schema\/person\/abd506d3b37ae4dd04e7393ca6ac5921"},"headline":"Op. Dr. Serdar Eren ile Hayat\u0131 G\u00fczelle\u015ftirmek","datePublished":"2016-09-17T07:28:10+00:00","dateModified":"2022-03-18T23:32:28+00:00","mainEntityOfPage":{"@id":"https:\/\/www.cigdemguven.com\/tr\/haberler\/op-dr-serdar-eren-ile-hayati-guzellestirmek\/"},"wordCount":1180,"publisher":{"@id":"https:\/\/www.cigdemguven.com\/tr\/#organization"},"articleSection":["Haberler","Seminerler"],"inLanguage":"tr"},{"@type":"WebPage","@id":"https:\/\/www.cigdemguven.com\/tr\/haberler\/op-dr-serdar-eren-ile-hayati-guzellestirmek\/","url":"https:\/\/www.cigdemguven.com\/tr\/haberler\/op-dr-serdar-eren-ile-hayati-guzellestirmek\/","name":"Op. Dr. Serdar Eren ile Hayat\u0131 G\u00fczelle\u015ftirmek | \u00c7i\u011fdem G\u00fcven Management Consulting &amp; Coaching &amp; Mentoring Services","isPartOf":{"@id":"https:\/\/www.cigdemguven.com\/tr\/#website"},"datePublished":"2016-09-17T07:28:10+00:00","dateModified":"2022-03-18T23:32:28+00:00","breadcrumb":{"@id":"https:\/\/www.cigdemguven.com\/tr\/haberler\/op-dr-serdar-eren-ile-hayati-guzellestirmek\/#breadcrumb"},"inLanguage":"tr","potentialAction":[{"@type":"ReadAction","target":["https:\/\/www.cigdemguven.com\/tr\/haberler\/op-dr-serdar-eren-ile-hayati-guzellestirmek\/"]}]},{"@type":"BreadcrumbList","@id":"https:\/\/www.cigdemguven.com\/tr\/haberler\/op-dr-serdar-eren-ile-hayati-guzellestirmek\/#breadcrumb","itemListElement":[{"@type":"ListItem","position":1,"name":"Home","item":"https:\/\/www.cigdemguven.com\/tr\/"},{"@type":"ListItem","position":2,"name":"Op. Dr. Serdar Eren ile Hayat\u0131 G\u00fczelle\u015ftirmek"}]},{"@type":"WebSite","@id":"https:\/\/www.cigdemguven.com\/tr\/#website","url":"https:\/\/www.cigdemguven.com\/tr\/","name":"\u00c7i\u011fdem G\u00fcven Management Consulting &amp; Coaching &amp; Mentoring Services","description":"Management Consulting &amp; Coaching &amp; Mentoring Services","publisher":{"@id":"https:\/\/www.cigdemguven.com\/tr\/#organization"},"potentialAction":[{"@type":"SearchAction","target":{"@type":"EntryPoint","urlTemplate":"https:\/\/www.cigdemguven.com\/tr\/?s={search_term_string}"},"query-input":"required name=search_term_string"}],"inLanguage":"tr"},{"@type":"Organization","@id":"https:\/\/www.cigdemguven.com\/tr\/#organization","name":"\u00c7i\u011fdem G\u00fcven Management Consulting & Coaching & Mentoring Services","url":"https:\/\/www.cigdemguven.com\/tr\/","logo":{"@type":"ImageObject","inLanguage":"tr","@id":"https:\/\/www.cigdemguven.com\/tr\/#\/schema\/logo\/image\/","url":"https:\/\/www.cigdemguven.com\/medias\/2021\/12\/cigdem-guven-logo.svg","contentUrl":"https:\/\/www.cigdemguven.com\/medias\/2021\/12\/cigdem-guven-logo.svg","width":1,"height":1,"caption":"\u00c7i\u011fdem G\u00fcven Management Consulting & Coaching & Mentoring Services"},"image":{"@id":"https:\/\/www.cigdemguven.com\/tr\/#\/schema\/logo\/image\/"},"sameAs":["https:\/\/www.facebook.com\/cigdemguvendanisman","https:\/\/twitter.com\/cigdemguvencom","https:\/\/www.instagram.com\/cigdemguvendanismanlik\/","https:\/\/www.linkedin.com\/in\/cigdemguvendanismanlik\/"]},{"@type":"Person","@id":"https:\/\/www.cigdemguven.com\/tr\/#\/schema\/person\/abd506d3b37ae4dd04e7393ca6ac5921","name":"\u00c7i\u011fdem G\u00fcven","sameAs":["https:\/\/www.cigdemguven.com"],"url":"https:\/\/www.cigdemguven.com\/tr\/author\/cigdemguven\/"}]}},"_links":{"self":[{"href":"https:\/\/www.cigdemguven.com\/tr\/wp-json\/wp\/v2\/posts\/1397","targetHints":{"allow":["GET"]}}],"collection":[{"href":"https:\/\/www.cigdemguven.com\/tr\/wp-json\/wp\/v2\/posts"}],"about":[{"href":"https:\/\/www.cigdemguven.com\/tr\/wp-json\/wp\/v2\/types\/post"}],"author":[{"embeddable":true,"href":"https:\/\/www.cigdemguven.com\/tr\/wp-json\/wp\/v2\/users\/1"}],"replies":[{"embeddable":true,"href":"https:\/\/www.cigdemguven.com\/tr\/wp-json\/wp\/v2\/comments?post=1397"}],"version-history":[{"count":2,"href":"https:\/\/www.cigdemguven.com\/tr\/wp-json\/wp\/v2\/posts\/1397\/revisions"}],"predecessor-version":[{"id":1399,"href":"https:\/\/www.cigdemguven.com\/tr\/wp-json\/wp\/v2\/posts\/1397\/revisions\/1399"}],"wp:attachment":[{"href":"https:\/\/www.cigdemguven.com\/tr\/wp-json\/wp\/v2\/media?parent=1397"}],"wp:term":[{"taxonomy":"category","embeddable":true,"href":"https:\/\/www.cigdemguven.com\/tr\/wp-json\/wp\/v2\/categories?post=1397"},{"taxonomy":"post_tag","embeddable":true,"href":"https:\/\/www.cigdemguven.com\/tr\/wp-json\/wp\/v2\/tags?post=1397"}],"curies":[{"name":"wp","href":"https:\/\/api.w.org\/{rel}","templated":true}]}}