{"id":1377,"date":"2018-10-09T10:28:10","date_gmt":"2018-10-09T07:28:10","guid":{"rendered":"https:\/\/www.cigdemguven.com\/genel\/the-future-of-digital-finance-in-the-global-economy-with-dr-osman-sacarcelik\/"},"modified":"2022-03-19T01:53:16","modified_gmt":"2022-03-18T22:53:16","slug":"dr-osman-sacarcelikle-kuresel-ekonomide-dijital-finansin-gelecegi","status":"publish","type":"post","link":"https:\/\/www.cigdemguven.com\/tr\/haberler\/dr-osman-sacarcelikle-kuresel-ekonomide-dijital-finansin-gelecegi\/","title":{"rendered":"Dr. Osman Sa\u00e7ar\u00e7elik\u2019le K\u00fcresel Ekonomide Dijital Finans\u0131n Gelece\u011fi"},"content":{"rendered":"<p>{&#8220;main-title&#8221;:{&#8220;component&#8221;:&#8221;hc_title&#8221;,&#8221;id&#8221;:&#8221;main-title&#8221;,&#8221;title&#8221;:&#8221;&#8221;,&#8221;subtitle&#8221;:&#8221;&#8221;,&#8221;title_content&#8221;:{&#8220;component&#8221;:&#8221;hc_title_empty&#8221;,&#8221;id&#8221;:&#8221;title-empty&#8221;}},&#8221;section_QvNqz&#8221;:{&#8220;component&#8221;:&#8221;hc_section&#8221;,&#8221;id&#8221;:&#8221;section_QvNqz&#8221;,&#8221;section_width&#8221;:&#8221;&#8221;,&#8221;animation&#8221;:&#8221;&#8221;,&#8221;animation_time&#8221;:&#8221;&#8221;,&#8221;timeline_animation&#8221;:&#8221;&#8221;,&#8221;timeline_delay&#8221;:&#8221;&#8221;,&#8221;timeline_order&#8221;:&#8221;&#8221;,&#8221;vertical_row&#8221;:&#8221;&#8221;,&#8221;css_classes&#8221;:&#8221;section-color no-padding-bottom no-padding-top &#8220;,&#8221;custom_css_classes&#8221;:&#8221;containernews&#8221;,&#8221;custom_css_styles&#8221;:&#8221;&#8221;,&#8221;section_content&#8221;:[{&#8220;component&#8221;:&#8221;hc_column&#8221;,&#8221;id&#8221;:&#8221;P1FCZ&#8221;,&#8221;column_width&#8221;:&#8221;col-md-12&#8243;,&#8221;animation&#8221;:&#8221;&#8221;,&#8221;animation_time&#8221;:&#8221;&#8221;,&#8221;timeline_animation&#8221;:&#8221;&#8221;,&#8221;timeline_delay&#8221;:&#8221;&#8221;,&#8221;timeline_order&#8221;:&#8221;&#8221;,&#8221;css_classes&#8221;:&#8221;boxed-area align-items-center &#8220;,&#8221;custom_css_classes&#8221;:&#8221;&#8221;,&#8221;custom_css_styles&#8221;:&#8221;&#8221;,&#8221;main_content&#8221;:[{&#8220;component&#8221;:&#8221;hc_title_tag&#8221;,&#8221;id&#8221;:&#8221;5ZtkF&#8221;,&#8221;css_classes&#8221;:&#8221;&#8221;,&#8221;custom_css_classes&#8221;:&#8221;&#8221;,&#8221;custom_css_styles&#8221;:&#8221;&#8221;,&#8221;text&#8221;:&#8221;Dr. Osman Sa\u00e7ar\u00e7elik\u2019le K\u00fcresel Ekonomide Dijital Finans\u0131n Gelece\u011fi&#8221;,&#8221;tag&#8221;:&#8221;h1&#8243;},{&#8220;component&#8221;:&#8221;hc_image_box&#8221;,&#8221;id&#8221;:&#8221;P92Nk&#8221;,&#8221;css_classes&#8221;:&#8221;&#8221;,&#8221;custom_css_classes&#8221;:&#8221;&#8221;,&#8221;custom_css_styles&#8221;:&#8221;&#8221;,&#8221;image&#8221;:&#8221;https:\/\/www.cigdemguven.com\/medias\/2018\/12\/Cigdem-Guven-Dr-Osman-Sacarcelik-12.jpeg|341|512|1005&#8243;,&#8221;link_type&#8221;:&#8221;lightbox&#8221;,&#8221;lightbox_animation&#8221;:&#8221;&#8221;,&#8221;caption&#8221;:&#8221;Dr. Osman Sa\u00e7ar\u00e7elik\u2019le K\u00fcresel Ekonomide Dijital Finans\u0131n Gelece\u011fi&#8221;,&#8221;inner_caption&#8221;:false,&#8221;new_window&#8221;:false,&#8221;link&#8221;:&#8221;https:\/\/www.cigdemguven.com\/medias\/2018\/12\/Cigdem-Guven-Dr-Osman-Sacarcelik-12.jpeg&#8221;,&#8221;link_content&#8221;:[],&#8221;lightbox_size&#8221;:&#8221;&#8221;,&#8221;scrollbox&#8221;:false,&#8221;icon&#8221;:&#8221;&#8221;,&#8221;image_animation&#8221;:&#8221;&#8221;,&#8221;icon_animation&#8221;:&#8221;&#8221;,&#8221;thumb_size&#8221;:&#8221;full&#8221;,&#8221;icon_hidden&#8221;:true,&#8221;caption_img_box&#8221;:&#8221;&#8221;,&#8221;alt&#8221;:&#8221;&#8221;}]}],&#8221;section_settings&#8221;:&#8221;&#8221;},&#8221;section_aSGAU&#8221;:{&#8220;component&#8221;:&#8221;hc_section&#8221;,&#8221;id&#8221;:&#8221;section_aSGAU&#8221;,&#8221;section_width&#8221;:&#8221;&#8221;,&#8221;animation&#8221;:&#8221;&#8221;,&#8221;animation_time&#8221;:&#8221;&#8221;,&#8221;timeline_animation&#8221;:&#8221;&#8221;,&#8221;timeline_delay&#8221;:&#8221;&#8221;,&#8221;timeline_order&#8221;:&#8221;&#8221;,&#8221;vertical_row&#8221;:&#8221;&#8221;,&#8221;css_classes&#8221;:&#8221;no-padding-bottom no-padding-top &#8220;,&#8221;custom_css_classes&#8221;:&#8221;newstext&#8221;,&#8221;custom_css_styles&#8221;:&#8221;&#8221;,&#8221;section_content&#8221;:[{&#8220;component&#8221;:&#8221;hc_column&#8221;,&#8221;id&#8221;:&#8221;column_0qrhK&#8221;,&#8221;column_width&#8221;:&#8221;col-md-12&#8243;,&#8221;animation&#8221;:&#8221;&#8221;,&#8221;animation_time&#8221;:&#8221;&#8221;,&#8221;timeline_animation&#8221;:&#8221;&#8221;,&#8221;timeline_delay&#8221;:&#8221;&#8221;,&#8221;timeline_order&#8221;:&#8221;&#8221;,&#8221;css_classes&#8221;:&#8221;&#8221;,&#8221;custom_css_classes&#8221;:&#8221;&#8221;,&#8221;custom_css_styles&#8221;:&#8221;&#8221;,&#8221;main_content&#8221;:[{&#8220;component&#8221;:&#8221;hc_title_tag&#8221;,&#8221;id&#8221;:&#8221;MmDlr&#8221;,&#8221;css_classes&#8221;:&#8221;boxed-area &#8220;,&#8221;custom_css_classes&#8221;:&#8221;&#8221;,&#8221;custom_css_styles&#8221;:&#8221;&#8221;,&#8221;text&#8221;:&#8221;Finans sekt\u00f6r\u00fcn\u00fcn ba\u015far\u0131l\u0131 ismi Dr Osman Sa\u00e7ar\u00e7elik 09 Ekim 2018 Sal\u0131 g\u00fcn\u00fc Hilton \u0130stanbul Bosphorus Hotel\u2019de fintech, dijital \u00f6deme sistemleri, kredi platformlar\u0131, robo advice, kripto varl\u0131klar ve bu alanda fark yaratan dijital d\u00f6n\u00fc\u015f\u00fcm projelerini konu\u015fmak \u00fczere y\u00fcz\u00fcn \u00fczerinde kat\u0131l\u0131mc\u0131yla bulu\u015ftu.&#8221;,&#8221;tag&#8221;:&#8221;h4&#8243;},{&#8220;component&#8221;:&#8221;hc_space&#8221;,&#8221;id&#8221;:&#8221;eQwsI&#8221;,&#8221;css_classes&#8221;:&#8221;&#8221;,&#8221;custom_css_classes&#8221;:&#8221;&#8221;,&#8221;custom_css_styles&#8221;:&#8221;&#8221;,&#8221;size&#8221;:&#8221;space&#8221;,&#8221;height&#8221;:&#8221;&#8221;},{&#8220;component&#8221;:&#8221;hc_wp_editor&#8221;,&#8221;id&#8221;:&#8221;Qjmyl&#8221;,&#8221;css_classes&#8221;:&#8221;&#8221;,&#8221;custom_css_classes&#8221;:&#8221;&#8221;,&#8221;custom_css_styles&#8221;:&#8221;&#8221;,&#8221;editor_content&#8221;:&#8221;\u00c7i\u011fdem G\u00fcven Seminerleri her zaman oldu\u011fu gibi Ekim ay\u0131nda da alan\u0131n\u0131n en ba\u015far\u0131l\u0131 isimlerini konuk etmeye devam etti. Deloitte Almanya\u2019n\u0131n T\u00fcrkiye masas\u0131 lideri, banka ve finans hukuk\u00e7usu Dr Osman Sa\u00e7arcelik kat\u0131l\u0131mc\u0131lara 21. Y\u00fczy\u0131lda ger\u00e7ekle\u015fen h\u0131zl\u0131 ve yo\u011fun dijital transformasyonun finans d\u00fcnyas\u0131, \u015firket politikalar\u0131 ve \u015firketlerin m\u00fc\u015fterileriyle etkile\u015fimi \u00fczerindeki etkilerinden bahsederken; dijital d\u00f6n\u00fc\u015f\u00fcme daha h\u0131zl\u0131 uyum sa\u011flayan firmalar\u0131n yenilenen i\u015f d\u00fcnyas\u0131nda kendilerine daha sa\u011flam yer bulaca\u011f\u0131n\u0131 vurgulad\u0131.\\n\\nDeloitte\u2019taki g\u00f6revi d\u0131\u015f\u0131nda HELIX Orange \u2013 Generation ICO firmas\u0131n\u0131n dan\u0131\u015fmanl\u0131\u011f\u0131n\u0131 yapan ve Wiesbaden EBS Law School\u2019da fahri olarak akademik \u00e7al\u0131\u015fmalar s\u00fcrd\u00fcren Sa\u00e7ar\u00e7elik\u2019in 2013 y\u0131l\u0131nda doktora tezi, Capital Markets Law for the Financial Center Germany kurulu\u015fu taraf\u0131ndan Ara\u015ft\u0131rma \u00d6d\u00fcl\u00fc\u2019ne lay\u0131k g\u00f6r\u00fcld\u00fc. Seminerde finans sekt\u00f6r\u00fcndeki dijitalle\u015fmenin m\u00fc\u015fteriye ula\u015fmakta ve m\u00fc\u015fterilerin taleplerinin kar\u015f\u0131lanmas\u0131nda kilit rol oynad\u0131\u011f\u0131ndan s\u00f6z eden Sa\u00e7ar\u00e7elik global markala\u015fma yolunda ilerlemek isteyen firmalar i\u00e7in de de\u011ferli g\u00f6r\u00fc\u015flerini ve gelecek tahminlerini kat\u0131l\u0131mc\u0131larla payla\u015ft\u0131. Akademi ve i\u015f d\u00fcnyas\u0131ndan yo\u011fun kat\u0131l\u0131m\u0131n oldu\u011fu keyifli seminer, kat\u0131l\u0131mc\u0131lar\u0131n sorular\u0131yla birlikte sona erdi.&#8221;},{&#8220;component&#8221;:&#8221;hc_space&#8221;,&#8221;id&#8221;:&#8221;2jN6m&#8221;,&#8221;css_classes&#8221;:&#8221;&#8221;,&#8221;custom_css_classes&#8221;:&#8221;&#8221;,&#8221;custom_css_styles&#8221;:&#8221;&#8221;,&#8221;size&#8221;:&#8221;space-sm&#8221;,&#8221;height&#8221;:&#8221;&#8221;},{&#8220;component&#8221;:&#8221;hc_image_grid_list&#8221;,&#8221;id&#8221;:&#8221;wwplS&#8221;,&#8221;css_classes&#8221;:&#8221;&#8221;,&#8221;custom_css_classes&#8221;:&#8221;&#8221;,&#8221;custom_css_styles&#8221;:&#8221;&#8221;,&#8221;images&#8221;:[{&#8220;component&#8221;:&#8221;hc_upload_img&#8221;,&#8221;id&#8221;:&#8221;3GP9z&#8221;,&#8221;link&#8221;:&#8221;https:\/\/www.cigdemguven.com\/medias\/2018\/12\/Cigdem-Guven-Dr-Osman-Sacarcelik-15.jpeg|341|512|1006&#8243;},{&#8220;component&#8221;:&#8221;hc_upload_img&#8221;,&#8221;id&#8221;:&#8221;OytGv&#8221;,&#8221;link&#8221;:&#8221;https:\/\/www.cigdemguven.com\/medias\/2018\/12\/Cigdem-Guven-Dr-Osman-Sacarcelik-5.jpeg|341|512|1007&#8243;},{&#8220;component&#8221;:&#8221;hc_upload_img&#8221;,&#8221;id&#8221;:&#8221;sA0Wk&#8221;,&#8221;link&#8221;:&#8221;https:\/\/www.cigdemguven.com\/medias\/2018\/12\/Cigdem-Guven-Dr-Osman-Sacarcelik-1-1024&#215;682.jpeg|1066|1600|1008&#8243;},{&#8220;component&#8221;:&#8221;hc_upload_img&#8221;,&#8221;id&#8221;:&#8221;ruovv&#8221;,&#8221;link&#8221;:&#8221;https:\/\/www.cigdemguven.com\/medias\/2018\/12\/Cigdem-Guven-Dr-Osman-Sacarcelik-14.jpeg|341|512|1009&#8243;},{&#8220;component&#8221;:&#8221;hc_upload_img&#8221;,&#8221;id&#8221;:&#8221;QwZTp&#8221;,&#8221;link&#8221;:&#8221;https:\/\/www.cigdemguven.com\/medias\/2018\/12\/Cigdem-Guven-Dr-Osman-Sacarcelik-6.jpeg|341|512|1010&#8243;},{&#8220;component&#8221;:&#8221;hc_upload_img&#8221;,&#8221;id&#8221;:&#8221;L5MCg&#8221;,&#8221;link&#8221;:&#8221;https:\/\/www.cigdemguven.com\/medias\/2018\/12\/Cigdem-Guven-Dr-Osman-Sacarcelik-2.jpeg|341|512|1011&#8243;},{&#8220;component&#8221;:&#8221;hc_upload_img&#8221;,&#8221;id&#8221;:&#8221;qNMjK&#8221;,&#8221;link&#8221;:&#8221;https:\/\/www.cigdemguven.com\/medias\/2018\/12\/Cigdem-Guven-Dr-Osman-Sacarcelik-3.jpeg|341|512|1012&#8243;},{&#8220;component&#8221;:&#8221;hc_upload_img&#8221;,&#8221;id&#8221;:&#8221;xecm0&#8243;,&#8221;link&#8221;:&#8221;https:\/\/www.cigdemguven.com\/medias\/2018\/12\/Cigdem-Guven-Dr-Osman-Sacarcelik-4.jpeg|341|512|1013&#8243;},{&#8220;component&#8221;:&#8221;hc_upload_img&#8221;,&#8221;id&#8221;:&#8221;1rg2p&#8221;,&#8221;link&#8221;:&#8221;https:\/\/www.cigdemguven.com\/medias\/2018\/12\/Cigdem-Guven-Dr-Osman-Sacarcelik-7.jpeg|341|512|1014&#8243;},{&#8220;component&#8221;:&#8221;hc_upload_img&#8221;,&#8221;id&#8221;:&#8221;32tq7&#8243;,&#8221;link&#8221;:&#8221;https:\/\/www.cigdemguven.com\/medias\/2018\/12\/Cigdem-Guven-Dr-Osman-Sacarcelik-8.jpeg|341|512|1015&#8243;},{&#8220;component&#8221;:&#8221;hc_upload_img&#8221;,&#8221;id&#8221;:&#8221;dmiHg&#8221;,&#8221;link&#8221;:&#8221;https:\/\/www.cigdemguven.com\/medias\/2018\/12\/Cigdem-Guven-Dr-Osman-Sacarcelik-9.jpeg|341|512|1016&#8243;},{&#8220;component&#8221;:&#8221;hc_upload_img&#8221;,&#8221;id&#8221;:&#8221;z7W0u&#8221;,&#8221;link&#8221;:&#8221;https:\/\/www.cigdemguven.com\/medias\/2018\/12\/Cigdem-Guven-Dr-Osman-Sacarcelik-12.jpeg|341|512|1005&#8243;},{&#8220;component&#8221;:&#8221;hc_upload_img&#8221;,&#8221;id&#8221;:&#8221;NFaZ1&#8243;,&#8221;link&#8221;:&#8221;https:\/\/www.cigdemguven.com\/medias\/2018\/12\/Cigdem-Guven-Dr-Osman-Sacarcelik-13.jpeg|341|512|1017&#8243;}],&#8221;icon&#8221;:&#8221;&#8221;,&#8221;thumb_size&#8221;:&#8221;large&#8221;,&#8221;lightbox_size&#8221;:&#8221;full&#8221;,&#8221;lightbox_animation&#8221;:&#8221;&#8221;,&#8221;hover_animation&#8221;:&#8221;&#8221;,&#8221;icon_animation&#8221;:&#8221;&#8221;,&#8221;hide_icon&#8221;:true,&#8221;css&#8221;:&#8221;&#8221;,&#8221;column&#8221;:&#8221;2&#8243;,&#8221;column_lg&#8221;:&#8221;2&#8243;,&#8221;column_md&#8221;:&#8221;2&#8243;,&#8221;column_sm&#8221;:&#8221;1&#8243;,&#8221;column_xs&#8221;:&#8221;1&#8243;,&#8221;margins&#8221;:&#8221;&#8221;,&#8221;pag_type&#8221;:&#8221;&#8221;,&#8221;pag_items&#8221;:&#8221;&#8221;,&#8221;pag_animation&#8221;:&#8221;&#8221;,&#8221;pag_size&#8221;:&#8221;&#8221;,&#8221;pag_position&#8221;:&#8221;&#8221;,&#8221;lm_lazy&#8221;:false,&#8221;lm_button_text&#8221;:&#8221;&#8221;,&#8221;pag_data_options&#8221;:&#8221;&#8221;}]},{&#8220;component&#8221;:&#8221;hc_column&#8221;,&#8221;id&#8221;:&#8221;column_7aIP1&#8243;,&#8221;column_width&#8221;:&#8221;col-md-12&#8243;,&#8221;animation&#8221;:&#8221;&#8221;,&#8221;animation_time&#8221;:&#8221;&#8221;,&#8221;timeline_animation&#8221;:&#8221;&#8221;,&#8221;timeline_delay&#8221;:&#8221;&#8221;,&#8221;timeline_order&#8221;:&#8221;&#8221;,&#8221;css_classes&#8221;:&#8221;&#8221;,&#8221;custom_css_classes&#8221;:&#8221;socialbox&#8221;,&#8221;custom_css_styles&#8221;:&#8221;&#8221;,&#8221;main_content&#8221;:[{&#8220;component&#8221;:&#8221;hc_space&#8221;,&#8221;id&#8221;:&#8221;Hdg76&#8243;,&#8221;css_classes&#8221;:&#8221;&#8221;,&#8221;custom_css_classes&#8221;:&#8221;&#8221;,&#8221;custom_css_styles&#8221;:&#8221;&#8221;,&#8221;size&#8221;:&#8221;space-sm&#8221;,&#8221;height&#8221;:&#8221;&#8221;},{&#8220;component&#8221;:&#8221;hc_text_block&#8221;,&#8221;id&#8221;:&#8221;zmr0F&#8221;,&#8221;css_classes&#8221;:&#8221;&#8221;,&#8221;custom_css_classes&#8221;:&#8221;&#8221;,&#8221;custom_css_styles&#8221;:&#8221;&#8221;,&#8221;content&#8221;:&#8221;Payla\u015f:&#8221;},{&#8220;component&#8221;:&#8221;hc_social_share_buttons&#8221;,&#8221;id&#8221;:&#8221;P7L30&#8243;,&#8221;css_classes&#8221;:&#8221;&#8221;,&#8221;custom_css_classes&#8221;:&#8221;&#8221;,&#8221;custom_css_styles&#8221;:&#8221;&#8221;,&#8221;style&#8221;:&#8221;icon-links-button&#8221;,&#8221;size&#8221;:&#8221;&#8221;,&#8221;alignment&#8221;:&#8221;&#8221;,&#8221;type&#8221;:&#8221;&#8221;,&#8221;social_colors&#8221;:true,&#8221;fb&#8221;:true,&#8221;fb_link&#8221;:&#8221;&#8221;,&#8221;tw&#8221;:true,&#8221;tw_link&#8221;:&#8221;&#8221;,&#8221;pi&#8221;:true,&#8221;pi_link&#8221;:&#8221;&#8221;,&#8221;li&#8221;:true,&#8221;li_link&#8221;:&#8221;&#8221;}]}],&#8221;section_settings&#8221;:&#8221;&#8221;},&#8221;section_dDpN7&#8243;:{&#8220;component&#8221;:&#8221;hc_section&#8221;,&#8221;id&#8221;:&#8221;section_dDpN7&#8243;,&#8221;section_width&#8221;:&#8221;&#8221;,&#8221;animation&#8221;:&#8221;&#8221;,&#8221;animation_time&#8221;:&#8221;&#8221;,&#8221;timeline_animation&#8221;:&#8221;&#8221;,&#8221;timeline_delay&#8221;:&#8221;&#8221;,&#8221;timeline_order&#8221;:&#8221;&#8221;,&#8221;vertical_row&#8221;:&#8221;&#8221;,&#8221;css_classes&#8221;:&#8221;section-color &#8220;,&#8221;custom_css_classes&#8221;:&#8221;&#8221;,&#8221;custom_css_styles&#8221;:&#8221;&#8221;,&#8221;section_content&#8221;:[{&#8220;component&#8221;:&#8221;hc_column&#8221;,&#8221;id&#8221;:&#8221;XLZ44&#8243;,&#8221;column_width&#8221;:&#8221;col-md-12&#8243;,&#8221;animation&#8221;:&#8221;&#8221;,&#8221;animation_time&#8221;:&#8221;&#8221;,&#8221;timeline_animation&#8221;:&#8221;&#8221;,&#8221;timeline_delay&#8221;:&#8221;&#8221;,&#8221;timeline_order&#8221;:&#8221;&#8221;,&#8221;css_classes&#8221;:&#8221;&#8221;,&#8221;custom_css_classes&#8221;:&#8221;&#8221;,&#8221;custom_css_styles&#8221;:&#8221;&#8221;,&#8221;main_content&#8221;:[{&#8220;component&#8221;:&#8221;hc_title_tag&#8221;,&#8221;id&#8221;:&#8221;4AoyD&#8221;,&#8221;css_classes&#8221;:&#8221;&#8221;,&#8221;custom_css_classes&#8221;:&#8221;&#8221;,&#8221;custom_css_styles&#8221;:&#8221;&#8221;,&#8221;text&#8221;:&#8221;Di\u011fer Haberler&#8221;,&#8221;tag&#8221;:&#8221;h2&#8243;},{&#8220;component&#8221;:&#8221;hc_space&#8221;,&#8221;id&#8221;:&#8221;TsAHd&#8221;,&#8221;css_classes&#8221;:&#8221;&#8221;,&#8221;custom_css_classes&#8221;:&#8221;&#8221;,&#8221;custom_css_styles&#8221;:&#8221;&#8221;,&#8221;size&#8221;:&#8221;space&#8221;,&#8221;height&#8221;:&#8221;&#8221;},{&#8220;component&#8221;:&#8221;hc_pt_grid_list&#8221;,&#8221;id&#8221;:&#8221;J9IEW&#8221;,&#8221;css_classes&#8221;:&#8221;&#8221;,&#8221;custom_css_classes&#8221;:&#8221;&#8221;,&#8221;custom_css_styles&#8221;:&#8221;&#8221;,&#8221;post_type_slug&#8221;:&#8221;post&#8221;,&#8221;post_type_category&#8221;:&#8221;haberler&#8221;,&#8221;column&#8221;:&#8221;2&#8243;,&#8221;column_lg&#8221;:&#8221;2&#8243;,&#8221;column_md&#8221;:&#8221;2&#8243;,&#8221;column_sm&#8221;:&#8221;1&#8243;,&#8221;column_xs&#8221;:&#8221;1&#8243;,&#8221;margins&#8221;:&#8221;&#8221;,&#8221;pag_type&#8221;:&#8221;load_more&#8221;,&#8221;pag_items&#8221;:&#8221;2&#8243;,&#8221;pag_size&#8221;:&#8221;&#8221;,&#8221;pag_animation&#8221;:&#8221;fade-top&#8221;,&#8221;pag_scroll_top&#8221;:false,&#8221;pag_position&#8221;:&#8221;align-center&#8221;,&#8221;pag_button_prev&#8221;:&#8221;&#8221;,&#8221;pag_button_next&#8221;:&#8221;&#8221;,&#8221;lm_lazy&#8221;:false,&#8221;lm_button_text&#8221;:&#8221;Daha Fazla&#8221;,&#8221;box&#8221;:&#8221;blog_top&#8221;,&#8221;boxed&#8221;:true,&#8221;extra&#8221;:false,&#8221;content&#8221;:&#8221;&#8221;,&#8221;title_length&#8221;:&#8221;32&#8243;,&#8221;excerpt_length&#8221;:&#8221;75&#8243;,&#8221;title_size&#8221;:&#8221;text-md&#8221;,&#8221;custom_css&#8221;:&#8221;&#8221;,&#8221;button_text&#8221;:&#8221;&#8221;,&#8221;button_style&#8221;:&#8221;square&#8221;,&#8221;button_dimensions&#8221;:&#8221;btn-lg&#8221;,&#8221;button_animation&#8221;:false,&#8221;button_icon&#8221;:&#8221;&#8221;}]}],&#8221;section_settings&#8221;:&#8221;&#8221;},&#8221;scripts&#8221;:{&#8220;lightbox&#8221;:&#8221;magnific-popup.min.js&#8221;,&#8221;pagination&#8221;:&#8221;pagination.min.js&#8221;},&#8221;css&#8221;:{&#8220;lightbox&#8221;:&#8221;css\/magnific-popup.css&#8221;,&#8221;content_box&#8221;:&#8221;css\/content-box.css&#8221;,&#8221;media_box&#8221;:&#8221;css\/media-box.css&#8221;},&#8221;css_page&#8221;:&#8221;&#8221;,&#8221;template_setting&#8221;:{},&#8221;template_setting_top&#8221;:{},&#8221;page_setting&#8221;:{&#8220;settings&#8221;:[&#8220;lock-mode-off&#8221;]},&#8221;post_type_setting&#8221;:{&#8220;settings&#8221;:{&#8220;image&#8221;:&#8221;https:\/\/www.cigdemguven.com\/medias\/2018\/12\/Cigdem-Guven-Dr-Osman-Sacarcelik-12.jpeg|341|512|1005&#8243;,&#8221;excerpt&#8221;:&#8221;\u00c7i\u011fdem G\u00fcven Seminerleri her zaman oldu\u011fu gibi Ekim ay\u0131nda da alan\u0131n\u0131n en ba\u015far\u0131l\u0131 isimlerini konuk etmeye devam etti. Deloitte Almanya\u2019n\u0131n T\u00fcrkiye masas\u0131 lideri, banka ve finans hukuk\u00e7usu Dr Osman Sa\u00e7arcelik kat\u0131l\u0131mc\u0131lara 21. Y\u00fczy\u0131lda ger\u00e7ekle\u015fen h\u0131zl\u0131 ve yo\u011fun dijital transformasyonun finans d\u00fcnyas\u0131, \u015firket politikalar\u0131 ve \u015firketlerin m\u00fc\u015fterileriyle etkile\u015fimi \u00fczerindeki etkilerinden bahsederken; dijital d\u00f6n\u00fc\u015f\u00fcme daha h\u0131zl\u0131 uyum sa\u011flayan firmalar\u0131n yenilenen i\u015f d\u00fcnyas\u0131nda kendilerine daha sa\u011flam yer bulaca\u011f\u0131n\u0131 vurgulad\u0131.&#8221;,&#8221;extra_1&#8243;:&#8221;Seminer&#8221;,&#8221;extra_2&#8243;:&#8221;&#8221;,&#8221;icon&#8221;:{&#8220;icon&#8221;:&#8221;&#8221;,&#8221;icon_style&#8221;:&#8221;&#8221;,&#8221;icon_image&#8221;:&#8221;&#8221;}}}}<\/p>\n","protected":false},"excerpt":{"rendered":"<p>\u00c7i\u011fdem G\u00fcven Seminerleri her zaman oldu\u011fu gibi Ekim ay\u0131nda da alan\u0131n\u0131n en ba\u015far\u0131l\u0131 isimlerini konuk etmeye devam etti. Deloitte Almanya\u2019n\u0131n T\u00fcrkiye masas\u0131 lideri, banka ve finans hukuk\u00e7usu Dr Osman Sa\u00e7arcelik kat\u0131l\u0131mc\u0131lara 21. Y\u00fczy\u0131lda ger\u00e7ekle\u015fen h\u0131zl\u0131 ve yo\u011fun dijital transformasyonun finans d\u00fcnyas\u0131, \u015firket politikalar\u0131 ve \u015firketlerin m\u00fc\u015fterileriyle etkile\u015fimi \u00fczerindeki etkilerinden bahsederken; dijital d\u00f6n\u00fc\u015f\u00fcme daha h\u0131zl\u0131 uyum sa\u011flayan firmalar\u0131n yenilenen i\u015f d\u00fcnyas\u0131nda kendilerine daha sa\u011flam yer bulaca\u011f\u0131n\u0131 vurgulad\u0131.<\/p>\n","protected":false},"author":1,"featured_media":0,"comment_status":"closed","ping_status":"open","sticky":false,"template":"","format":"standard","meta":{"footnotes":""},"categories":[20,21],"tags":[],"class_list":["post-1377","post","type-post","status-publish","format-standard","hentry","category-haberler","category-seminerler"],"yoast_head":"\n<title>Dr. Osman Sa\u00e7ar\u00e7elik\u2019le K\u00fcresel Ekonomide Dijital Finans\u0131n Gelece\u011fi | \u00c7i\u011fdem G\u00fcven Management Consulting &amp; Coaching &amp; Mentoring Services<\/title>\n<meta name=\"robots\" content=\"index, follow, max-snippet:-1, max-image-preview:large, max-video-preview:-1\" \/>\n<link rel=\"canonical\" href=\"https:\/\/www.cigdemguven.com\/tr\/haberler\/dr-osman-sacarcelikle-kuresel-ekonomide-dijital-finansin-gelecegi\/\" \/>\n<meta property=\"og:locale\" content=\"tr_TR\" \/>\n<meta property=\"og:type\" content=\"article\" \/>\n<meta property=\"og:title\" content=\"Dr. Osman Sa\u00e7ar\u00e7elik\u2019le K\u00fcresel Ekonomide Dijital Finans\u0131n Gelece\u011fi | \u00c7i\u011fdem G\u00fcven Management Consulting &amp; Coaching &amp; Mentoring Services\" \/>\n<meta property=\"og:description\" content=\"\u00c7i\u011fdem G\u00fcven Seminerleri her zaman oldu\u011fu gibi Ekim ay\u0131nda da alan\u0131n\u0131n en ba\u015far\u0131l\u0131 isimlerini konuk etmeye devam etti. Deloitte Almanya\u2019n\u0131n T\u00fcrkiye masas\u0131 lideri, banka ve finans hukuk\u00e7usu Dr Osman Sa\u00e7arcelik kat\u0131l\u0131mc\u0131lara 21. Y\u00fczy\u0131lda ger\u00e7ekle\u015fen h\u0131zl\u0131 ve yo\u011fun dijital transformasyonun finans d\u00fcnyas\u0131, \u015firket politikalar\u0131 ve \u015firketlerin m\u00fc\u015fterileriyle etkile\u015fimi \u00fczerindeki etkilerinden bahsederken; dijital d\u00f6n\u00fc\u015f\u00fcme daha h\u0131zl\u0131 uyum sa\u011flayan firmalar\u0131n yenilenen i\u015f d\u00fcnyas\u0131nda kendilerine daha sa\u011flam yer bulaca\u011f\u0131n\u0131 vurgulad\u0131.\" \/>\n<meta property=\"og:url\" content=\"https:\/\/www.cigdemguven.com\/tr\/haberler\/dr-osman-sacarcelikle-kuresel-ekonomide-dijital-finansin-gelecegi\/\" \/>\n<meta property=\"og:site_name\" content=\"\u00c7i\u011fdem G\u00fcven Management Consulting &amp; Coaching &amp; Mentoring Services\" \/>\n<meta property=\"article:publisher\" content=\"https:\/\/www.facebook.com\/cigdemguvendanisman\" \/>\n<meta property=\"article:published_time\" content=\"2018-10-09T07:28:10+00:00\" \/>\n<meta property=\"article:modified_time\" content=\"2022-03-18T22:53:16+00:00\" \/>\n<meta property=\"og:image\" content=\"https:\/\/www.cigdemguven.com\/medias\/2022\/01\/cigdemguvenphoto.jpg\" \/>\n\t<meta property=\"og:image:width\" content=\"777\" \/>\n\t<meta property=\"og:image:height\" content=\"823\" \/>\n\t<meta property=\"og:image:type\" content=\"image\/jpeg\" \/>\n<meta name=\"author\" content=\"\u00c7i\u011fdem G\u00fcven\" \/>\n<meta name=\"twitter:card\" content=\"summary_large_image\" \/>\n<meta name=\"twitter:creator\" content=\"@cigdemguvencom\" \/>\n<meta name=\"twitter:site\" content=\"@cigdemguvencom\" \/>\n<meta name=\"twitter:label1\" content=\"Yazan:\" \/>\n\t<meta name=\"twitter:data1\" content=\"\u00c7i\u011fdem G\u00fcven\" \/>\n\t<meta name=\"twitter:label2\" content=\"Tahmini okuma s\u00fcresi\" \/>\n\t<meta name=\"twitter:data2\" content=\"7 dakika\" \/>\n<script type=\"application\/ld+json\" class=\"yoast-schema-graph\">{\"@context\":\"https:\/\/schema.org\",\"@graph\":[{\"@type\":\"Article\",\"@id\":\"https:\/\/www.cigdemguven.com\/tr\/haberler\/dr-osman-sacarcelikle-kuresel-ekonomide-dijital-finansin-gelecegi\/#article\",\"isPartOf\":{\"@id\":\"https:\/\/www.cigdemguven.com\/tr\/haberler\/dr-osman-sacarcelikle-kuresel-ekonomide-dijital-finansin-gelecegi\/\"},\"author\":{\"name\":\"\u00c7i\u011fdem G\u00fcven\",\"@id\":\"https:\/\/www.cigdemguven.com\/tr\/#\/schema\/person\/abd506d3b37ae4dd04e7393ca6ac5921\"},\"headline\":\"Dr. Osman Sa\u00e7ar\u00e7elik\u2019le K\u00fcresel Ekonomide Dijital Finans\u0131n Gelece\u011fi\",\"datePublished\":\"2018-10-09T07:28:10+00:00\",\"dateModified\":\"2022-03-18T22:53:16+00:00\",\"mainEntityOfPage\":{\"@id\":\"https:\/\/www.cigdemguven.com\/tr\/haberler\/dr-osman-sacarcelikle-kuresel-ekonomide-dijital-finansin-gelecegi\/\"},\"wordCount\":1354,\"publisher\":{\"@id\":\"https:\/\/www.cigdemguven.com\/tr\/#organization\"},\"articleSection\":[\"Haberler\",\"Seminerler\"],\"inLanguage\":\"tr\"},{\"@type\":\"WebPage\",\"@id\":\"https:\/\/www.cigdemguven.com\/tr\/haberler\/dr-osman-sacarcelikle-kuresel-ekonomide-dijital-finansin-gelecegi\/\",\"url\":\"https:\/\/www.cigdemguven.com\/tr\/haberler\/dr-osman-sacarcelikle-kuresel-ekonomide-dijital-finansin-gelecegi\/\",\"name\":\"Dr. Osman Sa\u00e7ar\u00e7elik\u2019le K\u00fcresel Ekonomide Dijital Finans\u0131n Gelece\u011fi | \u00c7i\u011fdem G\u00fcven Management Consulting &amp; Coaching &amp; Mentoring Services\",\"isPartOf\":{\"@id\":\"https:\/\/www.cigdemguven.com\/tr\/#website\"},\"datePublished\":\"2018-10-09T07:28:10+00:00\",\"dateModified\":\"2022-03-18T22:53:16+00:00\",\"breadcrumb\":{\"@id\":\"https:\/\/www.cigdemguven.com\/tr\/haberler\/dr-osman-sacarcelikle-kuresel-ekonomide-dijital-finansin-gelecegi\/#breadcrumb\"},\"inLanguage\":\"tr\",\"potentialAction\":[{\"@type\":\"ReadAction\",\"target\":[\"https:\/\/www.cigdemguven.com\/tr\/haberler\/dr-osman-sacarcelikle-kuresel-ekonomide-dijital-finansin-gelecegi\/\"]}]},{\"@type\":\"BreadcrumbList\",\"@id\":\"https:\/\/www.cigdemguven.com\/tr\/haberler\/dr-osman-sacarcelikle-kuresel-ekonomide-dijital-finansin-gelecegi\/#breadcrumb\",\"itemListElement\":[{\"@type\":\"ListItem\",\"position\":1,\"name\":\"Home\",\"item\":\"https:\/\/www.cigdemguven.com\/tr\/\"},{\"@type\":\"ListItem\",\"position\":2,\"name\":\"Dr. Osman Sa\u00e7ar\u00e7elik\u2019le K\u00fcresel Ekonomide Dijital Finans\u0131n Gelece\u011fi\"}]},{\"@type\":\"WebSite\",\"@id\":\"https:\/\/www.cigdemguven.com\/tr\/#website\",\"url\":\"https:\/\/www.cigdemguven.com\/tr\/\",\"name\":\"\u00c7i\u011fdem G\u00fcven Management Consulting &amp; Coaching &amp; Mentoring Services\",\"description\":\"Management Consulting &amp; Coaching &amp; Mentoring Services\",\"publisher\":{\"@id\":\"https:\/\/www.cigdemguven.com\/tr\/#organization\"},\"potentialAction\":[{\"@type\":\"SearchAction\",\"target\":{\"@type\":\"EntryPoint\",\"urlTemplate\":\"https:\/\/www.cigdemguven.com\/tr\/?s={search_term_string}\"},\"query-input\":\"required name=search_term_string\"}],\"inLanguage\":\"tr\"},{\"@type\":\"Organization\",\"@id\":\"https:\/\/www.cigdemguven.com\/tr\/#organization\",\"name\":\"\u00c7i\u011fdem G\u00fcven Management Consulting & Coaching & Mentoring Services\",\"url\":\"https:\/\/www.cigdemguven.com\/tr\/\",\"logo\":{\"@type\":\"ImageObject\",\"inLanguage\":\"tr\",\"@id\":\"https:\/\/www.cigdemguven.com\/tr\/#\/schema\/logo\/image\/\",\"url\":\"https:\/\/www.cigdemguven.com\/medias\/2021\/12\/cigdem-guven-logo.svg\",\"contentUrl\":\"https:\/\/www.cigdemguven.com\/medias\/2021\/12\/cigdem-guven-logo.svg\",\"width\":1,\"height\":1,\"caption\":\"\u00c7i\u011fdem G\u00fcven Management Consulting & Coaching & Mentoring Services\"},\"image\":{\"@id\":\"https:\/\/www.cigdemguven.com\/tr\/#\/schema\/logo\/image\/\"},\"sameAs\":[\"https:\/\/www.facebook.com\/cigdemguvendanisman\",\"https:\/\/twitter.com\/cigdemguvencom\",\"https:\/\/www.instagram.com\/cigdemguvendanismanlik\/\",\"https:\/\/www.linkedin.com\/in\/cigdemguvendanismanlik\/\"]},{\"@type\":\"Person\",\"@id\":\"https:\/\/www.cigdemguven.com\/tr\/#\/schema\/person\/abd506d3b37ae4dd04e7393ca6ac5921\",\"name\":\"\u00c7i\u011fdem G\u00fcven\",\"sameAs\":[\"https:\/\/www.cigdemguven.com\"],\"url\":\"https:\/\/www.cigdemguven.com\/tr\/author\/cigdemguven\/\"}]}<\/script>\n","yoast_head_json":{"title":"Dr. Osman Sa\u00e7ar\u00e7elik\u2019le K\u00fcresel Ekonomide Dijital Finans\u0131n Gelece\u011fi | \u00c7i\u011fdem G\u00fcven Management Consulting &amp; Coaching &amp; Mentoring Services","robots":{"index":"index","follow":"follow","max-snippet":"max-snippet:-1","max-image-preview":"max-image-preview:large","max-video-preview":"max-video-preview:-1"},"canonical":"https:\/\/www.cigdemguven.com\/tr\/haberler\/dr-osman-sacarcelikle-kuresel-ekonomide-dijital-finansin-gelecegi\/","og_locale":"tr_TR","og_type":"article","og_title":"Dr. Osman Sa\u00e7ar\u00e7elik\u2019le K\u00fcresel Ekonomide Dijital Finans\u0131n Gelece\u011fi | \u00c7i\u011fdem G\u00fcven Management Consulting &amp; Coaching &amp; Mentoring Services","og_description":"\u00c7i\u011fdem G\u00fcven Seminerleri her zaman oldu\u011fu gibi Ekim ay\u0131nda da alan\u0131n\u0131n en ba\u015far\u0131l\u0131 isimlerini konuk etmeye devam etti. Deloitte Almanya\u2019n\u0131n T\u00fcrkiye masas\u0131 lideri, banka ve finans hukuk\u00e7usu Dr Osman Sa\u00e7arcelik kat\u0131l\u0131mc\u0131lara 21. Y\u00fczy\u0131lda ger\u00e7ekle\u015fen h\u0131zl\u0131 ve yo\u011fun dijital transformasyonun finans d\u00fcnyas\u0131, \u015firket politikalar\u0131 ve \u015firketlerin m\u00fc\u015fterileriyle etkile\u015fimi \u00fczerindeki etkilerinden bahsederken; dijital d\u00f6n\u00fc\u015f\u00fcme daha h\u0131zl\u0131 uyum sa\u011flayan firmalar\u0131n yenilenen i\u015f d\u00fcnyas\u0131nda kendilerine daha sa\u011flam yer bulaca\u011f\u0131n\u0131 vurgulad\u0131.","og_url":"https:\/\/www.cigdemguven.com\/tr\/haberler\/dr-osman-sacarcelikle-kuresel-ekonomide-dijital-finansin-gelecegi\/","og_site_name":"\u00c7i\u011fdem G\u00fcven Management Consulting &amp; Coaching &amp; Mentoring Services","article_publisher":"https:\/\/www.facebook.com\/cigdemguvendanisman","article_published_time":"2018-10-09T07:28:10+00:00","article_modified_time":"2022-03-18T22:53:16+00:00","og_image":[{"width":777,"height":823,"url":"https:\/\/www.cigdemguven.com\/medias\/2022\/01\/cigdemguvenphoto.jpg","type":"image\/jpeg"}],"author":"\u00c7i\u011fdem G\u00fcven","twitter_card":"summary_large_image","twitter_creator":"@cigdemguvencom","twitter_site":"@cigdemguvencom","twitter_misc":{"Yazan:":"\u00c7i\u011fdem G\u00fcven","Tahmini okuma s\u00fcresi":"7 dakika"},"schema":{"@context":"https:\/\/schema.org","@graph":[{"@type":"Article","@id":"https:\/\/www.cigdemguven.com\/tr\/haberler\/dr-osman-sacarcelikle-kuresel-ekonomide-dijital-finansin-gelecegi\/#article","isPartOf":{"@id":"https:\/\/www.cigdemguven.com\/tr\/haberler\/dr-osman-sacarcelikle-kuresel-ekonomide-dijital-finansin-gelecegi\/"},"author":{"name":"\u00c7i\u011fdem G\u00fcven","@id":"https:\/\/www.cigdemguven.com\/tr\/#\/schema\/person\/abd506d3b37ae4dd04e7393ca6ac5921"},"headline":"Dr. Osman Sa\u00e7ar\u00e7elik\u2019le K\u00fcresel Ekonomide Dijital Finans\u0131n Gelece\u011fi","datePublished":"2018-10-09T07:28:10+00:00","dateModified":"2022-03-18T22:53:16+00:00","mainEntityOfPage":{"@id":"https:\/\/www.cigdemguven.com\/tr\/haberler\/dr-osman-sacarcelikle-kuresel-ekonomide-dijital-finansin-gelecegi\/"},"wordCount":1354,"publisher":{"@id":"https:\/\/www.cigdemguven.com\/tr\/#organization"},"articleSection":["Haberler","Seminerler"],"inLanguage":"tr"},{"@type":"WebPage","@id":"https:\/\/www.cigdemguven.com\/tr\/haberler\/dr-osman-sacarcelikle-kuresel-ekonomide-dijital-finansin-gelecegi\/","url":"https:\/\/www.cigdemguven.com\/tr\/haberler\/dr-osman-sacarcelikle-kuresel-ekonomide-dijital-finansin-gelecegi\/","name":"Dr. Osman Sa\u00e7ar\u00e7elik\u2019le K\u00fcresel Ekonomide Dijital Finans\u0131n Gelece\u011fi | \u00c7i\u011fdem G\u00fcven Management Consulting &amp; Coaching &amp; Mentoring Services","isPartOf":{"@id":"https:\/\/www.cigdemguven.com\/tr\/#website"},"datePublished":"2018-10-09T07:28:10+00:00","dateModified":"2022-03-18T22:53:16+00:00","breadcrumb":{"@id":"https:\/\/www.cigdemguven.com\/tr\/haberler\/dr-osman-sacarcelikle-kuresel-ekonomide-dijital-finansin-gelecegi\/#breadcrumb"},"inLanguage":"tr","potentialAction":[{"@type":"ReadAction","target":["https:\/\/www.cigdemguven.com\/tr\/haberler\/dr-osman-sacarcelikle-kuresel-ekonomide-dijital-finansin-gelecegi\/"]}]},{"@type":"BreadcrumbList","@id":"https:\/\/www.cigdemguven.com\/tr\/haberler\/dr-osman-sacarcelikle-kuresel-ekonomide-dijital-finansin-gelecegi\/#breadcrumb","itemListElement":[{"@type":"ListItem","position":1,"name":"Home","item":"https:\/\/www.cigdemguven.com\/tr\/"},{"@type":"ListItem","position":2,"name":"Dr. Osman Sa\u00e7ar\u00e7elik\u2019le K\u00fcresel Ekonomide Dijital Finans\u0131n Gelece\u011fi"}]},{"@type":"WebSite","@id":"https:\/\/www.cigdemguven.com\/tr\/#website","url":"https:\/\/www.cigdemguven.com\/tr\/","name":"\u00c7i\u011fdem G\u00fcven Management Consulting &amp; Coaching &amp; Mentoring Services","description":"Management Consulting &amp; Coaching &amp; Mentoring Services","publisher":{"@id":"https:\/\/www.cigdemguven.com\/tr\/#organization"},"potentialAction":[{"@type":"SearchAction","target":{"@type":"EntryPoint","urlTemplate":"https:\/\/www.cigdemguven.com\/tr\/?s={search_term_string}"},"query-input":"required name=search_term_string"}],"inLanguage":"tr"},{"@type":"Organization","@id":"https:\/\/www.cigdemguven.com\/tr\/#organization","name":"\u00c7i\u011fdem G\u00fcven Management Consulting & Coaching & Mentoring Services","url":"https:\/\/www.cigdemguven.com\/tr\/","logo":{"@type":"ImageObject","inLanguage":"tr","@id":"https:\/\/www.cigdemguven.com\/tr\/#\/schema\/logo\/image\/","url":"https:\/\/www.cigdemguven.com\/medias\/2021\/12\/cigdem-guven-logo.svg","contentUrl":"https:\/\/www.cigdemguven.com\/medias\/2021\/12\/cigdem-guven-logo.svg","width":1,"height":1,"caption":"\u00c7i\u011fdem G\u00fcven Management Consulting & Coaching & Mentoring Services"},"image":{"@id":"https:\/\/www.cigdemguven.com\/tr\/#\/schema\/logo\/image\/"},"sameAs":["https:\/\/www.facebook.com\/cigdemguvendanisman","https:\/\/twitter.com\/cigdemguvencom","https:\/\/www.instagram.com\/cigdemguvendanismanlik\/","https:\/\/www.linkedin.com\/in\/cigdemguvendanismanlik\/"]},{"@type":"Person","@id":"https:\/\/www.cigdemguven.com\/tr\/#\/schema\/person\/abd506d3b37ae4dd04e7393ca6ac5921","name":"\u00c7i\u011fdem G\u00fcven","sameAs":["https:\/\/www.cigdemguven.com"],"url":"https:\/\/www.cigdemguven.com\/tr\/author\/cigdemguven\/"}]}},"_links":{"self":[{"href":"https:\/\/www.cigdemguven.com\/tr\/wp-json\/wp\/v2\/posts\/1377","targetHints":{"allow":["GET"]}}],"collection":[{"href":"https:\/\/www.cigdemguven.com\/tr\/wp-json\/wp\/v2\/posts"}],"about":[{"href":"https:\/\/www.cigdemguven.com\/tr\/wp-json\/wp\/v2\/types\/post"}],"author":[{"embeddable":true,"href":"https:\/\/www.cigdemguven.com\/tr\/wp-json\/wp\/v2\/users\/1"}],"replies":[{"embeddable":true,"href":"https:\/\/www.cigdemguven.com\/tr\/wp-json\/wp\/v2\/comments?post=1377"}],"version-history":[{"count":2,"href":"https:\/\/www.cigdemguven.com\/tr\/wp-json\/wp\/v2\/posts\/1377\/revisions"}],"predecessor-version":[{"id":1379,"href":"https:\/\/www.cigdemguven.com\/tr\/wp-json\/wp\/v2\/posts\/1377\/revisions\/1379"}],"wp:attachment":[{"href":"https:\/\/www.cigdemguven.com\/tr\/wp-json\/wp\/v2\/media?parent=1377"}],"wp:term":[{"taxonomy":"category","embeddable":true,"href":"https:\/\/www.cigdemguven.com\/tr\/wp-json\/wp\/v2\/categories?post=1377"},{"taxonomy":"post_tag","embeddable":true,"href":"https:\/\/www.cigdemguven.com\/tr\/wp-json\/wp\/v2\/tags?post=1377"}],"curies":[{"name":"wp","href":"https:\/\/api.w.org\/{rel}","templated":true}]}}