{"id":4008,"date":"2026-01-15T10:43:56","date_gmt":"2026-01-15T07:43:56","guid":{"rendered":"https:\/\/www.cigdemguven.com\/unkategorisiert\/turkiye-otomotiv-sektoru-hacimden-degere-gecisin-esiginde-2025-2030\/"},"modified":"2026-01-24T01:52:08","modified_gmt":"2026-01-23T22:52:08","slug":"die-automobilindustrie-der-tuerkei-an-der-schwelle-vom-volumen-zum-wertwachstum","status":"publish","type":"post","link":"https:\/\/www.cigdemguven.com\/de\/bloggen\/die-automobilindustrie-der-tuerkei-an-der-schwelle-vom-volumen-zum-wertwachstum\/","title":{"rendered":"Die Automobilindustrie der T\u00fcrkei: An der Schwelle vom Volumen- zum Wertwachstum (2025\u20132030)"},"content":{"rendered":"<p>{&#8220;main-title&#8221;:{&#8220;component&#8221;:&#8221;hc_title&#8221;,&#8221;id&#8221;:&#8221;main-title&#8221;,&#8221;title&#8221;:&#8221;&#8221;,&#8221;subtitle&#8221;:&#8221;&#8221;,&#8221;title_content&#8221;:{&#8220;component&#8221;:&#8221;hc_title_empty&#8221;,&#8221;id&#8221;:&#8221;title-empty&#8221;}},&#8221;section_QvNqz&#8221;:{&#8220;component&#8221;:&#8221;hc_section&#8221;,&#8221;id&#8221;:&#8221;section_QvNqz&#8221;,&#8221;section_width&#8221;:&#8221;&#8221;,&#8221;animation&#8221;:&#8221;&#8221;,&#8221;animation_time&#8221;:&#8221;&#8221;,&#8221;timeline_animation&#8221;:&#8221;&#8221;,&#8221;timeline_delay&#8221;:&#8221;&#8221;,&#8221;timeline_order&#8221;:&#8221;&#8221;,&#8221;vertical_row&#8221;:&#8221;&#8221;,&#8221;css_classes&#8221;:&#8221;section-color no-padding-bottom no-padding-top &#8220;,&#8221;custom_css_classes&#8221;:&#8221;containerblog&#8221;,&#8221;custom_css_styles&#8221;:&#8221;&#8221;,&#8221;section_content&#8221;:[{&#8220;component&#8221;:&#8221;hc_column&#8221;,&#8221;id&#8221;:&#8221;P1FCZ&#8221;,&#8221;column_width&#8221;:&#8221;col-md-12&#8243;,&#8221;animation&#8221;:&#8221;&#8221;,&#8221;animation_time&#8221;:&#8221;&#8221;,&#8221;timeline_animation&#8221;:&#8221;&#8221;,&#8221;timeline_delay&#8221;:&#8221;&#8221;,&#8221;timeline_order&#8221;:&#8221;&#8221;,&#8221;css_classes&#8221;:&#8221;boxed-area align-items-center &#8220;,&#8221;custom_css_classes&#8221;:&#8221;&#8221;,&#8221;custom_css_styles&#8221;:&#8221;&#8221;,&#8221;main_content&#8221;:[{&#8220;component&#8221;:&#8221;hc_title_tag&#8221;,&#8221;id&#8221;:&#8221;5ZtkF&#8221;,&#8221;css_classes&#8221;:&#8221;&#8221;,&#8221;custom_css_classes&#8221;:&#8221;&#8221;,&#8221;custom_css_styles&#8221;:&#8221;&#8221;,&#8221;text&#8221;:&#8221;Die Automobilindustrie der T\u00fcrkei: An der Schwelle vom Volumen- zum Wertwachstum (2025\u20132030)&#8221;,&#8221;tag&#8221;:&#8221;h1&#8243;},{&#8220;component&#8221;:&#8221;hc_image_box&#8221;,&#8221;id&#8221;:&#8221;P92Nk&#8221;,&#8221;css_classes&#8221;:&#8221;&#8221;,&#8221;custom_css_classes&#8221;:&#8221;&#8221;,&#8221;custom_css_styles&#8221;:&#8221;&#8221;,&#8221;image&#8221;:&#8221;https:\/\/www.cigdemguven.com\/medias\/2026\/01\/cigdem-guven-turkiye-otomativ-sektoru.jpg|712|1024|4005&#8243;,&#8221;link_type&#8221;:&#8221;lightbox&#8221;,&#8221;lightbox_animation&#8221;:&#8221;&#8221;,&#8221;caption&#8221;:&#8221;Die Automobilindustrie der T\u00fcrkei: An der Schwelle vom Volumen- zum Wertwachstum (2025\u20132030)&#8221;,&#8221;inner_caption&#8221;:false,&#8221;new_window&#8221;:false,&#8221;link&#8221;:&#8221;https:\/\/www.cigdemguven.com\/medias\/2026\/01\/cigdem-guven-turkiye-otomativ-sektoru.jpg&#8221;,&#8221;link_content&#8221;:[],&#8221;lightbox_size&#8221;:&#8221;&#8221;,&#8221;scrollbox&#8221;:false,&#8221;icon&#8221;:&#8221;&#8221;,&#8221;image_animation&#8221;:&#8221;&#8221;,&#8221;icon_animation&#8221;:&#8221;&#8221;,&#8221;thumb_size&#8221;:&#8221;full&#8221;,&#8221;icon_hidden&#8221;:true,&#8221;caption_img_box&#8221;:&#8221;&#8221;,&#8221;alt&#8221;:&#8221;&#8221;}]}],&#8221;section_settings&#8221;:&#8221;&#8221;},&#8221;section_aSGAU&#8221;:{&#8220;component&#8221;:&#8221;hc_section&#8221;,&#8221;id&#8221;:&#8221;section_aSGAU&#8221;,&#8221;section_width&#8221;:&#8221;&#8221;,&#8221;animation&#8221;:&#8221;&#8221;,&#8221;animation_time&#8221;:&#8221;&#8221;,&#8221;timeline_animation&#8221;:&#8221;&#8221;,&#8221;timeline_delay&#8221;:&#8221;&#8221;,&#8221;timeline_order&#8221;:&#8221;&#8221;,&#8221;vertical_row&#8221;:&#8221;&#8221;,&#8221;css_classes&#8221;:&#8221;no-padding-bottom no-padding-top &#8220;,&#8221;custom_css_classes&#8221;:&#8221;blogtext&#8221;,&#8221;custom_css_styles&#8221;:&#8221;&#8221;,&#8221;section_content&#8221;:[{&#8220;component&#8221;:&#8221;hc_column&#8221;,&#8221;id&#8221;:&#8221;column_0qrhK&#8221;,&#8221;column_width&#8221;:&#8221;col-md-12&#8243;,&#8221;animation&#8221;:&#8221;&#8221;,&#8221;animation_time&#8221;:&#8221;&#8221;,&#8221;timeline_animation&#8221;:&#8221;&#8221;,&#8221;timeline_delay&#8221;:&#8221;&#8221;,&#8221;timeline_order&#8221;:&#8221;&#8221;,&#8221;css_classes&#8221;:&#8221;&#8221;,&#8221;custom_css_classes&#8221;:&#8221;&#8221;,&#8221;custom_css_styles&#8221;:&#8221;&#8221;,&#8221;main_content&#8221;:[{&#8220;component&#8221;:&#8221;hc_wp_editor&#8221;,&#8221;id&#8221;:&#8221;gE6EW&#8221;,&#8221;css_classes&#8221;:&#8221;&#8221;,&#8221;custom_css_classes&#8221;:&#8221;&#8221;,&#8221;custom_css_styles&#8221;:&#8221;&#8221;,&#8221;editor_content&#8221;:&#8221;Die t\u00fcrkische Automobilindustrie hat es geschafft, ihr Produktionsvolumen bis 2025 zu stabilisieren \u2013 getragen von einer starken Inlandsnachfrage und einer eng in Europa integrierten Exportstruktur. Gleichzeitig bleibt der Sektor jedoch ein \u00e4u\u00dferst sensibles&nbsp;<strong>Gleichgewichtssegmen<wbr>t<\/strong>, das stark von Wechselkursen, Zinsen, steuerlichen Rahmenbedingungen und Klimapolitiken beeinflusst wird. Mit rund&nbsp;<strong>37 Mrd. USD Exporten<\/strong>&nbsp;und&nbsp;<strong>32 Mrd. USD Importen<\/strong>&nbsp;spielt die Automobilindustrie weiterhin eine strategische Rolle f\u00fcr die industrielle Basis und den Au\u00dfenhandel der T\u00fcrkei.\\n\\nDie Zukunft des Sektors wird jedoch nicht mehr allein davon bestimmt,&nbsp;<em>wie viele Fahrzeuge verkauft werden<\/em>, sondern davon,&nbsp;<strong>welche Technologien eingesetzt werden, wie viel Wertsch\u00f6pfung entsteht und wie niedrig der CO\u2082-Fu\u00dfabdruck der Produktion ist<\/strong>.\\n\\nDie globalen Machtverh\u00e4ltnisse in der Automobilindustrie ver\u00e4ndern sich rasant. Die Gewinner der 2020er-Jahre sind nicht mehr nur Fahrzeughersteller, sondern jene Akteure, die&nbsp;<strong>Batterien, Software und Lieferketten kontrollieren<\/strong>. Infolgedessen gewinnen chinesische Hersteller schnell an Bedeutung, w\u00e4hrend traditionelle Automobilnationen wie Deutschland und Japan unter erheblichem Transformationsdruck stehen.\\n\\nChina hat sich zum weltweiten Marktf\u00fchrer in der Produktion von Elektrofahrzeugen entwickelt und ein nahezu vollst\u00e4ndig inl\u00e4ndisches \u00d6kosystem f\u00fcr Batterien, Software und Komponenten aufgebaut.\\nDeutschland profitiert weiterhin von seiner Premium-Ingenieurskunst und starken Marken, steht jedoch im Wettlauf mit der Zeit bei Elektrifizierung und softwaredefinierten Fahrzeugen.\\nJapan verfolgt dank seiner F\u00fchrungsrolle bei Hybridtechnologien einen langsameren, aber stabilen \u00dcbergangspfad.\\nS\u00fcdkorea hebt sich als eines der L\u00e4nder hervor, dem mit der Hyundai-Kia-Gruppe eine besonders ausgewogene Transformation gelungen ist.\\n\\nDieses globale Bild zeigt deutlich: Erfolg in der Automobilindustrie ist l\u00e4ngst nicht mehr nur eine Frage technischer Exzellenz, sondern zunehmend eine von&nbsp;<strong>Industriepolitik, Skalierung und Geschwindigkeit<\/strong>.\\n\\nAuf der Produktionsseite verf\u00fcgt die T\u00fcrkei insbesondere bei&nbsp;<strong>Nutzfahrzeugen und in der Automobilzulieferindustrie<\/strong>\u00fcber klare Wettbewerbsvorteile. Die Mehrmarken-<wbr>Produktionsstruktur, flexible Fertigungskapazit\u00e4ten und ein qualifiziertes Zuliefernetzwerk z\u00e4hlen zu den zentralen St\u00e4rken. Zudem sorgt der alternde Fahrzeugbestand f\u00fcr eine mittelfristig stabile Inlandsnachfrage.\\n\\nDem stehen jedoch ebenso klare strukturelle Schw\u00e4chen gegen\u00fcber:\\n<\/p>\n<ul>\\n \\t<\/p>\n<li>Hohe Abh\u00e4ngigkeit von Importen und Fremdw\u00e4hrungen<\/li>\n<p>\\n \\t<\/p>\n<li>Geringe Wertsch\u00f6pfungstiefe<\/li>\n<p>\\n \\t<\/p>\n<li>Ein Steuersystem, das Nachfrage und Planung verzerrt<\/li>\n<p>\\n \\t<\/p>\n<li>Das Risiko, im \u00d6kosystem der Elektromobilit\u00e4t (Batterie, Software, Leistungselektronik) zur\u00fcckzufallen<\/li>\n<p>\\n \\t<\/p>\n<li>Hohe Zinsen, die sowohl Konsum als auch Investitionen begrenzen<\/li>\n<p>\\n<\/ul>\n<p>\\nVor diesem Hintergrund ist die St\u00e4rke des Binnenmarktes nicht als dauerhafte Absicherung zu verstehen, sondern eher als&nbsp;<strong>tempor\u00e4rer Puffer<\/strong>.\\n\\nIn Europa n\u00e4hert sich der kombinierte Anteil von Elektro- und Hybridfahrzeugen der Marke von 60 %, w\u00e4hrend reine Elektrofahrzeuge etwa 18 % ausmachen. Dies verdeutlicht, dass&nbsp;<strong>vollelektrische, hybride und verbrennungsmotorische Fahrzeuge \u00fcber einen l\u00e4ngeren Zeitraum nebeneinander bestehen werden<\/strong>.\\n\\nF\u00fcr die T\u00fcrkei ist dabei ein Punkt entscheidend:\\nElektrifizierung ist nicht ausschlie\u00dflich ein Thema f\u00fcr Pkw.&nbsp;<strong>Die Elektrifizierung von Nutzfahrzeugen<\/strong>&nbsp;\u2013 etwa im urbanen Verteilerverkehr, im Flottenmanagement und bei kommunalen Fahrzeugen \u2013 stellt ein nat\u00fcrliches Chancenfeld dar. Gleichzeitig werden Infrastrukturverf\u00fcgbarkeit, Finanzierungsm\u00f6glichkeiten und Netzkapazit\u00e4ten das Tempo dieser Transformation ma\u00dfgeblich bestimmen.\\n\\nIm Vergleich zu Europa nimmt die Automobilindustrie in der T\u00fcrkei eine deutlich zentralere Rolle ein. Der Hauptgrund liegt in der starken Abh\u00e4ngigkeit vom&nbsp;<strong>stra\u00dfenbasierten G\u00fcterverkehr<\/strong>.\\n\\nDer Stra\u00dfentransport bietet Geschwindigkeit und Flexibilit\u00e4t und erm\u00f6glicht eine T\u00fcr-zu-T\u00fcr-Abwicklung von der Produktion bis zum Endkunden. Diese Struktur erh\u00f6ht jedoch zugleich die Anf\u00e4lligkeit der Wirtschaft gegen\u00fcber Kraftstoffpreisen, Fahrzeugkosten und CO\u2082-Regulierungen.\\n\\nIn Europa wurden Schienen- und Seeverkehr durch gezielte politische Ma\u00dfnahmen systematisch gest\u00e4rkt, wodurch der Stra\u00dfentransport eine erg\u00e4nzende Rolle einnimmt. In der T\u00fcrkei hingegen hat ein schnelles und weitgehend ungeplantes Wachstum dazu gef\u00fchrt, dass der Gro\u00dfteil der Transportlast auf Lkw entf\u00e4llt.\\n\\nDie Zukunft der t\u00fcrkischen Automobilindustrie wird ma\u00dfgeblich gepr\u00e4gt durch:\\n<\/p>\n<ul>\\n \\t<\/p>\n<li>Die Geschwindigkeit des \u00dcbergangs zu einer CO\u2082-armen Produktion<\/li>\n<p>\\n \\t<\/p>\n<li>Investitionen in Elektrifizierung und Software<\/li>\n<p>\\n \\t<\/p>\n<li>Eine st\u00e4rkere Vertiefung der Zulieferindustrie und h\u00f6here Wertsch\u00f6pfung<\/li>\n<p>\\n \\t<\/p>\n<li>Die F\u00e4higkeit, sich an Europas gr\u00fcne Transformation anzupassen<\/li>\n<p>\\n \\t<\/p>\n<li>Strukturelle Ma\u00dfnahmen zur Neuausrichtung der zentralen Rolle des Automobilsektors im Verkehrssystem<\/li>\n<p>\\n<\/ul>\n<p>\\nUnternehmen, die diese Transformation erfolgreich steuern, werden von Wachstum, Konsolidierung und nachhaltigen Wettbewerbsvorteilen profitieren. Unternehmen, die sich nicht anpassen, werden hingegen unweigerlich Marktanteile verlieren und schrumpfen.\\n\\nDie t\u00fcrkische Automobilindustrie steht an einem Scheideweg. Ihre bisherige Rolle als kostengetriebener Montagehub muss einem Modell weichen, das auf&nbsp;<strong>Technologie, Software, CO\u2082-arme Produktion und integrierte Lieferketten<\/strong>setzt.\\n\\nErfolg wird k\u00fcnftig nicht daraus entstehen, mehr Fahrzeuge zu produzieren, sondern daraus, ein&nbsp;<strong>intelligenteres, saubereres und wertsch\u00f6pfungsintensiveres Automobil-\u00d6kosystem<\/strong>&nbsp;<wbr>aufzubauen.&#8221;}]},{&#8220;component&#8221;:&#8221;hc_column&#8221;,&#8221;id&#8221;:&#8221;column_7aIP1&#8243;,&#8221;column_width&#8221;:&#8221;col-md-12&#8243;,&#8221;animation&#8221;:&#8221;&#8221;,&#8221;animation_time&#8221;:&#8221;&#8221;,&#8221;timeline_animation&#8221;:&#8221;&#8221;,&#8221;timeline_delay&#8221;:&#8221;&#8221;,&#8221;timeline_order&#8221;:&#8221;&#8221;,&#8221;css_classes&#8221;:&#8221;&#8221;,&#8221;custom_css_classes&#8221;:&#8221;socialbox&#8221;,&#8221;custom_css_styles&#8221;:&#8221;&#8221;,&#8221;main_content&#8221;:[{&#8220;component&#8221;:&#8221;hc_space&#8221;,&#8221;id&#8221;:&#8221;Hdg76&#8243;,&#8221;css_classes&#8221;:&#8221;&#8221;,&#8221;custom_css_classes&#8221;:&#8221;&#8221;,&#8221;custom_css_styles&#8221;:&#8221;&#8221;,&#8221;size&#8221;:&#8221;space-sm&#8221;,&#8221;height&#8221;:&#8221;&#8221;},{&#8220;component&#8221;:&#8221;hc_text_block&#8221;,&#8221;id&#8221;:&#8221;zmr0F&#8221;,&#8221;css_classes&#8221;:&#8221;&#8221;,&#8221;custom_css_classes&#8221;:&#8221;&#8221;,&#8221;custom_css_styles&#8221;:&#8221;&#8221;,&#8221;content&#8221;:&#8221;Teilen:&#8221;},{&#8220;component&#8221;:&#8221;hc_social_share_buttons&#8221;,&#8221;id&#8221;:&#8221;P7L30&#8243;,&#8221;css_classes&#8221;:&#8221;&#8221;,&#8221;custom_css_classes&#8221;:&#8221;&#8221;,&#8221;custom_css_styles&#8221;:&#8221;&#8221;,&#8221;style&#8221;:&#8221;icon-links-button&#8221;,&#8221;size&#8221;:&#8221;&#8221;,&#8221;alignment&#8221;:&#8221;&#8221;,&#8221;type&#8221;:&#8221;&#8221;,&#8221;social_colors&#8221;:true,&#8221;fb&#8221;:true,&#8221;fb_link&#8221;:&#8221;&#8221;,&#8221;tw&#8221;:true,&#8221;tw_link&#8221;:&#8221;&#8221;,&#8221;pi&#8221;:true,&#8221;pi_link&#8221;:&#8221;&#8221;,&#8221;li&#8221;:true,&#8221;li_link&#8221;:&#8221;&#8221;}]}],&#8221;section_settings&#8221;:&#8221;&#8221;},&#8221;section_dDpN7&#8243;:{&#8220;component&#8221;:&#8221;hc_section&#8221;,&#8221;id&#8221;:&#8221;section_dDpN7&#8243;,&#8221;section_width&#8221;:&#8221;&#8221;,&#8221;animation&#8221;:&#8221;&#8221;,&#8221;animation_time&#8221;:&#8221;&#8221;,&#8221;timeline_animation&#8221;:&#8221;&#8221;,&#8221;timeline_delay&#8221;:&#8221;&#8221;,&#8221;timeline_order&#8221;:&#8221;&#8221;,&#8221;vertical_row&#8221;:&#8221;&#8221;,&#8221;css_classes&#8221;:&#8221;section-color &#8220;,&#8221;custom_css_classes&#8221;:&#8221;&#8221;,&#8221;custom_css_styles&#8221;:&#8221;&#8221;,&#8221;section_content&#8221;:[{&#8220;component&#8221;:&#8221;hc_column&#8221;,&#8221;id&#8221;:&#8221;XLZ44&#8243;,&#8221;column_width&#8221;:&#8221;col-md-12&#8243;,&#8221;animation&#8221;:&#8221;&#8221;,&#8221;animation_time&#8221;:&#8221;&#8221;,&#8221;timeline_animation&#8221;:&#8221;&#8221;,&#8221;timeline_delay&#8221;:&#8221;&#8221;,&#8221;timeline_order&#8221;:&#8221;&#8221;,&#8221;css_classes&#8221;:&#8221;&#8221;,&#8221;custom_css_classes&#8221;:&#8221;&#8221;,&#8221;custom_css_styles&#8221;:&#8221;&#8221;,&#8221;main_content&#8221;:[{&#8220;component&#8221;:&#8221;hc_title_tag&#8221;,&#8221;id&#8221;:&#8221;4AoyD&#8221;,&#8221;css_classes&#8221;:&#8221;&#8221;,&#8221;custom_css_classes&#8221;:&#8221;&#8221;,&#8221;custom_css_styles&#8221;:&#8221;&#8221;,&#8221;text&#8221;:&#8221;In Verbindung stehende Artikel&#8221;,&#8221;tag&#8221;:&#8221;h2&#8243;},{&#8220;component&#8221;:&#8221;hc_space&#8221;,&#8221;id&#8221;:&#8221;TsAHd&#8221;,&#8221;css_classes&#8221;:&#8221;&#8221;,&#8221;custom_css_classes&#8221;:&#8221;&#8221;,&#8221;custom_css_styles&#8221;:&#8221;&#8221;,&#8221;size&#8221;:&#8221;space&#8221;,&#8221;height&#8221;:&#8221;&#8221;},{&#8220;component&#8221;:&#8221;hc_pt_grid_list&#8221;,&#8221;id&#8221;:&#8221;J9IEW&#8221;,&#8221;css_classes&#8221;:&#8221;&#8221;,&#8221;custom_css_classes&#8221;:&#8221;&#8221;,&#8221;custom_css_styles&#8221;:&#8221;&#8221;,&#8221;post_type_slug&#8221;:&#8221;post&#8221;,&#8221;post_type_category&#8221;:&#8221;&#8221;,&#8221;column&#8221;:&#8221;2&#8243;,&#8221;column_lg&#8221;:&#8221;2&#8243;,&#8221;column_md&#8221;:&#8221;2&#8243;,&#8221;column_sm&#8221;:&#8221;1&#8243;,&#8221;column_xs&#8221;:&#8221;1&#8243;,&#8221;margins&#8221;:&#8221;&#8221;,&#8221;pag_type&#8221;:&#8221;load_more&#8221;,&#8221;pag_items&#8221;:&#8221;2&#8243;,&#8221;pag_size&#8221;:&#8221;&#8221;,&#8221;pag_animation&#8221;:&#8221;fade-top&#8221;,&#8221;pag_scroll_top&#8221;:false,&#8221;pag_position&#8221;:&#8221;align-center&#8221;,&#8221;pag_button_prev&#8221;:&#8221;&#8221;,&#8221;pag_button_next&#8221;:&#8221;&#8221;,&#8221;lm_lazy&#8221;:false,&#8221;lm_button_text&#8221;:&#8221;Load More&#8221;,&#8221;box&#8221;:&#8221;blog_top&#8221;,&#8221;boxed&#8221;:true,&#8221;extra&#8221;:false,&#8221;content&#8221;:&#8221;&#8221;,&#8221;title_length&#8221;:&#8221;36&#8243;,&#8221;excerpt_length&#8221;:&#8221;75&#8243;,&#8221;title_size&#8221;:&#8221;text-md&#8221;,&#8221;custom_css&#8221;:&#8221;&#8221;,&#8221;button_text&#8221;:&#8221;&#8221;,&#8221;button_style&#8221;:&#8221;square&#8221;,&#8221;button_dimensions&#8221;:&#8221;btn-lg&#8221;,&#8221;button_animation&#8221;:false,&#8221;button_icon&#8221;:&#8221;&#8221;}]}],&#8221;section_settings&#8221;:&#8221;&#8221;},&#8221;scripts&#8221;:{&#8220;lightbox&#8221;:&#8221;magnific-popup.min.js&#8221;,&#8221;pagination&#8221;:&#8221;pagination.min.js&#8221;},&#8221;css&#8221;:{&#8220;lightbox&#8221;:&#8221;css\/magnific-popup.css&#8221;,&#8221;content_box&#8221;:&#8221;css\/content-box.css&#8221;,&#8221;media_box&#8221;:&#8221;css\/media-box.css&#8221;},&#8221;css_page&#8221;:&#8221;&#8221;,&#8221;template_setting&#8221;:{},&#8221;template_setting_top&#8221;:{},&#8221;page_setting&#8221;:{&#8220;settings&#8221;:[&#8220;lock-mode-off&#8221;]},&#8221;post_type_setting&#8221;:{&#8220;settings&#8221;:{&#8220;image&#8221;:&#8221;https:\/\/www.cigdemguven.com\/medias\/2026\/01\/cigdem-guven-turkiye-otomativ-sektoru.jpg|712|1024|4005&#8243;,&#8221;excerpt&#8221;:&#8221;Die t\u00fcrkische Automobilindustrie hat es geschafft, ihr Produktionsvolumen bis 2025 zu stabilisieren \u2013 getragen von einer starken Inlandsnachfrage und einer eng in Europa integrierten Exportstruktur. Gleichzeitig bleibt der Sektor jedoch ein \u00e4u\u00dferst sensibles\u00a0Gleichgewichtssegment, das stark von Wechselkursen, Zinsen, steuerlichen Rahmenbedingungen und Klimapolitiken beeinflusst wird. Mit rund\u00a037 Mrd. USD Exporten\u00a0und\u00a032 Mrd. USD Importen\u00a0spielt die Automobilindustrie weiterhin eine strategische Rolle f\u00fcr die industrielle Basis und den Au\u00dfenhandel der T\u00fcrkei.&#8221;,&#8221;extra_1&#8243;:&#8221;Bloggen&#8221;,&#8221;extra_2&#8243;:&#8221;&#8221;,&#8221;icon&#8221;:{&#8220;icon&#8221;:&#8221;&#8221;,&#8221;icon_style&#8221;:&#8221;&#8221;,&#8221;icon_image&#8221;:&#8221;&#8221;}}}}<\/p>\n","protected":false},"excerpt":{"rendered":"<p>Die t\u00fcrkische Automobilindustrie hat es geschafft, ihr Produktionsvolumen bis 2025 zu stabilisieren \u2013 getragen von einer starken Inlandsnachfrage und einer eng in Europa integrierten Exportstruktur. Gleichzeitig bleibt der Sektor jedoch ein \u00e4u\u00dferst sensibles\u00a0Gleichgewichtssegment, das stark von Wechselkursen, Zinsen, steuerlichen Rahmenbedingungen und Klimapolitiken beeinflusst wird. Mit rund\u00a037 Mrd. USD Exporten\u00a0und\u00a032 Mrd. USD Importen\u00a0spielt die Automobilindustrie weiterhin eine strategische Rolle f\u00fcr die industrielle Basis und den Au\u00dfenhandel der T\u00fcrkei.<\/p>\n","protected":false},"author":1,"featured_media":4005,"comment_status":"closed","ping_status":"open","sticky":false,"template":"","format":"standard","meta":{"footnotes":""},"categories":[45,41],"tags":[],"class_list":["post-4008","post","type-post","status-publish","format-standard","has-post-thumbnail","hentry","category-bloggen","category-unkategorisiert"],"yoast_head":"\n<title>Die Automobilindustrie der T\u00fcrkei: An der Schwelle vom Volumen- zum Wertwachstum (2025\u20132030) | \u00c7i\u011fdem G\u00fcven Management Consulting &amp; Coaching &amp; Mentoring Services<\/title>\n<meta name=\"robots\" content=\"index, follow, max-snippet:-1, max-image-preview:large, max-video-preview:-1\" \/>\n<link rel=\"canonical\" href=\"https:\/\/www.cigdemguven.com\/de\/bloggen\/die-automobilindustrie-der-tuerkei-an-der-schwelle-vom-volumen-zum-wertwachstum\/\" \/>\n<meta property=\"og:locale\" content=\"de_DE\" \/>\n<meta property=\"og:type\" content=\"article\" \/>\n<meta property=\"og:title\" content=\"Die Automobilindustrie der T\u00fcrkei: An der Schwelle vom Volumen- zum Wertwachstum (2025\u20132030) | \u00c7i\u011fdem G\u00fcven Management Consulting &amp; Coaching &amp; Mentoring Services\" \/>\n<meta property=\"og:description\" content=\"Die t\u00fcrkische Automobilindustrie hat es geschafft, ihr Produktionsvolumen bis 2025 zu stabilisieren \u2013 getragen von einer starken Inlandsnachfrage und einer eng in Europa integrierten Exportstruktur. Gleichzeitig bleibt der Sektor jedoch ein \u00e4u\u00dferst sensibles\u00a0Gleichgewichtssegment, das stark von Wechselkursen, Zinsen, steuerlichen Rahmenbedingungen und Klimapolitiken beeinflusst wird. Mit rund\u00a037 Mrd. USD Exporten\u00a0und\u00a032 Mrd. USD Importen\u00a0spielt die Automobilindustrie weiterhin eine strategische Rolle f\u00fcr die industrielle Basis und den Au\u00dfenhandel der T\u00fcrkei.\" \/>\n<meta property=\"og:url\" content=\"https:\/\/www.cigdemguven.com\/de\/bloggen\/die-automobilindustrie-der-tuerkei-an-der-schwelle-vom-volumen-zum-wertwachstum\/\" \/>\n<meta property=\"og:site_name\" content=\"\u00c7i\u011fdem G\u00fcven Management Consulting &amp; Coaching &amp; Mentoring Services\" \/>\n<meta property=\"article:publisher\" content=\"https:\/\/www.facebook.com\/cigdemguvendanisman\" \/>\n<meta property=\"article:published_time\" content=\"2026-01-15T07:43:56+00:00\" \/>\n<meta property=\"article:modified_time\" content=\"2026-01-23T22:52:08+00:00\" \/>\n<meta property=\"og:image\" content=\"https:\/\/www.cigdemguven.com\/medias\/2026\/01\/cigdem-guven-turkiye-otomativ-sektoru.jpg\" \/>\n\t<meta property=\"og:image:width\" content=\"1024\" \/>\n\t<meta property=\"og:image:height\" content=\"712\" \/>\n\t<meta property=\"og:image:type\" content=\"image\/jpeg\" \/>\n<meta name=\"author\" content=\"\u00c7i\u011fdem G\u00fcven\" \/>\n<meta name=\"twitter:card\" content=\"summary_large_image\" \/>\n<meta name=\"twitter:creator\" content=\"@cigdemguvencom\" \/>\n<meta name=\"twitter:site\" content=\"@cigdemguvencom\" \/>\n<meta name=\"twitter:label1\" content=\"Verfasst von\" \/>\n\t<meta name=\"twitter:data1\" content=\"\u00c7i\u011fdem G\u00fcven\" \/>\n\t<meta name=\"twitter:label2\" content=\"Gesch\u00e4tzte Lesezeit\" \/>\n\t<meta name=\"twitter:data2\" content=\"7\u00a0Minuten\" \/>\n<script type=\"application\/ld+json\" class=\"yoast-schema-graph\">{\"@context\":\"https:\/\/schema.org\",\"@graph\":[{\"@type\":\"Article\",\"@id\":\"https:\/\/www.cigdemguven.com\/de\/bloggen\/die-automobilindustrie-der-tuerkei-an-der-schwelle-vom-volumen-zum-wertwachstum\/#article\",\"isPartOf\":{\"@id\":\"https:\/\/www.cigdemguven.com\/de\/bloggen\/die-automobilindustrie-der-tuerkei-an-der-schwelle-vom-volumen-zum-wertwachstum\/\"},\"author\":{\"name\":\"\u00c7i\u011fdem G\u00fcven\",\"@id\":\"https:\/\/www.cigdemguven.com\/de\/#\/schema\/person\/abd506d3b37ae4dd04e7393ca6ac5921\"},\"headline\":\"Die Automobilindustrie der T\u00fcrkei: An der Schwelle vom Volumen- zum Wertwachstum (2025\u20132030)\",\"datePublished\":\"2026-01-15T07:43:56+00:00\",\"dateModified\":\"2026-01-23T22:52:08+00:00\",\"mainEntityOfPage\":{\"@id\":\"https:\/\/www.cigdemguven.com\/de\/bloggen\/die-automobilindustrie-der-tuerkei-an-der-schwelle-vom-volumen-zum-wertwachstum\/\"},\"wordCount\":1481,\"publisher\":{\"@id\":\"https:\/\/www.cigdemguven.com\/de\/#organization\"},\"articleSection\":[\"Bloggen\",\"Unkategorisiert\"],\"inLanguage\":\"de\"},{\"@type\":\"WebPage\",\"@id\":\"https:\/\/www.cigdemguven.com\/de\/bloggen\/die-automobilindustrie-der-tuerkei-an-der-schwelle-vom-volumen-zum-wertwachstum\/\",\"url\":\"https:\/\/www.cigdemguven.com\/de\/bloggen\/die-automobilindustrie-der-tuerkei-an-der-schwelle-vom-volumen-zum-wertwachstum\/\",\"name\":\"Die Automobilindustrie der T\u00fcrkei: An der Schwelle vom Volumen- zum Wertwachstum (2025\u20132030) | \u00c7i\u011fdem G\u00fcven Management Consulting &amp; Coaching &amp; Mentoring Services\",\"isPartOf\":{\"@id\":\"https:\/\/www.cigdemguven.com\/de\/#website\"},\"datePublished\":\"2026-01-15T07:43:56+00:00\",\"dateModified\":\"2026-01-23T22:52:08+00:00\",\"breadcrumb\":{\"@id\":\"https:\/\/www.cigdemguven.com\/de\/bloggen\/die-automobilindustrie-der-tuerkei-an-der-schwelle-vom-volumen-zum-wertwachstum\/#breadcrumb\"},\"inLanguage\":\"de\",\"potentialAction\":[{\"@type\":\"ReadAction\",\"target\":[\"https:\/\/www.cigdemguven.com\/de\/bloggen\/die-automobilindustrie-der-tuerkei-an-der-schwelle-vom-volumen-zum-wertwachstum\/\"]}]},{\"@type\":\"BreadcrumbList\",\"@id\":\"https:\/\/www.cigdemguven.com\/de\/bloggen\/die-automobilindustrie-der-tuerkei-an-der-schwelle-vom-volumen-zum-wertwachstum\/#breadcrumb\",\"itemListElement\":[{\"@type\":\"ListItem\",\"position\":1,\"name\":\"Home\",\"item\":\"https:\/\/www.cigdemguven.com\/de\/\"},{\"@type\":\"ListItem\",\"position\":2,\"name\":\"Die Automobilindustrie der T\u00fcrkei: An der Schwelle vom Volumen- zum Wertwachstum (2025\u20132030)\"}]},{\"@type\":\"WebSite\",\"@id\":\"https:\/\/www.cigdemguven.com\/de\/#website\",\"url\":\"https:\/\/www.cigdemguven.com\/de\/\",\"name\":\"\u00c7i\u011fdem G\u00fcven Management Consulting &amp; Coaching &amp; Mentoring Services\",\"description\":\"Management Consulting &amp; Coaching &amp; Mentoring Services\",\"publisher\":{\"@id\":\"https:\/\/www.cigdemguven.com\/de\/#organization\"},\"potentialAction\":[{\"@type\":\"SearchAction\",\"target\":{\"@type\":\"EntryPoint\",\"urlTemplate\":\"https:\/\/www.cigdemguven.com\/de\/?s={search_term_string}\"},\"query-input\":\"required name=search_term_string\"}],\"inLanguage\":\"de\"},{\"@type\":\"Organization\",\"@id\":\"https:\/\/www.cigdemguven.com\/de\/#organization\",\"name\":\"\u00c7i\u011fdem G\u00fcven Management Consulting & Coaching & Mentoring Services\",\"url\":\"https:\/\/www.cigdemguven.com\/de\/\",\"logo\":{\"@type\":\"ImageObject\",\"inLanguage\":\"de\",\"@id\":\"https:\/\/www.cigdemguven.com\/de\/#\/schema\/logo\/image\/\",\"url\":\"https:\/\/www.cigdemguven.com\/medias\/2021\/12\/cigdem-guven-logo.svg\",\"contentUrl\":\"https:\/\/www.cigdemguven.com\/medias\/2021\/12\/cigdem-guven-logo.svg\",\"width\":1,\"height\":1,\"caption\":\"\u00c7i\u011fdem G\u00fcven Management Consulting & Coaching & Mentoring Services\"},\"image\":{\"@id\":\"https:\/\/www.cigdemguven.com\/de\/#\/schema\/logo\/image\/\"},\"sameAs\":[\"https:\/\/www.facebook.com\/cigdemguvendanisman\",\"https:\/\/twitter.com\/cigdemguvencom\",\"https:\/\/www.instagram.com\/cigdemguvendanismanlik\/\",\"https:\/\/www.linkedin.com\/in\/cigdemguvendanismanlik\/\"]},{\"@type\":\"Person\",\"@id\":\"https:\/\/www.cigdemguven.com\/de\/#\/schema\/person\/abd506d3b37ae4dd04e7393ca6ac5921\",\"name\":\"\u00c7i\u011fdem G\u00fcven\",\"sameAs\":[\"https:\/\/www.cigdemguven.com\"],\"url\":\"https:\/\/www.cigdemguven.com\/de\/author\/cigdemguven\/\"}]}<\/script>\n","yoast_head_json":{"title":"Die Automobilindustrie der T\u00fcrkei: An der Schwelle vom Volumen- zum Wertwachstum (2025\u20132030) | \u00c7i\u011fdem G\u00fcven Management Consulting &amp; Coaching &amp; Mentoring Services","robots":{"index":"index","follow":"follow","max-snippet":"max-snippet:-1","max-image-preview":"max-image-preview:large","max-video-preview":"max-video-preview:-1"},"canonical":"https:\/\/www.cigdemguven.com\/de\/bloggen\/die-automobilindustrie-der-tuerkei-an-der-schwelle-vom-volumen-zum-wertwachstum\/","og_locale":"de_DE","og_type":"article","og_title":"Die Automobilindustrie der T\u00fcrkei: An der Schwelle vom Volumen- zum Wertwachstum (2025\u20132030) | \u00c7i\u011fdem G\u00fcven Management Consulting &amp; Coaching &amp; Mentoring Services","og_description":"Die t\u00fcrkische Automobilindustrie hat es geschafft, ihr Produktionsvolumen bis 2025 zu stabilisieren \u2013 getragen von einer starken Inlandsnachfrage und einer eng in Europa integrierten Exportstruktur. Gleichzeitig bleibt der Sektor jedoch ein \u00e4u\u00dferst sensibles\u00a0Gleichgewichtssegment, das stark von Wechselkursen, Zinsen, steuerlichen Rahmenbedingungen und Klimapolitiken beeinflusst wird. Mit rund\u00a037 Mrd. USD Exporten\u00a0und\u00a032 Mrd. USD Importen\u00a0spielt die Automobilindustrie weiterhin eine strategische Rolle f\u00fcr die industrielle Basis und den Au\u00dfenhandel der T\u00fcrkei.","og_url":"https:\/\/www.cigdemguven.com\/de\/bloggen\/die-automobilindustrie-der-tuerkei-an-der-schwelle-vom-volumen-zum-wertwachstum\/","og_site_name":"\u00c7i\u011fdem G\u00fcven Management Consulting &amp; Coaching &amp; Mentoring Services","article_publisher":"https:\/\/www.facebook.com\/cigdemguvendanisman","article_published_time":"2026-01-15T07:43:56+00:00","article_modified_time":"2026-01-23T22:52:08+00:00","og_image":[{"width":1024,"height":712,"url":"https:\/\/www.cigdemguven.com\/medias\/2026\/01\/cigdem-guven-turkiye-otomativ-sektoru.jpg","type":"image\/jpeg"}],"author":"\u00c7i\u011fdem G\u00fcven","twitter_card":"summary_large_image","twitter_creator":"@cigdemguvencom","twitter_site":"@cigdemguvencom","twitter_misc":{"Verfasst von":"\u00c7i\u011fdem G\u00fcven","Gesch\u00e4tzte Lesezeit":"7\u00a0Minuten"},"schema":{"@context":"https:\/\/schema.org","@graph":[{"@type":"Article","@id":"https:\/\/www.cigdemguven.com\/de\/bloggen\/die-automobilindustrie-der-tuerkei-an-der-schwelle-vom-volumen-zum-wertwachstum\/#article","isPartOf":{"@id":"https:\/\/www.cigdemguven.com\/de\/bloggen\/die-automobilindustrie-der-tuerkei-an-der-schwelle-vom-volumen-zum-wertwachstum\/"},"author":{"name":"\u00c7i\u011fdem G\u00fcven","@id":"https:\/\/www.cigdemguven.com\/de\/#\/schema\/person\/abd506d3b37ae4dd04e7393ca6ac5921"},"headline":"Die Automobilindustrie der T\u00fcrkei: An der Schwelle vom Volumen- zum Wertwachstum (2025\u20132030)","datePublished":"2026-01-15T07:43:56+00:00","dateModified":"2026-01-23T22:52:08+00:00","mainEntityOfPage":{"@id":"https:\/\/www.cigdemguven.com\/de\/bloggen\/die-automobilindustrie-der-tuerkei-an-der-schwelle-vom-volumen-zum-wertwachstum\/"},"wordCount":1481,"publisher":{"@id":"https:\/\/www.cigdemguven.com\/de\/#organization"},"articleSection":["Bloggen","Unkategorisiert"],"inLanguage":"de"},{"@type":"WebPage","@id":"https:\/\/www.cigdemguven.com\/de\/bloggen\/die-automobilindustrie-der-tuerkei-an-der-schwelle-vom-volumen-zum-wertwachstum\/","url":"https:\/\/www.cigdemguven.com\/de\/bloggen\/die-automobilindustrie-der-tuerkei-an-der-schwelle-vom-volumen-zum-wertwachstum\/","name":"Die Automobilindustrie der T\u00fcrkei: An der Schwelle vom Volumen- zum Wertwachstum (2025\u20132030) | \u00c7i\u011fdem G\u00fcven Management Consulting &amp; Coaching &amp; Mentoring Services","isPartOf":{"@id":"https:\/\/www.cigdemguven.com\/de\/#website"},"datePublished":"2026-01-15T07:43:56+00:00","dateModified":"2026-01-23T22:52:08+00:00","breadcrumb":{"@id":"https:\/\/www.cigdemguven.com\/de\/bloggen\/die-automobilindustrie-der-tuerkei-an-der-schwelle-vom-volumen-zum-wertwachstum\/#breadcrumb"},"inLanguage":"de","potentialAction":[{"@type":"ReadAction","target":["https:\/\/www.cigdemguven.com\/de\/bloggen\/die-automobilindustrie-der-tuerkei-an-der-schwelle-vom-volumen-zum-wertwachstum\/"]}]},{"@type":"BreadcrumbList","@id":"https:\/\/www.cigdemguven.com\/de\/bloggen\/die-automobilindustrie-der-tuerkei-an-der-schwelle-vom-volumen-zum-wertwachstum\/#breadcrumb","itemListElement":[{"@type":"ListItem","position":1,"name":"Home","item":"https:\/\/www.cigdemguven.com\/de\/"},{"@type":"ListItem","position":2,"name":"Die Automobilindustrie der T\u00fcrkei: An der Schwelle vom Volumen- zum Wertwachstum (2025\u20132030)"}]},{"@type":"WebSite","@id":"https:\/\/www.cigdemguven.com\/de\/#website","url":"https:\/\/www.cigdemguven.com\/de\/","name":"\u00c7i\u011fdem G\u00fcven Management Consulting &amp; Coaching &amp; Mentoring Services","description":"Management Consulting &amp; Coaching &amp; Mentoring Services","publisher":{"@id":"https:\/\/www.cigdemguven.com\/de\/#organization"},"potentialAction":[{"@type":"SearchAction","target":{"@type":"EntryPoint","urlTemplate":"https:\/\/www.cigdemguven.com\/de\/?s={search_term_string}"},"query-input":"required name=search_term_string"}],"inLanguage":"de"},{"@type":"Organization","@id":"https:\/\/www.cigdemguven.com\/de\/#organization","name":"\u00c7i\u011fdem G\u00fcven Management Consulting & Coaching & Mentoring Services","url":"https:\/\/www.cigdemguven.com\/de\/","logo":{"@type":"ImageObject","inLanguage":"de","@id":"https:\/\/www.cigdemguven.com\/de\/#\/schema\/logo\/image\/","url":"https:\/\/www.cigdemguven.com\/medias\/2021\/12\/cigdem-guven-logo.svg","contentUrl":"https:\/\/www.cigdemguven.com\/medias\/2021\/12\/cigdem-guven-logo.svg","width":1,"height":1,"caption":"\u00c7i\u011fdem G\u00fcven Management Consulting & Coaching & Mentoring Services"},"image":{"@id":"https:\/\/www.cigdemguven.com\/de\/#\/schema\/logo\/image\/"},"sameAs":["https:\/\/www.facebook.com\/cigdemguvendanisman","https:\/\/twitter.com\/cigdemguvencom","https:\/\/www.instagram.com\/cigdemguvendanismanlik\/","https:\/\/www.linkedin.com\/in\/cigdemguvendanismanlik\/"]},{"@type":"Person","@id":"https:\/\/www.cigdemguven.com\/de\/#\/schema\/person\/abd506d3b37ae4dd04e7393ca6ac5921","name":"\u00c7i\u011fdem G\u00fcven","sameAs":["https:\/\/www.cigdemguven.com"],"url":"https:\/\/www.cigdemguven.com\/de\/author\/cigdemguven\/"}]}},"_links":{"self":[{"href":"https:\/\/www.cigdemguven.com\/de\/wp-json\/wp\/v2\/posts\/4008","targetHints":{"allow":["GET"]}}],"collection":[{"href":"https:\/\/www.cigdemguven.com\/de\/wp-json\/wp\/v2\/posts"}],"about":[{"href":"https:\/\/www.cigdemguven.com\/de\/wp-json\/wp\/v2\/types\/post"}],"author":[{"embeddable":true,"href":"https:\/\/www.cigdemguven.com\/de\/wp-json\/wp\/v2\/users\/1"}],"replies":[{"embeddable":true,"href":"https:\/\/www.cigdemguven.com\/de\/wp-json\/wp\/v2\/comments?post=4008"}],"version-history":[{"count":4,"href":"https:\/\/www.cigdemguven.com\/de\/wp-json\/wp\/v2\/posts\/4008\/revisions"}],"predecessor-version":[{"id":4015,"href":"https:\/\/www.cigdemguven.com\/de\/wp-json\/wp\/v2\/posts\/4008\/revisions\/4015"}],"wp:featuredmedia":[{"embeddable":true,"href":"https:\/\/www.cigdemguven.com\/de\/wp-json\/wp\/v2\/media\/4005"}],"wp:attachment":[{"href":"https:\/\/www.cigdemguven.com\/de\/wp-json\/wp\/v2\/media?parent=4008"}],"wp:term":[{"taxonomy":"category","embeddable":true,"href":"https:\/\/www.cigdemguven.com\/de\/wp-json\/wp\/v2\/categories?post=4008"},{"taxonomy":"post_tag","embeddable":true,"href":"https:\/\/www.cigdemguven.com\/de\/wp-json\/wp\/v2\/tags?post=4008"}],"curies":[{"name":"wp","href":"https:\/\/api.w.org\/{rel}","templated":true}]}}