{"id":3859,"date":"2025-08-14T12:37:25","date_gmt":"2025-08-14T09:37:25","guid":{"rendered":"https:\/\/www.cigdemguven.com\/?p=3859"},"modified":"2025-08-22T12:53:40","modified_gmt":"2025-08-22T09:53:40","slug":"generation-z-nicht-nur-ein-spiegel-sondern-auch-ein-kostenfaktor-der-preis-dafuer-junge-talente-nicht-zu-verstehen","status":"publish","type":"post","link":"https:\/\/www.cigdemguven.com\/de\/bloggen\/generation-z-nicht-nur-ein-spiegel-sondern-auch-ein-kostenfaktor-der-preis-dafuer-junge-talente-nicht-zu-verstehen\/","title":{"rendered":"Generation Z: Nicht nur ein Spiegel, sondern auch ein Kostenfaktor \u2013 Der Preis daf\u00fcr, junge Talente nicht zu verstehen"},"content":{"rendered":"<p>{&#8220;main-title&#8221;:{&#8220;component&#8221;:&#8221;hc_title&#8221;,&#8221;id&#8221;:&#8221;main-title&#8221;,&#8221;title&#8221;:&#8221;&#8221;,&#8221;subtitle&#8221;:&#8221;&#8221;,&#8221;title_content&#8221;:{&#8220;component&#8221;:&#8221;hc_title_empty&#8221;,&#8221;id&#8221;:&#8221;title-empty&#8221;}},&#8221;section_QvNqz&#8221;:{&#8220;component&#8221;:&#8221;hc_section&#8221;,&#8221;id&#8221;:&#8221;section_QvNqz&#8221;,&#8221;section_width&#8221;:&#8221;&#8221;,&#8221;animation&#8221;:&#8221;&#8221;,&#8221;animation_time&#8221;:&#8221;&#8221;,&#8221;timeline_animation&#8221;:&#8221;&#8221;,&#8221;timeline_delay&#8221;:&#8221;&#8221;,&#8221;timeline_order&#8221;:&#8221;&#8221;,&#8221;vertical_row&#8221;:&#8221;&#8221;,&#8221;css_classes&#8221;:&#8221;section-color no-padding-bottom no-padding-top &#8220;,&#8221;custom_css_classes&#8221;:&#8221;containerblog&#8221;,&#8221;custom_css_styles&#8221;:&#8221;&#8221;,&#8221;section_content&#8221;:[{&#8220;component&#8221;:&#8221;hc_column&#8221;,&#8221;id&#8221;:&#8221;P1FCZ&#8221;,&#8221;column_width&#8221;:&#8221;col-md-12&#8243;,&#8221;animation&#8221;:&#8221;&#8221;,&#8221;animation_time&#8221;:&#8221;&#8221;,&#8221;timeline_animation&#8221;:&#8221;&#8221;,&#8221;timeline_delay&#8221;:&#8221;&#8221;,&#8221;timeline_order&#8221;:&#8221;&#8221;,&#8221;css_classes&#8221;:&#8221;boxed-area align-items-center &#8220;,&#8221;custom_css_classes&#8221;:&#8221;&#8221;,&#8221;custom_css_styles&#8221;:&#8221;&#8221;,&#8221;main_content&#8221;:[{&#8220;component&#8221;:&#8221;hc_title_tag&#8221;,&#8221;id&#8221;:&#8221;5ZtkF&#8221;,&#8221;css_classes&#8221;:&#8221;&#8221;,&#8221;custom_css_classes&#8221;:&#8221;&#8221;,&#8221;custom_css_styles&#8221;:&#8221;&#8221;,&#8221;text&#8221;:&#8221;Generation Z: Nicht nur ein Spiegel, sondern auch ein Kostenfaktor \u2013 Der Preis daf\u00fcr, junge Talente nicht zu verstehen&#8221;,&#8221;tag&#8221;:&#8221;h1&#8243;},{&#8220;component&#8221;:&#8221;hc_image_box&#8221;,&#8221;id&#8221;:&#8221;P92Nk&#8221;,&#8221;css_classes&#8221;:&#8221;&#8221;,&#8221;custom_css_classes&#8221;:&#8221;&#8221;,&#8221;custom_css_styles&#8221;:&#8221;&#8221;,&#8221;image&#8221;:&#8221;https:\/\/www.cigdemguven.com\/medias\/2025\/08\/cigdem-guven-z-kusagi.jpg|714|1024|3864&#8243;,&#8221;link_type&#8221;:&#8221;lightbox&#8221;,&#8221;lightbox_animation&#8221;:&#8221;&#8221;,&#8221;caption&#8221;:&#8221;Generation Z: Nicht nur ein Spiegel, sondern auch ein Kostenfaktor \u2013 Der Preis daf\u00fcr, junge Talente nicht zu verstehen&#8221;,&#8221;inner_caption&#8221;:false,&#8221;new_window&#8221;:false,&#8221;link&#8221;:&#8221;https:\/\/www.cigdemguven.com\/medias\/2025\/08\/cigdem-guven-z-kusagi.jpg&#8221;,&#8221;link_content&#8221;:[],&#8221;lightbox_size&#8221;:&#8221;&#8221;,&#8221;scrollbox&#8221;:false,&#8221;icon&#8221;:&#8221;&#8221;,&#8221;image_animation&#8221;:&#8221;&#8221;,&#8221;icon_animation&#8221;:&#8221;&#8221;,&#8221;thumb_size&#8221;:&#8221;full&#8221;,&#8221;icon_hidden&#8221;:true,&#8221;caption_img_box&#8221;:&#8221;&#8221;,&#8221;alt&#8221;:&#8221;&#8221;}]}],&#8221;section_settings&#8221;:&#8221;&#8221;},&#8221;section_aSGAU&#8221;:{&#8220;component&#8221;:&#8221;hc_section&#8221;,&#8221;id&#8221;:&#8221;section_aSGAU&#8221;,&#8221;section_width&#8221;:&#8221;&#8221;,&#8221;animation&#8221;:&#8221;&#8221;,&#8221;animation_time&#8221;:&#8221;&#8221;,&#8221;timeline_animation&#8221;:&#8221;&#8221;,&#8221;timeline_delay&#8221;:&#8221;&#8221;,&#8221;timeline_order&#8221;:&#8221;&#8221;,&#8221;vertical_row&#8221;:&#8221;&#8221;,&#8221;css_classes&#8221;:&#8221;no-padding-bottom no-padding-top &#8220;,&#8221;custom_css_classes&#8221;:&#8221;blogtext&#8221;,&#8221;custom_css_styles&#8221;:&#8221;&#8221;,&#8221;section_content&#8221;:[{&#8220;component&#8221;:&#8221;hc_column&#8221;,&#8221;id&#8221;:&#8221;column_0qrhK&#8221;,&#8221;column_width&#8221;:&#8221;col-md-12&#8243;,&#8221;animation&#8221;:&#8221;&#8221;,&#8221;animation_time&#8221;:&#8221;&#8221;,&#8221;timeline_animation&#8221;:&#8221;&#8221;,&#8221;timeline_delay&#8221;:&#8221;&#8221;,&#8221;timeline_order&#8221;:&#8221;&#8221;,&#8221;css_classes&#8221;:&#8221;&#8221;,&#8221;custom_css_classes&#8221;:&#8221;&#8221;,&#8221;custom_css_styles&#8221;:&#8221;&#8221;,&#8221;main_content&#8221;:[{&#8220;component&#8221;:&#8221;hc_wp_editor&#8221;,&#8221;id&#8221;:&#8221;gE6EW&#8221;,&#8221;css_classes&#8221;:&#8221;&#8221;,&#8221;custom_css_classes&#8221;:&#8221;&#8221;,&#8221;custom_css_styles&#8221;:&#8221;&#8221;,&#8221;editor_content&#8221;:&#8221;Einer der h\u00e4ufigsten Klagen in der heutigen Gesch\u00e4ftswelt lautet:&nbsp;<em>\u201eJunge Mitarbeiter sind schwierig, illoyal und ungeduldig.\u201c<\/em>&nbsp;Von Kaffeepausen bis zu Vorstandssitzungen hat sich die Kritik an der Generation Z wie ein Lauffeuer verbreitet. Doch die greifbaren Kosten dieser Haltung werden oft \u00fcbersehen. Junge Talente nicht zu verstehen \u2013 und ihnen mit Vorurteilen zu begegnen \u2013 ist nicht nur ein Problem der Personalabteilung, sondern ein strategisches Thema, das Produktivit\u00e4t und Rentabilit\u00e4t direkt beeinflusst.\\n<\/p>\n<h3>Die versteckten Kosten des Missverstehens junger Talente<\/h3>\n<p>\\n<strong>Hohe Fluktuationsraten:<\/strong>\\nJunge Mitarbeiter bleiben nicht in einem Umfeld, in dem sie sich nicht wertgesch\u00e4tzt f\u00fchlen, keine Entwicklungsm\u00f6glichkeiten sehen oder zu wenig Anerkennung erhalten. Dies f\u00fchrt zu h\u00e4ufigen Jobwechseln. Jede K\u00fcndigung verursacht erhebliche Kosten f\u00fcr Rekrutierung, Einarbeitung und Schulung \u2013 und entzieht dem Unternehmen wertvolles Wissen und Erfahrung.\\n\\n<strong>Geringe Produktivit\u00e4t und Motivation:<\/strong>\\nKritik und mangelndes Verst\u00e4ndnis mindern die Motivation. Wer sich nicht zugeh\u00f6rig f\u00fchlt und glaubt, dass seine Ideen nicht gesch\u00e4tzt werden, verliert die Bindung zur Arbeit. Dies betrifft nicht nur die Leistung des Einzelnen, sondern die gesamte Teamproduktivit\u00e4t. St\u00e4rken wie Kreativit\u00e4t, Proaktivit\u00e4t und Probleml\u00f6sungsf\u00e4higkeit verk\u00fcmmern in einem solchen Umfeld.\\n\\n<strong>Verlust von Innovation:<\/strong>\\nDie Generation Z ist mit der digitalen Welt aufgewachsen. Ihre Technologieaffinit\u00e4t und frischen Perspektiven k\u00f6nnen neue M\u00e4rkte und Gesch\u00e4ftsmodelle er\u00f6ffnen. Werden diese Potenziale durch Vorurteile ignoriert, verliert das Unternehmen eine seiner wichtigsten Innovationsquellen.\\n<\/p>\n<h3>Der Schl\u00fcssel zu mehr Produktivit\u00e4t: Empathie und Flexibilit\u00e4t<\/h3>\n<p>\\nJunge Menschen als \u201eschnell ersch\u00f6pft\u201c abzustempeln, verdeckt das eigentliche Problem. W\u00e4hrend die traditionelle Arbeitswelt die Anwesenheit im B\u00fcro priorisiert, z\u00e4hlt f\u00fcr diese Generation vor allem das Ergebnis und Flexibilit\u00e4t. Sie wollen Aufgaben effizient erledigen und die \u00fcbrige Zeit Hobbys, Familie oder pers\u00f6nlicher Entwicklung widmen. Das ist keine Faulheit \u2013 es ist das Streben nach einer gesunden Work-Life-Balance, die zu gl\u00fccklicheren und produktiveren Mitarbeitern f\u00fchrt.\\n\\nUnternehmen m\u00fcssen sich anpassen \u2013 mit flexiblen Arbeitszeiten, Homeoffice-M\u00f6glichkeiten und leistungsorientierten Bewertungssystemen. F\u00fchrungskr\u00e4fte sollten die digitalen F\u00e4higkeiten, die Kreativit\u00e4t und die schnelle Probleml\u00f6sungskompetenz der jungen Generation als Chance und nicht als Bedrohung sehen.\\n\\nLetztlich ist das Verst\u00e4ndnis f\u00fcr die Generation Z nicht nur eine moralische Pflicht, sondern eine strategische Investition. Zuh\u00f6ren statt kritisieren, einbeziehen statt ausschlie\u00dfen und Empathie statt Vorurteile zeigen \u2013 all dies senkt kurzfristig Kosten und steigert langfristig Produktivit\u00e4t und Rentabilit\u00e4t. Wer junge Talente gewinnt, investiert in die Zukunft seines Unternehmens.&#8221;}]},{&#8220;component&#8221;:&#8221;hc_column&#8221;,&#8221;id&#8221;:&#8221;column_7aIP1&#8243;,&#8221;column_width&#8221;:&#8221;col-md-12&#8243;,&#8221;animation&#8221;:&#8221;&#8221;,&#8221;animation_time&#8221;:&#8221;&#8221;,&#8221;timeline_animation&#8221;:&#8221;&#8221;,&#8221;timeline_delay&#8221;:&#8221;&#8221;,&#8221;timeline_order&#8221;:&#8221;&#8221;,&#8221;css_classes&#8221;:&#8221;&#8221;,&#8221;custom_css_classes&#8221;:&#8221;socialbox&#8221;,&#8221;custom_css_styles&#8221;:&#8221;&#8221;,&#8221;main_content&#8221;:[{&#8220;component&#8221;:&#8221;hc_space&#8221;,&#8221;id&#8221;:&#8221;Hdg76&#8243;,&#8221;css_classes&#8221;:&#8221;&#8221;,&#8221;custom_css_classes&#8221;:&#8221;&#8221;,&#8221;custom_css_styles&#8221;:&#8221;&#8221;,&#8221;size&#8221;:&#8221;space-sm&#8221;,&#8221;height&#8221;:&#8221;&#8221;},{&#8220;component&#8221;:&#8221;hc_text_block&#8221;,&#8221;id&#8221;:&#8221;zmr0F&#8221;,&#8221;css_classes&#8221;:&#8221;&#8221;,&#8221;custom_css_classes&#8221;:&#8221;&#8221;,&#8221;custom_css_styles&#8221;:&#8221;&#8221;,&#8221;content&#8221;:&#8221;Teilen:&#8221;},{&#8220;component&#8221;:&#8221;hc_social_share_buttons&#8221;,&#8221;id&#8221;:&#8221;P7L30&#8243;,&#8221;css_classes&#8221;:&#8221;&#8221;,&#8221;custom_css_classes&#8221;:&#8221;&#8221;,&#8221;custom_css_styles&#8221;:&#8221;&#8221;,&#8221;style&#8221;:&#8221;icon-links-button&#8221;,&#8221;size&#8221;:&#8221;&#8221;,&#8221;alignment&#8221;:&#8221;&#8221;,&#8221;type&#8221;:&#8221;&#8221;,&#8221;social_colors&#8221;:true,&#8221;fb&#8221;:true,&#8221;fb_link&#8221;:&#8221;&#8221;,&#8221;tw&#8221;:true,&#8221;tw_link&#8221;:&#8221;&#8221;,&#8221;pi&#8221;:true,&#8221;pi_link&#8221;:&#8221;&#8221;,&#8221;li&#8221;:true,&#8221;li_link&#8221;:&#8221;&#8221;}]}],&#8221;section_settings&#8221;:&#8221;&#8221;},&#8221;section_dDpN7&#8243;:{&#8220;component&#8221;:&#8221;hc_section&#8221;,&#8221;id&#8221;:&#8221;section_dDpN7&#8243;,&#8221;section_width&#8221;:&#8221;&#8221;,&#8221;animation&#8221;:&#8221;&#8221;,&#8221;animation_time&#8221;:&#8221;&#8221;,&#8221;timeline_animation&#8221;:&#8221;&#8221;,&#8221;timeline_delay&#8221;:&#8221;&#8221;,&#8221;timeline_order&#8221;:&#8221;&#8221;,&#8221;vertical_row&#8221;:&#8221;&#8221;,&#8221;css_classes&#8221;:&#8221;section-color &#8220;,&#8221;custom_css_classes&#8221;:&#8221;&#8221;,&#8221;custom_css_styles&#8221;:&#8221;&#8221;,&#8221;section_content&#8221;:[{&#8220;component&#8221;:&#8221;hc_column&#8221;,&#8221;id&#8221;:&#8221;XLZ44&#8243;,&#8221;column_width&#8221;:&#8221;col-md-12&#8243;,&#8221;animation&#8221;:&#8221;&#8221;,&#8221;animation_time&#8221;:&#8221;&#8221;,&#8221;timeline_animation&#8221;:&#8221;&#8221;,&#8221;timeline_delay&#8221;:&#8221;&#8221;,&#8221;timeline_order&#8221;:&#8221;&#8221;,&#8221;css_classes&#8221;:&#8221;&#8221;,&#8221;custom_css_classes&#8221;:&#8221;&#8221;,&#8221;custom_css_styles&#8221;:&#8221;&#8221;,&#8221;main_content&#8221;:[{&#8220;component&#8221;:&#8221;hc_title_tag&#8221;,&#8221;id&#8221;:&#8221;4AoyD&#8221;,&#8221;css_classes&#8221;:&#8221;&#8221;,&#8221;custom_css_classes&#8221;:&#8221;&#8221;,&#8221;custom_css_styles&#8221;:&#8221;&#8221;,&#8221;text&#8221;:&#8221;In Verbindung stehende Artikel&#8221;,&#8221;tag&#8221;:&#8221;h2&#8243;},{&#8220;component&#8221;:&#8221;hc_space&#8221;,&#8221;id&#8221;:&#8221;TsAHd&#8221;,&#8221;css_classes&#8221;:&#8221;&#8221;,&#8221;custom_css_classes&#8221;:&#8221;&#8221;,&#8221;custom_css_styles&#8221;:&#8221;&#8221;,&#8221;size&#8221;:&#8221;space&#8221;,&#8221;height&#8221;:&#8221;&#8221;},{&#8220;component&#8221;:&#8221;hc_pt_grid_list&#8221;,&#8221;id&#8221;:&#8221;J9IEW&#8221;,&#8221;css_classes&#8221;:&#8221;&#8221;,&#8221;custom_css_classes&#8221;:&#8221;&#8221;,&#8221;custom_css_styles&#8221;:&#8221;&#8221;,&#8221;post_type_slug&#8221;:&#8221;post&#8221;,&#8221;post_type_category&#8221;:&#8221;&#8221;,&#8221;column&#8221;:&#8221;2&#8243;,&#8221;column_lg&#8221;:&#8221;2&#8243;,&#8221;column_md&#8221;:&#8221;2&#8243;,&#8221;column_sm&#8221;:&#8221;1&#8243;,&#8221;column_xs&#8221;:&#8221;1&#8243;,&#8221;margins&#8221;:&#8221;&#8221;,&#8221;pag_type&#8221;:&#8221;load_more&#8221;,&#8221;pag_items&#8221;:&#8221;2&#8243;,&#8221;pag_size&#8221;:&#8221;&#8221;,&#8221;pag_animation&#8221;:&#8221;fade-top&#8221;,&#8221;pag_scroll_top&#8221;:false,&#8221;pag_position&#8221;:&#8221;align-center&#8221;,&#8221;pag_button_prev&#8221;:&#8221;&#8221;,&#8221;pag_button_next&#8221;:&#8221;&#8221;,&#8221;lm_lazy&#8221;:false,&#8221;lm_button_text&#8221;:&#8221;Load More&#8221;,&#8221;box&#8221;:&#8221;blog_top&#8221;,&#8221;boxed&#8221;:true,&#8221;extra&#8221;:false,&#8221;content&#8221;:&#8221;&#8221;,&#8221;title_length&#8221;:&#8221;36&#8243;,&#8221;excerpt_length&#8221;:&#8221;75&#8243;,&#8221;title_size&#8221;:&#8221;text-md&#8221;,&#8221;custom_css&#8221;:&#8221;&#8221;,&#8221;button_text&#8221;:&#8221;&#8221;,&#8221;button_style&#8221;:&#8221;square&#8221;,&#8221;button_dimensions&#8221;:&#8221;btn-lg&#8221;,&#8221;button_animation&#8221;:false,&#8221;button_icon&#8221;:&#8221;&#8221;}]}],&#8221;section_settings&#8221;:&#8221;&#8221;},&#8221;scripts&#8221;:{&#8220;lightbox&#8221;:&#8221;magnific-popup.min.js&#8221;,&#8221;pagination&#8221;:&#8221;pagination.min.js&#8221;},&#8221;css&#8221;:{&#8220;lightbox&#8221;:&#8221;css\/magnific-popup.css&#8221;,&#8221;content_box&#8221;:&#8221;css\/content-box.css&#8221;,&#8221;media_box&#8221;:&#8221;css\/media-box.css&#8221;},&#8221;css_page&#8221;:&#8221;&#8221;,&#8221;template_setting&#8221;:{},&#8221;template_setting_top&#8221;:{},&#8221;page_setting&#8221;:{&#8220;settings&#8221;:[&#8220;lock-mode-off&#8221;]},&#8221;post_type_setting&#8221;:{&#8220;settings&#8221;:{&#8220;image&#8221;:&#8221;https:\/\/www.cigdemguven.com\/medias\/2025\/08\/cigdem-guven-z-kusagi.jpg|714|1024|3864&#8243;,&#8221;excerpt&#8221;:&#8221;Einer der h\u00e4ufigsten Klagen in der heutigen Gesch\u00e4ftswelt lautet:\u00a0\u201eJunge Mitarbeiter sind schwierig, illoyal und ungeduldig.\u201c\u00a0Von Kaffeepausen bis zu Vorstandssitzungen hat sich die Kritik an der Generation Z wie ein Lauffeuer verbreitet. Doch die greifbaren Kosten dieser Haltung werden oft \u00fcbersehen. Junge Talente nicht zu verstehen \u2013 und ihnen mit Vorurteilen zu begegnen \u2013 ist nicht nur ein Problem der Personalabteilung, sondern ein strategisches Thema, das Produktivit\u00e4t und Rentabilit\u00e4t direkt beeinflusst.&#8221;,&#8221;extra_1&#8243;:&#8221;Bloggen&#8221;,&#8221;extra_2&#8243;:&#8221;&#8221;,&#8221;icon&#8221;:{&#8220;icon&#8221;:&#8221;&#8221;,&#8221;icon_style&#8221;:&#8221;&#8221;,&#8221;icon_image&#8221;:&#8221;&#8221;}}}}<\/p>\n","protected":false},"excerpt":{"rendered":"<p>Einer der h\u00e4ufigsten Klagen in der heutigen Gesch\u00e4ftswelt lautet:\u00a0\u201eJunge Mitarbeiter sind schwierig, illoyal und ungeduldig.\u201c\u00a0Von Kaffeepausen bis zu Vorstandssitzungen hat sich die Kritik an der Generation Z wie ein Lauffeuer verbreitet. Doch die greifbaren Kosten dieser Haltung werden oft \u00fcbersehen. Junge Talente nicht zu verstehen \u2013 und ihnen mit Vorurteilen zu begegnen \u2013 ist nicht nur ein Problem der Personalabteilung, sondern ein strategisches Thema, das Produktivit\u00e4t und Rentabilit\u00e4t direkt beeinflusst.<\/p>\n","protected":false},"author":1,"featured_media":3864,"comment_status":"closed","ping_status":"open","sticky":false,"template":"","format":"standard","meta":{"footnotes":""},"categories":[45,41],"tags":[],"class_list":["post-3859","post","type-post","status-publish","format-standard","has-post-thumbnail","hentry","category-bloggen","category-unkategorisiert"],"yoast_head":"\n<title>Generation Z: Nicht nur ein Spiegel, sondern auch ein Kostenfaktor \u2013 Der Preis daf\u00fcr, junge Talente nicht zu verstehen | \u00c7i\u011fdem G\u00fcven Management Consulting &amp; Coaching &amp; Mentoring Services<\/title>\n<meta name=\"robots\" content=\"index, follow, max-snippet:-1, max-image-preview:large, max-video-preview:-1\" \/>\n<link rel=\"canonical\" href=\"https:\/\/www.cigdemguven.com\/de\/bloggen\/generation-z-nicht-nur-ein-spiegel-sondern-auch-ein-kostenfaktor-der-preis-dafuer-junge-talente-nicht-zu-verstehen\/\" \/>\n<meta property=\"og:locale\" content=\"de_DE\" \/>\n<meta property=\"og:type\" content=\"article\" \/>\n<meta property=\"og:title\" content=\"Generation Z: Nicht nur ein Spiegel, sondern auch ein Kostenfaktor \u2013 Der Preis daf\u00fcr, junge Talente nicht zu verstehen | \u00c7i\u011fdem G\u00fcven Management Consulting &amp; Coaching &amp; Mentoring Services\" \/>\n<meta property=\"og:description\" content=\"Einer der h\u00e4ufigsten Klagen in der heutigen Gesch\u00e4ftswelt lautet:\u00a0\u201eJunge Mitarbeiter sind schwierig, illoyal und ungeduldig.\u201c\u00a0Von Kaffeepausen bis zu Vorstandssitzungen hat sich die Kritik an der Generation Z wie ein Lauffeuer verbreitet. Doch die greifbaren Kosten dieser Haltung werden oft \u00fcbersehen. Junge Talente nicht zu verstehen \u2013 und ihnen mit Vorurteilen zu begegnen \u2013 ist nicht nur ein Problem der Personalabteilung, sondern ein strategisches Thema, das Produktivit\u00e4t und Rentabilit\u00e4t direkt beeinflusst.\" \/>\n<meta property=\"og:url\" content=\"https:\/\/www.cigdemguven.com\/de\/bloggen\/generation-z-nicht-nur-ein-spiegel-sondern-auch-ein-kostenfaktor-der-preis-dafuer-junge-talente-nicht-zu-verstehen\/\" \/>\n<meta property=\"og:site_name\" content=\"\u00c7i\u011fdem G\u00fcven Management Consulting &amp; Coaching &amp; Mentoring Services\" \/>\n<meta property=\"article:publisher\" content=\"https:\/\/www.facebook.com\/cigdemguvendanisman\" \/>\n<meta property=\"article:published_time\" content=\"2025-08-14T09:37:25+00:00\" \/>\n<meta property=\"article:modified_time\" content=\"2025-08-22T09:53:40+00:00\" \/>\n<meta property=\"og:image\" content=\"https:\/\/www.cigdemguven.com\/medias\/2025\/08\/cigdem-guven-z-kusagi.jpg\" \/>\n\t<meta property=\"og:image:width\" content=\"1024\" \/>\n\t<meta property=\"og:image:height\" content=\"714\" \/>\n\t<meta property=\"og:image:type\" content=\"image\/jpeg\" \/>\n<meta name=\"author\" content=\"\u00c7i\u011fdem G\u00fcven\" \/>\n<meta name=\"twitter:card\" content=\"summary_large_image\" \/>\n<meta name=\"twitter:creator\" content=\"@cigdemguvencom\" \/>\n<meta name=\"twitter:site\" content=\"@cigdemguvencom\" \/>\n<meta name=\"twitter:label1\" content=\"Verfasst von\" \/>\n\t<meta name=\"twitter:data1\" content=\"\u00c7i\u011fdem G\u00fcven\" \/>\n\t<meta name=\"twitter:label2\" content=\"Gesch\u00e4tzte Lesezeit\" \/>\n\t<meta name=\"twitter:data2\" content=\"6\u00a0Minuten\" \/>\n<script type=\"application\/ld+json\" class=\"yoast-schema-graph\">{\"@context\":\"https:\/\/schema.org\",\"@graph\":[{\"@type\":\"Article\",\"@id\":\"https:\/\/www.cigdemguven.com\/de\/bloggen\/generation-z-nicht-nur-ein-spiegel-sondern-auch-ein-kostenfaktor-der-preis-dafuer-junge-talente-nicht-zu-verstehen\/#article\",\"isPartOf\":{\"@id\":\"https:\/\/www.cigdemguven.com\/de\/bloggen\/generation-z-nicht-nur-ein-spiegel-sondern-auch-ein-kostenfaktor-der-preis-dafuer-junge-talente-nicht-zu-verstehen\/\"},\"author\":{\"name\":\"\u00c7i\u011fdem G\u00fcven\",\"@id\":\"https:\/\/www.cigdemguven.com\/de\/#\/schema\/person\/abd506d3b37ae4dd04e7393ca6ac5921\"},\"headline\":\"Generation Z: Nicht nur ein Spiegel, sondern auch ein Kostenfaktor \u2013 Der Preis daf\u00fcr, junge Talente nicht zu verstehen\",\"datePublished\":\"2025-08-14T09:37:25+00:00\",\"dateModified\":\"2025-08-22T09:53:40+00:00\",\"mainEntityOfPage\":{\"@id\":\"https:\/\/www.cigdemguven.com\/de\/bloggen\/generation-z-nicht-nur-ein-spiegel-sondern-auch-ein-kostenfaktor-der-preis-dafuer-junge-talente-nicht-zu-verstehen\/\"},\"wordCount\":1154,\"publisher\":{\"@id\":\"https:\/\/www.cigdemguven.com\/de\/#organization\"},\"articleSection\":[\"Bloggen\",\"Unkategorisiert\"],\"inLanguage\":\"de\"},{\"@type\":\"WebPage\",\"@id\":\"https:\/\/www.cigdemguven.com\/de\/bloggen\/generation-z-nicht-nur-ein-spiegel-sondern-auch-ein-kostenfaktor-der-preis-dafuer-junge-talente-nicht-zu-verstehen\/\",\"url\":\"https:\/\/www.cigdemguven.com\/de\/bloggen\/generation-z-nicht-nur-ein-spiegel-sondern-auch-ein-kostenfaktor-der-preis-dafuer-junge-talente-nicht-zu-verstehen\/\",\"name\":\"Generation Z: Nicht nur ein Spiegel, sondern auch ein Kostenfaktor \u2013 Der Preis daf\u00fcr, junge Talente nicht zu verstehen | \u00c7i\u011fdem G\u00fcven Management Consulting &amp; Coaching &amp; Mentoring Services\",\"isPartOf\":{\"@id\":\"https:\/\/www.cigdemguven.com\/de\/#website\"},\"datePublished\":\"2025-08-14T09:37:25+00:00\",\"dateModified\":\"2025-08-22T09:53:40+00:00\",\"breadcrumb\":{\"@id\":\"https:\/\/www.cigdemguven.com\/de\/bloggen\/generation-z-nicht-nur-ein-spiegel-sondern-auch-ein-kostenfaktor-der-preis-dafuer-junge-talente-nicht-zu-verstehen\/#breadcrumb\"},\"inLanguage\":\"de\",\"potentialAction\":[{\"@type\":\"ReadAction\",\"target\":[\"https:\/\/www.cigdemguven.com\/de\/bloggen\/generation-z-nicht-nur-ein-spiegel-sondern-auch-ein-kostenfaktor-der-preis-dafuer-junge-talente-nicht-zu-verstehen\/\"]}]},{\"@type\":\"BreadcrumbList\",\"@id\":\"https:\/\/www.cigdemguven.com\/de\/bloggen\/generation-z-nicht-nur-ein-spiegel-sondern-auch-ein-kostenfaktor-der-preis-dafuer-junge-talente-nicht-zu-verstehen\/#breadcrumb\",\"itemListElement\":[{\"@type\":\"ListItem\",\"position\":1,\"name\":\"Home\",\"item\":\"https:\/\/www.cigdemguven.com\/de\/\"},{\"@type\":\"ListItem\",\"position\":2,\"name\":\"Generation Z: Nicht nur ein Spiegel, sondern auch ein Kostenfaktor \u2013 Der Preis daf\u00fcr, junge Talente nicht zu verstehen\"}]},{\"@type\":\"WebSite\",\"@id\":\"https:\/\/www.cigdemguven.com\/de\/#website\",\"url\":\"https:\/\/www.cigdemguven.com\/de\/\",\"name\":\"\u00c7i\u011fdem G\u00fcven Management Consulting &amp; Coaching &amp; Mentoring Services\",\"description\":\"Management Consulting &amp; Coaching &amp; Mentoring Services\",\"publisher\":{\"@id\":\"https:\/\/www.cigdemguven.com\/de\/#organization\"},\"potentialAction\":[{\"@type\":\"SearchAction\",\"target\":{\"@type\":\"EntryPoint\",\"urlTemplate\":\"https:\/\/www.cigdemguven.com\/de\/?s={search_term_string}\"},\"query-input\":\"required name=search_term_string\"}],\"inLanguage\":\"de\"},{\"@type\":\"Organization\",\"@id\":\"https:\/\/www.cigdemguven.com\/de\/#organization\",\"name\":\"\u00c7i\u011fdem G\u00fcven Management Consulting & Coaching & Mentoring Services\",\"url\":\"https:\/\/www.cigdemguven.com\/de\/\",\"logo\":{\"@type\":\"ImageObject\",\"inLanguage\":\"de\",\"@id\":\"https:\/\/www.cigdemguven.com\/de\/#\/schema\/logo\/image\/\",\"url\":\"https:\/\/www.cigdemguven.com\/medias\/2021\/12\/cigdem-guven-logo.svg\",\"contentUrl\":\"https:\/\/www.cigdemguven.com\/medias\/2021\/12\/cigdem-guven-logo.svg\",\"width\":1,\"height\":1,\"caption\":\"\u00c7i\u011fdem G\u00fcven Management Consulting & Coaching & Mentoring Services\"},\"image\":{\"@id\":\"https:\/\/www.cigdemguven.com\/de\/#\/schema\/logo\/image\/\"},\"sameAs\":[\"https:\/\/www.facebook.com\/cigdemguvendanisman\",\"https:\/\/twitter.com\/cigdemguvencom\",\"https:\/\/www.instagram.com\/cigdemguvendanismanlik\/\",\"https:\/\/www.linkedin.com\/in\/cigdemguvendanismanlik\/\"]},{\"@type\":\"Person\",\"@id\":\"https:\/\/www.cigdemguven.com\/de\/#\/schema\/person\/abd506d3b37ae4dd04e7393ca6ac5921\",\"name\":\"\u00c7i\u011fdem G\u00fcven\",\"sameAs\":[\"https:\/\/www.cigdemguven.com\"],\"url\":\"https:\/\/www.cigdemguven.com\/de\/author\/cigdemguven\/\"}]}<\/script>\n","yoast_head_json":{"title":"Generation Z: Nicht nur ein Spiegel, sondern auch ein Kostenfaktor \u2013 Der Preis daf\u00fcr, junge Talente nicht zu verstehen | \u00c7i\u011fdem G\u00fcven Management Consulting &amp; Coaching &amp; Mentoring Services","robots":{"index":"index","follow":"follow","max-snippet":"max-snippet:-1","max-image-preview":"max-image-preview:large","max-video-preview":"max-video-preview:-1"},"canonical":"https:\/\/www.cigdemguven.com\/de\/bloggen\/generation-z-nicht-nur-ein-spiegel-sondern-auch-ein-kostenfaktor-der-preis-dafuer-junge-talente-nicht-zu-verstehen\/","og_locale":"de_DE","og_type":"article","og_title":"Generation Z: Nicht nur ein Spiegel, sondern auch ein Kostenfaktor \u2013 Der Preis daf\u00fcr, junge Talente nicht zu verstehen | \u00c7i\u011fdem G\u00fcven Management Consulting &amp; Coaching &amp; Mentoring Services","og_description":"Einer der h\u00e4ufigsten Klagen in der heutigen Gesch\u00e4ftswelt lautet:\u00a0\u201eJunge Mitarbeiter sind schwierig, illoyal und ungeduldig.\u201c\u00a0Von Kaffeepausen bis zu Vorstandssitzungen hat sich die Kritik an der Generation Z wie ein Lauffeuer verbreitet. Doch die greifbaren Kosten dieser Haltung werden oft \u00fcbersehen. Junge Talente nicht zu verstehen \u2013 und ihnen mit Vorurteilen zu begegnen \u2013 ist nicht nur ein Problem der Personalabteilung, sondern ein strategisches Thema, das Produktivit\u00e4t und Rentabilit\u00e4t direkt beeinflusst.","og_url":"https:\/\/www.cigdemguven.com\/de\/bloggen\/generation-z-nicht-nur-ein-spiegel-sondern-auch-ein-kostenfaktor-der-preis-dafuer-junge-talente-nicht-zu-verstehen\/","og_site_name":"\u00c7i\u011fdem G\u00fcven Management Consulting &amp; Coaching &amp; Mentoring Services","article_publisher":"https:\/\/www.facebook.com\/cigdemguvendanisman","article_published_time":"2025-08-14T09:37:25+00:00","article_modified_time":"2025-08-22T09:53:40+00:00","og_image":[{"width":1024,"height":714,"url":"https:\/\/www.cigdemguven.com\/medias\/2025\/08\/cigdem-guven-z-kusagi.jpg","type":"image\/jpeg"}],"author":"\u00c7i\u011fdem G\u00fcven","twitter_card":"summary_large_image","twitter_creator":"@cigdemguvencom","twitter_site":"@cigdemguvencom","twitter_misc":{"Verfasst von":"\u00c7i\u011fdem G\u00fcven","Gesch\u00e4tzte Lesezeit":"6\u00a0Minuten"},"schema":{"@context":"https:\/\/schema.org","@graph":[{"@type":"Article","@id":"https:\/\/www.cigdemguven.com\/de\/bloggen\/generation-z-nicht-nur-ein-spiegel-sondern-auch-ein-kostenfaktor-der-preis-dafuer-junge-talente-nicht-zu-verstehen\/#article","isPartOf":{"@id":"https:\/\/www.cigdemguven.com\/de\/bloggen\/generation-z-nicht-nur-ein-spiegel-sondern-auch-ein-kostenfaktor-der-preis-dafuer-junge-talente-nicht-zu-verstehen\/"},"author":{"name":"\u00c7i\u011fdem G\u00fcven","@id":"https:\/\/www.cigdemguven.com\/de\/#\/schema\/person\/abd506d3b37ae4dd04e7393ca6ac5921"},"headline":"Generation Z: Nicht nur ein Spiegel, sondern auch ein Kostenfaktor \u2013 Der Preis daf\u00fcr, junge Talente nicht zu verstehen","datePublished":"2025-08-14T09:37:25+00:00","dateModified":"2025-08-22T09:53:40+00:00","mainEntityOfPage":{"@id":"https:\/\/www.cigdemguven.com\/de\/bloggen\/generation-z-nicht-nur-ein-spiegel-sondern-auch-ein-kostenfaktor-der-preis-dafuer-junge-talente-nicht-zu-verstehen\/"},"wordCount":1154,"publisher":{"@id":"https:\/\/www.cigdemguven.com\/de\/#organization"},"articleSection":["Bloggen","Unkategorisiert"],"inLanguage":"de"},{"@type":"WebPage","@id":"https:\/\/www.cigdemguven.com\/de\/bloggen\/generation-z-nicht-nur-ein-spiegel-sondern-auch-ein-kostenfaktor-der-preis-dafuer-junge-talente-nicht-zu-verstehen\/","url":"https:\/\/www.cigdemguven.com\/de\/bloggen\/generation-z-nicht-nur-ein-spiegel-sondern-auch-ein-kostenfaktor-der-preis-dafuer-junge-talente-nicht-zu-verstehen\/","name":"Generation Z: Nicht nur ein Spiegel, sondern auch ein Kostenfaktor \u2013 Der Preis daf\u00fcr, junge Talente nicht zu verstehen | \u00c7i\u011fdem G\u00fcven Management Consulting &amp; Coaching &amp; Mentoring Services","isPartOf":{"@id":"https:\/\/www.cigdemguven.com\/de\/#website"},"datePublished":"2025-08-14T09:37:25+00:00","dateModified":"2025-08-22T09:53:40+00:00","breadcrumb":{"@id":"https:\/\/www.cigdemguven.com\/de\/bloggen\/generation-z-nicht-nur-ein-spiegel-sondern-auch-ein-kostenfaktor-der-preis-dafuer-junge-talente-nicht-zu-verstehen\/#breadcrumb"},"inLanguage":"de","potentialAction":[{"@type":"ReadAction","target":["https:\/\/www.cigdemguven.com\/de\/bloggen\/generation-z-nicht-nur-ein-spiegel-sondern-auch-ein-kostenfaktor-der-preis-dafuer-junge-talente-nicht-zu-verstehen\/"]}]},{"@type":"BreadcrumbList","@id":"https:\/\/www.cigdemguven.com\/de\/bloggen\/generation-z-nicht-nur-ein-spiegel-sondern-auch-ein-kostenfaktor-der-preis-dafuer-junge-talente-nicht-zu-verstehen\/#breadcrumb","itemListElement":[{"@type":"ListItem","position":1,"name":"Home","item":"https:\/\/www.cigdemguven.com\/de\/"},{"@type":"ListItem","position":2,"name":"Generation Z: Nicht nur ein Spiegel, sondern auch ein Kostenfaktor \u2013 Der Preis daf\u00fcr, junge Talente nicht zu verstehen"}]},{"@type":"WebSite","@id":"https:\/\/www.cigdemguven.com\/de\/#website","url":"https:\/\/www.cigdemguven.com\/de\/","name":"\u00c7i\u011fdem G\u00fcven Management Consulting &amp; Coaching &amp; Mentoring Services","description":"Management Consulting &amp; Coaching &amp; Mentoring Services","publisher":{"@id":"https:\/\/www.cigdemguven.com\/de\/#organization"},"potentialAction":[{"@type":"SearchAction","target":{"@type":"EntryPoint","urlTemplate":"https:\/\/www.cigdemguven.com\/de\/?s={search_term_string}"},"query-input":"required name=search_term_string"}],"inLanguage":"de"},{"@type":"Organization","@id":"https:\/\/www.cigdemguven.com\/de\/#organization","name":"\u00c7i\u011fdem G\u00fcven Management Consulting & Coaching & Mentoring Services","url":"https:\/\/www.cigdemguven.com\/de\/","logo":{"@type":"ImageObject","inLanguage":"de","@id":"https:\/\/www.cigdemguven.com\/de\/#\/schema\/logo\/image\/","url":"https:\/\/www.cigdemguven.com\/medias\/2021\/12\/cigdem-guven-logo.svg","contentUrl":"https:\/\/www.cigdemguven.com\/medias\/2021\/12\/cigdem-guven-logo.svg","width":1,"height":1,"caption":"\u00c7i\u011fdem G\u00fcven Management Consulting & Coaching & Mentoring Services"},"image":{"@id":"https:\/\/www.cigdemguven.com\/de\/#\/schema\/logo\/image\/"},"sameAs":["https:\/\/www.facebook.com\/cigdemguvendanisman","https:\/\/twitter.com\/cigdemguvencom","https:\/\/www.instagram.com\/cigdemguvendanismanlik\/","https:\/\/www.linkedin.com\/in\/cigdemguvendanismanlik\/"]},{"@type":"Person","@id":"https:\/\/www.cigdemguven.com\/de\/#\/schema\/person\/abd506d3b37ae4dd04e7393ca6ac5921","name":"\u00c7i\u011fdem G\u00fcven","sameAs":["https:\/\/www.cigdemguven.com"],"url":"https:\/\/www.cigdemguven.com\/de\/author\/cigdemguven\/"}]}},"_links":{"self":[{"href":"https:\/\/www.cigdemguven.com\/de\/wp-json\/wp\/v2\/posts\/3859","targetHints":{"allow":["GET"]}}],"collection":[{"href":"https:\/\/www.cigdemguven.com\/de\/wp-json\/wp\/v2\/posts"}],"about":[{"href":"https:\/\/www.cigdemguven.com\/de\/wp-json\/wp\/v2\/types\/post"}],"author":[{"embeddable":true,"href":"https:\/\/www.cigdemguven.com\/de\/wp-json\/wp\/v2\/users\/1"}],"replies":[{"embeddable":true,"href":"https:\/\/www.cigdemguven.com\/de\/wp-json\/wp\/v2\/comments?post=3859"}],"version-history":[{"count":3,"href":"https:\/\/www.cigdemguven.com\/de\/wp-json\/wp\/v2\/posts\/3859\/revisions"}],"predecessor-version":[{"id":3873,"href":"https:\/\/www.cigdemguven.com\/de\/wp-json\/wp\/v2\/posts\/3859\/revisions\/3873"}],"wp:featuredmedia":[{"embeddable":true,"href":"https:\/\/www.cigdemguven.com\/de\/wp-json\/wp\/v2\/media\/3864"}],"wp:attachment":[{"href":"https:\/\/www.cigdemguven.com\/de\/wp-json\/wp\/v2\/media?parent=3859"}],"wp:term":[{"taxonomy":"category","embeddable":true,"href":"https:\/\/www.cigdemguven.com\/de\/wp-json\/wp\/v2\/categories?post=3859"},{"taxonomy":"post_tag","embeddable":true,"href":"https:\/\/www.cigdemguven.com\/de\/wp-json\/wp\/v2\/tags?post=3859"}],"curies":[{"name":"wp","href":"https:\/\/api.w.org\/{rel}","templated":true}]}}