{"id":3856,"date":"2025-06-05T11:59:06","date_gmt":"2025-06-05T08:59:06","guid":{"rendered":"https:\/\/www.cigdemguven.com\/unkategorisiert\/the-new-face-of-entrepreneurship-women-leading-the-change\/"},"modified":"2025-08-22T12:36:11","modified_gmt":"2025-08-22T09:36:11","slug":"das-neue-gesicht-des-unternehmertums-frauen-fuehren-den-wandel-an","status":"publish","type":"post","link":"https:\/\/www.cigdemguven.com\/de\/bloggen\/das-neue-gesicht-des-unternehmertums-frauen-fuehren-den-wandel-an\/","title":{"rendered":"Das Neue Gesicht des Unternehmertums: Frauen f\u00fchren den Wandel an"},"content":{"rendered":"<p>{&#8220;main-title&#8221;:{&#8220;component&#8221;:&#8221;hc_title&#8221;,&#8221;id&#8221;:&#8221;main-title&#8221;,&#8221;title&#8221;:&#8221;&#8221;,&#8221;subtitle&#8221;:&#8221;&#8221;,&#8221;title_content&#8221;:{&#8220;component&#8221;:&#8221;hc_title_empty&#8221;,&#8221;id&#8221;:&#8221;title-empty&#8221;}},&#8221;section_QvNqz&#8221;:{&#8220;component&#8221;:&#8221;hc_section&#8221;,&#8221;id&#8221;:&#8221;section_QvNqz&#8221;,&#8221;section_width&#8221;:&#8221;&#8221;,&#8221;animation&#8221;:&#8221;&#8221;,&#8221;animation_time&#8221;:&#8221;&#8221;,&#8221;timeline_animation&#8221;:&#8221;&#8221;,&#8221;timeline_delay&#8221;:&#8221;&#8221;,&#8221;timeline_order&#8221;:&#8221;&#8221;,&#8221;vertical_row&#8221;:&#8221;&#8221;,&#8221;css_classes&#8221;:&#8221;section-color no-padding-bottom no-padding-top &#8220;,&#8221;custom_css_classes&#8221;:&#8221;containerblog&#8221;,&#8221;custom_css_styles&#8221;:&#8221;&#8221;,&#8221;section_content&#8221;:[{&#8220;component&#8221;:&#8221;hc_column&#8221;,&#8221;id&#8221;:&#8221;P1FCZ&#8221;,&#8221;column_width&#8221;:&#8221;col-md-12&#8243;,&#8221;animation&#8221;:&#8221;&#8221;,&#8221;animation_time&#8221;:&#8221;&#8221;,&#8221;timeline_animation&#8221;:&#8221;&#8221;,&#8221;timeline_delay&#8221;:&#8221;&#8221;,&#8221;timeline_order&#8221;:&#8221;&#8221;,&#8221;css_classes&#8221;:&#8221;boxed-area align-items-center &#8220;,&#8221;custom_css_classes&#8221;:&#8221;&#8221;,&#8221;custom_css_styles&#8221;:&#8221;&#8221;,&#8221;main_content&#8221;:[{&#8220;component&#8221;:&#8221;hc_title_tag&#8221;,&#8221;id&#8221;:&#8221;5ZtkF&#8221;,&#8221;css_classes&#8221;:&#8221;&#8221;,&#8221;custom_css_classes&#8221;:&#8221;&#8221;,&#8221;custom_css_styles&#8221;:&#8221;&#8221;,&#8221;text&#8221;:&#8221;Das Neue Gesicht des Unternehmertums: Frauen f\u00fchren den Wandel an&#8221;,&#8221;tag&#8221;:&#8221;h1&#8243;},{&#8220;component&#8221;:&#8221;hc_image_box&#8221;,&#8221;id&#8221;:&#8221;P92Nk&#8221;,&#8221;css_classes&#8221;:&#8221;&#8221;,&#8221;custom_css_classes&#8221;:&#8221;&#8221;,&#8221;custom_css_styles&#8221;:&#8221;&#8221;,&#8221;image&#8221;:&#8221;https:\/\/www.cigdemguven.com\/medias\/2025\/08\/cigdem-guven-kadin-girisimci.jpg|714|1024|3844&#8243;,&#8221;link_type&#8221;:&#8221;lightbox&#8221;,&#8221;lightbox_animation&#8221;:&#8221;&#8221;,&#8221;caption&#8221;:&#8221;Das Neue Gesicht des Unternehmertums: Frauen f\u00fchren den Wandel an&#8221;,&#8221;inner_caption&#8221;:false,&#8221;new_window&#8221;:false,&#8221;link&#8221;:&#8221;https:\/\/www.cigdemguven.com\/medias\/2025\/08\/cigdem-guven-kadin-girisimci.jpg&#8221;,&#8221;link_content&#8221;:[],&#8221;lightbox_size&#8221;:&#8221;&#8221;,&#8221;scrollbox&#8221;:false,&#8221;icon&#8221;:&#8221;&#8221;,&#8221;image_animation&#8221;:&#8221;&#8221;,&#8221;icon_animation&#8221;:&#8221;&#8221;,&#8221;thumb_size&#8221;:&#8221;full&#8221;,&#8221;icon_hidden&#8221;:true,&#8221;caption_img_box&#8221;:&#8221;&#8221;,&#8221;alt&#8221;:&#8221;&#8221;}]}],&#8221;section_settings&#8221;:&#8221;&#8221;},&#8221;section_aSGAU&#8221;:{&#8220;component&#8221;:&#8221;hc_section&#8221;,&#8221;id&#8221;:&#8221;section_aSGAU&#8221;,&#8221;section_width&#8221;:&#8221;&#8221;,&#8221;animation&#8221;:&#8221;&#8221;,&#8221;animation_time&#8221;:&#8221;&#8221;,&#8221;timeline_animation&#8221;:&#8221;&#8221;,&#8221;timeline_delay&#8221;:&#8221;&#8221;,&#8221;timeline_order&#8221;:&#8221;&#8221;,&#8221;vertical_row&#8221;:&#8221;&#8221;,&#8221;css_classes&#8221;:&#8221;no-padding-bottom no-padding-top &#8220;,&#8221;custom_css_classes&#8221;:&#8221;blogtext&#8221;,&#8221;custom_css_styles&#8221;:&#8221;&#8221;,&#8221;section_content&#8221;:[{&#8220;component&#8221;:&#8221;hc_column&#8221;,&#8221;id&#8221;:&#8221;column_0qrhK&#8221;,&#8221;column_width&#8221;:&#8221;col-md-12&#8243;,&#8221;animation&#8221;:&#8221;&#8221;,&#8221;animation_time&#8221;:&#8221;&#8221;,&#8221;timeline_animation&#8221;:&#8221;&#8221;,&#8221;timeline_delay&#8221;:&#8221;&#8221;,&#8221;timeline_order&#8221;:&#8221;&#8221;,&#8221;css_classes&#8221;:&#8221;&#8221;,&#8221;custom_css_classes&#8221;:&#8221;&#8221;,&#8221;custom_css_styles&#8221;:&#8221;&#8221;,&#8221;main_content&#8221;:[{&#8220;component&#8221;:&#8221;hc_wp_editor&#8221;,&#8221;id&#8221;:&#8221;gE6EW&#8221;,&#8221;css_classes&#8221;:&#8221;&#8221;,&#8221;custom_css_classes&#8221;:&#8221;&#8221;,&#8221;custom_css_styles&#8221;:&#8221;&#8221;,&#8221;editor_content&#8221;:&#8221;Die neue Generation des Unternehmertums ist nicht mehr nur gewinnorientiert; sie wird durch Bedeutung, Werte, Nachhaltigkeit und sozialen Einfluss gepr\u00e4gt. Eine der bemerkenswertesten Akteurinnen in dieser Transformation sind die Unternehmerinnen. Sie glauben, dass Produktion nicht nur eine wirtschaftliche Aktivit\u00e4t ist, sondern eine Reise, die der Gesellschaft zugutekommt, und sie beweisen dies jeden Tag.\\n\\nIm Jahr 2024 hat der Anteil der Unternehmerinnen in der T\u00fcrkei 18,2% erreicht. Obwohl diese Zahl im Vergleich zu den Vorjahren gestiegen ist, bleibt sie noch unter ihrem Potenzial. Dennoch ist die Pr\u00e4senz von Unternehmerinnen nicht nur an den Zahlen erkennbar, sondern auch an ihrer transformativen Kraft. Beim Aufbau ihrer Unternehmen schaffen sie Arbeitspl\u00e4tze, leisten einen Beitrag zur Gesellschaft und integrieren die Priorit\u00e4ten der neuen Generation \u2013 wie Digitalisierung, soziale Wirkung und Umweltbewusstsein \u2013 in ihre Gesch\u00e4ftsmodelle.\\n\\nUnternehmerinnen sind nicht mehr auf gro\u00dfe St\u00e4dte beschr\u00e4nkt. Aus verschiedenen Ecken Anatoliens heraus schaffen sie einen breiten Einflussbereich, der von mikroskaligen Unternehmen bis hin zu globalen Marken reicht. Vom Marmeladenproduzenten \u00fcber Softwareexporte bis hin zu Textilien und nachhaltiger Architektur \u2013 die Bereiche, in denen Frauen t\u00e4tig sind, wachsen rasant.\\n\\nIm Jahr 2024 ist die Erwerbsquote von Frauen auf 36,8% gestiegen, und die Besch\u00e4ftigungsquote liegt bei 32,5%. Das Ziel des 12. Entwicklungsplans der T\u00fcrkei ist es, diese Raten bis 2028 auf 40,1% bzw. 36,2% zu steigern. Frauenunternehmertum k\u00f6nnte einer der st\u00e4rksten Motoren dieser Ziele sein.\\n\\nIm Jahr 2024 nahmen Unternehmerinnen Kredite in H\u00f6he von etwa 208 Milliarden TL auf. Dies ist ein bedeutender Hinweis auf das wachsende Interesse von Staat und Privatsektor an frauenorientierten Finanzierungsmodellen. Ein gro\u00dfer Teil dieser Kredite konzentriert sich jedoch immer noch auf mikroskalige Unternehmen. Die St\u00e4rkung von frauenorientierten Fonds in Risikokapital- und Business-Angel-Netzwerken wird das Wachstum von hochpotenziellen Gesch\u00e4ftsideen unterst\u00fctzen.\\n\\nDie F\u00f6rderung des Frauenunternehmertums beeinflusst nicht nur wirtschaftliche Kennzahlen, sondern wirkt sich auch direkt auf das gesellschaftliche Wohlergehen aus. In der T\u00fcrkei ist die Erwerbsquote von Frauen im Jahr 2024 auf 36,8% gestiegen, und die Besch\u00e4ftigungsquote liegt bei 32,5%. Der Anteil der Frauen im Unternehmertum hat 18,2% erreicht. Wenn diese Zahlen dem OECD-Durchschnitt n\u00e4her kommen, k\u00f6nnte dies der t\u00fcrkischen Wirtschaft bis 2028 nahezu 200 Milliarden USD zus\u00e4tzliches Wachstum bringen.\\n\\nDie wirtschaftliche St\u00e4rkung von Frauen spielt auch eine entscheidende Rolle beim Durchbrechen des Kreislaufs von Gewalt. Laut in der ersten Jahresh\u00e4lfte 2024 ver\u00f6ffentlichten Daten wurden 234 Frauen ermordet und 182 Frauen unter verd\u00e4chtigen Umst\u00e4nden get\u00f6tet. Der Gro\u00dfteil der gewaltsamen Frauenopfer ist von wirtschaftlicher Unabh\u00e4ngigkeit abgeschnitten.\\n\\nDiese Realit\u00e4t zeigt, dass wir Frauenunternehmertum nicht nur als wirtschaftliche L\u00f6sung, sondern auch als lebensrettende L\u00f6sung betrachten m\u00fcssen.\\n\\n&nbsp;\\n\\n<strong>Prognosen<\/strong>:\\n<\/p>\n<ul>\\n \\t<\/p>\n<li>Der Anteil von Unternehmerinnen k\u00f6nnte bis 2028 mehr als 25% betragen.<\/li>\n<p>\\n \\t<\/p>\n<li>Unterst\u00fctzungsprogramme f\u00fcr Unternehmertum werden die lokale Entwicklung f\u00f6rdern und die Besch\u00e4ftigung von Frauen steigern.<\/li>\n<p>\\n \\t<\/p>\n<li>Mit zunehmender Macht der Frauen kann ein R\u00fcckgang der h\u00e4uslichen Gewalt erzielt werden.<\/li>\n<p>\\n \\t<\/p>\n<li>Frauen als Vorbilder werden die Karrierewege junger M\u00e4dchen leiten und den gesellschaftlichen Wandel beschleunigen.<\/li>\n<p>\\n<\/ul>\n<p>\\nDie heutigen Unternehmerinnen priorisieren nicht nur den kommerziellen Erfolg, sondern auch den gesellschaftlichen Beitrag. Umweltbewusstsein, lokale Produktion, Frauenbesch\u00e4ftigung und soziale Verantwortung bilden jetzt das Fundament vieler Unternehmen von Frauen. Dies macht Unternehmertum nicht nur zu einem Beruf, sondern zu einer Form der Wertsch\u00f6pfung.\\n\\nMit dem Aufstieg des Frauenunternehmertums wird eine gerechtere, nachhaltigere und innovativere Wirtschaft m\u00f6glich. Das neue Gesicht des Unternehmertums, gef\u00fchrt von Frauen, ist stark, widerstandsf\u00e4hig und transformierend. Dieses Gesicht pr\u00e4gt nicht nur das Heute, sondern auch die Zukunft.&#8221;}]},{&#8220;component&#8221;:&#8221;hc_column&#8221;,&#8221;id&#8221;:&#8221;column_7aIP1&#8243;,&#8221;column_width&#8221;:&#8221;col-md-12&#8243;,&#8221;animation&#8221;:&#8221;&#8221;,&#8221;animation_time&#8221;:&#8221;&#8221;,&#8221;timeline_animation&#8221;:&#8221;&#8221;,&#8221;timeline_delay&#8221;:&#8221;&#8221;,&#8221;timeline_order&#8221;:&#8221;&#8221;,&#8221;css_classes&#8221;:&#8221;&#8221;,&#8221;custom_css_classes&#8221;:&#8221;socialbox&#8221;,&#8221;custom_css_styles&#8221;:&#8221;&#8221;,&#8221;main_content&#8221;:[{&#8220;component&#8221;:&#8221;hc_space&#8221;,&#8221;id&#8221;:&#8221;Hdg76&#8243;,&#8221;css_classes&#8221;:&#8221;&#8221;,&#8221;custom_css_classes&#8221;:&#8221;&#8221;,&#8221;custom_css_styles&#8221;:&#8221;&#8221;,&#8221;size&#8221;:&#8221;space-sm&#8221;,&#8221;height&#8221;:&#8221;&#8221;},{&#8220;component&#8221;:&#8221;hc_text_block&#8221;,&#8221;id&#8221;:&#8221;zmr0F&#8221;,&#8221;css_classes&#8221;:&#8221;&#8221;,&#8221;custom_css_classes&#8221;:&#8221;&#8221;,&#8221;custom_css_styles&#8221;:&#8221;&#8221;,&#8221;content&#8221;:&#8221;Teilen:&#8221;},{&#8220;component&#8221;:&#8221;hc_social_share_buttons&#8221;,&#8221;id&#8221;:&#8221;P7L30&#8243;,&#8221;css_classes&#8221;:&#8221;&#8221;,&#8221;custom_css_classes&#8221;:&#8221;&#8221;,&#8221;custom_css_styles&#8221;:&#8221;&#8221;,&#8221;style&#8221;:&#8221;icon-links-button&#8221;,&#8221;size&#8221;:&#8221;&#8221;,&#8221;alignment&#8221;:&#8221;&#8221;,&#8221;type&#8221;:&#8221;&#8221;,&#8221;social_colors&#8221;:true,&#8221;fb&#8221;:true,&#8221;fb_link&#8221;:&#8221;&#8221;,&#8221;tw&#8221;:true,&#8221;tw_link&#8221;:&#8221;&#8221;,&#8221;pi&#8221;:true,&#8221;pi_link&#8221;:&#8221;&#8221;,&#8221;li&#8221;:true,&#8221;li_link&#8221;:&#8221;&#8221;}]}],&#8221;section_settings&#8221;:&#8221;&#8221;},&#8221;section_dDpN7&#8243;:{&#8220;component&#8221;:&#8221;hc_section&#8221;,&#8221;id&#8221;:&#8221;section_dDpN7&#8243;,&#8221;section_width&#8221;:&#8221;&#8221;,&#8221;animation&#8221;:&#8221;&#8221;,&#8221;animation_time&#8221;:&#8221;&#8221;,&#8221;timeline_animation&#8221;:&#8221;&#8221;,&#8221;timeline_delay&#8221;:&#8221;&#8221;,&#8221;timeline_order&#8221;:&#8221;&#8221;,&#8221;vertical_row&#8221;:&#8221;&#8221;,&#8221;css_classes&#8221;:&#8221;section-color &#8220;,&#8221;custom_css_classes&#8221;:&#8221;&#8221;,&#8221;custom_css_styles&#8221;:&#8221;&#8221;,&#8221;section_content&#8221;:[{&#8220;component&#8221;:&#8221;hc_column&#8221;,&#8221;id&#8221;:&#8221;XLZ44&#8243;,&#8221;column_width&#8221;:&#8221;col-md-12&#8243;,&#8221;animation&#8221;:&#8221;&#8221;,&#8221;animation_time&#8221;:&#8221;&#8221;,&#8221;timeline_animation&#8221;:&#8221;&#8221;,&#8221;timeline_delay&#8221;:&#8221;&#8221;,&#8221;timeline_order&#8221;:&#8221;&#8221;,&#8221;css_classes&#8221;:&#8221;&#8221;,&#8221;custom_css_classes&#8221;:&#8221;&#8221;,&#8221;custom_css_styles&#8221;:&#8221;&#8221;,&#8221;main_content&#8221;:[{&#8220;component&#8221;:&#8221;hc_title_tag&#8221;,&#8221;id&#8221;:&#8221;4AoyD&#8221;,&#8221;css_classes&#8221;:&#8221;&#8221;,&#8221;custom_css_classes&#8221;:&#8221;&#8221;,&#8221;custom_css_styles&#8221;:&#8221;&#8221;,&#8221;text&#8221;:&#8221;In Verbindung stehende Artikel&#8221;,&#8221;tag&#8221;:&#8221;h2&#8243;},{&#8220;component&#8221;:&#8221;hc_space&#8221;,&#8221;id&#8221;:&#8221;TsAHd&#8221;,&#8221;css_classes&#8221;:&#8221;&#8221;,&#8221;custom_css_classes&#8221;:&#8221;&#8221;,&#8221;custom_css_styles&#8221;:&#8221;&#8221;,&#8221;size&#8221;:&#8221;space&#8221;,&#8221;height&#8221;:&#8221;&#8221;},{&#8220;component&#8221;:&#8221;hc_pt_grid_list&#8221;,&#8221;id&#8221;:&#8221;J9IEW&#8221;,&#8221;css_classes&#8221;:&#8221;&#8221;,&#8221;custom_css_classes&#8221;:&#8221;&#8221;,&#8221;custom_css_styles&#8221;:&#8221;&#8221;,&#8221;post_type_slug&#8221;:&#8221;post&#8221;,&#8221;post_type_category&#8221;:&#8221;&#8221;,&#8221;column&#8221;:&#8221;2&#8243;,&#8221;column_lg&#8221;:&#8221;2&#8243;,&#8221;column_md&#8221;:&#8221;2&#8243;,&#8221;column_sm&#8221;:&#8221;1&#8243;,&#8221;column_xs&#8221;:&#8221;1&#8243;,&#8221;margins&#8221;:&#8221;&#8221;,&#8221;pag_type&#8221;:&#8221;load_more&#8221;,&#8221;pag_items&#8221;:&#8221;2&#8243;,&#8221;pag_size&#8221;:&#8221;&#8221;,&#8221;pag_animation&#8221;:&#8221;fade-top&#8221;,&#8221;pag_scroll_top&#8221;:false,&#8221;pag_position&#8221;:&#8221;align-center&#8221;,&#8221;pag_button_prev&#8221;:&#8221;&#8221;,&#8221;pag_button_next&#8221;:&#8221;&#8221;,&#8221;lm_lazy&#8221;:false,&#8221;lm_button_text&#8221;:&#8221;Load More&#8221;,&#8221;box&#8221;:&#8221;blog_top&#8221;,&#8221;boxed&#8221;:true,&#8221;extra&#8221;:false,&#8221;content&#8221;:&#8221;&#8221;,&#8221;title_length&#8221;:&#8221;36&#8243;,&#8221;excerpt_length&#8221;:&#8221;75&#8243;,&#8221;title_size&#8221;:&#8221;text-md&#8221;,&#8221;custom_css&#8221;:&#8221;&#8221;,&#8221;button_text&#8221;:&#8221;&#8221;,&#8221;button_style&#8221;:&#8221;square&#8221;,&#8221;button_dimensions&#8221;:&#8221;btn-lg&#8221;,&#8221;button_animation&#8221;:false,&#8221;button_icon&#8221;:&#8221;&#8221;}]}],&#8221;section_settings&#8221;:&#8221;&#8221;},&#8221;scripts&#8221;:{&#8220;lightbox&#8221;:&#8221;magnific-popup.min.js&#8221;,&#8221;pagination&#8221;:&#8221;pagination.min.js&#8221;},&#8221;css&#8221;:{&#8220;lightbox&#8221;:&#8221;css\/magnific-popup.css&#8221;,&#8221;content_box&#8221;:&#8221;css\/content-box.css&#8221;,&#8221;media_box&#8221;:&#8221;css\/media-box.css&#8221;},&#8221;css_page&#8221;:&#8221;&#8221;,&#8221;template_setting&#8221;:{},&#8221;template_setting_top&#8221;:{},&#8221;page_setting&#8221;:{&#8220;settings&#8221;:[&#8220;lock-mode-off&#8221;]},&#8221;post_type_setting&#8221;:{&#8220;settings&#8221;:{&#8220;image&#8221;:&#8221;https:\/\/www.cigdemguven.com\/medias\/2025\/08\/cigdem-guven-kadin-girisimci.jpg|714|1024|3844&#8243;,&#8221;excerpt&#8221;:&#8221;Die neue Generation des Unternehmertums ist nicht mehr nur gewinnorientiert; sie wird durch Bedeutung, Werte, Nachhaltigkeit und sozialen Einfluss gepr\u00e4gt. Eine der bemerkenswertesten Akteurinnen in dieser Transformation sind die Unternehmerinnen. Sie glauben, dass Produktion nicht nur eine wirtschaftliche Aktivit\u00e4t ist, sondern eine Reise, die der Gesellschaft zugutekommt, und sie beweisen dies jeden Tag.&#8221;,&#8221;extra_1&#8243;:&#8221;Bloggen&#8221;,&#8221;extra_2&#8243;:&#8221;&#8221;,&#8221;icon&#8221;:{&#8220;icon&#8221;:&#8221;&#8221;,&#8221;icon_style&#8221;:&#8221;&#8221;,&#8221;icon_image&#8221;:&#8221;&#8221;}}}}<\/p>\n","protected":false},"excerpt":{"rendered":"<p>Die neue Generation des Unternehmertums ist nicht mehr nur gewinnorientiert; sie wird durch Bedeutung, Werte, Nachhaltigkeit und sozialen Einfluss gepr\u00e4gt. Eine der bemerkenswertesten Akteurinnen in dieser Transformation sind die Unternehmerinnen. Sie glauben, dass Produktion nicht nur eine wirtschaftliche Aktivit\u00e4t ist, sondern eine Reise, die der Gesellschaft zugutekommt, und sie beweisen dies jeden Tag.<\/p>\n","protected":false},"author":1,"featured_media":3844,"comment_status":"closed","ping_status":"open","sticky":false,"template":"","format":"standard","meta":{"footnotes":""},"categories":[45,41],"tags":[],"class_list":["post-3856","post","type-post","status-publish","format-standard","has-post-thumbnail","hentry","category-bloggen","category-unkategorisiert"],"yoast_head":"\n<title>Das Neue Gesicht des Unternehmertums: Frauen f\u00fchren den Wandel an | \u00c7i\u011fdem G\u00fcven Management Consulting &amp; Coaching &amp; Mentoring Services<\/title>\n<meta name=\"robots\" content=\"index, follow, max-snippet:-1, max-image-preview:large, max-video-preview:-1\" \/>\n<link rel=\"canonical\" href=\"https:\/\/www.cigdemguven.com\/de\/bloggen\/das-neue-gesicht-des-unternehmertums-frauen-fuehren-den-wandel-an\/\" \/>\n<meta property=\"og:locale\" content=\"de_DE\" \/>\n<meta property=\"og:type\" content=\"article\" \/>\n<meta property=\"og:title\" content=\"Das Neue Gesicht des Unternehmertums: Frauen f\u00fchren den Wandel an | \u00c7i\u011fdem G\u00fcven Management Consulting &amp; Coaching &amp; Mentoring Services\" \/>\n<meta property=\"og:description\" content=\"Die neue Generation des Unternehmertums ist nicht mehr nur gewinnorientiert; sie wird durch Bedeutung, Werte, Nachhaltigkeit und sozialen Einfluss gepr\u00e4gt. Eine der bemerkenswertesten Akteurinnen in dieser Transformation sind die Unternehmerinnen. Sie glauben, dass Produktion nicht nur eine wirtschaftliche Aktivit\u00e4t ist, sondern eine Reise, die der Gesellschaft zugutekommt, und sie beweisen dies jeden Tag.\" \/>\n<meta property=\"og:url\" content=\"https:\/\/www.cigdemguven.com\/de\/bloggen\/das-neue-gesicht-des-unternehmertums-frauen-fuehren-den-wandel-an\/\" \/>\n<meta property=\"og:site_name\" content=\"\u00c7i\u011fdem G\u00fcven Management Consulting &amp; Coaching &amp; Mentoring Services\" \/>\n<meta property=\"article:publisher\" content=\"https:\/\/www.facebook.com\/cigdemguvendanisman\" \/>\n<meta property=\"article:published_time\" content=\"2025-06-05T08:59:06+00:00\" \/>\n<meta property=\"article:modified_time\" content=\"2025-08-22T09:36:11+00:00\" \/>\n<meta property=\"og:image\" content=\"https:\/\/www.cigdemguven.com\/medias\/2025\/08\/cigdem-guven-kadin-girisimci.jpg\" \/>\n\t<meta property=\"og:image:width\" content=\"1024\" \/>\n\t<meta property=\"og:image:height\" content=\"714\" \/>\n\t<meta property=\"og:image:type\" content=\"image\/jpeg\" \/>\n<meta name=\"author\" content=\"\u00c7i\u011fdem G\u00fcven\" \/>\n<meta name=\"twitter:card\" content=\"summary_large_image\" \/>\n<meta name=\"twitter:creator\" content=\"@cigdemguvencom\" \/>\n<meta name=\"twitter:site\" content=\"@cigdemguvencom\" \/>\n<meta name=\"twitter:label1\" content=\"Verfasst von\" \/>\n\t<meta name=\"twitter:data1\" content=\"\u00c7i\u011fdem G\u00fcven\" \/>\n\t<meta name=\"twitter:label2\" content=\"Gesch\u00e4tzte Lesezeit\" \/>\n\t<meta name=\"twitter:data2\" content=\"6\u00a0Minuten\" \/>\n<script type=\"application\/ld+json\" class=\"yoast-schema-graph\">{\"@context\":\"https:\/\/schema.org\",\"@graph\":[{\"@type\":\"Article\",\"@id\":\"https:\/\/www.cigdemguven.com\/de\/bloggen\/das-neue-gesicht-des-unternehmertums-frauen-fuehren-den-wandel-an\/#article\",\"isPartOf\":{\"@id\":\"https:\/\/www.cigdemguven.com\/de\/bloggen\/das-neue-gesicht-des-unternehmertums-frauen-fuehren-den-wandel-an\/\"},\"author\":{\"name\":\"\u00c7i\u011fdem G\u00fcven\",\"@id\":\"https:\/\/www.cigdemguven.com\/de\/#\/schema\/person\/abd506d3b37ae4dd04e7393ca6ac5921\"},\"headline\":\"Das Neue Gesicht des Unternehmertums: Frauen f\u00fchren den Wandel an\",\"datePublished\":\"2025-06-05T08:59:06+00:00\",\"dateModified\":\"2025-08-22T09:36:11+00:00\",\"mainEntityOfPage\":{\"@id\":\"https:\/\/www.cigdemguven.com\/de\/bloggen\/das-neue-gesicht-des-unternehmertums-frauen-fuehren-den-wandel-an\/\"},\"wordCount\":1282,\"publisher\":{\"@id\":\"https:\/\/www.cigdemguven.com\/de\/#organization\"},\"articleSection\":[\"Bloggen\",\"Unkategorisiert\"],\"inLanguage\":\"de\"},{\"@type\":\"WebPage\",\"@id\":\"https:\/\/www.cigdemguven.com\/de\/bloggen\/das-neue-gesicht-des-unternehmertums-frauen-fuehren-den-wandel-an\/\",\"url\":\"https:\/\/www.cigdemguven.com\/de\/bloggen\/das-neue-gesicht-des-unternehmertums-frauen-fuehren-den-wandel-an\/\",\"name\":\"Das Neue Gesicht des Unternehmertums: Frauen f\u00fchren den Wandel an | \u00c7i\u011fdem G\u00fcven Management Consulting &amp; Coaching &amp; Mentoring Services\",\"isPartOf\":{\"@id\":\"https:\/\/www.cigdemguven.com\/de\/#website\"},\"datePublished\":\"2025-06-05T08:59:06+00:00\",\"dateModified\":\"2025-08-22T09:36:11+00:00\",\"breadcrumb\":{\"@id\":\"https:\/\/www.cigdemguven.com\/de\/bloggen\/das-neue-gesicht-des-unternehmertums-frauen-fuehren-den-wandel-an\/#breadcrumb\"},\"inLanguage\":\"de\",\"potentialAction\":[{\"@type\":\"ReadAction\",\"target\":[\"https:\/\/www.cigdemguven.com\/de\/bloggen\/das-neue-gesicht-des-unternehmertums-frauen-fuehren-den-wandel-an\/\"]}]},{\"@type\":\"BreadcrumbList\",\"@id\":\"https:\/\/www.cigdemguven.com\/de\/bloggen\/das-neue-gesicht-des-unternehmertums-frauen-fuehren-den-wandel-an\/#breadcrumb\",\"itemListElement\":[{\"@type\":\"ListItem\",\"position\":1,\"name\":\"Home\",\"item\":\"https:\/\/www.cigdemguven.com\/de\/\"},{\"@type\":\"ListItem\",\"position\":2,\"name\":\"Das Neue Gesicht des Unternehmertums: Frauen f\u00fchren den Wandel an\"}]},{\"@type\":\"WebSite\",\"@id\":\"https:\/\/www.cigdemguven.com\/de\/#website\",\"url\":\"https:\/\/www.cigdemguven.com\/de\/\",\"name\":\"\u00c7i\u011fdem G\u00fcven Management Consulting &amp; Coaching &amp; Mentoring Services\",\"description\":\"Management Consulting &amp; Coaching &amp; Mentoring Services\",\"publisher\":{\"@id\":\"https:\/\/www.cigdemguven.com\/de\/#organization\"},\"potentialAction\":[{\"@type\":\"SearchAction\",\"target\":{\"@type\":\"EntryPoint\",\"urlTemplate\":\"https:\/\/www.cigdemguven.com\/de\/?s={search_term_string}\"},\"query-input\":\"required name=search_term_string\"}],\"inLanguage\":\"de\"},{\"@type\":\"Organization\",\"@id\":\"https:\/\/www.cigdemguven.com\/de\/#organization\",\"name\":\"\u00c7i\u011fdem G\u00fcven Management Consulting & Coaching & Mentoring Services\",\"url\":\"https:\/\/www.cigdemguven.com\/de\/\",\"logo\":{\"@type\":\"ImageObject\",\"inLanguage\":\"de\",\"@id\":\"https:\/\/www.cigdemguven.com\/de\/#\/schema\/logo\/image\/\",\"url\":\"https:\/\/www.cigdemguven.com\/medias\/2021\/12\/cigdem-guven-logo.svg\",\"contentUrl\":\"https:\/\/www.cigdemguven.com\/medias\/2021\/12\/cigdem-guven-logo.svg\",\"width\":1,\"height\":1,\"caption\":\"\u00c7i\u011fdem G\u00fcven Management Consulting & Coaching & Mentoring Services\"},\"image\":{\"@id\":\"https:\/\/www.cigdemguven.com\/de\/#\/schema\/logo\/image\/\"},\"sameAs\":[\"https:\/\/www.facebook.com\/cigdemguvendanisman\",\"https:\/\/twitter.com\/cigdemguvencom\",\"https:\/\/www.instagram.com\/cigdemguvendanismanlik\/\",\"https:\/\/www.linkedin.com\/in\/cigdemguvendanismanlik\/\"]},{\"@type\":\"Person\",\"@id\":\"https:\/\/www.cigdemguven.com\/de\/#\/schema\/person\/abd506d3b37ae4dd04e7393ca6ac5921\",\"name\":\"\u00c7i\u011fdem G\u00fcven\",\"sameAs\":[\"https:\/\/www.cigdemguven.com\"],\"url\":\"https:\/\/www.cigdemguven.com\/de\/author\/cigdemguven\/\"}]}<\/script>\n","yoast_head_json":{"title":"Das Neue Gesicht des Unternehmertums: Frauen f\u00fchren den Wandel an | \u00c7i\u011fdem G\u00fcven Management Consulting &amp; Coaching &amp; Mentoring Services","robots":{"index":"index","follow":"follow","max-snippet":"max-snippet:-1","max-image-preview":"max-image-preview:large","max-video-preview":"max-video-preview:-1"},"canonical":"https:\/\/www.cigdemguven.com\/de\/bloggen\/das-neue-gesicht-des-unternehmertums-frauen-fuehren-den-wandel-an\/","og_locale":"de_DE","og_type":"article","og_title":"Das Neue Gesicht des Unternehmertums: Frauen f\u00fchren den Wandel an | \u00c7i\u011fdem G\u00fcven Management Consulting &amp; Coaching &amp; Mentoring Services","og_description":"Die neue Generation des Unternehmertums ist nicht mehr nur gewinnorientiert; sie wird durch Bedeutung, Werte, Nachhaltigkeit und sozialen Einfluss gepr\u00e4gt. Eine der bemerkenswertesten Akteurinnen in dieser Transformation sind die Unternehmerinnen. Sie glauben, dass Produktion nicht nur eine wirtschaftliche Aktivit\u00e4t ist, sondern eine Reise, die der Gesellschaft zugutekommt, und sie beweisen dies jeden Tag.","og_url":"https:\/\/www.cigdemguven.com\/de\/bloggen\/das-neue-gesicht-des-unternehmertums-frauen-fuehren-den-wandel-an\/","og_site_name":"\u00c7i\u011fdem G\u00fcven Management Consulting &amp; Coaching &amp; Mentoring Services","article_publisher":"https:\/\/www.facebook.com\/cigdemguvendanisman","article_published_time":"2025-06-05T08:59:06+00:00","article_modified_time":"2025-08-22T09:36:11+00:00","og_image":[{"width":1024,"height":714,"url":"https:\/\/www.cigdemguven.com\/medias\/2025\/08\/cigdem-guven-kadin-girisimci.jpg","type":"image\/jpeg"}],"author":"\u00c7i\u011fdem G\u00fcven","twitter_card":"summary_large_image","twitter_creator":"@cigdemguvencom","twitter_site":"@cigdemguvencom","twitter_misc":{"Verfasst von":"\u00c7i\u011fdem G\u00fcven","Gesch\u00e4tzte Lesezeit":"6\u00a0Minuten"},"schema":{"@context":"https:\/\/schema.org","@graph":[{"@type":"Article","@id":"https:\/\/www.cigdemguven.com\/de\/bloggen\/das-neue-gesicht-des-unternehmertums-frauen-fuehren-den-wandel-an\/#article","isPartOf":{"@id":"https:\/\/www.cigdemguven.com\/de\/bloggen\/das-neue-gesicht-des-unternehmertums-frauen-fuehren-den-wandel-an\/"},"author":{"name":"\u00c7i\u011fdem G\u00fcven","@id":"https:\/\/www.cigdemguven.com\/de\/#\/schema\/person\/abd506d3b37ae4dd04e7393ca6ac5921"},"headline":"Das Neue Gesicht des Unternehmertums: Frauen f\u00fchren den Wandel an","datePublished":"2025-06-05T08:59:06+00:00","dateModified":"2025-08-22T09:36:11+00:00","mainEntityOfPage":{"@id":"https:\/\/www.cigdemguven.com\/de\/bloggen\/das-neue-gesicht-des-unternehmertums-frauen-fuehren-den-wandel-an\/"},"wordCount":1282,"publisher":{"@id":"https:\/\/www.cigdemguven.com\/de\/#organization"},"articleSection":["Bloggen","Unkategorisiert"],"inLanguage":"de"},{"@type":"WebPage","@id":"https:\/\/www.cigdemguven.com\/de\/bloggen\/das-neue-gesicht-des-unternehmertums-frauen-fuehren-den-wandel-an\/","url":"https:\/\/www.cigdemguven.com\/de\/bloggen\/das-neue-gesicht-des-unternehmertums-frauen-fuehren-den-wandel-an\/","name":"Das Neue Gesicht des Unternehmertums: Frauen f\u00fchren den Wandel an | \u00c7i\u011fdem G\u00fcven Management Consulting &amp; Coaching &amp; Mentoring Services","isPartOf":{"@id":"https:\/\/www.cigdemguven.com\/de\/#website"},"datePublished":"2025-06-05T08:59:06+00:00","dateModified":"2025-08-22T09:36:11+00:00","breadcrumb":{"@id":"https:\/\/www.cigdemguven.com\/de\/bloggen\/das-neue-gesicht-des-unternehmertums-frauen-fuehren-den-wandel-an\/#breadcrumb"},"inLanguage":"de","potentialAction":[{"@type":"ReadAction","target":["https:\/\/www.cigdemguven.com\/de\/bloggen\/das-neue-gesicht-des-unternehmertums-frauen-fuehren-den-wandel-an\/"]}]},{"@type":"BreadcrumbList","@id":"https:\/\/www.cigdemguven.com\/de\/bloggen\/das-neue-gesicht-des-unternehmertums-frauen-fuehren-den-wandel-an\/#breadcrumb","itemListElement":[{"@type":"ListItem","position":1,"name":"Home","item":"https:\/\/www.cigdemguven.com\/de\/"},{"@type":"ListItem","position":2,"name":"Das Neue Gesicht des Unternehmertums: Frauen f\u00fchren den Wandel an"}]},{"@type":"WebSite","@id":"https:\/\/www.cigdemguven.com\/de\/#website","url":"https:\/\/www.cigdemguven.com\/de\/","name":"\u00c7i\u011fdem G\u00fcven Management Consulting &amp; Coaching &amp; Mentoring Services","description":"Management Consulting &amp; Coaching &amp; Mentoring Services","publisher":{"@id":"https:\/\/www.cigdemguven.com\/de\/#organization"},"potentialAction":[{"@type":"SearchAction","target":{"@type":"EntryPoint","urlTemplate":"https:\/\/www.cigdemguven.com\/de\/?s={search_term_string}"},"query-input":"required name=search_term_string"}],"inLanguage":"de"},{"@type":"Organization","@id":"https:\/\/www.cigdemguven.com\/de\/#organization","name":"\u00c7i\u011fdem G\u00fcven Management Consulting & Coaching & Mentoring Services","url":"https:\/\/www.cigdemguven.com\/de\/","logo":{"@type":"ImageObject","inLanguage":"de","@id":"https:\/\/www.cigdemguven.com\/de\/#\/schema\/logo\/image\/","url":"https:\/\/www.cigdemguven.com\/medias\/2021\/12\/cigdem-guven-logo.svg","contentUrl":"https:\/\/www.cigdemguven.com\/medias\/2021\/12\/cigdem-guven-logo.svg","width":1,"height":1,"caption":"\u00c7i\u011fdem G\u00fcven Management Consulting & Coaching & Mentoring Services"},"image":{"@id":"https:\/\/www.cigdemguven.com\/de\/#\/schema\/logo\/image\/"},"sameAs":["https:\/\/www.facebook.com\/cigdemguvendanisman","https:\/\/twitter.com\/cigdemguvencom","https:\/\/www.instagram.com\/cigdemguvendanismanlik\/","https:\/\/www.linkedin.com\/in\/cigdemguvendanismanlik\/"]},{"@type":"Person","@id":"https:\/\/www.cigdemguven.com\/de\/#\/schema\/person\/abd506d3b37ae4dd04e7393ca6ac5921","name":"\u00c7i\u011fdem G\u00fcven","sameAs":["https:\/\/www.cigdemguven.com"],"url":"https:\/\/www.cigdemguven.com\/de\/author\/cigdemguven\/"}]}},"_links":{"self":[{"href":"https:\/\/www.cigdemguven.com\/de\/wp-json\/wp\/v2\/posts\/3856","targetHints":{"allow":["GET"]}}],"collection":[{"href":"https:\/\/www.cigdemguven.com\/de\/wp-json\/wp\/v2\/posts"}],"about":[{"href":"https:\/\/www.cigdemguven.com\/de\/wp-json\/wp\/v2\/types\/post"}],"author":[{"embeddable":true,"href":"https:\/\/www.cigdemguven.com\/de\/wp-json\/wp\/v2\/users\/1"}],"replies":[{"embeddable":true,"href":"https:\/\/www.cigdemguven.com\/de\/wp-json\/wp\/v2\/comments?post=3856"}],"version-history":[{"count":2,"href":"https:\/\/www.cigdemguven.com\/de\/wp-json\/wp\/v2\/posts\/3856\/revisions"}],"predecessor-version":[{"id":3858,"href":"https:\/\/www.cigdemguven.com\/de\/wp-json\/wp\/v2\/posts\/3856\/revisions\/3858"}],"wp:featuredmedia":[{"embeddable":true,"href":"https:\/\/www.cigdemguven.com\/de\/wp-json\/wp\/v2\/media\/3844"}],"wp:attachment":[{"href":"https:\/\/www.cigdemguven.com\/de\/wp-json\/wp\/v2\/media?parent=3856"}],"wp:term":[{"taxonomy":"category","embeddable":true,"href":"https:\/\/www.cigdemguven.com\/de\/wp-json\/wp\/v2\/categories?post=3856"},{"taxonomy":"post_tag","embeddable":true,"href":"https:\/\/www.cigdemguven.com\/de\/wp-json\/wp\/v2\/tags?post=3856"}],"curies":[{"name":"wp","href":"https:\/\/api.w.org\/{rel}","templated":true}]}}