{"id":3618,"date":"2024-03-24T15:40:32","date_gmt":"2024-03-24T12:40:32","guid":{"rendered":"https:\/\/www.cigdemguven.com\/unkategorisiert\/leadership-in-the-digital-age-a-new-roadmap\/"},"modified":"2024-03-24T15:51:07","modified_gmt":"2024-03-24T12:51:07","slug":"fuehrung-im-digitalen-zeitalter-ein-neuer-fahrplan","status":"publish","type":"post","link":"https:\/\/www.cigdemguven.com\/de\/bloggen\/fuehrung-im-digitalen-zeitalter-ein-neuer-fahrplan\/","title":{"rendered":"F\u00fchrung im digitalen Zeitalter: Ein neuer Fahrplan"},"content":{"rendered":"<p>{&#8220;main-title&#8221;:{&#8220;component&#8221;:&#8221;hc_title&#8221;,&#8221;id&#8221;:&#8221;main-title&#8221;,&#8221;title&#8221;:&#8221;&#8221;,&#8221;subtitle&#8221;:&#8221;&#8221;,&#8221;title_content&#8221;:{&#8220;component&#8221;:&#8221;hc_title_empty&#8221;,&#8221;id&#8221;:&#8221;title-empty&#8221;}},&#8221;section_QvNqz&#8221;:{&#8220;component&#8221;:&#8221;hc_section&#8221;,&#8221;id&#8221;:&#8221;section_QvNqz&#8221;,&#8221;section_width&#8221;:&#8221;&#8221;,&#8221;animation&#8221;:&#8221;&#8221;,&#8221;animation_time&#8221;:&#8221;&#8221;,&#8221;timeline_animation&#8221;:&#8221;&#8221;,&#8221;timeline_delay&#8221;:&#8221;&#8221;,&#8221;timeline_order&#8221;:&#8221;&#8221;,&#8221;vertical_row&#8221;:&#8221;&#8221;,&#8221;css_classes&#8221;:&#8221;section-color no-padding-bottom no-padding-top &#8220;,&#8221;custom_css_classes&#8221;:&#8221;containerblog&#8221;,&#8221;custom_css_styles&#8221;:&#8221;&#8221;,&#8221;section_content&#8221;:[{&#8220;component&#8221;:&#8221;hc_column&#8221;,&#8221;id&#8221;:&#8221;P1FCZ&#8221;,&#8221;column_width&#8221;:&#8221;col-md-12&#8243;,&#8221;animation&#8221;:&#8221;&#8221;,&#8221;animation_time&#8221;:&#8221;&#8221;,&#8221;timeline_animation&#8221;:&#8221;&#8221;,&#8221;timeline_delay&#8221;:&#8221;&#8221;,&#8221;timeline_order&#8221;:&#8221;&#8221;,&#8221;css_classes&#8221;:&#8221;boxed-area align-items-center &#8220;,&#8221;custom_css_classes&#8221;:&#8221;&#8221;,&#8221;custom_css_styles&#8221;:&#8221;&#8221;,&#8221;main_content&#8221;:[{&#8220;component&#8221;:&#8221;hc_title_tag&#8221;,&#8221;id&#8221;:&#8221;5ZtkF&#8221;,&#8221;css_classes&#8221;:&#8221;&#8221;,&#8221;custom_css_classes&#8221;:&#8221;&#8221;,&#8221;custom_css_styles&#8221;:&#8221;&#8221;,&#8221;text&#8221;:&#8221;F\u00fchrung im digitalen Zeitalter: Ein neuer Fahrplan&#8221;,&#8221;tag&#8221;:&#8221;h1&#8243;},{&#8220;component&#8221;:&#8221;hc_image_box&#8221;,&#8221;id&#8221;:&#8221;P92Nk&#8221;,&#8221;css_classes&#8221;:&#8221;&#8221;,&#8221;custom_css_classes&#8221;:&#8221;&#8221;,&#8221;custom_css_styles&#8221;:&#8221;&#8221;,&#8221;image&#8221;:&#8221;https:\/\/www.cigdemguven.com\/medias\/2024\/03\/cigdem-guven-digital-leadership-1024&#215;714.jpg|753|1080|3608&#8243;,&#8221;link_type&#8221;:&#8221;lightbox&#8221;,&#8221;lightbox_animation&#8221;:&#8221;&#8221;,&#8221;caption&#8221;:&#8221;F\u00fchrung im digitalen Zeitalter: Ein neuer Fahrplan&#8221;,&#8221;inner_caption&#8221;:false,&#8221;new_window&#8221;:false,&#8221;link&#8221;:&#8221;https:\/\/www.cigdemguven.com\/medias\/2024\/03\/cigdem-guven-digital-leadership-1024&#215;714.jpg&#8221;,&#8221;link_content&#8221;:[],&#8221;lightbox_size&#8221;:&#8221;&#8221;,&#8221;scrollbox&#8221;:false,&#8221;icon&#8221;:&#8221;&#8221;,&#8221;image_animation&#8221;:&#8221;&#8221;,&#8221;icon_animation&#8221;:&#8221;&#8221;,&#8221;thumb_size&#8221;:&#8221;full&#8221;,&#8221;icon_hidden&#8221;:true,&#8221;caption_img_box&#8221;:&#8221;&#8221;,&#8221;alt&#8221;:&#8221;&#8221;}]}],&#8221;section_settings&#8221;:&#8221;&#8221;},&#8221;section_aSGAU&#8221;:{&#8220;component&#8221;:&#8221;hc_section&#8221;,&#8221;id&#8221;:&#8221;section_aSGAU&#8221;,&#8221;section_width&#8221;:&#8221;&#8221;,&#8221;animation&#8221;:&#8221;&#8221;,&#8221;animation_time&#8221;:&#8221;&#8221;,&#8221;timeline_animation&#8221;:&#8221;&#8221;,&#8221;timeline_delay&#8221;:&#8221;&#8221;,&#8221;timeline_order&#8221;:&#8221;&#8221;,&#8221;vertical_row&#8221;:&#8221;&#8221;,&#8221;css_classes&#8221;:&#8221;no-padding-bottom no-padding-top &#8220;,&#8221;custom_css_classes&#8221;:&#8221;blogtext&#8221;,&#8221;custom_css_styles&#8221;:&#8221;&#8221;,&#8221;section_content&#8221;:[{&#8220;component&#8221;:&#8221;hc_column&#8221;,&#8221;id&#8221;:&#8221;column_0qrhK&#8221;,&#8221;column_width&#8221;:&#8221;col-md-12&#8243;,&#8221;animation&#8221;:&#8221;&#8221;,&#8221;animation_time&#8221;:&#8221;&#8221;,&#8221;timeline_animation&#8221;:&#8221;&#8221;,&#8221;timeline_delay&#8221;:&#8221;&#8221;,&#8221;timeline_order&#8221;:&#8221;&#8221;,&#8221;css_classes&#8221;:&#8221;&#8221;,&#8221;custom_css_classes&#8221;:&#8221;&#8221;,&#8221;custom_css_styles&#8221;:&#8221;&#8221;,&#8221;main_content&#8221;:[{&#8220;component&#8221;:&#8221;hc_wp_editor&#8221;,&#8221;id&#8221;:&#8221;gE6EW&#8221;,&#8221;css_classes&#8221;:&#8221;&#8221;,&#8221;custom_css_classes&#8221;:&#8221;&#8221;,&#8221;custom_css_styles&#8221;:&#8221;&#8221;,&#8221;editor_content&#8221;:&#8221;Das digitale Zeitalter ist nicht nur eine Periode rasanter technologischer Fortschritte, sondern auch eine Zeit, in der sich das Konzept der F\u00fchrung grundlegend wandelt. Heutzutage stellen der leichte Zugang zu Informationen, grundlegende Ver\u00e4nderungen in der Kommunikation, Transformationen in Bildung, Gesundheit und der Gesch\u00e4ftswelt neue Herausforderungen und M\u00f6glichkeiten f\u00fcr F\u00fchrungskr\u00e4fte dar.\\n\\nUnternehmen und Organisationen gestalten ihre Gesch\u00e4ftsmodelle, Betriebsprozesse und Unternehmenskulturen durch digitale Technologien neu. Diese Transformation schafft M\u00f6glichkeiten, die Effizienz zu steigern, das Kundenerlebnis zu verbessern und innovative Produkte und Dienstleistungen anzubieten. Die F\u00fchrung im digitalen Zeitalter wird jedoch komplexer und dynamischer. F\u00fchrungskr\u00e4fte m\u00fcssen mit neuen technologischen und Markttrends Schritt halten und die F\u00e4higkeit besitzen, diese Innovationen in strategische Vorteile umzuwandeln.\\n\\nDigitale F\u00fchrung beinhaltet nicht nur technologische F\u00e4higkeiten, sondern auch Eigenschaften wie Aufgeschlossenheit, innovatives Denken, F\u00f6rderung von Teamarbeit und Zusammenarbeit sowie Unterst\u00fctzung kontinuierlichen Lernens und der Entwicklung. Diese Qualit\u00e4ten treten unweigerlich in den Vordergrund f\u00fcr eine erfolgreiche F\u00fchrung im digitalen Zeitalter.\\n\\nHerausforderungen existieren sicherlich. Informations\u00fcberflutung, Cybersicherheitsbedrohungen und schneller Wandel geh\u00f6ren zu den Hauptproblemen, die das digitale Zeitalter mit sich bringt. Um diese Herausforderungen anzugehen, m\u00fcssen F\u00fchrungskr\u00e4fte proaktive und strategische Ans\u00e4tze entwickeln. Beispielsweise sollten sie, um der Informations\u00fcberflutung entgegenzuwirken, kritisches Denken und Datenanalysef\u00e4higkeiten verbessern und sich zur Bew\u00e4ltigung von Cybersicherheitsbedrohungen mit starken Sicherheitsrichtlinien und Schulungen ausr\u00fcsten.\\n\\nF\u00fchrung im digitalen Zeitalter erfordert die Umarmung kontinuierlichen Lernens, Innovation und den Einsatz von technologiezentrierten Menschen. F\u00fchrungskr\u00e4fte m\u00fcssen technologische Fortschritte genau verfolgen, diese Informationen effektiv in strategische Entscheidungsprozesse integrieren und ihre Teams um diese neuen Werkzeuge mobilisieren.\\n\\nAbschlie\u00dfend ist die F\u00fchrung im digitalen Zeitalter nicht auf Gesch\u00e4ft und Technologie beschr\u00e4nkt. Emotionale Intelligenz, die Verbindung mit Menschen, ethisches Arbeiten, die Verwaltung von Vielfalt unabh\u00e4ngig vom Geschlecht und das gemeinsame Vorantreiben der Welt sind Verantwortlichkeiten digitaler F\u00fchrungskr\u00e4fte. Digitale F\u00fchrer \u00fcbernehmen auch die Pflicht, die Nachhaltigkeit des Lebens um uns herum zu gew\u00e4hrleisten und benachteiligte Gruppen in das Leben einzubeziehen.\\n\\nDie digitale Transformation ist nicht nur ein technologischer Wechsel, sondern auch eine Reise, die die T\u00fcr zu neuen Errungenschaften \u00f6ffnet. Jede Herausforderung auf dieser Reise als einen Schritt in Richtung Zukunft zu sehen, gewinnt uns nicht nur die Gegenwart, sondern auch unsere Zukunft.&#8221;}]},{&#8220;component&#8221;:&#8221;hc_column&#8221;,&#8221;id&#8221;:&#8221;column_7aIP1&#8243;,&#8221;column_width&#8221;:&#8221;col-md-12&#8243;,&#8221;animation&#8221;:&#8221;&#8221;,&#8221;animation_time&#8221;:&#8221;&#8221;,&#8221;timeline_animation&#8221;:&#8221;&#8221;,&#8221;timeline_delay&#8221;:&#8221;&#8221;,&#8221;timeline_order&#8221;:&#8221;&#8221;,&#8221;css_classes&#8221;:&#8221;&#8221;,&#8221;custom_css_classes&#8221;:&#8221;socialbox&#8221;,&#8221;custom_css_styles&#8221;:&#8221;&#8221;,&#8221;main_content&#8221;:[{&#8220;component&#8221;:&#8221;hc_space&#8221;,&#8221;id&#8221;:&#8221;Hdg76&#8243;,&#8221;css_classes&#8221;:&#8221;&#8221;,&#8221;custom_css_classes&#8221;:&#8221;&#8221;,&#8221;custom_css_styles&#8221;:&#8221;&#8221;,&#8221;size&#8221;:&#8221;space-sm&#8221;,&#8221;height&#8221;:&#8221;&#8221;},{&#8220;component&#8221;:&#8221;hc_text_block&#8221;,&#8221;id&#8221;:&#8221;zmr0F&#8221;,&#8221;css_classes&#8221;:&#8221;&#8221;,&#8221;custom_css_classes&#8221;:&#8221;&#8221;,&#8221;custom_css_styles&#8221;:&#8221;&#8221;,&#8221;content&#8221;:&#8221;Teilen:&#8221;},{&#8220;component&#8221;:&#8221;hc_social_share_buttons&#8221;,&#8221;id&#8221;:&#8221;P7L30&#8243;,&#8221;css_classes&#8221;:&#8221;&#8221;,&#8221;custom_css_classes&#8221;:&#8221;&#8221;,&#8221;custom_css_styles&#8221;:&#8221;&#8221;,&#8221;style&#8221;:&#8221;icon-links-button&#8221;,&#8221;size&#8221;:&#8221;&#8221;,&#8221;alignment&#8221;:&#8221;&#8221;,&#8221;type&#8221;:&#8221;&#8221;,&#8221;social_colors&#8221;:true,&#8221;fb&#8221;:true,&#8221;fb_link&#8221;:&#8221;&#8221;,&#8221;tw&#8221;:true,&#8221;tw_link&#8221;:&#8221;&#8221;,&#8221;pi&#8221;:true,&#8221;pi_link&#8221;:&#8221;&#8221;,&#8221;li&#8221;:true,&#8221;li_link&#8221;:&#8221;&#8221;}]}],&#8221;section_settings&#8221;:&#8221;&#8221;},&#8221;section_dDpN7&#8243;:{&#8220;component&#8221;:&#8221;hc_section&#8221;,&#8221;id&#8221;:&#8221;section_dDpN7&#8243;,&#8221;section_width&#8221;:&#8221;&#8221;,&#8221;animation&#8221;:&#8221;&#8221;,&#8221;animation_time&#8221;:&#8221;&#8221;,&#8221;timeline_animation&#8221;:&#8221;&#8221;,&#8221;timeline_delay&#8221;:&#8221;&#8221;,&#8221;timeline_order&#8221;:&#8221;&#8221;,&#8221;vertical_row&#8221;:&#8221;&#8221;,&#8221;css_classes&#8221;:&#8221;section-color &#8220;,&#8221;custom_css_classes&#8221;:&#8221;&#8221;,&#8221;custom_css_styles&#8221;:&#8221;&#8221;,&#8221;section_content&#8221;:[{&#8220;component&#8221;:&#8221;hc_column&#8221;,&#8221;id&#8221;:&#8221;XLZ44&#8243;,&#8221;column_width&#8221;:&#8221;col-md-12&#8243;,&#8221;animation&#8221;:&#8221;&#8221;,&#8221;animation_time&#8221;:&#8221;&#8221;,&#8221;timeline_animation&#8221;:&#8221;&#8221;,&#8221;timeline_delay&#8221;:&#8221;&#8221;,&#8221;timeline_order&#8221;:&#8221;&#8221;,&#8221;css_classes&#8221;:&#8221;&#8221;,&#8221;custom_css_classes&#8221;:&#8221;&#8221;,&#8221;custom_css_styles&#8221;:&#8221;&#8221;,&#8221;main_content&#8221;:[{&#8220;component&#8221;:&#8221;hc_title_tag&#8221;,&#8221;id&#8221;:&#8221;4AoyD&#8221;,&#8221;css_classes&#8221;:&#8221;&#8221;,&#8221;custom_css_classes&#8221;:&#8221;&#8221;,&#8221;custom_css_styles&#8221;:&#8221;&#8221;,&#8221;text&#8221;:&#8221;In Verbindung stehende Artikel&#8221;,&#8221;tag&#8221;:&#8221;h2&#8243;},{&#8220;component&#8221;:&#8221;hc_space&#8221;,&#8221;id&#8221;:&#8221;TsAHd&#8221;,&#8221;css_classes&#8221;:&#8221;&#8221;,&#8221;custom_css_classes&#8221;:&#8221;&#8221;,&#8221;custom_css_styles&#8221;:&#8221;&#8221;,&#8221;size&#8221;:&#8221;space&#8221;,&#8221;height&#8221;:&#8221;&#8221;},{&#8220;component&#8221;:&#8221;hc_pt_grid_list&#8221;,&#8221;id&#8221;:&#8221;J9IEW&#8221;,&#8221;css_classes&#8221;:&#8221;&#8221;,&#8221;custom_css_classes&#8221;:&#8221;&#8221;,&#8221;custom_css_styles&#8221;:&#8221;&#8221;,&#8221;post_type_slug&#8221;:&#8221;post&#8221;,&#8221;post_type_category&#8221;:&#8221;&#8221;,&#8221;column&#8221;:&#8221;2&#8243;,&#8221;column_lg&#8221;:&#8221;2&#8243;,&#8221;column_md&#8221;:&#8221;2&#8243;,&#8221;column_sm&#8221;:&#8221;1&#8243;,&#8221;column_xs&#8221;:&#8221;1&#8243;,&#8221;margins&#8221;:&#8221;&#8221;,&#8221;pag_type&#8221;:&#8221;load_more&#8221;,&#8221;pag_items&#8221;:&#8221;2&#8243;,&#8221;pag_size&#8221;:&#8221;&#8221;,&#8221;pag_animation&#8221;:&#8221;fade-top&#8221;,&#8221;pag_scroll_top&#8221;:false,&#8221;pag_position&#8221;:&#8221;align-center&#8221;,&#8221;pag_button_prev&#8221;:&#8221;&#8221;,&#8221;pag_button_next&#8221;:&#8221;&#8221;,&#8221;lm_lazy&#8221;:false,&#8221;lm_button_text&#8221;:&#8221;Load More&#8221;,&#8221;box&#8221;:&#8221;blog_top&#8221;,&#8221;boxed&#8221;:true,&#8221;extra&#8221;:false,&#8221;content&#8221;:&#8221;&#8221;,&#8221;title_length&#8221;:&#8221;36&#8243;,&#8221;excerpt_length&#8221;:&#8221;75&#8243;,&#8221;title_size&#8221;:&#8221;text-md&#8221;,&#8221;custom_css&#8221;:&#8221;&#8221;,&#8221;button_text&#8221;:&#8221;&#8221;,&#8221;button_style&#8221;:&#8221;square&#8221;,&#8221;button_dimensions&#8221;:&#8221;btn-lg&#8221;,&#8221;button_animation&#8221;:false,&#8221;button_icon&#8221;:&#8221;&#8221;}]}],&#8221;section_settings&#8221;:&#8221;&#8221;},&#8221;scripts&#8221;:{&#8220;lightbox&#8221;:&#8221;magnific-popup.min.js&#8221;,&#8221;pagination&#8221;:&#8221;pagination.min.js&#8221;},&#8221;css&#8221;:{&#8220;lightbox&#8221;:&#8221;css\/magnific-popup.css&#8221;,&#8221;content_box&#8221;:&#8221;css\/content-box.css&#8221;,&#8221;media_box&#8221;:&#8221;css\/media-box.css&#8221;},&#8221;css_page&#8221;:&#8221;&#8221;,&#8221;template_setting&#8221;:{},&#8221;template_setting_top&#8221;:{},&#8221;page_setting&#8221;:{&#8220;settings&#8221;:[&#8220;lock-mode-off&#8221;]},&#8221;post_type_setting&#8221;:{&#8220;settings&#8221;:{&#8220;image&#8221;:&#8221;https:\/\/www.cigdemguven.com\/medias\/2024\/03\/cigdem-guven-digital-leadership-1024&#215;714.jpg|753|1080|3608&#8243;,&#8221;excerpt&#8221;:&#8221;Das digitale Zeitalter ist nicht nur eine Periode rasanter technologischer Fortschritte, sondern auch eine Zeit, in der sich das Konzept der F\u00fchrung grundlegend wandelt. Heutzutage stellen der leichte Zugang zu Informationen, grundlegende Ver\u00e4nderungen in der Kommunikation, Transformationen in Bildung, Gesundheit und der Gesch\u00e4ftswelt neue Herausforderungen und M\u00f6glichkeiten f\u00fcr F\u00fchrungskr\u00e4fte dar.&#8221;,&#8221;extra_1&#8243;:&#8221;Bloggen&#8221;,&#8221;extra_2&#8243;:&#8221;&#8221;,&#8221;icon&#8221;:{&#8220;icon&#8221;:&#8221;&#8221;,&#8221;icon_style&#8221;:&#8221;&#8221;,&#8221;icon_image&#8221;:&#8221;&#8221;}}}}<\/p>\n","protected":false},"excerpt":{"rendered":"<p>Das digitale Zeitalter ist nicht nur eine Periode rasanter technologischer Fortschritte, sondern auch eine Zeit, in der sich das Konzept der F\u00fchrung grundlegend wandelt. Heutzutage stellen der leichte Zugang zu Informationen, grundlegende Ver\u00e4nderungen in der Kommunikation, Transformationen in Bildung, Gesundheit und der Gesch\u00e4ftswelt neue Herausforderungen und M\u00f6glichkeiten f\u00fcr F\u00fchrungskr\u00e4fte dar.<\/p>\n","protected":false},"author":1,"featured_media":3608,"comment_status":"closed","ping_status":"open","sticky":false,"template":"","format":"standard","meta":{"footnotes":""},"categories":[45,41],"tags":[],"class_list":["post-3618","post","type-post","status-publish","format-standard","has-post-thumbnail","hentry","category-bloggen","category-unkategorisiert"],"yoast_head":"\n<title>F\u00fchrung im digitalen Zeitalter: Ein neuer Fahrplan | \u00c7i\u011fdem G\u00fcven Management Consulting &amp; Coaching &amp; Mentoring Services<\/title>\n<meta name=\"robots\" content=\"index, follow, max-snippet:-1, max-image-preview:large, max-video-preview:-1\" \/>\n<link rel=\"canonical\" href=\"https:\/\/www.cigdemguven.com\/de\/bloggen\/fuehrung-im-digitalen-zeitalter-ein-neuer-fahrplan\/\" \/>\n<meta property=\"og:locale\" content=\"de_DE\" \/>\n<meta property=\"og:type\" content=\"article\" \/>\n<meta property=\"og:title\" content=\"F\u00fchrung im digitalen Zeitalter: Ein neuer Fahrplan | \u00c7i\u011fdem G\u00fcven Management Consulting &amp; Coaching &amp; Mentoring Services\" \/>\n<meta property=\"og:description\" content=\"Das digitale Zeitalter ist nicht nur eine Periode rasanter technologischer Fortschritte, sondern auch eine Zeit, in der sich das Konzept der F\u00fchrung grundlegend wandelt. Heutzutage stellen der leichte Zugang zu Informationen, grundlegende Ver\u00e4nderungen in der Kommunikation, Transformationen in Bildung, Gesundheit und der Gesch\u00e4ftswelt neue Herausforderungen und M\u00f6glichkeiten f\u00fcr F\u00fchrungskr\u00e4fte dar.\" \/>\n<meta property=\"og:url\" content=\"https:\/\/www.cigdemguven.com\/de\/bloggen\/fuehrung-im-digitalen-zeitalter-ein-neuer-fahrplan\/\" \/>\n<meta property=\"og:site_name\" content=\"\u00c7i\u011fdem G\u00fcven Management Consulting &amp; Coaching &amp; Mentoring Services\" \/>\n<meta property=\"article:publisher\" content=\"https:\/\/www.facebook.com\/cigdemguvendanisman\" \/>\n<meta property=\"article:published_time\" content=\"2024-03-24T12:40:32+00:00\" \/>\n<meta property=\"article:modified_time\" content=\"2024-03-24T12:51:07+00:00\" \/>\n<meta property=\"og:image\" content=\"https:\/\/www.cigdemguven.com\/medias\/2024\/03\/cigdem-guven-digital-leadership.jpg\" \/>\n\t<meta property=\"og:image:width\" content=\"1080\" \/>\n\t<meta property=\"og:image:height\" content=\"753\" \/>\n\t<meta property=\"og:image:type\" content=\"image\/jpeg\" \/>\n<meta name=\"author\" content=\"\u00c7i\u011fdem G\u00fcven\" \/>\n<meta name=\"twitter:card\" content=\"summary_large_image\" \/>\n<meta name=\"twitter:creator\" content=\"@cigdemguvencom\" \/>\n<meta name=\"twitter:site\" content=\"@cigdemguvencom\" \/>\n<meta name=\"twitter:label1\" content=\"Verfasst von\" \/>\n\t<meta name=\"twitter:data1\" content=\"\u00c7i\u011fdem G\u00fcven\" \/>\n\t<meta name=\"twitter:label2\" content=\"Gesch\u00e4tzte Lesezeit\" \/>\n\t<meta name=\"twitter:data2\" content=\"5\u00a0Minuten\" \/>\n<script type=\"application\/ld+json\" class=\"yoast-schema-graph\">{\"@context\":\"https:\/\/schema.org\",\"@graph\":[{\"@type\":\"Article\",\"@id\":\"https:\/\/www.cigdemguven.com\/de\/bloggen\/fuehrung-im-digitalen-zeitalter-ein-neuer-fahrplan\/#article\",\"isPartOf\":{\"@id\":\"https:\/\/www.cigdemguven.com\/de\/bloggen\/fuehrung-im-digitalen-zeitalter-ein-neuer-fahrplan\/\"},\"author\":{\"name\":\"\u00c7i\u011fdem G\u00fcven\",\"@id\":\"https:\/\/www.cigdemguven.com\/de\/#\/schema\/person\/abd506d3b37ae4dd04e7393ca6ac5921\"},\"headline\":\"F\u00fchrung im digitalen Zeitalter: Ein neuer Fahrplan\",\"datePublished\":\"2024-03-24T12:40:32+00:00\",\"dateModified\":\"2024-03-24T12:51:07+00:00\",\"mainEntityOfPage\":{\"@id\":\"https:\/\/www.cigdemguven.com\/de\/bloggen\/fuehrung-im-digitalen-zeitalter-ein-neuer-fahrplan\/\"},\"wordCount\":1079,\"publisher\":{\"@id\":\"https:\/\/www.cigdemguven.com\/de\/#organization\"},\"articleSection\":[\"Bloggen\",\"Unkategorisiert\"],\"inLanguage\":\"de\"},{\"@type\":\"WebPage\",\"@id\":\"https:\/\/www.cigdemguven.com\/de\/bloggen\/fuehrung-im-digitalen-zeitalter-ein-neuer-fahrplan\/\",\"url\":\"https:\/\/www.cigdemguven.com\/de\/bloggen\/fuehrung-im-digitalen-zeitalter-ein-neuer-fahrplan\/\",\"name\":\"F\u00fchrung im digitalen Zeitalter: Ein neuer Fahrplan | \u00c7i\u011fdem G\u00fcven Management Consulting &amp; Coaching &amp; Mentoring Services\",\"isPartOf\":{\"@id\":\"https:\/\/www.cigdemguven.com\/de\/#website\"},\"datePublished\":\"2024-03-24T12:40:32+00:00\",\"dateModified\":\"2024-03-24T12:51:07+00:00\",\"breadcrumb\":{\"@id\":\"https:\/\/www.cigdemguven.com\/de\/bloggen\/fuehrung-im-digitalen-zeitalter-ein-neuer-fahrplan\/#breadcrumb\"},\"inLanguage\":\"de\",\"potentialAction\":[{\"@type\":\"ReadAction\",\"target\":[\"https:\/\/www.cigdemguven.com\/de\/bloggen\/fuehrung-im-digitalen-zeitalter-ein-neuer-fahrplan\/\"]}]},{\"@type\":\"BreadcrumbList\",\"@id\":\"https:\/\/www.cigdemguven.com\/de\/bloggen\/fuehrung-im-digitalen-zeitalter-ein-neuer-fahrplan\/#breadcrumb\",\"itemListElement\":[{\"@type\":\"ListItem\",\"position\":1,\"name\":\"Home\",\"item\":\"https:\/\/www.cigdemguven.com\/de\/\"},{\"@type\":\"ListItem\",\"position\":2,\"name\":\"F\u00fchrung im digitalen Zeitalter: Ein neuer Fahrplan\"}]},{\"@type\":\"WebSite\",\"@id\":\"https:\/\/www.cigdemguven.com\/de\/#website\",\"url\":\"https:\/\/www.cigdemguven.com\/de\/\",\"name\":\"\u00c7i\u011fdem G\u00fcven Management Consulting &amp; Coaching &amp; Mentoring Services\",\"description\":\"Management Consulting &amp; Coaching &amp; Mentoring Services\",\"publisher\":{\"@id\":\"https:\/\/www.cigdemguven.com\/de\/#organization\"},\"potentialAction\":[{\"@type\":\"SearchAction\",\"target\":{\"@type\":\"EntryPoint\",\"urlTemplate\":\"https:\/\/www.cigdemguven.com\/de\/?s={search_term_string}\"},\"query-input\":\"required name=search_term_string\"}],\"inLanguage\":\"de\"},{\"@type\":\"Organization\",\"@id\":\"https:\/\/www.cigdemguven.com\/de\/#organization\",\"name\":\"\u00c7i\u011fdem G\u00fcven Management Consulting & Coaching & Mentoring Services\",\"url\":\"https:\/\/www.cigdemguven.com\/de\/\",\"logo\":{\"@type\":\"ImageObject\",\"inLanguage\":\"de\",\"@id\":\"https:\/\/www.cigdemguven.com\/de\/#\/schema\/logo\/image\/\",\"url\":\"https:\/\/www.cigdemguven.com\/medias\/2021\/12\/cigdem-guven-logo.svg\",\"contentUrl\":\"https:\/\/www.cigdemguven.com\/medias\/2021\/12\/cigdem-guven-logo.svg\",\"width\":1,\"height\":1,\"caption\":\"\u00c7i\u011fdem G\u00fcven Management Consulting & Coaching & Mentoring Services\"},\"image\":{\"@id\":\"https:\/\/www.cigdemguven.com\/de\/#\/schema\/logo\/image\/\"},\"sameAs\":[\"https:\/\/www.facebook.com\/cigdemguvendanisman\",\"https:\/\/twitter.com\/cigdemguvencom\",\"https:\/\/www.instagram.com\/cigdemguvendanismanlik\/\",\"https:\/\/www.linkedin.com\/in\/cigdemguvendanismanlik\/\"]},{\"@type\":\"Person\",\"@id\":\"https:\/\/www.cigdemguven.com\/de\/#\/schema\/person\/abd506d3b37ae4dd04e7393ca6ac5921\",\"name\":\"\u00c7i\u011fdem G\u00fcven\",\"sameAs\":[\"https:\/\/www.cigdemguven.com\"],\"url\":\"https:\/\/www.cigdemguven.com\/de\/author\/cigdemguven\/\"}]}<\/script>\n","yoast_head_json":{"title":"F\u00fchrung im digitalen Zeitalter: Ein neuer Fahrplan | \u00c7i\u011fdem G\u00fcven Management Consulting &amp; Coaching &amp; Mentoring Services","robots":{"index":"index","follow":"follow","max-snippet":"max-snippet:-1","max-image-preview":"max-image-preview:large","max-video-preview":"max-video-preview:-1"},"canonical":"https:\/\/www.cigdemguven.com\/de\/bloggen\/fuehrung-im-digitalen-zeitalter-ein-neuer-fahrplan\/","og_locale":"de_DE","og_type":"article","og_title":"F\u00fchrung im digitalen Zeitalter: Ein neuer Fahrplan | \u00c7i\u011fdem G\u00fcven Management Consulting &amp; Coaching &amp; Mentoring Services","og_description":"Das digitale Zeitalter ist nicht nur eine Periode rasanter technologischer Fortschritte, sondern auch eine Zeit, in der sich das Konzept der F\u00fchrung grundlegend wandelt. Heutzutage stellen der leichte Zugang zu Informationen, grundlegende Ver\u00e4nderungen in der Kommunikation, Transformationen in Bildung, Gesundheit und der Gesch\u00e4ftswelt neue Herausforderungen und M\u00f6glichkeiten f\u00fcr F\u00fchrungskr\u00e4fte dar.","og_url":"https:\/\/www.cigdemguven.com\/de\/bloggen\/fuehrung-im-digitalen-zeitalter-ein-neuer-fahrplan\/","og_site_name":"\u00c7i\u011fdem G\u00fcven Management Consulting &amp; Coaching &amp; Mentoring Services","article_publisher":"https:\/\/www.facebook.com\/cigdemguvendanisman","article_published_time":"2024-03-24T12:40:32+00:00","article_modified_time":"2024-03-24T12:51:07+00:00","og_image":[{"width":1080,"height":753,"url":"https:\/\/www.cigdemguven.com\/medias\/2024\/03\/cigdem-guven-digital-leadership.jpg","type":"image\/jpeg"}],"author":"\u00c7i\u011fdem G\u00fcven","twitter_card":"summary_large_image","twitter_creator":"@cigdemguvencom","twitter_site":"@cigdemguvencom","twitter_misc":{"Verfasst von":"\u00c7i\u011fdem G\u00fcven","Gesch\u00e4tzte Lesezeit":"5\u00a0Minuten"},"schema":{"@context":"https:\/\/schema.org","@graph":[{"@type":"Article","@id":"https:\/\/www.cigdemguven.com\/de\/bloggen\/fuehrung-im-digitalen-zeitalter-ein-neuer-fahrplan\/#article","isPartOf":{"@id":"https:\/\/www.cigdemguven.com\/de\/bloggen\/fuehrung-im-digitalen-zeitalter-ein-neuer-fahrplan\/"},"author":{"name":"\u00c7i\u011fdem G\u00fcven","@id":"https:\/\/www.cigdemguven.com\/de\/#\/schema\/person\/abd506d3b37ae4dd04e7393ca6ac5921"},"headline":"F\u00fchrung im digitalen Zeitalter: Ein neuer Fahrplan","datePublished":"2024-03-24T12:40:32+00:00","dateModified":"2024-03-24T12:51:07+00:00","mainEntityOfPage":{"@id":"https:\/\/www.cigdemguven.com\/de\/bloggen\/fuehrung-im-digitalen-zeitalter-ein-neuer-fahrplan\/"},"wordCount":1079,"publisher":{"@id":"https:\/\/www.cigdemguven.com\/de\/#organization"},"articleSection":["Bloggen","Unkategorisiert"],"inLanguage":"de"},{"@type":"WebPage","@id":"https:\/\/www.cigdemguven.com\/de\/bloggen\/fuehrung-im-digitalen-zeitalter-ein-neuer-fahrplan\/","url":"https:\/\/www.cigdemguven.com\/de\/bloggen\/fuehrung-im-digitalen-zeitalter-ein-neuer-fahrplan\/","name":"F\u00fchrung im digitalen Zeitalter: Ein neuer Fahrplan | \u00c7i\u011fdem G\u00fcven Management Consulting &amp; Coaching &amp; Mentoring Services","isPartOf":{"@id":"https:\/\/www.cigdemguven.com\/de\/#website"},"datePublished":"2024-03-24T12:40:32+00:00","dateModified":"2024-03-24T12:51:07+00:00","breadcrumb":{"@id":"https:\/\/www.cigdemguven.com\/de\/bloggen\/fuehrung-im-digitalen-zeitalter-ein-neuer-fahrplan\/#breadcrumb"},"inLanguage":"de","potentialAction":[{"@type":"ReadAction","target":["https:\/\/www.cigdemguven.com\/de\/bloggen\/fuehrung-im-digitalen-zeitalter-ein-neuer-fahrplan\/"]}]},{"@type":"BreadcrumbList","@id":"https:\/\/www.cigdemguven.com\/de\/bloggen\/fuehrung-im-digitalen-zeitalter-ein-neuer-fahrplan\/#breadcrumb","itemListElement":[{"@type":"ListItem","position":1,"name":"Home","item":"https:\/\/www.cigdemguven.com\/de\/"},{"@type":"ListItem","position":2,"name":"F\u00fchrung im digitalen Zeitalter: Ein neuer Fahrplan"}]},{"@type":"WebSite","@id":"https:\/\/www.cigdemguven.com\/de\/#website","url":"https:\/\/www.cigdemguven.com\/de\/","name":"\u00c7i\u011fdem G\u00fcven Management Consulting &amp; Coaching &amp; Mentoring Services","description":"Management Consulting &amp; Coaching &amp; Mentoring Services","publisher":{"@id":"https:\/\/www.cigdemguven.com\/de\/#organization"},"potentialAction":[{"@type":"SearchAction","target":{"@type":"EntryPoint","urlTemplate":"https:\/\/www.cigdemguven.com\/de\/?s={search_term_string}"},"query-input":"required name=search_term_string"}],"inLanguage":"de"},{"@type":"Organization","@id":"https:\/\/www.cigdemguven.com\/de\/#organization","name":"\u00c7i\u011fdem G\u00fcven Management Consulting & Coaching & Mentoring Services","url":"https:\/\/www.cigdemguven.com\/de\/","logo":{"@type":"ImageObject","inLanguage":"de","@id":"https:\/\/www.cigdemguven.com\/de\/#\/schema\/logo\/image\/","url":"https:\/\/www.cigdemguven.com\/medias\/2021\/12\/cigdem-guven-logo.svg","contentUrl":"https:\/\/www.cigdemguven.com\/medias\/2021\/12\/cigdem-guven-logo.svg","width":1,"height":1,"caption":"\u00c7i\u011fdem G\u00fcven Management Consulting & Coaching & Mentoring Services"},"image":{"@id":"https:\/\/www.cigdemguven.com\/de\/#\/schema\/logo\/image\/"},"sameAs":["https:\/\/www.facebook.com\/cigdemguvendanisman","https:\/\/twitter.com\/cigdemguvencom","https:\/\/www.instagram.com\/cigdemguvendanismanlik\/","https:\/\/www.linkedin.com\/in\/cigdemguvendanismanlik\/"]},{"@type":"Person","@id":"https:\/\/www.cigdemguven.com\/de\/#\/schema\/person\/abd506d3b37ae4dd04e7393ca6ac5921","name":"\u00c7i\u011fdem G\u00fcven","sameAs":["https:\/\/www.cigdemguven.com"],"url":"https:\/\/www.cigdemguven.com\/de\/author\/cigdemguven\/"}]}},"_links":{"self":[{"href":"https:\/\/www.cigdemguven.com\/de\/wp-json\/wp\/v2\/posts\/3618","targetHints":{"allow":["GET"]}}],"collection":[{"href":"https:\/\/www.cigdemguven.com\/de\/wp-json\/wp\/v2\/posts"}],"about":[{"href":"https:\/\/www.cigdemguven.com\/de\/wp-json\/wp\/v2\/types\/post"}],"author":[{"embeddable":true,"href":"https:\/\/www.cigdemguven.com\/de\/wp-json\/wp\/v2\/users\/1"}],"replies":[{"embeddable":true,"href":"https:\/\/www.cigdemguven.com\/de\/wp-json\/wp\/v2\/comments?post=3618"}],"version-history":[{"count":2,"href":"https:\/\/www.cigdemguven.com\/de\/wp-json\/wp\/v2\/posts\/3618\/revisions"}],"predecessor-version":[{"id":3620,"href":"https:\/\/www.cigdemguven.com\/de\/wp-json\/wp\/v2\/posts\/3618\/revisions\/3620"}],"wp:featuredmedia":[{"embeddable":true,"href":"https:\/\/www.cigdemguven.com\/de\/wp-json\/wp\/v2\/media\/3608"}],"wp:attachment":[{"href":"https:\/\/www.cigdemguven.com\/de\/wp-json\/wp\/v2\/media?parent=3618"}],"wp:term":[{"taxonomy":"category","embeddable":true,"href":"https:\/\/www.cigdemguven.com\/de\/wp-json\/wp\/v2\/categories?post=3618"},{"taxonomy":"post_tag","embeddable":true,"href":"https:\/\/www.cigdemguven.com\/de\/wp-json\/wp\/v2\/tags?post=3618"}],"curies":[{"name":"wp","href":"https:\/\/api.w.org\/{rel}","templated":true}]}}